{"id":2065,"date":"2024-04-22T12:12:54","date_gmt":"2024-04-22T15:12:54","guid":{"rendered":"https:\/\/soldadoadrianojose.com.br\/?p=2065"},"modified":"2024-04-22T12:12:55","modified_gmt":"2024-04-22T15:12:55","slug":"grupo-gralha-azul-recebe-homenagem-do-deputado-adriano-jose","status":"publish","type":"post","link":"https:\/\/soldadoadrianojose.com.br\/index.php\/2024\/04\/22\/grupo-gralha-azul-recebe-homenagem-do-deputado-adriano-jose\/","title":{"rendered":"Grupo Gralha Azul Recebe Homenagem do deputado Adriano Jos\u00e9"},"content":{"rendered":"\n<p>O Grupo Gralha Azul, de Paranava\u00ed, recebeu uma merecida homenagem do deputado Adriano Jos\u00e9, em reconhecimento aos seus 50 anos de hist\u00f3ria e contribui\u00e7\u00e3o \u00e0 cultura paranaense. A entrega da men\u00e7\u00e3o honrosa foi um momento de celebra\u00e7\u00e3o e reconhecimento do trabalho art\u00edstico e cultural excepcional realizado pelos integrantes do grupo.<\/p>\n\n\n\n<p>A trajet\u00f3ria do Grupo Gralha Azul teve in\u00edcio no movimento cultural que se desenvolveu em Paranava\u00ed no final da d\u00e9cada de 60, a partir do Teatro Estudantil de Paranava\u00ed, TEP, fundado pelo professor Huany Fran\u00e7a. Com o lan\u00e7amento da pe\u00e7a &#8220;Morte e Vida Severina&#8221; e a realiza\u00e7\u00e3o do Festival de M\u00fasica, Contos e Poesias de Paranava\u00ed, Femup, o embri\u00e3o do grupo musical foi formado por talentosos integrantes como Paulo Cesar de Oliveira, Dorival Ferreira Torrente, Jos\u00e9 Carlos dos Santos (Z\u00e9 Camb\u00e9) e Val\u00e9sio Willemann, entre outros.<\/p>\n\n\n\n<p>A inspira\u00e7\u00e3o e saudade da terra natal levaram Paulo C\u00e9sar de Oliveira, conhecido como PC, a compor m\u00fasicas como &#8220;Saudade da Gralha Azul&#8221;, que deu nome ao grupo, e outras can\u00e7\u00f5es que marcaram a identidade regionalista do Grupo Gralha Azul.<\/p>\n\n\n\n<p>Desde a primeira mostra musical em 1977, com o show &#8220;Canto da Terra&#8221;, no Cine Paranava\u00ed, o Grupo conquistou reconhecimento participando de festivais de m\u00fasica e realizando shows em diversas cidades, inclusive em eventos nacionais.<\/p>\n\n\n\n<p>Com a grava\u00e7\u00e3o de v\u00e1rios \u00e1lbuns e participa\u00e7\u00f5es em projetos musicais pelo Brasil, o Grupo Gralha Azul se destacou pela autenticidade de suas composi\u00e7\u00f5es, todas de autoria de compositores de Paranava\u00ed. A dedica\u00e7\u00e3o e paix\u00e3o pela m\u00fasica e pela cultura paranaense fizeram do Grupo uma refer\u00eancia art\u00edstica reconhecida, inclusive internacionalmente, com a distribui\u00e7\u00e3o de CDs na Fran\u00e7a e participa\u00e7\u00f5es em eventos culturais pelo pa\u00eds.<\/p>\n","protected":false},"excerpt":{"rendered":"<p>O Grupo Gralha Azul, de Paranava\u00ed, recebeu uma merecida homenagem do deputado Adriano Jos\u00e9, em reconhecimento aos seus 50 anos de hist\u00f3ria e contribui\u00e7\u00e3o \u00e0 cultura paranaense. A entrega da men\u00e7\u00e3o honrosa foi um momento de celebra\u00e7\u00e3o e reconhecimento do trabalho art\u00edstico e cultural excepcional realizado pelos integrantes do grupo. A trajet\u00f3ria do Grupo Gralha [&hellip;]<\/p>\n","protected":false},"author":1,"featured_media":2066,"comment_status":"open","ping_status":"open","sticky":false,"template":"","format":"standard","meta":{"footnotes":""},"categories":[75],"tags":[],"class_list":["post-2065","post","type-post","status-publish","format-standard","has-post-thumbnail","hentry","category-paranavai"],"yoast_head":"<!-- This site is optimized with the Yoast SEO plugin v27.4 - https:\/\/yoast.com\/product\/yoast-seo-wordpress\/ -->\n<title>Grupo Gralha Azul Recebe Homenagem do deputado Adriano Jos\u00e9 - Deputado Adriano Jos\u00e9<\/title>\n<meta name=\"robots\" content=\"index, follow, max-snippet:-1, max-image-preview:large, max-video-preview:-1\" \/>\n<link rel=\"canonical\" href=\"https:\/\/soldadoadrianojose.com.br\/index.php\/2024\/04\/22\/grupo-gralha-azul-recebe-homenagem-do-deputado-adriano-jose\/\" \/>\n<meta property=\"og:locale\" content=\"pt_BR\" \/>\n<meta property=\"og:type\" content=\"article\" \/>\n<meta property=\"og:title\" content=\"Grupo Gralha Azul Recebe Homenagem do deputado Adriano Jos\u00e9 - Deputado Adriano Jos\u00e9\" \/>\n<meta property=\"og:description\" content=\"O Grupo Gralha Azul, de Paranava\u00ed, recebeu uma merecida homenagem do deputado Adriano Jos\u00e9, em reconhecimento aos seus 50 anos de hist\u00f3ria e contribui\u00e7\u00e3o \u00e0 cultura paranaense. A entrega da men\u00e7\u00e3o honrosa foi um momento de celebra\u00e7\u00e3o e reconhecimento do trabalho art\u00edstico e cultural excepcional realizado pelos integrantes do grupo. A trajet\u00f3ria do Grupo Gralha [&hellip;]\" \/>\n<meta property=\"og:url\" content=\"https:\/\/soldadoadrianojose.com.br\/index.php\/2024\/04\/22\/grupo-gralha-azul-recebe-homenagem-do-deputado-adriano-jose\/\" \/>\n<meta property=\"og:site_name\" content=\"Deputado Adriano Jos\u00e9\" \/>\n<meta property=\"article:published_time\" content=\"2024-04-22T15:12:54+00:00\" \/>\n<meta property=\"article:modified_time\" content=\"2024-04-22T15:12:55+00:00\" \/>\n<meta property=\"og:image\" content=\"https:\/\/soldadoadrianojose.com.br\/wp-content\/uploads\/2024\/04\/WhatsApp-Image-2024-04-18-at-10.20.03.jpeg\" \/>\n\t<meta property=\"og:image:width\" content=\"1600\" \/>\n\t<meta property=\"og:image:height\" content=\"1067\" \/>\n\t<meta property=\"og:image:type\" content=\"image\/jpeg\" \/>\n<meta name=\"author\" content=\"soldadoadrianojose\" \/>\n<meta name=\"twitter:card\" content=\"summary_large_image\" \/>\n<meta name=\"twitter:label1\" content=\"Escrito por\" \/>\n\t<meta name=\"twitter:data1\" content=\"soldadoadrianojose\" \/>\n\t<meta name=\"twitter:label2\" content=\"Est. tempo de leitura\" \/>\n\t<meta name=\"twitter:data2\" content=\"2 minutos\" \/>\n<script type=\"application\/ld+json\" class=\"yoast-schema-graph\">{\"@context\":\"https:\\\/\\\/schema.org\",\"@graph\":[{\"@type\":\"Article\",\"@id\":\"https:\\\/\\\/soldadoadrianojose.com.br\\\/index.php\\\/2024\\\/04\\\/22\\\/grupo-gralha-azul-recebe-homenagem-do-deputado-adriano-jose\\\/#article\",\"isPartOf\":{\"@id\":\"https:\\\/\\\/soldadoadrianojose.com.br\\\/index.php\\\/2024\\\/04\\\/22\\\/grupo-gralha-azul-recebe-homenagem-do-deputado-adriano-jose\\\/\"},\"author\":{\"name\":\"soldadoadrianojose\",\"@id\":\"https:\\\/\\\/soldadoadrianojose.com.br\\\/#\\\/schema\\\/person\\\/16f8e8defb7a4bd6c6082efcd1bdb6bb\"},\"headline\":\"Grupo Gralha Azul Recebe Homenagem do deputado Adriano Jos\u00e9\",\"datePublished\":\"2024-04-22T15:12:54+00:00\",\"dateModified\":\"2024-04-22T15:12:55+00:00\",\"mainEntityOfPage\":{\"@id\":\"https:\\\/\\\/soldadoadrianojose.com.br\\\/index.php\\\/2024\\\/04\\\/22\\\/grupo-gralha-azul-recebe-homenagem-do-deputado-adriano-jose\\\/\"},\"wordCount\":313,\"commentCount\":0,\"publisher\":{\"@id\":\"https:\\\/\\\/soldadoadrianojose.com.br\\\/#\\\/schema\\\/person\\\/16f8e8defb7a4bd6c6082efcd1bdb6bb\"},\"image\":{\"@id\":\"https:\\\/\\\/soldadoadrianojose.com.br\\\/index.php\\\/2024\\\/04\\\/22\\\/grupo-gralha-azul-recebe-homenagem-do-deputado-adriano-jose\\\/#primaryimage\"},\"thumbnailUrl\":\"https:\\\/\\\/soldadoadrianojose.com.br\\\/wp-content\\\/uploads\\\/2024\\\/04\\\/WhatsApp-Image-2024-04-18-at-10.20.03.jpeg\",\"articleSection\":[\"PARANAVAI\"],\"inLanguage\":\"pt-BR\",\"potentialAction\":[{\"@type\":\"CommentAction\",\"name\":\"Comment\",\"target\":[\"https:\\\/\\\/soldadoadrianojose.com.br\\\/index.php\\\/2024\\\/04\\\/22\\\/grupo-gralha-azul-recebe-homenagem-do-deputado-adriano-jose\\\/#respond\"]}]},{\"@type\":\"WebPage\",\"@id\":\"https:\\\/\\\/soldadoadrianojose.com.br\\\/index.php\\\/2024\\\/04\\\/22\\\/grupo-gralha-azul-recebe-homenagem-do-deputado-adriano-jose\\\/\",\"url\":\"https:\\\/\\\/soldadoadrianojose.com.br\\\/index.php\\\/2024\\\/04\\\/22\\\/grupo-gralha-azul-recebe-homenagem-do-deputado-adriano-jose\\\/\",\"name\":\"Grupo Gralha Azul Recebe Homenagem do deputado Adriano Jos\u00e9 - Deputado Adriano Jos\u00e9\",\"isPartOf\":{\"@id\":\"https:\\\/\\\/soldadoadrianojose.com.br\\\/#website\"},\"primaryImageOfPage\":{\"@id\":\"https:\\\/\\\/soldadoadrianojose.com.br\\\/index.php\\\/2024\\\/04\\\/22\\\/grupo-gralha-azul-recebe-homenagem-do-deputado-adriano-jose\\\/#primaryimage\"},\"image\":{\"@id\":\"https:\\\/\\\/soldadoadrianojose.com.br\\\/index.php\\\/2024\\\/04\\\/22\\\/grupo-gralha-azul-recebe-homenagem-do-deputado-adriano-jose\\\/#primaryimage\"},\"thumbnailUrl\":\"https:\\\/\\\/soldadoadrianojose.com.br\\\/wp-content\\\/uploads\\\/2024\\\/04\\\/WhatsApp-Image-2024-04-18-at-10.20.03.jpeg\",\"datePublished\":\"2024-04-22T15:12:54+00:00\",\"dateModified\":\"2024-04-22T15:12:55+00:00\",\"breadcrumb\":{\"@id\":\"https:\\\/\\\/soldadoadrianojose.com.br\\\/index.php\\\/2024\\\/04\\\/22\\\/grupo-gralha-azul-recebe-homenagem-do-deputado-adriano-jose\\\/#breadcrumb\"},\"inLanguage\":\"pt-BR\",\"potentialAction\":[{\"@type\":\"ReadAction\",\"target\":[\"https:\\\/\\\/soldadoadrianojose.com.br\\\/index.php\\\/2024\\\/04\\\/22\\\/grupo-gralha-azul-recebe-homenagem-do-deputado-adriano-jose\\\/\"]}]},{\"@type\":\"ImageObject\",\"inLanguage\":\"pt-BR\",\"@id\":\"https:\\\/\\\/soldadoadrianojose.com.br\\\/index.php\\\/2024\\\/04\\\/22\\\/grupo-gralha-azul-recebe-homenagem-do-deputado-adriano-jose\\\/#primaryimage\",\"url\":\"https:\\\/\\\/soldadoadrianojose.com.br\\\/wp-content\\\/uploads\\\/2024\\\/04\\\/WhatsApp-Image-2024-04-18-at-10.20.03.jpeg\",\"contentUrl\":\"https:\\\/\\\/soldadoadrianojose.com.br\\\/wp-content\\\/uploads\\\/2024\\\/04\\\/WhatsApp-Image-2024-04-18-at-10.20.03.jpeg\",\"width\":1600,\"height\":1067},{\"@type\":\"BreadcrumbList\",\"@id\":\"https:\\\/\\\/soldadoadrianojose.com.br\\\/index.php\\\/2024\\\/04\\\/22\\\/grupo-gralha-azul-recebe-homenagem-do-deputado-adriano-jose\\\/#breadcrumb\",\"itemListElement\":[{\"@type\":\"ListItem\",\"position\":1,\"name\":\"In\u00edcio\",\"item\":\"https:\\\/\\\/soldadoadrianojose.com.br\\\/\"},{\"@type\":\"ListItem\",\"position\":2,\"name\":\"Grupo Gralha Azul Recebe Homenagem do deputado Adriano Jos\u00e9\"}]},{\"@type\":\"WebSite\",\"@id\":\"https:\\\/\\\/soldadoadrianojose.com.br\\\/#website\",\"url\":\"https:\\\/\\\/soldadoadrianojose.com.br\\\/\",\"name\":\"Deputado Adriano Jos\u00e9\",\"description\":\"Nosso trabalho \u00e9 pelas pessoas\",\"publisher\":{\"@id\":\"https:\\\/\\\/soldadoadrianojose.com.br\\\/#\\\/schema\\\/person\\\/16f8e8defb7a4bd6c6082efcd1bdb6bb\"},\"potentialAction\":[{\"@type\":\"SearchAction\",\"target\":{\"@type\":\"EntryPoint\",\"urlTemplate\":\"https:\\\/\\\/soldadoadrianojose.com.br\\\/?s={search_term_string}\"},\"query-input\":{\"@type\":\"PropertyValueSpecification\",\"valueRequired\":true,\"valueName\":\"search_term_string\"}}],\"inLanguage\":\"pt-BR\"},{\"@type\":[\"Person\",\"Organization\"],\"@id\":\"https:\\\/\\\/soldadoadrianojose.com.br\\\/#\\\/schema\\\/person\\\/16f8e8defb7a4bd6c6082efcd1bdb6bb\",\"name\":\"soldadoadrianojose\",\"image\":{\"@type\":\"ImageObject\",\"inLanguage\":\"pt-BR\",\"@id\":\"https:\\\/\\\/soldadoadrianojose.com.br\\\/wp-content\\\/uploads\\\/2023\\\/02\\\/LOGO_CLEAR-5.png\",\"url\":\"https:\\\/\\\/soldadoadrianojose.com.br\\\/wp-content\\\/uploads\\\/2023\\\/02\\\/LOGO_CLEAR-5.png\",\"contentUrl\":\"https:\\\/\\\/soldadoadrianojose.com.br\\\/wp-content\\\/uploads\\\/2023\\\/02\\\/LOGO_CLEAR-5.png\",\"width\":3508,\"height\":998,\"caption\":\"soldadoadrianojose\"},\"logo\":{\"@id\":\"https:\\\/\\\/soldadoadrianojose.com.br\\\/wp-content\\\/uploads\\\/2023\\\/02\\\/LOGO_CLEAR-5.png\"},\"sameAs\":[\"https:\\\/\\\/soldadoadrianojose.com.br\"],\"url\":\"https:\\\/\\\/soldadoadrianojose.com.br\\\/index.php\\\/author\\\/soldadoadrianojose\\\/\"}]}<\/script>\n<!-- \/ Yoast SEO plugin. -->","yoast_head_json":{"title":"Grupo Gralha Azul Recebe Homenagem do deputado Adriano Jos\u00e9 - Deputado Adriano Jos\u00e9","robots":{"index":"index","follow":"follow","max-snippet":"max-snippet:-1","max-image-preview":"max-image-preview:large","max-video-preview":"max-video-preview:-1"},"canonical":"https:\/\/soldadoadrianojose.com.br\/index.php\/2024\/04\/22\/grupo-gralha-azul-recebe-homenagem-do-deputado-adriano-jose\/","og_locale":"pt_BR","og_type":"article","og_title":"Grupo Gralha Azul Recebe Homenagem do deputado Adriano Jos\u00e9 - Deputado Adriano Jos\u00e9","og_description":"O Grupo Gralha Azul, de Paranava\u00ed, recebeu uma merecida homenagem do deputado Adriano Jos\u00e9, em reconhecimento aos seus 50 anos de hist\u00f3ria e contribui\u00e7\u00e3o \u00e0 cultura paranaense. A entrega da men\u00e7\u00e3o honrosa foi um momento de celebra\u00e7\u00e3o e reconhecimento do trabalho art\u00edstico e cultural excepcional realizado pelos integrantes do grupo. A trajet\u00f3ria do Grupo Gralha [&hellip;]","og_url":"https:\/\/soldadoadrianojose.com.br\/index.php\/2024\/04\/22\/grupo-gralha-azul-recebe-homenagem-do-deputado-adriano-jose\/","og_site_name":"Deputado Adriano Jos\u00e9","article_published_time":"2024-04-22T15:12:54+00:00","article_modified_time":"2024-04-22T15:12:55+00:00","og_image":[{"width":1600,"height":1067,"url":"https:\/\/soldadoadrianojose.com.br\/wp-content\/uploads\/2024\/04\/WhatsApp-Image-2024-04-18-at-10.20.03.jpeg","type":"image\/jpeg"}],"author":"soldadoadrianojose","twitter_card":"summary_large_image","twitter_misc":{"Escrito por":"soldadoadrianojose","Est. tempo de leitura":"2 minutos"},"schema":{"@context":"https:\/\/schema.org","@graph":[{"@type":"Article","@id":"https:\/\/soldadoadrianojose.com.br\/index.php\/2024\/04\/22\/grupo-gralha-azul-recebe-homenagem-do-deputado-adriano-jose\/#article","isPartOf":{"@id":"https:\/\/soldadoadrianojose.com.br\/index.php\/2024\/04\/22\/grupo-gralha-azul-recebe-homenagem-do-deputado-adriano-jose\/"},"author":{"name":"soldadoadrianojose","@id":"https:\/\/soldadoadrianojose.com.br\/#\/schema\/person\/16f8e8defb7a4bd6c6082efcd1bdb6bb"},"headline":"Grupo Gralha Azul Recebe Homenagem do deputado Adriano Jos\u00e9","datePublished":"2024-04-22T15:12:54+00:00","dateModified":"2024-04-22T15:12:55+00:00","mainEntityOfPage":{"@id":"https:\/\/soldadoadrianojose.com.br\/index.php\/2024\/04\/22\/grupo-gralha-azul-recebe-homenagem-do-deputado-adriano-jose\/"},"wordCount":313,"commentCount":0,"publisher":{"@id":"https:\/\/soldadoadrianojose.com.br\/#\/schema\/person\/16f8e8defb7a4bd6c6082efcd1bdb6bb"},"image":{"@id":"https:\/\/soldadoadrianojose.com.br\/index.php\/2024\/04\/22\/grupo-gralha-azul-recebe-homenagem-do-deputado-adriano-jose\/#primaryimage"},"thumbnailUrl":"https:\/\/soldadoadrianojose.com.br\/wp-content\/uploads\/2024\/04\/WhatsApp-Image-2024-04-18-at-10.20.03.jpeg","articleSection":["PARANAVAI"],"inLanguage":"pt-BR","potentialAction":[{"@type":"CommentAction","name":"Comment","target":["https:\/\/soldadoadrianojose.com.br\/index.php\/2024\/04\/22\/grupo-gralha-azul-recebe-homenagem-do-deputado-adriano-jose\/#respond"]}]},{"@type":"WebPage","@id":"https:\/\/soldadoadrianojose.com.br\/index.php\/2024\/04\/22\/grupo-gralha-azul-recebe-homenagem-do-deputado-adriano-jose\/","url":"https:\/\/soldadoadrianojose.com.br\/index.php\/2024\/04\/22\/grupo-gralha-azul-recebe-homenagem-do-deputado-adriano-jose\/","name":"Grupo Gralha Azul Recebe Homenagem do deputado Adriano Jos\u00e9 - Deputado Adriano Jos\u00e9","isPartOf":{"@id":"https:\/\/soldadoadrianojose.com.br\/#website"},"primaryImageOfPage":{"@id":"https:\/\/soldadoadrianojose.com.br\/index.php\/2024\/04\/22\/grupo-gralha-azul-recebe-homenagem-do-deputado-adriano-jose\/#primaryimage"},"image":{"@id":"https:\/\/soldadoadrianojose.com.br\/index.php\/2024\/04\/22\/grupo-gralha-azul-recebe-homenagem-do-deputado-adriano-jose\/#primaryimage"},"thumbnailUrl":"https:\/\/soldadoadrianojose.com.br\/wp-content\/uploads\/2024\/04\/WhatsApp-Image-2024-04-18-at-10.20.03.jpeg","datePublished":"2024-04-22T15:12:54+00:00","dateModified":"2024-04-22T15:12:55+00:00","breadcrumb":{"@id":"https:\/\/soldadoadrianojose.com.br\/index.php\/2024\/04\/22\/grupo-gralha-azul-recebe-homenagem-do-deputado-adriano-jose\/#breadcrumb"},"inLanguage":"pt-BR","potentialAction":[{"@type":"ReadAction","target":["https:\/\/soldadoadrianojose.com.br\/index.php\/2024\/04\/22\/grupo-gralha-azul-recebe-homenagem-do-deputado-adriano-jose\/"]}]},{"@type":"ImageObject","inLanguage":"pt-BR","@id":"https:\/\/soldadoadrianojose.com.br\/index.php\/2024\/04\/22\/grupo-gralha-azul-recebe-homenagem-do-deputado-adriano-jose\/#primaryimage","url":"https:\/\/soldadoadrianojose.com.br\/wp-content\/uploads\/2024\/04\/WhatsApp-Image-2024-04-18-at-10.20.03.jpeg","contentUrl":"https:\/\/soldadoadrianojose.com.br\/wp-content\/uploads\/2024\/04\/WhatsApp-Image-2024-04-18-at-10.20.03.jpeg","width":1600,"height":1067},{"@type":"BreadcrumbList","@id":"https:\/\/soldadoadrianojose.com.br\/index.php\/2024\/04\/22\/grupo-gralha-azul-recebe-homenagem-do-deputado-adriano-jose\/#breadcrumb","itemListElement":[{"@type":"ListItem","position":1,"name":"In\u00edcio","item":"https:\/\/soldadoadrianojose.com.br\/"},{"@type":"ListItem","position":2,"name":"Grupo Gralha Azul Recebe Homenagem do deputado Adriano Jos\u00e9"}]},{"@type":"WebSite","@id":"https:\/\/soldadoadrianojose.com.br\/#website","url":"https:\/\/soldadoadrianojose.com.br\/","name":"Deputado Adriano Jos\u00e9","description":"Nosso trabalho \u00e9 pelas pessoas","publisher":{"@id":"https:\/\/soldadoadrianojose.com.br\/#\/schema\/person\/16f8e8defb7a4bd6c6082efcd1bdb6bb"},"potentialAction":[{"@type":"SearchAction","target":{"@type":"EntryPoint","urlTemplate":"https:\/\/soldadoadrianojose.com.br\/?s={search_term_string}"},"query-input":{"@type":"PropertyValueSpecification","valueRequired":true,"valueName":"search_term_string"}}],"inLanguage":"pt-BR"},{"@type":["Person","Organization"],"@id":"https:\/\/soldadoadrianojose.com.br\/#\/schema\/person\/16f8e8defb7a4bd6c6082efcd1bdb6bb","name":"soldadoadrianojose","image":{"@type":"ImageObject","inLanguage":"pt-BR","@id":"https:\/\/soldadoadrianojose.com.br\/wp-content\/uploads\/2023\/02\/LOGO_CLEAR-5.png","url":"https:\/\/soldadoadrianojose.com.br\/wp-content\/uploads\/2023\/02\/LOGO_CLEAR-5.png","contentUrl":"https:\/\/soldadoadrianojose.com.br\/wp-content\/uploads\/2023\/02\/LOGO_CLEAR-5.png","width":3508,"height":998,"caption":"soldadoadrianojose"},"logo":{"@id":"https:\/\/soldadoadrianojose.com.br\/wp-content\/uploads\/2023\/02\/LOGO_CLEAR-5.png"},"sameAs":["https:\/\/soldadoadrianojose.com.br"],"url":"https:\/\/soldadoadrianojose.com.br\/index.php\/author\/soldadoadrianojose\/"}]}},"jetpack_featured_media_url":"https:\/\/soldadoadrianojose.com.br\/wp-content\/uploads\/2024\/04\/WhatsApp-Image-2024-04-18-at-10.20.03.jpeg","_links":{"self":[{"href":"https:\/\/soldadoadrianojose.com.br\/index.php\/wp-json\/wp\/v2\/posts\/2065","targetHints":{"allow":["GET"]}}],"collection":[{"href":"https:\/\/soldadoadrianojose.com.br\/index.php\/wp-json\/wp\/v2\/posts"}],"about":[{"href":"https:\/\/soldadoadrianojose.com.br\/index.php\/wp-json\/wp\/v2\/types\/post"}],"author":[{"embeddable":true,"href":"https:\/\/soldadoadrianojose.com.br\/index.php\/wp-json\/wp\/v2\/users\/1"}],"replies":[{"embeddable":true,"href":"https:\/\/soldadoadrianojose.com.br\/index.php\/wp-json\/wp\/v2\/comments?post=2065"}],"version-history":[{"count":1,"href":"https:\/\/soldadoadrianojose.com.br\/index.php\/wp-json\/wp\/v2\/posts\/2065\/revisions"}],"predecessor-version":[{"id":2067,"href":"https:\/\/soldadoadrianojose.com.br\/index.php\/wp-json\/wp\/v2\/posts\/2065\/revisions\/2067"}],"wp:featuredmedia":[{"embeddable":true,"href":"https:\/\/soldadoadrianojose.com.br\/index.php\/wp-json\/wp\/v2\/media\/2066"}],"wp:attachment":[{"href":"https:\/\/soldadoadrianojose.com.br\/index.php\/wp-json\/wp\/v2\/media?parent=2065"}],"wp:term":[{"taxonomy":"category","embeddable":true,"href":"https:\/\/soldadoadrianojose.com.br\/index.php\/wp-json\/wp\/v2\/categories?post=2065"},{"taxonomy":"post_tag","embeddable":true,"href":"https:\/\/soldadoadrianojose.com.br\/index.php\/wp-json\/wp\/v2\/tags?post=2065"}],"curies":[{"name":"wp","href":"https:\/\/api.w.org\/{rel}","templated":true}]}}