{"id":2601,"date":"2024-12-03T17:56:27","date_gmt":"2024-12-03T20:56:27","guid":{"rendered":"https:\/\/soldadoadrianojose.com.br\/?p=2601"},"modified":"2024-12-03T17:56:27","modified_gmt":"2024-12-03T20:56:27","slug":"governador-ratinho-junior-e-deputado-adriano-jose-discutem-o-futuro-de-colorado-e-regiao","status":"publish","type":"post","link":"https:\/\/soldadoadrianojose.com.br\/index.php\/2024\/12\/03\/governador-ratinho-junior-e-deputado-adriano-jose-discutem-o-futuro-de-colorado-e-regiao\/","title":{"rendered":"Governador Ratinho Junior e Deputado Adriano Jos\u00e9 discutem o futuro de Colorado e regi\u00e3o"},"content":{"rendered":"<p>Nesta ter\u00e7a-feira (3), o deputado estadual Adriano Jos\u00e9, acompanhado de seu chefe de gabinete, Luiz Alberto, participou de um encontro produtivo com o governador Ratinho Junior, onde reafirmaram seus compromissos com a popula\u00e7\u00e3o paranaense. A conversa destacou a parceria e o alinhamento entre as lideran\u00e7as pol\u00edticas na busca por solu\u00e7\u00f5es que contribuam para o desenvolvimento regional.<\/p>\n<p>A reuni\u00e3o focou no futuro de Colorado e da regi\u00e3o, com destaque para as necessidades da comunidade e as solu\u00e7\u00f5es necess\u00e1rias para melhorar a qualidade de vida de todos os moradores da regi\u00e3o. Entre os principais pontos discutidos, est\u00e3o o apoio na constru\u00e7\u00e3o do novo f\u00f3rum, o repasse da sede do atual f\u00f3rum \u00e0 Companhia da Pol\u00edcia Militar, a pavimenta\u00e7\u00e3o da rodovia com base de concreto em Santo In\u00e1cio e regi\u00e3o, demandas ao Hospital Santa Clara, APAE e Asilo, e a melhoria da rodovia do Morro Alto, que passar\u00e1 a ter tr\u00eas faixas.<\/p>\n<p>O encontro evidenciou o compromisso m\u00fatuo com o progresso do Paran\u00e1, contribuindo para que o munic\u00edpio de Colorado continue a crescer. O deputado Adriano Jos\u00e9 reafirmou sua disposi\u00e7\u00e3o em trabalhar junto ao governo estadual para atender \u00e0s demandas da popula\u00e7\u00e3o e impulsionar o desenvolvimento do estado.<\/p>\n","protected":false},"excerpt":{"rendered":"<p>Nesta ter\u00e7a-feira (3), o deputado estadual Adriano Jos\u00e9, acompanhado de seu chefe de gabinete, Luiz Alberto, participou de um encontro produtivo com o governador Ratinho Junior, onde reafirmaram seus compromissos com a popula\u00e7\u00e3o paranaense. A conversa destacou a parceria e o alinhamento entre as lideran\u00e7as pol\u00edticas na busca por solu\u00e7\u00f5es que contribuam para o desenvolvimento [&hellip;]<\/p>\n","protected":false},"author":1,"featured_media":2602,"comment_status":"open","ping_status":"open","sticky":false,"template":"","format":"standard","meta":{"footnotes":""},"categories":[1],"tags":[],"class_list":["post-2601","post","type-post","status-publish","format-standard","has-post-thumbnail","hentry","category-gabinete-sd"],"yoast_head":"<!-- This site is optimized with the Yoast SEO plugin v27.4 - https:\/\/yoast.com\/product\/yoast-seo-wordpress\/ -->\n<title>Governador Ratinho Junior e Deputado Adriano Jos\u00e9 discutem o futuro de Colorado e regi\u00e3o - Deputado Adriano Jos\u00e9<\/title>\n<meta name=\"robots\" content=\"index, follow, max-snippet:-1, max-image-preview:large, max-video-preview:-1\" \/>\n<link rel=\"canonical\" href=\"https:\/\/soldadoadrianojose.com.br\/index.php\/2024\/12\/03\/governador-ratinho-junior-e-deputado-adriano-jose-discutem-o-futuro-de-colorado-e-regiao\/\" \/>\n<meta property=\"og:locale\" content=\"pt_BR\" \/>\n<meta property=\"og:type\" content=\"article\" \/>\n<meta property=\"og:title\" content=\"Governador Ratinho Junior e Deputado Adriano Jos\u00e9 discutem o futuro de Colorado e regi\u00e3o - Deputado Adriano Jos\u00e9\" \/>\n<meta property=\"og:description\" content=\"Nesta ter\u00e7a-feira (3), o deputado estadual Adriano Jos\u00e9, acompanhado de seu chefe de gabinete, Luiz Alberto, participou de um encontro produtivo com o governador Ratinho Junior, onde reafirmaram seus compromissos com a popula\u00e7\u00e3o paranaense. A conversa destacou a parceria e o alinhamento entre as lideran\u00e7as pol\u00edticas na busca por solu\u00e7\u00f5es que contribuam para o desenvolvimento [&hellip;]\" \/>\n<meta property=\"og:url\" content=\"https:\/\/soldadoadrianojose.com.br\/index.php\/2024\/12\/03\/governador-ratinho-junior-e-deputado-adriano-jose-discutem-o-futuro-de-colorado-e-regiao\/\" \/>\n<meta property=\"og:site_name\" content=\"Deputado Adriano Jos\u00e9\" \/>\n<meta property=\"article:published_time\" content=\"2024-12-03T20:56:27+00:00\" \/>\n<meta property=\"og:image\" content=\"https:\/\/soldadoadrianojose.com.br\/wp-content\/uploads\/2024\/12\/WhatsApp-Image-2024-12-03-at-17.53.08.jpeg\" \/>\n\t<meta property=\"og:image:width\" content=\"1280\" \/>\n\t<meta property=\"og:image:height\" content=\"970\" \/>\n\t<meta property=\"og:image:type\" content=\"image\/jpeg\" \/>\n<meta name=\"author\" content=\"soldadoadrianojose\" \/>\n<meta name=\"twitter:card\" content=\"summary_large_image\" \/>\n<meta name=\"twitter:label1\" content=\"Escrito por\" \/>\n\t<meta name=\"twitter:data1\" content=\"soldadoadrianojose\" \/>\n\t<meta name=\"twitter:label2\" content=\"Est. tempo de leitura\" \/>\n\t<meta name=\"twitter:data2\" content=\"2 minutos\" \/>\n<script type=\"application\/ld+json\" class=\"yoast-schema-graph\">{\"@context\":\"https:\\\/\\\/schema.org\",\"@graph\":[{\"@type\":\"Article\",\"@id\":\"https:\\\/\\\/soldadoadrianojose.com.br\\\/index.php\\\/2024\\\/12\\\/03\\\/governador-ratinho-junior-e-deputado-adriano-jose-discutem-o-futuro-de-colorado-e-regiao\\\/#article\",\"isPartOf\":{\"@id\":\"https:\\\/\\\/soldadoadrianojose.com.br\\\/index.php\\\/2024\\\/12\\\/03\\\/governador-ratinho-junior-e-deputado-adriano-jose-discutem-o-futuro-de-colorado-e-regiao\\\/\"},\"author\":{\"name\":\"soldadoadrianojose\",\"@id\":\"https:\\\/\\\/soldadoadrianojose.com.br\\\/#\\\/schema\\\/person\\\/16f8e8defb7a4bd6c6082efcd1bdb6bb\"},\"headline\":\"Governador Ratinho Junior e Deputado Adriano Jos\u00e9 discutem o futuro de Colorado e regi\u00e3o\",\"datePublished\":\"2024-12-03T20:56:27+00:00\",\"mainEntityOfPage\":{\"@id\":\"https:\\\/\\\/soldadoadrianojose.com.br\\\/index.php\\\/2024\\\/12\\\/03\\\/governador-ratinho-junior-e-deputado-adriano-jose-discutem-o-futuro-de-colorado-e-regiao\\\/\"},\"wordCount\":231,\"commentCount\":0,\"publisher\":{\"@id\":\"https:\\\/\\\/soldadoadrianojose.com.br\\\/#\\\/schema\\\/person\\\/16f8e8defb7a4bd6c6082efcd1bdb6bb\"},\"image\":{\"@id\":\"https:\\\/\\\/soldadoadrianojose.com.br\\\/index.php\\\/2024\\\/12\\\/03\\\/governador-ratinho-junior-e-deputado-adriano-jose-discutem-o-futuro-de-colorado-e-regiao\\\/#primaryimage\"},\"thumbnailUrl\":\"https:\\\/\\\/soldadoadrianojose.com.br\\\/wp-content\\\/uploads\\\/2024\\\/12\\\/WhatsApp-Image-2024-12-03-at-17.53.08.jpeg\",\"articleSection\":[\"GABINETE SD\"],\"inLanguage\":\"pt-BR\",\"potentialAction\":[{\"@type\":\"CommentAction\",\"name\":\"Comment\",\"target\":[\"https:\\\/\\\/soldadoadrianojose.com.br\\\/index.php\\\/2024\\\/12\\\/03\\\/governador-ratinho-junior-e-deputado-adriano-jose-discutem-o-futuro-de-colorado-e-regiao\\\/#respond\"]}]},{\"@type\":\"WebPage\",\"@id\":\"https:\\\/\\\/soldadoadrianojose.com.br\\\/index.php\\\/2024\\\/12\\\/03\\\/governador-ratinho-junior-e-deputado-adriano-jose-discutem-o-futuro-de-colorado-e-regiao\\\/\",\"url\":\"https:\\\/\\\/soldadoadrianojose.com.br\\\/index.php\\\/2024\\\/12\\\/03\\\/governador-ratinho-junior-e-deputado-adriano-jose-discutem-o-futuro-de-colorado-e-regiao\\\/\",\"name\":\"Governador Ratinho Junior e Deputado Adriano Jos\u00e9 discutem o futuro de Colorado e regi\u00e3o - Deputado Adriano Jos\u00e9\",\"isPartOf\":{\"@id\":\"https:\\\/\\\/soldadoadrianojose.com.br\\\/#website\"},\"primaryImageOfPage\":{\"@id\":\"https:\\\/\\\/soldadoadrianojose.com.br\\\/index.php\\\/2024\\\/12\\\/03\\\/governador-ratinho-junior-e-deputado-adriano-jose-discutem-o-futuro-de-colorado-e-regiao\\\/#primaryimage\"},\"image\":{\"@id\":\"https:\\\/\\\/soldadoadrianojose.com.br\\\/index.php\\\/2024\\\/12\\\/03\\\/governador-ratinho-junior-e-deputado-adriano-jose-discutem-o-futuro-de-colorado-e-regiao\\\/#primaryimage\"},\"thumbnailUrl\":\"https:\\\/\\\/soldadoadrianojose.com.br\\\/wp-content\\\/uploads\\\/2024\\\/12\\\/WhatsApp-Image-2024-12-03-at-17.53.08.jpeg\",\"datePublished\":\"2024-12-03T20:56:27+00:00\",\"breadcrumb\":{\"@id\":\"https:\\\/\\\/soldadoadrianojose.com.br\\\/index.php\\\/2024\\\/12\\\/03\\\/governador-ratinho-junior-e-deputado-adriano-jose-discutem-o-futuro-de-colorado-e-regiao\\\/#breadcrumb\"},\"inLanguage\":\"pt-BR\",\"potentialAction\":[{\"@type\":\"ReadAction\",\"target\":[\"https:\\\/\\\/soldadoadrianojose.com.br\\\/index.php\\\/2024\\\/12\\\/03\\\/governador-ratinho-junior-e-deputado-adriano-jose-discutem-o-futuro-de-colorado-e-regiao\\\/\"]}]},{\"@type\":\"ImageObject\",\"inLanguage\":\"pt-BR\",\"@id\":\"https:\\\/\\\/soldadoadrianojose.com.br\\\/index.php\\\/2024\\\/12\\\/03\\\/governador-ratinho-junior-e-deputado-adriano-jose-discutem-o-futuro-de-colorado-e-regiao\\\/#primaryimage\",\"url\":\"https:\\\/\\\/soldadoadrianojose.com.br\\\/wp-content\\\/uploads\\\/2024\\\/12\\\/WhatsApp-Image-2024-12-03-at-17.53.08.jpeg\",\"contentUrl\":\"https:\\\/\\\/soldadoadrianojose.com.br\\\/wp-content\\\/uploads\\\/2024\\\/12\\\/WhatsApp-Image-2024-12-03-at-17.53.08.jpeg\",\"width\":1280,\"height\":970},{\"@type\":\"BreadcrumbList\",\"@id\":\"https:\\\/\\\/soldadoadrianojose.com.br\\\/index.php\\\/2024\\\/12\\\/03\\\/governador-ratinho-junior-e-deputado-adriano-jose-discutem-o-futuro-de-colorado-e-regiao\\\/#breadcrumb\",\"itemListElement\":[{\"@type\":\"ListItem\",\"position\":1,\"name\":\"In\u00edcio\",\"item\":\"https:\\\/\\\/soldadoadrianojose.com.br\\\/\"},{\"@type\":\"ListItem\",\"position\":2,\"name\":\"Governador Ratinho Junior e Deputado Adriano Jos\u00e9 discutem o futuro de Colorado e regi\u00e3o\"}]},{\"@type\":\"WebSite\",\"@id\":\"https:\\\/\\\/soldadoadrianojose.com.br\\\/#website\",\"url\":\"https:\\\/\\\/soldadoadrianojose.com.br\\\/\",\"name\":\"Deputado Adriano Jos\u00e9\",\"description\":\"Nosso trabalho \u00e9 pelas pessoas\",\"publisher\":{\"@id\":\"https:\\\/\\\/soldadoadrianojose.com.br\\\/#\\\/schema\\\/person\\\/16f8e8defb7a4bd6c6082efcd1bdb6bb\"},\"potentialAction\":[{\"@type\":\"SearchAction\",\"target\":{\"@type\":\"EntryPoint\",\"urlTemplate\":\"https:\\\/\\\/soldadoadrianojose.com.br\\\/?s={search_term_string}\"},\"query-input\":{\"@type\":\"PropertyValueSpecification\",\"valueRequired\":true,\"valueName\":\"search_term_string\"}}],\"inLanguage\":\"pt-BR\"},{\"@type\":[\"Person\",\"Organization\"],\"@id\":\"https:\\\/\\\/soldadoadrianojose.com.br\\\/#\\\/schema\\\/person\\\/16f8e8defb7a4bd6c6082efcd1bdb6bb\",\"name\":\"soldadoadrianojose\",\"image\":{\"@type\":\"ImageObject\",\"inLanguage\":\"pt-BR\",\"@id\":\"https:\\\/\\\/soldadoadrianojose.com.br\\\/wp-content\\\/uploads\\\/2023\\\/02\\\/LOGO_CLEAR-5.png\",\"url\":\"https:\\\/\\\/soldadoadrianojose.com.br\\\/wp-content\\\/uploads\\\/2023\\\/02\\\/LOGO_CLEAR-5.png\",\"contentUrl\":\"https:\\\/\\\/soldadoadrianojose.com.br\\\/wp-content\\\/uploads\\\/2023\\\/02\\\/LOGO_CLEAR-5.png\",\"width\":3508,\"height\":998,\"caption\":\"soldadoadrianojose\"},\"logo\":{\"@id\":\"https:\\\/\\\/soldadoadrianojose.com.br\\\/wp-content\\\/uploads\\\/2023\\\/02\\\/LOGO_CLEAR-5.png\"},\"sameAs\":[\"https:\\\/\\\/soldadoadrianojose.com.br\"],\"url\":\"https:\\\/\\\/soldadoadrianojose.com.br\\\/index.php\\\/author\\\/soldadoadrianojose\\\/\"}]}<\/script>\n<!-- \/ Yoast SEO plugin. -->","yoast_head_json":{"title":"Governador Ratinho Junior e Deputado Adriano Jos\u00e9 discutem o futuro de Colorado e regi\u00e3o - Deputado Adriano Jos\u00e9","robots":{"index":"index","follow":"follow","max-snippet":"max-snippet:-1","max-image-preview":"max-image-preview:large","max-video-preview":"max-video-preview:-1"},"canonical":"https:\/\/soldadoadrianojose.com.br\/index.php\/2024\/12\/03\/governador-ratinho-junior-e-deputado-adriano-jose-discutem-o-futuro-de-colorado-e-regiao\/","og_locale":"pt_BR","og_type":"article","og_title":"Governador Ratinho Junior e Deputado Adriano Jos\u00e9 discutem o futuro de Colorado e regi\u00e3o - Deputado Adriano Jos\u00e9","og_description":"Nesta ter\u00e7a-feira (3), o deputado estadual Adriano Jos\u00e9, acompanhado de seu chefe de gabinete, Luiz Alberto, participou de um encontro produtivo com o governador Ratinho Junior, onde reafirmaram seus compromissos com a popula\u00e7\u00e3o paranaense. A conversa destacou a parceria e o alinhamento entre as lideran\u00e7as pol\u00edticas na busca por solu\u00e7\u00f5es que contribuam para o desenvolvimento [&hellip;]","og_url":"https:\/\/soldadoadrianojose.com.br\/index.php\/2024\/12\/03\/governador-ratinho-junior-e-deputado-adriano-jose-discutem-o-futuro-de-colorado-e-regiao\/","og_site_name":"Deputado Adriano Jos\u00e9","article_published_time":"2024-12-03T20:56:27+00:00","og_image":[{"width":1280,"height":970,"url":"https:\/\/soldadoadrianojose.com.br\/wp-content\/uploads\/2024\/12\/WhatsApp-Image-2024-12-03-at-17.53.08.jpeg","type":"image\/jpeg"}],"author":"soldadoadrianojose","twitter_card":"summary_large_image","twitter_misc":{"Escrito por":"soldadoadrianojose","Est. tempo de leitura":"2 minutos"},"schema":{"@context":"https:\/\/schema.org","@graph":[{"@type":"Article","@id":"https:\/\/soldadoadrianojose.com.br\/index.php\/2024\/12\/03\/governador-ratinho-junior-e-deputado-adriano-jose-discutem-o-futuro-de-colorado-e-regiao\/#article","isPartOf":{"@id":"https:\/\/soldadoadrianojose.com.br\/index.php\/2024\/12\/03\/governador-ratinho-junior-e-deputado-adriano-jose-discutem-o-futuro-de-colorado-e-regiao\/"},"author":{"name":"soldadoadrianojose","@id":"https:\/\/soldadoadrianojose.com.br\/#\/schema\/person\/16f8e8defb7a4bd6c6082efcd1bdb6bb"},"headline":"Governador Ratinho Junior e Deputado Adriano Jos\u00e9 discutem o futuro de Colorado e regi\u00e3o","datePublished":"2024-12-03T20:56:27+00:00","mainEntityOfPage":{"@id":"https:\/\/soldadoadrianojose.com.br\/index.php\/2024\/12\/03\/governador-ratinho-junior-e-deputado-adriano-jose-discutem-o-futuro-de-colorado-e-regiao\/"},"wordCount":231,"commentCount":0,"publisher":{"@id":"https:\/\/soldadoadrianojose.com.br\/#\/schema\/person\/16f8e8defb7a4bd6c6082efcd1bdb6bb"},"image":{"@id":"https:\/\/soldadoadrianojose.com.br\/index.php\/2024\/12\/03\/governador-ratinho-junior-e-deputado-adriano-jose-discutem-o-futuro-de-colorado-e-regiao\/#primaryimage"},"thumbnailUrl":"https:\/\/soldadoadrianojose.com.br\/wp-content\/uploads\/2024\/12\/WhatsApp-Image-2024-12-03-at-17.53.08.jpeg","articleSection":["GABINETE SD"],"inLanguage":"pt-BR","potentialAction":[{"@type":"CommentAction","name":"Comment","target":["https:\/\/soldadoadrianojose.com.br\/index.php\/2024\/12\/03\/governador-ratinho-junior-e-deputado-adriano-jose-discutem-o-futuro-de-colorado-e-regiao\/#respond"]}]},{"@type":"WebPage","@id":"https:\/\/soldadoadrianojose.com.br\/index.php\/2024\/12\/03\/governador-ratinho-junior-e-deputado-adriano-jose-discutem-o-futuro-de-colorado-e-regiao\/","url":"https:\/\/soldadoadrianojose.com.br\/index.php\/2024\/12\/03\/governador-ratinho-junior-e-deputado-adriano-jose-discutem-o-futuro-de-colorado-e-regiao\/","name":"Governador Ratinho Junior e Deputado Adriano Jos\u00e9 discutem o futuro de Colorado e regi\u00e3o - Deputado Adriano Jos\u00e9","isPartOf":{"@id":"https:\/\/soldadoadrianojose.com.br\/#website"},"primaryImageOfPage":{"@id":"https:\/\/soldadoadrianojose.com.br\/index.php\/2024\/12\/03\/governador-ratinho-junior-e-deputado-adriano-jose-discutem-o-futuro-de-colorado-e-regiao\/#primaryimage"},"image":{"@id":"https:\/\/soldadoadrianojose.com.br\/index.php\/2024\/12\/03\/governador-ratinho-junior-e-deputado-adriano-jose-discutem-o-futuro-de-colorado-e-regiao\/#primaryimage"},"thumbnailUrl":"https:\/\/soldadoadrianojose.com.br\/wp-content\/uploads\/2024\/12\/WhatsApp-Image-2024-12-03-at-17.53.08.jpeg","datePublished":"2024-12-03T20:56:27+00:00","breadcrumb":{"@id":"https:\/\/soldadoadrianojose.com.br\/index.php\/2024\/12\/03\/governador-ratinho-junior-e-deputado-adriano-jose-discutem-o-futuro-de-colorado-e-regiao\/#breadcrumb"},"inLanguage":"pt-BR","potentialAction":[{"@type":"ReadAction","target":["https:\/\/soldadoadrianojose.com.br\/index.php\/2024\/12\/03\/governador-ratinho-junior-e-deputado-adriano-jose-discutem-o-futuro-de-colorado-e-regiao\/"]}]},{"@type":"ImageObject","inLanguage":"pt-BR","@id":"https:\/\/soldadoadrianojose.com.br\/index.php\/2024\/12\/03\/governador-ratinho-junior-e-deputado-adriano-jose-discutem-o-futuro-de-colorado-e-regiao\/#primaryimage","url":"https:\/\/soldadoadrianojose.com.br\/wp-content\/uploads\/2024\/12\/WhatsApp-Image-2024-12-03-at-17.53.08.jpeg","contentUrl":"https:\/\/soldadoadrianojose.com.br\/wp-content\/uploads\/2024\/12\/WhatsApp-Image-2024-12-03-at-17.53.08.jpeg","width":1280,"height":970},{"@type":"BreadcrumbList","@id":"https:\/\/soldadoadrianojose.com.br\/index.php\/2024\/12\/03\/governador-ratinho-junior-e-deputado-adriano-jose-discutem-o-futuro-de-colorado-e-regiao\/#breadcrumb","itemListElement":[{"@type":"ListItem","position":1,"name":"In\u00edcio","item":"https:\/\/soldadoadrianojose.com.br\/"},{"@type":"ListItem","position":2,"name":"Governador Ratinho Junior e Deputado Adriano Jos\u00e9 discutem o futuro de Colorado e regi\u00e3o"}]},{"@type":"WebSite","@id":"https:\/\/soldadoadrianojose.com.br\/#website","url":"https:\/\/soldadoadrianojose.com.br\/","name":"Deputado Adriano Jos\u00e9","description":"Nosso trabalho \u00e9 pelas pessoas","publisher":{"@id":"https:\/\/soldadoadrianojose.com.br\/#\/schema\/person\/16f8e8defb7a4bd6c6082efcd1bdb6bb"},"potentialAction":[{"@type":"SearchAction","target":{"@type":"EntryPoint","urlTemplate":"https:\/\/soldadoadrianojose.com.br\/?s={search_term_string}"},"query-input":{"@type":"PropertyValueSpecification","valueRequired":true,"valueName":"search_term_string"}}],"inLanguage":"pt-BR"},{"@type":["Person","Organization"],"@id":"https:\/\/soldadoadrianojose.com.br\/#\/schema\/person\/16f8e8defb7a4bd6c6082efcd1bdb6bb","name":"soldadoadrianojose","image":{"@type":"ImageObject","inLanguage":"pt-BR","@id":"https:\/\/soldadoadrianojose.com.br\/wp-content\/uploads\/2023\/02\/LOGO_CLEAR-5.png","url":"https:\/\/soldadoadrianojose.com.br\/wp-content\/uploads\/2023\/02\/LOGO_CLEAR-5.png","contentUrl":"https:\/\/soldadoadrianojose.com.br\/wp-content\/uploads\/2023\/02\/LOGO_CLEAR-5.png","width":3508,"height":998,"caption":"soldadoadrianojose"},"logo":{"@id":"https:\/\/soldadoadrianojose.com.br\/wp-content\/uploads\/2023\/02\/LOGO_CLEAR-5.png"},"sameAs":["https:\/\/soldadoadrianojose.com.br"],"url":"https:\/\/soldadoadrianojose.com.br\/index.php\/author\/soldadoadrianojose\/"}]}},"jetpack_featured_media_url":"https:\/\/soldadoadrianojose.com.br\/wp-content\/uploads\/2024\/12\/WhatsApp-Image-2024-12-03-at-17.53.08.jpeg","_links":{"self":[{"href":"https:\/\/soldadoadrianojose.com.br\/index.php\/wp-json\/wp\/v2\/posts\/2601","targetHints":{"allow":["GET"]}}],"collection":[{"href":"https:\/\/soldadoadrianojose.com.br\/index.php\/wp-json\/wp\/v2\/posts"}],"about":[{"href":"https:\/\/soldadoadrianojose.com.br\/index.php\/wp-json\/wp\/v2\/types\/post"}],"author":[{"embeddable":true,"href":"https:\/\/soldadoadrianojose.com.br\/index.php\/wp-json\/wp\/v2\/users\/1"}],"replies":[{"embeddable":true,"href":"https:\/\/soldadoadrianojose.com.br\/index.php\/wp-json\/wp\/v2\/comments?post=2601"}],"version-history":[{"count":1,"href":"https:\/\/soldadoadrianojose.com.br\/index.php\/wp-json\/wp\/v2\/posts\/2601\/revisions"}],"predecessor-version":[{"id":2603,"href":"https:\/\/soldadoadrianojose.com.br\/index.php\/wp-json\/wp\/v2\/posts\/2601\/revisions\/2603"}],"wp:featuredmedia":[{"embeddable":true,"href":"https:\/\/soldadoadrianojose.com.br\/index.php\/wp-json\/wp\/v2\/media\/2602"}],"wp:attachment":[{"href":"https:\/\/soldadoadrianojose.com.br\/index.php\/wp-json\/wp\/v2\/media?parent=2601"}],"wp:term":[{"taxonomy":"category","embeddable":true,"href":"https:\/\/soldadoadrianojose.com.br\/index.php\/wp-json\/wp\/v2\/categories?post=2601"},{"taxonomy":"post_tag","embeddable":true,"href":"https:\/\/soldadoadrianojose.com.br\/index.php\/wp-json\/wp\/v2\/tags?post=2601"}],"curies":[{"name":"wp","href":"https:\/\/api.w.org\/{rel}","templated":true}]}}