{"id":2650,"date":"2025-01-03T20:50:02","date_gmt":"2025-01-03T23:50:02","guid":{"rendered":"https:\/\/soldadoadrianojose.com.br\/?p=2650"},"modified":"2025-01-03T20:59:23","modified_gmt":"2025-01-03T23:59:23","slug":"deputado-adriano-jose-repudia-tumulto-na-camara-de-colorado-e-reforca-respeito-ao-processo-democratico","status":"publish","type":"post","link":"https:\/\/soldadoadrianojose.com.br\/index.php\/2025\/01\/03\/deputado-adriano-jose-repudia-tumulto-na-camara-de-colorado-e-reforca-respeito-ao-processo-democratico\/","title":{"rendered":"Deputado Adriano Jos\u00e9 repudia tumulto na C\u00e2mara de Colorado e refor\u00e7a respeito ao processo democr\u00e1tico"},"content":{"rendered":"<p>No dia 1\u00ba de janeiro de 2025, a C\u00e2mara Municipal de Colorado foi palco de tumultos durante a primeira sess\u00e3o do ano, presidida pela vereadora Karina. Uma minoria presente no plen\u00e1rio interrompeu os trabalhos com gritos e palavras consideradas impr\u00f3prias, desrespeitando o ambiente parlamentar e o processo democr\u00e1tico.<\/p>\n<p>O deputado estadual Adriano Jos\u00e9 se manifestou publicamente, parabenizando a vereadora Alexandra Rosseto, presidente da C\u00e2mara de Vereadores de Colorado, tamb\u00e9m a vereadora Karina pela defesa do parlamento diante da situa\u00e7\u00e3o.<\/p>\n<p>Ele tamb\u00e9m lembrou que, ap\u00f3s as elei\u00e7\u00f5es, a popula\u00e7\u00e3o escolheu a prefeita e os vereadores que governar\u00e3o o munic\u00edpio pelos pr\u00f3ximos quatro anos. \u201cCabe a n\u00f3s respeitar a decis\u00e3o das urnas e trabalharmos unidos e em paz, alinhados com o governador Ratinho Junior, viabilizando recursos que transformem a vida das fam\u00edlias de Colorado\u201d, afirmou.<\/p>\n<p>O incidente levanta quest\u00f5es sobre a conviv\u00eancia democr\u00e1tica e o papel das lideran\u00e7as em garantir que o debate pol\u00edtico ocorra de maneira construtiva e respeitosa.<\/p>\n","protected":false},"excerpt":{"rendered":"<p>No dia 1\u00ba de janeiro de 2025, a C\u00e2mara Municipal de Colorado foi palco de tumultos durante a primeira sess\u00e3o do ano, presidida pela vereadora Karina. Uma minoria presente no plen\u00e1rio interrompeu os trabalhos com gritos e palavras consideradas impr\u00f3prias, desrespeitando o ambiente parlamentar e o processo democr\u00e1tico. O deputado estadual Adriano Jos\u00e9 se manifestou [&hellip;]<\/p>\n","protected":false},"author":1,"featured_media":2651,"comment_status":"open","ping_status":"open","sticky":false,"template":"","format":"standard","meta":{"footnotes":""},"categories":[1],"tags":[],"class_list":["post-2650","post","type-post","status-publish","format-standard","has-post-thumbnail","hentry","category-gabinete-sd"],"yoast_head":"<!-- This site is optimized with the Yoast SEO plugin v27.4 - https:\/\/yoast.com\/product\/yoast-seo-wordpress\/ -->\n<title>Deputado Adriano Jos\u00e9 repudia tumulto na C\u00e2mara de Colorado e refor\u00e7a respeito ao processo democr\u00e1tico - Deputado Adriano Jos\u00e9<\/title>\n<meta name=\"robots\" content=\"index, follow, max-snippet:-1, max-image-preview:large, max-video-preview:-1\" \/>\n<link rel=\"canonical\" href=\"https:\/\/soldadoadrianojose.com.br\/index.php\/2025\/01\/03\/deputado-adriano-jose-repudia-tumulto-na-camara-de-colorado-e-reforca-respeito-ao-processo-democratico\/\" \/>\n<meta property=\"og:locale\" content=\"pt_BR\" \/>\n<meta property=\"og:type\" content=\"article\" \/>\n<meta property=\"og:title\" content=\"Deputado Adriano Jos\u00e9 repudia tumulto na C\u00e2mara de Colorado e refor\u00e7a respeito ao processo democr\u00e1tico - Deputado Adriano Jos\u00e9\" \/>\n<meta property=\"og:description\" content=\"No dia 1\u00ba de janeiro de 2025, a C\u00e2mara Municipal de Colorado foi palco de tumultos durante a primeira sess\u00e3o do ano, presidida pela vereadora Karina. Uma minoria presente no plen\u00e1rio interrompeu os trabalhos com gritos e palavras consideradas impr\u00f3prias, desrespeitando o ambiente parlamentar e o processo democr\u00e1tico. O deputado estadual Adriano Jos\u00e9 se manifestou [&hellip;]\" \/>\n<meta property=\"og:url\" content=\"https:\/\/soldadoadrianojose.com.br\/index.php\/2025\/01\/03\/deputado-adriano-jose-repudia-tumulto-na-camara-de-colorado-e-reforca-respeito-ao-processo-democratico\/\" \/>\n<meta property=\"og:site_name\" content=\"Deputado Adriano Jos\u00e9\" \/>\n<meta property=\"article:published_time\" content=\"2025-01-03T23:50:02+00:00\" \/>\n<meta property=\"article:modified_time\" content=\"2025-01-03T23:59:23+00:00\" \/>\n<meta property=\"og:image\" content=\"https:\/\/soldadoadrianojose.com.br\/wp-content\/uploads\/2025\/01\/d7ae104b-3d0a-4ac7-b4f5-60d5c87f908c.jpeg\" \/>\n\t<meta property=\"og:image:width\" content=\"1600\" \/>\n\t<meta property=\"og:image:height\" content=\"1066\" \/>\n\t<meta property=\"og:image:type\" content=\"image\/jpeg\" \/>\n<meta name=\"author\" content=\"soldadoadrianojose\" \/>\n<meta name=\"twitter:card\" content=\"summary_large_image\" \/>\n<meta name=\"twitter:label1\" content=\"Escrito por\" \/>\n\t<meta name=\"twitter:data1\" content=\"soldadoadrianojose\" \/>\n\t<meta name=\"twitter:label2\" content=\"Est. tempo de leitura\" \/>\n\t<meta name=\"twitter:data2\" content=\"2 minutos\" \/>\n<script type=\"application\/ld+json\" class=\"yoast-schema-graph\">{\"@context\":\"https:\\\/\\\/schema.org\",\"@graph\":[{\"@type\":\"Article\",\"@id\":\"https:\\\/\\\/soldadoadrianojose.com.br\\\/index.php\\\/2025\\\/01\\\/03\\\/deputado-adriano-jose-repudia-tumulto-na-camara-de-colorado-e-reforca-respeito-ao-processo-democratico\\\/#article\",\"isPartOf\":{\"@id\":\"https:\\\/\\\/soldadoadrianojose.com.br\\\/index.php\\\/2025\\\/01\\\/03\\\/deputado-adriano-jose-repudia-tumulto-na-camara-de-colorado-e-reforca-respeito-ao-processo-democratico\\\/\"},\"author\":{\"name\":\"soldadoadrianojose\",\"@id\":\"https:\\\/\\\/soldadoadrianojose.com.br\\\/#\\\/schema\\\/person\\\/16f8e8defb7a4bd6c6082efcd1bdb6bb\"},\"headline\":\"Deputado Adriano Jos\u00e9 repudia tumulto na C\u00e2mara de Colorado e refor\u00e7a respeito ao processo democr\u00e1tico\",\"datePublished\":\"2025-01-03T23:50:02+00:00\",\"dateModified\":\"2025-01-03T23:59:23+00:00\",\"mainEntityOfPage\":{\"@id\":\"https:\\\/\\\/soldadoadrianojose.com.br\\\/index.php\\\/2025\\\/01\\\/03\\\/deputado-adriano-jose-repudia-tumulto-na-camara-de-colorado-e-reforca-respeito-ao-processo-democratico\\\/\"},\"wordCount\":197,\"commentCount\":0,\"publisher\":{\"@id\":\"https:\\\/\\\/soldadoadrianojose.com.br\\\/#\\\/schema\\\/person\\\/16f8e8defb7a4bd6c6082efcd1bdb6bb\"},\"image\":{\"@id\":\"https:\\\/\\\/soldadoadrianojose.com.br\\\/index.php\\\/2025\\\/01\\\/03\\\/deputado-adriano-jose-repudia-tumulto-na-camara-de-colorado-e-reforca-respeito-ao-processo-democratico\\\/#primaryimage\"},\"thumbnailUrl\":\"https:\\\/\\\/soldadoadrianojose.com.br\\\/wp-content\\\/uploads\\\/2025\\\/01\\\/d7ae104b-3d0a-4ac7-b4f5-60d5c87f908c.jpeg\",\"articleSection\":[\"GABINETE SD\"],\"inLanguage\":\"pt-BR\",\"potentialAction\":[{\"@type\":\"CommentAction\",\"name\":\"Comment\",\"target\":[\"https:\\\/\\\/soldadoadrianojose.com.br\\\/index.php\\\/2025\\\/01\\\/03\\\/deputado-adriano-jose-repudia-tumulto-na-camara-de-colorado-e-reforca-respeito-ao-processo-democratico\\\/#respond\"]}]},{\"@type\":\"WebPage\",\"@id\":\"https:\\\/\\\/soldadoadrianojose.com.br\\\/index.php\\\/2025\\\/01\\\/03\\\/deputado-adriano-jose-repudia-tumulto-na-camara-de-colorado-e-reforca-respeito-ao-processo-democratico\\\/\",\"url\":\"https:\\\/\\\/soldadoadrianojose.com.br\\\/index.php\\\/2025\\\/01\\\/03\\\/deputado-adriano-jose-repudia-tumulto-na-camara-de-colorado-e-reforca-respeito-ao-processo-democratico\\\/\",\"name\":\"Deputado Adriano Jos\u00e9 repudia tumulto na C\u00e2mara de Colorado e refor\u00e7a respeito ao processo democr\u00e1tico - Deputado Adriano Jos\u00e9\",\"isPartOf\":{\"@id\":\"https:\\\/\\\/soldadoadrianojose.com.br\\\/#website\"},\"primaryImageOfPage\":{\"@id\":\"https:\\\/\\\/soldadoadrianojose.com.br\\\/index.php\\\/2025\\\/01\\\/03\\\/deputado-adriano-jose-repudia-tumulto-na-camara-de-colorado-e-reforca-respeito-ao-processo-democratico\\\/#primaryimage\"},\"image\":{\"@id\":\"https:\\\/\\\/soldadoadrianojose.com.br\\\/index.php\\\/2025\\\/01\\\/03\\\/deputado-adriano-jose-repudia-tumulto-na-camara-de-colorado-e-reforca-respeito-ao-processo-democratico\\\/#primaryimage\"},\"thumbnailUrl\":\"https:\\\/\\\/soldadoadrianojose.com.br\\\/wp-content\\\/uploads\\\/2025\\\/01\\\/d7ae104b-3d0a-4ac7-b4f5-60d5c87f908c.jpeg\",\"datePublished\":\"2025-01-03T23:50:02+00:00\",\"dateModified\":\"2025-01-03T23:59:23+00:00\",\"breadcrumb\":{\"@id\":\"https:\\\/\\\/soldadoadrianojose.com.br\\\/index.php\\\/2025\\\/01\\\/03\\\/deputado-adriano-jose-repudia-tumulto-na-camara-de-colorado-e-reforca-respeito-ao-processo-democratico\\\/#breadcrumb\"},\"inLanguage\":\"pt-BR\",\"potentialAction\":[{\"@type\":\"ReadAction\",\"target\":[\"https:\\\/\\\/soldadoadrianojose.com.br\\\/index.php\\\/2025\\\/01\\\/03\\\/deputado-adriano-jose-repudia-tumulto-na-camara-de-colorado-e-reforca-respeito-ao-processo-democratico\\\/\"]}]},{\"@type\":\"ImageObject\",\"inLanguage\":\"pt-BR\",\"@id\":\"https:\\\/\\\/soldadoadrianojose.com.br\\\/index.php\\\/2025\\\/01\\\/03\\\/deputado-adriano-jose-repudia-tumulto-na-camara-de-colorado-e-reforca-respeito-ao-processo-democratico\\\/#primaryimage\",\"url\":\"https:\\\/\\\/soldadoadrianojose.com.br\\\/wp-content\\\/uploads\\\/2025\\\/01\\\/d7ae104b-3d0a-4ac7-b4f5-60d5c87f908c.jpeg\",\"contentUrl\":\"https:\\\/\\\/soldadoadrianojose.com.br\\\/wp-content\\\/uploads\\\/2025\\\/01\\\/d7ae104b-3d0a-4ac7-b4f5-60d5c87f908c.jpeg\",\"width\":1600,\"height\":1066},{\"@type\":\"BreadcrumbList\",\"@id\":\"https:\\\/\\\/soldadoadrianojose.com.br\\\/index.php\\\/2025\\\/01\\\/03\\\/deputado-adriano-jose-repudia-tumulto-na-camara-de-colorado-e-reforca-respeito-ao-processo-democratico\\\/#breadcrumb\",\"itemListElement\":[{\"@type\":\"ListItem\",\"position\":1,\"name\":\"In\u00edcio\",\"item\":\"https:\\\/\\\/soldadoadrianojose.com.br\\\/\"},{\"@type\":\"ListItem\",\"position\":2,\"name\":\"Deputado Adriano Jos\u00e9 repudia tumulto na C\u00e2mara de Colorado e refor\u00e7a respeito ao processo democr\u00e1tico\"}]},{\"@type\":\"WebSite\",\"@id\":\"https:\\\/\\\/soldadoadrianojose.com.br\\\/#website\",\"url\":\"https:\\\/\\\/soldadoadrianojose.com.br\\\/\",\"name\":\"Deputado Adriano Jos\u00e9\",\"description\":\"Nosso trabalho \u00e9 pelas pessoas\",\"publisher\":{\"@id\":\"https:\\\/\\\/soldadoadrianojose.com.br\\\/#\\\/schema\\\/person\\\/16f8e8defb7a4bd6c6082efcd1bdb6bb\"},\"potentialAction\":[{\"@type\":\"SearchAction\",\"target\":{\"@type\":\"EntryPoint\",\"urlTemplate\":\"https:\\\/\\\/soldadoadrianojose.com.br\\\/?s={search_term_string}\"},\"query-input\":{\"@type\":\"PropertyValueSpecification\",\"valueRequired\":true,\"valueName\":\"search_term_string\"}}],\"inLanguage\":\"pt-BR\"},{\"@type\":[\"Person\",\"Organization\"],\"@id\":\"https:\\\/\\\/soldadoadrianojose.com.br\\\/#\\\/schema\\\/person\\\/16f8e8defb7a4bd6c6082efcd1bdb6bb\",\"name\":\"soldadoadrianojose\",\"image\":{\"@type\":\"ImageObject\",\"inLanguage\":\"pt-BR\",\"@id\":\"https:\\\/\\\/soldadoadrianojose.com.br\\\/wp-content\\\/uploads\\\/2023\\\/02\\\/LOGO_CLEAR-5.png\",\"url\":\"https:\\\/\\\/soldadoadrianojose.com.br\\\/wp-content\\\/uploads\\\/2023\\\/02\\\/LOGO_CLEAR-5.png\",\"contentUrl\":\"https:\\\/\\\/soldadoadrianojose.com.br\\\/wp-content\\\/uploads\\\/2023\\\/02\\\/LOGO_CLEAR-5.png\",\"width\":3508,\"height\":998,\"caption\":\"soldadoadrianojose\"},\"logo\":{\"@id\":\"https:\\\/\\\/soldadoadrianojose.com.br\\\/wp-content\\\/uploads\\\/2023\\\/02\\\/LOGO_CLEAR-5.png\"},\"sameAs\":[\"https:\\\/\\\/soldadoadrianojose.com.br\"],\"url\":\"https:\\\/\\\/soldadoadrianojose.com.br\\\/index.php\\\/author\\\/soldadoadrianojose\\\/\"}]}<\/script>\n<!-- \/ Yoast SEO plugin. -->","yoast_head_json":{"title":"Deputado Adriano Jos\u00e9 repudia tumulto na C\u00e2mara de Colorado e refor\u00e7a respeito ao processo democr\u00e1tico - Deputado Adriano Jos\u00e9","robots":{"index":"index","follow":"follow","max-snippet":"max-snippet:-1","max-image-preview":"max-image-preview:large","max-video-preview":"max-video-preview:-1"},"canonical":"https:\/\/soldadoadrianojose.com.br\/index.php\/2025\/01\/03\/deputado-adriano-jose-repudia-tumulto-na-camara-de-colorado-e-reforca-respeito-ao-processo-democratico\/","og_locale":"pt_BR","og_type":"article","og_title":"Deputado Adriano Jos\u00e9 repudia tumulto na C\u00e2mara de Colorado e refor\u00e7a respeito ao processo democr\u00e1tico - Deputado Adriano Jos\u00e9","og_description":"No dia 1\u00ba de janeiro de 2025, a C\u00e2mara Municipal de Colorado foi palco de tumultos durante a primeira sess\u00e3o do ano, presidida pela vereadora Karina. Uma minoria presente no plen\u00e1rio interrompeu os trabalhos com gritos e palavras consideradas impr\u00f3prias, desrespeitando o ambiente parlamentar e o processo democr\u00e1tico. O deputado estadual Adriano Jos\u00e9 se manifestou [&hellip;]","og_url":"https:\/\/soldadoadrianojose.com.br\/index.php\/2025\/01\/03\/deputado-adriano-jose-repudia-tumulto-na-camara-de-colorado-e-reforca-respeito-ao-processo-democratico\/","og_site_name":"Deputado Adriano Jos\u00e9","article_published_time":"2025-01-03T23:50:02+00:00","article_modified_time":"2025-01-03T23:59:23+00:00","og_image":[{"width":1600,"height":1066,"url":"https:\/\/soldadoadrianojose.com.br\/wp-content\/uploads\/2025\/01\/d7ae104b-3d0a-4ac7-b4f5-60d5c87f908c.jpeg","type":"image\/jpeg"}],"author":"soldadoadrianojose","twitter_card":"summary_large_image","twitter_misc":{"Escrito por":"soldadoadrianojose","Est. tempo de leitura":"2 minutos"},"schema":{"@context":"https:\/\/schema.org","@graph":[{"@type":"Article","@id":"https:\/\/soldadoadrianojose.com.br\/index.php\/2025\/01\/03\/deputado-adriano-jose-repudia-tumulto-na-camara-de-colorado-e-reforca-respeito-ao-processo-democratico\/#article","isPartOf":{"@id":"https:\/\/soldadoadrianojose.com.br\/index.php\/2025\/01\/03\/deputado-adriano-jose-repudia-tumulto-na-camara-de-colorado-e-reforca-respeito-ao-processo-democratico\/"},"author":{"name":"soldadoadrianojose","@id":"https:\/\/soldadoadrianojose.com.br\/#\/schema\/person\/16f8e8defb7a4bd6c6082efcd1bdb6bb"},"headline":"Deputado Adriano Jos\u00e9 repudia tumulto na C\u00e2mara de Colorado e refor\u00e7a respeito ao processo democr\u00e1tico","datePublished":"2025-01-03T23:50:02+00:00","dateModified":"2025-01-03T23:59:23+00:00","mainEntityOfPage":{"@id":"https:\/\/soldadoadrianojose.com.br\/index.php\/2025\/01\/03\/deputado-adriano-jose-repudia-tumulto-na-camara-de-colorado-e-reforca-respeito-ao-processo-democratico\/"},"wordCount":197,"commentCount":0,"publisher":{"@id":"https:\/\/soldadoadrianojose.com.br\/#\/schema\/person\/16f8e8defb7a4bd6c6082efcd1bdb6bb"},"image":{"@id":"https:\/\/soldadoadrianojose.com.br\/index.php\/2025\/01\/03\/deputado-adriano-jose-repudia-tumulto-na-camara-de-colorado-e-reforca-respeito-ao-processo-democratico\/#primaryimage"},"thumbnailUrl":"https:\/\/soldadoadrianojose.com.br\/wp-content\/uploads\/2025\/01\/d7ae104b-3d0a-4ac7-b4f5-60d5c87f908c.jpeg","articleSection":["GABINETE SD"],"inLanguage":"pt-BR","potentialAction":[{"@type":"CommentAction","name":"Comment","target":["https:\/\/soldadoadrianojose.com.br\/index.php\/2025\/01\/03\/deputado-adriano-jose-repudia-tumulto-na-camara-de-colorado-e-reforca-respeito-ao-processo-democratico\/#respond"]}]},{"@type":"WebPage","@id":"https:\/\/soldadoadrianojose.com.br\/index.php\/2025\/01\/03\/deputado-adriano-jose-repudia-tumulto-na-camara-de-colorado-e-reforca-respeito-ao-processo-democratico\/","url":"https:\/\/soldadoadrianojose.com.br\/index.php\/2025\/01\/03\/deputado-adriano-jose-repudia-tumulto-na-camara-de-colorado-e-reforca-respeito-ao-processo-democratico\/","name":"Deputado Adriano Jos\u00e9 repudia tumulto na C\u00e2mara de Colorado e refor\u00e7a respeito ao processo democr\u00e1tico - Deputado Adriano Jos\u00e9","isPartOf":{"@id":"https:\/\/soldadoadrianojose.com.br\/#website"},"primaryImageOfPage":{"@id":"https:\/\/soldadoadrianojose.com.br\/index.php\/2025\/01\/03\/deputado-adriano-jose-repudia-tumulto-na-camara-de-colorado-e-reforca-respeito-ao-processo-democratico\/#primaryimage"},"image":{"@id":"https:\/\/soldadoadrianojose.com.br\/index.php\/2025\/01\/03\/deputado-adriano-jose-repudia-tumulto-na-camara-de-colorado-e-reforca-respeito-ao-processo-democratico\/#primaryimage"},"thumbnailUrl":"https:\/\/soldadoadrianojose.com.br\/wp-content\/uploads\/2025\/01\/d7ae104b-3d0a-4ac7-b4f5-60d5c87f908c.jpeg","datePublished":"2025-01-03T23:50:02+00:00","dateModified":"2025-01-03T23:59:23+00:00","breadcrumb":{"@id":"https:\/\/soldadoadrianojose.com.br\/index.php\/2025\/01\/03\/deputado-adriano-jose-repudia-tumulto-na-camara-de-colorado-e-reforca-respeito-ao-processo-democratico\/#breadcrumb"},"inLanguage":"pt-BR","potentialAction":[{"@type":"ReadAction","target":["https:\/\/soldadoadrianojose.com.br\/index.php\/2025\/01\/03\/deputado-adriano-jose-repudia-tumulto-na-camara-de-colorado-e-reforca-respeito-ao-processo-democratico\/"]}]},{"@type":"ImageObject","inLanguage":"pt-BR","@id":"https:\/\/soldadoadrianojose.com.br\/index.php\/2025\/01\/03\/deputado-adriano-jose-repudia-tumulto-na-camara-de-colorado-e-reforca-respeito-ao-processo-democratico\/#primaryimage","url":"https:\/\/soldadoadrianojose.com.br\/wp-content\/uploads\/2025\/01\/d7ae104b-3d0a-4ac7-b4f5-60d5c87f908c.jpeg","contentUrl":"https:\/\/soldadoadrianojose.com.br\/wp-content\/uploads\/2025\/01\/d7ae104b-3d0a-4ac7-b4f5-60d5c87f908c.jpeg","width":1600,"height":1066},{"@type":"BreadcrumbList","@id":"https:\/\/soldadoadrianojose.com.br\/index.php\/2025\/01\/03\/deputado-adriano-jose-repudia-tumulto-na-camara-de-colorado-e-reforca-respeito-ao-processo-democratico\/#breadcrumb","itemListElement":[{"@type":"ListItem","position":1,"name":"In\u00edcio","item":"https:\/\/soldadoadrianojose.com.br\/"},{"@type":"ListItem","position":2,"name":"Deputado Adriano Jos\u00e9 repudia tumulto na C\u00e2mara de Colorado e refor\u00e7a respeito ao processo democr\u00e1tico"}]},{"@type":"WebSite","@id":"https:\/\/soldadoadrianojose.com.br\/#website","url":"https:\/\/soldadoadrianojose.com.br\/","name":"Deputado Adriano Jos\u00e9","description":"Nosso trabalho \u00e9 pelas pessoas","publisher":{"@id":"https:\/\/soldadoadrianojose.com.br\/#\/schema\/person\/16f8e8defb7a4bd6c6082efcd1bdb6bb"},"potentialAction":[{"@type":"SearchAction","target":{"@type":"EntryPoint","urlTemplate":"https:\/\/soldadoadrianojose.com.br\/?s={search_term_string}"},"query-input":{"@type":"PropertyValueSpecification","valueRequired":true,"valueName":"search_term_string"}}],"inLanguage":"pt-BR"},{"@type":["Person","Organization"],"@id":"https:\/\/soldadoadrianojose.com.br\/#\/schema\/person\/16f8e8defb7a4bd6c6082efcd1bdb6bb","name":"soldadoadrianojose","image":{"@type":"ImageObject","inLanguage":"pt-BR","@id":"https:\/\/soldadoadrianojose.com.br\/wp-content\/uploads\/2023\/02\/LOGO_CLEAR-5.png","url":"https:\/\/soldadoadrianojose.com.br\/wp-content\/uploads\/2023\/02\/LOGO_CLEAR-5.png","contentUrl":"https:\/\/soldadoadrianojose.com.br\/wp-content\/uploads\/2023\/02\/LOGO_CLEAR-5.png","width":3508,"height":998,"caption":"soldadoadrianojose"},"logo":{"@id":"https:\/\/soldadoadrianojose.com.br\/wp-content\/uploads\/2023\/02\/LOGO_CLEAR-5.png"},"sameAs":["https:\/\/soldadoadrianojose.com.br"],"url":"https:\/\/soldadoadrianojose.com.br\/index.php\/author\/soldadoadrianojose\/"}]}},"jetpack_featured_media_url":"https:\/\/soldadoadrianojose.com.br\/wp-content\/uploads\/2025\/01\/d7ae104b-3d0a-4ac7-b4f5-60d5c87f908c.jpeg","_links":{"self":[{"href":"https:\/\/soldadoadrianojose.com.br\/index.php\/wp-json\/wp\/v2\/posts\/2650","targetHints":{"allow":["GET"]}}],"collection":[{"href":"https:\/\/soldadoadrianojose.com.br\/index.php\/wp-json\/wp\/v2\/posts"}],"about":[{"href":"https:\/\/soldadoadrianojose.com.br\/index.php\/wp-json\/wp\/v2\/types\/post"}],"author":[{"embeddable":true,"href":"https:\/\/soldadoadrianojose.com.br\/index.php\/wp-json\/wp\/v2\/users\/1"}],"replies":[{"embeddable":true,"href":"https:\/\/soldadoadrianojose.com.br\/index.php\/wp-json\/wp\/v2\/comments?post=2650"}],"version-history":[{"count":4,"href":"https:\/\/soldadoadrianojose.com.br\/index.php\/wp-json\/wp\/v2\/posts\/2650\/revisions"}],"predecessor-version":[{"id":2655,"href":"https:\/\/soldadoadrianojose.com.br\/index.php\/wp-json\/wp\/v2\/posts\/2650\/revisions\/2655"}],"wp:featuredmedia":[{"embeddable":true,"href":"https:\/\/soldadoadrianojose.com.br\/index.php\/wp-json\/wp\/v2\/media\/2651"}],"wp:attachment":[{"href":"https:\/\/soldadoadrianojose.com.br\/index.php\/wp-json\/wp\/v2\/media?parent=2650"}],"wp:term":[{"taxonomy":"category","embeddable":true,"href":"https:\/\/soldadoadrianojose.com.br\/index.php\/wp-json\/wp\/v2\/categories?post=2650"},{"taxonomy":"post_tag","embeddable":true,"href":"https:\/\/soldadoadrianojose.com.br\/index.php\/wp-json\/wp\/v2\/tags?post=2650"}],"curies":[{"name":"wp","href":"https:\/\/api.w.org\/{rel}","templated":true}]}}