{"id":2660,"date":"2025-01-16T13:19:46","date_gmt":"2025-01-16T16:19:46","guid":{"rendered":"https:\/\/soldadoadrianojose.com.br\/?p=2660"},"modified":"2025-01-16T13:22:37","modified_gmt":"2025-01-16T16:22:37","slug":"deputado-adriano-jose-e-vereadores-tem-importantes-agendas-na-capital-para-garantir-investimentos-em-colorado","status":"publish","type":"post","link":"https:\/\/soldadoadrianojose.com.br\/index.php\/2025\/01\/16\/deputado-adriano-jose-e-vereadores-tem-importantes-agendas-na-capital-para-garantir-investimentos-em-colorado\/","title":{"rendered":"Deputado Adriano Jos\u00e9 e Vereadores t\u00eam importantes agendas na Capital para garantir investimentos em Colorado"},"content":{"rendered":"<p>Colorado est\u00e1 vivendo um momento de grande progresso, gra\u00e7as ao trabalho conjunto entre o Deputado Adriano Jos\u00e9, os vereadores da cidade e os secret\u00e1rios estaduais. Em reuni\u00f5es recentes, foram conquistados investimentos e melhorias em v\u00e1rias \u00e1reas, que ir\u00e3o beneficiar a popula\u00e7\u00e3o e melhorar a qualidade de vida na cidade.<\/p>\n<p>Na sa\u00fade, o Deputado Adriano Jos\u00e9, acompanhado das vereadoras  Alexandra Rosseto, Karina Rafaine Caldeira, e dos vereadores Azarias Lima e Toninho da Farm\u00e1cia, se reuniu com o Secret\u00e1rio de Sa\u00fade, Beto Preto, para discutir melhorias no Hospital Santa Clara e no CISVAP. Al\u00e9m disso, foram discutidos a necessidade de  novos ve\u00edculos e ambul\u00e2ncias para a sa\u00fade do munic\u00edpio, e tamb\u00e9m foi planejada a poss\u00edvel constru\u00e7\u00e3o de um novo Pronto Atendimento ou UBS, visando melhorar o acesso da popula\u00e7\u00e3o aos servi\u00e7os m\u00e9dicos.<\/p>\n<p>Na \u00e1rea de moradia, o Deputado Adriano Jos\u00e9, em parceria com a COHAPAR, presidida por Jorge Lange, viabilizou a constru\u00e7\u00e3o de 36 casas no distrito de Alto Alegre e 40 no Residencial Esperan\u00e7a II. Al\u00e9m disso, a cria\u00e7\u00e3o de um condom\u00ednio para idosos, oferecendo mais op\u00e7\u00f5es de moradia digna e qualidade de vida para os moradores de Colorado.<\/p>\n<p>Na infraestrutura, o Deputado e os vereadores se reuniram com o Diretor Geral da Secretaria de Infraestrutura, Fernando Furiatti, para discutir a pavimenta\u00e7\u00e3o do Parque Industrial e a constru\u00e7\u00e3o de uma nova faixa de rodagem na rodovia que liga Colorado a Alto Alegre. Tamb\u00e9m foram tratadas melhorias nas estradas que conectam Colorado a Santo In\u00e1cio, Iguara\u00e7u, Itaguaj\u00e9 e Nova Esperan\u00e7a, com projetos de pavimenta\u00e7\u00e3o importantes para a cidade.<\/p>\n<p>Na agricultura, o Secret\u00e1rio Natalino Avance anunciou que Colorado ser\u00e1 contemplado com R$ 3,7 milh\u00f5es, atrav\u00e9s do programa do governo, para a compra de novos equipamentos essenciais para a melhoria das estradas rurais e infraestrutura agr\u00edcola do munic\u00edpio. Equipamentos como rolo compactador, motoniveladora e escavadeira el\u00e9trica ir\u00e3o ajudar a modernizar a \u00e1rea rural.<\/p>\n<p>Essas a\u00e7\u00f5es demonstram o compromisso do Deputado Adriano Jos\u00e9, dos vereadores e dos secret\u00e1rios envolvidos com o futuro de Colorado. Com o apoio do Governador Ratinho J\u00fanior e de todos os parceiros, a cidade est\u00e1 se tornando cada vez mais forte e com mais oportunidades para seus moradores.<\/p>\n","protected":false},"excerpt":{"rendered":"<p>Colorado est\u00e1 vivendo um momento de grande progresso, gra\u00e7as ao trabalho conjunto entre o Deputado Adriano Jos\u00e9, os vereadores da cidade e os secret\u00e1rios estaduais. Em reuni\u00f5es recentes, foram conquistados investimentos e melhorias em v\u00e1rias \u00e1reas, que ir\u00e3o beneficiar a popula\u00e7\u00e3o e melhorar a qualidade de vida na cidade. Na sa\u00fade, o Deputado Adriano Jos\u00e9, [&hellip;]<\/p>\n","protected":false},"author":1,"featured_media":2658,"comment_status":"open","ping_status":"open","sticky":false,"template":"","format":"standard","meta":{"footnotes":""},"categories":[69],"tags":[],"class_list":["post-2660","post","type-post","status-publish","format-standard","has-post-thumbnail","hentry","category-colorado"],"yoast_head":"<!-- This site is optimized with the Yoast SEO plugin v27.4 - https:\/\/yoast.com\/product\/yoast-seo-wordpress\/ -->\n<title>Deputado Adriano Jos\u00e9 e Vereadores t\u00eam importantes agendas na Capital para garantir investimentos em Colorado - Deputado Adriano Jos\u00e9<\/title>\n<meta name=\"robots\" content=\"index, follow, max-snippet:-1, max-image-preview:large, max-video-preview:-1\" \/>\n<link rel=\"canonical\" href=\"https:\/\/soldadoadrianojose.com.br\/index.php\/2025\/01\/16\/deputado-adriano-jose-e-vereadores-tem-importantes-agendas-na-capital-para-garantir-investimentos-em-colorado\/\" \/>\n<meta property=\"og:locale\" content=\"pt_BR\" \/>\n<meta property=\"og:type\" content=\"article\" \/>\n<meta property=\"og:title\" content=\"Deputado Adriano Jos\u00e9 e Vereadores t\u00eam importantes agendas na Capital para garantir investimentos em Colorado - Deputado Adriano Jos\u00e9\" \/>\n<meta property=\"og:description\" content=\"Colorado est\u00e1 vivendo um momento de grande progresso, gra\u00e7as ao trabalho conjunto entre o Deputado Adriano Jos\u00e9, os vereadores da cidade e os secret\u00e1rios estaduais. Em reuni\u00f5es recentes, foram conquistados investimentos e melhorias em v\u00e1rias \u00e1reas, que ir\u00e3o beneficiar a popula\u00e7\u00e3o e melhorar a qualidade de vida na cidade. Na sa\u00fade, o Deputado Adriano Jos\u00e9, [&hellip;]\" \/>\n<meta property=\"og:url\" content=\"https:\/\/soldadoadrianojose.com.br\/index.php\/2025\/01\/16\/deputado-adriano-jose-e-vereadores-tem-importantes-agendas-na-capital-para-garantir-investimentos-em-colorado\/\" \/>\n<meta property=\"og:site_name\" content=\"Deputado Adriano Jos\u00e9\" \/>\n<meta property=\"article:published_time\" content=\"2025-01-16T16:19:46+00:00\" \/>\n<meta property=\"article:modified_time\" content=\"2025-01-16T16:22:37+00:00\" \/>\n<meta property=\"og:image\" content=\"https:\/\/soldadoadrianojose.com.br\/wp-content\/uploads\/2025\/01\/d1661688-e57c-45c6-9056-cfdfb4f108f6.jpeg\" \/>\n\t<meta property=\"og:image:width\" content=\"1280\" \/>\n\t<meta property=\"og:image:height\" content=\"960\" \/>\n\t<meta property=\"og:image:type\" content=\"image\/jpeg\" \/>\n<meta name=\"author\" content=\"soldadoadrianojose\" \/>\n<meta name=\"twitter:card\" content=\"summary_large_image\" \/>\n<meta name=\"twitter:label1\" content=\"Escrito por\" \/>\n\t<meta name=\"twitter:data1\" content=\"soldadoadrianojose\" \/>\n\t<meta name=\"twitter:label2\" content=\"Est. tempo de leitura\" \/>\n\t<meta name=\"twitter:data2\" content=\"3 minutos\" \/>\n<script type=\"application\/ld+json\" class=\"yoast-schema-graph\">{\"@context\":\"https:\\\/\\\/schema.org\",\"@graph\":[{\"@type\":\"Article\",\"@id\":\"https:\\\/\\\/soldadoadrianojose.com.br\\\/index.php\\\/2025\\\/01\\\/16\\\/deputado-adriano-jose-e-vereadores-tem-importantes-agendas-na-capital-para-garantir-investimentos-em-colorado\\\/#article\",\"isPartOf\":{\"@id\":\"https:\\\/\\\/soldadoadrianojose.com.br\\\/index.php\\\/2025\\\/01\\\/16\\\/deputado-adriano-jose-e-vereadores-tem-importantes-agendas-na-capital-para-garantir-investimentos-em-colorado\\\/\"},\"author\":{\"name\":\"soldadoadrianojose\",\"@id\":\"https:\\\/\\\/soldadoadrianojose.com.br\\\/#\\\/schema\\\/person\\\/16f8e8defb7a4bd6c6082efcd1bdb6bb\"},\"headline\":\"Deputado Adriano Jos\u00e9 e Vereadores t\u00eam importantes agendas na Capital para garantir investimentos em Colorado\",\"datePublished\":\"2025-01-16T16:19:46+00:00\",\"dateModified\":\"2025-01-16T16:22:37+00:00\",\"mainEntityOfPage\":{\"@id\":\"https:\\\/\\\/soldadoadrianojose.com.br\\\/index.php\\\/2025\\\/01\\\/16\\\/deputado-adriano-jose-e-vereadores-tem-importantes-agendas-na-capital-para-garantir-investimentos-em-colorado\\\/\"},\"wordCount\":414,\"commentCount\":0,\"publisher\":{\"@id\":\"https:\\\/\\\/soldadoadrianojose.com.br\\\/#\\\/schema\\\/person\\\/16f8e8defb7a4bd6c6082efcd1bdb6bb\"},\"image\":{\"@id\":\"https:\\\/\\\/soldadoadrianojose.com.br\\\/index.php\\\/2025\\\/01\\\/16\\\/deputado-adriano-jose-e-vereadores-tem-importantes-agendas-na-capital-para-garantir-investimentos-em-colorado\\\/#primaryimage\"},\"thumbnailUrl\":\"https:\\\/\\\/soldadoadrianojose.com.br\\\/wp-content\\\/uploads\\\/2025\\\/01\\\/d1661688-e57c-45c6-9056-cfdfb4f108f6.jpeg\",\"articleSection\":[\"COLORADO\"],\"inLanguage\":\"pt-BR\",\"potentialAction\":[{\"@type\":\"CommentAction\",\"name\":\"Comment\",\"target\":[\"https:\\\/\\\/soldadoadrianojose.com.br\\\/index.php\\\/2025\\\/01\\\/16\\\/deputado-adriano-jose-e-vereadores-tem-importantes-agendas-na-capital-para-garantir-investimentos-em-colorado\\\/#respond\"]}]},{\"@type\":\"WebPage\",\"@id\":\"https:\\\/\\\/soldadoadrianojose.com.br\\\/index.php\\\/2025\\\/01\\\/16\\\/deputado-adriano-jose-e-vereadores-tem-importantes-agendas-na-capital-para-garantir-investimentos-em-colorado\\\/\",\"url\":\"https:\\\/\\\/soldadoadrianojose.com.br\\\/index.php\\\/2025\\\/01\\\/16\\\/deputado-adriano-jose-e-vereadores-tem-importantes-agendas-na-capital-para-garantir-investimentos-em-colorado\\\/\",\"name\":\"Deputado Adriano Jos\u00e9 e Vereadores t\u00eam importantes agendas na Capital para garantir investimentos em Colorado - Deputado Adriano Jos\u00e9\",\"isPartOf\":{\"@id\":\"https:\\\/\\\/soldadoadrianojose.com.br\\\/#website\"},\"primaryImageOfPage\":{\"@id\":\"https:\\\/\\\/soldadoadrianojose.com.br\\\/index.php\\\/2025\\\/01\\\/16\\\/deputado-adriano-jose-e-vereadores-tem-importantes-agendas-na-capital-para-garantir-investimentos-em-colorado\\\/#primaryimage\"},\"image\":{\"@id\":\"https:\\\/\\\/soldadoadrianojose.com.br\\\/index.php\\\/2025\\\/01\\\/16\\\/deputado-adriano-jose-e-vereadores-tem-importantes-agendas-na-capital-para-garantir-investimentos-em-colorado\\\/#primaryimage\"},\"thumbnailUrl\":\"https:\\\/\\\/soldadoadrianojose.com.br\\\/wp-content\\\/uploads\\\/2025\\\/01\\\/d1661688-e57c-45c6-9056-cfdfb4f108f6.jpeg\",\"datePublished\":\"2025-01-16T16:19:46+00:00\",\"dateModified\":\"2025-01-16T16:22:37+00:00\",\"breadcrumb\":{\"@id\":\"https:\\\/\\\/soldadoadrianojose.com.br\\\/index.php\\\/2025\\\/01\\\/16\\\/deputado-adriano-jose-e-vereadores-tem-importantes-agendas-na-capital-para-garantir-investimentos-em-colorado\\\/#breadcrumb\"},\"inLanguage\":\"pt-BR\",\"potentialAction\":[{\"@type\":\"ReadAction\",\"target\":[\"https:\\\/\\\/soldadoadrianojose.com.br\\\/index.php\\\/2025\\\/01\\\/16\\\/deputado-adriano-jose-e-vereadores-tem-importantes-agendas-na-capital-para-garantir-investimentos-em-colorado\\\/\"]}]},{\"@type\":\"ImageObject\",\"inLanguage\":\"pt-BR\",\"@id\":\"https:\\\/\\\/soldadoadrianojose.com.br\\\/index.php\\\/2025\\\/01\\\/16\\\/deputado-adriano-jose-e-vereadores-tem-importantes-agendas-na-capital-para-garantir-investimentos-em-colorado\\\/#primaryimage\",\"url\":\"https:\\\/\\\/soldadoadrianojose.com.br\\\/wp-content\\\/uploads\\\/2025\\\/01\\\/d1661688-e57c-45c6-9056-cfdfb4f108f6.jpeg\",\"contentUrl\":\"https:\\\/\\\/soldadoadrianojose.com.br\\\/wp-content\\\/uploads\\\/2025\\\/01\\\/d1661688-e57c-45c6-9056-cfdfb4f108f6.jpeg\",\"width\":1280,\"height\":960},{\"@type\":\"BreadcrumbList\",\"@id\":\"https:\\\/\\\/soldadoadrianojose.com.br\\\/index.php\\\/2025\\\/01\\\/16\\\/deputado-adriano-jose-e-vereadores-tem-importantes-agendas-na-capital-para-garantir-investimentos-em-colorado\\\/#breadcrumb\",\"itemListElement\":[{\"@type\":\"ListItem\",\"position\":1,\"name\":\"In\u00edcio\",\"item\":\"https:\\\/\\\/soldadoadrianojose.com.br\\\/\"},{\"@type\":\"ListItem\",\"position\":2,\"name\":\"Deputado Adriano Jos\u00e9 e Vereadores t\u00eam importantes agendas na Capital para garantir investimentos em Colorado\"}]},{\"@type\":\"WebSite\",\"@id\":\"https:\\\/\\\/soldadoadrianojose.com.br\\\/#website\",\"url\":\"https:\\\/\\\/soldadoadrianojose.com.br\\\/\",\"name\":\"Deputado Adriano Jos\u00e9\",\"description\":\"Nosso trabalho \u00e9 pelas pessoas\",\"publisher\":{\"@id\":\"https:\\\/\\\/soldadoadrianojose.com.br\\\/#\\\/schema\\\/person\\\/16f8e8defb7a4bd6c6082efcd1bdb6bb\"},\"potentialAction\":[{\"@type\":\"SearchAction\",\"target\":{\"@type\":\"EntryPoint\",\"urlTemplate\":\"https:\\\/\\\/soldadoadrianojose.com.br\\\/?s={search_term_string}\"},\"query-input\":{\"@type\":\"PropertyValueSpecification\",\"valueRequired\":true,\"valueName\":\"search_term_string\"}}],\"inLanguage\":\"pt-BR\"},{\"@type\":[\"Person\",\"Organization\"],\"@id\":\"https:\\\/\\\/soldadoadrianojose.com.br\\\/#\\\/schema\\\/person\\\/16f8e8defb7a4bd6c6082efcd1bdb6bb\",\"name\":\"soldadoadrianojose\",\"image\":{\"@type\":\"ImageObject\",\"inLanguage\":\"pt-BR\",\"@id\":\"https:\\\/\\\/soldadoadrianojose.com.br\\\/wp-content\\\/uploads\\\/2023\\\/02\\\/LOGO_CLEAR-5.png\",\"url\":\"https:\\\/\\\/soldadoadrianojose.com.br\\\/wp-content\\\/uploads\\\/2023\\\/02\\\/LOGO_CLEAR-5.png\",\"contentUrl\":\"https:\\\/\\\/soldadoadrianojose.com.br\\\/wp-content\\\/uploads\\\/2023\\\/02\\\/LOGO_CLEAR-5.png\",\"width\":3508,\"height\":998,\"caption\":\"soldadoadrianojose\"},\"logo\":{\"@id\":\"https:\\\/\\\/soldadoadrianojose.com.br\\\/wp-content\\\/uploads\\\/2023\\\/02\\\/LOGO_CLEAR-5.png\"},\"sameAs\":[\"https:\\\/\\\/soldadoadrianojose.com.br\"],\"url\":\"https:\\\/\\\/soldadoadrianojose.com.br\\\/index.php\\\/author\\\/soldadoadrianojose\\\/\"}]}<\/script>\n<!-- \/ Yoast SEO plugin. -->","yoast_head_json":{"title":"Deputado Adriano Jos\u00e9 e Vereadores t\u00eam importantes agendas na Capital para garantir investimentos em Colorado - Deputado Adriano Jos\u00e9","robots":{"index":"index","follow":"follow","max-snippet":"max-snippet:-1","max-image-preview":"max-image-preview:large","max-video-preview":"max-video-preview:-1"},"canonical":"https:\/\/soldadoadrianojose.com.br\/index.php\/2025\/01\/16\/deputado-adriano-jose-e-vereadores-tem-importantes-agendas-na-capital-para-garantir-investimentos-em-colorado\/","og_locale":"pt_BR","og_type":"article","og_title":"Deputado Adriano Jos\u00e9 e Vereadores t\u00eam importantes agendas na Capital para garantir investimentos em Colorado - Deputado Adriano Jos\u00e9","og_description":"Colorado est\u00e1 vivendo um momento de grande progresso, gra\u00e7as ao trabalho conjunto entre o Deputado Adriano Jos\u00e9, os vereadores da cidade e os secret\u00e1rios estaduais. Em reuni\u00f5es recentes, foram conquistados investimentos e melhorias em v\u00e1rias \u00e1reas, que ir\u00e3o beneficiar a popula\u00e7\u00e3o e melhorar a qualidade de vida na cidade. Na sa\u00fade, o Deputado Adriano Jos\u00e9, [&hellip;]","og_url":"https:\/\/soldadoadrianojose.com.br\/index.php\/2025\/01\/16\/deputado-adriano-jose-e-vereadores-tem-importantes-agendas-na-capital-para-garantir-investimentos-em-colorado\/","og_site_name":"Deputado Adriano Jos\u00e9","article_published_time":"2025-01-16T16:19:46+00:00","article_modified_time":"2025-01-16T16:22:37+00:00","og_image":[{"width":1280,"height":960,"url":"https:\/\/soldadoadrianojose.com.br\/wp-content\/uploads\/2025\/01\/d1661688-e57c-45c6-9056-cfdfb4f108f6.jpeg","type":"image\/jpeg"}],"author":"soldadoadrianojose","twitter_card":"summary_large_image","twitter_misc":{"Escrito por":"soldadoadrianojose","Est. tempo de leitura":"3 minutos"},"schema":{"@context":"https:\/\/schema.org","@graph":[{"@type":"Article","@id":"https:\/\/soldadoadrianojose.com.br\/index.php\/2025\/01\/16\/deputado-adriano-jose-e-vereadores-tem-importantes-agendas-na-capital-para-garantir-investimentos-em-colorado\/#article","isPartOf":{"@id":"https:\/\/soldadoadrianojose.com.br\/index.php\/2025\/01\/16\/deputado-adriano-jose-e-vereadores-tem-importantes-agendas-na-capital-para-garantir-investimentos-em-colorado\/"},"author":{"name":"soldadoadrianojose","@id":"https:\/\/soldadoadrianojose.com.br\/#\/schema\/person\/16f8e8defb7a4bd6c6082efcd1bdb6bb"},"headline":"Deputado Adriano Jos\u00e9 e Vereadores t\u00eam importantes agendas na Capital para garantir investimentos em Colorado","datePublished":"2025-01-16T16:19:46+00:00","dateModified":"2025-01-16T16:22:37+00:00","mainEntityOfPage":{"@id":"https:\/\/soldadoadrianojose.com.br\/index.php\/2025\/01\/16\/deputado-adriano-jose-e-vereadores-tem-importantes-agendas-na-capital-para-garantir-investimentos-em-colorado\/"},"wordCount":414,"commentCount":0,"publisher":{"@id":"https:\/\/soldadoadrianojose.com.br\/#\/schema\/person\/16f8e8defb7a4bd6c6082efcd1bdb6bb"},"image":{"@id":"https:\/\/soldadoadrianojose.com.br\/index.php\/2025\/01\/16\/deputado-adriano-jose-e-vereadores-tem-importantes-agendas-na-capital-para-garantir-investimentos-em-colorado\/#primaryimage"},"thumbnailUrl":"https:\/\/soldadoadrianojose.com.br\/wp-content\/uploads\/2025\/01\/d1661688-e57c-45c6-9056-cfdfb4f108f6.jpeg","articleSection":["COLORADO"],"inLanguage":"pt-BR","potentialAction":[{"@type":"CommentAction","name":"Comment","target":["https:\/\/soldadoadrianojose.com.br\/index.php\/2025\/01\/16\/deputado-adriano-jose-e-vereadores-tem-importantes-agendas-na-capital-para-garantir-investimentos-em-colorado\/#respond"]}]},{"@type":"WebPage","@id":"https:\/\/soldadoadrianojose.com.br\/index.php\/2025\/01\/16\/deputado-adriano-jose-e-vereadores-tem-importantes-agendas-na-capital-para-garantir-investimentos-em-colorado\/","url":"https:\/\/soldadoadrianojose.com.br\/index.php\/2025\/01\/16\/deputado-adriano-jose-e-vereadores-tem-importantes-agendas-na-capital-para-garantir-investimentos-em-colorado\/","name":"Deputado Adriano Jos\u00e9 e Vereadores t\u00eam importantes agendas na Capital para garantir investimentos em Colorado - Deputado Adriano Jos\u00e9","isPartOf":{"@id":"https:\/\/soldadoadrianojose.com.br\/#website"},"primaryImageOfPage":{"@id":"https:\/\/soldadoadrianojose.com.br\/index.php\/2025\/01\/16\/deputado-adriano-jose-e-vereadores-tem-importantes-agendas-na-capital-para-garantir-investimentos-em-colorado\/#primaryimage"},"image":{"@id":"https:\/\/soldadoadrianojose.com.br\/index.php\/2025\/01\/16\/deputado-adriano-jose-e-vereadores-tem-importantes-agendas-na-capital-para-garantir-investimentos-em-colorado\/#primaryimage"},"thumbnailUrl":"https:\/\/soldadoadrianojose.com.br\/wp-content\/uploads\/2025\/01\/d1661688-e57c-45c6-9056-cfdfb4f108f6.jpeg","datePublished":"2025-01-16T16:19:46+00:00","dateModified":"2025-01-16T16:22:37+00:00","breadcrumb":{"@id":"https:\/\/soldadoadrianojose.com.br\/index.php\/2025\/01\/16\/deputado-adriano-jose-e-vereadores-tem-importantes-agendas-na-capital-para-garantir-investimentos-em-colorado\/#breadcrumb"},"inLanguage":"pt-BR","potentialAction":[{"@type":"ReadAction","target":["https:\/\/soldadoadrianojose.com.br\/index.php\/2025\/01\/16\/deputado-adriano-jose-e-vereadores-tem-importantes-agendas-na-capital-para-garantir-investimentos-em-colorado\/"]}]},{"@type":"ImageObject","inLanguage":"pt-BR","@id":"https:\/\/soldadoadrianojose.com.br\/index.php\/2025\/01\/16\/deputado-adriano-jose-e-vereadores-tem-importantes-agendas-na-capital-para-garantir-investimentos-em-colorado\/#primaryimage","url":"https:\/\/soldadoadrianojose.com.br\/wp-content\/uploads\/2025\/01\/d1661688-e57c-45c6-9056-cfdfb4f108f6.jpeg","contentUrl":"https:\/\/soldadoadrianojose.com.br\/wp-content\/uploads\/2025\/01\/d1661688-e57c-45c6-9056-cfdfb4f108f6.jpeg","width":1280,"height":960},{"@type":"BreadcrumbList","@id":"https:\/\/soldadoadrianojose.com.br\/index.php\/2025\/01\/16\/deputado-adriano-jose-e-vereadores-tem-importantes-agendas-na-capital-para-garantir-investimentos-em-colorado\/#breadcrumb","itemListElement":[{"@type":"ListItem","position":1,"name":"In\u00edcio","item":"https:\/\/soldadoadrianojose.com.br\/"},{"@type":"ListItem","position":2,"name":"Deputado Adriano Jos\u00e9 e Vereadores t\u00eam importantes agendas na Capital para garantir investimentos em Colorado"}]},{"@type":"WebSite","@id":"https:\/\/soldadoadrianojose.com.br\/#website","url":"https:\/\/soldadoadrianojose.com.br\/","name":"Deputado Adriano Jos\u00e9","description":"Nosso trabalho \u00e9 pelas pessoas","publisher":{"@id":"https:\/\/soldadoadrianojose.com.br\/#\/schema\/person\/16f8e8defb7a4bd6c6082efcd1bdb6bb"},"potentialAction":[{"@type":"SearchAction","target":{"@type":"EntryPoint","urlTemplate":"https:\/\/soldadoadrianojose.com.br\/?s={search_term_string}"},"query-input":{"@type":"PropertyValueSpecification","valueRequired":true,"valueName":"search_term_string"}}],"inLanguage":"pt-BR"},{"@type":["Person","Organization"],"@id":"https:\/\/soldadoadrianojose.com.br\/#\/schema\/person\/16f8e8defb7a4bd6c6082efcd1bdb6bb","name":"soldadoadrianojose","image":{"@type":"ImageObject","inLanguage":"pt-BR","@id":"https:\/\/soldadoadrianojose.com.br\/wp-content\/uploads\/2023\/02\/LOGO_CLEAR-5.png","url":"https:\/\/soldadoadrianojose.com.br\/wp-content\/uploads\/2023\/02\/LOGO_CLEAR-5.png","contentUrl":"https:\/\/soldadoadrianojose.com.br\/wp-content\/uploads\/2023\/02\/LOGO_CLEAR-5.png","width":3508,"height":998,"caption":"soldadoadrianojose"},"logo":{"@id":"https:\/\/soldadoadrianojose.com.br\/wp-content\/uploads\/2023\/02\/LOGO_CLEAR-5.png"},"sameAs":["https:\/\/soldadoadrianojose.com.br"],"url":"https:\/\/soldadoadrianojose.com.br\/index.php\/author\/soldadoadrianojose\/"}]}},"jetpack_featured_media_url":"https:\/\/soldadoadrianojose.com.br\/wp-content\/uploads\/2025\/01\/d1661688-e57c-45c6-9056-cfdfb4f108f6.jpeg","_links":{"self":[{"href":"https:\/\/soldadoadrianojose.com.br\/index.php\/wp-json\/wp\/v2\/posts\/2660","targetHints":{"allow":["GET"]}}],"collection":[{"href":"https:\/\/soldadoadrianojose.com.br\/index.php\/wp-json\/wp\/v2\/posts"}],"about":[{"href":"https:\/\/soldadoadrianojose.com.br\/index.php\/wp-json\/wp\/v2\/types\/post"}],"author":[{"embeddable":true,"href":"https:\/\/soldadoadrianojose.com.br\/index.php\/wp-json\/wp\/v2\/users\/1"}],"replies":[{"embeddable":true,"href":"https:\/\/soldadoadrianojose.com.br\/index.php\/wp-json\/wp\/v2\/comments?post=2660"}],"version-history":[{"count":2,"href":"https:\/\/soldadoadrianojose.com.br\/index.php\/wp-json\/wp\/v2\/posts\/2660\/revisions"}],"predecessor-version":[{"id":2663,"href":"https:\/\/soldadoadrianojose.com.br\/index.php\/wp-json\/wp\/v2\/posts\/2660\/revisions\/2663"}],"wp:featuredmedia":[{"embeddable":true,"href":"https:\/\/soldadoadrianojose.com.br\/index.php\/wp-json\/wp\/v2\/media\/2658"}],"wp:attachment":[{"href":"https:\/\/soldadoadrianojose.com.br\/index.php\/wp-json\/wp\/v2\/media?parent=2660"}],"wp:term":[{"taxonomy":"category","embeddable":true,"href":"https:\/\/soldadoadrianojose.com.br\/index.php\/wp-json\/wp\/v2\/categories?post=2660"},{"taxonomy":"post_tag","embeddable":true,"href":"https:\/\/soldadoadrianojose.com.br\/index.php\/wp-json\/wp\/v2\/tags?post=2660"}],"curies":[{"name":"wp","href":"https:\/\/api.w.org\/{rel}","templated":true}]}}