{"id":2752,"date":"2025-04-10T13:47:04","date_gmt":"2025-04-10T16:47:04","guid":{"rendered":"https:\/\/soldadoadrianojose.com.br\/?p=2752"},"modified":"2025-04-10T13:58:25","modified_gmt":"2025-04-10T16:58:25","slug":"deputado-adriano-jose-destaca-a-criacao-de-camara-especializada-para-casos-de-violencia-domestica-no-parana","status":"publish","type":"post","link":"https:\/\/soldadoadrianojose.com.br\/index.php\/2025\/04\/10\/deputado-adriano-jose-destaca-a-criacao-de-camara-especializada-para-casos-de-violencia-domestica-no-parana\/","title":{"rendered":"Deputado Adriano Jos\u00e9 destaca a cria\u00e7\u00e3o de C\u00e2mara especializada para casos de viol\u00eancia dom\u00e9stica no Paran\u00e1"},"content":{"rendered":"<p>A Assembleia Legislativa do Paran\u00e1 (Alep) aprovou na Comiss\u00e3o de Constitui\u00e7\u00e3o e Justi\u00e7a (CCJ), nesta ter\u00e7a-feira (08), a cria\u00e7\u00e3o de uma nova C\u00e2mara Criminal no Tribunal de Justi\u00e7a do Paran\u00e1 (TJPR), que ser\u00e1 especializada no julgamento de casos de viol\u00eancia dom\u00e9stica e familiar. A medida tem como objetivo agilizar os processos e proporcionar uma resposta mais r\u00e1pida \u00e0s v\u00edtimas de viol\u00eancia, que muitas vezes enfrentam longas esperas pela justi\u00e7a.<\/p>\n<p>O deputado Adriano Jos\u00e9, que se posicionou fortemente a favor da proposta, ressaltou a import\u00e2ncia de uma c\u00e2mara especializada para lidar com quest\u00f5es t\u00e3o delicadas e urgentes. \u201cEsta \u00e9 uma medida crucial para garantir que as v\u00edtimas de viol\u00eancia dom\u00e9stica recebam a aten\u00e7\u00e3o e a celeridade que merecem. O sistema judici\u00e1rio precisa ser eficiente para que possamos proteger as mulheres, crian\u00e7as e outras v\u00edtimas, evitando que os agressores continuem impunes e reincidam em seus crimes\u201d, destacou o deputado.<\/p>\n<p>Adriano Jos\u00e9 enfatizou que a cria\u00e7\u00e3o da c\u00e2mara especializada n\u00e3o \u00e9 apenas uma quest\u00e3o de efici\u00eancia no sistema judici\u00e1rio, mas tamb\u00e9m um passo importante para fortalecer a rede de prote\u00e7\u00e3o \u00e0s v\u00edtimas. \u201cCom a cria\u00e7\u00e3o dessa c\u00e2mara, teremos um julgamento mais r\u00e1pido e eficaz. As v\u00edtimas, que muitas vezes s\u00e3o obrigadas a viver em situa\u00e7\u00f5es de medo e sofrimento, finalmente poder\u00e3o ver seus casos sendo resolvidos de maneira mais \u00e1gil, trazendo justi\u00e7a de forma mais imediata\u201d, afirmou o parlamentar.<\/p>\n<p>A agilidade no julgamento \u00e9 uma das grandes vantagens dessa proposta. A nova c\u00e2mara visa garantir que os casos de viol\u00eancia dom\u00e9stica n\u00e3o se arrastem por anos, permitindo que os agressores sejam processados de forma mais c\u00e9lere, o que, segundo especialistas, pode contribuir para a diminui\u00e7\u00e3o da reincid\u00eancia. Com isso, espera-se que o Paran\u00e1 tenha uma resposta mais r\u00e1pida e eficaz a um problema social que afeta milh\u00f5es de pessoas.<\/p>\n<p>O TJPR j\u00e1 conta com 13 Varas Judiciais especializadas em Viol\u00eancia Dom\u00e9stica e Familiar, mas a cria\u00e7\u00e3o da nova c\u00e2mara especializada tem como objetivo dar maior agilidade na revis\u00e3o de processos no segundo grau, especialmente aqueles que j\u00e1 foram analisados nas inst\u00e2ncias iniciais.<\/p>\n<p>Com a aprova\u00e7\u00e3o do projeto, o Paran\u00e1 d\u00e1 um passo importante para refor\u00e7ar o combate \u00e0 viol\u00eancia dom\u00e9stica, oferecendo um sistema judici\u00e1rio mais r\u00e1pido e eficiente, al\u00e9m de garantir que as v\u00edtimas sejam protegidas e os agressores punidos de forma mais c\u00e9lere e justa.<\/p>\n<p>Fonte: Projeto de Lei 205\/2025 <\/p>\n","protected":false},"excerpt":{"rendered":"<p>A Assembleia Legislativa do Paran\u00e1 (Alep) aprovou na Comiss\u00e3o de Constitui\u00e7\u00e3o e Justi\u00e7a (CCJ), nesta ter\u00e7a-feira (08), a cria\u00e7\u00e3o de uma nova C\u00e2mara Criminal no Tribunal de Justi\u00e7a do Paran\u00e1 (TJPR), que ser\u00e1 especializada no julgamento de casos de viol\u00eancia dom\u00e9stica e familiar. A medida tem como objetivo agilizar os processos e proporcionar uma resposta [&hellip;]<\/p>\n","protected":false},"author":1,"featured_media":2757,"comment_status":"open","ping_status":"open","sticky":false,"template":"","format":"standard","meta":{"footnotes":""},"categories":[1],"tags":[],"class_list":["post-2752","post","type-post","status-publish","format-standard","has-post-thumbnail","hentry","category-gabinete-sd"],"yoast_head":"<!-- This site is optimized with the Yoast SEO plugin v27.4 - https:\/\/yoast.com\/product\/yoast-seo-wordpress\/ -->\n<title>Deputado Adriano Jos\u00e9 destaca a cria\u00e7\u00e3o de C\u00e2mara especializada para casos de viol\u00eancia dom\u00e9stica no Paran\u00e1 - Deputado Adriano Jos\u00e9<\/title>\n<meta name=\"robots\" content=\"index, follow, max-snippet:-1, max-image-preview:large, max-video-preview:-1\" \/>\n<link rel=\"canonical\" href=\"https:\/\/soldadoadrianojose.com.br\/index.php\/2025\/04\/10\/deputado-adriano-jose-destaca-a-criacao-de-camara-especializada-para-casos-de-violencia-domestica-no-parana\/\" \/>\n<meta property=\"og:locale\" content=\"pt_BR\" \/>\n<meta property=\"og:type\" content=\"article\" \/>\n<meta property=\"og:title\" content=\"Deputado Adriano Jos\u00e9 destaca a cria\u00e7\u00e3o de C\u00e2mara especializada para casos de viol\u00eancia dom\u00e9stica no Paran\u00e1 - Deputado Adriano Jos\u00e9\" \/>\n<meta property=\"og:description\" content=\"A Assembleia Legislativa do Paran\u00e1 (Alep) aprovou na Comiss\u00e3o de Constitui\u00e7\u00e3o e Justi\u00e7a (CCJ), nesta ter\u00e7a-feira (08), a cria\u00e7\u00e3o de uma nova C\u00e2mara Criminal no Tribunal de Justi\u00e7a do Paran\u00e1 (TJPR), que ser\u00e1 especializada no julgamento de casos de viol\u00eancia dom\u00e9stica e familiar. A medida tem como objetivo agilizar os processos e proporcionar uma resposta [&hellip;]\" \/>\n<meta property=\"og:url\" content=\"https:\/\/soldadoadrianojose.com.br\/index.php\/2025\/04\/10\/deputado-adriano-jose-destaca-a-criacao-de-camara-especializada-para-casos-de-violencia-domestica-no-parana\/\" \/>\n<meta property=\"og:site_name\" content=\"Deputado Adriano Jos\u00e9\" \/>\n<meta property=\"article:published_time\" content=\"2025-04-10T16:47:04+00:00\" \/>\n<meta property=\"article:modified_time\" content=\"2025-04-10T16:58:25+00:00\" \/>\n<meta property=\"og:image\" content=\"https:\/\/soldadoadrianojose.com.br\/wp-content\/uploads\/2025\/04\/MXaEKdPiThBfEPCWAuPOejTWCl9NIz1EZsL0xEiq.jpg\" \/>\n\t<meta property=\"og:image:width\" content=\"863\" \/>\n\t<meta property=\"og:image:height\" content=\"575\" \/>\n\t<meta property=\"og:image:type\" content=\"image\/jpeg\" \/>\n<meta name=\"author\" content=\"soldadoadrianojose\" \/>\n<meta name=\"twitter:card\" content=\"summary_large_image\" \/>\n<meta name=\"twitter:label1\" content=\"Escrito por\" \/>\n\t<meta name=\"twitter:data1\" content=\"soldadoadrianojose\" \/>\n\t<meta name=\"twitter:label2\" content=\"Est. tempo de leitura\" \/>\n\t<meta name=\"twitter:data2\" content=\"3 minutos\" \/>\n<script type=\"application\/ld+json\" class=\"yoast-schema-graph\">{\"@context\":\"https:\\\/\\\/schema.org\",\"@graph\":[{\"@type\":\"Article\",\"@id\":\"https:\\\/\\\/soldadoadrianojose.com.br\\\/index.php\\\/2025\\\/04\\\/10\\\/deputado-adriano-jose-destaca-a-criacao-de-camara-especializada-para-casos-de-violencia-domestica-no-parana\\\/#article\",\"isPartOf\":{\"@id\":\"https:\\\/\\\/soldadoadrianojose.com.br\\\/index.php\\\/2025\\\/04\\\/10\\\/deputado-adriano-jose-destaca-a-criacao-de-camara-especializada-para-casos-de-violencia-domestica-no-parana\\\/\"},\"author\":{\"name\":\"soldadoadrianojose\",\"@id\":\"https:\\\/\\\/soldadoadrianojose.com.br\\\/#\\\/schema\\\/person\\\/16f8e8defb7a4bd6c6082efcd1bdb6bb\"},\"headline\":\"Deputado Adriano Jos\u00e9 destaca a cria\u00e7\u00e3o de C\u00e2mara especializada para casos de viol\u00eancia dom\u00e9stica no Paran\u00e1\",\"datePublished\":\"2025-04-10T16:47:04+00:00\",\"dateModified\":\"2025-04-10T16:58:25+00:00\",\"mainEntityOfPage\":{\"@id\":\"https:\\\/\\\/soldadoadrianojose.com.br\\\/index.php\\\/2025\\\/04\\\/10\\\/deputado-adriano-jose-destaca-a-criacao-de-camara-especializada-para-casos-de-violencia-domestica-no-parana\\\/\"},\"wordCount\":466,\"commentCount\":0,\"publisher\":{\"@id\":\"https:\\\/\\\/soldadoadrianojose.com.br\\\/#\\\/schema\\\/person\\\/16f8e8defb7a4bd6c6082efcd1bdb6bb\"},\"image\":{\"@id\":\"https:\\\/\\\/soldadoadrianojose.com.br\\\/index.php\\\/2025\\\/04\\\/10\\\/deputado-adriano-jose-destaca-a-criacao-de-camara-especializada-para-casos-de-violencia-domestica-no-parana\\\/#primaryimage\"},\"thumbnailUrl\":\"https:\\\/\\\/soldadoadrianojose.com.br\\\/wp-content\\\/uploads\\\/2025\\\/04\\\/MXaEKdPiThBfEPCWAuPOejTWCl9NIz1EZsL0xEiq.jpg\",\"articleSection\":[\"GABINETE SD\"],\"inLanguage\":\"pt-BR\",\"potentialAction\":[{\"@type\":\"CommentAction\",\"name\":\"Comment\",\"target\":[\"https:\\\/\\\/soldadoadrianojose.com.br\\\/index.php\\\/2025\\\/04\\\/10\\\/deputado-adriano-jose-destaca-a-criacao-de-camara-especializada-para-casos-de-violencia-domestica-no-parana\\\/#respond\"]}]},{\"@type\":\"WebPage\",\"@id\":\"https:\\\/\\\/soldadoadrianojose.com.br\\\/index.php\\\/2025\\\/04\\\/10\\\/deputado-adriano-jose-destaca-a-criacao-de-camara-especializada-para-casos-de-violencia-domestica-no-parana\\\/\",\"url\":\"https:\\\/\\\/soldadoadrianojose.com.br\\\/index.php\\\/2025\\\/04\\\/10\\\/deputado-adriano-jose-destaca-a-criacao-de-camara-especializada-para-casos-de-violencia-domestica-no-parana\\\/\",\"name\":\"Deputado Adriano Jos\u00e9 destaca a cria\u00e7\u00e3o de C\u00e2mara especializada para casos de viol\u00eancia dom\u00e9stica no Paran\u00e1 - Deputado Adriano Jos\u00e9\",\"isPartOf\":{\"@id\":\"https:\\\/\\\/soldadoadrianojose.com.br\\\/#website\"},\"primaryImageOfPage\":{\"@id\":\"https:\\\/\\\/soldadoadrianojose.com.br\\\/index.php\\\/2025\\\/04\\\/10\\\/deputado-adriano-jose-destaca-a-criacao-de-camara-especializada-para-casos-de-violencia-domestica-no-parana\\\/#primaryimage\"},\"image\":{\"@id\":\"https:\\\/\\\/soldadoadrianojose.com.br\\\/index.php\\\/2025\\\/04\\\/10\\\/deputado-adriano-jose-destaca-a-criacao-de-camara-especializada-para-casos-de-violencia-domestica-no-parana\\\/#primaryimage\"},\"thumbnailUrl\":\"https:\\\/\\\/soldadoadrianojose.com.br\\\/wp-content\\\/uploads\\\/2025\\\/04\\\/MXaEKdPiThBfEPCWAuPOejTWCl9NIz1EZsL0xEiq.jpg\",\"datePublished\":\"2025-04-10T16:47:04+00:00\",\"dateModified\":\"2025-04-10T16:58:25+00:00\",\"breadcrumb\":{\"@id\":\"https:\\\/\\\/soldadoadrianojose.com.br\\\/index.php\\\/2025\\\/04\\\/10\\\/deputado-adriano-jose-destaca-a-criacao-de-camara-especializada-para-casos-de-violencia-domestica-no-parana\\\/#breadcrumb\"},\"inLanguage\":\"pt-BR\",\"potentialAction\":[{\"@type\":\"ReadAction\",\"target\":[\"https:\\\/\\\/soldadoadrianojose.com.br\\\/index.php\\\/2025\\\/04\\\/10\\\/deputado-adriano-jose-destaca-a-criacao-de-camara-especializada-para-casos-de-violencia-domestica-no-parana\\\/\"]}]},{\"@type\":\"ImageObject\",\"inLanguage\":\"pt-BR\",\"@id\":\"https:\\\/\\\/soldadoadrianojose.com.br\\\/index.php\\\/2025\\\/04\\\/10\\\/deputado-adriano-jose-destaca-a-criacao-de-camara-especializada-para-casos-de-violencia-domestica-no-parana\\\/#primaryimage\",\"url\":\"https:\\\/\\\/soldadoadrianojose.com.br\\\/wp-content\\\/uploads\\\/2025\\\/04\\\/MXaEKdPiThBfEPCWAuPOejTWCl9NIz1EZsL0xEiq.jpg\",\"contentUrl\":\"https:\\\/\\\/soldadoadrianojose.com.br\\\/wp-content\\\/uploads\\\/2025\\\/04\\\/MXaEKdPiThBfEPCWAuPOejTWCl9NIz1EZsL0xEiq.jpg\",\"width\":863,\"height\":575},{\"@type\":\"BreadcrumbList\",\"@id\":\"https:\\\/\\\/soldadoadrianojose.com.br\\\/index.php\\\/2025\\\/04\\\/10\\\/deputado-adriano-jose-destaca-a-criacao-de-camara-especializada-para-casos-de-violencia-domestica-no-parana\\\/#breadcrumb\",\"itemListElement\":[{\"@type\":\"ListItem\",\"position\":1,\"name\":\"In\u00edcio\",\"item\":\"https:\\\/\\\/soldadoadrianojose.com.br\\\/\"},{\"@type\":\"ListItem\",\"position\":2,\"name\":\"Deputado Adriano Jos\u00e9 destaca a cria\u00e7\u00e3o de C\u00e2mara especializada para casos de viol\u00eancia dom\u00e9stica no Paran\u00e1\"}]},{\"@type\":\"WebSite\",\"@id\":\"https:\\\/\\\/soldadoadrianojose.com.br\\\/#website\",\"url\":\"https:\\\/\\\/soldadoadrianojose.com.br\\\/\",\"name\":\"Deputado Adriano Jos\u00e9\",\"description\":\"Nosso trabalho \u00e9 pelas pessoas\",\"publisher\":{\"@id\":\"https:\\\/\\\/soldadoadrianojose.com.br\\\/#\\\/schema\\\/person\\\/16f8e8defb7a4bd6c6082efcd1bdb6bb\"},\"potentialAction\":[{\"@type\":\"SearchAction\",\"target\":{\"@type\":\"EntryPoint\",\"urlTemplate\":\"https:\\\/\\\/soldadoadrianojose.com.br\\\/?s={search_term_string}\"},\"query-input\":{\"@type\":\"PropertyValueSpecification\",\"valueRequired\":true,\"valueName\":\"search_term_string\"}}],\"inLanguage\":\"pt-BR\"},{\"@type\":[\"Person\",\"Organization\"],\"@id\":\"https:\\\/\\\/soldadoadrianojose.com.br\\\/#\\\/schema\\\/person\\\/16f8e8defb7a4bd6c6082efcd1bdb6bb\",\"name\":\"soldadoadrianojose\",\"image\":{\"@type\":\"ImageObject\",\"inLanguage\":\"pt-BR\",\"@id\":\"https:\\\/\\\/soldadoadrianojose.com.br\\\/wp-content\\\/uploads\\\/2023\\\/02\\\/LOGO_CLEAR-5.png\",\"url\":\"https:\\\/\\\/soldadoadrianojose.com.br\\\/wp-content\\\/uploads\\\/2023\\\/02\\\/LOGO_CLEAR-5.png\",\"contentUrl\":\"https:\\\/\\\/soldadoadrianojose.com.br\\\/wp-content\\\/uploads\\\/2023\\\/02\\\/LOGO_CLEAR-5.png\",\"width\":3508,\"height\":998,\"caption\":\"soldadoadrianojose\"},\"logo\":{\"@id\":\"https:\\\/\\\/soldadoadrianojose.com.br\\\/wp-content\\\/uploads\\\/2023\\\/02\\\/LOGO_CLEAR-5.png\"},\"sameAs\":[\"https:\\\/\\\/soldadoadrianojose.com.br\"],\"url\":\"https:\\\/\\\/soldadoadrianojose.com.br\\\/index.php\\\/author\\\/soldadoadrianojose\\\/\"}]}<\/script>\n<!-- \/ Yoast SEO plugin. -->","yoast_head_json":{"title":"Deputado Adriano Jos\u00e9 destaca a cria\u00e7\u00e3o de C\u00e2mara especializada para casos de viol\u00eancia dom\u00e9stica no Paran\u00e1 - Deputado Adriano Jos\u00e9","robots":{"index":"index","follow":"follow","max-snippet":"max-snippet:-1","max-image-preview":"max-image-preview:large","max-video-preview":"max-video-preview:-1"},"canonical":"https:\/\/soldadoadrianojose.com.br\/index.php\/2025\/04\/10\/deputado-adriano-jose-destaca-a-criacao-de-camara-especializada-para-casos-de-violencia-domestica-no-parana\/","og_locale":"pt_BR","og_type":"article","og_title":"Deputado Adriano Jos\u00e9 destaca a cria\u00e7\u00e3o de C\u00e2mara especializada para casos de viol\u00eancia dom\u00e9stica no Paran\u00e1 - Deputado Adriano Jos\u00e9","og_description":"A Assembleia Legislativa do Paran\u00e1 (Alep) aprovou na Comiss\u00e3o de Constitui\u00e7\u00e3o e Justi\u00e7a (CCJ), nesta ter\u00e7a-feira (08), a cria\u00e7\u00e3o de uma nova C\u00e2mara Criminal no Tribunal de Justi\u00e7a do Paran\u00e1 (TJPR), que ser\u00e1 especializada no julgamento de casos de viol\u00eancia dom\u00e9stica e familiar. A medida tem como objetivo agilizar os processos e proporcionar uma resposta [&hellip;]","og_url":"https:\/\/soldadoadrianojose.com.br\/index.php\/2025\/04\/10\/deputado-adriano-jose-destaca-a-criacao-de-camara-especializada-para-casos-de-violencia-domestica-no-parana\/","og_site_name":"Deputado Adriano Jos\u00e9","article_published_time":"2025-04-10T16:47:04+00:00","article_modified_time":"2025-04-10T16:58:25+00:00","og_image":[{"width":863,"height":575,"url":"https:\/\/soldadoadrianojose.com.br\/wp-content\/uploads\/2025\/04\/MXaEKdPiThBfEPCWAuPOejTWCl9NIz1EZsL0xEiq.jpg","type":"image\/jpeg"}],"author":"soldadoadrianojose","twitter_card":"summary_large_image","twitter_misc":{"Escrito por":"soldadoadrianojose","Est. tempo de leitura":"3 minutos"},"schema":{"@context":"https:\/\/schema.org","@graph":[{"@type":"Article","@id":"https:\/\/soldadoadrianojose.com.br\/index.php\/2025\/04\/10\/deputado-adriano-jose-destaca-a-criacao-de-camara-especializada-para-casos-de-violencia-domestica-no-parana\/#article","isPartOf":{"@id":"https:\/\/soldadoadrianojose.com.br\/index.php\/2025\/04\/10\/deputado-adriano-jose-destaca-a-criacao-de-camara-especializada-para-casos-de-violencia-domestica-no-parana\/"},"author":{"name":"soldadoadrianojose","@id":"https:\/\/soldadoadrianojose.com.br\/#\/schema\/person\/16f8e8defb7a4bd6c6082efcd1bdb6bb"},"headline":"Deputado Adriano Jos\u00e9 destaca a cria\u00e7\u00e3o de C\u00e2mara especializada para casos de viol\u00eancia dom\u00e9stica no Paran\u00e1","datePublished":"2025-04-10T16:47:04+00:00","dateModified":"2025-04-10T16:58:25+00:00","mainEntityOfPage":{"@id":"https:\/\/soldadoadrianojose.com.br\/index.php\/2025\/04\/10\/deputado-adriano-jose-destaca-a-criacao-de-camara-especializada-para-casos-de-violencia-domestica-no-parana\/"},"wordCount":466,"commentCount":0,"publisher":{"@id":"https:\/\/soldadoadrianojose.com.br\/#\/schema\/person\/16f8e8defb7a4bd6c6082efcd1bdb6bb"},"image":{"@id":"https:\/\/soldadoadrianojose.com.br\/index.php\/2025\/04\/10\/deputado-adriano-jose-destaca-a-criacao-de-camara-especializada-para-casos-de-violencia-domestica-no-parana\/#primaryimage"},"thumbnailUrl":"https:\/\/soldadoadrianojose.com.br\/wp-content\/uploads\/2025\/04\/MXaEKdPiThBfEPCWAuPOejTWCl9NIz1EZsL0xEiq.jpg","articleSection":["GABINETE SD"],"inLanguage":"pt-BR","potentialAction":[{"@type":"CommentAction","name":"Comment","target":["https:\/\/soldadoadrianojose.com.br\/index.php\/2025\/04\/10\/deputado-adriano-jose-destaca-a-criacao-de-camara-especializada-para-casos-de-violencia-domestica-no-parana\/#respond"]}]},{"@type":"WebPage","@id":"https:\/\/soldadoadrianojose.com.br\/index.php\/2025\/04\/10\/deputado-adriano-jose-destaca-a-criacao-de-camara-especializada-para-casos-de-violencia-domestica-no-parana\/","url":"https:\/\/soldadoadrianojose.com.br\/index.php\/2025\/04\/10\/deputado-adriano-jose-destaca-a-criacao-de-camara-especializada-para-casos-de-violencia-domestica-no-parana\/","name":"Deputado Adriano Jos\u00e9 destaca a cria\u00e7\u00e3o de C\u00e2mara especializada para casos de viol\u00eancia dom\u00e9stica no Paran\u00e1 - Deputado Adriano Jos\u00e9","isPartOf":{"@id":"https:\/\/soldadoadrianojose.com.br\/#website"},"primaryImageOfPage":{"@id":"https:\/\/soldadoadrianojose.com.br\/index.php\/2025\/04\/10\/deputado-adriano-jose-destaca-a-criacao-de-camara-especializada-para-casos-de-violencia-domestica-no-parana\/#primaryimage"},"image":{"@id":"https:\/\/soldadoadrianojose.com.br\/index.php\/2025\/04\/10\/deputado-adriano-jose-destaca-a-criacao-de-camara-especializada-para-casos-de-violencia-domestica-no-parana\/#primaryimage"},"thumbnailUrl":"https:\/\/soldadoadrianojose.com.br\/wp-content\/uploads\/2025\/04\/MXaEKdPiThBfEPCWAuPOejTWCl9NIz1EZsL0xEiq.jpg","datePublished":"2025-04-10T16:47:04+00:00","dateModified":"2025-04-10T16:58:25+00:00","breadcrumb":{"@id":"https:\/\/soldadoadrianojose.com.br\/index.php\/2025\/04\/10\/deputado-adriano-jose-destaca-a-criacao-de-camara-especializada-para-casos-de-violencia-domestica-no-parana\/#breadcrumb"},"inLanguage":"pt-BR","potentialAction":[{"@type":"ReadAction","target":["https:\/\/soldadoadrianojose.com.br\/index.php\/2025\/04\/10\/deputado-adriano-jose-destaca-a-criacao-de-camara-especializada-para-casos-de-violencia-domestica-no-parana\/"]}]},{"@type":"ImageObject","inLanguage":"pt-BR","@id":"https:\/\/soldadoadrianojose.com.br\/index.php\/2025\/04\/10\/deputado-adriano-jose-destaca-a-criacao-de-camara-especializada-para-casos-de-violencia-domestica-no-parana\/#primaryimage","url":"https:\/\/soldadoadrianojose.com.br\/wp-content\/uploads\/2025\/04\/MXaEKdPiThBfEPCWAuPOejTWCl9NIz1EZsL0xEiq.jpg","contentUrl":"https:\/\/soldadoadrianojose.com.br\/wp-content\/uploads\/2025\/04\/MXaEKdPiThBfEPCWAuPOejTWCl9NIz1EZsL0xEiq.jpg","width":863,"height":575},{"@type":"BreadcrumbList","@id":"https:\/\/soldadoadrianojose.com.br\/index.php\/2025\/04\/10\/deputado-adriano-jose-destaca-a-criacao-de-camara-especializada-para-casos-de-violencia-domestica-no-parana\/#breadcrumb","itemListElement":[{"@type":"ListItem","position":1,"name":"In\u00edcio","item":"https:\/\/soldadoadrianojose.com.br\/"},{"@type":"ListItem","position":2,"name":"Deputado Adriano Jos\u00e9 destaca a cria\u00e7\u00e3o de C\u00e2mara especializada para casos de viol\u00eancia dom\u00e9stica no Paran\u00e1"}]},{"@type":"WebSite","@id":"https:\/\/soldadoadrianojose.com.br\/#website","url":"https:\/\/soldadoadrianojose.com.br\/","name":"Deputado Adriano Jos\u00e9","description":"Nosso trabalho \u00e9 pelas pessoas","publisher":{"@id":"https:\/\/soldadoadrianojose.com.br\/#\/schema\/person\/16f8e8defb7a4bd6c6082efcd1bdb6bb"},"potentialAction":[{"@type":"SearchAction","target":{"@type":"EntryPoint","urlTemplate":"https:\/\/soldadoadrianojose.com.br\/?s={search_term_string}"},"query-input":{"@type":"PropertyValueSpecification","valueRequired":true,"valueName":"search_term_string"}}],"inLanguage":"pt-BR"},{"@type":["Person","Organization"],"@id":"https:\/\/soldadoadrianojose.com.br\/#\/schema\/person\/16f8e8defb7a4bd6c6082efcd1bdb6bb","name":"soldadoadrianojose","image":{"@type":"ImageObject","inLanguage":"pt-BR","@id":"https:\/\/soldadoadrianojose.com.br\/wp-content\/uploads\/2023\/02\/LOGO_CLEAR-5.png","url":"https:\/\/soldadoadrianojose.com.br\/wp-content\/uploads\/2023\/02\/LOGO_CLEAR-5.png","contentUrl":"https:\/\/soldadoadrianojose.com.br\/wp-content\/uploads\/2023\/02\/LOGO_CLEAR-5.png","width":3508,"height":998,"caption":"soldadoadrianojose"},"logo":{"@id":"https:\/\/soldadoadrianojose.com.br\/wp-content\/uploads\/2023\/02\/LOGO_CLEAR-5.png"},"sameAs":["https:\/\/soldadoadrianojose.com.br"],"url":"https:\/\/soldadoadrianojose.com.br\/index.php\/author\/soldadoadrianojose\/"}]}},"jetpack_featured_media_url":"https:\/\/soldadoadrianojose.com.br\/wp-content\/uploads\/2025\/04\/MXaEKdPiThBfEPCWAuPOejTWCl9NIz1EZsL0xEiq.jpg","_links":{"self":[{"href":"https:\/\/soldadoadrianojose.com.br\/index.php\/wp-json\/wp\/v2\/posts\/2752","targetHints":{"allow":["GET"]}}],"collection":[{"href":"https:\/\/soldadoadrianojose.com.br\/index.php\/wp-json\/wp\/v2\/posts"}],"about":[{"href":"https:\/\/soldadoadrianojose.com.br\/index.php\/wp-json\/wp\/v2\/types\/post"}],"author":[{"embeddable":true,"href":"https:\/\/soldadoadrianojose.com.br\/index.php\/wp-json\/wp\/v2\/users\/1"}],"replies":[{"embeddable":true,"href":"https:\/\/soldadoadrianojose.com.br\/index.php\/wp-json\/wp\/v2\/comments?post=2752"}],"version-history":[{"count":2,"href":"https:\/\/soldadoadrianojose.com.br\/index.php\/wp-json\/wp\/v2\/posts\/2752\/revisions"}],"predecessor-version":[{"id":2756,"href":"https:\/\/soldadoadrianojose.com.br\/index.php\/wp-json\/wp\/v2\/posts\/2752\/revisions\/2756"}],"wp:featuredmedia":[{"embeddable":true,"href":"https:\/\/soldadoadrianojose.com.br\/index.php\/wp-json\/wp\/v2\/media\/2757"}],"wp:attachment":[{"href":"https:\/\/soldadoadrianojose.com.br\/index.php\/wp-json\/wp\/v2\/media?parent=2752"}],"wp:term":[{"taxonomy":"category","embeddable":true,"href":"https:\/\/soldadoadrianojose.com.br\/index.php\/wp-json\/wp\/v2\/categories?post=2752"},{"taxonomy":"post_tag","embeddable":true,"href":"https:\/\/soldadoadrianojose.com.br\/index.php\/wp-json\/wp\/v2\/tags?post=2752"}],"curies":[{"name":"wp","href":"https:\/\/api.w.org\/{rel}","templated":true}]}}