{"id":2758,"date":"2025-04-25T19:41:51","date_gmt":"2025-04-25T22:41:51","guid":{"rendered":"https:\/\/soldadoadrianojose.com.br\/?p=2758"},"modified":"2025-04-29T12:48:26","modified_gmt":"2025-04-29T15:48:26","slug":"deputado-adriano-jose-e-secretario-de-estado-das-cidades-guto-silva-cumprem-agenda-pela-amusep-e-comcam","status":"publish","type":"post","link":"https:\/\/soldadoadrianojose.com.br\/index.php\/2025\/04\/25\/deputado-adriano-jose-e-secretario-de-estado-das-cidades-guto-silva-cumprem-agenda-pela-amusep-e-comcam\/","title":{"rendered":"Deputado Adriano Jos\u00e9 e Secret\u00e1rio de Estado das Cidades Guto Silva cumprem agenda pela AMUSEP e COMCAM"},"content":{"rendered":"<p>O deputado estadual Adriano Jos\u00e9, acompanhado do secret\u00e1rio de Estado das Cidades, Guto Silva, percorreu diversas cidades das regi\u00f5es da AMUSEP e COMCAM, refor\u00e7ando seu compromisso com o desenvolvimento regional e o fortalecimento das lideran\u00e7as locais.<\/p>\n<p>Em Maring\u00e1, a comitiva acompanhou o avan\u00e7o das obras e projetos estruturantes da cidade, sendo recebidos pelo prefeito Silvio Barros. Adriano destacou: \u201cMaring\u00e1 est\u00e1 no caminho certo. O que vemos \u00e9 fruto de uma gest\u00e3o s\u00e9ria, comprometida e planejada. A cidade est\u00e1 mudando para melhor, e isso \u00e9 vis\u00edvel em cada obra e a\u00e7\u00e3o em andamento.\u201d<\/p>\n<p>Na cidade de Mandaguari, foram recepcionados pela prefeita Ivoneia, vice prefeito Nei e vereadores, visitaram o Pronto Atendimento que \u00e9 uma obra aguardada a bastante tempo pela popula\u00e7\u00e3o. Seguiram para bairros que foram contemplados com o programa de governo denominado asfalto novo, vida nova, mudando a realidade das fam\u00edlias desses bairros.<\/p>\n<p>Em Marialva com a Prefeita Professora Fl\u00e1via, vice prefeito Vanderlei e vereadores, assumiram compromissos com as pautas da cidade, entre elas pavimenta\u00e7\u00e3o em pontos importantes no munic\u00edpio. <\/p>\n<p>Em Mandagua\u00e7u visitaram o prefeito Beto Dentista, vice prefeito Jo\u00e3o do Alto e vereadores, foi assumido compromisso para que o governo do estado fa\u00e7a um trabalho de fortalecimento das a\u00e7\u00f5es que impactem e melhorem a vida das fam\u00edlia de Mandagua\u00e7u.<\/p>\n<p>Em Campo Mour\u00e3o, o deputado e o secret\u00e1rio se reuniram com o prefeito Douglas Fabr\u00edcio, o prefeito Simas e o presidente da COMCAM Same Saab, alinhando estrat\u00e9gias para o desenvolvimento regional.<\/p>\n<p>Em Pai\u00e7andu, foram recebidos pelo prefeito Ismael Batista, o vice-prefeito Valdecir Magalh\u00e3es e vereadores locais. \u201c\u00c9 sempre uma alegria voltar a Pai\u00e7andu e ver o quanto a cidade vem crescendo. A gest\u00e3o est\u00e1 de parab\u00e9ns, e nosso compromisso \u00e9 caminhar lado a lado, ouvindo e buscando solu\u00e7\u00f5es\u201d, afirmou Adriano e acrescentou que isso \u00e9 gra\u00e7as ao apoio do nosso Governador Ratinho J\u00fanior. <\/p>\n<p>Em Floresta, o prefeito Rog\u00e9rio, o vice-prefeito Jun\u00e3o, o ex-prefeito D\u00ea e o ex-vereador Robinho. Adriano elogiou a gest\u00e3o local: \u201cFloresta \u00e9 uma cidade que me inspira. Sempre que venho aqui, vejo o carinho em cada detalhe e uma gest\u00e3o que olha para o futuro com seriedade.\u201d<\/p>\n<p>Durante toda a agenda, o deputado e o secret\u00e1rio destacaram a import\u00e2ncia da uni\u00e3o entre as esferas de governo e as lideran\u00e7as municipais para implementar solu\u00e7\u00f5es concretas. Adriano Jos\u00e9 reafirmou seu compromisso em trabalhar ao lado do governador Ratinho Junior, buscando melhorias para os munic\u00edpios do Paran\u00e1. \u201cSeguimos juntos, com di\u00e1logo, a\u00e7\u00e3o e resultados, porque \u00e9 assim que se constr\u00f3i um Paran\u00e1 mais justo e desenvolvido para todos.\u201d<\/p>\n","protected":false},"excerpt":{"rendered":"<p>O deputado estadual Adriano Jos\u00e9, acompanhado do secret\u00e1rio de Estado das Cidades, Guto Silva, percorreu diversas cidades das regi\u00f5es da AMUSEP e COMCAM, refor\u00e7ando seu compromisso com o desenvolvimento regional e o fortalecimento das lideran\u00e7as locais. Em Maring\u00e1, a comitiva acompanhou o avan\u00e7o das obras e projetos estruturantes da cidade, sendo recebidos pelo prefeito Silvio [&hellip;]<\/p>\n","protected":false},"author":1,"featured_media":2759,"comment_status":"open","ping_status":"open","sticky":false,"template":"","format":"standard","meta":{"footnotes":""},"categories":[1],"tags":[],"class_list":["post-2758","post","type-post","status-publish","format-standard","has-post-thumbnail","hentry","category-gabinete-sd"],"yoast_head":"<!-- This site is optimized with the Yoast SEO plugin v27.4 - https:\/\/yoast.com\/product\/yoast-seo-wordpress\/ -->\n<title>Deputado Adriano Jos\u00e9 e Secret\u00e1rio de Estado das Cidades Guto Silva cumprem agenda pela AMUSEP e COMCAM - Deputado Adriano Jos\u00e9<\/title>\n<meta name=\"robots\" content=\"index, follow, max-snippet:-1, max-image-preview:large, max-video-preview:-1\" \/>\n<link rel=\"canonical\" href=\"https:\/\/soldadoadrianojose.com.br\/index.php\/2025\/04\/25\/deputado-adriano-jose-e-secretario-de-estado-das-cidades-guto-silva-cumprem-agenda-pela-amusep-e-comcam\/\" \/>\n<meta property=\"og:locale\" content=\"pt_BR\" \/>\n<meta property=\"og:type\" content=\"article\" \/>\n<meta property=\"og:title\" content=\"Deputado Adriano Jos\u00e9 e Secret\u00e1rio de Estado das Cidades Guto Silva cumprem agenda pela AMUSEP e COMCAM - Deputado Adriano Jos\u00e9\" \/>\n<meta property=\"og:description\" content=\"O deputado estadual Adriano Jos\u00e9, acompanhado do secret\u00e1rio de Estado das Cidades, Guto Silva, percorreu diversas cidades das regi\u00f5es da AMUSEP e COMCAM, refor\u00e7ando seu compromisso com o desenvolvimento regional e o fortalecimento das lideran\u00e7as locais. Em Maring\u00e1, a comitiva acompanhou o avan\u00e7o das obras e projetos estruturantes da cidade, sendo recebidos pelo prefeito Silvio [&hellip;]\" \/>\n<meta property=\"og:url\" content=\"https:\/\/soldadoadrianojose.com.br\/index.php\/2025\/04\/25\/deputado-adriano-jose-e-secretario-de-estado-das-cidades-guto-silva-cumprem-agenda-pela-amusep-e-comcam\/\" \/>\n<meta property=\"og:site_name\" content=\"Deputado Adriano Jos\u00e9\" \/>\n<meta property=\"article:published_time\" content=\"2025-04-25T22:41:51+00:00\" \/>\n<meta property=\"article:modified_time\" content=\"2025-04-29T15:48:26+00:00\" \/>\n<meta property=\"og:image\" content=\"https:\/\/soldadoadrianojose.com.br\/wp-content\/uploads\/2025\/04\/650abb07-5fc4-41f4-8751-9f4e05a4adb5.jpeg\" \/>\n\t<meta property=\"og:image:width\" content=\"1600\" \/>\n\t<meta property=\"og:image:height\" content=\"1200\" \/>\n\t<meta property=\"og:image:type\" content=\"image\/jpeg\" \/>\n<meta name=\"author\" content=\"soldadoadrianojose\" \/>\n<meta name=\"twitter:card\" content=\"summary_large_image\" \/>\n<meta name=\"twitter:label1\" content=\"Escrito por\" \/>\n\t<meta name=\"twitter:data1\" content=\"soldadoadrianojose\" \/>\n\t<meta name=\"twitter:label2\" content=\"Est. tempo de leitura\" \/>\n\t<meta name=\"twitter:data2\" content=\"3 minutos\" \/>\n<script type=\"application\/ld+json\" class=\"yoast-schema-graph\">{\"@context\":\"https:\\\/\\\/schema.org\",\"@graph\":[{\"@type\":\"Article\",\"@id\":\"https:\\\/\\\/soldadoadrianojose.com.br\\\/index.php\\\/2025\\\/04\\\/25\\\/deputado-adriano-jose-e-secretario-de-estado-das-cidades-guto-silva-cumprem-agenda-pela-amusep-e-comcam\\\/#article\",\"isPartOf\":{\"@id\":\"https:\\\/\\\/soldadoadrianojose.com.br\\\/index.php\\\/2025\\\/04\\\/25\\\/deputado-adriano-jose-e-secretario-de-estado-das-cidades-guto-silva-cumprem-agenda-pela-amusep-e-comcam\\\/\"},\"author\":{\"name\":\"soldadoadrianojose\",\"@id\":\"https:\\\/\\\/soldadoadrianojose.com.br\\\/#\\\/schema\\\/person\\\/16f8e8defb7a4bd6c6082efcd1bdb6bb\"},\"headline\":\"Deputado Adriano Jos\u00e9 e Secret\u00e1rio de Estado das Cidades Guto Silva cumprem agenda pela AMUSEP e COMCAM\",\"datePublished\":\"2025-04-25T22:41:51+00:00\",\"dateModified\":\"2025-04-29T15:48:26+00:00\",\"mainEntityOfPage\":{\"@id\":\"https:\\\/\\\/soldadoadrianojose.com.br\\\/index.php\\\/2025\\\/04\\\/25\\\/deputado-adriano-jose-e-secretario-de-estado-das-cidades-guto-silva-cumprem-agenda-pela-amusep-e-comcam\\\/\"},\"wordCount\":473,\"commentCount\":0,\"publisher\":{\"@id\":\"https:\\\/\\\/soldadoadrianojose.com.br\\\/#\\\/schema\\\/person\\\/16f8e8defb7a4bd6c6082efcd1bdb6bb\"},\"image\":{\"@id\":\"https:\\\/\\\/soldadoadrianojose.com.br\\\/index.php\\\/2025\\\/04\\\/25\\\/deputado-adriano-jose-e-secretario-de-estado-das-cidades-guto-silva-cumprem-agenda-pela-amusep-e-comcam\\\/#primaryimage\"},\"thumbnailUrl\":\"https:\\\/\\\/soldadoadrianojose.com.br\\\/wp-content\\\/uploads\\\/2025\\\/04\\\/650abb07-5fc4-41f4-8751-9f4e05a4adb5.jpeg\",\"articleSection\":[\"GABINETE SD\"],\"inLanguage\":\"pt-BR\",\"potentialAction\":[{\"@type\":\"CommentAction\",\"name\":\"Comment\",\"target\":[\"https:\\\/\\\/soldadoadrianojose.com.br\\\/index.php\\\/2025\\\/04\\\/25\\\/deputado-adriano-jose-e-secretario-de-estado-das-cidades-guto-silva-cumprem-agenda-pela-amusep-e-comcam\\\/#respond\"]}]},{\"@type\":\"WebPage\",\"@id\":\"https:\\\/\\\/soldadoadrianojose.com.br\\\/index.php\\\/2025\\\/04\\\/25\\\/deputado-adriano-jose-e-secretario-de-estado-das-cidades-guto-silva-cumprem-agenda-pela-amusep-e-comcam\\\/\",\"url\":\"https:\\\/\\\/soldadoadrianojose.com.br\\\/index.php\\\/2025\\\/04\\\/25\\\/deputado-adriano-jose-e-secretario-de-estado-das-cidades-guto-silva-cumprem-agenda-pela-amusep-e-comcam\\\/\",\"name\":\"Deputado Adriano Jos\u00e9 e Secret\u00e1rio de Estado das Cidades Guto Silva cumprem agenda pela AMUSEP e COMCAM - Deputado Adriano Jos\u00e9\",\"isPartOf\":{\"@id\":\"https:\\\/\\\/soldadoadrianojose.com.br\\\/#website\"},\"primaryImageOfPage\":{\"@id\":\"https:\\\/\\\/soldadoadrianojose.com.br\\\/index.php\\\/2025\\\/04\\\/25\\\/deputado-adriano-jose-e-secretario-de-estado-das-cidades-guto-silva-cumprem-agenda-pela-amusep-e-comcam\\\/#primaryimage\"},\"image\":{\"@id\":\"https:\\\/\\\/soldadoadrianojose.com.br\\\/index.php\\\/2025\\\/04\\\/25\\\/deputado-adriano-jose-e-secretario-de-estado-das-cidades-guto-silva-cumprem-agenda-pela-amusep-e-comcam\\\/#primaryimage\"},\"thumbnailUrl\":\"https:\\\/\\\/soldadoadrianojose.com.br\\\/wp-content\\\/uploads\\\/2025\\\/04\\\/650abb07-5fc4-41f4-8751-9f4e05a4adb5.jpeg\",\"datePublished\":\"2025-04-25T22:41:51+00:00\",\"dateModified\":\"2025-04-29T15:48:26+00:00\",\"breadcrumb\":{\"@id\":\"https:\\\/\\\/soldadoadrianojose.com.br\\\/index.php\\\/2025\\\/04\\\/25\\\/deputado-adriano-jose-e-secretario-de-estado-das-cidades-guto-silva-cumprem-agenda-pela-amusep-e-comcam\\\/#breadcrumb\"},\"inLanguage\":\"pt-BR\",\"potentialAction\":[{\"@type\":\"ReadAction\",\"target\":[\"https:\\\/\\\/soldadoadrianojose.com.br\\\/index.php\\\/2025\\\/04\\\/25\\\/deputado-adriano-jose-e-secretario-de-estado-das-cidades-guto-silva-cumprem-agenda-pela-amusep-e-comcam\\\/\"]}]},{\"@type\":\"ImageObject\",\"inLanguage\":\"pt-BR\",\"@id\":\"https:\\\/\\\/soldadoadrianojose.com.br\\\/index.php\\\/2025\\\/04\\\/25\\\/deputado-adriano-jose-e-secretario-de-estado-das-cidades-guto-silva-cumprem-agenda-pela-amusep-e-comcam\\\/#primaryimage\",\"url\":\"https:\\\/\\\/soldadoadrianojose.com.br\\\/wp-content\\\/uploads\\\/2025\\\/04\\\/650abb07-5fc4-41f4-8751-9f4e05a4adb5.jpeg\",\"contentUrl\":\"https:\\\/\\\/soldadoadrianojose.com.br\\\/wp-content\\\/uploads\\\/2025\\\/04\\\/650abb07-5fc4-41f4-8751-9f4e05a4adb5.jpeg\",\"width\":1600,\"height\":1200},{\"@type\":\"BreadcrumbList\",\"@id\":\"https:\\\/\\\/soldadoadrianojose.com.br\\\/index.php\\\/2025\\\/04\\\/25\\\/deputado-adriano-jose-e-secretario-de-estado-das-cidades-guto-silva-cumprem-agenda-pela-amusep-e-comcam\\\/#breadcrumb\",\"itemListElement\":[{\"@type\":\"ListItem\",\"position\":1,\"name\":\"In\u00edcio\",\"item\":\"https:\\\/\\\/soldadoadrianojose.com.br\\\/\"},{\"@type\":\"ListItem\",\"position\":2,\"name\":\"Deputado Adriano Jos\u00e9 e Secret\u00e1rio de Estado das Cidades Guto Silva cumprem agenda pela AMUSEP e COMCAM\"}]},{\"@type\":\"WebSite\",\"@id\":\"https:\\\/\\\/soldadoadrianojose.com.br\\\/#website\",\"url\":\"https:\\\/\\\/soldadoadrianojose.com.br\\\/\",\"name\":\"Deputado Adriano Jos\u00e9\",\"description\":\"Nosso trabalho \u00e9 pelas pessoas\",\"publisher\":{\"@id\":\"https:\\\/\\\/soldadoadrianojose.com.br\\\/#\\\/schema\\\/person\\\/16f8e8defb7a4bd6c6082efcd1bdb6bb\"},\"potentialAction\":[{\"@type\":\"SearchAction\",\"target\":{\"@type\":\"EntryPoint\",\"urlTemplate\":\"https:\\\/\\\/soldadoadrianojose.com.br\\\/?s={search_term_string}\"},\"query-input\":{\"@type\":\"PropertyValueSpecification\",\"valueRequired\":true,\"valueName\":\"search_term_string\"}}],\"inLanguage\":\"pt-BR\"},{\"@type\":[\"Person\",\"Organization\"],\"@id\":\"https:\\\/\\\/soldadoadrianojose.com.br\\\/#\\\/schema\\\/person\\\/16f8e8defb7a4bd6c6082efcd1bdb6bb\",\"name\":\"soldadoadrianojose\",\"image\":{\"@type\":\"ImageObject\",\"inLanguage\":\"pt-BR\",\"@id\":\"https:\\\/\\\/soldadoadrianojose.com.br\\\/wp-content\\\/uploads\\\/2023\\\/02\\\/LOGO_CLEAR-5.png\",\"url\":\"https:\\\/\\\/soldadoadrianojose.com.br\\\/wp-content\\\/uploads\\\/2023\\\/02\\\/LOGO_CLEAR-5.png\",\"contentUrl\":\"https:\\\/\\\/soldadoadrianojose.com.br\\\/wp-content\\\/uploads\\\/2023\\\/02\\\/LOGO_CLEAR-5.png\",\"width\":3508,\"height\":998,\"caption\":\"soldadoadrianojose\"},\"logo\":{\"@id\":\"https:\\\/\\\/soldadoadrianojose.com.br\\\/wp-content\\\/uploads\\\/2023\\\/02\\\/LOGO_CLEAR-5.png\"},\"sameAs\":[\"https:\\\/\\\/soldadoadrianojose.com.br\"],\"url\":\"https:\\\/\\\/soldadoadrianojose.com.br\\\/index.php\\\/author\\\/soldadoadrianojose\\\/\"}]}<\/script>\n<!-- \/ Yoast SEO plugin. -->","yoast_head_json":{"title":"Deputado Adriano Jos\u00e9 e Secret\u00e1rio de Estado das Cidades Guto Silva cumprem agenda pela AMUSEP e COMCAM - Deputado Adriano Jos\u00e9","robots":{"index":"index","follow":"follow","max-snippet":"max-snippet:-1","max-image-preview":"max-image-preview:large","max-video-preview":"max-video-preview:-1"},"canonical":"https:\/\/soldadoadrianojose.com.br\/index.php\/2025\/04\/25\/deputado-adriano-jose-e-secretario-de-estado-das-cidades-guto-silva-cumprem-agenda-pela-amusep-e-comcam\/","og_locale":"pt_BR","og_type":"article","og_title":"Deputado Adriano Jos\u00e9 e Secret\u00e1rio de Estado das Cidades Guto Silva cumprem agenda pela AMUSEP e COMCAM - Deputado Adriano Jos\u00e9","og_description":"O deputado estadual Adriano Jos\u00e9, acompanhado do secret\u00e1rio de Estado das Cidades, Guto Silva, percorreu diversas cidades das regi\u00f5es da AMUSEP e COMCAM, refor\u00e7ando seu compromisso com o desenvolvimento regional e o fortalecimento das lideran\u00e7as locais. Em Maring\u00e1, a comitiva acompanhou o avan\u00e7o das obras e projetos estruturantes da cidade, sendo recebidos pelo prefeito Silvio [&hellip;]","og_url":"https:\/\/soldadoadrianojose.com.br\/index.php\/2025\/04\/25\/deputado-adriano-jose-e-secretario-de-estado-das-cidades-guto-silva-cumprem-agenda-pela-amusep-e-comcam\/","og_site_name":"Deputado Adriano Jos\u00e9","article_published_time":"2025-04-25T22:41:51+00:00","article_modified_time":"2025-04-29T15:48:26+00:00","og_image":[{"width":1600,"height":1200,"url":"https:\/\/soldadoadrianojose.com.br\/wp-content\/uploads\/2025\/04\/650abb07-5fc4-41f4-8751-9f4e05a4adb5.jpeg","type":"image\/jpeg"}],"author":"soldadoadrianojose","twitter_card":"summary_large_image","twitter_misc":{"Escrito por":"soldadoadrianojose","Est. tempo de leitura":"3 minutos"},"schema":{"@context":"https:\/\/schema.org","@graph":[{"@type":"Article","@id":"https:\/\/soldadoadrianojose.com.br\/index.php\/2025\/04\/25\/deputado-adriano-jose-e-secretario-de-estado-das-cidades-guto-silva-cumprem-agenda-pela-amusep-e-comcam\/#article","isPartOf":{"@id":"https:\/\/soldadoadrianojose.com.br\/index.php\/2025\/04\/25\/deputado-adriano-jose-e-secretario-de-estado-das-cidades-guto-silva-cumprem-agenda-pela-amusep-e-comcam\/"},"author":{"name":"soldadoadrianojose","@id":"https:\/\/soldadoadrianojose.com.br\/#\/schema\/person\/16f8e8defb7a4bd6c6082efcd1bdb6bb"},"headline":"Deputado Adriano Jos\u00e9 e Secret\u00e1rio de Estado das Cidades Guto Silva cumprem agenda pela AMUSEP e COMCAM","datePublished":"2025-04-25T22:41:51+00:00","dateModified":"2025-04-29T15:48:26+00:00","mainEntityOfPage":{"@id":"https:\/\/soldadoadrianojose.com.br\/index.php\/2025\/04\/25\/deputado-adriano-jose-e-secretario-de-estado-das-cidades-guto-silva-cumprem-agenda-pela-amusep-e-comcam\/"},"wordCount":473,"commentCount":0,"publisher":{"@id":"https:\/\/soldadoadrianojose.com.br\/#\/schema\/person\/16f8e8defb7a4bd6c6082efcd1bdb6bb"},"image":{"@id":"https:\/\/soldadoadrianojose.com.br\/index.php\/2025\/04\/25\/deputado-adriano-jose-e-secretario-de-estado-das-cidades-guto-silva-cumprem-agenda-pela-amusep-e-comcam\/#primaryimage"},"thumbnailUrl":"https:\/\/soldadoadrianojose.com.br\/wp-content\/uploads\/2025\/04\/650abb07-5fc4-41f4-8751-9f4e05a4adb5.jpeg","articleSection":["GABINETE SD"],"inLanguage":"pt-BR","potentialAction":[{"@type":"CommentAction","name":"Comment","target":["https:\/\/soldadoadrianojose.com.br\/index.php\/2025\/04\/25\/deputado-adriano-jose-e-secretario-de-estado-das-cidades-guto-silva-cumprem-agenda-pela-amusep-e-comcam\/#respond"]}]},{"@type":"WebPage","@id":"https:\/\/soldadoadrianojose.com.br\/index.php\/2025\/04\/25\/deputado-adriano-jose-e-secretario-de-estado-das-cidades-guto-silva-cumprem-agenda-pela-amusep-e-comcam\/","url":"https:\/\/soldadoadrianojose.com.br\/index.php\/2025\/04\/25\/deputado-adriano-jose-e-secretario-de-estado-das-cidades-guto-silva-cumprem-agenda-pela-amusep-e-comcam\/","name":"Deputado Adriano Jos\u00e9 e Secret\u00e1rio de Estado das Cidades Guto Silva cumprem agenda pela AMUSEP e COMCAM - Deputado Adriano Jos\u00e9","isPartOf":{"@id":"https:\/\/soldadoadrianojose.com.br\/#website"},"primaryImageOfPage":{"@id":"https:\/\/soldadoadrianojose.com.br\/index.php\/2025\/04\/25\/deputado-adriano-jose-e-secretario-de-estado-das-cidades-guto-silva-cumprem-agenda-pela-amusep-e-comcam\/#primaryimage"},"image":{"@id":"https:\/\/soldadoadrianojose.com.br\/index.php\/2025\/04\/25\/deputado-adriano-jose-e-secretario-de-estado-das-cidades-guto-silva-cumprem-agenda-pela-amusep-e-comcam\/#primaryimage"},"thumbnailUrl":"https:\/\/soldadoadrianojose.com.br\/wp-content\/uploads\/2025\/04\/650abb07-5fc4-41f4-8751-9f4e05a4adb5.jpeg","datePublished":"2025-04-25T22:41:51+00:00","dateModified":"2025-04-29T15:48:26+00:00","breadcrumb":{"@id":"https:\/\/soldadoadrianojose.com.br\/index.php\/2025\/04\/25\/deputado-adriano-jose-e-secretario-de-estado-das-cidades-guto-silva-cumprem-agenda-pela-amusep-e-comcam\/#breadcrumb"},"inLanguage":"pt-BR","potentialAction":[{"@type":"ReadAction","target":["https:\/\/soldadoadrianojose.com.br\/index.php\/2025\/04\/25\/deputado-adriano-jose-e-secretario-de-estado-das-cidades-guto-silva-cumprem-agenda-pela-amusep-e-comcam\/"]}]},{"@type":"ImageObject","inLanguage":"pt-BR","@id":"https:\/\/soldadoadrianojose.com.br\/index.php\/2025\/04\/25\/deputado-adriano-jose-e-secretario-de-estado-das-cidades-guto-silva-cumprem-agenda-pela-amusep-e-comcam\/#primaryimage","url":"https:\/\/soldadoadrianojose.com.br\/wp-content\/uploads\/2025\/04\/650abb07-5fc4-41f4-8751-9f4e05a4adb5.jpeg","contentUrl":"https:\/\/soldadoadrianojose.com.br\/wp-content\/uploads\/2025\/04\/650abb07-5fc4-41f4-8751-9f4e05a4adb5.jpeg","width":1600,"height":1200},{"@type":"BreadcrumbList","@id":"https:\/\/soldadoadrianojose.com.br\/index.php\/2025\/04\/25\/deputado-adriano-jose-e-secretario-de-estado-das-cidades-guto-silva-cumprem-agenda-pela-amusep-e-comcam\/#breadcrumb","itemListElement":[{"@type":"ListItem","position":1,"name":"In\u00edcio","item":"https:\/\/soldadoadrianojose.com.br\/"},{"@type":"ListItem","position":2,"name":"Deputado Adriano Jos\u00e9 e Secret\u00e1rio de Estado das Cidades Guto Silva cumprem agenda pela AMUSEP e COMCAM"}]},{"@type":"WebSite","@id":"https:\/\/soldadoadrianojose.com.br\/#website","url":"https:\/\/soldadoadrianojose.com.br\/","name":"Deputado Adriano Jos\u00e9","description":"Nosso trabalho \u00e9 pelas pessoas","publisher":{"@id":"https:\/\/soldadoadrianojose.com.br\/#\/schema\/person\/16f8e8defb7a4bd6c6082efcd1bdb6bb"},"potentialAction":[{"@type":"SearchAction","target":{"@type":"EntryPoint","urlTemplate":"https:\/\/soldadoadrianojose.com.br\/?s={search_term_string}"},"query-input":{"@type":"PropertyValueSpecification","valueRequired":true,"valueName":"search_term_string"}}],"inLanguage":"pt-BR"},{"@type":["Person","Organization"],"@id":"https:\/\/soldadoadrianojose.com.br\/#\/schema\/person\/16f8e8defb7a4bd6c6082efcd1bdb6bb","name":"soldadoadrianojose","image":{"@type":"ImageObject","inLanguage":"pt-BR","@id":"https:\/\/soldadoadrianojose.com.br\/wp-content\/uploads\/2023\/02\/LOGO_CLEAR-5.png","url":"https:\/\/soldadoadrianojose.com.br\/wp-content\/uploads\/2023\/02\/LOGO_CLEAR-5.png","contentUrl":"https:\/\/soldadoadrianojose.com.br\/wp-content\/uploads\/2023\/02\/LOGO_CLEAR-5.png","width":3508,"height":998,"caption":"soldadoadrianojose"},"logo":{"@id":"https:\/\/soldadoadrianojose.com.br\/wp-content\/uploads\/2023\/02\/LOGO_CLEAR-5.png"},"sameAs":["https:\/\/soldadoadrianojose.com.br"],"url":"https:\/\/soldadoadrianojose.com.br\/index.php\/author\/soldadoadrianojose\/"}]}},"jetpack_featured_media_url":"https:\/\/soldadoadrianojose.com.br\/wp-content\/uploads\/2025\/04\/650abb07-5fc4-41f4-8751-9f4e05a4adb5.jpeg","_links":{"self":[{"href":"https:\/\/soldadoadrianojose.com.br\/index.php\/wp-json\/wp\/v2\/posts\/2758","targetHints":{"allow":["GET"]}}],"collection":[{"href":"https:\/\/soldadoadrianojose.com.br\/index.php\/wp-json\/wp\/v2\/posts"}],"about":[{"href":"https:\/\/soldadoadrianojose.com.br\/index.php\/wp-json\/wp\/v2\/types\/post"}],"author":[{"embeddable":true,"href":"https:\/\/soldadoadrianojose.com.br\/index.php\/wp-json\/wp\/v2\/users\/1"}],"replies":[{"embeddable":true,"href":"https:\/\/soldadoadrianojose.com.br\/index.php\/wp-json\/wp\/v2\/comments?post=2758"}],"version-history":[{"count":3,"href":"https:\/\/soldadoadrianojose.com.br\/index.php\/wp-json\/wp\/v2\/posts\/2758\/revisions"}],"predecessor-version":[{"id":2762,"href":"https:\/\/soldadoadrianojose.com.br\/index.php\/wp-json\/wp\/v2\/posts\/2758\/revisions\/2762"}],"wp:featuredmedia":[{"embeddable":true,"href":"https:\/\/soldadoadrianojose.com.br\/index.php\/wp-json\/wp\/v2\/media\/2759"}],"wp:attachment":[{"href":"https:\/\/soldadoadrianojose.com.br\/index.php\/wp-json\/wp\/v2\/media?parent=2758"}],"wp:term":[{"taxonomy":"category","embeddable":true,"href":"https:\/\/soldadoadrianojose.com.br\/index.php\/wp-json\/wp\/v2\/categories?post=2758"},{"taxonomy":"post_tag","embeddable":true,"href":"https:\/\/soldadoadrianojose.com.br\/index.php\/wp-json\/wp\/v2\/tags?post=2758"}],"curies":[{"name":"wp","href":"https:\/\/api.w.org\/{rel}","templated":true}]}}