{"id":2772,"date":"2025-05-27T18:22:35","date_gmt":"2025-05-27T21:22:35","guid":{"rendered":"https:\/\/soldadoadrianojose.com.br\/?p=2772"},"modified":"2025-05-27T19:28:16","modified_gmt":"2025-05-27T22:28:16","slug":"deputado-adriano-jose-viabiliza-mais-de-r-6-milhoes-para-a-saude-de-santo-inacio","status":"publish","type":"post","link":"https:\/\/soldadoadrianojose.com.br\/index.php\/2025\/05\/27\/deputado-adriano-jose-viabiliza-mais-de-r-6-milhoes-para-a-saude-de-santo-inacio\/","title":{"rendered":"Deputado Adriano Jos\u00e9 viabiliza mais de R$ 6 milh\u00f5es para a sa\u00fade de Santo In\u00e1cio"},"content":{"rendered":"\n<p>A sa\u00fade de Santo In\u00e1cio ganhou um importante refor\u00e7o financeiro nesta ter\u00e7a-feira (27): mais de R$ 6 milh\u00f5es foram destinados \u00e0 Unidade Mista de Sa\u00fade do munic\u00edpio, gra\u00e7as \u00e0 articula\u00e7\u00e3o e media\u00e7\u00e3o do deputado estadual Adriano Jos\u00e9. A conquista \u00e9 fruto de um trabalho conjunto entre a prefeita Geny Violatto, o secret\u00e1rio estadual de Sa\u00fade, Beto Preto, e o deputado.<\/p>\n\n\n\n<p>Os recursos foram garantidos gra\u00e7as ao compromisso firme do governador Ratinho Junior com a sa\u00fade p\u00fablica no Paran\u00e1. O objetivo \u00e9 a constru\u00e7\u00e3o e moderniza\u00e7\u00e3o da Unidade Mista de Sa\u00fade, proporcionando melhores condi\u00e7\u00f5es para os profissionais e um atendimento de qualidade para os pacientes.<\/p>\n\n\n\n<figure class=\"wp-block-image size-full\"><img fetchpriority=\"high\" decoding=\"async\" width=\"1024\" height=\"915\" src=\"https:\/\/soldadoadrianojose.com.br\/wp-content\/uploads\/2025\/05\/WhatsApp-Image-2025-05-27-at-17.50.47.jpeg\" alt=\"\" class=\"wp-image-2773\" srcset=\"https:\/\/soldadoadrianojose.com.br\/wp-content\/uploads\/2025\/05\/WhatsApp-Image-2025-05-27-at-17.50.47.jpeg 1024w, https:\/\/soldadoadrianojose.com.br\/wp-content\/uploads\/2025\/05\/WhatsApp-Image-2025-05-27-at-17.50.47-300x268.jpeg 300w, https:\/\/soldadoadrianojose.com.br\/wp-content\/uploads\/2025\/05\/WhatsApp-Image-2025-05-27-at-17.50.47-768x686.jpeg 768w\" sizes=\"(max-width: 1024px) 100vw, 1024px\" \/><\/figure>\n\n\n\n<p>\u201cSa\u00fade de qualidade \u00e9 um direito de todos, e seguimos trabalhando para que isso se torne realidade em cada canto do nosso estado\u201d, afirmou o deputado Adriano Jos\u00e9, ressaltando a import\u00e2ncia da uni\u00e3o entre as esferas p\u00fablicas para alcan\u00e7ar resultados concretos.<\/p>\n\n\n\n<p>A prefeita Geny Violatto tamb\u00e9m destacou a import\u00e2ncia do investimento e agradeceu o empenho do deputado: \u201cEssa conquista \u00e9 resultado do trabalho dedicado do deputado Adriano Jos\u00e9, que sempre esteve ao nosso lado. Com essa parceria, vamos garantir uma sa\u00fade melhor para nossa popula\u00e7\u00e3o, com estrutura adequada e atendimento humanizado.\u201d<\/p>\n\n\n\n<p>Para o deputado Adriano Jos\u00e9, que nasceu em Santo In\u00e1cio e mant\u00e9m um carinho especial pela sua terra natal, essa conquista reafirma seu compromisso com a regi\u00e3o. Ele destacou que o di\u00e1logo constante com a prefeita Geny Violatto e com o secret\u00e1rio Beto Preto \u00e9 fundamental para transformar demandas em a\u00e7\u00f5es concretas que beneficiem a popula\u00e7\u00e3o local.<\/p>\n","protected":false},"excerpt":{"rendered":"<p>A sa\u00fade de Santo In\u00e1cio ganhou um importante refor\u00e7o financeiro nesta ter\u00e7a-feira (27): mais de R$ 6 milh\u00f5es foram destinados \u00e0 Unidade Mista de Sa\u00fade do munic\u00edpio, gra\u00e7as \u00e0 articula\u00e7\u00e3o e media\u00e7\u00e3o do deputado estadual Adriano Jos\u00e9. A conquista \u00e9 fruto de um trabalho conjunto entre a prefeita Geny Violatto, o secret\u00e1rio estadual de Sa\u00fade, [&hellip;]<\/p>\n","protected":false},"author":1,"featured_media":2775,"comment_status":"open","ping_status":"open","sticky":false,"template":"","format":"standard","meta":{"footnotes":""},"categories":[84],"tags":[],"class_list":["post-2772","post","type-post","status-publish","format-standard","has-post-thumbnail","hentry","category-santo-inacio"],"yoast_head":"<!-- This site is optimized with the Yoast SEO plugin v27.4 - https:\/\/yoast.com\/product\/yoast-seo-wordpress\/ -->\n<title>Deputado Adriano Jos\u00e9 viabiliza mais de R$ 6 milh\u00f5es para a sa\u00fade de Santo In\u00e1cio - Deputado Adriano Jos\u00e9<\/title>\n<meta name=\"robots\" content=\"index, follow, max-snippet:-1, max-image-preview:large, max-video-preview:-1\" \/>\n<link rel=\"canonical\" href=\"https:\/\/soldadoadrianojose.com.br\/index.php\/2025\/05\/27\/deputado-adriano-jose-viabiliza-mais-de-r-6-milhoes-para-a-saude-de-santo-inacio\/\" \/>\n<meta property=\"og:locale\" content=\"pt_BR\" \/>\n<meta property=\"og:type\" content=\"article\" \/>\n<meta property=\"og:title\" content=\"Deputado Adriano Jos\u00e9 viabiliza mais de R$ 6 milh\u00f5es para a sa\u00fade de Santo In\u00e1cio - Deputado Adriano Jos\u00e9\" \/>\n<meta property=\"og:description\" content=\"A sa\u00fade de Santo In\u00e1cio ganhou um importante refor\u00e7o financeiro nesta ter\u00e7a-feira (27): mais de R$ 6 milh\u00f5es foram destinados \u00e0 Unidade Mista de Sa\u00fade do munic\u00edpio, gra\u00e7as \u00e0 articula\u00e7\u00e3o e media\u00e7\u00e3o do deputado estadual Adriano Jos\u00e9. A conquista \u00e9 fruto de um trabalho conjunto entre a prefeita Geny Violatto, o secret\u00e1rio estadual de Sa\u00fade, [&hellip;]\" \/>\n<meta property=\"og:url\" content=\"https:\/\/soldadoadrianojose.com.br\/index.php\/2025\/05\/27\/deputado-adriano-jose-viabiliza-mais-de-r-6-milhoes-para-a-saude-de-santo-inacio\/\" \/>\n<meta property=\"og:site_name\" content=\"Deputado Adriano Jos\u00e9\" \/>\n<meta property=\"article:published_time\" content=\"2025-05-27T21:22:35+00:00\" \/>\n<meta property=\"article:modified_time\" content=\"2025-05-27T22:28:16+00:00\" \/>\n<meta property=\"og:image\" content=\"https:\/\/soldadoadrianojose.com.br\/wp-content\/uploads\/2025\/05\/WhatsApp-Image-2025-05-27-at-16.53.28.jpeg\" \/>\n\t<meta property=\"og:image:width\" content=\"1600\" \/>\n\t<meta property=\"og:image:height\" content=\"1185\" \/>\n\t<meta property=\"og:image:type\" content=\"image\/jpeg\" \/>\n<meta name=\"author\" content=\"soldadoadrianojose\" \/>\n<meta name=\"twitter:card\" content=\"summary_large_image\" \/>\n<meta name=\"twitter:label1\" content=\"Escrito por\" \/>\n\t<meta name=\"twitter:data1\" content=\"soldadoadrianojose\" \/>\n\t<meta name=\"twitter:label2\" content=\"Est. tempo de leitura\" \/>\n\t<meta name=\"twitter:data2\" content=\"2 minutos\" \/>\n<script type=\"application\/ld+json\" class=\"yoast-schema-graph\">{\"@context\":\"https:\\\/\\\/schema.org\",\"@graph\":[{\"@type\":\"Article\",\"@id\":\"https:\\\/\\\/soldadoadrianojose.com.br\\\/index.php\\\/2025\\\/05\\\/27\\\/deputado-adriano-jose-viabiliza-mais-de-r-6-milhoes-para-a-saude-de-santo-inacio\\\/#article\",\"isPartOf\":{\"@id\":\"https:\\\/\\\/soldadoadrianojose.com.br\\\/index.php\\\/2025\\\/05\\\/27\\\/deputado-adriano-jose-viabiliza-mais-de-r-6-milhoes-para-a-saude-de-santo-inacio\\\/\"},\"author\":{\"name\":\"soldadoadrianojose\",\"@id\":\"https:\\\/\\\/soldadoadrianojose.com.br\\\/#\\\/schema\\\/person\\\/16f8e8defb7a4bd6c6082efcd1bdb6bb\"},\"headline\":\"Deputado Adriano Jos\u00e9 viabiliza mais de R$ 6 milh\u00f5es para a sa\u00fade de Santo In\u00e1cio\",\"datePublished\":\"2025-05-27T21:22:35+00:00\",\"dateModified\":\"2025-05-27T22:28:16+00:00\",\"mainEntityOfPage\":{\"@id\":\"https:\\\/\\\/soldadoadrianojose.com.br\\\/index.php\\\/2025\\\/05\\\/27\\\/deputado-adriano-jose-viabiliza-mais-de-r-6-milhoes-para-a-saude-de-santo-inacio\\\/\"},\"wordCount\":295,\"commentCount\":0,\"publisher\":{\"@id\":\"https:\\\/\\\/soldadoadrianojose.com.br\\\/#\\\/schema\\\/person\\\/16f8e8defb7a4bd6c6082efcd1bdb6bb\"},\"image\":{\"@id\":\"https:\\\/\\\/soldadoadrianojose.com.br\\\/index.php\\\/2025\\\/05\\\/27\\\/deputado-adriano-jose-viabiliza-mais-de-r-6-milhoes-para-a-saude-de-santo-inacio\\\/#primaryimage\"},\"thumbnailUrl\":\"https:\\\/\\\/soldadoadrianojose.com.br\\\/wp-content\\\/uploads\\\/2025\\\/05\\\/WhatsApp-Image-2025-05-27-at-16.53.28.jpeg\",\"articleSection\":[\"SANTO IN\u00c1CIO\"],\"inLanguage\":\"pt-BR\",\"potentialAction\":[{\"@type\":\"CommentAction\",\"name\":\"Comment\",\"target\":[\"https:\\\/\\\/soldadoadrianojose.com.br\\\/index.php\\\/2025\\\/05\\\/27\\\/deputado-adriano-jose-viabiliza-mais-de-r-6-milhoes-para-a-saude-de-santo-inacio\\\/#respond\"]}]},{\"@type\":\"WebPage\",\"@id\":\"https:\\\/\\\/soldadoadrianojose.com.br\\\/index.php\\\/2025\\\/05\\\/27\\\/deputado-adriano-jose-viabiliza-mais-de-r-6-milhoes-para-a-saude-de-santo-inacio\\\/\",\"url\":\"https:\\\/\\\/soldadoadrianojose.com.br\\\/index.php\\\/2025\\\/05\\\/27\\\/deputado-adriano-jose-viabiliza-mais-de-r-6-milhoes-para-a-saude-de-santo-inacio\\\/\",\"name\":\"Deputado Adriano Jos\u00e9 viabiliza mais de R$ 6 milh\u00f5es para a sa\u00fade de Santo In\u00e1cio - Deputado Adriano Jos\u00e9\",\"isPartOf\":{\"@id\":\"https:\\\/\\\/soldadoadrianojose.com.br\\\/#website\"},\"primaryImageOfPage\":{\"@id\":\"https:\\\/\\\/soldadoadrianojose.com.br\\\/index.php\\\/2025\\\/05\\\/27\\\/deputado-adriano-jose-viabiliza-mais-de-r-6-milhoes-para-a-saude-de-santo-inacio\\\/#primaryimage\"},\"image\":{\"@id\":\"https:\\\/\\\/soldadoadrianojose.com.br\\\/index.php\\\/2025\\\/05\\\/27\\\/deputado-adriano-jose-viabiliza-mais-de-r-6-milhoes-para-a-saude-de-santo-inacio\\\/#primaryimage\"},\"thumbnailUrl\":\"https:\\\/\\\/soldadoadrianojose.com.br\\\/wp-content\\\/uploads\\\/2025\\\/05\\\/WhatsApp-Image-2025-05-27-at-16.53.28.jpeg\",\"datePublished\":\"2025-05-27T21:22:35+00:00\",\"dateModified\":\"2025-05-27T22:28:16+00:00\",\"breadcrumb\":{\"@id\":\"https:\\\/\\\/soldadoadrianojose.com.br\\\/index.php\\\/2025\\\/05\\\/27\\\/deputado-adriano-jose-viabiliza-mais-de-r-6-milhoes-para-a-saude-de-santo-inacio\\\/#breadcrumb\"},\"inLanguage\":\"pt-BR\",\"potentialAction\":[{\"@type\":\"ReadAction\",\"target\":[\"https:\\\/\\\/soldadoadrianojose.com.br\\\/index.php\\\/2025\\\/05\\\/27\\\/deputado-adriano-jose-viabiliza-mais-de-r-6-milhoes-para-a-saude-de-santo-inacio\\\/\"]}]},{\"@type\":\"ImageObject\",\"inLanguage\":\"pt-BR\",\"@id\":\"https:\\\/\\\/soldadoadrianojose.com.br\\\/index.php\\\/2025\\\/05\\\/27\\\/deputado-adriano-jose-viabiliza-mais-de-r-6-milhoes-para-a-saude-de-santo-inacio\\\/#primaryimage\",\"url\":\"https:\\\/\\\/soldadoadrianojose.com.br\\\/wp-content\\\/uploads\\\/2025\\\/05\\\/WhatsApp-Image-2025-05-27-at-16.53.28.jpeg\",\"contentUrl\":\"https:\\\/\\\/soldadoadrianojose.com.br\\\/wp-content\\\/uploads\\\/2025\\\/05\\\/WhatsApp-Image-2025-05-27-at-16.53.28.jpeg\",\"width\":1600,\"height\":1185},{\"@type\":\"BreadcrumbList\",\"@id\":\"https:\\\/\\\/soldadoadrianojose.com.br\\\/index.php\\\/2025\\\/05\\\/27\\\/deputado-adriano-jose-viabiliza-mais-de-r-6-milhoes-para-a-saude-de-santo-inacio\\\/#breadcrumb\",\"itemListElement\":[{\"@type\":\"ListItem\",\"position\":1,\"name\":\"In\u00edcio\",\"item\":\"https:\\\/\\\/soldadoadrianojose.com.br\\\/\"},{\"@type\":\"ListItem\",\"position\":2,\"name\":\"Deputado Adriano Jos\u00e9 viabiliza mais de R$ 6 milh\u00f5es para a sa\u00fade de Santo In\u00e1cio\"}]},{\"@type\":\"WebSite\",\"@id\":\"https:\\\/\\\/soldadoadrianojose.com.br\\\/#website\",\"url\":\"https:\\\/\\\/soldadoadrianojose.com.br\\\/\",\"name\":\"Deputado Adriano Jos\u00e9\",\"description\":\"Nosso trabalho \u00e9 pelas pessoas\",\"publisher\":{\"@id\":\"https:\\\/\\\/soldadoadrianojose.com.br\\\/#\\\/schema\\\/person\\\/16f8e8defb7a4bd6c6082efcd1bdb6bb\"},\"potentialAction\":[{\"@type\":\"SearchAction\",\"target\":{\"@type\":\"EntryPoint\",\"urlTemplate\":\"https:\\\/\\\/soldadoadrianojose.com.br\\\/?s={search_term_string}\"},\"query-input\":{\"@type\":\"PropertyValueSpecification\",\"valueRequired\":true,\"valueName\":\"search_term_string\"}}],\"inLanguage\":\"pt-BR\"},{\"@type\":[\"Person\",\"Organization\"],\"@id\":\"https:\\\/\\\/soldadoadrianojose.com.br\\\/#\\\/schema\\\/person\\\/16f8e8defb7a4bd6c6082efcd1bdb6bb\",\"name\":\"soldadoadrianojose\",\"image\":{\"@type\":\"ImageObject\",\"inLanguage\":\"pt-BR\",\"@id\":\"https:\\\/\\\/soldadoadrianojose.com.br\\\/wp-content\\\/uploads\\\/2023\\\/02\\\/LOGO_CLEAR-5.png\",\"url\":\"https:\\\/\\\/soldadoadrianojose.com.br\\\/wp-content\\\/uploads\\\/2023\\\/02\\\/LOGO_CLEAR-5.png\",\"contentUrl\":\"https:\\\/\\\/soldadoadrianojose.com.br\\\/wp-content\\\/uploads\\\/2023\\\/02\\\/LOGO_CLEAR-5.png\",\"width\":3508,\"height\":998,\"caption\":\"soldadoadrianojose\"},\"logo\":{\"@id\":\"https:\\\/\\\/soldadoadrianojose.com.br\\\/wp-content\\\/uploads\\\/2023\\\/02\\\/LOGO_CLEAR-5.png\"},\"sameAs\":[\"https:\\\/\\\/soldadoadrianojose.com.br\"],\"url\":\"https:\\\/\\\/soldadoadrianojose.com.br\\\/index.php\\\/author\\\/soldadoadrianojose\\\/\"}]}<\/script>\n<!-- \/ Yoast SEO plugin. -->","yoast_head_json":{"title":"Deputado Adriano Jos\u00e9 viabiliza mais de R$ 6 milh\u00f5es para a sa\u00fade de Santo In\u00e1cio - Deputado Adriano Jos\u00e9","robots":{"index":"index","follow":"follow","max-snippet":"max-snippet:-1","max-image-preview":"max-image-preview:large","max-video-preview":"max-video-preview:-1"},"canonical":"https:\/\/soldadoadrianojose.com.br\/index.php\/2025\/05\/27\/deputado-adriano-jose-viabiliza-mais-de-r-6-milhoes-para-a-saude-de-santo-inacio\/","og_locale":"pt_BR","og_type":"article","og_title":"Deputado Adriano Jos\u00e9 viabiliza mais de R$ 6 milh\u00f5es para a sa\u00fade de Santo In\u00e1cio - Deputado Adriano Jos\u00e9","og_description":"A sa\u00fade de Santo In\u00e1cio ganhou um importante refor\u00e7o financeiro nesta ter\u00e7a-feira (27): mais de R$ 6 milh\u00f5es foram destinados \u00e0 Unidade Mista de Sa\u00fade do munic\u00edpio, gra\u00e7as \u00e0 articula\u00e7\u00e3o e media\u00e7\u00e3o do deputado estadual Adriano Jos\u00e9. A conquista \u00e9 fruto de um trabalho conjunto entre a prefeita Geny Violatto, o secret\u00e1rio estadual de Sa\u00fade, [&hellip;]","og_url":"https:\/\/soldadoadrianojose.com.br\/index.php\/2025\/05\/27\/deputado-adriano-jose-viabiliza-mais-de-r-6-milhoes-para-a-saude-de-santo-inacio\/","og_site_name":"Deputado Adriano Jos\u00e9","article_published_time":"2025-05-27T21:22:35+00:00","article_modified_time":"2025-05-27T22:28:16+00:00","og_image":[{"width":1600,"height":1185,"url":"https:\/\/soldadoadrianojose.com.br\/wp-content\/uploads\/2025\/05\/WhatsApp-Image-2025-05-27-at-16.53.28.jpeg","type":"image\/jpeg"}],"author":"soldadoadrianojose","twitter_card":"summary_large_image","twitter_misc":{"Escrito por":"soldadoadrianojose","Est. tempo de leitura":"2 minutos"},"schema":{"@context":"https:\/\/schema.org","@graph":[{"@type":"Article","@id":"https:\/\/soldadoadrianojose.com.br\/index.php\/2025\/05\/27\/deputado-adriano-jose-viabiliza-mais-de-r-6-milhoes-para-a-saude-de-santo-inacio\/#article","isPartOf":{"@id":"https:\/\/soldadoadrianojose.com.br\/index.php\/2025\/05\/27\/deputado-adriano-jose-viabiliza-mais-de-r-6-milhoes-para-a-saude-de-santo-inacio\/"},"author":{"name":"soldadoadrianojose","@id":"https:\/\/soldadoadrianojose.com.br\/#\/schema\/person\/16f8e8defb7a4bd6c6082efcd1bdb6bb"},"headline":"Deputado Adriano Jos\u00e9 viabiliza mais de R$ 6 milh\u00f5es para a sa\u00fade de Santo In\u00e1cio","datePublished":"2025-05-27T21:22:35+00:00","dateModified":"2025-05-27T22:28:16+00:00","mainEntityOfPage":{"@id":"https:\/\/soldadoadrianojose.com.br\/index.php\/2025\/05\/27\/deputado-adriano-jose-viabiliza-mais-de-r-6-milhoes-para-a-saude-de-santo-inacio\/"},"wordCount":295,"commentCount":0,"publisher":{"@id":"https:\/\/soldadoadrianojose.com.br\/#\/schema\/person\/16f8e8defb7a4bd6c6082efcd1bdb6bb"},"image":{"@id":"https:\/\/soldadoadrianojose.com.br\/index.php\/2025\/05\/27\/deputado-adriano-jose-viabiliza-mais-de-r-6-milhoes-para-a-saude-de-santo-inacio\/#primaryimage"},"thumbnailUrl":"https:\/\/soldadoadrianojose.com.br\/wp-content\/uploads\/2025\/05\/WhatsApp-Image-2025-05-27-at-16.53.28.jpeg","articleSection":["SANTO IN\u00c1CIO"],"inLanguage":"pt-BR","potentialAction":[{"@type":"CommentAction","name":"Comment","target":["https:\/\/soldadoadrianojose.com.br\/index.php\/2025\/05\/27\/deputado-adriano-jose-viabiliza-mais-de-r-6-milhoes-para-a-saude-de-santo-inacio\/#respond"]}]},{"@type":"WebPage","@id":"https:\/\/soldadoadrianojose.com.br\/index.php\/2025\/05\/27\/deputado-adriano-jose-viabiliza-mais-de-r-6-milhoes-para-a-saude-de-santo-inacio\/","url":"https:\/\/soldadoadrianojose.com.br\/index.php\/2025\/05\/27\/deputado-adriano-jose-viabiliza-mais-de-r-6-milhoes-para-a-saude-de-santo-inacio\/","name":"Deputado Adriano Jos\u00e9 viabiliza mais de R$ 6 milh\u00f5es para a sa\u00fade de Santo In\u00e1cio - Deputado Adriano Jos\u00e9","isPartOf":{"@id":"https:\/\/soldadoadrianojose.com.br\/#website"},"primaryImageOfPage":{"@id":"https:\/\/soldadoadrianojose.com.br\/index.php\/2025\/05\/27\/deputado-adriano-jose-viabiliza-mais-de-r-6-milhoes-para-a-saude-de-santo-inacio\/#primaryimage"},"image":{"@id":"https:\/\/soldadoadrianojose.com.br\/index.php\/2025\/05\/27\/deputado-adriano-jose-viabiliza-mais-de-r-6-milhoes-para-a-saude-de-santo-inacio\/#primaryimage"},"thumbnailUrl":"https:\/\/soldadoadrianojose.com.br\/wp-content\/uploads\/2025\/05\/WhatsApp-Image-2025-05-27-at-16.53.28.jpeg","datePublished":"2025-05-27T21:22:35+00:00","dateModified":"2025-05-27T22:28:16+00:00","breadcrumb":{"@id":"https:\/\/soldadoadrianojose.com.br\/index.php\/2025\/05\/27\/deputado-adriano-jose-viabiliza-mais-de-r-6-milhoes-para-a-saude-de-santo-inacio\/#breadcrumb"},"inLanguage":"pt-BR","potentialAction":[{"@type":"ReadAction","target":["https:\/\/soldadoadrianojose.com.br\/index.php\/2025\/05\/27\/deputado-adriano-jose-viabiliza-mais-de-r-6-milhoes-para-a-saude-de-santo-inacio\/"]}]},{"@type":"ImageObject","inLanguage":"pt-BR","@id":"https:\/\/soldadoadrianojose.com.br\/index.php\/2025\/05\/27\/deputado-adriano-jose-viabiliza-mais-de-r-6-milhoes-para-a-saude-de-santo-inacio\/#primaryimage","url":"https:\/\/soldadoadrianojose.com.br\/wp-content\/uploads\/2025\/05\/WhatsApp-Image-2025-05-27-at-16.53.28.jpeg","contentUrl":"https:\/\/soldadoadrianojose.com.br\/wp-content\/uploads\/2025\/05\/WhatsApp-Image-2025-05-27-at-16.53.28.jpeg","width":1600,"height":1185},{"@type":"BreadcrumbList","@id":"https:\/\/soldadoadrianojose.com.br\/index.php\/2025\/05\/27\/deputado-adriano-jose-viabiliza-mais-de-r-6-milhoes-para-a-saude-de-santo-inacio\/#breadcrumb","itemListElement":[{"@type":"ListItem","position":1,"name":"In\u00edcio","item":"https:\/\/soldadoadrianojose.com.br\/"},{"@type":"ListItem","position":2,"name":"Deputado Adriano Jos\u00e9 viabiliza mais de R$ 6 milh\u00f5es para a sa\u00fade de Santo In\u00e1cio"}]},{"@type":"WebSite","@id":"https:\/\/soldadoadrianojose.com.br\/#website","url":"https:\/\/soldadoadrianojose.com.br\/","name":"Deputado Adriano Jos\u00e9","description":"Nosso trabalho \u00e9 pelas pessoas","publisher":{"@id":"https:\/\/soldadoadrianojose.com.br\/#\/schema\/person\/16f8e8defb7a4bd6c6082efcd1bdb6bb"},"potentialAction":[{"@type":"SearchAction","target":{"@type":"EntryPoint","urlTemplate":"https:\/\/soldadoadrianojose.com.br\/?s={search_term_string}"},"query-input":{"@type":"PropertyValueSpecification","valueRequired":true,"valueName":"search_term_string"}}],"inLanguage":"pt-BR"},{"@type":["Person","Organization"],"@id":"https:\/\/soldadoadrianojose.com.br\/#\/schema\/person\/16f8e8defb7a4bd6c6082efcd1bdb6bb","name":"soldadoadrianojose","image":{"@type":"ImageObject","inLanguage":"pt-BR","@id":"https:\/\/soldadoadrianojose.com.br\/wp-content\/uploads\/2023\/02\/LOGO_CLEAR-5.png","url":"https:\/\/soldadoadrianojose.com.br\/wp-content\/uploads\/2023\/02\/LOGO_CLEAR-5.png","contentUrl":"https:\/\/soldadoadrianojose.com.br\/wp-content\/uploads\/2023\/02\/LOGO_CLEAR-5.png","width":3508,"height":998,"caption":"soldadoadrianojose"},"logo":{"@id":"https:\/\/soldadoadrianojose.com.br\/wp-content\/uploads\/2023\/02\/LOGO_CLEAR-5.png"},"sameAs":["https:\/\/soldadoadrianojose.com.br"],"url":"https:\/\/soldadoadrianojose.com.br\/index.php\/author\/soldadoadrianojose\/"}]}},"jetpack_featured_media_url":"https:\/\/soldadoadrianojose.com.br\/wp-content\/uploads\/2025\/05\/WhatsApp-Image-2025-05-27-at-16.53.28.jpeg","_links":{"self":[{"href":"https:\/\/soldadoadrianojose.com.br\/index.php\/wp-json\/wp\/v2\/posts\/2772","targetHints":{"allow":["GET"]}}],"collection":[{"href":"https:\/\/soldadoadrianojose.com.br\/index.php\/wp-json\/wp\/v2\/posts"}],"about":[{"href":"https:\/\/soldadoadrianojose.com.br\/index.php\/wp-json\/wp\/v2\/types\/post"}],"author":[{"embeddable":true,"href":"https:\/\/soldadoadrianojose.com.br\/index.php\/wp-json\/wp\/v2\/users\/1"}],"replies":[{"embeddable":true,"href":"https:\/\/soldadoadrianojose.com.br\/index.php\/wp-json\/wp\/v2\/comments?post=2772"}],"version-history":[{"count":3,"href":"https:\/\/soldadoadrianojose.com.br\/index.php\/wp-json\/wp\/v2\/posts\/2772\/revisions"}],"predecessor-version":[{"id":2778,"href":"https:\/\/soldadoadrianojose.com.br\/index.php\/wp-json\/wp\/v2\/posts\/2772\/revisions\/2778"}],"wp:featuredmedia":[{"embeddable":true,"href":"https:\/\/soldadoadrianojose.com.br\/index.php\/wp-json\/wp\/v2\/media\/2775"}],"wp:attachment":[{"href":"https:\/\/soldadoadrianojose.com.br\/index.php\/wp-json\/wp\/v2\/media?parent=2772"}],"wp:term":[{"taxonomy":"category","embeddable":true,"href":"https:\/\/soldadoadrianojose.com.br\/index.php\/wp-json\/wp\/v2\/categories?post=2772"},{"taxonomy":"post_tag","embeddable":true,"href":"https:\/\/soldadoadrianojose.com.br\/index.php\/wp-json\/wp\/v2\/tags?post=2772"}],"curies":[{"name":"wp","href":"https:\/\/api.w.org\/{rel}","templated":true}]}}