{"id":2798,"date":"2025-06-03T11:20:07","date_gmt":"2025-06-03T14:20:07","guid":{"rendered":"https:\/\/soldadoadrianojose.com.br\/?p=2798"},"modified":"2025-06-03T11:22:51","modified_gmt":"2025-06-03T14:22:51","slug":"deputado-adriano-jose-homenageia-jorge-luiz-lange-e-os-60-anos-da-cohapar","status":"publish","type":"post","link":"https:\/\/soldadoadrianojose.com.br\/index.php\/2025\/06\/03\/deputado-adriano-jose-homenageia-jorge-luiz-lange-e-os-60-anos-da-cohapar\/","title":{"rendered":"Deputado Adriano Jos\u00e9 homenageia Jorge Luiz Lange e os 60 Anos da Cohapar"},"content":{"rendered":"\n<p>A Assembleia Legislativa realizou uma Sess\u00e3o Solene nesta segunda feira, dia 2 de junho, em homenagem aos 60 anos da Companhia de Habita\u00e7\u00e3o do Paran\u00e1 (Cohapar) e ao exemplar trabalho do diretor-presidente Jorge Luiz Lange, que completa seis anos \u00e0 frente da institui\u00e7\u00e3o. A iniciativa foi proposta pelo 1\u00ba secret\u00e1rio da Assembleia, deputado estadual Gugu Bueno.<\/p>\n\n\n\n<p>O deputado Adriano Jos\u00e9 enfatizou a import\u00e2ncia dos projetos da COHAPAR em parceria com o governo do estado: \u201cIniciativas como o projeto de habita\u00e7\u00e3o Casa F\u00e1cil, entre outros, est\u00e3o consolidando o nosso estado como uma refer\u00eancia para o Brasil. Por isso, parabenizo o governador Ratinho Junior e o presidente da Cohapar, Jorge Lange.\u201d<\/p>\n\n\n\n<p>Tamb\u00e9m compartilhou da emo\u00e7\u00e3o que sente ao entregar casas para as fam\u00edlias: \u201cParticipar da entrega de novas moradias \u00e9 sem d\u00favida, um dos momentos mais emocionantes da minha carreira. A chance de uma pessoa receber a chave de sua pr\u00f3pria casa representa uma verdadeira transforma\u00e7\u00e3o em sua vida. Quando algu\u00e9m conquista um lar para viver com a fam\u00edlia, enfrenta qualquer dificuldade com a certeza de que tem um lugar seguro para voltar. Isso \u00e9 o que d\u00e1 sentido ao nosso trabalho.\u201d<\/p>\n\n\n\n<p>Adriano Jos\u00e9 tamb\u00e9m reconheceu o esfor\u00e7o da equipe da Cohapar: \u201c\u00c9 preciso o trabalho di\u00e1rio de todos voc\u00eas da Cohapar que est\u00e3o fazendo a diferen\u00e7a na vida das pessoas.\u201d<\/p>\n\n\n\n<p>Fundada em 14 de maio de 1965, a Cohapar \u00e9 um pilar essencial para o desenvolvimento social e urbano do Paran\u00e1. Ao longo de seis d\u00e9cadas, a companhia viabilizou 372.442 unidades habitacionais em todo o estado, mantendo sede em Curitiba e 12 escrit\u00f3rios regionais, com um quadro funcional de 432 colaboradores.<\/p>\n\n\n\n<p>Entre 2019 e 2025, a gest\u00e3o do governador Carlos Massa Ratinho Junior, sob a lideran\u00e7a de Jorge Luiz Lange, ampliou significativamente o atendimento \u00e0s fam\u00edlias paranaenses. Nesse per\u00edodo, 111.115 fam\u00edlias foram atendidas, sendo 92.618 atrav\u00e9s da produ\u00e7\u00e3o habitacional e 18.497 com a\u00e7\u00f5es de regulariza\u00e7\u00e3o fundi\u00e1ria.<\/p>\n\n\n\n<p>Com um investimento direto superior a R$ 1,2 bilh\u00e3o por parte do Governo do Estado, a atua\u00e7\u00e3o da Cohapar impactou mais de R$ 19 bilh\u00f5es na cadeia da constru\u00e7\u00e3o civil paranaense, contribuindo diretamente para a gera\u00e7\u00e3o de empregos e a redu\u00e7\u00e3o do d\u00e9ficit habitacional no estado. A solenidade n\u00e3o s\u00f3 celebrou a trajet\u00f3ria da Cohapar, mas tamb\u00e9m destacou a import\u00e2ncia do trabalho coletivo na transforma\u00e7\u00e3o social das fam\u00edlias paranaenses.<\/p>\n","protected":false},"excerpt":{"rendered":"<p>A Assembleia Legislativa realizou uma Sess\u00e3o Solene nesta segunda feira, dia 2 de junho, em homenagem aos 60 anos da Companhia de Habita\u00e7\u00e3o do Paran\u00e1 (Cohapar) e ao exemplar trabalho do diretor-presidente Jorge Luiz Lange, que completa seis anos \u00e0 frente da institui\u00e7\u00e3o. A iniciativa foi proposta pelo 1\u00ba secret\u00e1rio da Assembleia, deputado estadual Gugu [&hellip;]<\/p>\n","protected":false},"author":1,"featured_media":2800,"comment_status":"open","ping_status":"open","sticky":false,"template":"","format":"standard","meta":{"footnotes":""},"categories":[1],"tags":[28,85,12],"class_list":["post-2798","post","type-post","status-publish","format-standard","has-post-thumbnail","hentry","category-gabinete-sd","tag-adriano-jose-2","tag-cohapar","tag-parana"],"yoast_head":"<!-- This site is optimized with the Yoast SEO plugin v27.4 - https:\/\/yoast.com\/product\/yoast-seo-wordpress\/ -->\n<title>Deputado Adriano Jos\u00e9 homenageia Jorge Luiz Lange e os 60 Anos da Cohapar - Deputado Adriano Jos\u00e9<\/title>\n<meta name=\"robots\" content=\"index, follow, max-snippet:-1, max-image-preview:large, max-video-preview:-1\" \/>\n<link rel=\"canonical\" href=\"https:\/\/soldadoadrianojose.com.br\/index.php\/2025\/06\/03\/deputado-adriano-jose-homenageia-jorge-luiz-lange-e-os-60-anos-da-cohapar\/\" \/>\n<meta property=\"og:locale\" content=\"pt_BR\" \/>\n<meta property=\"og:type\" content=\"article\" \/>\n<meta property=\"og:title\" content=\"Deputado Adriano Jos\u00e9 homenageia Jorge Luiz Lange e os 60 Anos da Cohapar - Deputado Adriano Jos\u00e9\" \/>\n<meta property=\"og:description\" content=\"A Assembleia Legislativa realizou uma Sess\u00e3o Solene nesta segunda feira, dia 2 de junho, em homenagem aos 60 anos da Companhia de Habita\u00e7\u00e3o do Paran\u00e1 (Cohapar) e ao exemplar trabalho do diretor-presidente Jorge Luiz Lange, que completa seis anos \u00e0 frente da institui\u00e7\u00e3o. A iniciativa foi proposta pelo 1\u00ba secret\u00e1rio da Assembleia, deputado estadual Gugu [&hellip;]\" \/>\n<meta property=\"og:url\" content=\"https:\/\/soldadoadrianojose.com.br\/index.php\/2025\/06\/03\/deputado-adriano-jose-homenageia-jorge-luiz-lange-e-os-60-anos-da-cohapar\/\" \/>\n<meta property=\"og:site_name\" content=\"Deputado Adriano Jos\u00e9\" \/>\n<meta property=\"article:published_time\" content=\"2025-06-03T14:20:07+00:00\" \/>\n<meta property=\"article:modified_time\" content=\"2025-06-03T14:22:51+00:00\" \/>\n<meta property=\"og:image\" content=\"https:\/\/soldadoadrianojose.com.br\/wp-content\/uploads\/2025\/06\/54564003691_a69742de71_k.jpg\" \/>\n\t<meta property=\"og:image:width\" content=\"2047\" \/>\n\t<meta property=\"og:image:height\" content=\"1365\" \/>\n\t<meta property=\"og:image:type\" content=\"image\/jpeg\" \/>\n<meta name=\"author\" content=\"soldadoadrianojose\" \/>\n<meta name=\"twitter:card\" content=\"summary_large_image\" \/>\n<meta name=\"twitter:label1\" content=\"Escrito por\" \/>\n\t<meta name=\"twitter:data1\" content=\"soldadoadrianojose\" \/>\n\t<meta name=\"twitter:label2\" content=\"Est. tempo de leitura\" \/>\n\t<meta name=\"twitter:data2\" content=\"3 minutos\" \/>\n<script type=\"application\/ld+json\" class=\"yoast-schema-graph\">{\"@context\":\"https:\\\/\\\/schema.org\",\"@graph\":[{\"@type\":\"Article\",\"@id\":\"https:\\\/\\\/soldadoadrianojose.com.br\\\/index.php\\\/2025\\\/06\\\/03\\\/deputado-adriano-jose-homenageia-jorge-luiz-lange-e-os-60-anos-da-cohapar\\\/#article\",\"isPartOf\":{\"@id\":\"https:\\\/\\\/soldadoadrianojose.com.br\\\/index.php\\\/2025\\\/06\\\/03\\\/deputado-adriano-jose-homenageia-jorge-luiz-lange-e-os-60-anos-da-cohapar\\\/\"},\"author\":{\"name\":\"soldadoadrianojose\",\"@id\":\"https:\\\/\\\/soldadoadrianojose.com.br\\\/#\\\/schema\\\/person\\\/16f8e8defb7a4bd6c6082efcd1bdb6bb\"},\"headline\":\"Deputado Adriano Jos\u00e9 homenageia Jorge Luiz Lange e os 60 Anos da Cohapar\",\"datePublished\":\"2025-06-03T14:20:07+00:00\",\"dateModified\":\"2025-06-03T14:22:51+00:00\",\"mainEntityOfPage\":{\"@id\":\"https:\\\/\\\/soldadoadrianojose.com.br\\\/index.php\\\/2025\\\/06\\\/03\\\/deputado-adriano-jose-homenageia-jorge-luiz-lange-e-os-60-anos-da-cohapar\\\/\"},\"wordCount\":424,\"commentCount\":0,\"publisher\":{\"@id\":\"https:\\\/\\\/soldadoadrianojose.com.br\\\/#\\\/schema\\\/person\\\/16f8e8defb7a4bd6c6082efcd1bdb6bb\"},\"image\":{\"@id\":\"https:\\\/\\\/soldadoadrianojose.com.br\\\/index.php\\\/2025\\\/06\\\/03\\\/deputado-adriano-jose-homenageia-jorge-luiz-lange-e-os-60-anos-da-cohapar\\\/#primaryimage\"},\"thumbnailUrl\":\"https:\\\/\\\/soldadoadrianojose.com.br\\\/wp-content\\\/uploads\\\/2025\\\/06\\\/54564003691_a69742de71_k.jpg\",\"keywords\":[\"adriano jos\u00e9\",\"Cohapar\",\"paran\u00e1\"],\"articleSection\":[\"GABINETE SD\"],\"inLanguage\":\"pt-BR\",\"potentialAction\":[{\"@type\":\"CommentAction\",\"name\":\"Comment\",\"target\":[\"https:\\\/\\\/soldadoadrianojose.com.br\\\/index.php\\\/2025\\\/06\\\/03\\\/deputado-adriano-jose-homenageia-jorge-luiz-lange-e-os-60-anos-da-cohapar\\\/#respond\"]}]},{\"@type\":\"WebPage\",\"@id\":\"https:\\\/\\\/soldadoadrianojose.com.br\\\/index.php\\\/2025\\\/06\\\/03\\\/deputado-adriano-jose-homenageia-jorge-luiz-lange-e-os-60-anos-da-cohapar\\\/\",\"url\":\"https:\\\/\\\/soldadoadrianojose.com.br\\\/index.php\\\/2025\\\/06\\\/03\\\/deputado-adriano-jose-homenageia-jorge-luiz-lange-e-os-60-anos-da-cohapar\\\/\",\"name\":\"Deputado Adriano Jos\u00e9 homenageia Jorge Luiz Lange e os 60 Anos da Cohapar - Deputado Adriano Jos\u00e9\",\"isPartOf\":{\"@id\":\"https:\\\/\\\/soldadoadrianojose.com.br\\\/#website\"},\"primaryImageOfPage\":{\"@id\":\"https:\\\/\\\/soldadoadrianojose.com.br\\\/index.php\\\/2025\\\/06\\\/03\\\/deputado-adriano-jose-homenageia-jorge-luiz-lange-e-os-60-anos-da-cohapar\\\/#primaryimage\"},\"image\":{\"@id\":\"https:\\\/\\\/soldadoadrianojose.com.br\\\/index.php\\\/2025\\\/06\\\/03\\\/deputado-adriano-jose-homenageia-jorge-luiz-lange-e-os-60-anos-da-cohapar\\\/#primaryimage\"},\"thumbnailUrl\":\"https:\\\/\\\/soldadoadrianojose.com.br\\\/wp-content\\\/uploads\\\/2025\\\/06\\\/54564003691_a69742de71_k.jpg\",\"datePublished\":\"2025-06-03T14:20:07+00:00\",\"dateModified\":\"2025-06-03T14:22:51+00:00\",\"breadcrumb\":{\"@id\":\"https:\\\/\\\/soldadoadrianojose.com.br\\\/index.php\\\/2025\\\/06\\\/03\\\/deputado-adriano-jose-homenageia-jorge-luiz-lange-e-os-60-anos-da-cohapar\\\/#breadcrumb\"},\"inLanguage\":\"pt-BR\",\"potentialAction\":[{\"@type\":\"ReadAction\",\"target\":[\"https:\\\/\\\/soldadoadrianojose.com.br\\\/index.php\\\/2025\\\/06\\\/03\\\/deputado-adriano-jose-homenageia-jorge-luiz-lange-e-os-60-anos-da-cohapar\\\/\"]}]},{\"@type\":\"ImageObject\",\"inLanguage\":\"pt-BR\",\"@id\":\"https:\\\/\\\/soldadoadrianojose.com.br\\\/index.php\\\/2025\\\/06\\\/03\\\/deputado-adriano-jose-homenageia-jorge-luiz-lange-e-os-60-anos-da-cohapar\\\/#primaryimage\",\"url\":\"https:\\\/\\\/soldadoadrianojose.com.br\\\/wp-content\\\/uploads\\\/2025\\\/06\\\/54564003691_a69742de71_k.jpg\",\"contentUrl\":\"https:\\\/\\\/soldadoadrianojose.com.br\\\/wp-content\\\/uploads\\\/2025\\\/06\\\/54564003691_a69742de71_k.jpg\",\"width\":2047,\"height\":1365},{\"@type\":\"BreadcrumbList\",\"@id\":\"https:\\\/\\\/soldadoadrianojose.com.br\\\/index.php\\\/2025\\\/06\\\/03\\\/deputado-adriano-jose-homenageia-jorge-luiz-lange-e-os-60-anos-da-cohapar\\\/#breadcrumb\",\"itemListElement\":[{\"@type\":\"ListItem\",\"position\":1,\"name\":\"In\u00edcio\",\"item\":\"https:\\\/\\\/soldadoadrianojose.com.br\\\/\"},{\"@type\":\"ListItem\",\"position\":2,\"name\":\"Deputado Adriano Jos\u00e9 homenageia Jorge Luiz Lange e os 60 Anos da Cohapar\"}]},{\"@type\":\"WebSite\",\"@id\":\"https:\\\/\\\/soldadoadrianojose.com.br\\\/#website\",\"url\":\"https:\\\/\\\/soldadoadrianojose.com.br\\\/\",\"name\":\"Deputado Adriano Jos\u00e9\",\"description\":\"Nosso trabalho \u00e9 pelas pessoas\",\"publisher\":{\"@id\":\"https:\\\/\\\/soldadoadrianojose.com.br\\\/#\\\/schema\\\/person\\\/16f8e8defb7a4bd6c6082efcd1bdb6bb\"},\"potentialAction\":[{\"@type\":\"SearchAction\",\"target\":{\"@type\":\"EntryPoint\",\"urlTemplate\":\"https:\\\/\\\/soldadoadrianojose.com.br\\\/?s={search_term_string}\"},\"query-input\":{\"@type\":\"PropertyValueSpecification\",\"valueRequired\":true,\"valueName\":\"search_term_string\"}}],\"inLanguage\":\"pt-BR\"},{\"@type\":[\"Person\",\"Organization\"],\"@id\":\"https:\\\/\\\/soldadoadrianojose.com.br\\\/#\\\/schema\\\/person\\\/16f8e8defb7a4bd6c6082efcd1bdb6bb\",\"name\":\"soldadoadrianojose\",\"image\":{\"@type\":\"ImageObject\",\"inLanguage\":\"pt-BR\",\"@id\":\"https:\\\/\\\/soldadoadrianojose.com.br\\\/wp-content\\\/uploads\\\/2023\\\/02\\\/LOGO_CLEAR-5.png\",\"url\":\"https:\\\/\\\/soldadoadrianojose.com.br\\\/wp-content\\\/uploads\\\/2023\\\/02\\\/LOGO_CLEAR-5.png\",\"contentUrl\":\"https:\\\/\\\/soldadoadrianojose.com.br\\\/wp-content\\\/uploads\\\/2023\\\/02\\\/LOGO_CLEAR-5.png\",\"width\":3508,\"height\":998,\"caption\":\"soldadoadrianojose\"},\"logo\":{\"@id\":\"https:\\\/\\\/soldadoadrianojose.com.br\\\/wp-content\\\/uploads\\\/2023\\\/02\\\/LOGO_CLEAR-5.png\"},\"sameAs\":[\"https:\\\/\\\/soldadoadrianojose.com.br\"],\"url\":\"https:\\\/\\\/soldadoadrianojose.com.br\\\/index.php\\\/author\\\/soldadoadrianojose\\\/\"}]}<\/script>\n<!-- \/ Yoast SEO plugin. -->","yoast_head_json":{"title":"Deputado Adriano Jos\u00e9 homenageia Jorge Luiz Lange e os 60 Anos da Cohapar - Deputado Adriano Jos\u00e9","robots":{"index":"index","follow":"follow","max-snippet":"max-snippet:-1","max-image-preview":"max-image-preview:large","max-video-preview":"max-video-preview:-1"},"canonical":"https:\/\/soldadoadrianojose.com.br\/index.php\/2025\/06\/03\/deputado-adriano-jose-homenageia-jorge-luiz-lange-e-os-60-anos-da-cohapar\/","og_locale":"pt_BR","og_type":"article","og_title":"Deputado Adriano Jos\u00e9 homenageia Jorge Luiz Lange e os 60 Anos da Cohapar - Deputado Adriano Jos\u00e9","og_description":"A Assembleia Legislativa realizou uma Sess\u00e3o Solene nesta segunda feira, dia 2 de junho, em homenagem aos 60 anos da Companhia de Habita\u00e7\u00e3o do Paran\u00e1 (Cohapar) e ao exemplar trabalho do diretor-presidente Jorge Luiz Lange, que completa seis anos \u00e0 frente da institui\u00e7\u00e3o. A iniciativa foi proposta pelo 1\u00ba secret\u00e1rio da Assembleia, deputado estadual Gugu [&hellip;]","og_url":"https:\/\/soldadoadrianojose.com.br\/index.php\/2025\/06\/03\/deputado-adriano-jose-homenageia-jorge-luiz-lange-e-os-60-anos-da-cohapar\/","og_site_name":"Deputado Adriano Jos\u00e9","article_published_time":"2025-06-03T14:20:07+00:00","article_modified_time":"2025-06-03T14:22:51+00:00","og_image":[{"width":2047,"height":1365,"url":"https:\/\/soldadoadrianojose.com.br\/wp-content\/uploads\/2025\/06\/54564003691_a69742de71_k.jpg","type":"image\/jpeg"}],"author":"soldadoadrianojose","twitter_card":"summary_large_image","twitter_misc":{"Escrito por":"soldadoadrianojose","Est. tempo de leitura":"3 minutos"},"schema":{"@context":"https:\/\/schema.org","@graph":[{"@type":"Article","@id":"https:\/\/soldadoadrianojose.com.br\/index.php\/2025\/06\/03\/deputado-adriano-jose-homenageia-jorge-luiz-lange-e-os-60-anos-da-cohapar\/#article","isPartOf":{"@id":"https:\/\/soldadoadrianojose.com.br\/index.php\/2025\/06\/03\/deputado-adriano-jose-homenageia-jorge-luiz-lange-e-os-60-anos-da-cohapar\/"},"author":{"name":"soldadoadrianojose","@id":"https:\/\/soldadoadrianojose.com.br\/#\/schema\/person\/16f8e8defb7a4bd6c6082efcd1bdb6bb"},"headline":"Deputado Adriano Jos\u00e9 homenageia Jorge Luiz Lange e os 60 Anos da Cohapar","datePublished":"2025-06-03T14:20:07+00:00","dateModified":"2025-06-03T14:22:51+00:00","mainEntityOfPage":{"@id":"https:\/\/soldadoadrianojose.com.br\/index.php\/2025\/06\/03\/deputado-adriano-jose-homenageia-jorge-luiz-lange-e-os-60-anos-da-cohapar\/"},"wordCount":424,"commentCount":0,"publisher":{"@id":"https:\/\/soldadoadrianojose.com.br\/#\/schema\/person\/16f8e8defb7a4bd6c6082efcd1bdb6bb"},"image":{"@id":"https:\/\/soldadoadrianojose.com.br\/index.php\/2025\/06\/03\/deputado-adriano-jose-homenageia-jorge-luiz-lange-e-os-60-anos-da-cohapar\/#primaryimage"},"thumbnailUrl":"https:\/\/soldadoadrianojose.com.br\/wp-content\/uploads\/2025\/06\/54564003691_a69742de71_k.jpg","keywords":["adriano jos\u00e9","Cohapar","paran\u00e1"],"articleSection":["GABINETE SD"],"inLanguage":"pt-BR","potentialAction":[{"@type":"CommentAction","name":"Comment","target":["https:\/\/soldadoadrianojose.com.br\/index.php\/2025\/06\/03\/deputado-adriano-jose-homenageia-jorge-luiz-lange-e-os-60-anos-da-cohapar\/#respond"]}]},{"@type":"WebPage","@id":"https:\/\/soldadoadrianojose.com.br\/index.php\/2025\/06\/03\/deputado-adriano-jose-homenageia-jorge-luiz-lange-e-os-60-anos-da-cohapar\/","url":"https:\/\/soldadoadrianojose.com.br\/index.php\/2025\/06\/03\/deputado-adriano-jose-homenageia-jorge-luiz-lange-e-os-60-anos-da-cohapar\/","name":"Deputado Adriano Jos\u00e9 homenageia Jorge Luiz Lange e os 60 Anos da Cohapar - Deputado Adriano Jos\u00e9","isPartOf":{"@id":"https:\/\/soldadoadrianojose.com.br\/#website"},"primaryImageOfPage":{"@id":"https:\/\/soldadoadrianojose.com.br\/index.php\/2025\/06\/03\/deputado-adriano-jose-homenageia-jorge-luiz-lange-e-os-60-anos-da-cohapar\/#primaryimage"},"image":{"@id":"https:\/\/soldadoadrianojose.com.br\/index.php\/2025\/06\/03\/deputado-adriano-jose-homenageia-jorge-luiz-lange-e-os-60-anos-da-cohapar\/#primaryimage"},"thumbnailUrl":"https:\/\/soldadoadrianojose.com.br\/wp-content\/uploads\/2025\/06\/54564003691_a69742de71_k.jpg","datePublished":"2025-06-03T14:20:07+00:00","dateModified":"2025-06-03T14:22:51+00:00","breadcrumb":{"@id":"https:\/\/soldadoadrianojose.com.br\/index.php\/2025\/06\/03\/deputado-adriano-jose-homenageia-jorge-luiz-lange-e-os-60-anos-da-cohapar\/#breadcrumb"},"inLanguage":"pt-BR","potentialAction":[{"@type":"ReadAction","target":["https:\/\/soldadoadrianojose.com.br\/index.php\/2025\/06\/03\/deputado-adriano-jose-homenageia-jorge-luiz-lange-e-os-60-anos-da-cohapar\/"]}]},{"@type":"ImageObject","inLanguage":"pt-BR","@id":"https:\/\/soldadoadrianojose.com.br\/index.php\/2025\/06\/03\/deputado-adriano-jose-homenageia-jorge-luiz-lange-e-os-60-anos-da-cohapar\/#primaryimage","url":"https:\/\/soldadoadrianojose.com.br\/wp-content\/uploads\/2025\/06\/54564003691_a69742de71_k.jpg","contentUrl":"https:\/\/soldadoadrianojose.com.br\/wp-content\/uploads\/2025\/06\/54564003691_a69742de71_k.jpg","width":2047,"height":1365},{"@type":"BreadcrumbList","@id":"https:\/\/soldadoadrianojose.com.br\/index.php\/2025\/06\/03\/deputado-adriano-jose-homenageia-jorge-luiz-lange-e-os-60-anos-da-cohapar\/#breadcrumb","itemListElement":[{"@type":"ListItem","position":1,"name":"In\u00edcio","item":"https:\/\/soldadoadrianojose.com.br\/"},{"@type":"ListItem","position":2,"name":"Deputado Adriano Jos\u00e9 homenageia Jorge Luiz Lange e os 60 Anos da Cohapar"}]},{"@type":"WebSite","@id":"https:\/\/soldadoadrianojose.com.br\/#website","url":"https:\/\/soldadoadrianojose.com.br\/","name":"Deputado Adriano Jos\u00e9","description":"Nosso trabalho \u00e9 pelas pessoas","publisher":{"@id":"https:\/\/soldadoadrianojose.com.br\/#\/schema\/person\/16f8e8defb7a4bd6c6082efcd1bdb6bb"},"potentialAction":[{"@type":"SearchAction","target":{"@type":"EntryPoint","urlTemplate":"https:\/\/soldadoadrianojose.com.br\/?s={search_term_string}"},"query-input":{"@type":"PropertyValueSpecification","valueRequired":true,"valueName":"search_term_string"}}],"inLanguage":"pt-BR"},{"@type":["Person","Organization"],"@id":"https:\/\/soldadoadrianojose.com.br\/#\/schema\/person\/16f8e8defb7a4bd6c6082efcd1bdb6bb","name":"soldadoadrianojose","image":{"@type":"ImageObject","inLanguage":"pt-BR","@id":"https:\/\/soldadoadrianojose.com.br\/wp-content\/uploads\/2023\/02\/LOGO_CLEAR-5.png","url":"https:\/\/soldadoadrianojose.com.br\/wp-content\/uploads\/2023\/02\/LOGO_CLEAR-5.png","contentUrl":"https:\/\/soldadoadrianojose.com.br\/wp-content\/uploads\/2023\/02\/LOGO_CLEAR-5.png","width":3508,"height":998,"caption":"soldadoadrianojose"},"logo":{"@id":"https:\/\/soldadoadrianojose.com.br\/wp-content\/uploads\/2023\/02\/LOGO_CLEAR-5.png"},"sameAs":["https:\/\/soldadoadrianojose.com.br"],"url":"https:\/\/soldadoadrianojose.com.br\/index.php\/author\/soldadoadrianojose\/"}]}},"jetpack_featured_media_url":"https:\/\/soldadoadrianojose.com.br\/wp-content\/uploads\/2025\/06\/54564003691_a69742de71_k.jpg","_links":{"self":[{"href":"https:\/\/soldadoadrianojose.com.br\/index.php\/wp-json\/wp\/v2\/posts\/2798","targetHints":{"allow":["GET"]}}],"collection":[{"href":"https:\/\/soldadoadrianojose.com.br\/index.php\/wp-json\/wp\/v2\/posts"}],"about":[{"href":"https:\/\/soldadoadrianojose.com.br\/index.php\/wp-json\/wp\/v2\/types\/post"}],"author":[{"embeddable":true,"href":"https:\/\/soldadoadrianojose.com.br\/index.php\/wp-json\/wp\/v2\/users\/1"}],"replies":[{"embeddable":true,"href":"https:\/\/soldadoadrianojose.com.br\/index.php\/wp-json\/wp\/v2\/comments?post=2798"}],"version-history":[{"count":1,"href":"https:\/\/soldadoadrianojose.com.br\/index.php\/wp-json\/wp\/v2\/posts\/2798\/revisions"}],"predecessor-version":[{"id":2799,"href":"https:\/\/soldadoadrianojose.com.br\/index.php\/wp-json\/wp\/v2\/posts\/2798\/revisions\/2799"}],"wp:featuredmedia":[{"embeddable":true,"href":"https:\/\/soldadoadrianojose.com.br\/index.php\/wp-json\/wp\/v2\/media\/2800"}],"wp:attachment":[{"href":"https:\/\/soldadoadrianojose.com.br\/index.php\/wp-json\/wp\/v2\/media?parent=2798"}],"wp:term":[{"taxonomy":"category","embeddable":true,"href":"https:\/\/soldadoadrianojose.com.br\/index.php\/wp-json\/wp\/v2\/categories?post=2798"},{"taxonomy":"post_tag","embeddable":true,"href":"https:\/\/soldadoadrianojose.com.br\/index.php\/wp-json\/wp\/v2\/tags?post=2798"}],"curies":[{"name":"wp","href":"https:\/\/api.w.org\/{rel}","templated":true}]}}