{"id":2806,"date":"2025-07-08T20:20:27","date_gmt":"2025-07-08T23:20:27","guid":{"rendered":"https:\/\/soldadoadrianojose.com.br\/?p=2806"},"modified":"2025-07-08T20:20:28","modified_gmt":"2025-07-08T23:20:28","slug":"deputado-adriano-jose-homenageia-santa-marta-bar-pelos-19-anos-de-contribuicao-ao-entretenimento-e-a-economia-de-curitiba","status":"publish","type":"post","link":"https:\/\/soldadoadrianojose.com.br\/index.php\/2025\/07\/08\/deputado-adriano-jose-homenageia-santa-marta-bar-pelos-19-anos-de-contribuicao-ao-entretenimento-e-a-economia-de-curitiba\/","title":{"rendered":"Deputado Adriano Jos\u00e9 homenageia Santa Marta Bar pelos 19 anos de contribui\u00e7\u00e3o ao entretenimento e \u00e0 economia de Curitiba"},"content":{"rendered":"\n<p>O deputado estadual Soldado Adriano Jos\u00e9 entregou, nesta semana, uma men\u00e7\u00e3o honrosa ao Santa Marta Bar, em reconhecimento aos 19 anos de atua\u00e7\u00e3o do estabelecimento, que se consolidou como um dos principais nomes do entretenimento e da vida noturna de Curitiba.<\/p>\n\n\n\n<p>Localizado no tradicional Bairro Batel, o Santa Marta Bar tornou-se refer\u00eancia na cena noturna da capital, com programa\u00e7\u00e3o musical di\u00e1ria, eventos de grande porte como a Santa Feijoada, e um p\u00fablico fiel que movimenta o turismo urbano e diversos setores da economia. O espa\u00e7o \u00e9 administrado pelos s\u00f3cios Wagner e Anderson, respons\u00e1veis por manter a casa entre as mais lembradas de Curitiba.<\/p>\n\n\n\n<p>A entrega do diploma, requerida pelo Deputado Adriano Jos\u00e9 por meio de solicita\u00e7\u00e3o formal ao Plen\u00e1rio da Assembleia Legislativa do Paran\u00e1, tem como objetivo reconhecer a relev\u00e2ncia do Santa Marta Bar para a economia local, com gera\u00e7\u00e3o de empregos diretos e indiretos nas \u00e1reas de gastronomia, eventos, atendimento, produ\u00e7\u00e3o t\u00e9cnica, seguran\u00e7a e servi\u00e7os terceirizados.<\/p>\n\n\n\n<p>\u201cEssa homenagem \u00e9 mais do que justa. O Santa Marta representa um importante ponto da vida noturna curitibana, contribuindo para o setor de servi\u00e7os e para o fortalecimento da economia da nossa capital. Parabenizo os s\u00f3cios Wagner e Anderson por essa trajet\u00f3ria de sucesso e contribui\u00e7\u00e3o ao Paran\u00e1\u201d, afirmou o deputado.<\/p>\n\n\n\n<p>A men\u00e7\u00e3o reafirma o compromisso do mandato de Adriano Jos\u00e9 com o reconhecimento de empreendedores que fazem a diferen\u00e7a no desenvolvimento do estado, investindo, gerando oportunidades e fortalecendo o setor privado.<\/p>\n","protected":false},"excerpt":{"rendered":"<p>O deputado estadual Soldado Adriano Jos\u00e9 entregou, nesta semana, uma men\u00e7\u00e3o honrosa ao Santa Marta Bar, em reconhecimento aos 19 anos de atua\u00e7\u00e3o do estabelecimento, que se consolidou como um dos principais nomes do entretenimento e da vida noturna de Curitiba. Localizado no tradicional Bairro Batel, o Santa Marta Bar tornou-se refer\u00eancia na cena noturna [&hellip;]<\/p>\n","protected":false},"author":1,"featured_media":2807,"comment_status":"open","ping_status":"open","sticky":false,"template":"","format":"standard","meta":{"footnotes":""},"categories":[86],"tags":[],"class_list":["post-2806","post","type-post","status-publish","format-standard","has-post-thumbnail","hentry","category-curitiba"],"yoast_head":"<!-- This site is optimized with the Yoast SEO plugin v27.4 - https:\/\/yoast.com\/product\/yoast-seo-wordpress\/ -->\n<title>Deputado Adriano Jos\u00e9 homenageia Santa Marta Bar pelos 19 anos de contribui\u00e7\u00e3o ao entretenimento e \u00e0 economia de Curitiba - Deputado Adriano Jos\u00e9<\/title>\n<meta name=\"robots\" content=\"index, follow, max-snippet:-1, max-image-preview:large, max-video-preview:-1\" \/>\n<link rel=\"canonical\" href=\"https:\/\/soldadoadrianojose.com.br\/index.php\/2025\/07\/08\/deputado-adriano-jose-homenageia-santa-marta-bar-pelos-19-anos-de-contribuicao-ao-entretenimento-e-a-economia-de-curitiba\/\" \/>\n<meta property=\"og:locale\" content=\"pt_BR\" \/>\n<meta property=\"og:type\" content=\"article\" \/>\n<meta property=\"og:title\" content=\"Deputado Adriano Jos\u00e9 homenageia Santa Marta Bar pelos 19 anos de contribui\u00e7\u00e3o ao entretenimento e \u00e0 economia de Curitiba - Deputado Adriano Jos\u00e9\" \/>\n<meta property=\"og:description\" content=\"O deputado estadual Soldado Adriano Jos\u00e9 entregou, nesta semana, uma men\u00e7\u00e3o honrosa ao Santa Marta Bar, em reconhecimento aos 19 anos de atua\u00e7\u00e3o do estabelecimento, que se consolidou como um dos principais nomes do entretenimento e da vida noturna de Curitiba. Localizado no tradicional Bairro Batel, o Santa Marta Bar tornou-se refer\u00eancia na cena noturna [&hellip;]\" \/>\n<meta property=\"og:url\" content=\"https:\/\/soldadoadrianojose.com.br\/index.php\/2025\/07\/08\/deputado-adriano-jose-homenageia-santa-marta-bar-pelos-19-anos-de-contribuicao-ao-entretenimento-e-a-economia-de-curitiba\/\" \/>\n<meta property=\"og:site_name\" content=\"Deputado Adriano Jos\u00e9\" \/>\n<meta property=\"article:published_time\" content=\"2025-07-08T23:20:27+00:00\" \/>\n<meta property=\"article:modified_time\" content=\"2025-07-08T23:20:28+00:00\" \/>\n<meta property=\"og:image\" content=\"https:\/\/soldadoadrianojose.com.br\/wp-content\/uploads\/2025\/07\/WhatsApp-Image-2025-07-08-at-16.19.55-scaled.jpeg\" \/>\n\t<meta property=\"og:image:width\" content=\"2560\" \/>\n\t<meta property=\"og:image:height\" content=\"1706\" \/>\n\t<meta property=\"og:image:type\" content=\"image\/jpeg\" \/>\n<meta name=\"author\" content=\"soldadoadrianojose\" \/>\n<meta name=\"twitter:card\" content=\"summary_large_image\" \/>\n<meta name=\"twitter:label1\" content=\"Escrito por\" \/>\n\t<meta name=\"twitter:data1\" content=\"soldadoadrianojose\" \/>\n\t<meta name=\"twitter:label2\" content=\"Est. tempo de leitura\" \/>\n\t<meta name=\"twitter:data2\" content=\"2 minutos\" \/>\n<script type=\"application\/ld+json\" class=\"yoast-schema-graph\">{\"@context\":\"https:\\\/\\\/schema.org\",\"@graph\":[{\"@type\":\"Article\",\"@id\":\"https:\\\/\\\/soldadoadrianojose.com.br\\\/index.php\\\/2025\\\/07\\\/08\\\/deputado-adriano-jose-homenageia-santa-marta-bar-pelos-19-anos-de-contribuicao-ao-entretenimento-e-a-economia-de-curitiba\\\/#article\",\"isPartOf\":{\"@id\":\"https:\\\/\\\/soldadoadrianojose.com.br\\\/index.php\\\/2025\\\/07\\\/08\\\/deputado-adriano-jose-homenageia-santa-marta-bar-pelos-19-anos-de-contribuicao-ao-entretenimento-e-a-economia-de-curitiba\\\/\"},\"author\":{\"name\":\"soldadoadrianojose\",\"@id\":\"https:\\\/\\\/soldadoadrianojose.com.br\\\/#\\\/schema\\\/person\\\/16f8e8defb7a4bd6c6082efcd1bdb6bb\"},\"headline\":\"Deputado Adriano Jos\u00e9 homenageia Santa Marta Bar pelos 19 anos de contribui\u00e7\u00e3o ao entretenimento e \u00e0 economia de Curitiba\",\"datePublished\":\"2025-07-08T23:20:27+00:00\",\"dateModified\":\"2025-07-08T23:20:28+00:00\",\"mainEntityOfPage\":{\"@id\":\"https:\\\/\\\/soldadoadrianojose.com.br\\\/index.php\\\/2025\\\/07\\\/08\\\/deputado-adriano-jose-homenageia-santa-marta-bar-pelos-19-anos-de-contribuicao-ao-entretenimento-e-a-economia-de-curitiba\\\/\"},\"wordCount\":277,\"commentCount\":0,\"publisher\":{\"@id\":\"https:\\\/\\\/soldadoadrianojose.com.br\\\/#\\\/schema\\\/person\\\/16f8e8defb7a4bd6c6082efcd1bdb6bb\"},\"image\":{\"@id\":\"https:\\\/\\\/soldadoadrianojose.com.br\\\/index.php\\\/2025\\\/07\\\/08\\\/deputado-adriano-jose-homenageia-santa-marta-bar-pelos-19-anos-de-contribuicao-ao-entretenimento-e-a-economia-de-curitiba\\\/#primaryimage\"},\"thumbnailUrl\":\"https:\\\/\\\/soldadoadrianojose.com.br\\\/wp-content\\\/uploads\\\/2025\\\/07\\\/WhatsApp-Image-2025-07-08-at-16.19.55-scaled.jpeg\",\"articleSection\":[\"CURITIBA\"],\"inLanguage\":\"pt-BR\",\"potentialAction\":[{\"@type\":\"CommentAction\",\"name\":\"Comment\",\"target\":[\"https:\\\/\\\/soldadoadrianojose.com.br\\\/index.php\\\/2025\\\/07\\\/08\\\/deputado-adriano-jose-homenageia-santa-marta-bar-pelos-19-anos-de-contribuicao-ao-entretenimento-e-a-economia-de-curitiba\\\/#respond\"]}]},{\"@type\":\"WebPage\",\"@id\":\"https:\\\/\\\/soldadoadrianojose.com.br\\\/index.php\\\/2025\\\/07\\\/08\\\/deputado-adriano-jose-homenageia-santa-marta-bar-pelos-19-anos-de-contribuicao-ao-entretenimento-e-a-economia-de-curitiba\\\/\",\"url\":\"https:\\\/\\\/soldadoadrianojose.com.br\\\/index.php\\\/2025\\\/07\\\/08\\\/deputado-adriano-jose-homenageia-santa-marta-bar-pelos-19-anos-de-contribuicao-ao-entretenimento-e-a-economia-de-curitiba\\\/\",\"name\":\"Deputado Adriano Jos\u00e9 homenageia Santa Marta Bar pelos 19 anos de contribui\u00e7\u00e3o ao entretenimento e \u00e0 economia de Curitiba - Deputado Adriano Jos\u00e9\",\"isPartOf\":{\"@id\":\"https:\\\/\\\/soldadoadrianojose.com.br\\\/#website\"},\"primaryImageOfPage\":{\"@id\":\"https:\\\/\\\/soldadoadrianojose.com.br\\\/index.php\\\/2025\\\/07\\\/08\\\/deputado-adriano-jose-homenageia-santa-marta-bar-pelos-19-anos-de-contribuicao-ao-entretenimento-e-a-economia-de-curitiba\\\/#primaryimage\"},\"image\":{\"@id\":\"https:\\\/\\\/soldadoadrianojose.com.br\\\/index.php\\\/2025\\\/07\\\/08\\\/deputado-adriano-jose-homenageia-santa-marta-bar-pelos-19-anos-de-contribuicao-ao-entretenimento-e-a-economia-de-curitiba\\\/#primaryimage\"},\"thumbnailUrl\":\"https:\\\/\\\/soldadoadrianojose.com.br\\\/wp-content\\\/uploads\\\/2025\\\/07\\\/WhatsApp-Image-2025-07-08-at-16.19.55-scaled.jpeg\",\"datePublished\":\"2025-07-08T23:20:27+00:00\",\"dateModified\":\"2025-07-08T23:20:28+00:00\",\"breadcrumb\":{\"@id\":\"https:\\\/\\\/soldadoadrianojose.com.br\\\/index.php\\\/2025\\\/07\\\/08\\\/deputado-adriano-jose-homenageia-santa-marta-bar-pelos-19-anos-de-contribuicao-ao-entretenimento-e-a-economia-de-curitiba\\\/#breadcrumb\"},\"inLanguage\":\"pt-BR\",\"potentialAction\":[{\"@type\":\"ReadAction\",\"target\":[\"https:\\\/\\\/soldadoadrianojose.com.br\\\/index.php\\\/2025\\\/07\\\/08\\\/deputado-adriano-jose-homenageia-santa-marta-bar-pelos-19-anos-de-contribuicao-ao-entretenimento-e-a-economia-de-curitiba\\\/\"]}]},{\"@type\":\"ImageObject\",\"inLanguage\":\"pt-BR\",\"@id\":\"https:\\\/\\\/soldadoadrianojose.com.br\\\/index.php\\\/2025\\\/07\\\/08\\\/deputado-adriano-jose-homenageia-santa-marta-bar-pelos-19-anos-de-contribuicao-ao-entretenimento-e-a-economia-de-curitiba\\\/#primaryimage\",\"url\":\"https:\\\/\\\/soldadoadrianojose.com.br\\\/wp-content\\\/uploads\\\/2025\\\/07\\\/WhatsApp-Image-2025-07-08-at-16.19.55-scaled.jpeg\",\"contentUrl\":\"https:\\\/\\\/soldadoadrianojose.com.br\\\/wp-content\\\/uploads\\\/2025\\\/07\\\/WhatsApp-Image-2025-07-08-at-16.19.55-scaled.jpeg\",\"width\":2560,\"height\":1706},{\"@type\":\"BreadcrumbList\",\"@id\":\"https:\\\/\\\/soldadoadrianojose.com.br\\\/index.php\\\/2025\\\/07\\\/08\\\/deputado-adriano-jose-homenageia-santa-marta-bar-pelos-19-anos-de-contribuicao-ao-entretenimento-e-a-economia-de-curitiba\\\/#breadcrumb\",\"itemListElement\":[{\"@type\":\"ListItem\",\"position\":1,\"name\":\"In\u00edcio\",\"item\":\"https:\\\/\\\/soldadoadrianojose.com.br\\\/\"},{\"@type\":\"ListItem\",\"position\":2,\"name\":\"Deputado Adriano Jos\u00e9 homenageia Santa Marta Bar pelos 19 anos de contribui\u00e7\u00e3o ao entretenimento e \u00e0 economia de Curitiba\"}]},{\"@type\":\"WebSite\",\"@id\":\"https:\\\/\\\/soldadoadrianojose.com.br\\\/#website\",\"url\":\"https:\\\/\\\/soldadoadrianojose.com.br\\\/\",\"name\":\"Deputado Adriano Jos\u00e9\",\"description\":\"Nosso trabalho \u00e9 pelas pessoas\",\"publisher\":{\"@id\":\"https:\\\/\\\/soldadoadrianojose.com.br\\\/#\\\/schema\\\/person\\\/16f8e8defb7a4bd6c6082efcd1bdb6bb\"},\"potentialAction\":[{\"@type\":\"SearchAction\",\"target\":{\"@type\":\"EntryPoint\",\"urlTemplate\":\"https:\\\/\\\/soldadoadrianojose.com.br\\\/?s={search_term_string}\"},\"query-input\":{\"@type\":\"PropertyValueSpecification\",\"valueRequired\":true,\"valueName\":\"search_term_string\"}}],\"inLanguage\":\"pt-BR\"},{\"@type\":[\"Person\",\"Organization\"],\"@id\":\"https:\\\/\\\/soldadoadrianojose.com.br\\\/#\\\/schema\\\/person\\\/16f8e8defb7a4bd6c6082efcd1bdb6bb\",\"name\":\"soldadoadrianojose\",\"image\":{\"@type\":\"ImageObject\",\"inLanguage\":\"pt-BR\",\"@id\":\"https:\\\/\\\/soldadoadrianojose.com.br\\\/wp-content\\\/uploads\\\/2023\\\/02\\\/LOGO_CLEAR-5.png\",\"url\":\"https:\\\/\\\/soldadoadrianojose.com.br\\\/wp-content\\\/uploads\\\/2023\\\/02\\\/LOGO_CLEAR-5.png\",\"contentUrl\":\"https:\\\/\\\/soldadoadrianojose.com.br\\\/wp-content\\\/uploads\\\/2023\\\/02\\\/LOGO_CLEAR-5.png\",\"width\":3508,\"height\":998,\"caption\":\"soldadoadrianojose\"},\"logo\":{\"@id\":\"https:\\\/\\\/soldadoadrianojose.com.br\\\/wp-content\\\/uploads\\\/2023\\\/02\\\/LOGO_CLEAR-5.png\"},\"sameAs\":[\"https:\\\/\\\/soldadoadrianojose.com.br\"],\"url\":\"https:\\\/\\\/soldadoadrianojose.com.br\\\/index.php\\\/author\\\/soldadoadrianojose\\\/\"}]}<\/script>\n<!-- \/ Yoast SEO plugin. -->","yoast_head_json":{"title":"Deputado Adriano Jos\u00e9 homenageia Santa Marta Bar pelos 19 anos de contribui\u00e7\u00e3o ao entretenimento e \u00e0 economia de Curitiba - Deputado Adriano Jos\u00e9","robots":{"index":"index","follow":"follow","max-snippet":"max-snippet:-1","max-image-preview":"max-image-preview:large","max-video-preview":"max-video-preview:-1"},"canonical":"https:\/\/soldadoadrianojose.com.br\/index.php\/2025\/07\/08\/deputado-adriano-jose-homenageia-santa-marta-bar-pelos-19-anos-de-contribuicao-ao-entretenimento-e-a-economia-de-curitiba\/","og_locale":"pt_BR","og_type":"article","og_title":"Deputado Adriano Jos\u00e9 homenageia Santa Marta Bar pelos 19 anos de contribui\u00e7\u00e3o ao entretenimento e \u00e0 economia de Curitiba - Deputado Adriano Jos\u00e9","og_description":"O deputado estadual Soldado Adriano Jos\u00e9 entregou, nesta semana, uma men\u00e7\u00e3o honrosa ao Santa Marta Bar, em reconhecimento aos 19 anos de atua\u00e7\u00e3o do estabelecimento, que se consolidou como um dos principais nomes do entretenimento e da vida noturna de Curitiba. Localizado no tradicional Bairro Batel, o Santa Marta Bar tornou-se refer\u00eancia na cena noturna [&hellip;]","og_url":"https:\/\/soldadoadrianojose.com.br\/index.php\/2025\/07\/08\/deputado-adriano-jose-homenageia-santa-marta-bar-pelos-19-anos-de-contribuicao-ao-entretenimento-e-a-economia-de-curitiba\/","og_site_name":"Deputado Adriano Jos\u00e9","article_published_time":"2025-07-08T23:20:27+00:00","article_modified_time":"2025-07-08T23:20:28+00:00","og_image":[{"width":2560,"height":1706,"url":"https:\/\/soldadoadrianojose.com.br\/wp-content\/uploads\/2025\/07\/WhatsApp-Image-2025-07-08-at-16.19.55-scaled.jpeg","type":"image\/jpeg"}],"author":"soldadoadrianojose","twitter_card":"summary_large_image","twitter_misc":{"Escrito por":"soldadoadrianojose","Est. tempo de leitura":"2 minutos"},"schema":{"@context":"https:\/\/schema.org","@graph":[{"@type":"Article","@id":"https:\/\/soldadoadrianojose.com.br\/index.php\/2025\/07\/08\/deputado-adriano-jose-homenageia-santa-marta-bar-pelos-19-anos-de-contribuicao-ao-entretenimento-e-a-economia-de-curitiba\/#article","isPartOf":{"@id":"https:\/\/soldadoadrianojose.com.br\/index.php\/2025\/07\/08\/deputado-adriano-jose-homenageia-santa-marta-bar-pelos-19-anos-de-contribuicao-ao-entretenimento-e-a-economia-de-curitiba\/"},"author":{"name":"soldadoadrianojose","@id":"https:\/\/soldadoadrianojose.com.br\/#\/schema\/person\/16f8e8defb7a4bd6c6082efcd1bdb6bb"},"headline":"Deputado Adriano Jos\u00e9 homenageia Santa Marta Bar pelos 19 anos de contribui\u00e7\u00e3o ao entretenimento e \u00e0 economia de Curitiba","datePublished":"2025-07-08T23:20:27+00:00","dateModified":"2025-07-08T23:20:28+00:00","mainEntityOfPage":{"@id":"https:\/\/soldadoadrianojose.com.br\/index.php\/2025\/07\/08\/deputado-adriano-jose-homenageia-santa-marta-bar-pelos-19-anos-de-contribuicao-ao-entretenimento-e-a-economia-de-curitiba\/"},"wordCount":277,"commentCount":0,"publisher":{"@id":"https:\/\/soldadoadrianojose.com.br\/#\/schema\/person\/16f8e8defb7a4bd6c6082efcd1bdb6bb"},"image":{"@id":"https:\/\/soldadoadrianojose.com.br\/index.php\/2025\/07\/08\/deputado-adriano-jose-homenageia-santa-marta-bar-pelos-19-anos-de-contribuicao-ao-entretenimento-e-a-economia-de-curitiba\/#primaryimage"},"thumbnailUrl":"https:\/\/soldadoadrianojose.com.br\/wp-content\/uploads\/2025\/07\/WhatsApp-Image-2025-07-08-at-16.19.55-scaled.jpeg","articleSection":["CURITIBA"],"inLanguage":"pt-BR","potentialAction":[{"@type":"CommentAction","name":"Comment","target":["https:\/\/soldadoadrianojose.com.br\/index.php\/2025\/07\/08\/deputado-adriano-jose-homenageia-santa-marta-bar-pelos-19-anos-de-contribuicao-ao-entretenimento-e-a-economia-de-curitiba\/#respond"]}]},{"@type":"WebPage","@id":"https:\/\/soldadoadrianojose.com.br\/index.php\/2025\/07\/08\/deputado-adriano-jose-homenageia-santa-marta-bar-pelos-19-anos-de-contribuicao-ao-entretenimento-e-a-economia-de-curitiba\/","url":"https:\/\/soldadoadrianojose.com.br\/index.php\/2025\/07\/08\/deputado-adriano-jose-homenageia-santa-marta-bar-pelos-19-anos-de-contribuicao-ao-entretenimento-e-a-economia-de-curitiba\/","name":"Deputado Adriano Jos\u00e9 homenageia Santa Marta Bar pelos 19 anos de contribui\u00e7\u00e3o ao entretenimento e \u00e0 economia de Curitiba - Deputado Adriano Jos\u00e9","isPartOf":{"@id":"https:\/\/soldadoadrianojose.com.br\/#website"},"primaryImageOfPage":{"@id":"https:\/\/soldadoadrianojose.com.br\/index.php\/2025\/07\/08\/deputado-adriano-jose-homenageia-santa-marta-bar-pelos-19-anos-de-contribuicao-ao-entretenimento-e-a-economia-de-curitiba\/#primaryimage"},"image":{"@id":"https:\/\/soldadoadrianojose.com.br\/index.php\/2025\/07\/08\/deputado-adriano-jose-homenageia-santa-marta-bar-pelos-19-anos-de-contribuicao-ao-entretenimento-e-a-economia-de-curitiba\/#primaryimage"},"thumbnailUrl":"https:\/\/soldadoadrianojose.com.br\/wp-content\/uploads\/2025\/07\/WhatsApp-Image-2025-07-08-at-16.19.55-scaled.jpeg","datePublished":"2025-07-08T23:20:27+00:00","dateModified":"2025-07-08T23:20:28+00:00","breadcrumb":{"@id":"https:\/\/soldadoadrianojose.com.br\/index.php\/2025\/07\/08\/deputado-adriano-jose-homenageia-santa-marta-bar-pelos-19-anos-de-contribuicao-ao-entretenimento-e-a-economia-de-curitiba\/#breadcrumb"},"inLanguage":"pt-BR","potentialAction":[{"@type":"ReadAction","target":["https:\/\/soldadoadrianojose.com.br\/index.php\/2025\/07\/08\/deputado-adriano-jose-homenageia-santa-marta-bar-pelos-19-anos-de-contribuicao-ao-entretenimento-e-a-economia-de-curitiba\/"]}]},{"@type":"ImageObject","inLanguage":"pt-BR","@id":"https:\/\/soldadoadrianojose.com.br\/index.php\/2025\/07\/08\/deputado-adriano-jose-homenageia-santa-marta-bar-pelos-19-anos-de-contribuicao-ao-entretenimento-e-a-economia-de-curitiba\/#primaryimage","url":"https:\/\/soldadoadrianojose.com.br\/wp-content\/uploads\/2025\/07\/WhatsApp-Image-2025-07-08-at-16.19.55-scaled.jpeg","contentUrl":"https:\/\/soldadoadrianojose.com.br\/wp-content\/uploads\/2025\/07\/WhatsApp-Image-2025-07-08-at-16.19.55-scaled.jpeg","width":2560,"height":1706},{"@type":"BreadcrumbList","@id":"https:\/\/soldadoadrianojose.com.br\/index.php\/2025\/07\/08\/deputado-adriano-jose-homenageia-santa-marta-bar-pelos-19-anos-de-contribuicao-ao-entretenimento-e-a-economia-de-curitiba\/#breadcrumb","itemListElement":[{"@type":"ListItem","position":1,"name":"In\u00edcio","item":"https:\/\/soldadoadrianojose.com.br\/"},{"@type":"ListItem","position":2,"name":"Deputado Adriano Jos\u00e9 homenageia Santa Marta Bar pelos 19 anos de contribui\u00e7\u00e3o ao entretenimento e \u00e0 economia de Curitiba"}]},{"@type":"WebSite","@id":"https:\/\/soldadoadrianojose.com.br\/#website","url":"https:\/\/soldadoadrianojose.com.br\/","name":"Deputado Adriano Jos\u00e9","description":"Nosso trabalho \u00e9 pelas pessoas","publisher":{"@id":"https:\/\/soldadoadrianojose.com.br\/#\/schema\/person\/16f8e8defb7a4bd6c6082efcd1bdb6bb"},"potentialAction":[{"@type":"SearchAction","target":{"@type":"EntryPoint","urlTemplate":"https:\/\/soldadoadrianojose.com.br\/?s={search_term_string}"},"query-input":{"@type":"PropertyValueSpecification","valueRequired":true,"valueName":"search_term_string"}}],"inLanguage":"pt-BR"},{"@type":["Person","Organization"],"@id":"https:\/\/soldadoadrianojose.com.br\/#\/schema\/person\/16f8e8defb7a4bd6c6082efcd1bdb6bb","name":"soldadoadrianojose","image":{"@type":"ImageObject","inLanguage":"pt-BR","@id":"https:\/\/soldadoadrianojose.com.br\/wp-content\/uploads\/2023\/02\/LOGO_CLEAR-5.png","url":"https:\/\/soldadoadrianojose.com.br\/wp-content\/uploads\/2023\/02\/LOGO_CLEAR-5.png","contentUrl":"https:\/\/soldadoadrianojose.com.br\/wp-content\/uploads\/2023\/02\/LOGO_CLEAR-5.png","width":3508,"height":998,"caption":"soldadoadrianojose"},"logo":{"@id":"https:\/\/soldadoadrianojose.com.br\/wp-content\/uploads\/2023\/02\/LOGO_CLEAR-5.png"},"sameAs":["https:\/\/soldadoadrianojose.com.br"],"url":"https:\/\/soldadoadrianojose.com.br\/index.php\/author\/soldadoadrianojose\/"}]}},"jetpack_featured_media_url":"https:\/\/soldadoadrianojose.com.br\/wp-content\/uploads\/2025\/07\/WhatsApp-Image-2025-07-08-at-16.19.55-scaled.jpeg","_links":{"self":[{"href":"https:\/\/soldadoadrianojose.com.br\/index.php\/wp-json\/wp\/v2\/posts\/2806","targetHints":{"allow":["GET"]}}],"collection":[{"href":"https:\/\/soldadoadrianojose.com.br\/index.php\/wp-json\/wp\/v2\/posts"}],"about":[{"href":"https:\/\/soldadoadrianojose.com.br\/index.php\/wp-json\/wp\/v2\/types\/post"}],"author":[{"embeddable":true,"href":"https:\/\/soldadoadrianojose.com.br\/index.php\/wp-json\/wp\/v2\/users\/1"}],"replies":[{"embeddable":true,"href":"https:\/\/soldadoadrianojose.com.br\/index.php\/wp-json\/wp\/v2\/comments?post=2806"}],"version-history":[{"count":1,"href":"https:\/\/soldadoadrianojose.com.br\/index.php\/wp-json\/wp\/v2\/posts\/2806\/revisions"}],"predecessor-version":[{"id":2808,"href":"https:\/\/soldadoadrianojose.com.br\/index.php\/wp-json\/wp\/v2\/posts\/2806\/revisions\/2808"}],"wp:featuredmedia":[{"embeddable":true,"href":"https:\/\/soldadoadrianojose.com.br\/index.php\/wp-json\/wp\/v2\/media\/2807"}],"wp:attachment":[{"href":"https:\/\/soldadoadrianojose.com.br\/index.php\/wp-json\/wp\/v2\/media?parent=2806"}],"wp:term":[{"taxonomy":"category","embeddable":true,"href":"https:\/\/soldadoadrianojose.com.br\/index.php\/wp-json\/wp\/v2\/categories?post=2806"},{"taxonomy":"post_tag","embeddable":true,"href":"https:\/\/soldadoadrianojose.com.br\/index.php\/wp-json\/wp\/v2\/tags?post=2806"}],"curies":[{"name":"wp","href":"https:\/\/api.w.org\/{rel}","templated":true}]}}