{"id":2809,"date":"2025-07-08T20:37:02","date_gmt":"2025-07-08T23:37:02","guid":{"rendered":"https:\/\/soldadoadrianojose.com.br\/?p=2809"},"modified":"2025-07-08T20:37:03","modified_gmt":"2025-07-08T23:37:03","slug":"deputado-adriano-jose-presidente-da-comissao-de-seguranca-publica-destaca-aprovacao-da-modernizacao-da-carreira-da-policia-penal-no-parana","status":"publish","type":"post","link":"https:\/\/soldadoadrianojose.com.br\/index.php\/2025\/07\/08\/deputado-adriano-jose-presidente-da-comissao-de-seguranca-publica-destaca-aprovacao-da-modernizacao-da-carreira-da-policia-penal-no-parana\/","title":{"rendered":"Deputado Adriano Jos\u00e9, presidente da Comiss\u00e3o de Seguran\u00e7a P\u00fablica, destaca aprova\u00e7\u00e3o da moderniza\u00e7\u00e3o da carreira da Pol\u00edcia Penal no Paran\u00e1"},"content":{"rendered":"\n<p>A seguran\u00e7a p\u00fablica do Paran\u00e1 acaba de ganhar um importante refor\u00e7o. Sob a lideran\u00e7a do deputado Adriano Jos\u00e9, presidente da Comiss\u00e3o de Seguran\u00e7a P\u00fablica da Assembleia Legislativa, foi aprovada a moderniza\u00e7\u00e3o da carreira da Pol\u00edcia Penal no estado, um marco que visa valorizar os profissionais da \u00e1rea e promover melhorias no sistema prisional.<\/p>\n\n\n\n<p>A aprova\u00e7\u00e3o do projeto representa um avan\u00e7o significativo para o fortalecimento da seguran\u00e7a no Paran\u00e1, com foco na valoriza\u00e7\u00e3o dos agentes penitenci\u00e1rios, fundamentais para a manuten\u00e7\u00e3o da ordem e seguran\u00e7a nas unidades prisionais. Entre as principais mudan\u00e7as, est\u00e3o a reestrutura\u00e7\u00e3o da carreira, melhoria das condi\u00e7\u00f5es de trabalho e capacita\u00e7\u00e3o dos servidores.<\/p>\n\n\n\n<p>\u201cEsta \u00e9 uma conquista fundamental para os policiais penais, que desempenham um papel essencial na seguran\u00e7a do nosso estado. A moderniza\u00e7\u00e3o da carreira \u00e9 tamb\u00e9m um investimento direto na melhoria do sistema prisional, o que impacta positivamente toda a popula\u00e7\u00e3o paranaense\u201d, afirmou o deputado Adriano Jos\u00e9.<\/p>\n\n\n\n<p>O projeto, aprovado recentemente, segue agora para as pr\u00f3ximas etapas de tramita\u00e7\u00e3o, onde deve ser sancionado para entrar em vigor e beneficiar milhares de profissionais que atuam no sistema prisional paranaense.<\/p>\n\n\n\n<p>Com essa iniciativa, o Paran\u00e1 refor\u00e7a seu compromisso com a seguran\u00e7a p\u00fablica e a valoriza\u00e7\u00e3o dos servidores que atuam diretamente na prote\u00e7\u00e3o da sociedade.<\/p>\n","protected":false},"excerpt":{"rendered":"<p>A seguran\u00e7a p\u00fablica do Paran\u00e1 acaba de ganhar um importante refor\u00e7o. Sob a lideran\u00e7a do deputado Adriano Jos\u00e9, presidente da Comiss\u00e3o de Seguran\u00e7a P\u00fablica da Assembleia Legislativa, foi aprovada a moderniza\u00e7\u00e3o da carreira da Pol\u00edcia Penal no estado, um marco que visa valorizar os profissionais da \u00e1rea e promover melhorias no sistema prisional. A aprova\u00e7\u00e3o [&hellip;]<\/p>\n","protected":false},"author":1,"featured_media":2811,"comment_status":"open","ping_status":"open","sticky":false,"template":"","format":"standard","meta":{"footnotes":""},"categories":[1],"tags":[],"class_list":["post-2809","post","type-post","status-publish","format-standard","has-post-thumbnail","hentry","category-gabinete-sd"],"yoast_head":"<!-- This site is optimized with the Yoast SEO plugin v27.4 - https:\/\/yoast.com\/product\/yoast-seo-wordpress\/ -->\n<title>Deputado Adriano Jos\u00e9, presidente da Comiss\u00e3o de Seguran\u00e7a P\u00fablica, destaca aprova\u00e7\u00e3o da moderniza\u00e7\u00e3o da carreira da Pol\u00edcia Penal no Paran\u00e1 - Deputado Adriano Jos\u00e9<\/title>\n<meta name=\"robots\" content=\"index, follow, max-snippet:-1, max-image-preview:large, max-video-preview:-1\" \/>\n<link rel=\"canonical\" href=\"https:\/\/soldadoadrianojose.com.br\/index.php\/2025\/07\/08\/deputado-adriano-jose-presidente-da-comissao-de-seguranca-publica-destaca-aprovacao-da-modernizacao-da-carreira-da-policia-penal-no-parana\/\" \/>\n<meta property=\"og:locale\" content=\"pt_BR\" \/>\n<meta property=\"og:type\" content=\"article\" \/>\n<meta property=\"og:title\" content=\"Deputado Adriano Jos\u00e9, presidente da Comiss\u00e3o de Seguran\u00e7a P\u00fablica, destaca aprova\u00e7\u00e3o da moderniza\u00e7\u00e3o da carreira da Pol\u00edcia Penal no Paran\u00e1 - Deputado Adriano Jos\u00e9\" \/>\n<meta property=\"og:description\" content=\"A seguran\u00e7a p\u00fablica do Paran\u00e1 acaba de ganhar um importante refor\u00e7o. Sob a lideran\u00e7a do deputado Adriano Jos\u00e9, presidente da Comiss\u00e3o de Seguran\u00e7a P\u00fablica da Assembleia Legislativa, foi aprovada a moderniza\u00e7\u00e3o da carreira da Pol\u00edcia Penal no estado, um marco que visa valorizar os profissionais da \u00e1rea e promover melhorias no sistema prisional. A aprova\u00e7\u00e3o [&hellip;]\" \/>\n<meta property=\"og:url\" content=\"https:\/\/soldadoadrianojose.com.br\/index.php\/2025\/07\/08\/deputado-adriano-jose-presidente-da-comissao-de-seguranca-publica-destaca-aprovacao-da-modernizacao-da-carreira-da-policia-penal-no-parana\/\" \/>\n<meta property=\"og:site_name\" content=\"Deputado Adriano Jos\u00e9\" \/>\n<meta property=\"article:published_time\" content=\"2025-07-08T23:37:02+00:00\" \/>\n<meta property=\"article:modified_time\" content=\"2025-07-08T23:37:03+00:00\" \/>\n<meta property=\"og:image\" content=\"https:\/\/soldadoadrianojose.com.br\/wp-content\/uploads\/2025\/07\/WhatsApp-Image-2025-07-08-at-20.33.14.jpeg\" \/>\n\t<meta property=\"og:image:width\" content=\"1320\" \/>\n\t<meta property=\"og:image:height\" content=\"931\" \/>\n\t<meta property=\"og:image:type\" content=\"image\/jpeg\" \/>\n<meta name=\"author\" content=\"soldadoadrianojose\" \/>\n<meta name=\"twitter:card\" content=\"summary_large_image\" \/>\n<meta name=\"twitter:label1\" content=\"Escrito por\" \/>\n\t<meta name=\"twitter:data1\" content=\"soldadoadrianojose\" \/>\n\t<meta name=\"twitter:label2\" content=\"Est. tempo de leitura\" \/>\n\t<meta name=\"twitter:data2\" content=\"2 minutos\" \/>\n<script type=\"application\/ld+json\" class=\"yoast-schema-graph\">{\"@context\":\"https:\\\/\\\/schema.org\",\"@graph\":[{\"@type\":\"Article\",\"@id\":\"https:\\\/\\\/soldadoadrianojose.com.br\\\/index.php\\\/2025\\\/07\\\/08\\\/deputado-adriano-jose-presidente-da-comissao-de-seguranca-publica-destaca-aprovacao-da-modernizacao-da-carreira-da-policia-penal-no-parana\\\/#article\",\"isPartOf\":{\"@id\":\"https:\\\/\\\/soldadoadrianojose.com.br\\\/index.php\\\/2025\\\/07\\\/08\\\/deputado-adriano-jose-presidente-da-comissao-de-seguranca-publica-destaca-aprovacao-da-modernizacao-da-carreira-da-policia-penal-no-parana\\\/\"},\"author\":{\"name\":\"soldadoadrianojose\",\"@id\":\"https:\\\/\\\/soldadoadrianojose.com.br\\\/#\\\/schema\\\/person\\\/16f8e8defb7a4bd6c6082efcd1bdb6bb\"},\"headline\":\"Deputado Adriano Jos\u00e9, presidente da Comiss\u00e3o de Seguran\u00e7a P\u00fablica, destaca aprova\u00e7\u00e3o da moderniza\u00e7\u00e3o da carreira da Pol\u00edcia Penal no Paran\u00e1\",\"datePublished\":\"2025-07-08T23:37:02+00:00\",\"dateModified\":\"2025-07-08T23:37:03+00:00\",\"mainEntityOfPage\":{\"@id\":\"https:\\\/\\\/soldadoadrianojose.com.br\\\/index.php\\\/2025\\\/07\\\/08\\\/deputado-adriano-jose-presidente-da-comissao-de-seguranca-publica-destaca-aprovacao-da-modernizacao-da-carreira-da-policia-penal-no-parana\\\/\"},\"wordCount\":261,\"commentCount\":0,\"publisher\":{\"@id\":\"https:\\\/\\\/soldadoadrianojose.com.br\\\/#\\\/schema\\\/person\\\/16f8e8defb7a4bd6c6082efcd1bdb6bb\"},\"image\":{\"@id\":\"https:\\\/\\\/soldadoadrianojose.com.br\\\/index.php\\\/2025\\\/07\\\/08\\\/deputado-adriano-jose-presidente-da-comissao-de-seguranca-publica-destaca-aprovacao-da-modernizacao-da-carreira-da-policia-penal-no-parana\\\/#primaryimage\"},\"thumbnailUrl\":\"https:\\\/\\\/soldadoadrianojose.com.br\\\/wp-content\\\/uploads\\\/2025\\\/07\\\/WhatsApp-Image-2025-07-08-at-20.33.14.jpeg\",\"articleSection\":[\"GABINETE SD\"],\"inLanguage\":\"pt-BR\",\"potentialAction\":[{\"@type\":\"CommentAction\",\"name\":\"Comment\",\"target\":[\"https:\\\/\\\/soldadoadrianojose.com.br\\\/index.php\\\/2025\\\/07\\\/08\\\/deputado-adriano-jose-presidente-da-comissao-de-seguranca-publica-destaca-aprovacao-da-modernizacao-da-carreira-da-policia-penal-no-parana\\\/#respond\"]}]},{\"@type\":\"WebPage\",\"@id\":\"https:\\\/\\\/soldadoadrianojose.com.br\\\/index.php\\\/2025\\\/07\\\/08\\\/deputado-adriano-jose-presidente-da-comissao-de-seguranca-publica-destaca-aprovacao-da-modernizacao-da-carreira-da-policia-penal-no-parana\\\/\",\"url\":\"https:\\\/\\\/soldadoadrianojose.com.br\\\/index.php\\\/2025\\\/07\\\/08\\\/deputado-adriano-jose-presidente-da-comissao-de-seguranca-publica-destaca-aprovacao-da-modernizacao-da-carreira-da-policia-penal-no-parana\\\/\",\"name\":\"Deputado Adriano Jos\u00e9, presidente da Comiss\u00e3o de Seguran\u00e7a P\u00fablica, destaca aprova\u00e7\u00e3o da moderniza\u00e7\u00e3o da carreira da Pol\u00edcia Penal no Paran\u00e1 - Deputado Adriano Jos\u00e9\",\"isPartOf\":{\"@id\":\"https:\\\/\\\/soldadoadrianojose.com.br\\\/#website\"},\"primaryImageOfPage\":{\"@id\":\"https:\\\/\\\/soldadoadrianojose.com.br\\\/index.php\\\/2025\\\/07\\\/08\\\/deputado-adriano-jose-presidente-da-comissao-de-seguranca-publica-destaca-aprovacao-da-modernizacao-da-carreira-da-policia-penal-no-parana\\\/#primaryimage\"},\"image\":{\"@id\":\"https:\\\/\\\/soldadoadrianojose.com.br\\\/index.php\\\/2025\\\/07\\\/08\\\/deputado-adriano-jose-presidente-da-comissao-de-seguranca-publica-destaca-aprovacao-da-modernizacao-da-carreira-da-policia-penal-no-parana\\\/#primaryimage\"},\"thumbnailUrl\":\"https:\\\/\\\/soldadoadrianojose.com.br\\\/wp-content\\\/uploads\\\/2025\\\/07\\\/WhatsApp-Image-2025-07-08-at-20.33.14.jpeg\",\"datePublished\":\"2025-07-08T23:37:02+00:00\",\"dateModified\":\"2025-07-08T23:37:03+00:00\",\"breadcrumb\":{\"@id\":\"https:\\\/\\\/soldadoadrianojose.com.br\\\/index.php\\\/2025\\\/07\\\/08\\\/deputado-adriano-jose-presidente-da-comissao-de-seguranca-publica-destaca-aprovacao-da-modernizacao-da-carreira-da-policia-penal-no-parana\\\/#breadcrumb\"},\"inLanguage\":\"pt-BR\",\"potentialAction\":[{\"@type\":\"ReadAction\",\"target\":[\"https:\\\/\\\/soldadoadrianojose.com.br\\\/index.php\\\/2025\\\/07\\\/08\\\/deputado-adriano-jose-presidente-da-comissao-de-seguranca-publica-destaca-aprovacao-da-modernizacao-da-carreira-da-policia-penal-no-parana\\\/\"]}]},{\"@type\":\"ImageObject\",\"inLanguage\":\"pt-BR\",\"@id\":\"https:\\\/\\\/soldadoadrianojose.com.br\\\/index.php\\\/2025\\\/07\\\/08\\\/deputado-adriano-jose-presidente-da-comissao-de-seguranca-publica-destaca-aprovacao-da-modernizacao-da-carreira-da-policia-penal-no-parana\\\/#primaryimage\",\"url\":\"https:\\\/\\\/soldadoadrianojose.com.br\\\/wp-content\\\/uploads\\\/2025\\\/07\\\/WhatsApp-Image-2025-07-08-at-20.33.14.jpeg\",\"contentUrl\":\"https:\\\/\\\/soldadoadrianojose.com.br\\\/wp-content\\\/uploads\\\/2025\\\/07\\\/WhatsApp-Image-2025-07-08-at-20.33.14.jpeg\",\"width\":1320,\"height\":931},{\"@type\":\"BreadcrumbList\",\"@id\":\"https:\\\/\\\/soldadoadrianojose.com.br\\\/index.php\\\/2025\\\/07\\\/08\\\/deputado-adriano-jose-presidente-da-comissao-de-seguranca-publica-destaca-aprovacao-da-modernizacao-da-carreira-da-policia-penal-no-parana\\\/#breadcrumb\",\"itemListElement\":[{\"@type\":\"ListItem\",\"position\":1,\"name\":\"In\u00edcio\",\"item\":\"https:\\\/\\\/soldadoadrianojose.com.br\\\/\"},{\"@type\":\"ListItem\",\"position\":2,\"name\":\"Deputado Adriano Jos\u00e9, presidente da Comiss\u00e3o de Seguran\u00e7a P\u00fablica, destaca aprova\u00e7\u00e3o da moderniza\u00e7\u00e3o da carreira da Pol\u00edcia Penal no Paran\u00e1\"}]},{\"@type\":\"WebSite\",\"@id\":\"https:\\\/\\\/soldadoadrianojose.com.br\\\/#website\",\"url\":\"https:\\\/\\\/soldadoadrianojose.com.br\\\/\",\"name\":\"Deputado Adriano Jos\u00e9\",\"description\":\"Nosso trabalho \u00e9 pelas pessoas\",\"publisher\":{\"@id\":\"https:\\\/\\\/soldadoadrianojose.com.br\\\/#\\\/schema\\\/person\\\/16f8e8defb7a4bd6c6082efcd1bdb6bb\"},\"potentialAction\":[{\"@type\":\"SearchAction\",\"target\":{\"@type\":\"EntryPoint\",\"urlTemplate\":\"https:\\\/\\\/soldadoadrianojose.com.br\\\/?s={search_term_string}\"},\"query-input\":{\"@type\":\"PropertyValueSpecification\",\"valueRequired\":true,\"valueName\":\"search_term_string\"}}],\"inLanguage\":\"pt-BR\"},{\"@type\":[\"Person\",\"Organization\"],\"@id\":\"https:\\\/\\\/soldadoadrianojose.com.br\\\/#\\\/schema\\\/person\\\/16f8e8defb7a4bd6c6082efcd1bdb6bb\",\"name\":\"soldadoadrianojose\",\"image\":{\"@type\":\"ImageObject\",\"inLanguage\":\"pt-BR\",\"@id\":\"https:\\\/\\\/soldadoadrianojose.com.br\\\/wp-content\\\/uploads\\\/2023\\\/02\\\/LOGO_CLEAR-5.png\",\"url\":\"https:\\\/\\\/soldadoadrianojose.com.br\\\/wp-content\\\/uploads\\\/2023\\\/02\\\/LOGO_CLEAR-5.png\",\"contentUrl\":\"https:\\\/\\\/soldadoadrianojose.com.br\\\/wp-content\\\/uploads\\\/2023\\\/02\\\/LOGO_CLEAR-5.png\",\"width\":3508,\"height\":998,\"caption\":\"soldadoadrianojose\"},\"logo\":{\"@id\":\"https:\\\/\\\/soldadoadrianojose.com.br\\\/wp-content\\\/uploads\\\/2023\\\/02\\\/LOGO_CLEAR-5.png\"},\"sameAs\":[\"https:\\\/\\\/soldadoadrianojose.com.br\"],\"url\":\"https:\\\/\\\/soldadoadrianojose.com.br\\\/index.php\\\/author\\\/soldadoadrianojose\\\/\"}]}<\/script>\n<!-- \/ Yoast SEO plugin. -->","yoast_head_json":{"title":"Deputado Adriano Jos\u00e9, presidente da Comiss\u00e3o de Seguran\u00e7a P\u00fablica, destaca aprova\u00e7\u00e3o da moderniza\u00e7\u00e3o da carreira da Pol\u00edcia Penal no Paran\u00e1 - Deputado Adriano Jos\u00e9","robots":{"index":"index","follow":"follow","max-snippet":"max-snippet:-1","max-image-preview":"max-image-preview:large","max-video-preview":"max-video-preview:-1"},"canonical":"https:\/\/soldadoadrianojose.com.br\/index.php\/2025\/07\/08\/deputado-adriano-jose-presidente-da-comissao-de-seguranca-publica-destaca-aprovacao-da-modernizacao-da-carreira-da-policia-penal-no-parana\/","og_locale":"pt_BR","og_type":"article","og_title":"Deputado Adriano Jos\u00e9, presidente da Comiss\u00e3o de Seguran\u00e7a P\u00fablica, destaca aprova\u00e7\u00e3o da moderniza\u00e7\u00e3o da carreira da Pol\u00edcia Penal no Paran\u00e1 - Deputado Adriano Jos\u00e9","og_description":"A seguran\u00e7a p\u00fablica do Paran\u00e1 acaba de ganhar um importante refor\u00e7o. Sob a lideran\u00e7a do deputado Adriano Jos\u00e9, presidente da Comiss\u00e3o de Seguran\u00e7a P\u00fablica da Assembleia Legislativa, foi aprovada a moderniza\u00e7\u00e3o da carreira da Pol\u00edcia Penal no estado, um marco que visa valorizar os profissionais da \u00e1rea e promover melhorias no sistema prisional. A aprova\u00e7\u00e3o [&hellip;]","og_url":"https:\/\/soldadoadrianojose.com.br\/index.php\/2025\/07\/08\/deputado-adriano-jose-presidente-da-comissao-de-seguranca-publica-destaca-aprovacao-da-modernizacao-da-carreira-da-policia-penal-no-parana\/","og_site_name":"Deputado Adriano Jos\u00e9","article_published_time":"2025-07-08T23:37:02+00:00","article_modified_time":"2025-07-08T23:37:03+00:00","og_image":[{"width":1320,"height":931,"url":"https:\/\/soldadoadrianojose.com.br\/wp-content\/uploads\/2025\/07\/WhatsApp-Image-2025-07-08-at-20.33.14.jpeg","type":"image\/jpeg"}],"author":"soldadoadrianojose","twitter_card":"summary_large_image","twitter_misc":{"Escrito por":"soldadoadrianojose","Est. tempo de leitura":"2 minutos"},"schema":{"@context":"https:\/\/schema.org","@graph":[{"@type":"Article","@id":"https:\/\/soldadoadrianojose.com.br\/index.php\/2025\/07\/08\/deputado-adriano-jose-presidente-da-comissao-de-seguranca-publica-destaca-aprovacao-da-modernizacao-da-carreira-da-policia-penal-no-parana\/#article","isPartOf":{"@id":"https:\/\/soldadoadrianojose.com.br\/index.php\/2025\/07\/08\/deputado-adriano-jose-presidente-da-comissao-de-seguranca-publica-destaca-aprovacao-da-modernizacao-da-carreira-da-policia-penal-no-parana\/"},"author":{"name":"soldadoadrianojose","@id":"https:\/\/soldadoadrianojose.com.br\/#\/schema\/person\/16f8e8defb7a4bd6c6082efcd1bdb6bb"},"headline":"Deputado Adriano Jos\u00e9, presidente da Comiss\u00e3o de Seguran\u00e7a P\u00fablica, destaca aprova\u00e7\u00e3o da moderniza\u00e7\u00e3o da carreira da Pol\u00edcia Penal no Paran\u00e1","datePublished":"2025-07-08T23:37:02+00:00","dateModified":"2025-07-08T23:37:03+00:00","mainEntityOfPage":{"@id":"https:\/\/soldadoadrianojose.com.br\/index.php\/2025\/07\/08\/deputado-adriano-jose-presidente-da-comissao-de-seguranca-publica-destaca-aprovacao-da-modernizacao-da-carreira-da-policia-penal-no-parana\/"},"wordCount":261,"commentCount":0,"publisher":{"@id":"https:\/\/soldadoadrianojose.com.br\/#\/schema\/person\/16f8e8defb7a4bd6c6082efcd1bdb6bb"},"image":{"@id":"https:\/\/soldadoadrianojose.com.br\/index.php\/2025\/07\/08\/deputado-adriano-jose-presidente-da-comissao-de-seguranca-publica-destaca-aprovacao-da-modernizacao-da-carreira-da-policia-penal-no-parana\/#primaryimage"},"thumbnailUrl":"https:\/\/soldadoadrianojose.com.br\/wp-content\/uploads\/2025\/07\/WhatsApp-Image-2025-07-08-at-20.33.14.jpeg","articleSection":["GABINETE SD"],"inLanguage":"pt-BR","potentialAction":[{"@type":"CommentAction","name":"Comment","target":["https:\/\/soldadoadrianojose.com.br\/index.php\/2025\/07\/08\/deputado-adriano-jose-presidente-da-comissao-de-seguranca-publica-destaca-aprovacao-da-modernizacao-da-carreira-da-policia-penal-no-parana\/#respond"]}]},{"@type":"WebPage","@id":"https:\/\/soldadoadrianojose.com.br\/index.php\/2025\/07\/08\/deputado-adriano-jose-presidente-da-comissao-de-seguranca-publica-destaca-aprovacao-da-modernizacao-da-carreira-da-policia-penal-no-parana\/","url":"https:\/\/soldadoadrianojose.com.br\/index.php\/2025\/07\/08\/deputado-adriano-jose-presidente-da-comissao-de-seguranca-publica-destaca-aprovacao-da-modernizacao-da-carreira-da-policia-penal-no-parana\/","name":"Deputado Adriano Jos\u00e9, presidente da Comiss\u00e3o de Seguran\u00e7a P\u00fablica, destaca aprova\u00e7\u00e3o da moderniza\u00e7\u00e3o da carreira da Pol\u00edcia Penal no Paran\u00e1 - Deputado Adriano Jos\u00e9","isPartOf":{"@id":"https:\/\/soldadoadrianojose.com.br\/#website"},"primaryImageOfPage":{"@id":"https:\/\/soldadoadrianojose.com.br\/index.php\/2025\/07\/08\/deputado-adriano-jose-presidente-da-comissao-de-seguranca-publica-destaca-aprovacao-da-modernizacao-da-carreira-da-policia-penal-no-parana\/#primaryimage"},"image":{"@id":"https:\/\/soldadoadrianojose.com.br\/index.php\/2025\/07\/08\/deputado-adriano-jose-presidente-da-comissao-de-seguranca-publica-destaca-aprovacao-da-modernizacao-da-carreira-da-policia-penal-no-parana\/#primaryimage"},"thumbnailUrl":"https:\/\/soldadoadrianojose.com.br\/wp-content\/uploads\/2025\/07\/WhatsApp-Image-2025-07-08-at-20.33.14.jpeg","datePublished":"2025-07-08T23:37:02+00:00","dateModified":"2025-07-08T23:37:03+00:00","breadcrumb":{"@id":"https:\/\/soldadoadrianojose.com.br\/index.php\/2025\/07\/08\/deputado-adriano-jose-presidente-da-comissao-de-seguranca-publica-destaca-aprovacao-da-modernizacao-da-carreira-da-policia-penal-no-parana\/#breadcrumb"},"inLanguage":"pt-BR","potentialAction":[{"@type":"ReadAction","target":["https:\/\/soldadoadrianojose.com.br\/index.php\/2025\/07\/08\/deputado-adriano-jose-presidente-da-comissao-de-seguranca-publica-destaca-aprovacao-da-modernizacao-da-carreira-da-policia-penal-no-parana\/"]}]},{"@type":"ImageObject","inLanguage":"pt-BR","@id":"https:\/\/soldadoadrianojose.com.br\/index.php\/2025\/07\/08\/deputado-adriano-jose-presidente-da-comissao-de-seguranca-publica-destaca-aprovacao-da-modernizacao-da-carreira-da-policia-penal-no-parana\/#primaryimage","url":"https:\/\/soldadoadrianojose.com.br\/wp-content\/uploads\/2025\/07\/WhatsApp-Image-2025-07-08-at-20.33.14.jpeg","contentUrl":"https:\/\/soldadoadrianojose.com.br\/wp-content\/uploads\/2025\/07\/WhatsApp-Image-2025-07-08-at-20.33.14.jpeg","width":1320,"height":931},{"@type":"BreadcrumbList","@id":"https:\/\/soldadoadrianojose.com.br\/index.php\/2025\/07\/08\/deputado-adriano-jose-presidente-da-comissao-de-seguranca-publica-destaca-aprovacao-da-modernizacao-da-carreira-da-policia-penal-no-parana\/#breadcrumb","itemListElement":[{"@type":"ListItem","position":1,"name":"In\u00edcio","item":"https:\/\/soldadoadrianojose.com.br\/"},{"@type":"ListItem","position":2,"name":"Deputado Adriano Jos\u00e9, presidente da Comiss\u00e3o de Seguran\u00e7a P\u00fablica, destaca aprova\u00e7\u00e3o da moderniza\u00e7\u00e3o da carreira da Pol\u00edcia Penal no Paran\u00e1"}]},{"@type":"WebSite","@id":"https:\/\/soldadoadrianojose.com.br\/#website","url":"https:\/\/soldadoadrianojose.com.br\/","name":"Deputado Adriano Jos\u00e9","description":"Nosso trabalho \u00e9 pelas pessoas","publisher":{"@id":"https:\/\/soldadoadrianojose.com.br\/#\/schema\/person\/16f8e8defb7a4bd6c6082efcd1bdb6bb"},"potentialAction":[{"@type":"SearchAction","target":{"@type":"EntryPoint","urlTemplate":"https:\/\/soldadoadrianojose.com.br\/?s={search_term_string}"},"query-input":{"@type":"PropertyValueSpecification","valueRequired":true,"valueName":"search_term_string"}}],"inLanguage":"pt-BR"},{"@type":["Person","Organization"],"@id":"https:\/\/soldadoadrianojose.com.br\/#\/schema\/person\/16f8e8defb7a4bd6c6082efcd1bdb6bb","name":"soldadoadrianojose","image":{"@type":"ImageObject","inLanguage":"pt-BR","@id":"https:\/\/soldadoadrianojose.com.br\/wp-content\/uploads\/2023\/02\/LOGO_CLEAR-5.png","url":"https:\/\/soldadoadrianojose.com.br\/wp-content\/uploads\/2023\/02\/LOGO_CLEAR-5.png","contentUrl":"https:\/\/soldadoadrianojose.com.br\/wp-content\/uploads\/2023\/02\/LOGO_CLEAR-5.png","width":3508,"height":998,"caption":"soldadoadrianojose"},"logo":{"@id":"https:\/\/soldadoadrianojose.com.br\/wp-content\/uploads\/2023\/02\/LOGO_CLEAR-5.png"},"sameAs":["https:\/\/soldadoadrianojose.com.br"],"url":"https:\/\/soldadoadrianojose.com.br\/index.php\/author\/soldadoadrianojose\/"}]}},"jetpack_featured_media_url":"https:\/\/soldadoadrianojose.com.br\/wp-content\/uploads\/2025\/07\/WhatsApp-Image-2025-07-08-at-20.33.14.jpeg","_links":{"self":[{"href":"https:\/\/soldadoadrianojose.com.br\/index.php\/wp-json\/wp\/v2\/posts\/2809","targetHints":{"allow":["GET"]}}],"collection":[{"href":"https:\/\/soldadoadrianojose.com.br\/index.php\/wp-json\/wp\/v2\/posts"}],"about":[{"href":"https:\/\/soldadoadrianojose.com.br\/index.php\/wp-json\/wp\/v2\/types\/post"}],"author":[{"embeddable":true,"href":"https:\/\/soldadoadrianojose.com.br\/index.php\/wp-json\/wp\/v2\/users\/1"}],"replies":[{"embeddable":true,"href":"https:\/\/soldadoadrianojose.com.br\/index.php\/wp-json\/wp\/v2\/comments?post=2809"}],"version-history":[{"count":1,"href":"https:\/\/soldadoadrianojose.com.br\/index.php\/wp-json\/wp\/v2\/posts\/2809\/revisions"}],"predecessor-version":[{"id":2812,"href":"https:\/\/soldadoadrianojose.com.br\/index.php\/wp-json\/wp\/v2\/posts\/2809\/revisions\/2812"}],"wp:featuredmedia":[{"embeddable":true,"href":"https:\/\/soldadoadrianojose.com.br\/index.php\/wp-json\/wp\/v2\/media\/2811"}],"wp:attachment":[{"href":"https:\/\/soldadoadrianojose.com.br\/index.php\/wp-json\/wp\/v2\/media?parent=2809"}],"wp:term":[{"taxonomy":"category","embeddable":true,"href":"https:\/\/soldadoadrianojose.com.br\/index.php\/wp-json\/wp\/v2\/categories?post=2809"},{"taxonomy":"post_tag","embeddable":true,"href":"https:\/\/soldadoadrianojose.com.br\/index.php\/wp-json\/wp\/v2\/tags?post=2809"}],"curies":[{"name":"wp","href":"https:\/\/api.w.org\/{rel}","templated":true}]}}