{"id":2813,"date":"2025-07-10T14:23:47","date_gmt":"2025-07-10T17:23:47","guid":{"rendered":"https:\/\/soldadoadrianojose.com.br\/?p=2813"},"modified":"2025-07-10T14:23:47","modified_gmt":"2025-07-10T17:23:47","slug":"deputado-adriano-jose-e-secretario-beto-preto-anunciam-investimentos-de-12-milhoes-para-saude-publica-de-sarandi","status":"publish","type":"post","link":"https:\/\/soldadoadrianojose.com.br\/index.php\/2025\/07\/10\/deputado-adriano-jose-e-secretario-beto-preto-anunciam-investimentos-de-12-milhoes-para-saude-publica-de-sarandi\/","title":{"rendered":"Deputado Adriano Jos\u00e9 e secret\u00e1rio Beto Preto anunciam investimentos de 12 milh\u00f5es para sa\u00fade p\u00fablica de Sarandi"},"content":{"rendered":"\n<p>Na manh\u00e3 desta quinta-feira, 10 de julho, Sarandi deu um passo importante rumo \u00e0 amplia\u00e7\u00e3o e moderniza\u00e7\u00e3o da sua estrutura de sa\u00fade. O&nbsp;prefeito Carlos de Paula recebeu a visita do Secret\u00e1rio de Estado da Sa\u00fade do Paran\u00e1, Beto Preto, e do Deputado Estadual Adriano Jos\u00e9, para oficializar a libera\u00e7\u00e3o de investimentos que somam quase R$ 12 milh\u00f5es. Os recursos ser\u00e3o destinados \u00e0 constru\u00e7\u00e3o de tr\u00eas novas Unidades B\u00e1sicas de Sa\u00fade (UBS) e de um novo Pronto Atendimento Municipal (PAM), ampliando significativamente a capacidade de atendimento \u00e0 popula\u00e7\u00e3o.<\/p>\n\n\n\n<p>Durante a solenidade de assinatura da libera\u00e7\u00e3o de recursos, estiveram presentes diversas autoridades, entre elas deputados estaduais, vereadores, secret\u00e1rios municipais, coordenadores e l\u00edderes comunit\u00e1rios. Novas UBS em tr\u00eas bairros. O investimento de R$ 4 milh\u00f5es ser\u00e1 dividido entre tr\u00eas novas UBS, que ser\u00e3o constru\u00eddas nos bairros Jardim Bela Vista, Ecovalley e Jardim S\u00e3o Paulo. Essas unidades v\u00e3o garantir maior proximidade do atendimento b\u00e1sico de sa\u00fade com a popula\u00e7\u00e3o, fortalecendo o cuidado preventivo e cont\u00ednuo. Novo Pronto Atendimento, outro destaque do pacote de investimentos \u00e9 a constru\u00e7\u00e3o de um novo Pronto Atendimento, ao lado da atual UPA, com aporte de R$ 7 milh\u00f5es.<\/p>\n\n\n\n<p>Durante a cerimonia o prefeito disse que a atual UPA de 950 metros ser\u00e1 reformada, o munic\u00edpio j\u00e1 tem dinheiro para isso e depois com a constru\u00e7\u00e3o do PAM, as estruturas da nova UPA somar\u00e3o 1.800 m\u00b2, ser\u00e1 um avan\u00e7a significativo, equipada com aparelho de raio-X, ultrassonografia e outros equipamentos modernos, oferecendo mais qualidade, agilidade e conforto no atendimento de urg\u00eancia e emerg\u00eancia.<\/p>\n\n\n\n<p>De acordo com o prefeito Carlos de Paula, o processo de licita\u00e7\u00e3o ser\u00e1 iniciado no m\u00e1ximo em 90 dias, com previs\u00e3o de in\u00edcio das obras ainda este ano. \u201c\u00c9 um momento hist\u00f3rico para Sarandi. Estamos fazendo um grande investimento para transformar a sa\u00fade p\u00fablica e garantir mais dignidade para a nossa popula\u00e7\u00e3o, porque sa\u00fade \u00e9 sim prioridade\u201d, destacou o prefeito.<\/p>\n\n\n\n<p>\u201cEsse recurso representa um avan\u00e7o significativo para a sa\u00fade de Sarandi, beneficiando diretamente milhares de moradores com mais qualidade e efici\u00eancia nos servi\u00e7os\u201d, destacou o deputado estadual Adriano Jos\u00e9.<\/p>\n\n\n\n<p>O Secret\u00e1rio de Estado da Sa\u00fade, Beto Preto, elogiou o empenho da gest\u00e3o municipal. \u201cSarandi \u00e9 um exemplo de compromisso com a sa\u00fade p\u00fablica. Esses investimentos s\u00e3o fruto de planejamento, seriedade e trabalho conjunto entre munic\u00edpio, estado e parlamentares\u201d, afirmou. A Prefeitura de Sarandi reafirma o compromisso em oferecer uma sa\u00fade cada vez mais acess\u00edvel, eficiente e humanizada a todos os moradores.<\/p>\n","protected":false},"excerpt":{"rendered":"<p>Na manh\u00e3 desta quinta-feira, 10 de julho, Sarandi deu um passo importante rumo \u00e0 amplia\u00e7\u00e3o e moderniza\u00e7\u00e3o da sua estrutura de sa\u00fade. O&nbsp;prefeito Carlos de Paula recebeu a visita do Secret\u00e1rio de Estado da Sa\u00fade do Paran\u00e1, Beto Preto, e do Deputado Estadual Adriano Jos\u00e9, para oficializar a libera\u00e7\u00e3o de investimentos que somam quase R$ [&hellip;]<\/p>\n","protected":false},"author":1,"featured_media":2814,"comment_status":"open","ping_status":"open","sticky":false,"template":"","format":"standard","meta":{"footnotes":""},"categories":[1],"tags":[],"class_list":["post-2813","post","type-post","status-publish","format-standard","has-post-thumbnail","hentry","category-gabinete-sd"],"yoast_head":"<!-- This site is optimized with the Yoast SEO plugin v27.4 - https:\/\/yoast.com\/product\/yoast-seo-wordpress\/ -->\n<title>Deputado Adriano Jos\u00e9 e secret\u00e1rio Beto Preto anunciam investimentos de 12 milh\u00f5es para sa\u00fade p\u00fablica de Sarandi - Deputado Adriano Jos\u00e9<\/title>\n<meta name=\"robots\" content=\"index, follow, max-snippet:-1, max-image-preview:large, max-video-preview:-1\" \/>\n<link rel=\"canonical\" href=\"https:\/\/soldadoadrianojose.com.br\/index.php\/2025\/07\/10\/deputado-adriano-jose-e-secretario-beto-preto-anunciam-investimentos-de-12-milhoes-para-saude-publica-de-sarandi\/\" \/>\n<meta property=\"og:locale\" content=\"pt_BR\" \/>\n<meta property=\"og:type\" content=\"article\" \/>\n<meta property=\"og:title\" content=\"Deputado Adriano Jos\u00e9 e secret\u00e1rio Beto Preto anunciam investimentos de 12 milh\u00f5es para sa\u00fade p\u00fablica de Sarandi - Deputado Adriano Jos\u00e9\" \/>\n<meta property=\"og:description\" content=\"Na manh\u00e3 desta quinta-feira, 10 de julho, Sarandi deu um passo importante rumo \u00e0 amplia\u00e7\u00e3o e moderniza\u00e7\u00e3o da sua estrutura de sa\u00fade. O&nbsp;prefeito Carlos de Paula recebeu a visita do Secret\u00e1rio de Estado da Sa\u00fade do Paran\u00e1, Beto Preto, e do Deputado Estadual Adriano Jos\u00e9, para oficializar a libera\u00e7\u00e3o de investimentos que somam quase R$ [&hellip;]\" \/>\n<meta property=\"og:url\" content=\"https:\/\/soldadoadrianojose.com.br\/index.php\/2025\/07\/10\/deputado-adriano-jose-e-secretario-beto-preto-anunciam-investimentos-de-12-milhoes-para-saude-publica-de-sarandi\/\" \/>\n<meta property=\"og:site_name\" content=\"Deputado Adriano Jos\u00e9\" \/>\n<meta property=\"article:published_time\" content=\"2025-07-10T17:23:47+00:00\" \/>\n<meta property=\"og:image\" content=\"https:\/\/soldadoadrianojose.com.br\/wp-content\/uploads\/2025\/07\/WhatsApp-Image-2025-07-10-at-10.37.49.jpeg\" \/>\n\t<meta property=\"og:image:width\" content=\"1600\" \/>\n\t<meta property=\"og:image:height\" content=\"1200\" \/>\n\t<meta property=\"og:image:type\" content=\"image\/jpeg\" \/>\n<meta name=\"author\" content=\"soldadoadrianojose\" \/>\n<meta name=\"twitter:card\" content=\"summary_large_image\" \/>\n<meta name=\"twitter:label1\" content=\"Escrito por\" \/>\n\t<meta name=\"twitter:data1\" content=\"soldadoadrianojose\" \/>\n\t<meta name=\"twitter:label2\" content=\"Est. tempo de leitura\" \/>\n\t<meta name=\"twitter:data2\" content=\"3 minutos\" \/>\n<script type=\"application\/ld+json\" class=\"yoast-schema-graph\">{\"@context\":\"https:\\\/\\\/schema.org\",\"@graph\":[{\"@type\":\"Article\",\"@id\":\"https:\\\/\\\/soldadoadrianojose.com.br\\\/index.php\\\/2025\\\/07\\\/10\\\/deputado-adriano-jose-e-secretario-beto-preto-anunciam-investimentos-de-12-milhoes-para-saude-publica-de-sarandi\\\/#article\",\"isPartOf\":{\"@id\":\"https:\\\/\\\/soldadoadrianojose.com.br\\\/index.php\\\/2025\\\/07\\\/10\\\/deputado-adriano-jose-e-secretario-beto-preto-anunciam-investimentos-de-12-milhoes-para-saude-publica-de-sarandi\\\/\"},\"author\":{\"name\":\"soldadoadrianojose\",\"@id\":\"https:\\\/\\\/soldadoadrianojose.com.br\\\/#\\\/schema\\\/person\\\/16f8e8defb7a4bd6c6082efcd1bdb6bb\"},\"headline\":\"Deputado Adriano Jos\u00e9 e secret\u00e1rio Beto Preto anunciam investimentos de 12 milh\u00f5es para sa\u00fade p\u00fablica de Sarandi\",\"datePublished\":\"2025-07-10T17:23:47+00:00\",\"mainEntityOfPage\":{\"@id\":\"https:\\\/\\\/soldadoadrianojose.com.br\\\/index.php\\\/2025\\\/07\\\/10\\\/deputado-adriano-jose-e-secretario-beto-preto-anunciam-investimentos-de-12-milhoes-para-saude-publica-de-sarandi\\\/\"},\"wordCount\":469,\"commentCount\":0,\"publisher\":{\"@id\":\"https:\\\/\\\/soldadoadrianojose.com.br\\\/#\\\/schema\\\/person\\\/16f8e8defb7a4bd6c6082efcd1bdb6bb\"},\"image\":{\"@id\":\"https:\\\/\\\/soldadoadrianojose.com.br\\\/index.php\\\/2025\\\/07\\\/10\\\/deputado-adriano-jose-e-secretario-beto-preto-anunciam-investimentos-de-12-milhoes-para-saude-publica-de-sarandi\\\/#primaryimage\"},\"thumbnailUrl\":\"https:\\\/\\\/soldadoadrianojose.com.br\\\/wp-content\\\/uploads\\\/2025\\\/07\\\/WhatsApp-Image-2025-07-10-at-10.37.49.jpeg\",\"articleSection\":[\"GABINETE SD\"],\"inLanguage\":\"pt-BR\",\"potentialAction\":[{\"@type\":\"CommentAction\",\"name\":\"Comment\",\"target\":[\"https:\\\/\\\/soldadoadrianojose.com.br\\\/index.php\\\/2025\\\/07\\\/10\\\/deputado-adriano-jose-e-secretario-beto-preto-anunciam-investimentos-de-12-milhoes-para-saude-publica-de-sarandi\\\/#respond\"]}]},{\"@type\":\"WebPage\",\"@id\":\"https:\\\/\\\/soldadoadrianojose.com.br\\\/index.php\\\/2025\\\/07\\\/10\\\/deputado-adriano-jose-e-secretario-beto-preto-anunciam-investimentos-de-12-milhoes-para-saude-publica-de-sarandi\\\/\",\"url\":\"https:\\\/\\\/soldadoadrianojose.com.br\\\/index.php\\\/2025\\\/07\\\/10\\\/deputado-adriano-jose-e-secretario-beto-preto-anunciam-investimentos-de-12-milhoes-para-saude-publica-de-sarandi\\\/\",\"name\":\"Deputado Adriano Jos\u00e9 e secret\u00e1rio Beto Preto anunciam investimentos de 12 milh\u00f5es para sa\u00fade p\u00fablica de Sarandi - Deputado Adriano Jos\u00e9\",\"isPartOf\":{\"@id\":\"https:\\\/\\\/soldadoadrianojose.com.br\\\/#website\"},\"primaryImageOfPage\":{\"@id\":\"https:\\\/\\\/soldadoadrianojose.com.br\\\/index.php\\\/2025\\\/07\\\/10\\\/deputado-adriano-jose-e-secretario-beto-preto-anunciam-investimentos-de-12-milhoes-para-saude-publica-de-sarandi\\\/#primaryimage\"},\"image\":{\"@id\":\"https:\\\/\\\/soldadoadrianojose.com.br\\\/index.php\\\/2025\\\/07\\\/10\\\/deputado-adriano-jose-e-secretario-beto-preto-anunciam-investimentos-de-12-milhoes-para-saude-publica-de-sarandi\\\/#primaryimage\"},\"thumbnailUrl\":\"https:\\\/\\\/soldadoadrianojose.com.br\\\/wp-content\\\/uploads\\\/2025\\\/07\\\/WhatsApp-Image-2025-07-10-at-10.37.49.jpeg\",\"datePublished\":\"2025-07-10T17:23:47+00:00\",\"breadcrumb\":{\"@id\":\"https:\\\/\\\/soldadoadrianojose.com.br\\\/index.php\\\/2025\\\/07\\\/10\\\/deputado-adriano-jose-e-secretario-beto-preto-anunciam-investimentos-de-12-milhoes-para-saude-publica-de-sarandi\\\/#breadcrumb\"},\"inLanguage\":\"pt-BR\",\"potentialAction\":[{\"@type\":\"ReadAction\",\"target\":[\"https:\\\/\\\/soldadoadrianojose.com.br\\\/index.php\\\/2025\\\/07\\\/10\\\/deputado-adriano-jose-e-secretario-beto-preto-anunciam-investimentos-de-12-milhoes-para-saude-publica-de-sarandi\\\/\"]}]},{\"@type\":\"ImageObject\",\"inLanguage\":\"pt-BR\",\"@id\":\"https:\\\/\\\/soldadoadrianojose.com.br\\\/index.php\\\/2025\\\/07\\\/10\\\/deputado-adriano-jose-e-secretario-beto-preto-anunciam-investimentos-de-12-milhoes-para-saude-publica-de-sarandi\\\/#primaryimage\",\"url\":\"https:\\\/\\\/soldadoadrianojose.com.br\\\/wp-content\\\/uploads\\\/2025\\\/07\\\/WhatsApp-Image-2025-07-10-at-10.37.49.jpeg\",\"contentUrl\":\"https:\\\/\\\/soldadoadrianojose.com.br\\\/wp-content\\\/uploads\\\/2025\\\/07\\\/WhatsApp-Image-2025-07-10-at-10.37.49.jpeg\",\"width\":1600,\"height\":1200},{\"@type\":\"BreadcrumbList\",\"@id\":\"https:\\\/\\\/soldadoadrianojose.com.br\\\/index.php\\\/2025\\\/07\\\/10\\\/deputado-adriano-jose-e-secretario-beto-preto-anunciam-investimentos-de-12-milhoes-para-saude-publica-de-sarandi\\\/#breadcrumb\",\"itemListElement\":[{\"@type\":\"ListItem\",\"position\":1,\"name\":\"In\u00edcio\",\"item\":\"https:\\\/\\\/soldadoadrianojose.com.br\\\/\"},{\"@type\":\"ListItem\",\"position\":2,\"name\":\"Deputado Adriano Jos\u00e9 e secret\u00e1rio Beto Preto anunciam investimentos de 12 milh\u00f5es para sa\u00fade p\u00fablica de Sarandi\"}]},{\"@type\":\"WebSite\",\"@id\":\"https:\\\/\\\/soldadoadrianojose.com.br\\\/#website\",\"url\":\"https:\\\/\\\/soldadoadrianojose.com.br\\\/\",\"name\":\"Deputado Adriano Jos\u00e9\",\"description\":\"Nosso trabalho \u00e9 pelas pessoas\",\"publisher\":{\"@id\":\"https:\\\/\\\/soldadoadrianojose.com.br\\\/#\\\/schema\\\/person\\\/16f8e8defb7a4bd6c6082efcd1bdb6bb\"},\"potentialAction\":[{\"@type\":\"SearchAction\",\"target\":{\"@type\":\"EntryPoint\",\"urlTemplate\":\"https:\\\/\\\/soldadoadrianojose.com.br\\\/?s={search_term_string}\"},\"query-input\":{\"@type\":\"PropertyValueSpecification\",\"valueRequired\":true,\"valueName\":\"search_term_string\"}}],\"inLanguage\":\"pt-BR\"},{\"@type\":[\"Person\",\"Organization\"],\"@id\":\"https:\\\/\\\/soldadoadrianojose.com.br\\\/#\\\/schema\\\/person\\\/16f8e8defb7a4bd6c6082efcd1bdb6bb\",\"name\":\"soldadoadrianojose\",\"image\":{\"@type\":\"ImageObject\",\"inLanguage\":\"pt-BR\",\"@id\":\"https:\\\/\\\/soldadoadrianojose.com.br\\\/wp-content\\\/uploads\\\/2023\\\/02\\\/LOGO_CLEAR-5.png\",\"url\":\"https:\\\/\\\/soldadoadrianojose.com.br\\\/wp-content\\\/uploads\\\/2023\\\/02\\\/LOGO_CLEAR-5.png\",\"contentUrl\":\"https:\\\/\\\/soldadoadrianojose.com.br\\\/wp-content\\\/uploads\\\/2023\\\/02\\\/LOGO_CLEAR-5.png\",\"width\":3508,\"height\":998,\"caption\":\"soldadoadrianojose\"},\"logo\":{\"@id\":\"https:\\\/\\\/soldadoadrianojose.com.br\\\/wp-content\\\/uploads\\\/2023\\\/02\\\/LOGO_CLEAR-5.png\"},\"sameAs\":[\"https:\\\/\\\/soldadoadrianojose.com.br\"],\"url\":\"https:\\\/\\\/soldadoadrianojose.com.br\\\/index.php\\\/author\\\/soldadoadrianojose\\\/\"}]}<\/script>\n<!-- \/ Yoast SEO plugin. -->","yoast_head_json":{"title":"Deputado Adriano Jos\u00e9 e secret\u00e1rio Beto Preto anunciam investimentos de 12 milh\u00f5es para sa\u00fade p\u00fablica de Sarandi - Deputado Adriano Jos\u00e9","robots":{"index":"index","follow":"follow","max-snippet":"max-snippet:-1","max-image-preview":"max-image-preview:large","max-video-preview":"max-video-preview:-1"},"canonical":"https:\/\/soldadoadrianojose.com.br\/index.php\/2025\/07\/10\/deputado-adriano-jose-e-secretario-beto-preto-anunciam-investimentos-de-12-milhoes-para-saude-publica-de-sarandi\/","og_locale":"pt_BR","og_type":"article","og_title":"Deputado Adriano Jos\u00e9 e secret\u00e1rio Beto Preto anunciam investimentos de 12 milh\u00f5es para sa\u00fade p\u00fablica de Sarandi - Deputado Adriano Jos\u00e9","og_description":"Na manh\u00e3 desta quinta-feira, 10 de julho, Sarandi deu um passo importante rumo \u00e0 amplia\u00e7\u00e3o e moderniza\u00e7\u00e3o da sua estrutura de sa\u00fade. O&nbsp;prefeito Carlos de Paula recebeu a visita do Secret\u00e1rio de Estado da Sa\u00fade do Paran\u00e1, Beto Preto, e do Deputado Estadual Adriano Jos\u00e9, para oficializar a libera\u00e7\u00e3o de investimentos que somam quase R$ [&hellip;]","og_url":"https:\/\/soldadoadrianojose.com.br\/index.php\/2025\/07\/10\/deputado-adriano-jose-e-secretario-beto-preto-anunciam-investimentos-de-12-milhoes-para-saude-publica-de-sarandi\/","og_site_name":"Deputado Adriano Jos\u00e9","article_published_time":"2025-07-10T17:23:47+00:00","og_image":[{"width":1600,"height":1200,"url":"https:\/\/soldadoadrianojose.com.br\/wp-content\/uploads\/2025\/07\/WhatsApp-Image-2025-07-10-at-10.37.49.jpeg","type":"image\/jpeg"}],"author":"soldadoadrianojose","twitter_card":"summary_large_image","twitter_misc":{"Escrito por":"soldadoadrianojose","Est. tempo de leitura":"3 minutos"},"schema":{"@context":"https:\/\/schema.org","@graph":[{"@type":"Article","@id":"https:\/\/soldadoadrianojose.com.br\/index.php\/2025\/07\/10\/deputado-adriano-jose-e-secretario-beto-preto-anunciam-investimentos-de-12-milhoes-para-saude-publica-de-sarandi\/#article","isPartOf":{"@id":"https:\/\/soldadoadrianojose.com.br\/index.php\/2025\/07\/10\/deputado-adriano-jose-e-secretario-beto-preto-anunciam-investimentos-de-12-milhoes-para-saude-publica-de-sarandi\/"},"author":{"name":"soldadoadrianojose","@id":"https:\/\/soldadoadrianojose.com.br\/#\/schema\/person\/16f8e8defb7a4bd6c6082efcd1bdb6bb"},"headline":"Deputado Adriano Jos\u00e9 e secret\u00e1rio Beto Preto anunciam investimentos de 12 milh\u00f5es para sa\u00fade p\u00fablica de Sarandi","datePublished":"2025-07-10T17:23:47+00:00","mainEntityOfPage":{"@id":"https:\/\/soldadoadrianojose.com.br\/index.php\/2025\/07\/10\/deputado-adriano-jose-e-secretario-beto-preto-anunciam-investimentos-de-12-milhoes-para-saude-publica-de-sarandi\/"},"wordCount":469,"commentCount":0,"publisher":{"@id":"https:\/\/soldadoadrianojose.com.br\/#\/schema\/person\/16f8e8defb7a4bd6c6082efcd1bdb6bb"},"image":{"@id":"https:\/\/soldadoadrianojose.com.br\/index.php\/2025\/07\/10\/deputado-adriano-jose-e-secretario-beto-preto-anunciam-investimentos-de-12-milhoes-para-saude-publica-de-sarandi\/#primaryimage"},"thumbnailUrl":"https:\/\/soldadoadrianojose.com.br\/wp-content\/uploads\/2025\/07\/WhatsApp-Image-2025-07-10-at-10.37.49.jpeg","articleSection":["GABINETE SD"],"inLanguage":"pt-BR","potentialAction":[{"@type":"CommentAction","name":"Comment","target":["https:\/\/soldadoadrianojose.com.br\/index.php\/2025\/07\/10\/deputado-adriano-jose-e-secretario-beto-preto-anunciam-investimentos-de-12-milhoes-para-saude-publica-de-sarandi\/#respond"]}]},{"@type":"WebPage","@id":"https:\/\/soldadoadrianojose.com.br\/index.php\/2025\/07\/10\/deputado-adriano-jose-e-secretario-beto-preto-anunciam-investimentos-de-12-milhoes-para-saude-publica-de-sarandi\/","url":"https:\/\/soldadoadrianojose.com.br\/index.php\/2025\/07\/10\/deputado-adriano-jose-e-secretario-beto-preto-anunciam-investimentos-de-12-milhoes-para-saude-publica-de-sarandi\/","name":"Deputado Adriano Jos\u00e9 e secret\u00e1rio Beto Preto anunciam investimentos de 12 milh\u00f5es para sa\u00fade p\u00fablica de Sarandi - Deputado Adriano Jos\u00e9","isPartOf":{"@id":"https:\/\/soldadoadrianojose.com.br\/#website"},"primaryImageOfPage":{"@id":"https:\/\/soldadoadrianojose.com.br\/index.php\/2025\/07\/10\/deputado-adriano-jose-e-secretario-beto-preto-anunciam-investimentos-de-12-milhoes-para-saude-publica-de-sarandi\/#primaryimage"},"image":{"@id":"https:\/\/soldadoadrianojose.com.br\/index.php\/2025\/07\/10\/deputado-adriano-jose-e-secretario-beto-preto-anunciam-investimentos-de-12-milhoes-para-saude-publica-de-sarandi\/#primaryimage"},"thumbnailUrl":"https:\/\/soldadoadrianojose.com.br\/wp-content\/uploads\/2025\/07\/WhatsApp-Image-2025-07-10-at-10.37.49.jpeg","datePublished":"2025-07-10T17:23:47+00:00","breadcrumb":{"@id":"https:\/\/soldadoadrianojose.com.br\/index.php\/2025\/07\/10\/deputado-adriano-jose-e-secretario-beto-preto-anunciam-investimentos-de-12-milhoes-para-saude-publica-de-sarandi\/#breadcrumb"},"inLanguage":"pt-BR","potentialAction":[{"@type":"ReadAction","target":["https:\/\/soldadoadrianojose.com.br\/index.php\/2025\/07\/10\/deputado-adriano-jose-e-secretario-beto-preto-anunciam-investimentos-de-12-milhoes-para-saude-publica-de-sarandi\/"]}]},{"@type":"ImageObject","inLanguage":"pt-BR","@id":"https:\/\/soldadoadrianojose.com.br\/index.php\/2025\/07\/10\/deputado-adriano-jose-e-secretario-beto-preto-anunciam-investimentos-de-12-milhoes-para-saude-publica-de-sarandi\/#primaryimage","url":"https:\/\/soldadoadrianojose.com.br\/wp-content\/uploads\/2025\/07\/WhatsApp-Image-2025-07-10-at-10.37.49.jpeg","contentUrl":"https:\/\/soldadoadrianojose.com.br\/wp-content\/uploads\/2025\/07\/WhatsApp-Image-2025-07-10-at-10.37.49.jpeg","width":1600,"height":1200},{"@type":"BreadcrumbList","@id":"https:\/\/soldadoadrianojose.com.br\/index.php\/2025\/07\/10\/deputado-adriano-jose-e-secretario-beto-preto-anunciam-investimentos-de-12-milhoes-para-saude-publica-de-sarandi\/#breadcrumb","itemListElement":[{"@type":"ListItem","position":1,"name":"In\u00edcio","item":"https:\/\/soldadoadrianojose.com.br\/"},{"@type":"ListItem","position":2,"name":"Deputado Adriano Jos\u00e9 e secret\u00e1rio Beto Preto anunciam investimentos de 12 milh\u00f5es para sa\u00fade p\u00fablica de Sarandi"}]},{"@type":"WebSite","@id":"https:\/\/soldadoadrianojose.com.br\/#website","url":"https:\/\/soldadoadrianojose.com.br\/","name":"Deputado Adriano Jos\u00e9","description":"Nosso trabalho \u00e9 pelas pessoas","publisher":{"@id":"https:\/\/soldadoadrianojose.com.br\/#\/schema\/person\/16f8e8defb7a4bd6c6082efcd1bdb6bb"},"potentialAction":[{"@type":"SearchAction","target":{"@type":"EntryPoint","urlTemplate":"https:\/\/soldadoadrianojose.com.br\/?s={search_term_string}"},"query-input":{"@type":"PropertyValueSpecification","valueRequired":true,"valueName":"search_term_string"}}],"inLanguage":"pt-BR"},{"@type":["Person","Organization"],"@id":"https:\/\/soldadoadrianojose.com.br\/#\/schema\/person\/16f8e8defb7a4bd6c6082efcd1bdb6bb","name":"soldadoadrianojose","image":{"@type":"ImageObject","inLanguage":"pt-BR","@id":"https:\/\/soldadoadrianojose.com.br\/wp-content\/uploads\/2023\/02\/LOGO_CLEAR-5.png","url":"https:\/\/soldadoadrianojose.com.br\/wp-content\/uploads\/2023\/02\/LOGO_CLEAR-5.png","contentUrl":"https:\/\/soldadoadrianojose.com.br\/wp-content\/uploads\/2023\/02\/LOGO_CLEAR-5.png","width":3508,"height":998,"caption":"soldadoadrianojose"},"logo":{"@id":"https:\/\/soldadoadrianojose.com.br\/wp-content\/uploads\/2023\/02\/LOGO_CLEAR-5.png"},"sameAs":["https:\/\/soldadoadrianojose.com.br"],"url":"https:\/\/soldadoadrianojose.com.br\/index.php\/author\/soldadoadrianojose\/"}]}},"jetpack_featured_media_url":"https:\/\/soldadoadrianojose.com.br\/wp-content\/uploads\/2025\/07\/WhatsApp-Image-2025-07-10-at-10.37.49.jpeg","_links":{"self":[{"href":"https:\/\/soldadoadrianojose.com.br\/index.php\/wp-json\/wp\/v2\/posts\/2813","targetHints":{"allow":["GET"]}}],"collection":[{"href":"https:\/\/soldadoadrianojose.com.br\/index.php\/wp-json\/wp\/v2\/posts"}],"about":[{"href":"https:\/\/soldadoadrianojose.com.br\/index.php\/wp-json\/wp\/v2\/types\/post"}],"author":[{"embeddable":true,"href":"https:\/\/soldadoadrianojose.com.br\/index.php\/wp-json\/wp\/v2\/users\/1"}],"replies":[{"embeddable":true,"href":"https:\/\/soldadoadrianojose.com.br\/index.php\/wp-json\/wp\/v2\/comments?post=2813"}],"version-history":[{"count":1,"href":"https:\/\/soldadoadrianojose.com.br\/index.php\/wp-json\/wp\/v2\/posts\/2813\/revisions"}],"predecessor-version":[{"id":2815,"href":"https:\/\/soldadoadrianojose.com.br\/index.php\/wp-json\/wp\/v2\/posts\/2813\/revisions\/2815"}],"wp:featuredmedia":[{"embeddable":true,"href":"https:\/\/soldadoadrianojose.com.br\/index.php\/wp-json\/wp\/v2\/media\/2814"}],"wp:attachment":[{"href":"https:\/\/soldadoadrianojose.com.br\/index.php\/wp-json\/wp\/v2\/media?parent=2813"}],"wp:term":[{"taxonomy":"category","embeddable":true,"href":"https:\/\/soldadoadrianojose.com.br\/index.php\/wp-json\/wp\/v2\/categories?post=2813"},{"taxonomy":"post_tag","embeddable":true,"href":"https:\/\/soldadoadrianojose.com.br\/index.php\/wp-json\/wp\/v2\/tags?post=2813"}],"curies":[{"name":"wp","href":"https:\/\/api.w.org\/{rel}","templated":true}]}}