{"id":2820,"date":"2025-07-11T13:08:38","date_gmt":"2025-07-11T16:08:38","guid":{"rendered":"https:\/\/soldadoadrianojose.com.br\/?p=2820"},"modified":"2025-07-11T13:08:39","modified_gmt":"2025-07-11T16:08:39","slug":"deputado-adriano-jose-e-secretario-beto-preto-anunciam-investimentos-em-saude-para-paicandu","status":"publish","type":"post","link":"https:\/\/soldadoadrianojose.com.br\/index.php\/2025\/07\/11\/deputado-adriano-jose-e-secretario-beto-preto-anunciam-investimentos-em-saude-para-paicandu\/","title":{"rendered":"Deputado Adriano Jos\u00e9 e secret\u00e1rio Beto Preto anunciam investimentos em sa\u00fade para Pai\u00e7andu"},"content":{"rendered":"\n<p>O deputado estadual Adriano Jos\u00e9 (PP), acompanhado do secret\u00e1rio de Estado da Sa\u00fade do Paran\u00e1, deputado federal licenciado Beto Preto, realizou uma visita t\u00e9cnica ao Hospital S\u00e3o Jos\u00e9, em Pai\u00e7andu munic\u00edpio da regi\u00e3o metropolitana de Maring\u00e1. Durante o encontro, foram anunciados novos investimentos na \u00e1rea da sa\u00fade para a cidade.<\/p>\n\n\n\n<p>Entre os principais an\u00fancios est\u00e3o a amplia\u00e7\u00e3o do Hospital S\u00e3o Jos\u00e9, a constru\u00e7\u00e3o de uma UBS Tipo II no Jd .Jo\u00e3o Paulo no valor de 1 milh\u00e3o e duzentos mil reais, a entrega de ve\u00edculos para a sa\u00fade, al\u00e9m da destina\u00e7\u00e3o de equipamentos e outros recursos voltados para a melhoria do atendimento \u00e0 popula\u00e7\u00e3o.<\/p>\n\n\n\n<p>O secret\u00e1rio Beto Preto destacou a relev\u00e2ncia dos investimentos, ressaltando que Pai\u00e7andu atende n\u00e3o apenas sua popula\u00e7\u00e3o, mas tamb\u00e9m moradores de cidades vizinhas, como Itamb\u00e9, Ivatuba, Doutor Camargo, entre outras. Segundo ele, o fortalecimento da estrutura de sa\u00fade local contribuir\u00e1 para melhorar o atendimento regional.<\/p>\n\n\n\n<p>Tamb\u00e9m participaram da reuni\u00e3o o prefeito Ismael Batista, o vice-prefeito Valdecir Magalh\u00e3es, os vereadores Wesley Borracheiro, Douglas Enfermeiro, o secret\u00e1rio de Seguran\u00e7a de Pai\u00e7andu, sargento Claudemir Paliari, o secret\u00e1rio de Sa\u00fade e chefe de gabinete Thiago C\u00e9falo, o diretor cl\u00ednico do Hospital S\u00e3o Jos\u00e9, Dr. Maikles, a diretora da 15\u00aa Regional de Sa\u00fade, Dra. Elisabete, Francisco Martins, respons\u00e1vel pela vigil\u00e2ncia sanit\u00e1ria, epidemiol\u00f3gica, ambiental e sa\u00fade do trabalhador, al\u00e9m de lideran\u00e7as locais e demais autoridades.<\/p>\n\n\n\n<p>O deputado estadual Adriano Jos\u00e9 refor\u00e7ou o compromisso com a sa\u00fade p\u00fablica e afirmou que os investimentos s\u00e3o fundamentais para melhorar a qualidade dos servi\u00e7os prestados \u00e0 popula\u00e7\u00e3o de Pai\u00e7andu e regi\u00e3o, destacou o parlamentar.<\/p>\n","protected":false},"excerpt":{"rendered":"<p>O deputado estadual Adriano Jos\u00e9 (PP), acompanhado do secret\u00e1rio de Estado da Sa\u00fade do Paran\u00e1, deputado federal licenciado Beto Preto, realizou uma visita t\u00e9cnica ao Hospital S\u00e3o Jos\u00e9, em Pai\u00e7andu munic\u00edpio da regi\u00e3o metropolitana de Maring\u00e1. Durante o encontro, foram anunciados novos investimentos na \u00e1rea da sa\u00fade para a cidade. Entre os principais an\u00fancios est\u00e3o [&hellip;]<\/p>\n","protected":false},"author":1,"featured_media":2821,"comment_status":"open","ping_status":"open","sticky":false,"template":"","format":"standard","meta":{"footnotes":""},"categories":[1],"tags":[],"class_list":["post-2820","post","type-post","status-publish","format-standard","has-post-thumbnail","hentry","category-gabinete-sd"],"yoast_head":"<!-- This site is optimized with the Yoast SEO plugin v27.4 - https:\/\/yoast.com\/product\/yoast-seo-wordpress\/ -->\n<title>Deputado Adriano Jos\u00e9 e secret\u00e1rio Beto Preto anunciam investimentos em sa\u00fade para Pai\u00e7andu - Deputado Adriano Jos\u00e9<\/title>\n<meta name=\"robots\" content=\"index, follow, max-snippet:-1, max-image-preview:large, max-video-preview:-1\" \/>\n<link rel=\"canonical\" href=\"https:\/\/soldadoadrianojose.com.br\/index.php\/2025\/07\/11\/deputado-adriano-jose-e-secretario-beto-preto-anunciam-investimentos-em-saude-para-paicandu\/\" \/>\n<meta property=\"og:locale\" content=\"pt_BR\" \/>\n<meta property=\"og:type\" content=\"article\" \/>\n<meta property=\"og:title\" content=\"Deputado Adriano Jos\u00e9 e secret\u00e1rio Beto Preto anunciam investimentos em sa\u00fade para Pai\u00e7andu - Deputado Adriano Jos\u00e9\" \/>\n<meta property=\"og:description\" content=\"O deputado estadual Adriano Jos\u00e9 (PP), acompanhado do secret\u00e1rio de Estado da Sa\u00fade do Paran\u00e1, deputado federal licenciado Beto Preto, realizou uma visita t\u00e9cnica ao Hospital S\u00e3o Jos\u00e9, em Pai\u00e7andu munic\u00edpio da regi\u00e3o metropolitana de Maring\u00e1. Durante o encontro, foram anunciados novos investimentos na \u00e1rea da sa\u00fade para a cidade. Entre os principais an\u00fancios est\u00e3o [&hellip;]\" \/>\n<meta property=\"og:url\" content=\"https:\/\/soldadoadrianojose.com.br\/index.php\/2025\/07\/11\/deputado-adriano-jose-e-secretario-beto-preto-anunciam-investimentos-em-saude-para-paicandu\/\" \/>\n<meta property=\"og:site_name\" content=\"Deputado Adriano Jos\u00e9\" \/>\n<meta property=\"article:published_time\" content=\"2025-07-11T16:08:38+00:00\" \/>\n<meta property=\"article:modified_time\" content=\"2025-07-11T16:08:39+00:00\" \/>\n<meta property=\"og:image\" content=\"https:\/\/soldadoadrianojose.com.br\/wp-content\/uploads\/2025\/07\/WhatsApp-Image-2025-07-11-at-12.06.17-scaled.jpeg\" \/>\n\t<meta property=\"og:image:width\" content=\"2560\" \/>\n\t<meta property=\"og:image:height\" content=\"1920\" \/>\n\t<meta property=\"og:image:type\" content=\"image\/jpeg\" \/>\n<meta name=\"author\" content=\"soldadoadrianojose\" \/>\n<meta name=\"twitter:card\" content=\"summary_large_image\" \/>\n<meta name=\"twitter:label1\" content=\"Escrito por\" \/>\n\t<meta name=\"twitter:data1\" content=\"soldadoadrianojose\" \/>\n\t<meta name=\"twitter:label2\" content=\"Est. tempo de leitura\" \/>\n\t<meta name=\"twitter:data2\" content=\"2 minutos\" \/>\n<script type=\"application\/ld+json\" class=\"yoast-schema-graph\">{\"@context\":\"https:\\\/\\\/schema.org\",\"@graph\":[{\"@type\":\"Article\",\"@id\":\"https:\\\/\\\/soldadoadrianojose.com.br\\\/index.php\\\/2025\\\/07\\\/11\\\/deputado-adriano-jose-e-secretario-beto-preto-anunciam-investimentos-em-saude-para-paicandu\\\/#article\",\"isPartOf\":{\"@id\":\"https:\\\/\\\/soldadoadrianojose.com.br\\\/index.php\\\/2025\\\/07\\\/11\\\/deputado-adriano-jose-e-secretario-beto-preto-anunciam-investimentos-em-saude-para-paicandu\\\/\"},\"author\":{\"name\":\"soldadoadrianojose\",\"@id\":\"https:\\\/\\\/soldadoadrianojose.com.br\\\/#\\\/schema\\\/person\\\/16f8e8defb7a4bd6c6082efcd1bdb6bb\"},\"headline\":\"Deputado Adriano Jos\u00e9 e secret\u00e1rio Beto Preto anunciam investimentos em sa\u00fade para Pai\u00e7andu\",\"datePublished\":\"2025-07-11T16:08:38+00:00\",\"dateModified\":\"2025-07-11T16:08:39+00:00\",\"mainEntityOfPage\":{\"@id\":\"https:\\\/\\\/soldadoadrianojose.com.br\\\/index.php\\\/2025\\\/07\\\/11\\\/deputado-adriano-jose-e-secretario-beto-preto-anunciam-investimentos-em-saude-para-paicandu\\\/\"},\"wordCount\":324,\"commentCount\":0,\"publisher\":{\"@id\":\"https:\\\/\\\/soldadoadrianojose.com.br\\\/#\\\/schema\\\/person\\\/16f8e8defb7a4bd6c6082efcd1bdb6bb\"},\"image\":{\"@id\":\"https:\\\/\\\/soldadoadrianojose.com.br\\\/index.php\\\/2025\\\/07\\\/11\\\/deputado-adriano-jose-e-secretario-beto-preto-anunciam-investimentos-em-saude-para-paicandu\\\/#primaryimage\"},\"thumbnailUrl\":\"https:\\\/\\\/soldadoadrianojose.com.br\\\/wp-content\\\/uploads\\\/2025\\\/07\\\/WhatsApp-Image-2025-07-11-at-12.06.17-scaled.jpeg\",\"articleSection\":[\"GABINETE SD\"],\"inLanguage\":\"pt-BR\",\"potentialAction\":[{\"@type\":\"CommentAction\",\"name\":\"Comment\",\"target\":[\"https:\\\/\\\/soldadoadrianojose.com.br\\\/index.php\\\/2025\\\/07\\\/11\\\/deputado-adriano-jose-e-secretario-beto-preto-anunciam-investimentos-em-saude-para-paicandu\\\/#respond\"]}]},{\"@type\":\"WebPage\",\"@id\":\"https:\\\/\\\/soldadoadrianojose.com.br\\\/index.php\\\/2025\\\/07\\\/11\\\/deputado-adriano-jose-e-secretario-beto-preto-anunciam-investimentos-em-saude-para-paicandu\\\/\",\"url\":\"https:\\\/\\\/soldadoadrianojose.com.br\\\/index.php\\\/2025\\\/07\\\/11\\\/deputado-adriano-jose-e-secretario-beto-preto-anunciam-investimentos-em-saude-para-paicandu\\\/\",\"name\":\"Deputado Adriano Jos\u00e9 e secret\u00e1rio Beto Preto anunciam investimentos em sa\u00fade para Pai\u00e7andu - Deputado Adriano Jos\u00e9\",\"isPartOf\":{\"@id\":\"https:\\\/\\\/soldadoadrianojose.com.br\\\/#website\"},\"primaryImageOfPage\":{\"@id\":\"https:\\\/\\\/soldadoadrianojose.com.br\\\/index.php\\\/2025\\\/07\\\/11\\\/deputado-adriano-jose-e-secretario-beto-preto-anunciam-investimentos-em-saude-para-paicandu\\\/#primaryimage\"},\"image\":{\"@id\":\"https:\\\/\\\/soldadoadrianojose.com.br\\\/index.php\\\/2025\\\/07\\\/11\\\/deputado-adriano-jose-e-secretario-beto-preto-anunciam-investimentos-em-saude-para-paicandu\\\/#primaryimage\"},\"thumbnailUrl\":\"https:\\\/\\\/soldadoadrianojose.com.br\\\/wp-content\\\/uploads\\\/2025\\\/07\\\/WhatsApp-Image-2025-07-11-at-12.06.17-scaled.jpeg\",\"datePublished\":\"2025-07-11T16:08:38+00:00\",\"dateModified\":\"2025-07-11T16:08:39+00:00\",\"breadcrumb\":{\"@id\":\"https:\\\/\\\/soldadoadrianojose.com.br\\\/index.php\\\/2025\\\/07\\\/11\\\/deputado-adriano-jose-e-secretario-beto-preto-anunciam-investimentos-em-saude-para-paicandu\\\/#breadcrumb\"},\"inLanguage\":\"pt-BR\",\"potentialAction\":[{\"@type\":\"ReadAction\",\"target\":[\"https:\\\/\\\/soldadoadrianojose.com.br\\\/index.php\\\/2025\\\/07\\\/11\\\/deputado-adriano-jose-e-secretario-beto-preto-anunciam-investimentos-em-saude-para-paicandu\\\/\"]}]},{\"@type\":\"ImageObject\",\"inLanguage\":\"pt-BR\",\"@id\":\"https:\\\/\\\/soldadoadrianojose.com.br\\\/index.php\\\/2025\\\/07\\\/11\\\/deputado-adriano-jose-e-secretario-beto-preto-anunciam-investimentos-em-saude-para-paicandu\\\/#primaryimage\",\"url\":\"https:\\\/\\\/soldadoadrianojose.com.br\\\/wp-content\\\/uploads\\\/2025\\\/07\\\/WhatsApp-Image-2025-07-11-at-12.06.17-scaled.jpeg\",\"contentUrl\":\"https:\\\/\\\/soldadoadrianojose.com.br\\\/wp-content\\\/uploads\\\/2025\\\/07\\\/WhatsApp-Image-2025-07-11-at-12.06.17-scaled.jpeg\",\"width\":2560,\"height\":1920},{\"@type\":\"BreadcrumbList\",\"@id\":\"https:\\\/\\\/soldadoadrianojose.com.br\\\/index.php\\\/2025\\\/07\\\/11\\\/deputado-adriano-jose-e-secretario-beto-preto-anunciam-investimentos-em-saude-para-paicandu\\\/#breadcrumb\",\"itemListElement\":[{\"@type\":\"ListItem\",\"position\":1,\"name\":\"In\u00edcio\",\"item\":\"https:\\\/\\\/soldadoadrianojose.com.br\\\/\"},{\"@type\":\"ListItem\",\"position\":2,\"name\":\"Deputado Adriano Jos\u00e9 e secret\u00e1rio Beto Preto anunciam investimentos em sa\u00fade para Pai\u00e7andu\"}]},{\"@type\":\"WebSite\",\"@id\":\"https:\\\/\\\/soldadoadrianojose.com.br\\\/#website\",\"url\":\"https:\\\/\\\/soldadoadrianojose.com.br\\\/\",\"name\":\"Deputado Adriano Jos\u00e9\",\"description\":\"Nosso trabalho \u00e9 pelas pessoas\",\"publisher\":{\"@id\":\"https:\\\/\\\/soldadoadrianojose.com.br\\\/#\\\/schema\\\/person\\\/16f8e8defb7a4bd6c6082efcd1bdb6bb\"},\"potentialAction\":[{\"@type\":\"SearchAction\",\"target\":{\"@type\":\"EntryPoint\",\"urlTemplate\":\"https:\\\/\\\/soldadoadrianojose.com.br\\\/?s={search_term_string}\"},\"query-input\":{\"@type\":\"PropertyValueSpecification\",\"valueRequired\":true,\"valueName\":\"search_term_string\"}}],\"inLanguage\":\"pt-BR\"},{\"@type\":[\"Person\",\"Organization\"],\"@id\":\"https:\\\/\\\/soldadoadrianojose.com.br\\\/#\\\/schema\\\/person\\\/16f8e8defb7a4bd6c6082efcd1bdb6bb\",\"name\":\"soldadoadrianojose\",\"image\":{\"@type\":\"ImageObject\",\"inLanguage\":\"pt-BR\",\"@id\":\"https:\\\/\\\/soldadoadrianojose.com.br\\\/wp-content\\\/uploads\\\/2023\\\/02\\\/LOGO_CLEAR-5.png\",\"url\":\"https:\\\/\\\/soldadoadrianojose.com.br\\\/wp-content\\\/uploads\\\/2023\\\/02\\\/LOGO_CLEAR-5.png\",\"contentUrl\":\"https:\\\/\\\/soldadoadrianojose.com.br\\\/wp-content\\\/uploads\\\/2023\\\/02\\\/LOGO_CLEAR-5.png\",\"width\":3508,\"height\":998,\"caption\":\"soldadoadrianojose\"},\"logo\":{\"@id\":\"https:\\\/\\\/soldadoadrianojose.com.br\\\/wp-content\\\/uploads\\\/2023\\\/02\\\/LOGO_CLEAR-5.png\"},\"sameAs\":[\"https:\\\/\\\/soldadoadrianojose.com.br\"],\"url\":\"https:\\\/\\\/soldadoadrianojose.com.br\\\/index.php\\\/author\\\/soldadoadrianojose\\\/\"}]}<\/script>\n<!-- \/ Yoast SEO plugin. -->","yoast_head_json":{"title":"Deputado Adriano Jos\u00e9 e secret\u00e1rio Beto Preto anunciam investimentos em sa\u00fade para Pai\u00e7andu - Deputado Adriano Jos\u00e9","robots":{"index":"index","follow":"follow","max-snippet":"max-snippet:-1","max-image-preview":"max-image-preview:large","max-video-preview":"max-video-preview:-1"},"canonical":"https:\/\/soldadoadrianojose.com.br\/index.php\/2025\/07\/11\/deputado-adriano-jose-e-secretario-beto-preto-anunciam-investimentos-em-saude-para-paicandu\/","og_locale":"pt_BR","og_type":"article","og_title":"Deputado Adriano Jos\u00e9 e secret\u00e1rio Beto Preto anunciam investimentos em sa\u00fade para Pai\u00e7andu - Deputado Adriano Jos\u00e9","og_description":"O deputado estadual Adriano Jos\u00e9 (PP), acompanhado do secret\u00e1rio de Estado da Sa\u00fade do Paran\u00e1, deputado federal licenciado Beto Preto, realizou uma visita t\u00e9cnica ao Hospital S\u00e3o Jos\u00e9, em Pai\u00e7andu munic\u00edpio da regi\u00e3o metropolitana de Maring\u00e1. Durante o encontro, foram anunciados novos investimentos na \u00e1rea da sa\u00fade para a cidade. Entre os principais an\u00fancios est\u00e3o [&hellip;]","og_url":"https:\/\/soldadoadrianojose.com.br\/index.php\/2025\/07\/11\/deputado-adriano-jose-e-secretario-beto-preto-anunciam-investimentos-em-saude-para-paicandu\/","og_site_name":"Deputado Adriano Jos\u00e9","article_published_time":"2025-07-11T16:08:38+00:00","article_modified_time":"2025-07-11T16:08:39+00:00","og_image":[{"width":2560,"height":1920,"url":"https:\/\/soldadoadrianojose.com.br\/wp-content\/uploads\/2025\/07\/WhatsApp-Image-2025-07-11-at-12.06.17-scaled.jpeg","type":"image\/jpeg"}],"author":"soldadoadrianojose","twitter_card":"summary_large_image","twitter_misc":{"Escrito por":"soldadoadrianojose","Est. tempo de leitura":"2 minutos"},"schema":{"@context":"https:\/\/schema.org","@graph":[{"@type":"Article","@id":"https:\/\/soldadoadrianojose.com.br\/index.php\/2025\/07\/11\/deputado-adriano-jose-e-secretario-beto-preto-anunciam-investimentos-em-saude-para-paicandu\/#article","isPartOf":{"@id":"https:\/\/soldadoadrianojose.com.br\/index.php\/2025\/07\/11\/deputado-adriano-jose-e-secretario-beto-preto-anunciam-investimentos-em-saude-para-paicandu\/"},"author":{"name":"soldadoadrianojose","@id":"https:\/\/soldadoadrianojose.com.br\/#\/schema\/person\/16f8e8defb7a4bd6c6082efcd1bdb6bb"},"headline":"Deputado Adriano Jos\u00e9 e secret\u00e1rio Beto Preto anunciam investimentos em sa\u00fade para Pai\u00e7andu","datePublished":"2025-07-11T16:08:38+00:00","dateModified":"2025-07-11T16:08:39+00:00","mainEntityOfPage":{"@id":"https:\/\/soldadoadrianojose.com.br\/index.php\/2025\/07\/11\/deputado-adriano-jose-e-secretario-beto-preto-anunciam-investimentos-em-saude-para-paicandu\/"},"wordCount":324,"commentCount":0,"publisher":{"@id":"https:\/\/soldadoadrianojose.com.br\/#\/schema\/person\/16f8e8defb7a4bd6c6082efcd1bdb6bb"},"image":{"@id":"https:\/\/soldadoadrianojose.com.br\/index.php\/2025\/07\/11\/deputado-adriano-jose-e-secretario-beto-preto-anunciam-investimentos-em-saude-para-paicandu\/#primaryimage"},"thumbnailUrl":"https:\/\/soldadoadrianojose.com.br\/wp-content\/uploads\/2025\/07\/WhatsApp-Image-2025-07-11-at-12.06.17-scaled.jpeg","articleSection":["GABINETE SD"],"inLanguage":"pt-BR","potentialAction":[{"@type":"CommentAction","name":"Comment","target":["https:\/\/soldadoadrianojose.com.br\/index.php\/2025\/07\/11\/deputado-adriano-jose-e-secretario-beto-preto-anunciam-investimentos-em-saude-para-paicandu\/#respond"]}]},{"@type":"WebPage","@id":"https:\/\/soldadoadrianojose.com.br\/index.php\/2025\/07\/11\/deputado-adriano-jose-e-secretario-beto-preto-anunciam-investimentos-em-saude-para-paicandu\/","url":"https:\/\/soldadoadrianojose.com.br\/index.php\/2025\/07\/11\/deputado-adriano-jose-e-secretario-beto-preto-anunciam-investimentos-em-saude-para-paicandu\/","name":"Deputado Adriano Jos\u00e9 e secret\u00e1rio Beto Preto anunciam investimentos em sa\u00fade para Pai\u00e7andu - Deputado Adriano Jos\u00e9","isPartOf":{"@id":"https:\/\/soldadoadrianojose.com.br\/#website"},"primaryImageOfPage":{"@id":"https:\/\/soldadoadrianojose.com.br\/index.php\/2025\/07\/11\/deputado-adriano-jose-e-secretario-beto-preto-anunciam-investimentos-em-saude-para-paicandu\/#primaryimage"},"image":{"@id":"https:\/\/soldadoadrianojose.com.br\/index.php\/2025\/07\/11\/deputado-adriano-jose-e-secretario-beto-preto-anunciam-investimentos-em-saude-para-paicandu\/#primaryimage"},"thumbnailUrl":"https:\/\/soldadoadrianojose.com.br\/wp-content\/uploads\/2025\/07\/WhatsApp-Image-2025-07-11-at-12.06.17-scaled.jpeg","datePublished":"2025-07-11T16:08:38+00:00","dateModified":"2025-07-11T16:08:39+00:00","breadcrumb":{"@id":"https:\/\/soldadoadrianojose.com.br\/index.php\/2025\/07\/11\/deputado-adriano-jose-e-secretario-beto-preto-anunciam-investimentos-em-saude-para-paicandu\/#breadcrumb"},"inLanguage":"pt-BR","potentialAction":[{"@type":"ReadAction","target":["https:\/\/soldadoadrianojose.com.br\/index.php\/2025\/07\/11\/deputado-adriano-jose-e-secretario-beto-preto-anunciam-investimentos-em-saude-para-paicandu\/"]}]},{"@type":"ImageObject","inLanguage":"pt-BR","@id":"https:\/\/soldadoadrianojose.com.br\/index.php\/2025\/07\/11\/deputado-adriano-jose-e-secretario-beto-preto-anunciam-investimentos-em-saude-para-paicandu\/#primaryimage","url":"https:\/\/soldadoadrianojose.com.br\/wp-content\/uploads\/2025\/07\/WhatsApp-Image-2025-07-11-at-12.06.17-scaled.jpeg","contentUrl":"https:\/\/soldadoadrianojose.com.br\/wp-content\/uploads\/2025\/07\/WhatsApp-Image-2025-07-11-at-12.06.17-scaled.jpeg","width":2560,"height":1920},{"@type":"BreadcrumbList","@id":"https:\/\/soldadoadrianojose.com.br\/index.php\/2025\/07\/11\/deputado-adriano-jose-e-secretario-beto-preto-anunciam-investimentos-em-saude-para-paicandu\/#breadcrumb","itemListElement":[{"@type":"ListItem","position":1,"name":"In\u00edcio","item":"https:\/\/soldadoadrianojose.com.br\/"},{"@type":"ListItem","position":2,"name":"Deputado Adriano Jos\u00e9 e secret\u00e1rio Beto Preto anunciam investimentos em sa\u00fade para Pai\u00e7andu"}]},{"@type":"WebSite","@id":"https:\/\/soldadoadrianojose.com.br\/#website","url":"https:\/\/soldadoadrianojose.com.br\/","name":"Deputado Adriano Jos\u00e9","description":"Nosso trabalho \u00e9 pelas pessoas","publisher":{"@id":"https:\/\/soldadoadrianojose.com.br\/#\/schema\/person\/16f8e8defb7a4bd6c6082efcd1bdb6bb"},"potentialAction":[{"@type":"SearchAction","target":{"@type":"EntryPoint","urlTemplate":"https:\/\/soldadoadrianojose.com.br\/?s={search_term_string}"},"query-input":{"@type":"PropertyValueSpecification","valueRequired":true,"valueName":"search_term_string"}}],"inLanguage":"pt-BR"},{"@type":["Person","Organization"],"@id":"https:\/\/soldadoadrianojose.com.br\/#\/schema\/person\/16f8e8defb7a4bd6c6082efcd1bdb6bb","name":"soldadoadrianojose","image":{"@type":"ImageObject","inLanguage":"pt-BR","@id":"https:\/\/soldadoadrianojose.com.br\/wp-content\/uploads\/2023\/02\/LOGO_CLEAR-5.png","url":"https:\/\/soldadoadrianojose.com.br\/wp-content\/uploads\/2023\/02\/LOGO_CLEAR-5.png","contentUrl":"https:\/\/soldadoadrianojose.com.br\/wp-content\/uploads\/2023\/02\/LOGO_CLEAR-5.png","width":3508,"height":998,"caption":"soldadoadrianojose"},"logo":{"@id":"https:\/\/soldadoadrianojose.com.br\/wp-content\/uploads\/2023\/02\/LOGO_CLEAR-5.png"},"sameAs":["https:\/\/soldadoadrianojose.com.br"],"url":"https:\/\/soldadoadrianojose.com.br\/index.php\/author\/soldadoadrianojose\/"}]}},"jetpack_featured_media_url":"https:\/\/soldadoadrianojose.com.br\/wp-content\/uploads\/2025\/07\/WhatsApp-Image-2025-07-11-at-12.06.17-scaled.jpeg","_links":{"self":[{"href":"https:\/\/soldadoadrianojose.com.br\/index.php\/wp-json\/wp\/v2\/posts\/2820","targetHints":{"allow":["GET"]}}],"collection":[{"href":"https:\/\/soldadoadrianojose.com.br\/index.php\/wp-json\/wp\/v2\/posts"}],"about":[{"href":"https:\/\/soldadoadrianojose.com.br\/index.php\/wp-json\/wp\/v2\/types\/post"}],"author":[{"embeddable":true,"href":"https:\/\/soldadoadrianojose.com.br\/index.php\/wp-json\/wp\/v2\/users\/1"}],"replies":[{"embeddable":true,"href":"https:\/\/soldadoadrianojose.com.br\/index.php\/wp-json\/wp\/v2\/comments?post=2820"}],"version-history":[{"count":1,"href":"https:\/\/soldadoadrianojose.com.br\/index.php\/wp-json\/wp\/v2\/posts\/2820\/revisions"}],"predecessor-version":[{"id":2822,"href":"https:\/\/soldadoadrianojose.com.br\/index.php\/wp-json\/wp\/v2\/posts\/2820\/revisions\/2822"}],"wp:featuredmedia":[{"embeddable":true,"href":"https:\/\/soldadoadrianojose.com.br\/index.php\/wp-json\/wp\/v2\/media\/2821"}],"wp:attachment":[{"href":"https:\/\/soldadoadrianojose.com.br\/index.php\/wp-json\/wp\/v2\/media?parent=2820"}],"wp:term":[{"taxonomy":"category","embeddable":true,"href":"https:\/\/soldadoadrianojose.com.br\/index.php\/wp-json\/wp\/v2\/categories?post=2820"},{"taxonomy":"post_tag","embeddable":true,"href":"https:\/\/soldadoadrianojose.com.br\/index.php\/wp-json\/wp\/v2\/tags?post=2820"}],"curies":[{"name":"wp","href":"https:\/\/api.w.org\/{rel}","templated":true}]}}