{"id":2891,"date":"2025-07-29T19:47:13","date_gmt":"2025-07-29T22:47:13","guid":{"rendered":"https:\/\/soldadoadrianojose.com.br\/?p=2891"},"modified":"2025-07-29T20:53:06","modified_gmt":"2025-07-29T23:53:06","slug":"nicolas-pierre-o-menino-que-virou-heroi-da-internet-foi-o-convidado-especial-do-programa-conexao-com-deputado-adriano-jose-da-band-maringa","status":"publish","type":"post","link":"https:\/\/soldadoadrianojose.com.br\/index.php\/2025\/07\/29\/nicolas-pierre-o-menino-que-virou-heroi-da-internet-foi-o-convidado-especial-do-programa-conexao-com-deputado-adriano-jose-da-band-maringa\/","title":{"rendered":"Nicolas Pierre, o menino que virou her\u00f3i da internet, foi o convidado especial do programa \u201cConex\u00e3o com deputado Adriano Jos\u00e9\u201d da Band Maring\u00e1"},"content":{"rendered":"\n<p>O garoto de Apucarana, que ganhou notoriedade ap\u00f3s um v\u00eddeo viral mostrar sua queda acidental de bicicleta em cima de um telhado, foi o convidado do programa \u201cConex\u00e3o\u201d, apresentado pelo deputado estadual Adriano Jos\u00e9, no \u00faltimo s\u00e1bado, 25 de julho de 2025<\/p>\n\n\n\n<blockquote class=\"wp-block-quote is-layout-flow wp-block-quote-is-layout-flow\">\n<p><a href=\"https:\/\/www.instagram.com\/reel\/DMfTxP6xOLR\/?utm_source=ig_embed&amp;utm_campaign=loading\" target=\"_blank\" rel=\"noreferrer noopener\"><\/a><\/p>\n\n\n\n<p><a href=\"https:\/\/www.instagram.com\/reel\/DMfTxP6xOLR\/?utm_source=ig_embed&amp;utm_campaign=loading\" target=\"_blank\" rel=\"noreferrer noopener\"><\/a><a href=\"https:\/\/www.instagram.com\/reel\/DMfTxP6xOLR\/?utm_source=ig_embed&amp;utm_campaign=loading\" target=\"_blank\" rel=\"noreferrer noopener\"><\/a><\/p>\n\n\n\n<p><a href=\"https:\/\/www.instagram.com\/reel\/DMfTxP6xOLR\/?utm_source=ig_embed&amp;utm_campaign=loading\" target=\"_blank\" rel=\"noreferrer noopener\">Ver essa foto no Instagram<\/a><\/p>\n\n\n\n<p><a href=\"https:\/\/www.instagram.com\/reel\/DMfTxP6xOLR\/?utm_source=ig_embed&amp;utm_campaign=loading\" target=\"_blank\" rel=\"noreferrer noopener\">Uma publica\u00e7\u00e3o compartilhada por Deputado Adriano Jos\u00e9 (@sdadrianojose)<\/a><\/p>\n<\/blockquote>\n\n\n\n<p>Durante a entrevista, Nicolas compartilhou detalhes sobre o incidente que ocorreu em julho, quando perdeu o controle da bicicleta e caiu de uma altura de aproximadamente 3 metros. Apesar do susto e da repercuss\u00e3o nas redes sociais, ele se recuperou sem ferimentos graves.<\/p>\n\n\n\n<p>O apresentador Adriano Jos\u00e9 destacou a coragem e o bom humor de Nicolas, que, mesmo ap\u00f3s o ocorrido, manteve uma atitude positiva e inspiradora. A participa\u00e7\u00e3o do jovem no programa foi marcada por momentos de descontra\u00e7\u00e3o e reflex\u00e3o sobre seguran\u00e7a no tr\u00e2nsito e a import\u00e2ncia de estar atento aos equipamentos de seguran\u00e7a, como os freios das bicicletas.<\/p>\n\n\n\n<p>A entrevista foi transmitida ao vivo para mais de 60 cidades da regi\u00e3o, refor\u00e7ando o compromisso do programa \u201cConex\u00e3o\u201d em abordar temas relevantes para a comunidade e dar voz a hist\u00f3rias inspiradoras como a de Nicolas.<\/p>\n\n\n\n<p>Para assistir \u00e0 entrevista completa, acesse o canal oficial da Band Maring\u00e1 ou as redes sociais do programa \u201cConex\u00e3o\u201d.<\/p>\n","protected":false},"excerpt":{"rendered":"<p>O garoto de Apucarana, que ganhou notoriedade ap\u00f3s um v\u00eddeo viral mostrar sua queda acidental de bicicleta em cima de um telhado, foi o convidado do programa \u201cConex\u00e3o\u201d, apresentado pelo deputado estadual Adriano Jos\u00e9, no \u00faltimo s\u00e1bado, 25 de julho de 2025 Ver essa foto no Instagram Uma publica\u00e7\u00e3o compartilhada por Deputado Adriano Jos\u00e9 (@sdadrianojose) [&hellip;]<\/p>\n","protected":false},"author":1,"featured_media":2892,"comment_status":"open","ping_status":"open","sticky":false,"template":"","format":"standard","meta":{"footnotes":""},"categories":[88],"tags":[],"class_list":["post-2891","post","type-post","status-publish","format-standard","has-post-thumbnail","hentry","category-programa-conexao"],"yoast_head":"<!-- This site is optimized with the Yoast SEO plugin v27.4 - https:\/\/yoast.com\/product\/yoast-seo-wordpress\/ -->\n<title>Nicolas Pierre, o menino que virou her\u00f3i da internet, foi o convidado especial do programa \u201cConex\u00e3o com deputado Adriano Jos\u00e9\u201d da Band Maring\u00e1 - Deputado Adriano Jos\u00e9<\/title>\n<meta name=\"robots\" content=\"index, follow, max-snippet:-1, max-image-preview:large, max-video-preview:-1\" \/>\n<link rel=\"canonical\" href=\"https:\/\/soldadoadrianojose.com.br\/index.php\/2025\/07\/29\/nicolas-pierre-o-menino-que-virou-heroi-da-internet-foi-o-convidado-especial-do-programa-conexao-com-deputado-adriano-jose-da-band-maringa\/\" \/>\n<meta property=\"og:locale\" content=\"pt_BR\" \/>\n<meta property=\"og:type\" content=\"article\" \/>\n<meta property=\"og:title\" content=\"Nicolas Pierre, o menino que virou her\u00f3i da internet, foi o convidado especial do programa \u201cConex\u00e3o com deputado Adriano Jos\u00e9\u201d da Band Maring\u00e1 - Deputado Adriano Jos\u00e9\" \/>\n<meta property=\"og:description\" content=\"O garoto de Apucarana, que ganhou notoriedade ap\u00f3s um v\u00eddeo viral mostrar sua queda acidental de bicicleta em cima de um telhado, foi o convidado do programa \u201cConex\u00e3o\u201d, apresentado pelo deputado estadual Adriano Jos\u00e9, no \u00faltimo s\u00e1bado, 25 de julho de 2025 Ver essa foto no Instagram Uma publica\u00e7\u00e3o compartilhada por Deputado Adriano Jos\u00e9 (@sdadrianojose) [&hellip;]\" \/>\n<meta property=\"og:url\" content=\"https:\/\/soldadoadrianojose.com.br\/index.php\/2025\/07\/29\/nicolas-pierre-o-menino-que-virou-heroi-da-internet-foi-o-convidado-especial-do-programa-conexao-com-deputado-adriano-jose-da-band-maringa\/\" \/>\n<meta property=\"og:site_name\" content=\"Deputado Adriano Jos\u00e9\" \/>\n<meta property=\"article:published_time\" content=\"2025-07-29T22:47:13+00:00\" \/>\n<meta property=\"article:modified_time\" content=\"2025-07-29T23:53:06+00:00\" \/>\n<meta property=\"og:image\" content=\"https:\/\/soldadoadrianojose.com.br\/wp-content\/uploads\/2025\/07\/WhatsApp-Image-2025-07-29-at-19.46.23.jpeg\" \/>\n\t<meta property=\"og:image:width\" content=\"1600\" \/>\n\t<meta property=\"og:image:height\" content=\"1200\" \/>\n\t<meta property=\"og:image:type\" content=\"image\/jpeg\" \/>\n<meta name=\"author\" content=\"soldadoadrianojose\" \/>\n<meta name=\"twitter:card\" content=\"summary_large_image\" \/>\n<meta name=\"twitter:label1\" content=\"Escrito por\" \/>\n\t<meta name=\"twitter:data1\" content=\"soldadoadrianojose\" \/>\n\t<meta name=\"twitter:label2\" content=\"Est. tempo de leitura\" \/>\n\t<meta name=\"twitter:data2\" content=\"2 minutos\" \/>\n<script type=\"application\/ld+json\" class=\"yoast-schema-graph\">{\"@context\":\"https:\\\/\\\/schema.org\",\"@graph\":[{\"@type\":\"Article\",\"@id\":\"https:\\\/\\\/soldadoadrianojose.com.br\\\/index.php\\\/2025\\\/07\\\/29\\\/nicolas-pierre-o-menino-que-virou-heroi-da-internet-foi-o-convidado-especial-do-programa-conexao-com-deputado-adriano-jose-da-band-maringa\\\/#article\",\"isPartOf\":{\"@id\":\"https:\\\/\\\/soldadoadrianojose.com.br\\\/index.php\\\/2025\\\/07\\\/29\\\/nicolas-pierre-o-menino-que-virou-heroi-da-internet-foi-o-convidado-especial-do-programa-conexao-com-deputado-adriano-jose-da-band-maringa\\\/\"},\"author\":{\"name\":\"soldadoadrianojose\",\"@id\":\"https:\\\/\\\/soldadoadrianojose.com.br\\\/#\\\/schema\\\/person\\\/16f8e8defb7a4bd6c6082efcd1bdb6bb\"},\"headline\":\"Nicolas Pierre, o menino que virou her\u00f3i da internet, foi o convidado especial do programa \u201cConex\u00e3o com deputado Adriano Jos\u00e9\u201d da Band Maring\u00e1\",\"datePublished\":\"2025-07-29T22:47:13+00:00\",\"dateModified\":\"2025-07-29T23:53:06+00:00\",\"mainEntityOfPage\":{\"@id\":\"https:\\\/\\\/soldadoadrianojose.com.br\\\/index.php\\\/2025\\\/07\\\/29\\\/nicolas-pierre-o-menino-que-virou-heroi-da-internet-foi-o-convidado-especial-do-programa-conexao-com-deputado-adriano-jose-da-band-maringa\\\/\"},\"wordCount\":249,\"commentCount\":0,\"publisher\":{\"@id\":\"https:\\\/\\\/soldadoadrianojose.com.br\\\/#\\\/schema\\\/person\\\/16f8e8defb7a4bd6c6082efcd1bdb6bb\"},\"image\":{\"@id\":\"https:\\\/\\\/soldadoadrianojose.com.br\\\/index.php\\\/2025\\\/07\\\/29\\\/nicolas-pierre-o-menino-que-virou-heroi-da-internet-foi-o-convidado-especial-do-programa-conexao-com-deputado-adriano-jose-da-band-maringa\\\/#primaryimage\"},\"thumbnailUrl\":\"https:\\\/\\\/soldadoadrianojose.com.br\\\/wp-content\\\/uploads\\\/2025\\\/07\\\/WhatsApp-Image-2025-07-29-at-19.46.23.jpeg\",\"articleSection\":[\"PROGRAMA CONEX\u00c3O\"],\"inLanguage\":\"pt-BR\",\"potentialAction\":[{\"@type\":\"CommentAction\",\"name\":\"Comment\",\"target\":[\"https:\\\/\\\/soldadoadrianojose.com.br\\\/index.php\\\/2025\\\/07\\\/29\\\/nicolas-pierre-o-menino-que-virou-heroi-da-internet-foi-o-convidado-especial-do-programa-conexao-com-deputado-adriano-jose-da-band-maringa\\\/#respond\"]}]},{\"@type\":\"WebPage\",\"@id\":\"https:\\\/\\\/soldadoadrianojose.com.br\\\/index.php\\\/2025\\\/07\\\/29\\\/nicolas-pierre-o-menino-que-virou-heroi-da-internet-foi-o-convidado-especial-do-programa-conexao-com-deputado-adriano-jose-da-band-maringa\\\/\",\"url\":\"https:\\\/\\\/soldadoadrianojose.com.br\\\/index.php\\\/2025\\\/07\\\/29\\\/nicolas-pierre-o-menino-que-virou-heroi-da-internet-foi-o-convidado-especial-do-programa-conexao-com-deputado-adriano-jose-da-band-maringa\\\/\",\"name\":\"Nicolas Pierre, o menino que virou her\u00f3i da internet, foi o convidado especial do programa \u201cConex\u00e3o com deputado Adriano Jos\u00e9\u201d da Band Maring\u00e1 - Deputado Adriano Jos\u00e9\",\"isPartOf\":{\"@id\":\"https:\\\/\\\/soldadoadrianojose.com.br\\\/#website\"},\"primaryImageOfPage\":{\"@id\":\"https:\\\/\\\/soldadoadrianojose.com.br\\\/index.php\\\/2025\\\/07\\\/29\\\/nicolas-pierre-o-menino-que-virou-heroi-da-internet-foi-o-convidado-especial-do-programa-conexao-com-deputado-adriano-jose-da-band-maringa\\\/#primaryimage\"},\"image\":{\"@id\":\"https:\\\/\\\/soldadoadrianojose.com.br\\\/index.php\\\/2025\\\/07\\\/29\\\/nicolas-pierre-o-menino-que-virou-heroi-da-internet-foi-o-convidado-especial-do-programa-conexao-com-deputado-adriano-jose-da-band-maringa\\\/#primaryimage\"},\"thumbnailUrl\":\"https:\\\/\\\/soldadoadrianojose.com.br\\\/wp-content\\\/uploads\\\/2025\\\/07\\\/WhatsApp-Image-2025-07-29-at-19.46.23.jpeg\",\"datePublished\":\"2025-07-29T22:47:13+00:00\",\"dateModified\":\"2025-07-29T23:53:06+00:00\",\"breadcrumb\":{\"@id\":\"https:\\\/\\\/soldadoadrianojose.com.br\\\/index.php\\\/2025\\\/07\\\/29\\\/nicolas-pierre-o-menino-que-virou-heroi-da-internet-foi-o-convidado-especial-do-programa-conexao-com-deputado-adriano-jose-da-band-maringa\\\/#breadcrumb\"},\"inLanguage\":\"pt-BR\",\"potentialAction\":[{\"@type\":\"ReadAction\",\"target\":[\"https:\\\/\\\/soldadoadrianojose.com.br\\\/index.php\\\/2025\\\/07\\\/29\\\/nicolas-pierre-o-menino-que-virou-heroi-da-internet-foi-o-convidado-especial-do-programa-conexao-com-deputado-adriano-jose-da-band-maringa\\\/\"]}]},{\"@type\":\"ImageObject\",\"inLanguage\":\"pt-BR\",\"@id\":\"https:\\\/\\\/soldadoadrianojose.com.br\\\/index.php\\\/2025\\\/07\\\/29\\\/nicolas-pierre-o-menino-que-virou-heroi-da-internet-foi-o-convidado-especial-do-programa-conexao-com-deputado-adriano-jose-da-band-maringa\\\/#primaryimage\",\"url\":\"https:\\\/\\\/soldadoadrianojose.com.br\\\/wp-content\\\/uploads\\\/2025\\\/07\\\/WhatsApp-Image-2025-07-29-at-19.46.23.jpeg\",\"contentUrl\":\"https:\\\/\\\/soldadoadrianojose.com.br\\\/wp-content\\\/uploads\\\/2025\\\/07\\\/WhatsApp-Image-2025-07-29-at-19.46.23.jpeg\",\"width\":1600,\"height\":1200},{\"@type\":\"BreadcrumbList\",\"@id\":\"https:\\\/\\\/soldadoadrianojose.com.br\\\/index.php\\\/2025\\\/07\\\/29\\\/nicolas-pierre-o-menino-que-virou-heroi-da-internet-foi-o-convidado-especial-do-programa-conexao-com-deputado-adriano-jose-da-band-maringa\\\/#breadcrumb\",\"itemListElement\":[{\"@type\":\"ListItem\",\"position\":1,\"name\":\"In\u00edcio\",\"item\":\"https:\\\/\\\/soldadoadrianojose.com.br\\\/\"},{\"@type\":\"ListItem\",\"position\":2,\"name\":\"Nicolas Pierre, o menino que virou her\u00f3i da internet, foi o convidado especial do programa \u201cConex\u00e3o com deputado Adriano Jos\u00e9\u201d da Band Maring\u00e1\"}]},{\"@type\":\"WebSite\",\"@id\":\"https:\\\/\\\/soldadoadrianojose.com.br\\\/#website\",\"url\":\"https:\\\/\\\/soldadoadrianojose.com.br\\\/\",\"name\":\"Deputado Adriano Jos\u00e9\",\"description\":\"Nosso trabalho \u00e9 pelas pessoas\",\"publisher\":{\"@id\":\"https:\\\/\\\/soldadoadrianojose.com.br\\\/#\\\/schema\\\/person\\\/16f8e8defb7a4bd6c6082efcd1bdb6bb\"},\"potentialAction\":[{\"@type\":\"SearchAction\",\"target\":{\"@type\":\"EntryPoint\",\"urlTemplate\":\"https:\\\/\\\/soldadoadrianojose.com.br\\\/?s={search_term_string}\"},\"query-input\":{\"@type\":\"PropertyValueSpecification\",\"valueRequired\":true,\"valueName\":\"search_term_string\"}}],\"inLanguage\":\"pt-BR\"},{\"@type\":[\"Person\",\"Organization\"],\"@id\":\"https:\\\/\\\/soldadoadrianojose.com.br\\\/#\\\/schema\\\/person\\\/16f8e8defb7a4bd6c6082efcd1bdb6bb\",\"name\":\"soldadoadrianojose\",\"image\":{\"@type\":\"ImageObject\",\"inLanguage\":\"pt-BR\",\"@id\":\"https:\\\/\\\/soldadoadrianojose.com.br\\\/wp-content\\\/uploads\\\/2023\\\/02\\\/LOGO_CLEAR-5.png\",\"url\":\"https:\\\/\\\/soldadoadrianojose.com.br\\\/wp-content\\\/uploads\\\/2023\\\/02\\\/LOGO_CLEAR-5.png\",\"contentUrl\":\"https:\\\/\\\/soldadoadrianojose.com.br\\\/wp-content\\\/uploads\\\/2023\\\/02\\\/LOGO_CLEAR-5.png\",\"width\":3508,\"height\":998,\"caption\":\"soldadoadrianojose\"},\"logo\":{\"@id\":\"https:\\\/\\\/soldadoadrianojose.com.br\\\/wp-content\\\/uploads\\\/2023\\\/02\\\/LOGO_CLEAR-5.png\"},\"sameAs\":[\"https:\\\/\\\/soldadoadrianojose.com.br\"],\"url\":\"https:\\\/\\\/soldadoadrianojose.com.br\\\/index.php\\\/author\\\/soldadoadrianojose\\\/\"}]}<\/script>\n<!-- \/ Yoast SEO plugin. -->","yoast_head_json":{"title":"Nicolas Pierre, o menino que virou her\u00f3i da internet, foi o convidado especial do programa \u201cConex\u00e3o com deputado Adriano Jos\u00e9\u201d da Band Maring\u00e1 - Deputado Adriano Jos\u00e9","robots":{"index":"index","follow":"follow","max-snippet":"max-snippet:-1","max-image-preview":"max-image-preview:large","max-video-preview":"max-video-preview:-1"},"canonical":"https:\/\/soldadoadrianojose.com.br\/index.php\/2025\/07\/29\/nicolas-pierre-o-menino-que-virou-heroi-da-internet-foi-o-convidado-especial-do-programa-conexao-com-deputado-adriano-jose-da-band-maringa\/","og_locale":"pt_BR","og_type":"article","og_title":"Nicolas Pierre, o menino que virou her\u00f3i da internet, foi o convidado especial do programa \u201cConex\u00e3o com deputado Adriano Jos\u00e9\u201d da Band Maring\u00e1 - Deputado Adriano Jos\u00e9","og_description":"O garoto de Apucarana, que ganhou notoriedade ap\u00f3s um v\u00eddeo viral mostrar sua queda acidental de bicicleta em cima de um telhado, foi o convidado do programa \u201cConex\u00e3o\u201d, apresentado pelo deputado estadual Adriano Jos\u00e9, no \u00faltimo s\u00e1bado, 25 de julho de 2025 Ver essa foto no Instagram Uma publica\u00e7\u00e3o compartilhada por Deputado Adriano Jos\u00e9 (@sdadrianojose) [&hellip;]","og_url":"https:\/\/soldadoadrianojose.com.br\/index.php\/2025\/07\/29\/nicolas-pierre-o-menino-que-virou-heroi-da-internet-foi-o-convidado-especial-do-programa-conexao-com-deputado-adriano-jose-da-band-maringa\/","og_site_name":"Deputado Adriano Jos\u00e9","article_published_time":"2025-07-29T22:47:13+00:00","article_modified_time":"2025-07-29T23:53:06+00:00","og_image":[{"width":1600,"height":1200,"url":"https:\/\/soldadoadrianojose.com.br\/wp-content\/uploads\/2025\/07\/WhatsApp-Image-2025-07-29-at-19.46.23.jpeg","type":"image\/jpeg"}],"author":"soldadoadrianojose","twitter_card":"summary_large_image","twitter_misc":{"Escrito por":"soldadoadrianojose","Est. tempo de leitura":"2 minutos"},"schema":{"@context":"https:\/\/schema.org","@graph":[{"@type":"Article","@id":"https:\/\/soldadoadrianojose.com.br\/index.php\/2025\/07\/29\/nicolas-pierre-o-menino-que-virou-heroi-da-internet-foi-o-convidado-especial-do-programa-conexao-com-deputado-adriano-jose-da-band-maringa\/#article","isPartOf":{"@id":"https:\/\/soldadoadrianojose.com.br\/index.php\/2025\/07\/29\/nicolas-pierre-o-menino-que-virou-heroi-da-internet-foi-o-convidado-especial-do-programa-conexao-com-deputado-adriano-jose-da-band-maringa\/"},"author":{"name":"soldadoadrianojose","@id":"https:\/\/soldadoadrianojose.com.br\/#\/schema\/person\/16f8e8defb7a4bd6c6082efcd1bdb6bb"},"headline":"Nicolas Pierre, o menino que virou her\u00f3i da internet, foi o convidado especial do programa \u201cConex\u00e3o com deputado Adriano Jos\u00e9\u201d da Band Maring\u00e1","datePublished":"2025-07-29T22:47:13+00:00","dateModified":"2025-07-29T23:53:06+00:00","mainEntityOfPage":{"@id":"https:\/\/soldadoadrianojose.com.br\/index.php\/2025\/07\/29\/nicolas-pierre-o-menino-que-virou-heroi-da-internet-foi-o-convidado-especial-do-programa-conexao-com-deputado-adriano-jose-da-band-maringa\/"},"wordCount":249,"commentCount":0,"publisher":{"@id":"https:\/\/soldadoadrianojose.com.br\/#\/schema\/person\/16f8e8defb7a4bd6c6082efcd1bdb6bb"},"image":{"@id":"https:\/\/soldadoadrianojose.com.br\/index.php\/2025\/07\/29\/nicolas-pierre-o-menino-que-virou-heroi-da-internet-foi-o-convidado-especial-do-programa-conexao-com-deputado-adriano-jose-da-band-maringa\/#primaryimage"},"thumbnailUrl":"https:\/\/soldadoadrianojose.com.br\/wp-content\/uploads\/2025\/07\/WhatsApp-Image-2025-07-29-at-19.46.23.jpeg","articleSection":["PROGRAMA CONEX\u00c3O"],"inLanguage":"pt-BR","potentialAction":[{"@type":"CommentAction","name":"Comment","target":["https:\/\/soldadoadrianojose.com.br\/index.php\/2025\/07\/29\/nicolas-pierre-o-menino-que-virou-heroi-da-internet-foi-o-convidado-especial-do-programa-conexao-com-deputado-adriano-jose-da-band-maringa\/#respond"]}]},{"@type":"WebPage","@id":"https:\/\/soldadoadrianojose.com.br\/index.php\/2025\/07\/29\/nicolas-pierre-o-menino-que-virou-heroi-da-internet-foi-o-convidado-especial-do-programa-conexao-com-deputado-adriano-jose-da-band-maringa\/","url":"https:\/\/soldadoadrianojose.com.br\/index.php\/2025\/07\/29\/nicolas-pierre-o-menino-que-virou-heroi-da-internet-foi-o-convidado-especial-do-programa-conexao-com-deputado-adriano-jose-da-band-maringa\/","name":"Nicolas Pierre, o menino que virou her\u00f3i da internet, foi o convidado especial do programa \u201cConex\u00e3o com deputado Adriano Jos\u00e9\u201d da Band Maring\u00e1 - Deputado Adriano Jos\u00e9","isPartOf":{"@id":"https:\/\/soldadoadrianojose.com.br\/#website"},"primaryImageOfPage":{"@id":"https:\/\/soldadoadrianojose.com.br\/index.php\/2025\/07\/29\/nicolas-pierre-o-menino-que-virou-heroi-da-internet-foi-o-convidado-especial-do-programa-conexao-com-deputado-adriano-jose-da-band-maringa\/#primaryimage"},"image":{"@id":"https:\/\/soldadoadrianojose.com.br\/index.php\/2025\/07\/29\/nicolas-pierre-o-menino-que-virou-heroi-da-internet-foi-o-convidado-especial-do-programa-conexao-com-deputado-adriano-jose-da-band-maringa\/#primaryimage"},"thumbnailUrl":"https:\/\/soldadoadrianojose.com.br\/wp-content\/uploads\/2025\/07\/WhatsApp-Image-2025-07-29-at-19.46.23.jpeg","datePublished":"2025-07-29T22:47:13+00:00","dateModified":"2025-07-29T23:53:06+00:00","breadcrumb":{"@id":"https:\/\/soldadoadrianojose.com.br\/index.php\/2025\/07\/29\/nicolas-pierre-o-menino-que-virou-heroi-da-internet-foi-o-convidado-especial-do-programa-conexao-com-deputado-adriano-jose-da-band-maringa\/#breadcrumb"},"inLanguage":"pt-BR","potentialAction":[{"@type":"ReadAction","target":["https:\/\/soldadoadrianojose.com.br\/index.php\/2025\/07\/29\/nicolas-pierre-o-menino-que-virou-heroi-da-internet-foi-o-convidado-especial-do-programa-conexao-com-deputado-adriano-jose-da-band-maringa\/"]}]},{"@type":"ImageObject","inLanguage":"pt-BR","@id":"https:\/\/soldadoadrianojose.com.br\/index.php\/2025\/07\/29\/nicolas-pierre-o-menino-que-virou-heroi-da-internet-foi-o-convidado-especial-do-programa-conexao-com-deputado-adriano-jose-da-band-maringa\/#primaryimage","url":"https:\/\/soldadoadrianojose.com.br\/wp-content\/uploads\/2025\/07\/WhatsApp-Image-2025-07-29-at-19.46.23.jpeg","contentUrl":"https:\/\/soldadoadrianojose.com.br\/wp-content\/uploads\/2025\/07\/WhatsApp-Image-2025-07-29-at-19.46.23.jpeg","width":1600,"height":1200},{"@type":"BreadcrumbList","@id":"https:\/\/soldadoadrianojose.com.br\/index.php\/2025\/07\/29\/nicolas-pierre-o-menino-que-virou-heroi-da-internet-foi-o-convidado-especial-do-programa-conexao-com-deputado-adriano-jose-da-band-maringa\/#breadcrumb","itemListElement":[{"@type":"ListItem","position":1,"name":"In\u00edcio","item":"https:\/\/soldadoadrianojose.com.br\/"},{"@type":"ListItem","position":2,"name":"Nicolas Pierre, o menino que virou her\u00f3i da internet, foi o convidado especial do programa \u201cConex\u00e3o com deputado Adriano Jos\u00e9\u201d da Band Maring\u00e1"}]},{"@type":"WebSite","@id":"https:\/\/soldadoadrianojose.com.br\/#website","url":"https:\/\/soldadoadrianojose.com.br\/","name":"Deputado Adriano Jos\u00e9","description":"Nosso trabalho \u00e9 pelas pessoas","publisher":{"@id":"https:\/\/soldadoadrianojose.com.br\/#\/schema\/person\/16f8e8defb7a4bd6c6082efcd1bdb6bb"},"potentialAction":[{"@type":"SearchAction","target":{"@type":"EntryPoint","urlTemplate":"https:\/\/soldadoadrianojose.com.br\/?s={search_term_string}"},"query-input":{"@type":"PropertyValueSpecification","valueRequired":true,"valueName":"search_term_string"}}],"inLanguage":"pt-BR"},{"@type":["Person","Organization"],"@id":"https:\/\/soldadoadrianojose.com.br\/#\/schema\/person\/16f8e8defb7a4bd6c6082efcd1bdb6bb","name":"soldadoadrianojose","image":{"@type":"ImageObject","inLanguage":"pt-BR","@id":"https:\/\/soldadoadrianojose.com.br\/wp-content\/uploads\/2023\/02\/LOGO_CLEAR-5.png","url":"https:\/\/soldadoadrianojose.com.br\/wp-content\/uploads\/2023\/02\/LOGO_CLEAR-5.png","contentUrl":"https:\/\/soldadoadrianojose.com.br\/wp-content\/uploads\/2023\/02\/LOGO_CLEAR-5.png","width":3508,"height":998,"caption":"soldadoadrianojose"},"logo":{"@id":"https:\/\/soldadoadrianojose.com.br\/wp-content\/uploads\/2023\/02\/LOGO_CLEAR-5.png"},"sameAs":["https:\/\/soldadoadrianojose.com.br"],"url":"https:\/\/soldadoadrianojose.com.br\/index.php\/author\/soldadoadrianojose\/"}]}},"jetpack_featured_media_url":"https:\/\/soldadoadrianojose.com.br\/wp-content\/uploads\/2025\/07\/WhatsApp-Image-2025-07-29-at-19.46.23.jpeg","_links":{"self":[{"href":"https:\/\/soldadoadrianojose.com.br\/index.php\/wp-json\/wp\/v2\/posts\/2891","targetHints":{"allow":["GET"]}}],"collection":[{"href":"https:\/\/soldadoadrianojose.com.br\/index.php\/wp-json\/wp\/v2\/posts"}],"about":[{"href":"https:\/\/soldadoadrianojose.com.br\/index.php\/wp-json\/wp\/v2\/types\/post"}],"author":[{"embeddable":true,"href":"https:\/\/soldadoadrianojose.com.br\/index.php\/wp-json\/wp\/v2\/users\/1"}],"replies":[{"embeddable":true,"href":"https:\/\/soldadoadrianojose.com.br\/index.php\/wp-json\/wp\/v2\/comments?post=2891"}],"version-history":[{"count":2,"href":"https:\/\/soldadoadrianojose.com.br\/index.php\/wp-json\/wp\/v2\/posts\/2891\/revisions"}],"predecessor-version":[{"id":2897,"href":"https:\/\/soldadoadrianojose.com.br\/index.php\/wp-json\/wp\/v2\/posts\/2891\/revisions\/2897"}],"wp:featuredmedia":[{"embeddable":true,"href":"https:\/\/soldadoadrianojose.com.br\/index.php\/wp-json\/wp\/v2\/media\/2892"}],"wp:attachment":[{"href":"https:\/\/soldadoadrianojose.com.br\/index.php\/wp-json\/wp\/v2\/media?parent=2891"}],"wp:term":[{"taxonomy":"category","embeddable":true,"href":"https:\/\/soldadoadrianojose.com.br\/index.php\/wp-json\/wp\/v2\/categories?post=2891"},{"taxonomy":"post_tag","embeddable":true,"href":"https:\/\/soldadoadrianojose.com.br\/index.php\/wp-json\/wp\/v2\/tags?post=2891"}],"curies":[{"name":"wp","href":"https:\/\/api.w.org\/{rel}","templated":true}]}}