{"id":29,"date":"2023-02-24T11:49:14","date_gmt":"2023-02-24T14:49:14","guid":{"rendered":"https:\/\/soldadoadrianojose.com.br\/?p=29"},"modified":"2023-02-24T11:49:32","modified_gmt":"2023-02-24T14:49:32","slug":"prefeitura-inaugura-centro-de-controle-integrado-da-guarda-civil-municipal-nesta-sexta-feira-24","status":"publish","type":"post","link":"https:\/\/soldadoadrianojose.com.br\/index.php\/2023\/02\/24\/prefeitura-inaugura-centro-de-controle-integrado-da-guarda-civil-municipal-nesta-sexta-feira-24\/","title":{"rendered":"Prefeitura inaugura Centro de Controle Integrado da Guarda Civil Municipal nesta sexta-feira, 24"},"content":{"rendered":"\n<p>A gest\u00e3o municipal inaugura nesta sexta-feira, 24, \u00e0s 10h, o Centro de Controle Integrado (CCI) da Guarda Civil Municipal, que adota intelig\u00eancia artificial por meio de software de \u00faltima gera\u00e7\u00e3o e contar\u00e1 com a integra\u00e7\u00e3o de dados em conjunto com as pol\u00edcias Militar e Civil e Corpo de Bombeiros. S\u00e3o mais de 140 c\u00e2meras de monitoramento integradas ao sistema de seguran\u00e7a. Dessas, 70 s\u00e3o as novas c\u00e2meras de reconhecimento facial e de leitura de placas de ve\u00edculos.<\/p>\n\n\n\n<p>\u201cMaring\u00e1 ter\u00e1 um dos sistemas de seguran\u00e7a mais inteligentes e modernos do Brasil. Contaremos com o apoio das pol\u00edcias Civil e Militar na otimiza\u00e7\u00e3o do sistema e na integra\u00e7\u00e3o de dados para aprimorar ainda mais as a\u00e7\u00f5es de seguran\u00e7a em nossa cidade\u201d, destaca o prefeito Ulisses Maia.<\/p>\n\n\n\n<p>O Centro de Controle Integrado da Guarda Civil Municipal conta com dez baias de monitoramento das c\u00e2meras. No sistema, que funciona 24 horas, tamb\u00e9m ficam concentrados os atendimentos solicitados via 153, canal de den\u00fancias da Guarda Civil Municipal.<\/p>\n\n\n\n<p>Em tempo real, ser\u00e1 poss\u00edvel realizar apreens\u00f5es e acompanhamento de a\u00e7\u00f5es ou pessoas suspeitas, j\u00e1 que os agentes em campo poder\u00e3o trocar dados e informa\u00e7\u00f5es com os guardas que monitoram as c\u00e2meras conectadas ao CCI, como explica o secret\u00e1rio de Seguran\u00e7a, Ivan Quartaroli. \u201cAo alimentar o sistema de seguran\u00e7a com nomes, fotos, imagens de placas e demais informa\u00e7\u00f5es, conseguimos criar uma base de dados completa, que ser\u00e1 refer\u00eancia no Brasil. O sistema vai auxiliar, inclusive, em casos de sequestro ou opera\u00e7\u00f5es de grande porte\u201d, afirma.<\/p>\n\n\n\n<p>Servi\u00e7o<\/p>\n\n\n\n<p>O que: Inaugura\u00e7\u00e3o do Centro de Controle Integrado da Guarda Civil Municipal<\/p>\n\n\n\n<p>Quando: sexta-feira, 24, \u00e0s 10h<\/p>\n\n\n\n<p>Onde: Sede da Guarda Civil Municipal, localizada na Rua Fern\u00e3o Dias, 680<\/p>\n","protected":false},"excerpt":{"rendered":"<p>A gest\u00e3o municipal inaugura nesta sexta-feira, 24, \u00e0s 10h, o Centro de Controle Integrado (CCI) da Guarda Civil Municipal, que adota intelig\u00eancia artificial por meio de software de \u00faltima gera\u00e7\u00e3o e contar\u00e1 com a integra\u00e7\u00e3o de dados em conjunto com as pol\u00edcias Militar e Civil e Corpo de Bombeiros. S\u00e3o mais de 140 c\u00e2meras de [&hellip;]<\/p>\n","protected":false},"author":1,"featured_media":31,"comment_status":"open","ping_status":"open","sticky":false,"template":"","format":"standard","meta":{"footnotes":""},"categories":[1],"tags":[],"class_list":["post-29","post","type-post","status-publish","format-standard","has-post-thumbnail","hentry","category-gabinete-sd"],"yoast_head":"<!-- This site is optimized with the Yoast SEO plugin v27.4 - https:\/\/yoast.com\/product\/yoast-seo-wordpress\/ -->\n<title>Prefeitura inaugura Centro de Controle Integrado da Guarda Civil Municipal nesta sexta-feira, 24 - Deputado Adriano Jos\u00e9<\/title>\n<meta name=\"robots\" content=\"index, follow, max-snippet:-1, max-image-preview:large, max-video-preview:-1\" \/>\n<link rel=\"canonical\" href=\"https:\/\/soldadoadrianojose.com.br\/index.php\/2023\/02\/24\/prefeitura-inaugura-centro-de-controle-integrado-da-guarda-civil-municipal-nesta-sexta-feira-24\/\" \/>\n<meta property=\"og:locale\" content=\"pt_BR\" \/>\n<meta property=\"og:type\" content=\"article\" \/>\n<meta property=\"og:title\" content=\"Prefeitura inaugura Centro de Controle Integrado da Guarda Civil Municipal nesta sexta-feira, 24 - Deputado Adriano Jos\u00e9\" \/>\n<meta property=\"og:description\" content=\"A gest\u00e3o municipal inaugura nesta sexta-feira, 24, \u00e0s 10h, o Centro de Controle Integrado (CCI) da Guarda Civil Municipal, que adota intelig\u00eancia artificial por meio de software de \u00faltima gera\u00e7\u00e3o e contar\u00e1 com a integra\u00e7\u00e3o de dados em conjunto com as pol\u00edcias Militar e Civil e Corpo de Bombeiros. S\u00e3o mais de 140 c\u00e2meras de [&hellip;]\" \/>\n<meta property=\"og:url\" content=\"https:\/\/soldadoadrianojose.com.br\/index.php\/2023\/02\/24\/prefeitura-inaugura-centro-de-controle-integrado-da-guarda-civil-municipal-nesta-sexta-feira-24\/\" \/>\n<meta property=\"og:site_name\" content=\"Deputado Adriano Jos\u00e9\" \/>\n<meta property=\"article:published_time\" content=\"2023-02-24T14:49:14+00:00\" \/>\n<meta property=\"article:modified_time\" content=\"2023-02-24T14:49:32+00:00\" \/>\n<meta property=\"og:image\" content=\"https:\/\/soldadoadrianojose.com.br\/wp-content\/uploads\/2023\/02\/gd_1ddde384b04b.jpeg\" \/>\n\t<meta property=\"og:image:width\" content=\"960\" \/>\n\t<meta property=\"og:image:height\" content=\"641\" \/>\n\t<meta property=\"og:image:type\" content=\"image\/jpeg\" \/>\n<meta name=\"author\" content=\"soldadoadrianojose\" \/>\n<meta name=\"twitter:card\" content=\"summary_large_image\" \/>\n<meta name=\"twitter:label1\" content=\"Escrito por\" \/>\n\t<meta name=\"twitter:data1\" content=\"soldadoadrianojose\" \/>\n\t<meta name=\"twitter:label2\" content=\"Est. tempo de leitura\" \/>\n\t<meta name=\"twitter:data2\" content=\"2 minutos\" \/>\n<script type=\"application\/ld+json\" class=\"yoast-schema-graph\">{\"@context\":\"https:\\\/\\\/schema.org\",\"@graph\":[{\"@type\":\"Article\",\"@id\":\"https:\\\/\\\/soldadoadrianojose.com.br\\\/index.php\\\/2023\\\/02\\\/24\\\/prefeitura-inaugura-centro-de-controle-integrado-da-guarda-civil-municipal-nesta-sexta-feira-24\\\/#article\",\"isPartOf\":{\"@id\":\"https:\\\/\\\/soldadoadrianojose.com.br\\\/index.php\\\/2023\\\/02\\\/24\\\/prefeitura-inaugura-centro-de-controle-integrado-da-guarda-civil-municipal-nesta-sexta-feira-24\\\/\"},\"author\":{\"name\":\"soldadoadrianojose\",\"@id\":\"https:\\\/\\\/soldadoadrianojose.com.br\\\/#\\\/schema\\\/person\\\/16f8e8defb7a4bd6c6082efcd1bdb6bb\"},\"headline\":\"Prefeitura inaugura Centro de Controle Integrado da Guarda Civil Municipal nesta sexta-feira, 24\",\"datePublished\":\"2023-02-24T14:49:14+00:00\",\"dateModified\":\"2023-02-24T14:49:32+00:00\",\"mainEntityOfPage\":{\"@id\":\"https:\\\/\\\/soldadoadrianojose.com.br\\\/index.php\\\/2023\\\/02\\\/24\\\/prefeitura-inaugura-centro-de-controle-integrado-da-guarda-civil-municipal-nesta-sexta-feira-24\\\/\"},\"wordCount\":317,\"commentCount\":0,\"publisher\":{\"@id\":\"https:\\\/\\\/soldadoadrianojose.com.br\\\/#\\\/schema\\\/person\\\/16f8e8defb7a4bd6c6082efcd1bdb6bb\"},\"image\":{\"@id\":\"https:\\\/\\\/soldadoadrianojose.com.br\\\/index.php\\\/2023\\\/02\\\/24\\\/prefeitura-inaugura-centro-de-controle-integrado-da-guarda-civil-municipal-nesta-sexta-feira-24\\\/#primaryimage\"},\"thumbnailUrl\":\"https:\\\/\\\/soldadoadrianojose.com.br\\\/wp-content\\\/uploads\\\/2023\\\/02\\\/gd_1ddde384b04b.jpeg\",\"articleSection\":[\"GABINETE SD\"],\"inLanguage\":\"pt-BR\",\"potentialAction\":[{\"@type\":\"CommentAction\",\"name\":\"Comment\",\"target\":[\"https:\\\/\\\/soldadoadrianojose.com.br\\\/index.php\\\/2023\\\/02\\\/24\\\/prefeitura-inaugura-centro-de-controle-integrado-da-guarda-civil-municipal-nesta-sexta-feira-24\\\/#respond\"]}]},{\"@type\":\"WebPage\",\"@id\":\"https:\\\/\\\/soldadoadrianojose.com.br\\\/index.php\\\/2023\\\/02\\\/24\\\/prefeitura-inaugura-centro-de-controle-integrado-da-guarda-civil-municipal-nesta-sexta-feira-24\\\/\",\"url\":\"https:\\\/\\\/soldadoadrianojose.com.br\\\/index.php\\\/2023\\\/02\\\/24\\\/prefeitura-inaugura-centro-de-controle-integrado-da-guarda-civil-municipal-nesta-sexta-feira-24\\\/\",\"name\":\"Prefeitura inaugura Centro de Controle Integrado da Guarda Civil Municipal nesta sexta-feira, 24 - Deputado Adriano Jos\u00e9\",\"isPartOf\":{\"@id\":\"https:\\\/\\\/soldadoadrianojose.com.br\\\/#website\"},\"primaryImageOfPage\":{\"@id\":\"https:\\\/\\\/soldadoadrianojose.com.br\\\/index.php\\\/2023\\\/02\\\/24\\\/prefeitura-inaugura-centro-de-controle-integrado-da-guarda-civil-municipal-nesta-sexta-feira-24\\\/#primaryimage\"},\"image\":{\"@id\":\"https:\\\/\\\/soldadoadrianojose.com.br\\\/index.php\\\/2023\\\/02\\\/24\\\/prefeitura-inaugura-centro-de-controle-integrado-da-guarda-civil-municipal-nesta-sexta-feira-24\\\/#primaryimage\"},\"thumbnailUrl\":\"https:\\\/\\\/soldadoadrianojose.com.br\\\/wp-content\\\/uploads\\\/2023\\\/02\\\/gd_1ddde384b04b.jpeg\",\"datePublished\":\"2023-02-24T14:49:14+00:00\",\"dateModified\":\"2023-02-24T14:49:32+00:00\",\"breadcrumb\":{\"@id\":\"https:\\\/\\\/soldadoadrianojose.com.br\\\/index.php\\\/2023\\\/02\\\/24\\\/prefeitura-inaugura-centro-de-controle-integrado-da-guarda-civil-municipal-nesta-sexta-feira-24\\\/#breadcrumb\"},\"inLanguage\":\"pt-BR\",\"potentialAction\":[{\"@type\":\"ReadAction\",\"target\":[\"https:\\\/\\\/soldadoadrianojose.com.br\\\/index.php\\\/2023\\\/02\\\/24\\\/prefeitura-inaugura-centro-de-controle-integrado-da-guarda-civil-municipal-nesta-sexta-feira-24\\\/\"]}]},{\"@type\":\"ImageObject\",\"inLanguage\":\"pt-BR\",\"@id\":\"https:\\\/\\\/soldadoadrianojose.com.br\\\/index.php\\\/2023\\\/02\\\/24\\\/prefeitura-inaugura-centro-de-controle-integrado-da-guarda-civil-municipal-nesta-sexta-feira-24\\\/#primaryimage\",\"url\":\"https:\\\/\\\/soldadoadrianojose.com.br\\\/wp-content\\\/uploads\\\/2023\\\/02\\\/gd_1ddde384b04b.jpeg\",\"contentUrl\":\"https:\\\/\\\/soldadoadrianojose.com.br\\\/wp-content\\\/uploads\\\/2023\\\/02\\\/gd_1ddde384b04b.jpeg\",\"width\":960,\"height\":641},{\"@type\":\"BreadcrumbList\",\"@id\":\"https:\\\/\\\/soldadoadrianojose.com.br\\\/index.php\\\/2023\\\/02\\\/24\\\/prefeitura-inaugura-centro-de-controle-integrado-da-guarda-civil-municipal-nesta-sexta-feira-24\\\/#breadcrumb\",\"itemListElement\":[{\"@type\":\"ListItem\",\"position\":1,\"name\":\"In\u00edcio\",\"item\":\"https:\\\/\\\/soldadoadrianojose.com.br\\\/\"},{\"@type\":\"ListItem\",\"position\":2,\"name\":\"Prefeitura inaugura Centro de Controle Integrado da Guarda Civil Municipal nesta sexta-feira, 24\"}]},{\"@type\":\"WebSite\",\"@id\":\"https:\\\/\\\/soldadoadrianojose.com.br\\\/#website\",\"url\":\"https:\\\/\\\/soldadoadrianojose.com.br\\\/\",\"name\":\"Deputado Adriano Jos\u00e9\",\"description\":\"Nosso trabalho \u00e9 pelas pessoas\",\"publisher\":{\"@id\":\"https:\\\/\\\/soldadoadrianojose.com.br\\\/#\\\/schema\\\/person\\\/16f8e8defb7a4bd6c6082efcd1bdb6bb\"},\"potentialAction\":[{\"@type\":\"SearchAction\",\"target\":{\"@type\":\"EntryPoint\",\"urlTemplate\":\"https:\\\/\\\/soldadoadrianojose.com.br\\\/?s={search_term_string}\"},\"query-input\":{\"@type\":\"PropertyValueSpecification\",\"valueRequired\":true,\"valueName\":\"search_term_string\"}}],\"inLanguage\":\"pt-BR\"},{\"@type\":[\"Person\",\"Organization\"],\"@id\":\"https:\\\/\\\/soldadoadrianojose.com.br\\\/#\\\/schema\\\/person\\\/16f8e8defb7a4bd6c6082efcd1bdb6bb\",\"name\":\"soldadoadrianojose\",\"image\":{\"@type\":\"ImageObject\",\"inLanguage\":\"pt-BR\",\"@id\":\"https:\\\/\\\/soldadoadrianojose.com.br\\\/wp-content\\\/uploads\\\/2023\\\/02\\\/LOGO_CLEAR-5.png\",\"url\":\"https:\\\/\\\/soldadoadrianojose.com.br\\\/wp-content\\\/uploads\\\/2023\\\/02\\\/LOGO_CLEAR-5.png\",\"contentUrl\":\"https:\\\/\\\/soldadoadrianojose.com.br\\\/wp-content\\\/uploads\\\/2023\\\/02\\\/LOGO_CLEAR-5.png\",\"width\":3508,\"height\":998,\"caption\":\"soldadoadrianojose\"},\"logo\":{\"@id\":\"https:\\\/\\\/soldadoadrianojose.com.br\\\/wp-content\\\/uploads\\\/2023\\\/02\\\/LOGO_CLEAR-5.png\"},\"sameAs\":[\"https:\\\/\\\/soldadoadrianojose.com.br\"],\"url\":\"https:\\\/\\\/soldadoadrianojose.com.br\\\/index.php\\\/author\\\/soldadoadrianojose\\\/\"}]}<\/script>\n<!-- \/ Yoast SEO plugin. -->","yoast_head_json":{"title":"Prefeitura inaugura Centro de Controle Integrado da Guarda Civil Municipal nesta sexta-feira, 24 - Deputado Adriano Jos\u00e9","robots":{"index":"index","follow":"follow","max-snippet":"max-snippet:-1","max-image-preview":"max-image-preview:large","max-video-preview":"max-video-preview:-1"},"canonical":"https:\/\/soldadoadrianojose.com.br\/index.php\/2023\/02\/24\/prefeitura-inaugura-centro-de-controle-integrado-da-guarda-civil-municipal-nesta-sexta-feira-24\/","og_locale":"pt_BR","og_type":"article","og_title":"Prefeitura inaugura Centro de Controle Integrado da Guarda Civil Municipal nesta sexta-feira, 24 - Deputado Adriano Jos\u00e9","og_description":"A gest\u00e3o municipal inaugura nesta sexta-feira, 24, \u00e0s 10h, o Centro de Controle Integrado (CCI) da Guarda Civil Municipal, que adota intelig\u00eancia artificial por meio de software de \u00faltima gera\u00e7\u00e3o e contar\u00e1 com a integra\u00e7\u00e3o de dados em conjunto com as pol\u00edcias Militar e Civil e Corpo de Bombeiros. S\u00e3o mais de 140 c\u00e2meras de [&hellip;]","og_url":"https:\/\/soldadoadrianojose.com.br\/index.php\/2023\/02\/24\/prefeitura-inaugura-centro-de-controle-integrado-da-guarda-civil-municipal-nesta-sexta-feira-24\/","og_site_name":"Deputado Adriano Jos\u00e9","article_published_time":"2023-02-24T14:49:14+00:00","article_modified_time":"2023-02-24T14:49:32+00:00","og_image":[{"width":960,"height":641,"url":"https:\/\/soldadoadrianojose.com.br\/wp-content\/uploads\/2023\/02\/gd_1ddde384b04b.jpeg","type":"image\/jpeg"}],"author":"soldadoadrianojose","twitter_card":"summary_large_image","twitter_misc":{"Escrito por":"soldadoadrianojose","Est. tempo de leitura":"2 minutos"},"schema":{"@context":"https:\/\/schema.org","@graph":[{"@type":"Article","@id":"https:\/\/soldadoadrianojose.com.br\/index.php\/2023\/02\/24\/prefeitura-inaugura-centro-de-controle-integrado-da-guarda-civil-municipal-nesta-sexta-feira-24\/#article","isPartOf":{"@id":"https:\/\/soldadoadrianojose.com.br\/index.php\/2023\/02\/24\/prefeitura-inaugura-centro-de-controle-integrado-da-guarda-civil-municipal-nesta-sexta-feira-24\/"},"author":{"name":"soldadoadrianojose","@id":"https:\/\/soldadoadrianojose.com.br\/#\/schema\/person\/16f8e8defb7a4bd6c6082efcd1bdb6bb"},"headline":"Prefeitura inaugura Centro de Controle Integrado da Guarda Civil Municipal nesta sexta-feira, 24","datePublished":"2023-02-24T14:49:14+00:00","dateModified":"2023-02-24T14:49:32+00:00","mainEntityOfPage":{"@id":"https:\/\/soldadoadrianojose.com.br\/index.php\/2023\/02\/24\/prefeitura-inaugura-centro-de-controle-integrado-da-guarda-civil-municipal-nesta-sexta-feira-24\/"},"wordCount":317,"commentCount":0,"publisher":{"@id":"https:\/\/soldadoadrianojose.com.br\/#\/schema\/person\/16f8e8defb7a4bd6c6082efcd1bdb6bb"},"image":{"@id":"https:\/\/soldadoadrianojose.com.br\/index.php\/2023\/02\/24\/prefeitura-inaugura-centro-de-controle-integrado-da-guarda-civil-municipal-nesta-sexta-feira-24\/#primaryimage"},"thumbnailUrl":"https:\/\/soldadoadrianojose.com.br\/wp-content\/uploads\/2023\/02\/gd_1ddde384b04b.jpeg","articleSection":["GABINETE SD"],"inLanguage":"pt-BR","potentialAction":[{"@type":"CommentAction","name":"Comment","target":["https:\/\/soldadoadrianojose.com.br\/index.php\/2023\/02\/24\/prefeitura-inaugura-centro-de-controle-integrado-da-guarda-civil-municipal-nesta-sexta-feira-24\/#respond"]}]},{"@type":"WebPage","@id":"https:\/\/soldadoadrianojose.com.br\/index.php\/2023\/02\/24\/prefeitura-inaugura-centro-de-controle-integrado-da-guarda-civil-municipal-nesta-sexta-feira-24\/","url":"https:\/\/soldadoadrianojose.com.br\/index.php\/2023\/02\/24\/prefeitura-inaugura-centro-de-controle-integrado-da-guarda-civil-municipal-nesta-sexta-feira-24\/","name":"Prefeitura inaugura Centro de Controle Integrado da Guarda Civil Municipal nesta sexta-feira, 24 - Deputado Adriano Jos\u00e9","isPartOf":{"@id":"https:\/\/soldadoadrianojose.com.br\/#website"},"primaryImageOfPage":{"@id":"https:\/\/soldadoadrianojose.com.br\/index.php\/2023\/02\/24\/prefeitura-inaugura-centro-de-controle-integrado-da-guarda-civil-municipal-nesta-sexta-feira-24\/#primaryimage"},"image":{"@id":"https:\/\/soldadoadrianojose.com.br\/index.php\/2023\/02\/24\/prefeitura-inaugura-centro-de-controle-integrado-da-guarda-civil-municipal-nesta-sexta-feira-24\/#primaryimage"},"thumbnailUrl":"https:\/\/soldadoadrianojose.com.br\/wp-content\/uploads\/2023\/02\/gd_1ddde384b04b.jpeg","datePublished":"2023-02-24T14:49:14+00:00","dateModified":"2023-02-24T14:49:32+00:00","breadcrumb":{"@id":"https:\/\/soldadoadrianojose.com.br\/index.php\/2023\/02\/24\/prefeitura-inaugura-centro-de-controle-integrado-da-guarda-civil-municipal-nesta-sexta-feira-24\/#breadcrumb"},"inLanguage":"pt-BR","potentialAction":[{"@type":"ReadAction","target":["https:\/\/soldadoadrianojose.com.br\/index.php\/2023\/02\/24\/prefeitura-inaugura-centro-de-controle-integrado-da-guarda-civil-municipal-nesta-sexta-feira-24\/"]}]},{"@type":"ImageObject","inLanguage":"pt-BR","@id":"https:\/\/soldadoadrianojose.com.br\/index.php\/2023\/02\/24\/prefeitura-inaugura-centro-de-controle-integrado-da-guarda-civil-municipal-nesta-sexta-feira-24\/#primaryimage","url":"https:\/\/soldadoadrianojose.com.br\/wp-content\/uploads\/2023\/02\/gd_1ddde384b04b.jpeg","contentUrl":"https:\/\/soldadoadrianojose.com.br\/wp-content\/uploads\/2023\/02\/gd_1ddde384b04b.jpeg","width":960,"height":641},{"@type":"BreadcrumbList","@id":"https:\/\/soldadoadrianojose.com.br\/index.php\/2023\/02\/24\/prefeitura-inaugura-centro-de-controle-integrado-da-guarda-civil-municipal-nesta-sexta-feira-24\/#breadcrumb","itemListElement":[{"@type":"ListItem","position":1,"name":"In\u00edcio","item":"https:\/\/soldadoadrianojose.com.br\/"},{"@type":"ListItem","position":2,"name":"Prefeitura inaugura Centro de Controle Integrado da Guarda Civil Municipal nesta sexta-feira, 24"}]},{"@type":"WebSite","@id":"https:\/\/soldadoadrianojose.com.br\/#website","url":"https:\/\/soldadoadrianojose.com.br\/","name":"Deputado Adriano Jos\u00e9","description":"Nosso trabalho \u00e9 pelas pessoas","publisher":{"@id":"https:\/\/soldadoadrianojose.com.br\/#\/schema\/person\/16f8e8defb7a4bd6c6082efcd1bdb6bb"},"potentialAction":[{"@type":"SearchAction","target":{"@type":"EntryPoint","urlTemplate":"https:\/\/soldadoadrianojose.com.br\/?s={search_term_string}"},"query-input":{"@type":"PropertyValueSpecification","valueRequired":true,"valueName":"search_term_string"}}],"inLanguage":"pt-BR"},{"@type":["Person","Organization"],"@id":"https:\/\/soldadoadrianojose.com.br\/#\/schema\/person\/16f8e8defb7a4bd6c6082efcd1bdb6bb","name":"soldadoadrianojose","image":{"@type":"ImageObject","inLanguage":"pt-BR","@id":"https:\/\/soldadoadrianojose.com.br\/wp-content\/uploads\/2023\/02\/LOGO_CLEAR-5.png","url":"https:\/\/soldadoadrianojose.com.br\/wp-content\/uploads\/2023\/02\/LOGO_CLEAR-5.png","contentUrl":"https:\/\/soldadoadrianojose.com.br\/wp-content\/uploads\/2023\/02\/LOGO_CLEAR-5.png","width":3508,"height":998,"caption":"soldadoadrianojose"},"logo":{"@id":"https:\/\/soldadoadrianojose.com.br\/wp-content\/uploads\/2023\/02\/LOGO_CLEAR-5.png"},"sameAs":["https:\/\/soldadoadrianojose.com.br"],"url":"https:\/\/soldadoadrianojose.com.br\/index.php\/author\/soldadoadrianojose\/"}]}},"jetpack_featured_media_url":"https:\/\/soldadoadrianojose.com.br\/wp-content\/uploads\/2023\/02\/gd_1ddde384b04b.jpeg","_links":{"self":[{"href":"https:\/\/soldadoadrianojose.com.br\/index.php\/wp-json\/wp\/v2\/posts\/29","targetHints":{"allow":["GET"]}}],"collection":[{"href":"https:\/\/soldadoadrianojose.com.br\/index.php\/wp-json\/wp\/v2\/posts"}],"about":[{"href":"https:\/\/soldadoadrianojose.com.br\/index.php\/wp-json\/wp\/v2\/types\/post"}],"author":[{"embeddable":true,"href":"https:\/\/soldadoadrianojose.com.br\/index.php\/wp-json\/wp\/v2\/users\/1"}],"replies":[{"embeddable":true,"href":"https:\/\/soldadoadrianojose.com.br\/index.php\/wp-json\/wp\/v2\/comments?post=29"}],"version-history":[{"count":1,"href":"https:\/\/soldadoadrianojose.com.br\/index.php\/wp-json\/wp\/v2\/posts\/29\/revisions"}],"predecessor-version":[{"id":30,"href":"https:\/\/soldadoadrianojose.com.br\/index.php\/wp-json\/wp\/v2\/posts\/29\/revisions\/30"}],"wp:featuredmedia":[{"embeddable":true,"href":"https:\/\/soldadoadrianojose.com.br\/index.php\/wp-json\/wp\/v2\/media\/31"}],"wp:attachment":[{"href":"https:\/\/soldadoadrianojose.com.br\/index.php\/wp-json\/wp\/v2\/media?parent=29"}],"wp:term":[{"taxonomy":"category","embeddable":true,"href":"https:\/\/soldadoadrianojose.com.br\/index.php\/wp-json\/wp\/v2\/categories?post=29"},{"taxonomy":"post_tag","embeddable":true,"href":"https:\/\/soldadoadrianojose.com.br\/index.php\/wp-json\/wp\/v2\/tags?post=29"}],"curies":[{"name":"wp","href":"https:\/\/api.w.org\/{rel}","templated":true}]}}