{"id":2923,"date":"2025-07-29T20:14:25","date_gmt":"2025-07-29T23:14:25","guid":{"rendered":"https:\/\/soldadoadrianojose.com.br\/?p=2923"},"modified":"2025-07-29T20:51:29","modified_gmt":"2025-07-29T23:51:29","slug":"secretario-everson-carvalho-participa-do-programa-conexao-com-o-deputado-adriano-jose","status":"publish","type":"post","link":"https:\/\/soldadoadrianojose.com.br\/index.php\/2025\/07\/29\/secretario-everson-carvalho-participa-do-programa-conexao-com-o-deputado-adriano-jose\/","title":{"rendered":"Secret\u00e1rio Everson Carvalho participa do programa Conex\u00e3o com o deputado Adriano Jos\u00e9"},"content":{"rendered":"\n<p>O programa Conex\u00e3o, apresentado pelo deputado estadual Adriano Jos\u00e9, recebeu nesta semana o secret\u00e1rio de Bem-Estar Animal de Maring\u00e1, Everson Carvalho, para uma conversa especial sobre o trabalho desenvolvido pela pasta e os desafios enfrentados na prote\u00e7\u00e3o e cuidado dos animais no munic\u00edpio.<\/p>\n\n\n\n<p>Logo no in\u00edcio, Adriano Jos\u00e9 destacou a admira\u00e7\u00e3o que tem pelo secret\u00e1rio. \u201c\u00c9 uma honra receber aqui o Everson, que tem uma trajet\u00f3ria de vida admir\u00e1vel e tem desempenhado um trabalho extraordin\u00e1rio \u00e0 frente da secretaria\u201d, afirmou o deputado.<\/p>\n\n\n\n<p>VEJA A ENTREVISTA COMPLETA:<\/p>\n\n\n\n<figure class=\"wp-block-embed is-type-video is-provider-youtube wp-block-embed-youtube wp-embed-aspect-16-9 wp-has-aspect-ratio\"><div class=\"wp-block-embed__wrapper\">\n<div  id=\"_ytid_15316\"  width=\"800\" height=\"450\"  data-origwidth=\"800\" data-origheight=\"450\" data-facadesrc=\"https:\/\/www.youtube.com\/embed\/icbcNU8tFmw?enablejsapi=1&#038;autoplay=0&#038;cc_load_policy=0&#038;cc_lang_pref=&#038;iv_load_policy=1&#038;loop=0&#038;rel=1&#038;fs=1&#038;playsinline=0&#038;autohide=2&#038;theme=dark&#038;color=red&#038;controls=1&#038;disablekb=0&#038;\" class=\"__youtube_prefs__ epyt-facade epyt-is-override  no-lazyload\" data-epautoplay=\"1\" ><img decoding=\"async\" data-spai-excluded=\"true\" class=\"epyt-facade-poster skip-lazy\" loading=\"lazy\"  alt=\"YouTube player\"  src=\"https:\/\/i.ytimg.com\/vi\/icbcNU8tFmw\/maxresdefault.jpg\"  \/><button class=\"epyt-facade-play\" aria-label=\"Play\"><svg data-no-lazy=\"1\" height=\"100%\" version=\"1.1\" viewBox=\"0 0 68 48\" width=\"100%\"><path class=\"ytp-large-play-button-bg\" d=\"M66.52,7.74c-0.78-2.93-2.49-5.41-5.42-6.19C55.79,.13,34,0,34,0S12.21,.13,6.9,1.55 C3.97,2.33,2.27,4.81,1.48,7.74C0.06,13.05,0,24,0,24s0.06,10.95,1.48,16.26c0.78,2.93,2.49,5.41,5.42,6.19 C12.21,47.87,34,48,34,48s21.79-0.13,27.1-1.55c2.93-0.78,4.64-3.26,5.42-6.19C67.94,34.95,68,24,68,24S67.94,13.05,66.52,7.74z\" fill=\"#f00\"><\/path><path d=\"M 45,24 27,14 27,34\" fill=\"#fff\"><\/path><\/svg><\/button><\/div>\n<\/div><\/figure>\n\n\n\n<p>Durante a entrevista, Everson explicou as principais atribui\u00e7\u00f5es da Secretaria do Bem-Estar Animal, que conta com cerca de 30 servidores entre efetivos e estagi\u00e1rios. A equipe atua no atendimento e cuidado de animais abandonados e v\u00edtimas de maus-tratos, oferecendo suporte cl\u00ednico e promovendo a\u00e7\u00f5es de resgate em situa\u00e7\u00f5es emergenciais.<\/p>\n\n\n\n<p>Segundo o secret\u00e1rio, desde o in\u00edcio da atual gest\u00e3o j\u00e1 foram realizadas mais de 700 fiscaliza\u00e7\u00f5es in loco. \u201cInfelizmente, todo dia temos casos de abandono, maus-tratos e atropelamentos. Ap\u00f3s a pandemia, isso cresceu muito\u201d, lamentou.<\/p>\n\n\n\n<p>Everson tamb\u00e9m alertou sobre o abandono frequente em regi\u00f5es de divisa com outros munic\u00edpios. \u201cAs pessoas colocam os animais em carros e os deixam em \u00e1reas ermas, com pouca ilumina\u00e7\u00e3o ou pr\u00f3ximas a matas. \u00c9 uma realidade triste\u201d, disse.<\/p>\n\n\n\n<p>Apesar das dificuldades, a secretaria busca solu\u00e7\u00f5es humanizadas, como o apoio a tutores que precisam encontrar novos lares para seus animais. \u201cSe a pessoa n\u00e3o pode mais cuidar do seu pet, pode nos procurar que tentaremos apoio junto a ONGs e protetores para viabilizar a ado\u00e7\u00e3o respons\u00e1vel. Mas o tutor continua sendo o respons\u00e1vel legal e, se abandonar o animal, poder\u00e1 ser multado\u201d, refor\u00e7ou.<\/p>\n\n\n\n<p>Sobre den\u00fancias de maus-tratos, Everson explicou que a secretaria atua em parceria com a Guarda Municipal, Pol\u00edcia Militar, Corpo de Bombeiros e conta com suporte t\u00e9cnico de m\u00e9dicos veterin\u00e1rios. \u201cConstatada a situa\u00e7\u00e3o, o animal \u00e9 resgatado, recebe atendimento cl\u00ednico e, se estiver em condi\u00e7\u00f5es, \u00e9 encaminhado para ado\u00e7\u00e3o\u201d, explicou.<\/p>\n\n\n\n<p>Ao final da entrevista, o secret\u00e1rio deixou o contato da Secretaria de Bem-Estar Animal para a popula\u00e7\u00e3o: (44) 3127-5152.<\/p>\n","protected":false},"excerpt":{"rendered":"<p>O programa Conex\u00e3o, apresentado pelo deputado estadual Adriano Jos\u00e9, recebeu nesta semana o secret\u00e1rio de Bem-Estar Animal de Maring\u00e1, Everson Carvalho, para uma conversa especial sobre o trabalho desenvolvido pela pasta e os desafios enfrentados na prote\u00e7\u00e3o e cuidado dos animais no munic\u00edpio. Logo no in\u00edcio, Adriano Jos\u00e9 destacou a admira\u00e7\u00e3o que tem pelo secret\u00e1rio. [&hellip;]<\/p>\n","protected":false},"author":1,"featured_media":2924,"comment_status":"open","ping_status":"open","sticky":false,"template":"","format":"standard","meta":{"footnotes":""},"categories":[88],"tags":[],"class_list":["post-2923","post","type-post","status-publish","format-standard","has-post-thumbnail","hentry","category-programa-conexao"],"yoast_head":"<!-- This site is optimized with the Yoast SEO plugin v27.4 - https:\/\/yoast.com\/product\/yoast-seo-wordpress\/ -->\n<title>Secret\u00e1rio Everson Carvalho participa do programa Conex\u00e3o com o deputado Adriano Jos\u00e9 - Deputado Adriano Jos\u00e9<\/title>\n<meta name=\"robots\" content=\"index, follow, max-snippet:-1, max-image-preview:large, max-video-preview:-1\" \/>\n<link rel=\"canonical\" href=\"https:\/\/soldadoadrianojose.com.br\/index.php\/2025\/07\/29\/secretario-everson-carvalho-participa-do-programa-conexao-com-o-deputado-adriano-jose\/\" \/>\n<meta property=\"og:locale\" content=\"pt_BR\" \/>\n<meta property=\"og:type\" content=\"article\" \/>\n<meta property=\"og:title\" content=\"Secret\u00e1rio Everson Carvalho participa do programa Conex\u00e3o com o deputado Adriano Jos\u00e9 - Deputado Adriano Jos\u00e9\" \/>\n<meta property=\"og:description\" content=\"O programa Conex\u00e3o, apresentado pelo deputado estadual Adriano Jos\u00e9, recebeu nesta semana o secret\u00e1rio de Bem-Estar Animal de Maring\u00e1, Everson Carvalho, para uma conversa especial sobre o trabalho desenvolvido pela pasta e os desafios enfrentados na prote\u00e7\u00e3o e cuidado dos animais no munic\u00edpio. Logo no in\u00edcio, Adriano Jos\u00e9 destacou a admira\u00e7\u00e3o que tem pelo secret\u00e1rio. [&hellip;]\" \/>\n<meta property=\"og:url\" content=\"https:\/\/soldadoadrianojose.com.br\/index.php\/2025\/07\/29\/secretario-everson-carvalho-participa-do-programa-conexao-com-o-deputado-adriano-jose\/\" \/>\n<meta property=\"og:site_name\" content=\"Deputado Adriano Jos\u00e9\" \/>\n<meta property=\"article:published_time\" content=\"2025-07-29T23:14:25+00:00\" \/>\n<meta property=\"article:modified_time\" content=\"2025-07-29T23:51:29+00:00\" \/>\n<meta property=\"og:image\" content=\"https:\/\/soldadoadrianojose.com.br\/wp-content\/uploads\/2025\/07\/3-Entrevista-com-Secretario-de-Bem-estar-animal-de-Maringa-Everson-Carvalho-YouTube.png\" \/>\n\t<meta property=\"og:image:width\" content=\"1225\" \/>\n\t<meta property=\"og:image:height\" content=\"678\" \/>\n\t<meta property=\"og:image:type\" content=\"image\/png\" \/>\n<meta name=\"author\" content=\"soldadoadrianojose\" \/>\n<meta name=\"twitter:card\" content=\"summary_large_image\" \/>\n<meta name=\"twitter:label1\" content=\"Escrito por\" \/>\n\t<meta name=\"twitter:data1\" content=\"soldadoadrianojose\" \/>\n\t<meta name=\"twitter:label2\" content=\"Est. tempo de leitura\" \/>\n\t<meta name=\"twitter:data2\" content=\"3 minutos\" \/>\n<script type=\"application\/ld+json\" class=\"yoast-schema-graph\">{\"@context\":\"https:\\\/\\\/schema.org\",\"@graph\":[{\"@type\":\"Article\",\"@id\":\"https:\\\/\\\/soldadoadrianojose.com.br\\\/index.php\\\/2025\\\/07\\\/29\\\/secretario-everson-carvalho-participa-do-programa-conexao-com-o-deputado-adriano-jose\\\/#article\",\"isPartOf\":{\"@id\":\"https:\\\/\\\/soldadoadrianojose.com.br\\\/index.php\\\/2025\\\/07\\\/29\\\/secretario-everson-carvalho-participa-do-programa-conexao-com-o-deputado-adriano-jose\\\/\"},\"author\":{\"name\":\"soldadoadrianojose\",\"@id\":\"https:\\\/\\\/soldadoadrianojose.com.br\\\/#\\\/schema\\\/person\\\/16f8e8defb7a4bd6c6082efcd1bdb6bb\"},\"headline\":\"Secret\u00e1rio Everson Carvalho participa do programa Conex\u00e3o com o deputado Adriano Jos\u00e9\",\"datePublished\":\"2025-07-29T23:14:25+00:00\",\"dateModified\":\"2025-07-29T23:51:29+00:00\",\"mainEntityOfPage\":{\"@id\":\"https:\\\/\\\/soldadoadrianojose.com.br\\\/index.php\\\/2025\\\/07\\\/29\\\/secretario-everson-carvalho-participa-do-programa-conexao-com-o-deputado-adriano-jose\\\/\"},\"wordCount\":401,\"commentCount\":0,\"publisher\":{\"@id\":\"https:\\\/\\\/soldadoadrianojose.com.br\\\/#\\\/schema\\\/person\\\/16f8e8defb7a4bd6c6082efcd1bdb6bb\"},\"image\":{\"@id\":\"https:\\\/\\\/soldadoadrianojose.com.br\\\/index.php\\\/2025\\\/07\\\/29\\\/secretario-everson-carvalho-participa-do-programa-conexao-com-o-deputado-adriano-jose\\\/#primaryimage\"},\"thumbnailUrl\":\"https:\\\/\\\/soldadoadrianojose.com.br\\\/wp-content\\\/uploads\\\/2025\\\/07\\\/3-Entrevista-com-Secretario-de-Bem-estar-animal-de-Maringa-Everson-Carvalho-YouTube.png\",\"articleSection\":[\"PROGRAMA CONEX\u00c3O\"],\"inLanguage\":\"pt-BR\",\"potentialAction\":[{\"@type\":\"CommentAction\",\"name\":\"Comment\",\"target\":[\"https:\\\/\\\/soldadoadrianojose.com.br\\\/index.php\\\/2025\\\/07\\\/29\\\/secretario-everson-carvalho-participa-do-programa-conexao-com-o-deputado-adriano-jose\\\/#respond\"]}]},{\"@type\":\"WebPage\",\"@id\":\"https:\\\/\\\/soldadoadrianojose.com.br\\\/index.php\\\/2025\\\/07\\\/29\\\/secretario-everson-carvalho-participa-do-programa-conexao-com-o-deputado-adriano-jose\\\/\",\"url\":\"https:\\\/\\\/soldadoadrianojose.com.br\\\/index.php\\\/2025\\\/07\\\/29\\\/secretario-everson-carvalho-participa-do-programa-conexao-com-o-deputado-adriano-jose\\\/\",\"name\":\"Secret\u00e1rio Everson Carvalho participa do programa Conex\u00e3o com o deputado Adriano Jos\u00e9 - Deputado Adriano Jos\u00e9\",\"isPartOf\":{\"@id\":\"https:\\\/\\\/soldadoadrianojose.com.br\\\/#website\"},\"primaryImageOfPage\":{\"@id\":\"https:\\\/\\\/soldadoadrianojose.com.br\\\/index.php\\\/2025\\\/07\\\/29\\\/secretario-everson-carvalho-participa-do-programa-conexao-com-o-deputado-adriano-jose\\\/#primaryimage\"},\"image\":{\"@id\":\"https:\\\/\\\/soldadoadrianojose.com.br\\\/index.php\\\/2025\\\/07\\\/29\\\/secretario-everson-carvalho-participa-do-programa-conexao-com-o-deputado-adriano-jose\\\/#primaryimage\"},\"thumbnailUrl\":\"https:\\\/\\\/soldadoadrianojose.com.br\\\/wp-content\\\/uploads\\\/2025\\\/07\\\/3-Entrevista-com-Secretario-de-Bem-estar-animal-de-Maringa-Everson-Carvalho-YouTube.png\",\"datePublished\":\"2025-07-29T23:14:25+00:00\",\"dateModified\":\"2025-07-29T23:51:29+00:00\",\"breadcrumb\":{\"@id\":\"https:\\\/\\\/soldadoadrianojose.com.br\\\/index.php\\\/2025\\\/07\\\/29\\\/secretario-everson-carvalho-participa-do-programa-conexao-com-o-deputado-adriano-jose\\\/#breadcrumb\"},\"inLanguage\":\"pt-BR\",\"potentialAction\":[{\"@type\":\"ReadAction\",\"target\":[\"https:\\\/\\\/soldadoadrianojose.com.br\\\/index.php\\\/2025\\\/07\\\/29\\\/secretario-everson-carvalho-participa-do-programa-conexao-com-o-deputado-adriano-jose\\\/\"]}]},{\"@type\":\"ImageObject\",\"inLanguage\":\"pt-BR\",\"@id\":\"https:\\\/\\\/soldadoadrianojose.com.br\\\/index.php\\\/2025\\\/07\\\/29\\\/secretario-everson-carvalho-participa-do-programa-conexao-com-o-deputado-adriano-jose\\\/#primaryimage\",\"url\":\"https:\\\/\\\/soldadoadrianojose.com.br\\\/wp-content\\\/uploads\\\/2025\\\/07\\\/3-Entrevista-com-Secretario-de-Bem-estar-animal-de-Maringa-Everson-Carvalho-YouTube.png\",\"contentUrl\":\"https:\\\/\\\/soldadoadrianojose.com.br\\\/wp-content\\\/uploads\\\/2025\\\/07\\\/3-Entrevista-com-Secretario-de-Bem-estar-animal-de-Maringa-Everson-Carvalho-YouTube.png\",\"width\":1225,\"height\":678},{\"@type\":\"BreadcrumbList\",\"@id\":\"https:\\\/\\\/soldadoadrianojose.com.br\\\/index.php\\\/2025\\\/07\\\/29\\\/secretario-everson-carvalho-participa-do-programa-conexao-com-o-deputado-adriano-jose\\\/#breadcrumb\",\"itemListElement\":[{\"@type\":\"ListItem\",\"position\":1,\"name\":\"In\u00edcio\",\"item\":\"https:\\\/\\\/soldadoadrianojose.com.br\\\/\"},{\"@type\":\"ListItem\",\"position\":2,\"name\":\"Secret\u00e1rio Everson Carvalho participa do programa Conex\u00e3o com o deputado Adriano Jos\u00e9\"}]},{\"@type\":\"WebSite\",\"@id\":\"https:\\\/\\\/soldadoadrianojose.com.br\\\/#website\",\"url\":\"https:\\\/\\\/soldadoadrianojose.com.br\\\/\",\"name\":\"Deputado Adriano Jos\u00e9\",\"description\":\"Nosso trabalho \u00e9 pelas pessoas\",\"publisher\":{\"@id\":\"https:\\\/\\\/soldadoadrianojose.com.br\\\/#\\\/schema\\\/person\\\/16f8e8defb7a4bd6c6082efcd1bdb6bb\"},\"potentialAction\":[{\"@type\":\"SearchAction\",\"target\":{\"@type\":\"EntryPoint\",\"urlTemplate\":\"https:\\\/\\\/soldadoadrianojose.com.br\\\/?s={search_term_string}\"},\"query-input\":{\"@type\":\"PropertyValueSpecification\",\"valueRequired\":true,\"valueName\":\"search_term_string\"}}],\"inLanguage\":\"pt-BR\"},{\"@type\":[\"Person\",\"Organization\"],\"@id\":\"https:\\\/\\\/soldadoadrianojose.com.br\\\/#\\\/schema\\\/person\\\/16f8e8defb7a4bd6c6082efcd1bdb6bb\",\"name\":\"soldadoadrianojose\",\"image\":{\"@type\":\"ImageObject\",\"inLanguage\":\"pt-BR\",\"@id\":\"https:\\\/\\\/soldadoadrianojose.com.br\\\/wp-content\\\/uploads\\\/2023\\\/02\\\/LOGO_CLEAR-5.png\",\"url\":\"https:\\\/\\\/soldadoadrianojose.com.br\\\/wp-content\\\/uploads\\\/2023\\\/02\\\/LOGO_CLEAR-5.png\",\"contentUrl\":\"https:\\\/\\\/soldadoadrianojose.com.br\\\/wp-content\\\/uploads\\\/2023\\\/02\\\/LOGO_CLEAR-5.png\",\"width\":3508,\"height\":998,\"caption\":\"soldadoadrianojose\"},\"logo\":{\"@id\":\"https:\\\/\\\/soldadoadrianojose.com.br\\\/wp-content\\\/uploads\\\/2023\\\/02\\\/LOGO_CLEAR-5.png\"},\"sameAs\":[\"https:\\\/\\\/soldadoadrianojose.com.br\"],\"url\":\"https:\\\/\\\/soldadoadrianojose.com.br\\\/index.php\\\/author\\\/soldadoadrianojose\\\/\"}]}<\/script>\n<!-- \/ Yoast SEO plugin. -->","yoast_head_json":{"title":"Secret\u00e1rio Everson Carvalho participa do programa Conex\u00e3o com o deputado Adriano Jos\u00e9 - Deputado Adriano Jos\u00e9","robots":{"index":"index","follow":"follow","max-snippet":"max-snippet:-1","max-image-preview":"max-image-preview:large","max-video-preview":"max-video-preview:-1"},"canonical":"https:\/\/soldadoadrianojose.com.br\/index.php\/2025\/07\/29\/secretario-everson-carvalho-participa-do-programa-conexao-com-o-deputado-adriano-jose\/","og_locale":"pt_BR","og_type":"article","og_title":"Secret\u00e1rio Everson Carvalho participa do programa Conex\u00e3o com o deputado Adriano Jos\u00e9 - Deputado Adriano Jos\u00e9","og_description":"O programa Conex\u00e3o, apresentado pelo deputado estadual Adriano Jos\u00e9, recebeu nesta semana o secret\u00e1rio de Bem-Estar Animal de Maring\u00e1, Everson Carvalho, para uma conversa especial sobre o trabalho desenvolvido pela pasta e os desafios enfrentados na prote\u00e7\u00e3o e cuidado dos animais no munic\u00edpio. Logo no in\u00edcio, Adriano Jos\u00e9 destacou a admira\u00e7\u00e3o que tem pelo secret\u00e1rio. [&hellip;]","og_url":"https:\/\/soldadoadrianojose.com.br\/index.php\/2025\/07\/29\/secretario-everson-carvalho-participa-do-programa-conexao-com-o-deputado-adriano-jose\/","og_site_name":"Deputado Adriano Jos\u00e9","article_published_time":"2025-07-29T23:14:25+00:00","article_modified_time":"2025-07-29T23:51:29+00:00","og_image":[{"width":1225,"height":678,"url":"https:\/\/soldadoadrianojose.com.br\/wp-content\/uploads\/2025\/07\/3-Entrevista-com-Secretario-de-Bem-estar-animal-de-Maringa-Everson-Carvalho-YouTube.png","type":"image\/png"}],"author":"soldadoadrianojose","twitter_card":"summary_large_image","twitter_misc":{"Escrito por":"soldadoadrianojose","Est. tempo de leitura":"3 minutos"},"schema":{"@context":"https:\/\/schema.org","@graph":[{"@type":"Article","@id":"https:\/\/soldadoadrianojose.com.br\/index.php\/2025\/07\/29\/secretario-everson-carvalho-participa-do-programa-conexao-com-o-deputado-adriano-jose\/#article","isPartOf":{"@id":"https:\/\/soldadoadrianojose.com.br\/index.php\/2025\/07\/29\/secretario-everson-carvalho-participa-do-programa-conexao-com-o-deputado-adriano-jose\/"},"author":{"name":"soldadoadrianojose","@id":"https:\/\/soldadoadrianojose.com.br\/#\/schema\/person\/16f8e8defb7a4bd6c6082efcd1bdb6bb"},"headline":"Secret\u00e1rio Everson Carvalho participa do programa Conex\u00e3o com o deputado Adriano Jos\u00e9","datePublished":"2025-07-29T23:14:25+00:00","dateModified":"2025-07-29T23:51:29+00:00","mainEntityOfPage":{"@id":"https:\/\/soldadoadrianojose.com.br\/index.php\/2025\/07\/29\/secretario-everson-carvalho-participa-do-programa-conexao-com-o-deputado-adriano-jose\/"},"wordCount":401,"commentCount":0,"publisher":{"@id":"https:\/\/soldadoadrianojose.com.br\/#\/schema\/person\/16f8e8defb7a4bd6c6082efcd1bdb6bb"},"image":{"@id":"https:\/\/soldadoadrianojose.com.br\/index.php\/2025\/07\/29\/secretario-everson-carvalho-participa-do-programa-conexao-com-o-deputado-adriano-jose\/#primaryimage"},"thumbnailUrl":"https:\/\/soldadoadrianojose.com.br\/wp-content\/uploads\/2025\/07\/3-Entrevista-com-Secretario-de-Bem-estar-animal-de-Maringa-Everson-Carvalho-YouTube.png","articleSection":["PROGRAMA CONEX\u00c3O"],"inLanguage":"pt-BR","potentialAction":[{"@type":"CommentAction","name":"Comment","target":["https:\/\/soldadoadrianojose.com.br\/index.php\/2025\/07\/29\/secretario-everson-carvalho-participa-do-programa-conexao-com-o-deputado-adriano-jose\/#respond"]}]},{"@type":"WebPage","@id":"https:\/\/soldadoadrianojose.com.br\/index.php\/2025\/07\/29\/secretario-everson-carvalho-participa-do-programa-conexao-com-o-deputado-adriano-jose\/","url":"https:\/\/soldadoadrianojose.com.br\/index.php\/2025\/07\/29\/secretario-everson-carvalho-participa-do-programa-conexao-com-o-deputado-adriano-jose\/","name":"Secret\u00e1rio Everson Carvalho participa do programa Conex\u00e3o com o deputado Adriano Jos\u00e9 - Deputado Adriano Jos\u00e9","isPartOf":{"@id":"https:\/\/soldadoadrianojose.com.br\/#website"},"primaryImageOfPage":{"@id":"https:\/\/soldadoadrianojose.com.br\/index.php\/2025\/07\/29\/secretario-everson-carvalho-participa-do-programa-conexao-com-o-deputado-adriano-jose\/#primaryimage"},"image":{"@id":"https:\/\/soldadoadrianojose.com.br\/index.php\/2025\/07\/29\/secretario-everson-carvalho-participa-do-programa-conexao-com-o-deputado-adriano-jose\/#primaryimage"},"thumbnailUrl":"https:\/\/soldadoadrianojose.com.br\/wp-content\/uploads\/2025\/07\/3-Entrevista-com-Secretario-de-Bem-estar-animal-de-Maringa-Everson-Carvalho-YouTube.png","datePublished":"2025-07-29T23:14:25+00:00","dateModified":"2025-07-29T23:51:29+00:00","breadcrumb":{"@id":"https:\/\/soldadoadrianojose.com.br\/index.php\/2025\/07\/29\/secretario-everson-carvalho-participa-do-programa-conexao-com-o-deputado-adriano-jose\/#breadcrumb"},"inLanguage":"pt-BR","potentialAction":[{"@type":"ReadAction","target":["https:\/\/soldadoadrianojose.com.br\/index.php\/2025\/07\/29\/secretario-everson-carvalho-participa-do-programa-conexao-com-o-deputado-adriano-jose\/"]}]},{"@type":"ImageObject","inLanguage":"pt-BR","@id":"https:\/\/soldadoadrianojose.com.br\/index.php\/2025\/07\/29\/secretario-everson-carvalho-participa-do-programa-conexao-com-o-deputado-adriano-jose\/#primaryimage","url":"https:\/\/soldadoadrianojose.com.br\/wp-content\/uploads\/2025\/07\/3-Entrevista-com-Secretario-de-Bem-estar-animal-de-Maringa-Everson-Carvalho-YouTube.png","contentUrl":"https:\/\/soldadoadrianojose.com.br\/wp-content\/uploads\/2025\/07\/3-Entrevista-com-Secretario-de-Bem-estar-animal-de-Maringa-Everson-Carvalho-YouTube.png","width":1225,"height":678},{"@type":"BreadcrumbList","@id":"https:\/\/soldadoadrianojose.com.br\/index.php\/2025\/07\/29\/secretario-everson-carvalho-participa-do-programa-conexao-com-o-deputado-adriano-jose\/#breadcrumb","itemListElement":[{"@type":"ListItem","position":1,"name":"In\u00edcio","item":"https:\/\/soldadoadrianojose.com.br\/"},{"@type":"ListItem","position":2,"name":"Secret\u00e1rio Everson Carvalho participa do programa Conex\u00e3o com o deputado Adriano Jos\u00e9"}]},{"@type":"WebSite","@id":"https:\/\/soldadoadrianojose.com.br\/#website","url":"https:\/\/soldadoadrianojose.com.br\/","name":"Deputado Adriano Jos\u00e9","description":"Nosso trabalho \u00e9 pelas pessoas","publisher":{"@id":"https:\/\/soldadoadrianojose.com.br\/#\/schema\/person\/16f8e8defb7a4bd6c6082efcd1bdb6bb"},"potentialAction":[{"@type":"SearchAction","target":{"@type":"EntryPoint","urlTemplate":"https:\/\/soldadoadrianojose.com.br\/?s={search_term_string}"},"query-input":{"@type":"PropertyValueSpecification","valueRequired":true,"valueName":"search_term_string"}}],"inLanguage":"pt-BR"},{"@type":["Person","Organization"],"@id":"https:\/\/soldadoadrianojose.com.br\/#\/schema\/person\/16f8e8defb7a4bd6c6082efcd1bdb6bb","name":"soldadoadrianojose","image":{"@type":"ImageObject","inLanguage":"pt-BR","@id":"https:\/\/soldadoadrianojose.com.br\/wp-content\/uploads\/2023\/02\/LOGO_CLEAR-5.png","url":"https:\/\/soldadoadrianojose.com.br\/wp-content\/uploads\/2023\/02\/LOGO_CLEAR-5.png","contentUrl":"https:\/\/soldadoadrianojose.com.br\/wp-content\/uploads\/2023\/02\/LOGO_CLEAR-5.png","width":3508,"height":998,"caption":"soldadoadrianojose"},"logo":{"@id":"https:\/\/soldadoadrianojose.com.br\/wp-content\/uploads\/2023\/02\/LOGO_CLEAR-5.png"},"sameAs":["https:\/\/soldadoadrianojose.com.br"],"url":"https:\/\/soldadoadrianojose.com.br\/index.php\/author\/soldadoadrianojose\/"}]}},"jetpack_featured_media_url":"https:\/\/soldadoadrianojose.com.br\/wp-content\/uploads\/2025\/07\/3-Entrevista-com-Secretario-de-Bem-estar-animal-de-Maringa-Everson-Carvalho-YouTube.png","_links":{"self":[{"href":"https:\/\/soldadoadrianojose.com.br\/index.php\/wp-json\/wp\/v2\/posts\/2923","targetHints":{"allow":["GET"]}}],"collection":[{"href":"https:\/\/soldadoadrianojose.com.br\/index.php\/wp-json\/wp\/v2\/posts"}],"about":[{"href":"https:\/\/soldadoadrianojose.com.br\/index.php\/wp-json\/wp\/v2\/types\/post"}],"author":[{"embeddable":true,"href":"https:\/\/soldadoadrianojose.com.br\/index.php\/wp-json\/wp\/v2\/users\/1"}],"replies":[{"embeddable":true,"href":"https:\/\/soldadoadrianojose.com.br\/index.php\/wp-json\/wp\/v2\/comments?post=2923"}],"version-history":[{"count":2,"href":"https:\/\/soldadoadrianojose.com.br\/index.php\/wp-json\/wp\/v2\/posts\/2923\/revisions"}],"predecessor-version":[{"id":2926,"href":"https:\/\/soldadoadrianojose.com.br\/index.php\/wp-json\/wp\/v2\/posts\/2923\/revisions\/2926"}],"wp:featuredmedia":[{"embeddable":true,"href":"https:\/\/soldadoadrianojose.com.br\/index.php\/wp-json\/wp\/v2\/media\/2924"}],"wp:attachment":[{"href":"https:\/\/soldadoadrianojose.com.br\/index.php\/wp-json\/wp\/v2\/media?parent=2923"}],"wp:term":[{"taxonomy":"category","embeddable":true,"href":"https:\/\/soldadoadrianojose.com.br\/index.php\/wp-json\/wp\/v2\/categories?post=2923"},{"taxonomy":"post_tag","embeddable":true,"href":"https:\/\/soldadoadrianojose.com.br\/index.php\/wp-json\/wp\/v2\/tags?post=2923"}],"curies":[{"name":"wp","href":"https:\/\/api.w.org\/{rel}","templated":true}]}}