{"id":3116,"date":"2025-08-07T23:36:06","date_gmt":"2025-08-08T02:36:06","guid":{"rendered":"https:\/\/soldadoadrianojose.com.br\/?p=3116"},"modified":"2025-08-07T23:36:07","modified_gmt":"2025-08-08T02:36:07","slug":"deputado-adriano-jose-inaugura-viadutos-na-br-376-em-sarandi-ao-lado-do-governador-ratinho-junior","status":"publish","type":"post","link":"https:\/\/soldadoadrianojose.com.br\/index.php\/2025\/08\/07\/deputado-adriano-jose-inaugura-viadutos-na-br-376-em-sarandi-ao-lado-do-governador-ratinho-junior\/","title":{"rendered":"Deputado Adriano Jos\u00e9 inaugura viadutos na BR-376 em Sarandi ao lado do governador Ratinho Junior"},"content":{"rendered":"\n<p>O deputado estadual Adriano Jos\u00e9 inaugurou nesta quarta-feira (6), dois novos viadutos na BR-376, em Sarandi, regi\u00e3o metropolitana de Maring\u00e1. A cerim\u00f4nia contou com a presen\u00e7a do governador Carlos Massa Ratinho Junior, que destacou a import\u00e2ncia da obra para a melhoria da mobilidade urbana e a seguran\u00e7a vi\u00e1ria no munic\u00edpio. Com investimento de R$ 40,1 milh\u00f5es, a interven\u00e7\u00e3o \u00e9 considerada uma das mais relevantes da regi\u00e3o e beneficia diretamente milhares de motoristas e pedestres que trafegam pelo trecho diariamente.<\/p>\n\n\n\n<p>A obra, gerenciada pelo Departamento de Estradas de Rodagem do Paran\u00e1 (DER\/PR), est\u00e1 localizada entre os quil\u00f4metros 181,34 e 182,10 da rodovia, nas imedia\u00e7\u00f5es das avenidas Rio de Janeiro e Brasil. Al\u00e9m dos dois viadutos, o projeto inclui uma passarela met\u00e1lica para pedestres, novo sistema de drenagem, ilumina\u00e7\u00e3o rodovi\u00e1ria, paisagismo e sinaliza\u00e7\u00e3o. \u201cEssas estruturas v\u00e3o resolver um problema hist\u00f3rico de tr\u00e2nsito e acidentes, especialmente em hor\u00e1rios de pico. \u00c9 mais seguran\u00e7a, agilidade e qualidade de vida para os moradores de Sarandi e toda a regi\u00e3o\u201d, afirmou Adriano Jos\u00e9.<\/p>\n\n\n\n<p>Tamb\u00e9m acompanharam a solenidade o deputado federal Sandro Alex, o secret\u00e1rio de Estado das Cidades Guto Silva, o prefeito de Sarandi Carlos de Paula, e os vereadores Bugr\u00e3o Toque de Mestre, F\u00e1bio Balako e Belmiro. Para Adriano Jos\u00e9, a entrega da obra representa o compromisso do Governo do Estado com o desenvolvimento das cidades do interior. \u201cInvestir em infraestrutura \u00e9 preparar o Paran\u00e1 para o futuro. Sarandi est\u00e1 entre as 20 maiores cidades do estado e merece esse olhar atento por parte do poder p\u00fablico\u201d, concluiu o deputado.<\/p>\n","protected":false},"excerpt":{"rendered":"<p>O deputado estadual Adriano Jos\u00e9 inaugurou nesta quarta-feira (6), dois novos viadutos na BR-376, em Sarandi, regi\u00e3o metropolitana de Maring\u00e1. A cerim\u00f4nia contou com a presen\u00e7a do governador Carlos Massa Ratinho Junior, que destacou a import\u00e2ncia da obra para a melhoria da mobilidade urbana e a seguran\u00e7a vi\u00e1ria no munic\u00edpio. Com investimento de R$ 40,1 [&hellip;]<\/p>\n","protected":false},"author":3,"featured_media":3117,"comment_status":"open","ping_status":"open","sticky":false,"template":"","format":"standard","meta":{"footnotes":""},"categories":[73],"tags":[],"class_list":["post-3116","post","type-post","status-publish","format-standard","has-post-thumbnail","hentry","category-sarandi"],"yoast_head":"<!-- This site is optimized with the Yoast SEO plugin v27.4 - https:\/\/yoast.com\/product\/yoast-seo-wordpress\/ -->\n<title>Deputado Adriano Jos\u00e9 inaugura viadutos na BR-376 em Sarandi ao lado do governador Ratinho Junior - Deputado Adriano Jos\u00e9<\/title>\n<meta name=\"robots\" content=\"index, follow, max-snippet:-1, max-image-preview:large, max-video-preview:-1\" \/>\n<link rel=\"canonical\" href=\"https:\/\/soldadoadrianojose.com.br\/index.php\/2025\/08\/07\/deputado-adriano-jose-inaugura-viadutos-na-br-376-em-sarandi-ao-lado-do-governador-ratinho-junior\/\" \/>\n<meta property=\"og:locale\" content=\"pt_BR\" \/>\n<meta property=\"og:type\" content=\"article\" \/>\n<meta property=\"og:title\" content=\"Deputado Adriano Jos\u00e9 inaugura viadutos na BR-376 em Sarandi ao lado do governador Ratinho Junior - Deputado Adriano Jos\u00e9\" \/>\n<meta property=\"og:description\" content=\"O deputado estadual Adriano Jos\u00e9 inaugurou nesta quarta-feira (6), dois novos viadutos na BR-376, em Sarandi, regi\u00e3o metropolitana de Maring\u00e1. A cerim\u00f4nia contou com a presen\u00e7a do governador Carlos Massa Ratinho Junior, que destacou a import\u00e2ncia da obra para a melhoria da mobilidade urbana e a seguran\u00e7a vi\u00e1ria no munic\u00edpio. Com investimento de R$ 40,1 [&hellip;]\" \/>\n<meta property=\"og:url\" content=\"https:\/\/soldadoadrianojose.com.br\/index.php\/2025\/08\/07\/deputado-adriano-jose-inaugura-viadutos-na-br-376-em-sarandi-ao-lado-do-governador-ratinho-junior\/\" \/>\n<meta property=\"og:site_name\" content=\"Deputado Adriano Jos\u00e9\" \/>\n<meta property=\"article:published_time\" content=\"2025-08-08T02:36:06+00:00\" \/>\n<meta property=\"article:modified_time\" content=\"2025-08-08T02:36:07+00:00\" \/>\n<meta property=\"og:image\" content=\"https:\/\/soldadoadrianojose.com.br\/wp-content\/uploads\/2025\/08\/WhatsApp-Image-2025-08-07-at-23.31.43.jpeg\" \/>\n\t<meta property=\"og:image:width\" content=\"1600\" \/>\n\t<meta property=\"og:image:height\" content=\"1553\" \/>\n\t<meta property=\"og:image:type\" content=\"image\/jpeg\" \/>\n<meta name=\"author\" content=\"Emanuellig admin2\" \/>\n<meta name=\"twitter:card\" content=\"summary_large_image\" \/>\n<meta name=\"twitter:label1\" content=\"Escrito por\" \/>\n\t<meta name=\"twitter:data1\" content=\"Emanuellig admin2\" \/>\n\t<meta name=\"twitter:label2\" content=\"Est. tempo de leitura\" \/>\n\t<meta name=\"twitter:data2\" content=\"2 minutos\" \/>\n<script type=\"application\/ld+json\" class=\"yoast-schema-graph\">{\"@context\":\"https:\\\/\\\/schema.org\",\"@graph\":[{\"@type\":\"Article\",\"@id\":\"https:\\\/\\\/soldadoadrianojose.com.br\\\/index.php\\\/2025\\\/08\\\/07\\\/deputado-adriano-jose-inaugura-viadutos-na-br-376-em-sarandi-ao-lado-do-governador-ratinho-junior\\\/#article\",\"isPartOf\":{\"@id\":\"https:\\\/\\\/soldadoadrianojose.com.br\\\/index.php\\\/2025\\\/08\\\/07\\\/deputado-adriano-jose-inaugura-viadutos-na-br-376-em-sarandi-ao-lado-do-governador-ratinho-junior\\\/\"},\"author\":{\"name\":\"Emanuellig admin2\",\"@id\":\"https:\\\/\\\/soldadoadrianojose.com.br\\\/#\\\/schema\\\/person\\\/cd48425bd7edd36fa5917c88fbe1cec5\"},\"headline\":\"Deputado Adriano Jos\u00e9 inaugura viadutos na BR-376 em Sarandi ao lado do governador Ratinho Junior\",\"datePublished\":\"2025-08-08T02:36:06+00:00\",\"dateModified\":\"2025-08-08T02:36:07+00:00\",\"mainEntityOfPage\":{\"@id\":\"https:\\\/\\\/soldadoadrianojose.com.br\\\/index.php\\\/2025\\\/08\\\/07\\\/deputado-adriano-jose-inaugura-viadutos-na-br-376-em-sarandi-ao-lado-do-governador-ratinho-junior\\\/\"},\"wordCount\":291,\"commentCount\":0,\"publisher\":{\"@id\":\"https:\\\/\\\/soldadoadrianojose.com.br\\\/#\\\/schema\\\/person\\\/16f8e8defb7a4bd6c6082efcd1bdb6bb\"},\"image\":{\"@id\":\"https:\\\/\\\/soldadoadrianojose.com.br\\\/index.php\\\/2025\\\/08\\\/07\\\/deputado-adriano-jose-inaugura-viadutos-na-br-376-em-sarandi-ao-lado-do-governador-ratinho-junior\\\/#primaryimage\"},\"thumbnailUrl\":\"https:\\\/\\\/soldadoadrianojose.com.br\\\/wp-content\\\/uploads\\\/2025\\\/08\\\/WhatsApp-Image-2025-08-07-at-23.31.43.jpeg\",\"articleSection\":[\"SARANDI\"],\"inLanguage\":\"pt-BR\",\"potentialAction\":[{\"@type\":\"CommentAction\",\"name\":\"Comment\",\"target\":[\"https:\\\/\\\/soldadoadrianojose.com.br\\\/index.php\\\/2025\\\/08\\\/07\\\/deputado-adriano-jose-inaugura-viadutos-na-br-376-em-sarandi-ao-lado-do-governador-ratinho-junior\\\/#respond\"]}]},{\"@type\":\"WebPage\",\"@id\":\"https:\\\/\\\/soldadoadrianojose.com.br\\\/index.php\\\/2025\\\/08\\\/07\\\/deputado-adriano-jose-inaugura-viadutos-na-br-376-em-sarandi-ao-lado-do-governador-ratinho-junior\\\/\",\"url\":\"https:\\\/\\\/soldadoadrianojose.com.br\\\/index.php\\\/2025\\\/08\\\/07\\\/deputado-adriano-jose-inaugura-viadutos-na-br-376-em-sarandi-ao-lado-do-governador-ratinho-junior\\\/\",\"name\":\"Deputado Adriano Jos\u00e9 inaugura viadutos na BR-376 em Sarandi ao lado do governador Ratinho Junior - Deputado Adriano Jos\u00e9\",\"isPartOf\":{\"@id\":\"https:\\\/\\\/soldadoadrianojose.com.br\\\/#website\"},\"primaryImageOfPage\":{\"@id\":\"https:\\\/\\\/soldadoadrianojose.com.br\\\/index.php\\\/2025\\\/08\\\/07\\\/deputado-adriano-jose-inaugura-viadutos-na-br-376-em-sarandi-ao-lado-do-governador-ratinho-junior\\\/#primaryimage\"},\"image\":{\"@id\":\"https:\\\/\\\/soldadoadrianojose.com.br\\\/index.php\\\/2025\\\/08\\\/07\\\/deputado-adriano-jose-inaugura-viadutos-na-br-376-em-sarandi-ao-lado-do-governador-ratinho-junior\\\/#primaryimage\"},\"thumbnailUrl\":\"https:\\\/\\\/soldadoadrianojose.com.br\\\/wp-content\\\/uploads\\\/2025\\\/08\\\/WhatsApp-Image-2025-08-07-at-23.31.43.jpeg\",\"datePublished\":\"2025-08-08T02:36:06+00:00\",\"dateModified\":\"2025-08-08T02:36:07+00:00\",\"breadcrumb\":{\"@id\":\"https:\\\/\\\/soldadoadrianojose.com.br\\\/index.php\\\/2025\\\/08\\\/07\\\/deputado-adriano-jose-inaugura-viadutos-na-br-376-em-sarandi-ao-lado-do-governador-ratinho-junior\\\/#breadcrumb\"},\"inLanguage\":\"pt-BR\",\"potentialAction\":[{\"@type\":\"ReadAction\",\"target\":[\"https:\\\/\\\/soldadoadrianojose.com.br\\\/index.php\\\/2025\\\/08\\\/07\\\/deputado-adriano-jose-inaugura-viadutos-na-br-376-em-sarandi-ao-lado-do-governador-ratinho-junior\\\/\"]}]},{\"@type\":\"ImageObject\",\"inLanguage\":\"pt-BR\",\"@id\":\"https:\\\/\\\/soldadoadrianojose.com.br\\\/index.php\\\/2025\\\/08\\\/07\\\/deputado-adriano-jose-inaugura-viadutos-na-br-376-em-sarandi-ao-lado-do-governador-ratinho-junior\\\/#primaryimage\",\"url\":\"https:\\\/\\\/soldadoadrianojose.com.br\\\/wp-content\\\/uploads\\\/2025\\\/08\\\/WhatsApp-Image-2025-08-07-at-23.31.43.jpeg\",\"contentUrl\":\"https:\\\/\\\/soldadoadrianojose.com.br\\\/wp-content\\\/uploads\\\/2025\\\/08\\\/WhatsApp-Image-2025-08-07-at-23.31.43.jpeg\",\"width\":1600,\"height\":1553},{\"@type\":\"BreadcrumbList\",\"@id\":\"https:\\\/\\\/soldadoadrianojose.com.br\\\/index.php\\\/2025\\\/08\\\/07\\\/deputado-adriano-jose-inaugura-viadutos-na-br-376-em-sarandi-ao-lado-do-governador-ratinho-junior\\\/#breadcrumb\",\"itemListElement\":[{\"@type\":\"ListItem\",\"position\":1,\"name\":\"In\u00edcio\",\"item\":\"https:\\\/\\\/soldadoadrianojose.com.br\\\/\"},{\"@type\":\"ListItem\",\"position\":2,\"name\":\"Deputado Adriano Jos\u00e9 inaugura viadutos na BR-376 em Sarandi ao lado do governador Ratinho Junior\"}]},{\"@type\":\"WebSite\",\"@id\":\"https:\\\/\\\/soldadoadrianojose.com.br\\\/#website\",\"url\":\"https:\\\/\\\/soldadoadrianojose.com.br\\\/\",\"name\":\"Deputado Adriano Jos\u00e9\",\"description\":\"Nosso trabalho \u00e9 pelas pessoas\",\"publisher\":{\"@id\":\"https:\\\/\\\/soldadoadrianojose.com.br\\\/#\\\/schema\\\/person\\\/16f8e8defb7a4bd6c6082efcd1bdb6bb\"},\"potentialAction\":[{\"@type\":\"SearchAction\",\"target\":{\"@type\":\"EntryPoint\",\"urlTemplate\":\"https:\\\/\\\/soldadoadrianojose.com.br\\\/?s={search_term_string}\"},\"query-input\":{\"@type\":\"PropertyValueSpecification\",\"valueRequired\":true,\"valueName\":\"search_term_string\"}}],\"inLanguage\":\"pt-BR\"},{\"@type\":[\"Person\",\"Organization\"],\"@id\":\"https:\\\/\\\/soldadoadrianojose.com.br\\\/#\\\/schema\\\/person\\\/16f8e8defb7a4bd6c6082efcd1bdb6bb\",\"name\":\"soldadoadrianojose\",\"image\":{\"@type\":\"ImageObject\",\"inLanguage\":\"pt-BR\",\"@id\":\"https:\\\/\\\/soldadoadrianojose.com.br\\\/wp-content\\\/uploads\\\/2023\\\/02\\\/LOGO_CLEAR-5.png\",\"url\":\"https:\\\/\\\/soldadoadrianojose.com.br\\\/wp-content\\\/uploads\\\/2023\\\/02\\\/LOGO_CLEAR-5.png\",\"contentUrl\":\"https:\\\/\\\/soldadoadrianojose.com.br\\\/wp-content\\\/uploads\\\/2023\\\/02\\\/LOGO_CLEAR-5.png\",\"width\":3508,\"height\":998,\"caption\":\"soldadoadrianojose\"},\"logo\":{\"@id\":\"https:\\\/\\\/soldadoadrianojose.com.br\\\/wp-content\\\/uploads\\\/2023\\\/02\\\/LOGO_CLEAR-5.png\"},\"sameAs\":[\"https:\\\/\\\/soldadoadrianojose.com.br\"]},{\"@type\":\"Person\",\"@id\":\"https:\\\/\\\/soldadoadrianojose.com.br\\\/#\\\/schema\\\/person\\\/cd48425bd7edd36fa5917c88fbe1cec5\",\"name\":\"Emanuellig admin2\",\"image\":{\"@type\":\"ImageObject\",\"inLanguage\":\"pt-BR\",\"@id\":\"https:\\\/\\\/soldadoadrianojose.com.br\\\/wp-content\\\/litespeed\\\/avatar\\\/235a59a115f40132a17fc909e61bc31d.jpg?ver=1777092356\",\"url\":\"https:\\\/\\\/soldadoadrianojose.com.br\\\/wp-content\\\/litespeed\\\/avatar\\\/235a59a115f40132a17fc909e61bc31d.jpg?ver=1777092356\",\"contentUrl\":\"https:\\\/\\\/soldadoadrianojose.com.br\\\/wp-content\\\/litespeed\\\/avatar\\\/235a59a115f40132a17fc909e61bc31d.jpg?ver=1777092356\",\"caption\":\"Emanuellig admin2\"},\"url\":\"https:\\\/\\\/soldadoadrianojose.com.br\\\/index.php\\\/author\\\/manu\\\/\"}]}<\/script>\n<!-- \/ Yoast SEO plugin. -->","yoast_head_json":{"title":"Deputado Adriano Jos\u00e9 inaugura viadutos na BR-376 em Sarandi ao lado do governador Ratinho Junior - Deputado Adriano Jos\u00e9","robots":{"index":"index","follow":"follow","max-snippet":"max-snippet:-1","max-image-preview":"max-image-preview:large","max-video-preview":"max-video-preview:-1"},"canonical":"https:\/\/soldadoadrianojose.com.br\/index.php\/2025\/08\/07\/deputado-adriano-jose-inaugura-viadutos-na-br-376-em-sarandi-ao-lado-do-governador-ratinho-junior\/","og_locale":"pt_BR","og_type":"article","og_title":"Deputado Adriano Jos\u00e9 inaugura viadutos na BR-376 em Sarandi ao lado do governador Ratinho Junior - Deputado Adriano Jos\u00e9","og_description":"O deputado estadual Adriano Jos\u00e9 inaugurou nesta quarta-feira (6), dois novos viadutos na BR-376, em Sarandi, regi\u00e3o metropolitana de Maring\u00e1. A cerim\u00f4nia contou com a presen\u00e7a do governador Carlos Massa Ratinho Junior, que destacou a import\u00e2ncia da obra para a melhoria da mobilidade urbana e a seguran\u00e7a vi\u00e1ria no munic\u00edpio. Com investimento de R$ 40,1 [&hellip;]","og_url":"https:\/\/soldadoadrianojose.com.br\/index.php\/2025\/08\/07\/deputado-adriano-jose-inaugura-viadutos-na-br-376-em-sarandi-ao-lado-do-governador-ratinho-junior\/","og_site_name":"Deputado Adriano Jos\u00e9","article_published_time":"2025-08-08T02:36:06+00:00","article_modified_time":"2025-08-08T02:36:07+00:00","og_image":[{"width":1600,"height":1553,"url":"https:\/\/soldadoadrianojose.com.br\/wp-content\/uploads\/2025\/08\/WhatsApp-Image-2025-08-07-at-23.31.43.jpeg","type":"image\/jpeg"}],"author":"Emanuellig admin2","twitter_card":"summary_large_image","twitter_misc":{"Escrito por":"Emanuellig admin2","Est. tempo de leitura":"2 minutos"},"schema":{"@context":"https:\/\/schema.org","@graph":[{"@type":"Article","@id":"https:\/\/soldadoadrianojose.com.br\/index.php\/2025\/08\/07\/deputado-adriano-jose-inaugura-viadutos-na-br-376-em-sarandi-ao-lado-do-governador-ratinho-junior\/#article","isPartOf":{"@id":"https:\/\/soldadoadrianojose.com.br\/index.php\/2025\/08\/07\/deputado-adriano-jose-inaugura-viadutos-na-br-376-em-sarandi-ao-lado-do-governador-ratinho-junior\/"},"author":{"name":"Emanuellig admin2","@id":"https:\/\/soldadoadrianojose.com.br\/#\/schema\/person\/cd48425bd7edd36fa5917c88fbe1cec5"},"headline":"Deputado Adriano Jos\u00e9 inaugura viadutos na BR-376 em Sarandi ao lado do governador Ratinho Junior","datePublished":"2025-08-08T02:36:06+00:00","dateModified":"2025-08-08T02:36:07+00:00","mainEntityOfPage":{"@id":"https:\/\/soldadoadrianojose.com.br\/index.php\/2025\/08\/07\/deputado-adriano-jose-inaugura-viadutos-na-br-376-em-sarandi-ao-lado-do-governador-ratinho-junior\/"},"wordCount":291,"commentCount":0,"publisher":{"@id":"https:\/\/soldadoadrianojose.com.br\/#\/schema\/person\/16f8e8defb7a4bd6c6082efcd1bdb6bb"},"image":{"@id":"https:\/\/soldadoadrianojose.com.br\/index.php\/2025\/08\/07\/deputado-adriano-jose-inaugura-viadutos-na-br-376-em-sarandi-ao-lado-do-governador-ratinho-junior\/#primaryimage"},"thumbnailUrl":"https:\/\/soldadoadrianojose.com.br\/wp-content\/uploads\/2025\/08\/WhatsApp-Image-2025-08-07-at-23.31.43.jpeg","articleSection":["SARANDI"],"inLanguage":"pt-BR","potentialAction":[{"@type":"CommentAction","name":"Comment","target":["https:\/\/soldadoadrianojose.com.br\/index.php\/2025\/08\/07\/deputado-adriano-jose-inaugura-viadutos-na-br-376-em-sarandi-ao-lado-do-governador-ratinho-junior\/#respond"]}]},{"@type":"WebPage","@id":"https:\/\/soldadoadrianojose.com.br\/index.php\/2025\/08\/07\/deputado-adriano-jose-inaugura-viadutos-na-br-376-em-sarandi-ao-lado-do-governador-ratinho-junior\/","url":"https:\/\/soldadoadrianojose.com.br\/index.php\/2025\/08\/07\/deputado-adriano-jose-inaugura-viadutos-na-br-376-em-sarandi-ao-lado-do-governador-ratinho-junior\/","name":"Deputado Adriano Jos\u00e9 inaugura viadutos na BR-376 em Sarandi ao lado do governador Ratinho Junior - Deputado Adriano Jos\u00e9","isPartOf":{"@id":"https:\/\/soldadoadrianojose.com.br\/#website"},"primaryImageOfPage":{"@id":"https:\/\/soldadoadrianojose.com.br\/index.php\/2025\/08\/07\/deputado-adriano-jose-inaugura-viadutos-na-br-376-em-sarandi-ao-lado-do-governador-ratinho-junior\/#primaryimage"},"image":{"@id":"https:\/\/soldadoadrianojose.com.br\/index.php\/2025\/08\/07\/deputado-adriano-jose-inaugura-viadutos-na-br-376-em-sarandi-ao-lado-do-governador-ratinho-junior\/#primaryimage"},"thumbnailUrl":"https:\/\/soldadoadrianojose.com.br\/wp-content\/uploads\/2025\/08\/WhatsApp-Image-2025-08-07-at-23.31.43.jpeg","datePublished":"2025-08-08T02:36:06+00:00","dateModified":"2025-08-08T02:36:07+00:00","breadcrumb":{"@id":"https:\/\/soldadoadrianojose.com.br\/index.php\/2025\/08\/07\/deputado-adriano-jose-inaugura-viadutos-na-br-376-em-sarandi-ao-lado-do-governador-ratinho-junior\/#breadcrumb"},"inLanguage":"pt-BR","potentialAction":[{"@type":"ReadAction","target":["https:\/\/soldadoadrianojose.com.br\/index.php\/2025\/08\/07\/deputado-adriano-jose-inaugura-viadutos-na-br-376-em-sarandi-ao-lado-do-governador-ratinho-junior\/"]}]},{"@type":"ImageObject","inLanguage":"pt-BR","@id":"https:\/\/soldadoadrianojose.com.br\/index.php\/2025\/08\/07\/deputado-adriano-jose-inaugura-viadutos-na-br-376-em-sarandi-ao-lado-do-governador-ratinho-junior\/#primaryimage","url":"https:\/\/soldadoadrianojose.com.br\/wp-content\/uploads\/2025\/08\/WhatsApp-Image-2025-08-07-at-23.31.43.jpeg","contentUrl":"https:\/\/soldadoadrianojose.com.br\/wp-content\/uploads\/2025\/08\/WhatsApp-Image-2025-08-07-at-23.31.43.jpeg","width":1600,"height":1553},{"@type":"BreadcrumbList","@id":"https:\/\/soldadoadrianojose.com.br\/index.php\/2025\/08\/07\/deputado-adriano-jose-inaugura-viadutos-na-br-376-em-sarandi-ao-lado-do-governador-ratinho-junior\/#breadcrumb","itemListElement":[{"@type":"ListItem","position":1,"name":"In\u00edcio","item":"https:\/\/soldadoadrianojose.com.br\/"},{"@type":"ListItem","position":2,"name":"Deputado Adriano Jos\u00e9 inaugura viadutos na BR-376 em Sarandi ao lado do governador Ratinho Junior"}]},{"@type":"WebSite","@id":"https:\/\/soldadoadrianojose.com.br\/#website","url":"https:\/\/soldadoadrianojose.com.br\/","name":"Deputado Adriano Jos\u00e9","description":"Nosso trabalho \u00e9 pelas pessoas","publisher":{"@id":"https:\/\/soldadoadrianojose.com.br\/#\/schema\/person\/16f8e8defb7a4bd6c6082efcd1bdb6bb"},"potentialAction":[{"@type":"SearchAction","target":{"@type":"EntryPoint","urlTemplate":"https:\/\/soldadoadrianojose.com.br\/?s={search_term_string}"},"query-input":{"@type":"PropertyValueSpecification","valueRequired":true,"valueName":"search_term_string"}}],"inLanguage":"pt-BR"},{"@type":["Person","Organization"],"@id":"https:\/\/soldadoadrianojose.com.br\/#\/schema\/person\/16f8e8defb7a4bd6c6082efcd1bdb6bb","name":"soldadoadrianojose","image":{"@type":"ImageObject","inLanguage":"pt-BR","@id":"https:\/\/soldadoadrianojose.com.br\/wp-content\/uploads\/2023\/02\/LOGO_CLEAR-5.png","url":"https:\/\/soldadoadrianojose.com.br\/wp-content\/uploads\/2023\/02\/LOGO_CLEAR-5.png","contentUrl":"https:\/\/soldadoadrianojose.com.br\/wp-content\/uploads\/2023\/02\/LOGO_CLEAR-5.png","width":3508,"height":998,"caption":"soldadoadrianojose"},"logo":{"@id":"https:\/\/soldadoadrianojose.com.br\/wp-content\/uploads\/2023\/02\/LOGO_CLEAR-5.png"},"sameAs":["https:\/\/soldadoadrianojose.com.br"]},{"@type":"Person","@id":"https:\/\/soldadoadrianojose.com.br\/#\/schema\/person\/cd48425bd7edd36fa5917c88fbe1cec5","name":"Emanuellig admin2","image":{"@type":"ImageObject","inLanguage":"pt-BR","@id":"https:\/\/soldadoadrianojose.com.br\/wp-content\/litespeed\/avatar\/235a59a115f40132a17fc909e61bc31d.jpg?ver=1777092356","url":"https:\/\/soldadoadrianojose.com.br\/wp-content\/litespeed\/avatar\/235a59a115f40132a17fc909e61bc31d.jpg?ver=1777092356","contentUrl":"https:\/\/soldadoadrianojose.com.br\/wp-content\/litespeed\/avatar\/235a59a115f40132a17fc909e61bc31d.jpg?ver=1777092356","caption":"Emanuellig admin2"},"url":"https:\/\/soldadoadrianojose.com.br\/index.php\/author\/manu\/"}]}},"jetpack_featured_media_url":"https:\/\/soldadoadrianojose.com.br\/wp-content\/uploads\/2025\/08\/WhatsApp-Image-2025-08-07-at-23.31.43.jpeg","_links":{"self":[{"href":"https:\/\/soldadoadrianojose.com.br\/index.php\/wp-json\/wp\/v2\/posts\/3116","targetHints":{"allow":["GET"]}}],"collection":[{"href":"https:\/\/soldadoadrianojose.com.br\/index.php\/wp-json\/wp\/v2\/posts"}],"about":[{"href":"https:\/\/soldadoadrianojose.com.br\/index.php\/wp-json\/wp\/v2\/types\/post"}],"author":[{"embeddable":true,"href":"https:\/\/soldadoadrianojose.com.br\/index.php\/wp-json\/wp\/v2\/users\/3"}],"replies":[{"embeddable":true,"href":"https:\/\/soldadoadrianojose.com.br\/index.php\/wp-json\/wp\/v2\/comments?post=3116"}],"version-history":[{"count":1,"href":"https:\/\/soldadoadrianojose.com.br\/index.php\/wp-json\/wp\/v2\/posts\/3116\/revisions"}],"predecessor-version":[{"id":3118,"href":"https:\/\/soldadoadrianojose.com.br\/index.php\/wp-json\/wp\/v2\/posts\/3116\/revisions\/3118"}],"wp:featuredmedia":[{"embeddable":true,"href":"https:\/\/soldadoadrianojose.com.br\/index.php\/wp-json\/wp\/v2\/media\/3117"}],"wp:attachment":[{"href":"https:\/\/soldadoadrianojose.com.br\/index.php\/wp-json\/wp\/v2\/media?parent=3116"}],"wp:term":[{"taxonomy":"category","embeddable":true,"href":"https:\/\/soldadoadrianojose.com.br\/index.php\/wp-json\/wp\/v2\/categories?post=3116"},{"taxonomy":"post_tag","embeddable":true,"href":"https:\/\/soldadoadrianojose.com.br\/index.php\/wp-json\/wp\/v2\/tags?post=3116"}],"curies":[{"name":"wp","href":"https:\/\/api.w.org\/{rel}","templated":true}]}}