{"id":3184,"date":"2025-08-11T16:51:31","date_gmt":"2025-08-11T19:51:31","guid":{"rendered":"https:\/\/soldadoadrianojose.com.br\/?p=3184"},"modified":"2025-08-11T16:53:51","modified_gmt":"2025-08-11T19:53:51","slug":"deputado-adriano-jose-participa-da-formatura-de-141-novos-sargentos-da-policia-militar-do-parana","status":"publish","type":"post","link":"https:\/\/soldadoadrianojose.com.br\/index.php\/2025\/08\/11\/deputado-adriano-jose-participa-da-formatura-de-141-novos-sargentos-da-policia-militar-do-parana\/","title":{"rendered":"Deputado Adriano Jos\u00e9 representa Assembleia Legislativa em formatura de 141 novos sargentos da Pol\u00edcia Militar do Paran\u00e1"},"content":{"rendered":"\n<p>O deputado estadual Adriano Jos\u00e9 participou, nesta semana, na Academia Militar do Guatup\u00ea, da solenidade de formatura de 141 novos sargentos da Escola de Sargentos da Pol\u00edcia Militar do Paran\u00e1. O evento reuniu autoridades civis e militares, familiares e amigos dos formandos, celebrando o encerramento de uma etapa marcada por intensa prepara\u00e7\u00e3o, disciplina e dedica\u00e7\u00e3o \u00e0 seguran\u00e7a p\u00fablica.<\/p>\n\n\n\n<p>Durante a cerim\u00f4nia, o deputado parabenizou os novos sargentos e destacou a import\u00e2ncia da valoriza\u00e7\u00e3o das for\u00e7as de seguran\u00e7a. \u201c\u00c9 um momento de muito orgulho para o nosso Estado. Esses homens e mulheres, agora promovidos, levam prote\u00e7\u00e3o, ordem e tranquilidade \u00e0 popula\u00e7\u00e3o. \u00c9 um compromisso que exige coragem e amor pela profiss\u00e3o\u201d, afirmou Adriano Jos\u00e9.<\/p>\n\n\n\n<figure class=\"wp-block-image size-large\"><img fetchpriority=\"high\" decoding=\"async\" width=\"1024\" height=\"768\" src=\"https:\/\/soldadoadrianojose.com.br\/wp-content\/uploads\/2025\/08\/1000214147-1024x768.jpg\" alt=\"\" class=\"wp-image-3186\" srcset=\"https:\/\/soldadoadrianojose.com.br\/wp-content\/uploads\/2025\/08\/1000214147-1024x768.jpg 1024w, https:\/\/soldadoadrianojose.com.br\/wp-content\/uploads\/2025\/08\/1000214147-300x225.jpg 300w, https:\/\/soldadoadrianojose.com.br\/wp-content\/uploads\/2025\/08\/1000214147-768x576.jpg 768w, https:\/\/soldadoadrianojose.com.br\/wp-content\/uploads\/2025\/08\/1000214147-1536x1152.jpg 1536w, https:\/\/soldadoadrianojose.com.br\/wp-content\/uploads\/2025\/08\/1000214147.jpg 1600w\" sizes=\"(max-width: 1024px) 100vw, 1024px\" \/><\/figure>\n\n\n\n<p>O evento contou com a presen\u00e7a da primeira dama Luciana Saito Massa, representando o governador Ratinho J\u00fanior, que enalteceu o trabalho da PM e refor\u00e7ou o apoio do Governo do Estado \u00e0s for\u00e7as policiais. Segundo ela, o Paran\u00e1 segue investindo em estrutura, equipamentos e forma\u00e7\u00e3o para fortalecer a seguran\u00e7a em todas as regi\u00f5es. \u201cCom o empenho dos nossos policiais e o respaldo do Governo, continuaremos garantindo mais seguran\u00e7a para as fam\u00edlias paranaenses\u201d, declarou.<\/p>\n","protected":false},"excerpt":{"rendered":"<p>O deputado estadual Adriano Jos\u00e9 participou, nesta semana, na Academia Militar do Guatup\u00ea, da solenidade de formatura de 141 novos sargentos da Escola de Sargentos da Pol\u00edcia Militar do Paran\u00e1. O evento reuniu autoridades civis e militares, familiares e amigos dos formandos, celebrando o encerramento de uma etapa marcada por intensa prepara\u00e7\u00e3o, disciplina e dedica\u00e7\u00e3o [&hellip;]<\/p>\n","protected":false},"author":3,"featured_media":3187,"comment_status":"open","ping_status":"open","sticky":false,"template":"","format":"standard","meta":{"footnotes":""},"categories":[1],"tags":[],"class_list":["post-3184","post","type-post","status-publish","format-standard","has-post-thumbnail","hentry","category-gabinete-sd"],"yoast_head":"<!-- This site is optimized with the Yoast SEO plugin v27.4 - https:\/\/yoast.com\/product\/yoast-seo-wordpress\/ -->\n<title>Deputado Adriano Jos\u00e9 representa Assembleia Legislativa em formatura de 141 novos sargentos da Pol\u00edcia Militar do Paran\u00e1 - Deputado Adriano Jos\u00e9<\/title>\n<meta name=\"robots\" content=\"index, follow, max-snippet:-1, max-image-preview:large, max-video-preview:-1\" \/>\n<link rel=\"canonical\" href=\"https:\/\/soldadoadrianojose.com.br\/index.php\/2025\/08\/11\/deputado-adriano-jose-participa-da-formatura-de-141-novos-sargentos-da-policia-militar-do-parana\/\" \/>\n<meta property=\"og:locale\" content=\"pt_BR\" \/>\n<meta property=\"og:type\" content=\"article\" \/>\n<meta property=\"og:title\" content=\"Deputado Adriano Jos\u00e9 representa Assembleia Legislativa em formatura de 141 novos sargentos da Pol\u00edcia Militar do Paran\u00e1 - Deputado Adriano Jos\u00e9\" \/>\n<meta property=\"og:description\" content=\"O deputado estadual Adriano Jos\u00e9 participou, nesta semana, na Academia Militar do Guatup\u00ea, da solenidade de formatura de 141 novos sargentos da Escola de Sargentos da Pol\u00edcia Militar do Paran\u00e1. O evento reuniu autoridades civis e militares, familiares e amigos dos formandos, celebrando o encerramento de uma etapa marcada por intensa prepara\u00e7\u00e3o, disciplina e dedica\u00e7\u00e3o [&hellip;]\" \/>\n<meta property=\"og:url\" content=\"https:\/\/soldadoadrianojose.com.br\/index.php\/2025\/08\/11\/deputado-adriano-jose-participa-da-formatura-de-141-novos-sargentos-da-policia-militar-do-parana\/\" \/>\n<meta property=\"og:site_name\" content=\"Deputado Adriano Jos\u00e9\" \/>\n<meta property=\"article:published_time\" content=\"2025-08-11T19:51:31+00:00\" \/>\n<meta property=\"article:modified_time\" content=\"2025-08-11T19:53:51+00:00\" \/>\n<meta property=\"og:image\" content=\"https:\/\/soldadoadrianojose.com.br\/wp-content\/uploads\/2025\/08\/IMG-20250811-WA00101.jpg\" \/>\n\t<meta property=\"og:image:width\" content=\"1280\" \/>\n\t<meta property=\"og:image:height\" content=\"960\" \/>\n\t<meta property=\"og:image:type\" content=\"image\/jpeg\" \/>\n<meta name=\"author\" content=\"Emanuellig admin2\" \/>\n<meta name=\"twitter:card\" content=\"summary_large_image\" \/>\n<meta name=\"twitter:label1\" content=\"Escrito por\" \/>\n\t<meta name=\"twitter:data1\" content=\"Emanuellig admin2\" \/>\n\t<meta name=\"twitter:label2\" content=\"Est. tempo de leitura\" \/>\n\t<meta name=\"twitter:data2\" content=\"2 minutos\" \/>\n<script type=\"application\/ld+json\" class=\"yoast-schema-graph\">{\"@context\":\"https:\\\/\\\/schema.org\",\"@graph\":[{\"@type\":\"Article\",\"@id\":\"https:\\\/\\\/soldadoadrianojose.com.br\\\/index.php\\\/2025\\\/08\\\/11\\\/deputado-adriano-jose-participa-da-formatura-de-141-novos-sargentos-da-policia-militar-do-parana\\\/#article\",\"isPartOf\":{\"@id\":\"https:\\\/\\\/soldadoadrianojose.com.br\\\/index.php\\\/2025\\\/08\\\/11\\\/deputado-adriano-jose-participa-da-formatura-de-141-novos-sargentos-da-policia-militar-do-parana\\\/\"},\"author\":{\"name\":\"Emanuellig admin2\",\"@id\":\"https:\\\/\\\/soldadoadrianojose.com.br\\\/#\\\/schema\\\/person\\\/cd48425bd7edd36fa5917c88fbe1cec5\"},\"headline\":\"Deputado Adriano Jos\u00e9 representa Assembleia Legislativa em formatura de 141 novos sargentos da Pol\u00edcia Militar do Paran\u00e1\",\"datePublished\":\"2025-08-11T19:51:31+00:00\",\"dateModified\":\"2025-08-11T19:53:51+00:00\",\"mainEntityOfPage\":{\"@id\":\"https:\\\/\\\/soldadoadrianojose.com.br\\\/index.php\\\/2025\\\/08\\\/11\\\/deputado-adriano-jose-participa-da-formatura-de-141-novos-sargentos-da-policia-militar-do-parana\\\/\"},\"wordCount\":220,\"commentCount\":0,\"publisher\":{\"@id\":\"https:\\\/\\\/soldadoadrianojose.com.br\\\/#\\\/schema\\\/person\\\/16f8e8defb7a4bd6c6082efcd1bdb6bb\"},\"image\":{\"@id\":\"https:\\\/\\\/soldadoadrianojose.com.br\\\/index.php\\\/2025\\\/08\\\/11\\\/deputado-adriano-jose-participa-da-formatura-de-141-novos-sargentos-da-policia-militar-do-parana\\\/#primaryimage\"},\"thumbnailUrl\":\"https:\\\/\\\/soldadoadrianojose.com.br\\\/wp-content\\\/uploads\\\/2025\\\/08\\\/IMG-20250811-WA00101.jpg\",\"articleSection\":[\"GABINETE SD\"],\"inLanguage\":\"pt-BR\",\"potentialAction\":[{\"@type\":\"CommentAction\",\"name\":\"Comment\",\"target\":[\"https:\\\/\\\/soldadoadrianojose.com.br\\\/index.php\\\/2025\\\/08\\\/11\\\/deputado-adriano-jose-participa-da-formatura-de-141-novos-sargentos-da-policia-militar-do-parana\\\/#respond\"]}]},{\"@type\":\"WebPage\",\"@id\":\"https:\\\/\\\/soldadoadrianojose.com.br\\\/index.php\\\/2025\\\/08\\\/11\\\/deputado-adriano-jose-participa-da-formatura-de-141-novos-sargentos-da-policia-militar-do-parana\\\/\",\"url\":\"https:\\\/\\\/soldadoadrianojose.com.br\\\/index.php\\\/2025\\\/08\\\/11\\\/deputado-adriano-jose-participa-da-formatura-de-141-novos-sargentos-da-policia-militar-do-parana\\\/\",\"name\":\"Deputado Adriano Jos\u00e9 representa Assembleia Legislativa em formatura de 141 novos sargentos da Pol\u00edcia Militar do Paran\u00e1 - Deputado Adriano Jos\u00e9\",\"isPartOf\":{\"@id\":\"https:\\\/\\\/soldadoadrianojose.com.br\\\/#website\"},\"primaryImageOfPage\":{\"@id\":\"https:\\\/\\\/soldadoadrianojose.com.br\\\/index.php\\\/2025\\\/08\\\/11\\\/deputado-adriano-jose-participa-da-formatura-de-141-novos-sargentos-da-policia-militar-do-parana\\\/#primaryimage\"},\"image\":{\"@id\":\"https:\\\/\\\/soldadoadrianojose.com.br\\\/index.php\\\/2025\\\/08\\\/11\\\/deputado-adriano-jose-participa-da-formatura-de-141-novos-sargentos-da-policia-militar-do-parana\\\/#primaryimage\"},\"thumbnailUrl\":\"https:\\\/\\\/soldadoadrianojose.com.br\\\/wp-content\\\/uploads\\\/2025\\\/08\\\/IMG-20250811-WA00101.jpg\",\"datePublished\":\"2025-08-11T19:51:31+00:00\",\"dateModified\":\"2025-08-11T19:53:51+00:00\",\"breadcrumb\":{\"@id\":\"https:\\\/\\\/soldadoadrianojose.com.br\\\/index.php\\\/2025\\\/08\\\/11\\\/deputado-adriano-jose-participa-da-formatura-de-141-novos-sargentos-da-policia-militar-do-parana\\\/#breadcrumb\"},\"inLanguage\":\"pt-BR\",\"potentialAction\":[{\"@type\":\"ReadAction\",\"target\":[\"https:\\\/\\\/soldadoadrianojose.com.br\\\/index.php\\\/2025\\\/08\\\/11\\\/deputado-adriano-jose-participa-da-formatura-de-141-novos-sargentos-da-policia-militar-do-parana\\\/\"]}]},{\"@type\":\"ImageObject\",\"inLanguage\":\"pt-BR\",\"@id\":\"https:\\\/\\\/soldadoadrianojose.com.br\\\/index.php\\\/2025\\\/08\\\/11\\\/deputado-adriano-jose-participa-da-formatura-de-141-novos-sargentos-da-policia-militar-do-parana\\\/#primaryimage\",\"url\":\"https:\\\/\\\/soldadoadrianojose.com.br\\\/wp-content\\\/uploads\\\/2025\\\/08\\\/IMG-20250811-WA00101.jpg\",\"contentUrl\":\"https:\\\/\\\/soldadoadrianojose.com.br\\\/wp-content\\\/uploads\\\/2025\\\/08\\\/IMG-20250811-WA00101.jpg\",\"width\":1280,\"height\":960},{\"@type\":\"BreadcrumbList\",\"@id\":\"https:\\\/\\\/soldadoadrianojose.com.br\\\/index.php\\\/2025\\\/08\\\/11\\\/deputado-adriano-jose-participa-da-formatura-de-141-novos-sargentos-da-policia-militar-do-parana\\\/#breadcrumb\",\"itemListElement\":[{\"@type\":\"ListItem\",\"position\":1,\"name\":\"In\u00edcio\",\"item\":\"https:\\\/\\\/soldadoadrianojose.com.br\\\/\"},{\"@type\":\"ListItem\",\"position\":2,\"name\":\"Deputado Adriano Jos\u00e9 representa Assembleia Legislativa em formatura de 141 novos sargentos da Pol\u00edcia Militar do Paran\u00e1\"}]},{\"@type\":\"WebSite\",\"@id\":\"https:\\\/\\\/soldadoadrianojose.com.br\\\/#website\",\"url\":\"https:\\\/\\\/soldadoadrianojose.com.br\\\/\",\"name\":\"Deputado Adriano Jos\u00e9\",\"description\":\"Nosso trabalho \u00e9 pelas pessoas\",\"publisher\":{\"@id\":\"https:\\\/\\\/soldadoadrianojose.com.br\\\/#\\\/schema\\\/person\\\/16f8e8defb7a4bd6c6082efcd1bdb6bb\"},\"potentialAction\":[{\"@type\":\"SearchAction\",\"target\":{\"@type\":\"EntryPoint\",\"urlTemplate\":\"https:\\\/\\\/soldadoadrianojose.com.br\\\/?s={search_term_string}\"},\"query-input\":{\"@type\":\"PropertyValueSpecification\",\"valueRequired\":true,\"valueName\":\"search_term_string\"}}],\"inLanguage\":\"pt-BR\"},{\"@type\":[\"Person\",\"Organization\"],\"@id\":\"https:\\\/\\\/soldadoadrianojose.com.br\\\/#\\\/schema\\\/person\\\/16f8e8defb7a4bd6c6082efcd1bdb6bb\",\"name\":\"soldadoadrianojose\",\"image\":{\"@type\":\"ImageObject\",\"inLanguage\":\"pt-BR\",\"@id\":\"https:\\\/\\\/soldadoadrianojose.com.br\\\/wp-content\\\/uploads\\\/2023\\\/02\\\/LOGO_CLEAR-5.png\",\"url\":\"https:\\\/\\\/soldadoadrianojose.com.br\\\/wp-content\\\/uploads\\\/2023\\\/02\\\/LOGO_CLEAR-5.png\",\"contentUrl\":\"https:\\\/\\\/soldadoadrianojose.com.br\\\/wp-content\\\/uploads\\\/2023\\\/02\\\/LOGO_CLEAR-5.png\",\"width\":3508,\"height\":998,\"caption\":\"soldadoadrianojose\"},\"logo\":{\"@id\":\"https:\\\/\\\/soldadoadrianojose.com.br\\\/wp-content\\\/uploads\\\/2023\\\/02\\\/LOGO_CLEAR-5.png\"},\"sameAs\":[\"https:\\\/\\\/soldadoadrianojose.com.br\"]},{\"@type\":\"Person\",\"@id\":\"https:\\\/\\\/soldadoadrianojose.com.br\\\/#\\\/schema\\\/person\\\/cd48425bd7edd36fa5917c88fbe1cec5\",\"name\":\"Emanuellig admin2\",\"image\":{\"@type\":\"ImageObject\",\"inLanguage\":\"pt-BR\",\"@id\":\"https:\\\/\\\/soldadoadrianojose.com.br\\\/wp-content\\\/litespeed\\\/avatar\\\/235a59a115f40132a17fc909e61bc31d.jpg?ver=1777092356\",\"url\":\"https:\\\/\\\/soldadoadrianojose.com.br\\\/wp-content\\\/litespeed\\\/avatar\\\/235a59a115f40132a17fc909e61bc31d.jpg?ver=1777092356\",\"contentUrl\":\"https:\\\/\\\/soldadoadrianojose.com.br\\\/wp-content\\\/litespeed\\\/avatar\\\/235a59a115f40132a17fc909e61bc31d.jpg?ver=1777092356\",\"caption\":\"Emanuellig admin2\"},\"url\":\"https:\\\/\\\/soldadoadrianojose.com.br\\\/index.php\\\/author\\\/manu\\\/\"}]}<\/script>\n<!-- \/ Yoast SEO plugin. -->","yoast_head_json":{"title":"Deputado Adriano Jos\u00e9 representa Assembleia Legislativa em formatura de 141 novos sargentos da Pol\u00edcia Militar do Paran\u00e1 - Deputado Adriano Jos\u00e9","robots":{"index":"index","follow":"follow","max-snippet":"max-snippet:-1","max-image-preview":"max-image-preview:large","max-video-preview":"max-video-preview:-1"},"canonical":"https:\/\/soldadoadrianojose.com.br\/index.php\/2025\/08\/11\/deputado-adriano-jose-participa-da-formatura-de-141-novos-sargentos-da-policia-militar-do-parana\/","og_locale":"pt_BR","og_type":"article","og_title":"Deputado Adriano Jos\u00e9 representa Assembleia Legislativa em formatura de 141 novos sargentos da Pol\u00edcia Militar do Paran\u00e1 - Deputado Adriano Jos\u00e9","og_description":"O deputado estadual Adriano Jos\u00e9 participou, nesta semana, na Academia Militar do Guatup\u00ea, da solenidade de formatura de 141 novos sargentos da Escola de Sargentos da Pol\u00edcia Militar do Paran\u00e1. O evento reuniu autoridades civis e militares, familiares e amigos dos formandos, celebrando o encerramento de uma etapa marcada por intensa prepara\u00e7\u00e3o, disciplina e dedica\u00e7\u00e3o [&hellip;]","og_url":"https:\/\/soldadoadrianojose.com.br\/index.php\/2025\/08\/11\/deputado-adriano-jose-participa-da-formatura-de-141-novos-sargentos-da-policia-militar-do-parana\/","og_site_name":"Deputado Adriano Jos\u00e9","article_published_time":"2025-08-11T19:51:31+00:00","article_modified_time":"2025-08-11T19:53:51+00:00","og_image":[{"width":1280,"height":960,"url":"https:\/\/soldadoadrianojose.com.br\/wp-content\/uploads\/2025\/08\/IMG-20250811-WA00101.jpg","type":"image\/jpeg"}],"author":"Emanuellig admin2","twitter_card":"summary_large_image","twitter_misc":{"Escrito por":"Emanuellig admin2","Est. tempo de leitura":"2 minutos"},"schema":{"@context":"https:\/\/schema.org","@graph":[{"@type":"Article","@id":"https:\/\/soldadoadrianojose.com.br\/index.php\/2025\/08\/11\/deputado-adriano-jose-participa-da-formatura-de-141-novos-sargentos-da-policia-militar-do-parana\/#article","isPartOf":{"@id":"https:\/\/soldadoadrianojose.com.br\/index.php\/2025\/08\/11\/deputado-adriano-jose-participa-da-formatura-de-141-novos-sargentos-da-policia-militar-do-parana\/"},"author":{"name":"Emanuellig admin2","@id":"https:\/\/soldadoadrianojose.com.br\/#\/schema\/person\/cd48425bd7edd36fa5917c88fbe1cec5"},"headline":"Deputado Adriano Jos\u00e9 representa Assembleia Legislativa em formatura de 141 novos sargentos da Pol\u00edcia Militar do Paran\u00e1","datePublished":"2025-08-11T19:51:31+00:00","dateModified":"2025-08-11T19:53:51+00:00","mainEntityOfPage":{"@id":"https:\/\/soldadoadrianojose.com.br\/index.php\/2025\/08\/11\/deputado-adriano-jose-participa-da-formatura-de-141-novos-sargentos-da-policia-militar-do-parana\/"},"wordCount":220,"commentCount":0,"publisher":{"@id":"https:\/\/soldadoadrianojose.com.br\/#\/schema\/person\/16f8e8defb7a4bd6c6082efcd1bdb6bb"},"image":{"@id":"https:\/\/soldadoadrianojose.com.br\/index.php\/2025\/08\/11\/deputado-adriano-jose-participa-da-formatura-de-141-novos-sargentos-da-policia-militar-do-parana\/#primaryimage"},"thumbnailUrl":"https:\/\/soldadoadrianojose.com.br\/wp-content\/uploads\/2025\/08\/IMG-20250811-WA00101.jpg","articleSection":["GABINETE SD"],"inLanguage":"pt-BR","potentialAction":[{"@type":"CommentAction","name":"Comment","target":["https:\/\/soldadoadrianojose.com.br\/index.php\/2025\/08\/11\/deputado-adriano-jose-participa-da-formatura-de-141-novos-sargentos-da-policia-militar-do-parana\/#respond"]}]},{"@type":"WebPage","@id":"https:\/\/soldadoadrianojose.com.br\/index.php\/2025\/08\/11\/deputado-adriano-jose-participa-da-formatura-de-141-novos-sargentos-da-policia-militar-do-parana\/","url":"https:\/\/soldadoadrianojose.com.br\/index.php\/2025\/08\/11\/deputado-adriano-jose-participa-da-formatura-de-141-novos-sargentos-da-policia-militar-do-parana\/","name":"Deputado Adriano Jos\u00e9 representa Assembleia Legislativa em formatura de 141 novos sargentos da Pol\u00edcia Militar do Paran\u00e1 - Deputado Adriano Jos\u00e9","isPartOf":{"@id":"https:\/\/soldadoadrianojose.com.br\/#website"},"primaryImageOfPage":{"@id":"https:\/\/soldadoadrianojose.com.br\/index.php\/2025\/08\/11\/deputado-adriano-jose-participa-da-formatura-de-141-novos-sargentos-da-policia-militar-do-parana\/#primaryimage"},"image":{"@id":"https:\/\/soldadoadrianojose.com.br\/index.php\/2025\/08\/11\/deputado-adriano-jose-participa-da-formatura-de-141-novos-sargentos-da-policia-militar-do-parana\/#primaryimage"},"thumbnailUrl":"https:\/\/soldadoadrianojose.com.br\/wp-content\/uploads\/2025\/08\/IMG-20250811-WA00101.jpg","datePublished":"2025-08-11T19:51:31+00:00","dateModified":"2025-08-11T19:53:51+00:00","breadcrumb":{"@id":"https:\/\/soldadoadrianojose.com.br\/index.php\/2025\/08\/11\/deputado-adriano-jose-participa-da-formatura-de-141-novos-sargentos-da-policia-militar-do-parana\/#breadcrumb"},"inLanguage":"pt-BR","potentialAction":[{"@type":"ReadAction","target":["https:\/\/soldadoadrianojose.com.br\/index.php\/2025\/08\/11\/deputado-adriano-jose-participa-da-formatura-de-141-novos-sargentos-da-policia-militar-do-parana\/"]}]},{"@type":"ImageObject","inLanguage":"pt-BR","@id":"https:\/\/soldadoadrianojose.com.br\/index.php\/2025\/08\/11\/deputado-adriano-jose-participa-da-formatura-de-141-novos-sargentos-da-policia-militar-do-parana\/#primaryimage","url":"https:\/\/soldadoadrianojose.com.br\/wp-content\/uploads\/2025\/08\/IMG-20250811-WA00101.jpg","contentUrl":"https:\/\/soldadoadrianojose.com.br\/wp-content\/uploads\/2025\/08\/IMG-20250811-WA00101.jpg","width":1280,"height":960},{"@type":"BreadcrumbList","@id":"https:\/\/soldadoadrianojose.com.br\/index.php\/2025\/08\/11\/deputado-adriano-jose-participa-da-formatura-de-141-novos-sargentos-da-policia-militar-do-parana\/#breadcrumb","itemListElement":[{"@type":"ListItem","position":1,"name":"In\u00edcio","item":"https:\/\/soldadoadrianojose.com.br\/"},{"@type":"ListItem","position":2,"name":"Deputado Adriano Jos\u00e9 representa Assembleia Legislativa em formatura de 141 novos sargentos da Pol\u00edcia Militar do Paran\u00e1"}]},{"@type":"WebSite","@id":"https:\/\/soldadoadrianojose.com.br\/#website","url":"https:\/\/soldadoadrianojose.com.br\/","name":"Deputado Adriano Jos\u00e9","description":"Nosso trabalho \u00e9 pelas pessoas","publisher":{"@id":"https:\/\/soldadoadrianojose.com.br\/#\/schema\/person\/16f8e8defb7a4bd6c6082efcd1bdb6bb"},"potentialAction":[{"@type":"SearchAction","target":{"@type":"EntryPoint","urlTemplate":"https:\/\/soldadoadrianojose.com.br\/?s={search_term_string}"},"query-input":{"@type":"PropertyValueSpecification","valueRequired":true,"valueName":"search_term_string"}}],"inLanguage":"pt-BR"},{"@type":["Person","Organization"],"@id":"https:\/\/soldadoadrianojose.com.br\/#\/schema\/person\/16f8e8defb7a4bd6c6082efcd1bdb6bb","name":"soldadoadrianojose","image":{"@type":"ImageObject","inLanguage":"pt-BR","@id":"https:\/\/soldadoadrianojose.com.br\/wp-content\/uploads\/2023\/02\/LOGO_CLEAR-5.png","url":"https:\/\/soldadoadrianojose.com.br\/wp-content\/uploads\/2023\/02\/LOGO_CLEAR-5.png","contentUrl":"https:\/\/soldadoadrianojose.com.br\/wp-content\/uploads\/2023\/02\/LOGO_CLEAR-5.png","width":3508,"height":998,"caption":"soldadoadrianojose"},"logo":{"@id":"https:\/\/soldadoadrianojose.com.br\/wp-content\/uploads\/2023\/02\/LOGO_CLEAR-5.png"},"sameAs":["https:\/\/soldadoadrianojose.com.br"]},{"@type":"Person","@id":"https:\/\/soldadoadrianojose.com.br\/#\/schema\/person\/cd48425bd7edd36fa5917c88fbe1cec5","name":"Emanuellig admin2","image":{"@type":"ImageObject","inLanguage":"pt-BR","@id":"https:\/\/soldadoadrianojose.com.br\/wp-content\/litespeed\/avatar\/235a59a115f40132a17fc909e61bc31d.jpg?ver=1777092356","url":"https:\/\/soldadoadrianojose.com.br\/wp-content\/litespeed\/avatar\/235a59a115f40132a17fc909e61bc31d.jpg?ver=1777092356","contentUrl":"https:\/\/soldadoadrianojose.com.br\/wp-content\/litespeed\/avatar\/235a59a115f40132a17fc909e61bc31d.jpg?ver=1777092356","caption":"Emanuellig admin2"},"url":"https:\/\/soldadoadrianojose.com.br\/index.php\/author\/manu\/"}]}},"jetpack_featured_media_url":"https:\/\/soldadoadrianojose.com.br\/wp-content\/uploads\/2025\/08\/IMG-20250811-WA00101.jpg","_links":{"self":[{"href":"https:\/\/soldadoadrianojose.com.br\/index.php\/wp-json\/wp\/v2\/posts\/3184","targetHints":{"allow":["GET"]}}],"collection":[{"href":"https:\/\/soldadoadrianojose.com.br\/index.php\/wp-json\/wp\/v2\/posts"}],"about":[{"href":"https:\/\/soldadoadrianojose.com.br\/index.php\/wp-json\/wp\/v2\/types\/post"}],"author":[{"embeddable":true,"href":"https:\/\/soldadoadrianojose.com.br\/index.php\/wp-json\/wp\/v2\/users\/3"}],"replies":[{"embeddable":true,"href":"https:\/\/soldadoadrianojose.com.br\/index.php\/wp-json\/wp\/v2\/comments?post=3184"}],"version-history":[{"count":3,"href":"https:\/\/soldadoadrianojose.com.br\/index.php\/wp-json\/wp\/v2\/posts\/3184\/revisions"}],"predecessor-version":[{"id":3190,"href":"https:\/\/soldadoadrianojose.com.br\/index.php\/wp-json\/wp\/v2\/posts\/3184\/revisions\/3190"}],"wp:featuredmedia":[{"embeddable":true,"href":"https:\/\/soldadoadrianojose.com.br\/index.php\/wp-json\/wp\/v2\/media\/3187"}],"wp:attachment":[{"href":"https:\/\/soldadoadrianojose.com.br\/index.php\/wp-json\/wp\/v2\/media?parent=3184"}],"wp:term":[{"taxonomy":"category","embeddable":true,"href":"https:\/\/soldadoadrianojose.com.br\/index.php\/wp-json\/wp\/v2\/categories?post=3184"},{"taxonomy":"post_tag","embeddable":true,"href":"https:\/\/soldadoadrianojose.com.br\/index.php\/wp-json\/wp\/v2\/tags?post=3184"}],"curies":[{"name":"wp","href":"https:\/\/api.w.org\/{rel}","templated":true}]}}