{"id":3195,"date":"2025-08-11T18:04:51","date_gmt":"2025-08-11T21:04:51","guid":{"rendered":"https:\/\/soldadoadrianojose.com.br\/?p=3195"},"modified":"2025-08-11T18:04:52","modified_gmt":"2025-08-11T21:04:52","slug":"deputado-adriano-jose-e-governador-ratinho-junior-anunciam-r-54-milhoes-para-construcao-centro-de-eventos-em-santa-fe","status":"publish","type":"post","link":"https:\/\/soldadoadrianojose.com.br\/index.php\/2025\/08\/11\/deputado-adriano-jose-e-governador-ratinho-junior-anunciam-r-54-milhoes-para-construcao-centro-de-eventos-em-santa-fe\/","title":{"rendered":"Deputado Adriano Jos\u00e9 e governador Ratinho J\u00fanior anunciam R$ 5,4 milh\u00f5es para constru\u00e7\u00e3o Centro de Eventos em Santa F\u00e9"},"content":{"rendered":"\n<p><\/p>\n\n\n\n<p>Santa F\u00e9 viveu um momento hist\u00f3rico com o an\u00fancio da libera\u00e7\u00e3o de R$ 5,4 milh\u00f5es para a constru\u00e7\u00e3o de um moderno Centro de Eventos, um marco para o desenvolvimento tur\u00edstico e econ\u00f4mico da cidade. A conquista \u00e9 fruto da articula\u00e7\u00e3o do deputado Adriano Jos\u00e9, do prefeito Edson Palotta, com apoio do secret\u00e1rio de Turismo Leonaldo Paranhos e do dedicado time de vereadores.<\/p>\n\n\n\n<p>O projeto vai transformar Santa F\u00e9 em um polo de turismo, com destaque para o fortalecimento do turismo religioso e a realiza\u00e7\u00e3o de grandes eventos. <\/p>\n\n\n\n<p>Segundo o deputado Adriano Jos\u00e9, esse investimento \u00e9 resultado de um trabalho conjunto e de uma gest\u00e3o comprometida em abrir novas oportunidades para a popula\u00e7\u00e3o. \u201c\u00c9 assim que se constr\u00f3i o futuro: com uni\u00e3o, planejamento e investimento certo\u201d, afirmou.<\/p>\n\n\n\n<p>Al\u00e9m das lideran\u00e7as estaduais, participaram e apoiaram a conquista nomes importantes da regi\u00e3o, como o prefeito de Iguara\u00e7u, Cl\u00e1udio, o prefeito de Floresta, Rog\u00e9rio, o prefeito de Mandagua\u00e7u, Beto Dentista, o prefeito de Ivatuba, Varlei, acompanhado do vice-prefeito Gian Carlos, o prefeito de Pai\u00e7andu, Ismael, o prefeito de Jardim Olinda, Weverton, o prefeito de Nossa Senhora das Gra\u00e7as, Luciano, e a prefeita de Astorga, Suzie.<\/p>\n\n\n\n<p> O investimento refor\u00e7a o compromisso do governo estadual, por meio do governador Ratinho Junior, em levar infraestrutura e desenvolvimento para todas as cidades do Noroeste.<\/p>\n","protected":false},"excerpt":{"rendered":"<p>Santa F\u00e9 viveu um momento hist\u00f3rico com o an\u00fancio da libera\u00e7\u00e3o de R$ 5,4 milh\u00f5es para a constru\u00e7\u00e3o de um moderno Centro de Eventos, um marco para o desenvolvimento tur\u00edstico e econ\u00f4mico da cidade. A conquista \u00e9 fruto da articula\u00e7\u00e3o do deputado Adriano Jos\u00e9, do prefeito Edson Palotta, com apoio do secret\u00e1rio de Turismo Leonaldo [&hellip;]<\/p>\n","protected":false},"author":3,"featured_media":3196,"comment_status":"open","ping_status":"open","sticky":false,"template":"","format":"standard","meta":{"footnotes":""},"categories":[1],"tags":[],"class_list":["post-3195","post","type-post","status-publish","format-standard","has-post-thumbnail","hentry","category-gabinete-sd"],"yoast_head":"<!-- This site is optimized with the Yoast SEO plugin v27.4 - https:\/\/yoast.com\/product\/yoast-seo-wordpress\/ -->\n<title>Deputado Adriano Jos\u00e9 e governador Ratinho J\u00fanior anunciam R$ 5,4 milh\u00f5es para constru\u00e7\u00e3o Centro de Eventos em Santa F\u00e9 - Deputado Adriano Jos\u00e9<\/title>\n<meta name=\"robots\" content=\"index, follow, max-snippet:-1, max-image-preview:large, max-video-preview:-1\" \/>\n<link rel=\"canonical\" href=\"https:\/\/soldadoadrianojose.com.br\/index.php\/2025\/08\/11\/deputado-adriano-jose-e-governador-ratinho-junior-anunciam-r-54-milhoes-para-construcao-centro-de-eventos-em-santa-fe\/\" \/>\n<meta property=\"og:locale\" content=\"pt_BR\" \/>\n<meta property=\"og:type\" content=\"article\" \/>\n<meta property=\"og:title\" content=\"Deputado Adriano Jos\u00e9 e governador Ratinho J\u00fanior anunciam R$ 5,4 milh\u00f5es para constru\u00e7\u00e3o Centro de Eventos em Santa F\u00e9 - Deputado Adriano Jos\u00e9\" \/>\n<meta property=\"og:description\" content=\"Santa F\u00e9 viveu um momento hist\u00f3rico com o an\u00fancio da libera\u00e7\u00e3o de R$ 5,4 milh\u00f5es para a constru\u00e7\u00e3o de um moderno Centro de Eventos, um marco para o desenvolvimento tur\u00edstico e econ\u00f4mico da cidade. A conquista \u00e9 fruto da articula\u00e7\u00e3o do deputado Adriano Jos\u00e9, do prefeito Edson Palotta, com apoio do secret\u00e1rio de Turismo Leonaldo [&hellip;]\" \/>\n<meta property=\"og:url\" content=\"https:\/\/soldadoadrianojose.com.br\/index.php\/2025\/08\/11\/deputado-adriano-jose-e-governador-ratinho-junior-anunciam-r-54-milhoes-para-construcao-centro-de-eventos-em-santa-fe\/\" \/>\n<meta property=\"og:site_name\" content=\"Deputado Adriano Jos\u00e9\" \/>\n<meta property=\"article:published_time\" content=\"2025-08-11T21:04:51+00:00\" \/>\n<meta property=\"article:modified_time\" content=\"2025-08-11T21:04:52+00:00\" \/>\n<meta property=\"og:image\" content=\"https:\/\/soldadoadrianojose.com.br\/wp-content\/uploads\/2025\/08\/IMG-20250811-WA00432.jpg\" \/>\n\t<meta property=\"og:image:width\" content=\"1600\" \/>\n\t<meta property=\"og:image:height\" content=\"1200\" \/>\n\t<meta property=\"og:image:type\" content=\"image\/jpeg\" \/>\n<meta name=\"author\" content=\"Emanuellig admin2\" \/>\n<meta name=\"twitter:card\" content=\"summary_large_image\" \/>\n<meta name=\"twitter:label1\" content=\"Escrito por\" \/>\n\t<meta name=\"twitter:data1\" content=\"Emanuellig admin2\" \/>\n\t<meta name=\"twitter:label2\" content=\"Est. tempo de leitura\" \/>\n\t<meta name=\"twitter:data2\" content=\"2 minutos\" \/>\n<script type=\"application\/ld+json\" class=\"yoast-schema-graph\">{\"@context\":\"https:\\\/\\\/schema.org\",\"@graph\":[{\"@type\":\"Article\",\"@id\":\"https:\\\/\\\/soldadoadrianojose.com.br\\\/index.php\\\/2025\\\/08\\\/11\\\/deputado-adriano-jose-e-governador-ratinho-junior-anunciam-r-54-milhoes-para-construcao-centro-de-eventos-em-santa-fe\\\/#article\",\"isPartOf\":{\"@id\":\"https:\\\/\\\/soldadoadrianojose.com.br\\\/index.php\\\/2025\\\/08\\\/11\\\/deputado-adriano-jose-e-governador-ratinho-junior-anunciam-r-54-milhoes-para-construcao-centro-de-eventos-em-santa-fe\\\/\"},\"author\":{\"name\":\"Emanuellig admin2\",\"@id\":\"https:\\\/\\\/soldadoadrianojose.com.br\\\/#\\\/schema\\\/person\\\/cd48425bd7edd36fa5917c88fbe1cec5\"},\"headline\":\"Deputado Adriano Jos\u00e9 e governador Ratinho J\u00fanior anunciam R$ 5,4 milh\u00f5es para constru\u00e7\u00e3o Centro de Eventos em Santa F\u00e9\",\"datePublished\":\"2025-08-11T21:04:51+00:00\",\"dateModified\":\"2025-08-11T21:04:52+00:00\",\"mainEntityOfPage\":{\"@id\":\"https:\\\/\\\/soldadoadrianojose.com.br\\\/index.php\\\/2025\\\/08\\\/11\\\/deputado-adriano-jose-e-governador-ratinho-junior-anunciam-r-54-milhoes-para-construcao-centro-de-eventos-em-santa-fe\\\/\"},\"wordCount\":257,\"commentCount\":0,\"publisher\":{\"@id\":\"https:\\\/\\\/soldadoadrianojose.com.br\\\/#\\\/schema\\\/person\\\/16f8e8defb7a4bd6c6082efcd1bdb6bb\"},\"image\":{\"@id\":\"https:\\\/\\\/soldadoadrianojose.com.br\\\/index.php\\\/2025\\\/08\\\/11\\\/deputado-adriano-jose-e-governador-ratinho-junior-anunciam-r-54-milhoes-para-construcao-centro-de-eventos-em-santa-fe\\\/#primaryimage\"},\"thumbnailUrl\":\"https:\\\/\\\/soldadoadrianojose.com.br\\\/wp-content\\\/uploads\\\/2025\\\/08\\\/IMG-20250811-WA00432.jpg\",\"articleSection\":[\"GABINETE SD\"],\"inLanguage\":\"pt-BR\",\"potentialAction\":[{\"@type\":\"CommentAction\",\"name\":\"Comment\",\"target\":[\"https:\\\/\\\/soldadoadrianojose.com.br\\\/index.php\\\/2025\\\/08\\\/11\\\/deputado-adriano-jose-e-governador-ratinho-junior-anunciam-r-54-milhoes-para-construcao-centro-de-eventos-em-santa-fe\\\/#respond\"]}]},{\"@type\":\"WebPage\",\"@id\":\"https:\\\/\\\/soldadoadrianojose.com.br\\\/index.php\\\/2025\\\/08\\\/11\\\/deputado-adriano-jose-e-governador-ratinho-junior-anunciam-r-54-milhoes-para-construcao-centro-de-eventos-em-santa-fe\\\/\",\"url\":\"https:\\\/\\\/soldadoadrianojose.com.br\\\/index.php\\\/2025\\\/08\\\/11\\\/deputado-adriano-jose-e-governador-ratinho-junior-anunciam-r-54-milhoes-para-construcao-centro-de-eventos-em-santa-fe\\\/\",\"name\":\"Deputado Adriano Jos\u00e9 e governador Ratinho J\u00fanior anunciam R$ 5,4 milh\u00f5es para constru\u00e7\u00e3o Centro de Eventos em Santa F\u00e9 - Deputado Adriano Jos\u00e9\",\"isPartOf\":{\"@id\":\"https:\\\/\\\/soldadoadrianojose.com.br\\\/#website\"},\"primaryImageOfPage\":{\"@id\":\"https:\\\/\\\/soldadoadrianojose.com.br\\\/index.php\\\/2025\\\/08\\\/11\\\/deputado-adriano-jose-e-governador-ratinho-junior-anunciam-r-54-milhoes-para-construcao-centro-de-eventos-em-santa-fe\\\/#primaryimage\"},\"image\":{\"@id\":\"https:\\\/\\\/soldadoadrianojose.com.br\\\/index.php\\\/2025\\\/08\\\/11\\\/deputado-adriano-jose-e-governador-ratinho-junior-anunciam-r-54-milhoes-para-construcao-centro-de-eventos-em-santa-fe\\\/#primaryimage\"},\"thumbnailUrl\":\"https:\\\/\\\/soldadoadrianojose.com.br\\\/wp-content\\\/uploads\\\/2025\\\/08\\\/IMG-20250811-WA00432.jpg\",\"datePublished\":\"2025-08-11T21:04:51+00:00\",\"dateModified\":\"2025-08-11T21:04:52+00:00\",\"breadcrumb\":{\"@id\":\"https:\\\/\\\/soldadoadrianojose.com.br\\\/index.php\\\/2025\\\/08\\\/11\\\/deputado-adriano-jose-e-governador-ratinho-junior-anunciam-r-54-milhoes-para-construcao-centro-de-eventos-em-santa-fe\\\/#breadcrumb\"},\"inLanguage\":\"pt-BR\",\"potentialAction\":[{\"@type\":\"ReadAction\",\"target\":[\"https:\\\/\\\/soldadoadrianojose.com.br\\\/index.php\\\/2025\\\/08\\\/11\\\/deputado-adriano-jose-e-governador-ratinho-junior-anunciam-r-54-milhoes-para-construcao-centro-de-eventos-em-santa-fe\\\/\"]}]},{\"@type\":\"ImageObject\",\"inLanguage\":\"pt-BR\",\"@id\":\"https:\\\/\\\/soldadoadrianojose.com.br\\\/index.php\\\/2025\\\/08\\\/11\\\/deputado-adriano-jose-e-governador-ratinho-junior-anunciam-r-54-milhoes-para-construcao-centro-de-eventos-em-santa-fe\\\/#primaryimage\",\"url\":\"https:\\\/\\\/soldadoadrianojose.com.br\\\/wp-content\\\/uploads\\\/2025\\\/08\\\/IMG-20250811-WA00432.jpg\",\"contentUrl\":\"https:\\\/\\\/soldadoadrianojose.com.br\\\/wp-content\\\/uploads\\\/2025\\\/08\\\/IMG-20250811-WA00432.jpg\",\"width\":1600,\"height\":1200},{\"@type\":\"BreadcrumbList\",\"@id\":\"https:\\\/\\\/soldadoadrianojose.com.br\\\/index.php\\\/2025\\\/08\\\/11\\\/deputado-adriano-jose-e-governador-ratinho-junior-anunciam-r-54-milhoes-para-construcao-centro-de-eventos-em-santa-fe\\\/#breadcrumb\",\"itemListElement\":[{\"@type\":\"ListItem\",\"position\":1,\"name\":\"In\u00edcio\",\"item\":\"https:\\\/\\\/soldadoadrianojose.com.br\\\/\"},{\"@type\":\"ListItem\",\"position\":2,\"name\":\"Deputado Adriano Jos\u00e9 e governador Ratinho J\u00fanior anunciam R$ 5,4 milh\u00f5es para constru\u00e7\u00e3o Centro de Eventos em Santa F\u00e9\"}]},{\"@type\":\"WebSite\",\"@id\":\"https:\\\/\\\/soldadoadrianojose.com.br\\\/#website\",\"url\":\"https:\\\/\\\/soldadoadrianojose.com.br\\\/\",\"name\":\"Deputado Adriano Jos\u00e9\",\"description\":\"Nosso trabalho \u00e9 pelas pessoas\",\"publisher\":{\"@id\":\"https:\\\/\\\/soldadoadrianojose.com.br\\\/#\\\/schema\\\/person\\\/16f8e8defb7a4bd6c6082efcd1bdb6bb\"},\"potentialAction\":[{\"@type\":\"SearchAction\",\"target\":{\"@type\":\"EntryPoint\",\"urlTemplate\":\"https:\\\/\\\/soldadoadrianojose.com.br\\\/?s={search_term_string}\"},\"query-input\":{\"@type\":\"PropertyValueSpecification\",\"valueRequired\":true,\"valueName\":\"search_term_string\"}}],\"inLanguage\":\"pt-BR\"},{\"@type\":[\"Person\",\"Organization\"],\"@id\":\"https:\\\/\\\/soldadoadrianojose.com.br\\\/#\\\/schema\\\/person\\\/16f8e8defb7a4bd6c6082efcd1bdb6bb\",\"name\":\"soldadoadrianojose\",\"image\":{\"@type\":\"ImageObject\",\"inLanguage\":\"pt-BR\",\"@id\":\"https:\\\/\\\/soldadoadrianojose.com.br\\\/wp-content\\\/uploads\\\/2023\\\/02\\\/LOGO_CLEAR-5.png\",\"url\":\"https:\\\/\\\/soldadoadrianojose.com.br\\\/wp-content\\\/uploads\\\/2023\\\/02\\\/LOGO_CLEAR-5.png\",\"contentUrl\":\"https:\\\/\\\/soldadoadrianojose.com.br\\\/wp-content\\\/uploads\\\/2023\\\/02\\\/LOGO_CLEAR-5.png\",\"width\":3508,\"height\":998,\"caption\":\"soldadoadrianojose\"},\"logo\":{\"@id\":\"https:\\\/\\\/soldadoadrianojose.com.br\\\/wp-content\\\/uploads\\\/2023\\\/02\\\/LOGO_CLEAR-5.png\"},\"sameAs\":[\"https:\\\/\\\/soldadoadrianojose.com.br\"]},{\"@type\":\"Person\",\"@id\":\"https:\\\/\\\/soldadoadrianojose.com.br\\\/#\\\/schema\\\/person\\\/cd48425bd7edd36fa5917c88fbe1cec5\",\"name\":\"Emanuellig admin2\",\"image\":{\"@type\":\"ImageObject\",\"inLanguage\":\"pt-BR\",\"@id\":\"https:\\\/\\\/soldadoadrianojose.com.br\\\/wp-content\\\/litespeed\\\/avatar\\\/235a59a115f40132a17fc909e61bc31d.jpg?ver=1777092356\",\"url\":\"https:\\\/\\\/soldadoadrianojose.com.br\\\/wp-content\\\/litespeed\\\/avatar\\\/235a59a115f40132a17fc909e61bc31d.jpg?ver=1777092356\",\"contentUrl\":\"https:\\\/\\\/soldadoadrianojose.com.br\\\/wp-content\\\/litespeed\\\/avatar\\\/235a59a115f40132a17fc909e61bc31d.jpg?ver=1777092356\",\"caption\":\"Emanuellig admin2\"},\"url\":\"https:\\\/\\\/soldadoadrianojose.com.br\\\/index.php\\\/author\\\/manu\\\/\"}]}<\/script>\n<!-- \/ Yoast SEO plugin. -->","yoast_head_json":{"title":"Deputado Adriano Jos\u00e9 e governador Ratinho J\u00fanior anunciam R$ 5,4 milh\u00f5es para constru\u00e7\u00e3o Centro de Eventos em Santa F\u00e9 - Deputado Adriano Jos\u00e9","robots":{"index":"index","follow":"follow","max-snippet":"max-snippet:-1","max-image-preview":"max-image-preview:large","max-video-preview":"max-video-preview:-1"},"canonical":"https:\/\/soldadoadrianojose.com.br\/index.php\/2025\/08\/11\/deputado-adriano-jose-e-governador-ratinho-junior-anunciam-r-54-milhoes-para-construcao-centro-de-eventos-em-santa-fe\/","og_locale":"pt_BR","og_type":"article","og_title":"Deputado Adriano Jos\u00e9 e governador Ratinho J\u00fanior anunciam R$ 5,4 milh\u00f5es para constru\u00e7\u00e3o Centro de Eventos em Santa F\u00e9 - Deputado Adriano Jos\u00e9","og_description":"Santa F\u00e9 viveu um momento hist\u00f3rico com o an\u00fancio da libera\u00e7\u00e3o de R$ 5,4 milh\u00f5es para a constru\u00e7\u00e3o de um moderno Centro de Eventos, um marco para o desenvolvimento tur\u00edstico e econ\u00f4mico da cidade. A conquista \u00e9 fruto da articula\u00e7\u00e3o do deputado Adriano Jos\u00e9, do prefeito Edson Palotta, com apoio do secret\u00e1rio de Turismo Leonaldo [&hellip;]","og_url":"https:\/\/soldadoadrianojose.com.br\/index.php\/2025\/08\/11\/deputado-adriano-jose-e-governador-ratinho-junior-anunciam-r-54-milhoes-para-construcao-centro-de-eventos-em-santa-fe\/","og_site_name":"Deputado Adriano Jos\u00e9","article_published_time":"2025-08-11T21:04:51+00:00","article_modified_time":"2025-08-11T21:04:52+00:00","og_image":[{"width":1600,"height":1200,"url":"https:\/\/soldadoadrianojose.com.br\/wp-content\/uploads\/2025\/08\/IMG-20250811-WA00432.jpg","type":"image\/jpeg"}],"author":"Emanuellig admin2","twitter_card":"summary_large_image","twitter_misc":{"Escrito por":"Emanuellig admin2","Est. tempo de leitura":"2 minutos"},"schema":{"@context":"https:\/\/schema.org","@graph":[{"@type":"Article","@id":"https:\/\/soldadoadrianojose.com.br\/index.php\/2025\/08\/11\/deputado-adriano-jose-e-governador-ratinho-junior-anunciam-r-54-milhoes-para-construcao-centro-de-eventos-em-santa-fe\/#article","isPartOf":{"@id":"https:\/\/soldadoadrianojose.com.br\/index.php\/2025\/08\/11\/deputado-adriano-jose-e-governador-ratinho-junior-anunciam-r-54-milhoes-para-construcao-centro-de-eventos-em-santa-fe\/"},"author":{"name":"Emanuellig admin2","@id":"https:\/\/soldadoadrianojose.com.br\/#\/schema\/person\/cd48425bd7edd36fa5917c88fbe1cec5"},"headline":"Deputado Adriano Jos\u00e9 e governador Ratinho J\u00fanior anunciam R$ 5,4 milh\u00f5es para constru\u00e7\u00e3o Centro de Eventos em Santa F\u00e9","datePublished":"2025-08-11T21:04:51+00:00","dateModified":"2025-08-11T21:04:52+00:00","mainEntityOfPage":{"@id":"https:\/\/soldadoadrianojose.com.br\/index.php\/2025\/08\/11\/deputado-adriano-jose-e-governador-ratinho-junior-anunciam-r-54-milhoes-para-construcao-centro-de-eventos-em-santa-fe\/"},"wordCount":257,"commentCount":0,"publisher":{"@id":"https:\/\/soldadoadrianojose.com.br\/#\/schema\/person\/16f8e8defb7a4bd6c6082efcd1bdb6bb"},"image":{"@id":"https:\/\/soldadoadrianojose.com.br\/index.php\/2025\/08\/11\/deputado-adriano-jose-e-governador-ratinho-junior-anunciam-r-54-milhoes-para-construcao-centro-de-eventos-em-santa-fe\/#primaryimage"},"thumbnailUrl":"https:\/\/soldadoadrianojose.com.br\/wp-content\/uploads\/2025\/08\/IMG-20250811-WA00432.jpg","articleSection":["GABINETE SD"],"inLanguage":"pt-BR","potentialAction":[{"@type":"CommentAction","name":"Comment","target":["https:\/\/soldadoadrianojose.com.br\/index.php\/2025\/08\/11\/deputado-adriano-jose-e-governador-ratinho-junior-anunciam-r-54-milhoes-para-construcao-centro-de-eventos-em-santa-fe\/#respond"]}]},{"@type":"WebPage","@id":"https:\/\/soldadoadrianojose.com.br\/index.php\/2025\/08\/11\/deputado-adriano-jose-e-governador-ratinho-junior-anunciam-r-54-milhoes-para-construcao-centro-de-eventos-em-santa-fe\/","url":"https:\/\/soldadoadrianojose.com.br\/index.php\/2025\/08\/11\/deputado-adriano-jose-e-governador-ratinho-junior-anunciam-r-54-milhoes-para-construcao-centro-de-eventos-em-santa-fe\/","name":"Deputado Adriano Jos\u00e9 e governador Ratinho J\u00fanior anunciam R$ 5,4 milh\u00f5es para constru\u00e7\u00e3o Centro de Eventos em Santa F\u00e9 - Deputado Adriano Jos\u00e9","isPartOf":{"@id":"https:\/\/soldadoadrianojose.com.br\/#website"},"primaryImageOfPage":{"@id":"https:\/\/soldadoadrianojose.com.br\/index.php\/2025\/08\/11\/deputado-adriano-jose-e-governador-ratinho-junior-anunciam-r-54-milhoes-para-construcao-centro-de-eventos-em-santa-fe\/#primaryimage"},"image":{"@id":"https:\/\/soldadoadrianojose.com.br\/index.php\/2025\/08\/11\/deputado-adriano-jose-e-governador-ratinho-junior-anunciam-r-54-milhoes-para-construcao-centro-de-eventos-em-santa-fe\/#primaryimage"},"thumbnailUrl":"https:\/\/soldadoadrianojose.com.br\/wp-content\/uploads\/2025\/08\/IMG-20250811-WA00432.jpg","datePublished":"2025-08-11T21:04:51+00:00","dateModified":"2025-08-11T21:04:52+00:00","breadcrumb":{"@id":"https:\/\/soldadoadrianojose.com.br\/index.php\/2025\/08\/11\/deputado-adriano-jose-e-governador-ratinho-junior-anunciam-r-54-milhoes-para-construcao-centro-de-eventos-em-santa-fe\/#breadcrumb"},"inLanguage":"pt-BR","potentialAction":[{"@type":"ReadAction","target":["https:\/\/soldadoadrianojose.com.br\/index.php\/2025\/08\/11\/deputado-adriano-jose-e-governador-ratinho-junior-anunciam-r-54-milhoes-para-construcao-centro-de-eventos-em-santa-fe\/"]}]},{"@type":"ImageObject","inLanguage":"pt-BR","@id":"https:\/\/soldadoadrianojose.com.br\/index.php\/2025\/08\/11\/deputado-adriano-jose-e-governador-ratinho-junior-anunciam-r-54-milhoes-para-construcao-centro-de-eventos-em-santa-fe\/#primaryimage","url":"https:\/\/soldadoadrianojose.com.br\/wp-content\/uploads\/2025\/08\/IMG-20250811-WA00432.jpg","contentUrl":"https:\/\/soldadoadrianojose.com.br\/wp-content\/uploads\/2025\/08\/IMG-20250811-WA00432.jpg","width":1600,"height":1200},{"@type":"BreadcrumbList","@id":"https:\/\/soldadoadrianojose.com.br\/index.php\/2025\/08\/11\/deputado-adriano-jose-e-governador-ratinho-junior-anunciam-r-54-milhoes-para-construcao-centro-de-eventos-em-santa-fe\/#breadcrumb","itemListElement":[{"@type":"ListItem","position":1,"name":"In\u00edcio","item":"https:\/\/soldadoadrianojose.com.br\/"},{"@type":"ListItem","position":2,"name":"Deputado Adriano Jos\u00e9 e governador Ratinho J\u00fanior anunciam R$ 5,4 milh\u00f5es para constru\u00e7\u00e3o Centro de Eventos em Santa F\u00e9"}]},{"@type":"WebSite","@id":"https:\/\/soldadoadrianojose.com.br\/#website","url":"https:\/\/soldadoadrianojose.com.br\/","name":"Deputado Adriano Jos\u00e9","description":"Nosso trabalho \u00e9 pelas pessoas","publisher":{"@id":"https:\/\/soldadoadrianojose.com.br\/#\/schema\/person\/16f8e8defb7a4bd6c6082efcd1bdb6bb"},"potentialAction":[{"@type":"SearchAction","target":{"@type":"EntryPoint","urlTemplate":"https:\/\/soldadoadrianojose.com.br\/?s={search_term_string}"},"query-input":{"@type":"PropertyValueSpecification","valueRequired":true,"valueName":"search_term_string"}}],"inLanguage":"pt-BR"},{"@type":["Person","Organization"],"@id":"https:\/\/soldadoadrianojose.com.br\/#\/schema\/person\/16f8e8defb7a4bd6c6082efcd1bdb6bb","name":"soldadoadrianojose","image":{"@type":"ImageObject","inLanguage":"pt-BR","@id":"https:\/\/soldadoadrianojose.com.br\/wp-content\/uploads\/2023\/02\/LOGO_CLEAR-5.png","url":"https:\/\/soldadoadrianojose.com.br\/wp-content\/uploads\/2023\/02\/LOGO_CLEAR-5.png","contentUrl":"https:\/\/soldadoadrianojose.com.br\/wp-content\/uploads\/2023\/02\/LOGO_CLEAR-5.png","width":3508,"height":998,"caption":"soldadoadrianojose"},"logo":{"@id":"https:\/\/soldadoadrianojose.com.br\/wp-content\/uploads\/2023\/02\/LOGO_CLEAR-5.png"},"sameAs":["https:\/\/soldadoadrianojose.com.br"]},{"@type":"Person","@id":"https:\/\/soldadoadrianojose.com.br\/#\/schema\/person\/cd48425bd7edd36fa5917c88fbe1cec5","name":"Emanuellig admin2","image":{"@type":"ImageObject","inLanguage":"pt-BR","@id":"https:\/\/soldadoadrianojose.com.br\/wp-content\/litespeed\/avatar\/235a59a115f40132a17fc909e61bc31d.jpg?ver=1777092356","url":"https:\/\/soldadoadrianojose.com.br\/wp-content\/litespeed\/avatar\/235a59a115f40132a17fc909e61bc31d.jpg?ver=1777092356","contentUrl":"https:\/\/soldadoadrianojose.com.br\/wp-content\/litespeed\/avatar\/235a59a115f40132a17fc909e61bc31d.jpg?ver=1777092356","caption":"Emanuellig admin2"},"url":"https:\/\/soldadoadrianojose.com.br\/index.php\/author\/manu\/"}]}},"jetpack_featured_media_url":"https:\/\/soldadoadrianojose.com.br\/wp-content\/uploads\/2025\/08\/IMG-20250811-WA00432.jpg","_links":{"self":[{"href":"https:\/\/soldadoadrianojose.com.br\/index.php\/wp-json\/wp\/v2\/posts\/3195","targetHints":{"allow":["GET"]}}],"collection":[{"href":"https:\/\/soldadoadrianojose.com.br\/index.php\/wp-json\/wp\/v2\/posts"}],"about":[{"href":"https:\/\/soldadoadrianojose.com.br\/index.php\/wp-json\/wp\/v2\/types\/post"}],"author":[{"embeddable":true,"href":"https:\/\/soldadoadrianojose.com.br\/index.php\/wp-json\/wp\/v2\/users\/3"}],"replies":[{"embeddable":true,"href":"https:\/\/soldadoadrianojose.com.br\/index.php\/wp-json\/wp\/v2\/comments?post=3195"}],"version-history":[{"count":1,"href":"https:\/\/soldadoadrianojose.com.br\/index.php\/wp-json\/wp\/v2\/posts\/3195\/revisions"}],"predecessor-version":[{"id":3197,"href":"https:\/\/soldadoadrianojose.com.br\/index.php\/wp-json\/wp\/v2\/posts\/3195\/revisions\/3197"}],"wp:featuredmedia":[{"embeddable":true,"href":"https:\/\/soldadoadrianojose.com.br\/index.php\/wp-json\/wp\/v2\/media\/3196"}],"wp:attachment":[{"href":"https:\/\/soldadoadrianojose.com.br\/index.php\/wp-json\/wp\/v2\/media?parent=3195"}],"wp:term":[{"taxonomy":"category","embeddable":true,"href":"https:\/\/soldadoadrianojose.com.br\/index.php\/wp-json\/wp\/v2\/categories?post=3195"},{"taxonomy":"post_tag","embeddable":true,"href":"https:\/\/soldadoadrianojose.com.br\/index.php\/wp-json\/wp\/v2\/tags?post=3195"}],"curies":[{"name":"wp","href":"https:\/\/api.w.org\/{rel}","templated":true}]}}