{"id":3200,"date":"2025-08-12T11:54:18","date_gmt":"2025-08-12T14:54:18","guid":{"rendered":"https:\/\/soldadoadrianojose.com.br\/?p=3200"},"modified":"2025-08-12T11:54:19","modified_gmt":"2025-08-12T14:54:19","slug":"assembleia-legislativa-celebra-171-anos-de-historia-da-policia-militar-do-parana","status":"publish","type":"post","link":"https:\/\/soldadoadrianojose.com.br\/index.php\/2025\/08\/12\/assembleia-legislativa-celebra-171-anos-de-historia-da-policia-militar-do-parana\/","title":{"rendered":"Assembleia Legislativa celebra 171 anos de hist\u00f3ria da Pol\u00edcia Militar do Paran\u00e1"},"content":{"rendered":"\n<p>Sess\u00e3o Solene, proposta pelo deputado Adriano Jos\u00e9 (PP), destacou a evolu\u00e7\u00e3o da corpora\u00e7\u00e3o desde 1854 e sua contribui\u00e7\u00e3o para a seguran\u00e7a do Estado.<\/p>\n\n\n\n<p>A Assembleia Legislativa do Paran\u00e1 realizou, nesta ter\u00e7a-feira (12), no Plen\u00e1rio, sess\u00e3o solene em homenagem aos 171 anos da Pol\u00edcia Militar do Estado. O evento contou com a presen\u00e7a de parlamentares, integrantes da corpora\u00e7\u00e3o e representantes de \u00f3rg\u00e3os p\u00fablicos e entidades de classe, que destacaram o papel da institui\u00e7\u00e3o na manuten\u00e7\u00e3o da seguran\u00e7a e da ordem no Paran\u00e1.\u201cComemorar o anivers\u00e1rio da Pol\u00edcia Militar \u00e9 enaltecer e honrar os homens e mulheres que defendem as fam\u00edlias paranaenses\u201d, destacou o proponente da iniciativa, deputado estadual Adriano Jos\u00e9 (PP), presidente da Comiss\u00e3o de Seguran\u00e7a P\u00fablica do Parlamento Estadual.<\/p>\n\n\n\n<p>O deputado tamb\u00e9m afirmou que o anivers\u00e1rio da Pol\u00edcia Militar representa uma conquista para toda a sociedade paranaense. Ele lembrou os 171 anos de luta, hist\u00f3ria e entrega da corpora\u00e7\u00e3o, que hoje \u00e9 refer\u00eancia nacional no enfrentamento \u00e0 criminalidade e na redu\u00e7\u00e3o dos \u00edndices de viol\u00eancia. O parlamentar Batatinha (MDB) tamb\u00e9m participou da solenidade. Segundo ele, a PM do Paran\u00e1 \u00e9 a melhor pol\u00edcia militar do Brasil e que isso precisa ser reconhecido. \u201cOs trabalhadores do Paran\u00e1 adoram e respeitam a PM. Estamos \u00e0 disposi\u00e7\u00e3o de voc\u00eas e que Deus aben\u00e7oe voc\u00eas nesse combate ao crime\u201d.O coronel Paulo Henrique Semmer, subcomandante da PM Paran\u00e1, agradeceu as homenagens recebidas na Assembleia Legislativa e ressaltou o trabalho constante da corpora\u00e7\u00e3o, dia e noite, para combater os problemas das cidades. Ele destacou o atual momento positivo da seguran\u00e7a p\u00fablica no Paran\u00e1. \u201cTemos um governo atuante e participativo e o apoio da Assembleia Legislativa, que recentemente aprovou a reestrutura\u00e7\u00e3o da Pol\u00edcia Militar e outros projetos relevantes para o setor. Para n\u00f3s, \u00e9 uma satisfa\u00e7\u00e3o estarmos sendo homenageados nesses 171 anos de servi\u00e7os \u00e0 comunidade paranaense\u201d, afirmou.<\/p>\n\n\n\n<figure class=\"wp-block-image size-full\"><img fetchpriority=\"high\" decoding=\"async\" width=\"799\" height=\"533\" src=\"https:\/\/soldadoadrianojose.com.br\/wp-content\/uploads\/2025\/08\/1000214594.jpg\" alt=\"\" class=\"wp-image-3203\" srcset=\"https:\/\/soldadoadrianojose.com.br\/wp-content\/uploads\/2025\/08\/1000214594.jpg 799w, https:\/\/soldadoadrianojose.com.br\/wp-content\/uploads\/2025\/08\/1000214594-300x200.jpg 300w, https:\/\/soldadoadrianojose.com.br\/wp-content\/uploads\/2025\/08\/1000214594-768x512.jpg 768w\" sizes=\"(max-width: 799px) 100vw, 799px\" \/><\/figure>\n\n\n\n\n\n<p>O chefe da Casa Militar do Governo do Paran\u00e1, Marcos Ant\u00f4nio Tordoro, destacou a relev\u00e2ncia do reconhecimento \u00e0 Pol\u00edcia Militar. \u201cA corpora\u00e7\u00e3o est\u00e1 presente em todos os munic\u00edpios do estado, salvando vidas e protegendo pessoas, com a miss\u00e3o de cuidar e servir\u201d. Para Tordoro, a ess\u00eancia do trabalho policial est\u00e1 no contato direto com a popula\u00e7\u00e3o \u2014 crian\u00e7as, idosos e adultos \u2014, sendo fundamental \u201cgostar de gente\u201d para transformar vidas. O subcomandante-geral do Corpo de Bombeiros Militares do Paran\u00e1, Jonas Emanuel Pinto, enalteceu a integra\u00e7\u00e3o de todas as for\u00e7as em defesa do estado. Durante a solenidade, o subcomandante relatou que sua equipe estava atuando em uma grave ocorr\u00eancia de explos\u00e3o na Regi\u00e3o Metropolitana de Curitiba, refor\u00e7ando que o trabalho n\u00e3o para e que o reconhecimento da popula\u00e7\u00e3o \u00e9 fundamental para manter a motiva\u00e7\u00e3o das equipes.<\/p>\n\n\n\n<p>O defensor p\u00fablico-geral do Paran\u00e1, Matheus Munhoz, disse que a inten\u00e7\u00e3o \u00e9 participar cada vez mais ativamente da PM, em uma a\u00e7\u00e3o mais integrada. \u201cEssa aproxima\u00e7\u00e3o institucional \u00e9 positiva, tanto na garantia dos direitos quanto na atua\u00e7\u00e3o, como na garantia dos direitos como cidad\u00e3os\u201d.Participaram tamb\u00e9m o secret\u00e1rio de Defesa Social e Tr\u00e2nsito de Curitiba, Rafael Viana, representando o prefeito de Curitiba, Eduardo Pimentel; o chefe do Gabinete Militar da Assembleia, Robson Seletti; o coronel Luiz Rodrigo Carstens, representando a Associa\u00e7\u00e3o dos Oficiais Policiais e Bombeiros Militares do Estado do Paran\u00e1 (ASSOFEPAR), e o coronel Farias, presidente do Clube dos Oficiais da PM.<\/p>\n\n\n\n<p>Hist\u00f3riaA Pol\u00edcia Militar do Paran\u00e1 foi criada como uma unidade de Ca\u00e7adores, pela Lei provincial n\u00ba 7, de 10 de agosto de 1854, denominada Companhia de For\u00e7a Policial. Atualmente, tem por fun\u00e7\u00e3o primordial o policiamento ostensivo e a preserva\u00e7\u00e3o da ordem p\u00fablica no Estado do Paran\u00e1. Ela \u00e9 For\u00e7a Auxiliar e Reserva do Ex\u00e9rcito Brasileiro, e integra o Sistema de Seguran\u00e7a P\u00fablica e Defesa Social do Brasil. Seus integrantes s\u00e3o denominados Militares dos Estados, assim como os membros do Corpo de Bombeiros.<\/p>\n\n\n\n<p>Come\u00e7ou em 1854 como Companhia de For\u00e7a Policial da Prov\u00edncia do Paran\u00e1; em 1874, passou a ser chamada de Corpo Policial da Prov\u00edncia do Paran\u00e1; em 1891, Corpo Militar de Pol\u00edcia do Estado do Paran\u00e1; e, em 1892, Regimento de Seguran\u00e7a do Estado do Paran\u00e1. No s\u00e9culo 20, em 1917, foi nominada For\u00e7a Militar do Estado do Paran\u00e1; em 1932, passou a ser For\u00e7a P\u00fablica do Estado do Paran\u00e1; em 1939, For\u00e7a Policial do Estado do Paran\u00e1; at\u00e9 que, em 1946, recebeu seu nome que perdura at\u00e9 hoje: Pol\u00edcia Militar do Estado do Paran\u00e1.<\/p>\n","protected":false},"excerpt":{"rendered":"<p>Sess\u00e3o Solene, proposta pelo deputado Adriano Jos\u00e9 (PP), destacou a evolu\u00e7\u00e3o da corpora\u00e7\u00e3o desde 1854 e sua contribui\u00e7\u00e3o para a seguran\u00e7a do Estado. A Assembleia Legislativa do Paran\u00e1 realizou, nesta ter\u00e7a-feira (12), no Plen\u00e1rio, sess\u00e3o solene em homenagem aos 171 anos da Pol\u00edcia Militar do Estado. O evento contou com a presen\u00e7a de parlamentares, integrantes [&hellip;]<\/p>\n","protected":false},"author":3,"featured_media":3202,"comment_status":"open","ping_status":"open","sticky":false,"template":"","format":"standard","meta":{"footnotes":""},"categories":[1],"tags":[],"class_list":["post-3200","post","type-post","status-publish","format-standard","has-post-thumbnail","hentry","category-gabinete-sd"],"yoast_head":"<!-- This site is optimized with the Yoast SEO plugin v27.4 - https:\/\/yoast.com\/product\/yoast-seo-wordpress\/ -->\n<title>Assembleia Legislativa celebra 171 anos de hist\u00f3ria da Pol\u00edcia Militar do Paran\u00e1 - Deputado Adriano Jos\u00e9<\/title>\n<meta name=\"robots\" content=\"index, follow, max-snippet:-1, max-image-preview:large, max-video-preview:-1\" \/>\n<link rel=\"canonical\" href=\"https:\/\/soldadoadrianojose.com.br\/index.php\/2025\/08\/12\/assembleia-legislativa-celebra-171-anos-de-historia-da-policia-militar-do-parana\/\" \/>\n<meta property=\"og:locale\" content=\"pt_BR\" \/>\n<meta property=\"og:type\" content=\"article\" \/>\n<meta property=\"og:title\" content=\"Assembleia Legislativa celebra 171 anos de hist\u00f3ria da Pol\u00edcia Militar do Paran\u00e1 - Deputado Adriano Jos\u00e9\" \/>\n<meta property=\"og:description\" content=\"Sess\u00e3o Solene, proposta pelo deputado Adriano Jos\u00e9 (PP), destacou a evolu\u00e7\u00e3o da corpora\u00e7\u00e3o desde 1854 e sua contribui\u00e7\u00e3o para a seguran\u00e7a do Estado. A Assembleia Legislativa do Paran\u00e1 realizou, nesta ter\u00e7a-feira (12), no Plen\u00e1rio, sess\u00e3o solene em homenagem aos 171 anos da Pol\u00edcia Militar do Estado. O evento contou com a presen\u00e7a de parlamentares, integrantes [&hellip;]\" \/>\n<meta property=\"og:url\" content=\"https:\/\/soldadoadrianojose.com.br\/index.php\/2025\/08\/12\/assembleia-legislativa-celebra-171-anos-de-historia-da-policia-militar-do-parana\/\" \/>\n<meta property=\"og:site_name\" content=\"Deputado Adriano Jos\u00e9\" \/>\n<meta property=\"article:published_time\" content=\"2025-08-12T14:54:18+00:00\" \/>\n<meta property=\"article:modified_time\" content=\"2025-08-12T14:54:19+00:00\" \/>\n<meta property=\"og:image\" content=\"https:\/\/soldadoadrianojose.com.br\/wp-content\/uploads\/2025\/08\/54716114841_7737cc9666_c.jpg\" \/>\n\t<meta property=\"og:image:width\" content=\"799\" \/>\n\t<meta property=\"og:image:height\" content=\"533\" \/>\n\t<meta property=\"og:image:type\" content=\"image\/jpeg\" \/>\n<meta name=\"author\" content=\"Emanuellig admin2\" \/>\n<meta name=\"twitter:card\" content=\"summary_large_image\" \/>\n<meta name=\"twitter:label1\" content=\"Escrito por\" \/>\n\t<meta name=\"twitter:data1\" content=\"Emanuellig admin2\" \/>\n\t<meta name=\"twitter:label2\" content=\"Est. tempo de leitura\" \/>\n\t<meta name=\"twitter:data2\" content=\"5 minutos\" \/>\n<script type=\"application\/ld+json\" class=\"yoast-schema-graph\">{\"@context\":\"https:\\\/\\\/schema.org\",\"@graph\":[{\"@type\":\"Article\",\"@id\":\"https:\\\/\\\/soldadoadrianojose.com.br\\\/index.php\\\/2025\\\/08\\\/12\\\/assembleia-legislativa-celebra-171-anos-de-historia-da-policia-militar-do-parana\\\/#article\",\"isPartOf\":{\"@id\":\"https:\\\/\\\/soldadoadrianojose.com.br\\\/index.php\\\/2025\\\/08\\\/12\\\/assembleia-legislativa-celebra-171-anos-de-historia-da-policia-militar-do-parana\\\/\"},\"author\":{\"name\":\"Emanuellig admin2\",\"@id\":\"https:\\\/\\\/soldadoadrianojose.com.br\\\/#\\\/schema\\\/person\\\/cd48425bd7edd36fa5917c88fbe1cec5\"},\"headline\":\"Assembleia Legislativa celebra 171 anos de hist\u00f3ria da Pol\u00edcia Militar do Paran\u00e1\",\"datePublished\":\"2025-08-12T14:54:18+00:00\",\"dateModified\":\"2025-08-12T14:54:19+00:00\",\"mainEntityOfPage\":{\"@id\":\"https:\\\/\\\/soldadoadrianojose.com.br\\\/index.php\\\/2025\\\/08\\\/12\\\/assembleia-legislativa-celebra-171-anos-de-historia-da-policia-militar-do-parana\\\/\"},\"wordCount\":794,\"commentCount\":0,\"publisher\":{\"@id\":\"https:\\\/\\\/soldadoadrianojose.com.br\\\/#\\\/schema\\\/person\\\/16f8e8defb7a4bd6c6082efcd1bdb6bb\"},\"image\":{\"@id\":\"https:\\\/\\\/soldadoadrianojose.com.br\\\/index.php\\\/2025\\\/08\\\/12\\\/assembleia-legislativa-celebra-171-anos-de-historia-da-policia-militar-do-parana\\\/#primaryimage\"},\"thumbnailUrl\":\"https:\\\/\\\/soldadoadrianojose.com.br\\\/wp-content\\\/uploads\\\/2025\\\/08\\\/54716114841_7737cc9666_c.jpg\",\"articleSection\":[\"GABINETE SD\"],\"inLanguage\":\"pt-BR\",\"potentialAction\":[{\"@type\":\"CommentAction\",\"name\":\"Comment\",\"target\":[\"https:\\\/\\\/soldadoadrianojose.com.br\\\/index.php\\\/2025\\\/08\\\/12\\\/assembleia-legislativa-celebra-171-anos-de-historia-da-policia-militar-do-parana\\\/#respond\"]}]},{\"@type\":\"WebPage\",\"@id\":\"https:\\\/\\\/soldadoadrianojose.com.br\\\/index.php\\\/2025\\\/08\\\/12\\\/assembleia-legislativa-celebra-171-anos-de-historia-da-policia-militar-do-parana\\\/\",\"url\":\"https:\\\/\\\/soldadoadrianojose.com.br\\\/index.php\\\/2025\\\/08\\\/12\\\/assembleia-legislativa-celebra-171-anos-de-historia-da-policia-militar-do-parana\\\/\",\"name\":\"Assembleia Legislativa celebra 171 anos de hist\u00f3ria da Pol\u00edcia Militar do Paran\u00e1 - Deputado Adriano Jos\u00e9\",\"isPartOf\":{\"@id\":\"https:\\\/\\\/soldadoadrianojose.com.br\\\/#website\"},\"primaryImageOfPage\":{\"@id\":\"https:\\\/\\\/soldadoadrianojose.com.br\\\/index.php\\\/2025\\\/08\\\/12\\\/assembleia-legislativa-celebra-171-anos-de-historia-da-policia-militar-do-parana\\\/#primaryimage\"},\"image\":{\"@id\":\"https:\\\/\\\/soldadoadrianojose.com.br\\\/index.php\\\/2025\\\/08\\\/12\\\/assembleia-legislativa-celebra-171-anos-de-historia-da-policia-militar-do-parana\\\/#primaryimage\"},\"thumbnailUrl\":\"https:\\\/\\\/soldadoadrianojose.com.br\\\/wp-content\\\/uploads\\\/2025\\\/08\\\/54716114841_7737cc9666_c.jpg\",\"datePublished\":\"2025-08-12T14:54:18+00:00\",\"dateModified\":\"2025-08-12T14:54:19+00:00\",\"breadcrumb\":{\"@id\":\"https:\\\/\\\/soldadoadrianojose.com.br\\\/index.php\\\/2025\\\/08\\\/12\\\/assembleia-legislativa-celebra-171-anos-de-historia-da-policia-militar-do-parana\\\/#breadcrumb\"},\"inLanguage\":\"pt-BR\",\"potentialAction\":[{\"@type\":\"ReadAction\",\"target\":[\"https:\\\/\\\/soldadoadrianojose.com.br\\\/index.php\\\/2025\\\/08\\\/12\\\/assembleia-legislativa-celebra-171-anos-de-historia-da-policia-militar-do-parana\\\/\"]}]},{\"@type\":\"ImageObject\",\"inLanguage\":\"pt-BR\",\"@id\":\"https:\\\/\\\/soldadoadrianojose.com.br\\\/index.php\\\/2025\\\/08\\\/12\\\/assembleia-legislativa-celebra-171-anos-de-historia-da-policia-militar-do-parana\\\/#primaryimage\",\"url\":\"https:\\\/\\\/soldadoadrianojose.com.br\\\/wp-content\\\/uploads\\\/2025\\\/08\\\/54716114841_7737cc9666_c.jpg\",\"contentUrl\":\"https:\\\/\\\/soldadoadrianojose.com.br\\\/wp-content\\\/uploads\\\/2025\\\/08\\\/54716114841_7737cc9666_c.jpg\",\"width\":799,\"height\":533},{\"@type\":\"BreadcrumbList\",\"@id\":\"https:\\\/\\\/soldadoadrianojose.com.br\\\/index.php\\\/2025\\\/08\\\/12\\\/assembleia-legislativa-celebra-171-anos-de-historia-da-policia-militar-do-parana\\\/#breadcrumb\",\"itemListElement\":[{\"@type\":\"ListItem\",\"position\":1,\"name\":\"In\u00edcio\",\"item\":\"https:\\\/\\\/soldadoadrianojose.com.br\\\/\"},{\"@type\":\"ListItem\",\"position\":2,\"name\":\"Assembleia Legislativa celebra 171 anos de hist\u00f3ria da Pol\u00edcia Militar do Paran\u00e1\"}]},{\"@type\":\"WebSite\",\"@id\":\"https:\\\/\\\/soldadoadrianojose.com.br\\\/#website\",\"url\":\"https:\\\/\\\/soldadoadrianojose.com.br\\\/\",\"name\":\"Deputado Adriano Jos\u00e9\",\"description\":\"Nosso trabalho \u00e9 pelas pessoas\",\"publisher\":{\"@id\":\"https:\\\/\\\/soldadoadrianojose.com.br\\\/#\\\/schema\\\/person\\\/16f8e8defb7a4bd6c6082efcd1bdb6bb\"},\"potentialAction\":[{\"@type\":\"SearchAction\",\"target\":{\"@type\":\"EntryPoint\",\"urlTemplate\":\"https:\\\/\\\/soldadoadrianojose.com.br\\\/?s={search_term_string}\"},\"query-input\":{\"@type\":\"PropertyValueSpecification\",\"valueRequired\":true,\"valueName\":\"search_term_string\"}}],\"inLanguage\":\"pt-BR\"},{\"@type\":[\"Person\",\"Organization\"],\"@id\":\"https:\\\/\\\/soldadoadrianojose.com.br\\\/#\\\/schema\\\/person\\\/16f8e8defb7a4bd6c6082efcd1bdb6bb\",\"name\":\"soldadoadrianojose\",\"image\":{\"@type\":\"ImageObject\",\"inLanguage\":\"pt-BR\",\"@id\":\"https:\\\/\\\/soldadoadrianojose.com.br\\\/wp-content\\\/uploads\\\/2023\\\/02\\\/LOGO_CLEAR-5.png\",\"url\":\"https:\\\/\\\/soldadoadrianojose.com.br\\\/wp-content\\\/uploads\\\/2023\\\/02\\\/LOGO_CLEAR-5.png\",\"contentUrl\":\"https:\\\/\\\/soldadoadrianojose.com.br\\\/wp-content\\\/uploads\\\/2023\\\/02\\\/LOGO_CLEAR-5.png\",\"width\":3508,\"height\":998,\"caption\":\"soldadoadrianojose\"},\"logo\":{\"@id\":\"https:\\\/\\\/soldadoadrianojose.com.br\\\/wp-content\\\/uploads\\\/2023\\\/02\\\/LOGO_CLEAR-5.png\"},\"sameAs\":[\"https:\\\/\\\/soldadoadrianojose.com.br\"]},{\"@type\":\"Person\",\"@id\":\"https:\\\/\\\/soldadoadrianojose.com.br\\\/#\\\/schema\\\/person\\\/cd48425bd7edd36fa5917c88fbe1cec5\",\"name\":\"Emanuellig admin2\",\"image\":{\"@type\":\"ImageObject\",\"inLanguage\":\"pt-BR\",\"@id\":\"https:\\\/\\\/soldadoadrianojose.com.br\\\/wp-content\\\/litespeed\\\/avatar\\\/235a59a115f40132a17fc909e61bc31d.jpg?ver=1777092356\",\"url\":\"https:\\\/\\\/soldadoadrianojose.com.br\\\/wp-content\\\/litespeed\\\/avatar\\\/235a59a115f40132a17fc909e61bc31d.jpg?ver=1777092356\",\"contentUrl\":\"https:\\\/\\\/soldadoadrianojose.com.br\\\/wp-content\\\/litespeed\\\/avatar\\\/235a59a115f40132a17fc909e61bc31d.jpg?ver=1777092356\",\"caption\":\"Emanuellig admin2\"},\"url\":\"https:\\\/\\\/soldadoadrianojose.com.br\\\/index.php\\\/author\\\/manu\\\/\"}]}<\/script>\n<!-- \/ Yoast SEO plugin. -->","yoast_head_json":{"title":"Assembleia Legislativa celebra 171 anos de hist\u00f3ria da Pol\u00edcia Militar do Paran\u00e1 - Deputado Adriano Jos\u00e9","robots":{"index":"index","follow":"follow","max-snippet":"max-snippet:-1","max-image-preview":"max-image-preview:large","max-video-preview":"max-video-preview:-1"},"canonical":"https:\/\/soldadoadrianojose.com.br\/index.php\/2025\/08\/12\/assembleia-legislativa-celebra-171-anos-de-historia-da-policia-militar-do-parana\/","og_locale":"pt_BR","og_type":"article","og_title":"Assembleia Legislativa celebra 171 anos de hist\u00f3ria da Pol\u00edcia Militar do Paran\u00e1 - Deputado Adriano Jos\u00e9","og_description":"Sess\u00e3o Solene, proposta pelo deputado Adriano Jos\u00e9 (PP), destacou a evolu\u00e7\u00e3o da corpora\u00e7\u00e3o desde 1854 e sua contribui\u00e7\u00e3o para a seguran\u00e7a do Estado. A Assembleia Legislativa do Paran\u00e1 realizou, nesta ter\u00e7a-feira (12), no Plen\u00e1rio, sess\u00e3o solene em homenagem aos 171 anos da Pol\u00edcia Militar do Estado. O evento contou com a presen\u00e7a de parlamentares, integrantes [&hellip;]","og_url":"https:\/\/soldadoadrianojose.com.br\/index.php\/2025\/08\/12\/assembleia-legislativa-celebra-171-anos-de-historia-da-policia-militar-do-parana\/","og_site_name":"Deputado Adriano Jos\u00e9","article_published_time":"2025-08-12T14:54:18+00:00","article_modified_time":"2025-08-12T14:54:19+00:00","og_image":[{"width":799,"height":533,"url":"https:\/\/soldadoadrianojose.com.br\/wp-content\/uploads\/2025\/08\/54716114841_7737cc9666_c.jpg","type":"image\/jpeg"}],"author":"Emanuellig admin2","twitter_card":"summary_large_image","twitter_misc":{"Escrito por":"Emanuellig admin2","Est. tempo de leitura":"5 minutos"},"schema":{"@context":"https:\/\/schema.org","@graph":[{"@type":"Article","@id":"https:\/\/soldadoadrianojose.com.br\/index.php\/2025\/08\/12\/assembleia-legislativa-celebra-171-anos-de-historia-da-policia-militar-do-parana\/#article","isPartOf":{"@id":"https:\/\/soldadoadrianojose.com.br\/index.php\/2025\/08\/12\/assembleia-legislativa-celebra-171-anos-de-historia-da-policia-militar-do-parana\/"},"author":{"name":"Emanuellig admin2","@id":"https:\/\/soldadoadrianojose.com.br\/#\/schema\/person\/cd48425bd7edd36fa5917c88fbe1cec5"},"headline":"Assembleia Legislativa celebra 171 anos de hist\u00f3ria da Pol\u00edcia Militar do Paran\u00e1","datePublished":"2025-08-12T14:54:18+00:00","dateModified":"2025-08-12T14:54:19+00:00","mainEntityOfPage":{"@id":"https:\/\/soldadoadrianojose.com.br\/index.php\/2025\/08\/12\/assembleia-legislativa-celebra-171-anos-de-historia-da-policia-militar-do-parana\/"},"wordCount":794,"commentCount":0,"publisher":{"@id":"https:\/\/soldadoadrianojose.com.br\/#\/schema\/person\/16f8e8defb7a4bd6c6082efcd1bdb6bb"},"image":{"@id":"https:\/\/soldadoadrianojose.com.br\/index.php\/2025\/08\/12\/assembleia-legislativa-celebra-171-anos-de-historia-da-policia-militar-do-parana\/#primaryimage"},"thumbnailUrl":"https:\/\/soldadoadrianojose.com.br\/wp-content\/uploads\/2025\/08\/54716114841_7737cc9666_c.jpg","articleSection":["GABINETE SD"],"inLanguage":"pt-BR","potentialAction":[{"@type":"CommentAction","name":"Comment","target":["https:\/\/soldadoadrianojose.com.br\/index.php\/2025\/08\/12\/assembleia-legislativa-celebra-171-anos-de-historia-da-policia-militar-do-parana\/#respond"]}]},{"@type":"WebPage","@id":"https:\/\/soldadoadrianojose.com.br\/index.php\/2025\/08\/12\/assembleia-legislativa-celebra-171-anos-de-historia-da-policia-militar-do-parana\/","url":"https:\/\/soldadoadrianojose.com.br\/index.php\/2025\/08\/12\/assembleia-legislativa-celebra-171-anos-de-historia-da-policia-militar-do-parana\/","name":"Assembleia Legislativa celebra 171 anos de hist\u00f3ria da Pol\u00edcia Militar do Paran\u00e1 - Deputado Adriano Jos\u00e9","isPartOf":{"@id":"https:\/\/soldadoadrianojose.com.br\/#website"},"primaryImageOfPage":{"@id":"https:\/\/soldadoadrianojose.com.br\/index.php\/2025\/08\/12\/assembleia-legislativa-celebra-171-anos-de-historia-da-policia-militar-do-parana\/#primaryimage"},"image":{"@id":"https:\/\/soldadoadrianojose.com.br\/index.php\/2025\/08\/12\/assembleia-legislativa-celebra-171-anos-de-historia-da-policia-militar-do-parana\/#primaryimage"},"thumbnailUrl":"https:\/\/soldadoadrianojose.com.br\/wp-content\/uploads\/2025\/08\/54716114841_7737cc9666_c.jpg","datePublished":"2025-08-12T14:54:18+00:00","dateModified":"2025-08-12T14:54:19+00:00","breadcrumb":{"@id":"https:\/\/soldadoadrianojose.com.br\/index.php\/2025\/08\/12\/assembleia-legislativa-celebra-171-anos-de-historia-da-policia-militar-do-parana\/#breadcrumb"},"inLanguage":"pt-BR","potentialAction":[{"@type":"ReadAction","target":["https:\/\/soldadoadrianojose.com.br\/index.php\/2025\/08\/12\/assembleia-legislativa-celebra-171-anos-de-historia-da-policia-militar-do-parana\/"]}]},{"@type":"ImageObject","inLanguage":"pt-BR","@id":"https:\/\/soldadoadrianojose.com.br\/index.php\/2025\/08\/12\/assembleia-legislativa-celebra-171-anos-de-historia-da-policia-militar-do-parana\/#primaryimage","url":"https:\/\/soldadoadrianojose.com.br\/wp-content\/uploads\/2025\/08\/54716114841_7737cc9666_c.jpg","contentUrl":"https:\/\/soldadoadrianojose.com.br\/wp-content\/uploads\/2025\/08\/54716114841_7737cc9666_c.jpg","width":799,"height":533},{"@type":"BreadcrumbList","@id":"https:\/\/soldadoadrianojose.com.br\/index.php\/2025\/08\/12\/assembleia-legislativa-celebra-171-anos-de-historia-da-policia-militar-do-parana\/#breadcrumb","itemListElement":[{"@type":"ListItem","position":1,"name":"In\u00edcio","item":"https:\/\/soldadoadrianojose.com.br\/"},{"@type":"ListItem","position":2,"name":"Assembleia Legislativa celebra 171 anos de hist\u00f3ria da Pol\u00edcia Militar do Paran\u00e1"}]},{"@type":"WebSite","@id":"https:\/\/soldadoadrianojose.com.br\/#website","url":"https:\/\/soldadoadrianojose.com.br\/","name":"Deputado Adriano Jos\u00e9","description":"Nosso trabalho \u00e9 pelas pessoas","publisher":{"@id":"https:\/\/soldadoadrianojose.com.br\/#\/schema\/person\/16f8e8defb7a4bd6c6082efcd1bdb6bb"},"potentialAction":[{"@type":"SearchAction","target":{"@type":"EntryPoint","urlTemplate":"https:\/\/soldadoadrianojose.com.br\/?s={search_term_string}"},"query-input":{"@type":"PropertyValueSpecification","valueRequired":true,"valueName":"search_term_string"}}],"inLanguage":"pt-BR"},{"@type":["Person","Organization"],"@id":"https:\/\/soldadoadrianojose.com.br\/#\/schema\/person\/16f8e8defb7a4bd6c6082efcd1bdb6bb","name":"soldadoadrianojose","image":{"@type":"ImageObject","inLanguage":"pt-BR","@id":"https:\/\/soldadoadrianojose.com.br\/wp-content\/uploads\/2023\/02\/LOGO_CLEAR-5.png","url":"https:\/\/soldadoadrianojose.com.br\/wp-content\/uploads\/2023\/02\/LOGO_CLEAR-5.png","contentUrl":"https:\/\/soldadoadrianojose.com.br\/wp-content\/uploads\/2023\/02\/LOGO_CLEAR-5.png","width":3508,"height":998,"caption":"soldadoadrianojose"},"logo":{"@id":"https:\/\/soldadoadrianojose.com.br\/wp-content\/uploads\/2023\/02\/LOGO_CLEAR-5.png"},"sameAs":["https:\/\/soldadoadrianojose.com.br"]},{"@type":"Person","@id":"https:\/\/soldadoadrianojose.com.br\/#\/schema\/person\/cd48425bd7edd36fa5917c88fbe1cec5","name":"Emanuellig admin2","image":{"@type":"ImageObject","inLanguage":"pt-BR","@id":"https:\/\/soldadoadrianojose.com.br\/wp-content\/litespeed\/avatar\/235a59a115f40132a17fc909e61bc31d.jpg?ver=1777092356","url":"https:\/\/soldadoadrianojose.com.br\/wp-content\/litespeed\/avatar\/235a59a115f40132a17fc909e61bc31d.jpg?ver=1777092356","contentUrl":"https:\/\/soldadoadrianojose.com.br\/wp-content\/litespeed\/avatar\/235a59a115f40132a17fc909e61bc31d.jpg?ver=1777092356","caption":"Emanuellig admin2"},"url":"https:\/\/soldadoadrianojose.com.br\/index.php\/author\/manu\/"}]}},"jetpack_featured_media_url":"https:\/\/soldadoadrianojose.com.br\/wp-content\/uploads\/2025\/08\/54716114841_7737cc9666_c.jpg","_links":{"self":[{"href":"https:\/\/soldadoadrianojose.com.br\/index.php\/wp-json\/wp\/v2\/posts\/3200","targetHints":{"allow":["GET"]}}],"collection":[{"href":"https:\/\/soldadoadrianojose.com.br\/index.php\/wp-json\/wp\/v2\/posts"}],"about":[{"href":"https:\/\/soldadoadrianojose.com.br\/index.php\/wp-json\/wp\/v2\/types\/post"}],"author":[{"embeddable":true,"href":"https:\/\/soldadoadrianojose.com.br\/index.php\/wp-json\/wp\/v2\/users\/3"}],"replies":[{"embeddable":true,"href":"https:\/\/soldadoadrianojose.com.br\/index.php\/wp-json\/wp\/v2\/comments?post=3200"}],"version-history":[{"count":2,"href":"https:\/\/soldadoadrianojose.com.br\/index.php\/wp-json\/wp\/v2\/posts\/3200\/revisions"}],"predecessor-version":[{"id":3204,"href":"https:\/\/soldadoadrianojose.com.br\/index.php\/wp-json\/wp\/v2\/posts\/3200\/revisions\/3204"}],"wp:featuredmedia":[{"embeddable":true,"href":"https:\/\/soldadoadrianojose.com.br\/index.php\/wp-json\/wp\/v2\/media\/3202"}],"wp:attachment":[{"href":"https:\/\/soldadoadrianojose.com.br\/index.php\/wp-json\/wp\/v2\/media?parent=3200"}],"wp:term":[{"taxonomy":"category","embeddable":true,"href":"https:\/\/soldadoadrianojose.com.br\/index.php\/wp-json\/wp\/v2\/categories?post=3200"},{"taxonomy":"post_tag","embeddable":true,"href":"https:\/\/soldadoadrianojose.com.br\/index.php\/wp-json\/wp\/v2\/tags?post=3200"}],"curies":[{"name":"wp","href":"https:\/\/api.w.org\/{rel}","templated":true}]}}