{"id":3210,"date":"2025-08-14T13:45:07","date_gmt":"2025-08-14T16:45:07","guid":{"rendered":"https:\/\/soldadoadrianojose.com.br\/?p=3210"},"modified":"2025-08-14T13:45:09","modified_gmt":"2025-08-14T16:45:09","slug":"deputado-adriano-jose-destaca-maringa-como-referencia-na-formacao-de-guardas-civis-municipais","status":"publish","type":"post","link":"https:\/\/soldadoadrianojose.com.br\/index.php\/2025\/08\/14\/deputado-adriano-jose-destaca-maringa-como-referencia-na-formacao-de-guardas-civis-municipais\/","title":{"rendered":"Deputado Adriano Jos\u00e9 destaca Maring\u00e1 como refer\u00eancia na forma\u00e7\u00e3o de Guardas Civis Municipais"},"content":{"rendered":"\n<p>Maring\u00e1 deu in\u00edcio \u00e0 5\u00aa turma da Escola de Forma\u00e7\u00e3o da Guarda Civil Municipal, agora com a participa\u00e7\u00e3o, pela primeira vez, de agentes de Ipor\u00e3, a 210 km da cidade. Ao todo, s\u00e3o 47 alunos, sendo 39 convocados pela Prefeitura de Maring\u00e1 e 8 de Ipor\u00e3. O curso, com 1.100 horas de aulas te\u00f3ricas e pr\u00e1ticas, segue a matriz da Secretaria Nacional de Seguran\u00e7a P\u00fablica (Senasp) e prepara os profissionais para atuar com excel\u00eancia, inclusive com porte e uso de armas de fogo. Desde 2022, a Escola j\u00e1 emitiu 808 certifica\u00e7\u00f5es, refor\u00e7ando a integra\u00e7\u00e3o regional e consolidando Maring\u00e1 como refer\u00eancia no Paran\u00e1 e no Brasil.<\/p>\n\n\n\n<figure class=\"wp-block-image size-large\"><img fetchpriority=\"high\" decoding=\"async\" width=\"819\" height=\"1024\" src=\"https:\/\/soldadoadrianojose.com.br\/wp-content\/uploads\/2025\/08\/1000215842-819x1024.jpg\" alt=\"\" class=\"wp-image-3211\" srcset=\"https:\/\/soldadoadrianojose.com.br\/wp-content\/uploads\/2025\/08\/1000215842-819x1024.jpg 819w, https:\/\/soldadoadrianojose.com.br\/wp-content\/uploads\/2025\/08\/1000215842-240x300.jpg 240w, https:\/\/soldadoadrianojose.com.br\/wp-content\/uploads\/2025\/08\/1000215842-768x960.jpg 768w, https:\/\/soldadoadrianojose.com.br\/wp-content\/uploads\/2025\/08\/1000215842.jpg 1080w\" sizes=\"(max-width: 819px) 100vw, 819px\" \/><\/figure>\n\n\n\n<p>O deputado Adriano Jos\u00e9 destacou a import\u00e2ncia da qualifica\u00e7\u00e3o desses profissionais: \u201cInvestir na forma\u00e7\u00e3o dos agentes de seguran\u00e7a \u00e9 garantir mais prote\u00e7\u00e3o e tranquilidade para toda a popula\u00e7\u00e3o\u201d. Ele tamb\u00e9m ressaltou o apoio do governador Ratinho J\u00fanior, afirmando que parcerias como essa fortalecem a seguran\u00e7a p\u00fablica e o desenvolvimento regional, trazendo mais reconhecimento e valoriza\u00e7\u00e3o para Maring\u00e1 e regi\u00e3o.<\/p>\n","protected":false},"excerpt":{"rendered":"<p>Maring\u00e1 deu in\u00edcio \u00e0 5\u00aa turma da Escola de Forma\u00e7\u00e3o da Guarda Civil Municipal, agora com a participa\u00e7\u00e3o, pela primeira vez, de agentes de Ipor\u00e3, a 210 km da cidade. Ao todo, s\u00e3o 47 alunos, sendo 39 convocados pela Prefeitura de Maring\u00e1 e 8 de Ipor\u00e3. O curso, com 1.100 horas de aulas te\u00f3ricas e [&hellip;]<\/p>\n","protected":false},"author":3,"featured_media":3212,"comment_status":"open","ping_status":"open","sticky":false,"template":"","format":"standard","meta":{"footnotes":""},"categories":[1],"tags":[],"class_list":["post-3210","post","type-post","status-publish","format-standard","has-post-thumbnail","hentry","category-gabinete-sd"],"yoast_head":"<!-- This site is optimized with the Yoast SEO plugin v27.4 - https:\/\/yoast.com\/product\/yoast-seo-wordpress\/ -->\n<title>Deputado Adriano Jos\u00e9 destaca Maring\u00e1 como refer\u00eancia na forma\u00e7\u00e3o de Guardas Civis Municipais - Deputado Adriano Jos\u00e9<\/title>\n<meta name=\"robots\" content=\"index, follow, max-snippet:-1, max-image-preview:large, max-video-preview:-1\" \/>\n<link rel=\"canonical\" href=\"https:\/\/soldadoadrianojose.com.br\/index.php\/2025\/08\/14\/deputado-adriano-jose-destaca-maringa-como-referencia-na-formacao-de-guardas-civis-municipais\/\" \/>\n<meta property=\"og:locale\" content=\"pt_BR\" \/>\n<meta property=\"og:type\" content=\"article\" \/>\n<meta property=\"og:title\" content=\"Deputado Adriano Jos\u00e9 destaca Maring\u00e1 como refer\u00eancia na forma\u00e7\u00e3o de Guardas Civis Municipais - Deputado Adriano Jos\u00e9\" \/>\n<meta property=\"og:description\" content=\"Maring\u00e1 deu in\u00edcio \u00e0 5\u00aa turma da Escola de Forma\u00e7\u00e3o da Guarda Civil Municipal, agora com a participa\u00e7\u00e3o, pela primeira vez, de agentes de Ipor\u00e3, a 210 km da cidade. Ao todo, s\u00e3o 47 alunos, sendo 39 convocados pela Prefeitura de Maring\u00e1 e 8 de Ipor\u00e3. O curso, com 1.100 horas de aulas te\u00f3ricas e [&hellip;]\" \/>\n<meta property=\"og:url\" content=\"https:\/\/soldadoadrianojose.com.br\/index.php\/2025\/08\/14\/deputado-adriano-jose-destaca-maringa-como-referencia-na-formacao-de-guardas-civis-municipais\/\" \/>\n<meta property=\"og:site_name\" content=\"Deputado Adriano Jos\u00e9\" \/>\n<meta property=\"article:published_time\" content=\"2025-08-14T16:45:07+00:00\" \/>\n<meta property=\"article:modified_time\" content=\"2025-08-14T16:45:09+00:00\" \/>\n<meta property=\"og:image\" content=\"https:\/\/soldadoadrianojose.com.br\/wp-content\/uploads\/2025\/08\/IMG-20250814-WA0017.jpg\" \/>\n\t<meta property=\"og:image:width\" content=\"1600\" \/>\n\t<meta property=\"og:image:height\" content=\"1200\" \/>\n\t<meta property=\"og:image:type\" content=\"image\/jpeg\" \/>\n<meta name=\"author\" content=\"Emanuellig admin2\" \/>\n<meta name=\"twitter:card\" content=\"summary_large_image\" \/>\n<meta name=\"twitter:label1\" content=\"Escrito por\" \/>\n\t<meta name=\"twitter:data1\" content=\"Emanuellig admin2\" \/>\n\t<meta name=\"twitter:label2\" content=\"Est. tempo de leitura\" \/>\n\t<meta name=\"twitter:data2\" content=\"2 minutos\" \/>\n<script type=\"application\/ld+json\" class=\"yoast-schema-graph\">{\"@context\":\"https:\\\/\\\/schema.org\",\"@graph\":[{\"@type\":\"Article\",\"@id\":\"https:\\\/\\\/soldadoadrianojose.com.br\\\/index.php\\\/2025\\\/08\\\/14\\\/deputado-adriano-jose-destaca-maringa-como-referencia-na-formacao-de-guardas-civis-municipais\\\/#article\",\"isPartOf\":{\"@id\":\"https:\\\/\\\/soldadoadrianojose.com.br\\\/index.php\\\/2025\\\/08\\\/14\\\/deputado-adriano-jose-destaca-maringa-como-referencia-na-formacao-de-guardas-civis-municipais\\\/\"},\"author\":{\"name\":\"Emanuellig admin2\",\"@id\":\"https:\\\/\\\/soldadoadrianojose.com.br\\\/#\\\/schema\\\/person\\\/cd48425bd7edd36fa5917c88fbe1cec5\"},\"headline\":\"Deputado Adriano Jos\u00e9 destaca Maring\u00e1 como refer\u00eancia na forma\u00e7\u00e3o de Guardas Civis Municipais\",\"datePublished\":\"2025-08-14T16:45:07+00:00\",\"dateModified\":\"2025-08-14T16:45:09+00:00\",\"mainEntityOfPage\":{\"@id\":\"https:\\\/\\\/soldadoadrianojose.com.br\\\/index.php\\\/2025\\\/08\\\/14\\\/deputado-adriano-jose-destaca-maringa-como-referencia-na-formacao-de-guardas-civis-municipais\\\/\"},\"wordCount\":194,\"commentCount\":0,\"publisher\":{\"@id\":\"https:\\\/\\\/soldadoadrianojose.com.br\\\/#\\\/schema\\\/person\\\/16f8e8defb7a4bd6c6082efcd1bdb6bb\"},\"image\":{\"@id\":\"https:\\\/\\\/soldadoadrianojose.com.br\\\/index.php\\\/2025\\\/08\\\/14\\\/deputado-adriano-jose-destaca-maringa-como-referencia-na-formacao-de-guardas-civis-municipais\\\/#primaryimage\"},\"thumbnailUrl\":\"https:\\\/\\\/soldadoadrianojose.com.br\\\/wp-content\\\/uploads\\\/2025\\\/08\\\/IMG-20250814-WA0017.jpg\",\"articleSection\":[\"GABINETE SD\"],\"inLanguage\":\"pt-BR\",\"potentialAction\":[{\"@type\":\"CommentAction\",\"name\":\"Comment\",\"target\":[\"https:\\\/\\\/soldadoadrianojose.com.br\\\/index.php\\\/2025\\\/08\\\/14\\\/deputado-adriano-jose-destaca-maringa-como-referencia-na-formacao-de-guardas-civis-municipais\\\/#respond\"]}]},{\"@type\":\"WebPage\",\"@id\":\"https:\\\/\\\/soldadoadrianojose.com.br\\\/index.php\\\/2025\\\/08\\\/14\\\/deputado-adriano-jose-destaca-maringa-como-referencia-na-formacao-de-guardas-civis-municipais\\\/\",\"url\":\"https:\\\/\\\/soldadoadrianojose.com.br\\\/index.php\\\/2025\\\/08\\\/14\\\/deputado-adriano-jose-destaca-maringa-como-referencia-na-formacao-de-guardas-civis-municipais\\\/\",\"name\":\"Deputado Adriano Jos\u00e9 destaca Maring\u00e1 como refer\u00eancia na forma\u00e7\u00e3o de Guardas Civis Municipais - Deputado Adriano Jos\u00e9\",\"isPartOf\":{\"@id\":\"https:\\\/\\\/soldadoadrianojose.com.br\\\/#website\"},\"primaryImageOfPage\":{\"@id\":\"https:\\\/\\\/soldadoadrianojose.com.br\\\/index.php\\\/2025\\\/08\\\/14\\\/deputado-adriano-jose-destaca-maringa-como-referencia-na-formacao-de-guardas-civis-municipais\\\/#primaryimage\"},\"image\":{\"@id\":\"https:\\\/\\\/soldadoadrianojose.com.br\\\/index.php\\\/2025\\\/08\\\/14\\\/deputado-adriano-jose-destaca-maringa-como-referencia-na-formacao-de-guardas-civis-municipais\\\/#primaryimage\"},\"thumbnailUrl\":\"https:\\\/\\\/soldadoadrianojose.com.br\\\/wp-content\\\/uploads\\\/2025\\\/08\\\/IMG-20250814-WA0017.jpg\",\"datePublished\":\"2025-08-14T16:45:07+00:00\",\"dateModified\":\"2025-08-14T16:45:09+00:00\",\"breadcrumb\":{\"@id\":\"https:\\\/\\\/soldadoadrianojose.com.br\\\/index.php\\\/2025\\\/08\\\/14\\\/deputado-adriano-jose-destaca-maringa-como-referencia-na-formacao-de-guardas-civis-municipais\\\/#breadcrumb\"},\"inLanguage\":\"pt-BR\",\"potentialAction\":[{\"@type\":\"ReadAction\",\"target\":[\"https:\\\/\\\/soldadoadrianojose.com.br\\\/index.php\\\/2025\\\/08\\\/14\\\/deputado-adriano-jose-destaca-maringa-como-referencia-na-formacao-de-guardas-civis-municipais\\\/\"]}]},{\"@type\":\"ImageObject\",\"inLanguage\":\"pt-BR\",\"@id\":\"https:\\\/\\\/soldadoadrianojose.com.br\\\/index.php\\\/2025\\\/08\\\/14\\\/deputado-adriano-jose-destaca-maringa-como-referencia-na-formacao-de-guardas-civis-municipais\\\/#primaryimage\",\"url\":\"https:\\\/\\\/soldadoadrianojose.com.br\\\/wp-content\\\/uploads\\\/2025\\\/08\\\/IMG-20250814-WA0017.jpg\",\"contentUrl\":\"https:\\\/\\\/soldadoadrianojose.com.br\\\/wp-content\\\/uploads\\\/2025\\\/08\\\/IMG-20250814-WA0017.jpg\",\"width\":1600,\"height\":1200},{\"@type\":\"BreadcrumbList\",\"@id\":\"https:\\\/\\\/soldadoadrianojose.com.br\\\/index.php\\\/2025\\\/08\\\/14\\\/deputado-adriano-jose-destaca-maringa-como-referencia-na-formacao-de-guardas-civis-municipais\\\/#breadcrumb\",\"itemListElement\":[{\"@type\":\"ListItem\",\"position\":1,\"name\":\"In\u00edcio\",\"item\":\"https:\\\/\\\/soldadoadrianojose.com.br\\\/\"},{\"@type\":\"ListItem\",\"position\":2,\"name\":\"Deputado Adriano Jos\u00e9 destaca Maring\u00e1 como refer\u00eancia na forma\u00e7\u00e3o de Guardas Civis Municipais\"}]},{\"@type\":\"WebSite\",\"@id\":\"https:\\\/\\\/soldadoadrianojose.com.br\\\/#website\",\"url\":\"https:\\\/\\\/soldadoadrianojose.com.br\\\/\",\"name\":\"Deputado Adriano Jos\u00e9\",\"description\":\"Nosso trabalho \u00e9 pelas pessoas\",\"publisher\":{\"@id\":\"https:\\\/\\\/soldadoadrianojose.com.br\\\/#\\\/schema\\\/person\\\/16f8e8defb7a4bd6c6082efcd1bdb6bb\"},\"potentialAction\":[{\"@type\":\"SearchAction\",\"target\":{\"@type\":\"EntryPoint\",\"urlTemplate\":\"https:\\\/\\\/soldadoadrianojose.com.br\\\/?s={search_term_string}\"},\"query-input\":{\"@type\":\"PropertyValueSpecification\",\"valueRequired\":true,\"valueName\":\"search_term_string\"}}],\"inLanguage\":\"pt-BR\"},{\"@type\":[\"Person\",\"Organization\"],\"@id\":\"https:\\\/\\\/soldadoadrianojose.com.br\\\/#\\\/schema\\\/person\\\/16f8e8defb7a4bd6c6082efcd1bdb6bb\",\"name\":\"soldadoadrianojose\",\"image\":{\"@type\":\"ImageObject\",\"inLanguage\":\"pt-BR\",\"@id\":\"https:\\\/\\\/soldadoadrianojose.com.br\\\/wp-content\\\/uploads\\\/2023\\\/02\\\/LOGO_CLEAR-5.png\",\"url\":\"https:\\\/\\\/soldadoadrianojose.com.br\\\/wp-content\\\/uploads\\\/2023\\\/02\\\/LOGO_CLEAR-5.png\",\"contentUrl\":\"https:\\\/\\\/soldadoadrianojose.com.br\\\/wp-content\\\/uploads\\\/2023\\\/02\\\/LOGO_CLEAR-5.png\",\"width\":3508,\"height\":998,\"caption\":\"soldadoadrianojose\"},\"logo\":{\"@id\":\"https:\\\/\\\/soldadoadrianojose.com.br\\\/wp-content\\\/uploads\\\/2023\\\/02\\\/LOGO_CLEAR-5.png\"},\"sameAs\":[\"https:\\\/\\\/soldadoadrianojose.com.br\"]},{\"@type\":\"Person\",\"@id\":\"https:\\\/\\\/soldadoadrianojose.com.br\\\/#\\\/schema\\\/person\\\/cd48425bd7edd36fa5917c88fbe1cec5\",\"name\":\"Emanuellig admin2\",\"image\":{\"@type\":\"ImageObject\",\"inLanguage\":\"pt-BR\",\"@id\":\"https:\\\/\\\/soldadoadrianojose.com.br\\\/wp-content\\\/litespeed\\\/avatar\\\/235a59a115f40132a17fc909e61bc31d.jpg?ver=1777092356\",\"url\":\"https:\\\/\\\/soldadoadrianojose.com.br\\\/wp-content\\\/litespeed\\\/avatar\\\/235a59a115f40132a17fc909e61bc31d.jpg?ver=1777092356\",\"contentUrl\":\"https:\\\/\\\/soldadoadrianojose.com.br\\\/wp-content\\\/litespeed\\\/avatar\\\/235a59a115f40132a17fc909e61bc31d.jpg?ver=1777092356\",\"caption\":\"Emanuellig admin2\"},\"url\":\"https:\\\/\\\/soldadoadrianojose.com.br\\\/index.php\\\/author\\\/manu\\\/\"}]}<\/script>\n<!-- \/ Yoast SEO plugin. -->","yoast_head_json":{"title":"Deputado Adriano Jos\u00e9 destaca Maring\u00e1 como refer\u00eancia na forma\u00e7\u00e3o de Guardas Civis Municipais - Deputado Adriano Jos\u00e9","robots":{"index":"index","follow":"follow","max-snippet":"max-snippet:-1","max-image-preview":"max-image-preview:large","max-video-preview":"max-video-preview:-1"},"canonical":"https:\/\/soldadoadrianojose.com.br\/index.php\/2025\/08\/14\/deputado-adriano-jose-destaca-maringa-como-referencia-na-formacao-de-guardas-civis-municipais\/","og_locale":"pt_BR","og_type":"article","og_title":"Deputado Adriano Jos\u00e9 destaca Maring\u00e1 como refer\u00eancia na forma\u00e7\u00e3o de Guardas Civis Municipais - Deputado Adriano Jos\u00e9","og_description":"Maring\u00e1 deu in\u00edcio \u00e0 5\u00aa turma da Escola de Forma\u00e7\u00e3o da Guarda Civil Municipal, agora com a participa\u00e7\u00e3o, pela primeira vez, de agentes de Ipor\u00e3, a 210 km da cidade. Ao todo, s\u00e3o 47 alunos, sendo 39 convocados pela Prefeitura de Maring\u00e1 e 8 de Ipor\u00e3. O curso, com 1.100 horas de aulas te\u00f3ricas e [&hellip;]","og_url":"https:\/\/soldadoadrianojose.com.br\/index.php\/2025\/08\/14\/deputado-adriano-jose-destaca-maringa-como-referencia-na-formacao-de-guardas-civis-municipais\/","og_site_name":"Deputado Adriano Jos\u00e9","article_published_time":"2025-08-14T16:45:07+00:00","article_modified_time":"2025-08-14T16:45:09+00:00","og_image":[{"width":1600,"height":1200,"url":"https:\/\/soldadoadrianojose.com.br\/wp-content\/uploads\/2025\/08\/IMG-20250814-WA0017.jpg","type":"image\/jpeg"}],"author":"Emanuellig admin2","twitter_card":"summary_large_image","twitter_misc":{"Escrito por":"Emanuellig admin2","Est. tempo de leitura":"2 minutos"},"schema":{"@context":"https:\/\/schema.org","@graph":[{"@type":"Article","@id":"https:\/\/soldadoadrianojose.com.br\/index.php\/2025\/08\/14\/deputado-adriano-jose-destaca-maringa-como-referencia-na-formacao-de-guardas-civis-municipais\/#article","isPartOf":{"@id":"https:\/\/soldadoadrianojose.com.br\/index.php\/2025\/08\/14\/deputado-adriano-jose-destaca-maringa-como-referencia-na-formacao-de-guardas-civis-municipais\/"},"author":{"name":"Emanuellig admin2","@id":"https:\/\/soldadoadrianojose.com.br\/#\/schema\/person\/cd48425bd7edd36fa5917c88fbe1cec5"},"headline":"Deputado Adriano Jos\u00e9 destaca Maring\u00e1 como refer\u00eancia na forma\u00e7\u00e3o de Guardas Civis Municipais","datePublished":"2025-08-14T16:45:07+00:00","dateModified":"2025-08-14T16:45:09+00:00","mainEntityOfPage":{"@id":"https:\/\/soldadoadrianojose.com.br\/index.php\/2025\/08\/14\/deputado-adriano-jose-destaca-maringa-como-referencia-na-formacao-de-guardas-civis-municipais\/"},"wordCount":194,"commentCount":0,"publisher":{"@id":"https:\/\/soldadoadrianojose.com.br\/#\/schema\/person\/16f8e8defb7a4bd6c6082efcd1bdb6bb"},"image":{"@id":"https:\/\/soldadoadrianojose.com.br\/index.php\/2025\/08\/14\/deputado-adriano-jose-destaca-maringa-como-referencia-na-formacao-de-guardas-civis-municipais\/#primaryimage"},"thumbnailUrl":"https:\/\/soldadoadrianojose.com.br\/wp-content\/uploads\/2025\/08\/IMG-20250814-WA0017.jpg","articleSection":["GABINETE SD"],"inLanguage":"pt-BR","potentialAction":[{"@type":"CommentAction","name":"Comment","target":["https:\/\/soldadoadrianojose.com.br\/index.php\/2025\/08\/14\/deputado-adriano-jose-destaca-maringa-como-referencia-na-formacao-de-guardas-civis-municipais\/#respond"]}]},{"@type":"WebPage","@id":"https:\/\/soldadoadrianojose.com.br\/index.php\/2025\/08\/14\/deputado-adriano-jose-destaca-maringa-como-referencia-na-formacao-de-guardas-civis-municipais\/","url":"https:\/\/soldadoadrianojose.com.br\/index.php\/2025\/08\/14\/deputado-adriano-jose-destaca-maringa-como-referencia-na-formacao-de-guardas-civis-municipais\/","name":"Deputado Adriano Jos\u00e9 destaca Maring\u00e1 como refer\u00eancia na forma\u00e7\u00e3o de Guardas Civis Municipais - Deputado Adriano Jos\u00e9","isPartOf":{"@id":"https:\/\/soldadoadrianojose.com.br\/#website"},"primaryImageOfPage":{"@id":"https:\/\/soldadoadrianojose.com.br\/index.php\/2025\/08\/14\/deputado-adriano-jose-destaca-maringa-como-referencia-na-formacao-de-guardas-civis-municipais\/#primaryimage"},"image":{"@id":"https:\/\/soldadoadrianojose.com.br\/index.php\/2025\/08\/14\/deputado-adriano-jose-destaca-maringa-como-referencia-na-formacao-de-guardas-civis-municipais\/#primaryimage"},"thumbnailUrl":"https:\/\/soldadoadrianojose.com.br\/wp-content\/uploads\/2025\/08\/IMG-20250814-WA0017.jpg","datePublished":"2025-08-14T16:45:07+00:00","dateModified":"2025-08-14T16:45:09+00:00","breadcrumb":{"@id":"https:\/\/soldadoadrianojose.com.br\/index.php\/2025\/08\/14\/deputado-adriano-jose-destaca-maringa-como-referencia-na-formacao-de-guardas-civis-municipais\/#breadcrumb"},"inLanguage":"pt-BR","potentialAction":[{"@type":"ReadAction","target":["https:\/\/soldadoadrianojose.com.br\/index.php\/2025\/08\/14\/deputado-adriano-jose-destaca-maringa-como-referencia-na-formacao-de-guardas-civis-municipais\/"]}]},{"@type":"ImageObject","inLanguage":"pt-BR","@id":"https:\/\/soldadoadrianojose.com.br\/index.php\/2025\/08\/14\/deputado-adriano-jose-destaca-maringa-como-referencia-na-formacao-de-guardas-civis-municipais\/#primaryimage","url":"https:\/\/soldadoadrianojose.com.br\/wp-content\/uploads\/2025\/08\/IMG-20250814-WA0017.jpg","contentUrl":"https:\/\/soldadoadrianojose.com.br\/wp-content\/uploads\/2025\/08\/IMG-20250814-WA0017.jpg","width":1600,"height":1200},{"@type":"BreadcrumbList","@id":"https:\/\/soldadoadrianojose.com.br\/index.php\/2025\/08\/14\/deputado-adriano-jose-destaca-maringa-como-referencia-na-formacao-de-guardas-civis-municipais\/#breadcrumb","itemListElement":[{"@type":"ListItem","position":1,"name":"In\u00edcio","item":"https:\/\/soldadoadrianojose.com.br\/"},{"@type":"ListItem","position":2,"name":"Deputado Adriano Jos\u00e9 destaca Maring\u00e1 como refer\u00eancia na forma\u00e7\u00e3o de Guardas Civis Municipais"}]},{"@type":"WebSite","@id":"https:\/\/soldadoadrianojose.com.br\/#website","url":"https:\/\/soldadoadrianojose.com.br\/","name":"Deputado Adriano Jos\u00e9","description":"Nosso trabalho \u00e9 pelas pessoas","publisher":{"@id":"https:\/\/soldadoadrianojose.com.br\/#\/schema\/person\/16f8e8defb7a4bd6c6082efcd1bdb6bb"},"potentialAction":[{"@type":"SearchAction","target":{"@type":"EntryPoint","urlTemplate":"https:\/\/soldadoadrianojose.com.br\/?s={search_term_string}"},"query-input":{"@type":"PropertyValueSpecification","valueRequired":true,"valueName":"search_term_string"}}],"inLanguage":"pt-BR"},{"@type":["Person","Organization"],"@id":"https:\/\/soldadoadrianojose.com.br\/#\/schema\/person\/16f8e8defb7a4bd6c6082efcd1bdb6bb","name":"soldadoadrianojose","image":{"@type":"ImageObject","inLanguage":"pt-BR","@id":"https:\/\/soldadoadrianojose.com.br\/wp-content\/uploads\/2023\/02\/LOGO_CLEAR-5.png","url":"https:\/\/soldadoadrianojose.com.br\/wp-content\/uploads\/2023\/02\/LOGO_CLEAR-5.png","contentUrl":"https:\/\/soldadoadrianojose.com.br\/wp-content\/uploads\/2023\/02\/LOGO_CLEAR-5.png","width":3508,"height":998,"caption":"soldadoadrianojose"},"logo":{"@id":"https:\/\/soldadoadrianojose.com.br\/wp-content\/uploads\/2023\/02\/LOGO_CLEAR-5.png"},"sameAs":["https:\/\/soldadoadrianojose.com.br"]},{"@type":"Person","@id":"https:\/\/soldadoadrianojose.com.br\/#\/schema\/person\/cd48425bd7edd36fa5917c88fbe1cec5","name":"Emanuellig admin2","image":{"@type":"ImageObject","inLanguage":"pt-BR","@id":"https:\/\/soldadoadrianojose.com.br\/wp-content\/litespeed\/avatar\/235a59a115f40132a17fc909e61bc31d.jpg?ver=1777092356","url":"https:\/\/soldadoadrianojose.com.br\/wp-content\/litespeed\/avatar\/235a59a115f40132a17fc909e61bc31d.jpg?ver=1777092356","contentUrl":"https:\/\/soldadoadrianojose.com.br\/wp-content\/litespeed\/avatar\/235a59a115f40132a17fc909e61bc31d.jpg?ver=1777092356","caption":"Emanuellig admin2"},"url":"https:\/\/soldadoadrianojose.com.br\/index.php\/author\/manu\/"}]}},"jetpack_featured_media_url":"https:\/\/soldadoadrianojose.com.br\/wp-content\/uploads\/2025\/08\/IMG-20250814-WA0017.jpg","_links":{"self":[{"href":"https:\/\/soldadoadrianojose.com.br\/index.php\/wp-json\/wp\/v2\/posts\/3210","targetHints":{"allow":["GET"]}}],"collection":[{"href":"https:\/\/soldadoadrianojose.com.br\/index.php\/wp-json\/wp\/v2\/posts"}],"about":[{"href":"https:\/\/soldadoadrianojose.com.br\/index.php\/wp-json\/wp\/v2\/types\/post"}],"author":[{"embeddable":true,"href":"https:\/\/soldadoadrianojose.com.br\/index.php\/wp-json\/wp\/v2\/users\/3"}],"replies":[{"embeddable":true,"href":"https:\/\/soldadoadrianojose.com.br\/index.php\/wp-json\/wp\/v2\/comments?post=3210"}],"version-history":[{"count":1,"href":"https:\/\/soldadoadrianojose.com.br\/index.php\/wp-json\/wp\/v2\/posts\/3210\/revisions"}],"predecessor-version":[{"id":3213,"href":"https:\/\/soldadoadrianojose.com.br\/index.php\/wp-json\/wp\/v2\/posts\/3210\/revisions\/3213"}],"wp:featuredmedia":[{"embeddable":true,"href":"https:\/\/soldadoadrianojose.com.br\/index.php\/wp-json\/wp\/v2\/media\/3212"}],"wp:attachment":[{"href":"https:\/\/soldadoadrianojose.com.br\/index.php\/wp-json\/wp\/v2\/media?parent=3210"}],"wp:term":[{"taxonomy":"category","embeddable":true,"href":"https:\/\/soldadoadrianojose.com.br\/index.php\/wp-json\/wp\/v2\/categories?post=3210"},{"taxonomy":"post_tag","embeddable":true,"href":"https:\/\/soldadoadrianojose.com.br\/index.php\/wp-json\/wp\/v2\/tags?post=3210"}],"curies":[{"name":"wp","href":"https:\/\/api.w.org\/{rel}","templated":true}]}}