{"id":3219,"date":"2025-08-17T14:42:46","date_gmt":"2025-08-17T17:42:46","guid":{"rendered":"https:\/\/soldadoadrianojose.com.br\/?p=3219"},"modified":"2025-08-18T19:25:30","modified_gmt":"2025-08-18T22:25:30","slug":"deputado-adriano-jose-marca-presenca-na-cavalgada-em-homenagem-aos-73-anos-de-cruzeiro-do-oeste","status":"publish","type":"post","link":"https:\/\/soldadoadrianojose.com.br\/index.php\/2025\/08\/17\/deputado-adriano-jose-marca-presenca-na-cavalgada-em-homenagem-aos-73-anos-de-cruzeiro-do-oeste\/","title":{"rendered":"Deputado Adriano Jos\u00e9 marca presen\u00e7a na cavalgada em homenagem aos 73 anos de Cruzeiro do Oeste"},"content":{"rendered":"\n<p>Conhecido por sempre marcar presen\u00e7a nos grandes eventos tradicionais do Paran\u00e1, o deputado estadual Adriano Jos\u00e9 participou neste domingo (17) da Cavalgada em comemora\u00e7\u00e3o aos 73 anos de Cruzeiro do Oeste. O evento reuniu centenas de cavaleiros, amazonas e moradores em uma verdadeira celebra\u00e7\u00e3o da cultura e da hist\u00f3ria do munic\u00edpio.<\/p>\n\n\n\n<p>Adriano Jos\u00e9 esteve ao lado do prefeito Armandinho e de lideran\u00e7as locais, entre elas o presidente da C\u00e2mara Municipal, Nelson Toth, e os vereadores Rog\u00e9rio Andrade, M\u00e1rio Siqueira, Luciano Puma e Izabel Dechiche. A participa\u00e7\u00e3o refor\u00e7a a proximidade do deputado com a comunidade e seu compromisso em valorizar as tradi\u00e7\u00f5es que fortalecem a identidade do interior paranaense.<\/p>\n\n\n\n<p>O parlamentar tamb\u00e9m ressaltou a parceria com o governador Ratinho J\u00fanior, fundamental para que cidades como Cruzeiro do Oeste avancem em desenvolvimento e infraestrutura sem perder suas ra\u00edzes culturais. \u201c\u00c9 uma honra estar ao lado do nosso povo em momentos como este, celebrando o passado e olhando para o futuro com esperan\u00e7a\u201d, destacou Adriano Jos\u00e9.<\/p>\n","protected":false},"excerpt":{"rendered":"<p>Conhecido por sempre marcar presen\u00e7a nos grandes eventos tradicionais do Paran\u00e1, o deputado estadual Adriano Jos\u00e9 participou neste domingo (17) da Cavalgada em comemora\u00e7\u00e3o aos 73 anos de Cruzeiro do Oeste. O evento reuniu centenas de cavaleiros, amazonas e moradores em uma verdadeira celebra\u00e7\u00e3o da cultura e da hist\u00f3ria do munic\u00edpio. Adriano Jos\u00e9 esteve ao [&hellip;]<\/p>\n","protected":false},"author":3,"featured_media":3220,"comment_status":"open","ping_status":"open","sticky":false,"template":"","format":"standard","meta":{"footnotes":""},"categories":[90],"tags":[],"class_list":["post-3219","post","type-post","status-publish","format-standard","has-post-thumbnail","hentry","category-cruzeiro-do-oeste"],"yoast_head":"<!-- This site is optimized with the Yoast SEO plugin v27.4 - https:\/\/yoast.com\/product\/yoast-seo-wordpress\/ -->\n<title>Deputado Adriano Jos\u00e9 marca presen\u00e7a na cavalgada em homenagem aos 73 anos de Cruzeiro do Oeste - Deputado Adriano Jos\u00e9<\/title>\n<meta name=\"robots\" content=\"index, follow, max-snippet:-1, max-image-preview:large, max-video-preview:-1\" \/>\n<link rel=\"canonical\" href=\"https:\/\/soldadoadrianojose.com.br\/index.php\/2025\/08\/17\/deputado-adriano-jose-marca-presenca-na-cavalgada-em-homenagem-aos-73-anos-de-cruzeiro-do-oeste\/\" \/>\n<meta property=\"og:locale\" content=\"pt_BR\" \/>\n<meta property=\"og:type\" content=\"article\" \/>\n<meta property=\"og:title\" content=\"Deputado Adriano Jos\u00e9 marca presen\u00e7a na cavalgada em homenagem aos 73 anos de Cruzeiro do Oeste - Deputado Adriano Jos\u00e9\" \/>\n<meta property=\"og:description\" content=\"Conhecido por sempre marcar presen\u00e7a nos grandes eventos tradicionais do Paran\u00e1, o deputado estadual Adriano Jos\u00e9 participou neste domingo (17) da Cavalgada em comemora\u00e7\u00e3o aos 73 anos de Cruzeiro do Oeste. O evento reuniu centenas de cavaleiros, amazonas e moradores em uma verdadeira celebra\u00e7\u00e3o da cultura e da hist\u00f3ria do munic\u00edpio. Adriano Jos\u00e9 esteve ao [&hellip;]\" \/>\n<meta property=\"og:url\" content=\"https:\/\/soldadoadrianojose.com.br\/index.php\/2025\/08\/17\/deputado-adriano-jose-marca-presenca-na-cavalgada-em-homenagem-aos-73-anos-de-cruzeiro-do-oeste\/\" \/>\n<meta property=\"og:site_name\" content=\"Deputado Adriano Jos\u00e9\" \/>\n<meta property=\"article:published_time\" content=\"2025-08-17T17:42:46+00:00\" \/>\n<meta property=\"article:modified_time\" content=\"2025-08-18T22:25:30+00:00\" \/>\n<meta property=\"og:image\" content=\"https:\/\/soldadoadrianojose.com.br\/wp-content\/uploads\/2025\/08\/IMG-20250817-WA0010.jpg\" \/>\n\t<meta property=\"og:image:width\" content=\"1280\" \/>\n\t<meta property=\"og:image:height\" content=\"960\" \/>\n\t<meta property=\"og:image:type\" content=\"image\/jpeg\" \/>\n<meta name=\"author\" content=\"Emanuellig admin2\" \/>\n<meta name=\"twitter:card\" content=\"summary_large_image\" \/>\n<meta name=\"twitter:label1\" content=\"Escrito por\" \/>\n\t<meta name=\"twitter:data1\" content=\"Emanuellig admin2\" \/>\n\t<meta name=\"twitter:label2\" content=\"Est. tempo de leitura\" \/>\n\t<meta name=\"twitter:data2\" content=\"2 minutos\" \/>\n<script type=\"application\/ld+json\" class=\"yoast-schema-graph\">{\"@context\":\"https:\\\/\\\/schema.org\",\"@graph\":[{\"@type\":\"Article\",\"@id\":\"https:\\\/\\\/soldadoadrianojose.com.br\\\/index.php\\\/2025\\\/08\\\/17\\\/deputado-adriano-jose-marca-presenca-na-cavalgada-em-homenagem-aos-73-anos-de-cruzeiro-do-oeste\\\/#article\",\"isPartOf\":{\"@id\":\"https:\\\/\\\/soldadoadrianojose.com.br\\\/index.php\\\/2025\\\/08\\\/17\\\/deputado-adriano-jose-marca-presenca-na-cavalgada-em-homenagem-aos-73-anos-de-cruzeiro-do-oeste\\\/\"},\"author\":{\"name\":\"Emanuellig admin2\",\"@id\":\"https:\\\/\\\/soldadoadrianojose.com.br\\\/#\\\/schema\\\/person\\\/cd48425bd7edd36fa5917c88fbe1cec5\"},\"headline\":\"Deputado Adriano Jos\u00e9 marca presen\u00e7a na cavalgada em homenagem aos 73 anos de Cruzeiro do Oeste\",\"datePublished\":\"2025-08-17T17:42:46+00:00\",\"dateModified\":\"2025-08-18T22:25:30+00:00\",\"mainEntityOfPage\":{\"@id\":\"https:\\\/\\\/soldadoadrianojose.com.br\\\/index.php\\\/2025\\\/08\\\/17\\\/deputado-adriano-jose-marca-presenca-na-cavalgada-em-homenagem-aos-73-anos-de-cruzeiro-do-oeste\\\/\"},\"wordCount\":192,\"commentCount\":0,\"publisher\":{\"@id\":\"https:\\\/\\\/soldadoadrianojose.com.br\\\/#\\\/schema\\\/person\\\/16f8e8defb7a4bd6c6082efcd1bdb6bb\"},\"image\":{\"@id\":\"https:\\\/\\\/soldadoadrianojose.com.br\\\/index.php\\\/2025\\\/08\\\/17\\\/deputado-adriano-jose-marca-presenca-na-cavalgada-em-homenagem-aos-73-anos-de-cruzeiro-do-oeste\\\/#primaryimage\"},\"thumbnailUrl\":\"https:\\\/\\\/soldadoadrianojose.com.br\\\/wp-content\\\/uploads\\\/2025\\\/08\\\/IMG-20250817-WA0010.jpg\",\"articleSection\":[\"CRUZEIRO DO OESTE\"],\"inLanguage\":\"pt-BR\",\"potentialAction\":[{\"@type\":\"CommentAction\",\"name\":\"Comment\",\"target\":[\"https:\\\/\\\/soldadoadrianojose.com.br\\\/index.php\\\/2025\\\/08\\\/17\\\/deputado-adriano-jose-marca-presenca-na-cavalgada-em-homenagem-aos-73-anos-de-cruzeiro-do-oeste\\\/#respond\"]}]},{\"@type\":\"WebPage\",\"@id\":\"https:\\\/\\\/soldadoadrianojose.com.br\\\/index.php\\\/2025\\\/08\\\/17\\\/deputado-adriano-jose-marca-presenca-na-cavalgada-em-homenagem-aos-73-anos-de-cruzeiro-do-oeste\\\/\",\"url\":\"https:\\\/\\\/soldadoadrianojose.com.br\\\/index.php\\\/2025\\\/08\\\/17\\\/deputado-adriano-jose-marca-presenca-na-cavalgada-em-homenagem-aos-73-anos-de-cruzeiro-do-oeste\\\/\",\"name\":\"Deputado Adriano Jos\u00e9 marca presen\u00e7a na cavalgada em homenagem aos 73 anos de Cruzeiro do Oeste - Deputado Adriano Jos\u00e9\",\"isPartOf\":{\"@id\":\"https:\\\/\\\/soldadoadrianojose.com.br\\\/#website\"},\"primaryImageOfPage\":{\"@id\":\"https:\\\/\\\/soldadoadrianojose.com.br\\\/index.php\\\/2025\\\/08\\\/17\\\/deputado-adriano-jose-marca-presenca-na-cavalgada-em-homenagem-aos-73-anos-de-cruzeiro-do-oeste\\\/#primaryimage\"},\"image\":{\"@id\":\"https:\\\/\\\/soldadoadrianojose.com.br\\\/index.php\\\/2025\\\/08\\\/17\\\/deputado-adriano-jose-marca-presenca-na-cavalgada-em-homenagem-aos-73-anos-de-cruzeiro-do-oeste\\\/#primaryimage\"},\"thumbnailUrl\":\"https:\\\/\\\/soldadoadrianojose.com.br\\\/wp-content\\\/uploads\\\/2025\\\/08\\\/IMG-20250817-WA0010.jpg\",\"datePublished\":\"2025-08-17T17:42:46+00:00\",\"dateModified\":\"2025-08-18T22:25:30+00:00\",\"breadcrumb\":{\"@id\":\"https:\\\/\\\/soldadoadrianojose.com.br\\\/index.php\\\/2025\\\/08\\\/17\\\/deputado-adriano-jose-marca-presenca-na-cavalgada-em-homenagem-aos-73-anos-de-cruzeiro-do-oeste\\\/#breadcrumb\"},\"inLanguage\":\"pt-BR\",\"potentialAction\":[{\"@type\":\"ReadAction\",\"target\":[\"https:\\\/\\\/soldadoadrianojose.com.br\\\/index.php\\\/2025\\\/08\\\/17\\\/deputado-adriano-jose-marca-presenca-na-cavalgada-em-homenagem-aos-73-anos-de-cruzeiro-do-oeste\\\/\"]}]},{\"@type\":\"ImageObject\",\"inLanguage\":\"pt-BR\",\"@id\":\"https:\\\/\\\/soldadoadrianojose.com.br\\\/index.php\\\/2025\\\/08\\\/17\\\/deputado-adriano-jose-marca-presenca-na-cavalgada-em-homenagem-aos-73-anos-de-cruzeiro-do-oeste\\\/#primaryimage\",\"url\":\"https:\\\/\\\/soldadoadrianojose.com.br\\\/wp-content\\\/uploads\\\/2025\\\/08\\\/IMG-20250817-WA0010.jpg\",\"contentUrl\":\"https:\\\/\\\/soldadoadrianojose.com.br\\\/wp-content\\\/uploads\\\/2025\\\/08\\\/IMG-20250817-WA0010.jpg\",\"width\":1280,\"height\":960},{\"@type\":\"BreadcrumbList\",\"@id\":\"https:\\\/\\\/soldadoadrianojose.com.br\\\/index.php\\\/2025\\\/08\\\/17\\\/deputado-adriano-jose-marca-presenca-na-cavalgada-em-homenagem-aos-73-anos-de-cruzeiro-do-oeste\\\/#breadcrumb\",\"itemListElement\":[{\"@type\":\"ListItem\",\"position\":1,\"name\":\"In\u00edcio\",\"item\":\"https:\\\/\\\/soldadoadrianojose.com.br\\\/\"},{\"@type\":\"ListItem\",\"position\":2,\"name\":\"Deputado Adriano Jos\u00e9 marca presen\u00e7a na cavalgada em homenagem aos 73 anos de Cruzeiro do Oeste\"}]},{\"@type\":\"WebSite\",\"@id\":\"https:\\\/\\\/soldadoadrianojose.com.br\\\/#website\",\"url\":\"https:\\\/\\\/soldadoadrianojose.com.br\\\/\",\"name\":\"Deputado Adriano Jos\u00e9\",\"description\":\"Nosso trabalho \u00e9 pelas pessoas\",\"publisher\":{\"@id\":\"https:\\\/\\\/soldadoadrianojose.com.br\\\/#\\\/schema\\\/person\\\/16f8e8defb7a4bd6c6082efcd1bdb6bb\"},\"potentialAction\":[{\"@type\":\"SearchAction\",\"target\":{\"@type\":\"EntryPoint\",\"urlTemplate\":\"https:\\\/\\\/soldadoadrianojose.com.br\\\/?s={search_term_string}\"},\"query-input\":{\"@type\":\"PropertyValueSpecification\",\"valueRequired\":true,\"valueName\":\"search_term_string\"}}],\"inLanguage\":\"pt-BR\"},{\"@type\":[\"Person\",\"Organization\"],\"@id\":\"https:\\\/\\\/soldadoadrianojose.com.br\\\/#\\\/schema\\\/person\\\/16f8e8defb7a4bd6c6082efcd1bdb6bb\",\"name\":\"soldadoadrianojose\",\"image\":{\"@type\":\"ImageObject\",\"inLanguage\":\"pt-BR\",\"@id\":\"https:\\\/\\\/soldadoadrianojose.com.br\\\/wp-content\\\/uploads\\\/2023\\\/02\\\/LOGO_CLEAR-5.png\",\"url\":\"https:\\\/\\\/soldadoadrianojose.com.br\\\/wp-content\\\/uploads\\\/2023\\\/02\\\/LOGO_CLEAR-5.png\",\"contentUrl\":\"https:\\\/\\\/soldadoadrianojose.com.br\\\/wp-content\\\/uploads\\\/2023\\\/02\\\/LOGO_CLEAR-5.png\",\"width\":3508,\"height\":998,\"caption\":\"soldadoadrianojose\"},\"logo\":{\"@id\":\"https:\\\/\\\/soldadoadrianojose.com.br\\\/wp-content\\\/uploads\\\/2023\\\/02\\\/LOGO_CLEAR-5.png\"},\"sameAs\":[\"https:\\\/\\\/soldadoadrianojose.com.br\"]},{\"@type\":\"Person\",\"@id\":\"https:\\\/\\\/soldadoadrianojose.com.br\\\/#\\\/schema\\\/person\\\/cd48425bd7edd36fa5917c88fbe1cec5\",\"name\":\"Emanuellig admin2\",\"image\":{\"@type\":\"ImageObject\",\"inLanguage\":\"pt-BR\",\"@id\":\"https:\\\/\\\/soldadoadrianojose.com.br\\\/wp-content\\\/litespeed\\\/avatar\\\/235a59a115f40132a17fc909e61bc31d.jpg?ver=1777092356\",\"url\":\"https:\\\/\\\/soldadoadrianojose.com.br\\\/wp-content\\\/litespeed\\\/avatar\\\/235a59a115f40132a17fc909e61bc31d.jpg?ver=1777092356\",\"contentUrl\":\"https:\\\/\\\/soldadoadrianojose.com.br\\\/wp-content\\\/litespeed\\\/avatar\\\/235a59a115f40132a17fc909e61bc31d.jpg?ver=1777092356\",\"caption\":\"Emanuellig admin2\"},\"url\":\"https:\\\/\\\/soldadoadrianojose.com.br\\\/index.php\\\/author\\\/manu\\\/\"}]}<\/script>\n<!-- \/ Yoast SEO plugin. -->","yoast_head_json":{"title":"Deputado Adriano Jos\u00e9 marca presen\u00e7a na cavalgada em homenagem aos 73 anos de Cruzeiro do Oeste - Deputado Adriano Jos\u00e9","robots":{"index":"index","follow":"follow","max-snippet":"max-snippet:-1","max-image-preview":"max-image-preview:large","max-video-preview":"max-video-preview:-1"},"canonical":"https:\/\/soldadoadrianojose.com.br\/index.php\/2025\/08\/17\/deputado-adriano-jose-marca-presenca-na-cavalgada-em-homenagem-aos-73-anos-de-cruzeiro-do-oeste\/","og_locale":"pt_BR","og_type":"article","og_title":"Deputado Adriano Jos\u00e9 marca presen\u00e7a na cavalgada em homenagem aos 73 anos de Cruzeiro do Oeste - Deputado Adriano Jos\u00e9","og_description":"Conhecido por sempre marcar presen\u00e7a nos grandes eventos tradicionais do Paran\u00e1, o deputado estadual Adriano Jos\u00e9 participou neste domingo (17) da Cavalgada em comemora\u00e7\u00e3o aos 73 anos de Cruzeiro do Oeste. O evento reuniu centenas de cavaleiros, amazonas e moradores em uma verdadeira celebra\u00e7\u00e3o da cultura e da hist\u00f3ria do munic\u00edpio. Adriano Jos\u00e9 esteve ao [&hellip;]","og_url":"https:\/\/soldadoadrianojose.com.br\/index.php\/2025\/08\/17\/deputado-adriano-jose-marca-presenca-na-cavalgada-em-homenagem-aos-73-anos-de-cruzeiro-do-oeste\/","og_site_name":"Deputado Adriano Jos\u00e9","article_published_time":"2025-08-17T17:42:46+00:00","article_modified_time":"2025-08-18T22:25:30+00:00","og_image":[{"width":1280,"height":960,"url":"https:\/\/soldadoadrianojose.com.br\/wp-content\/uploads\/2025\/08\/IMG-20250817-WA0010.jpg","type":"image\/jpeg"}],"author":"Emanuellig admin2","twitter_card":"summary_large_image","twitter_misc":{"Escrito por":"Emanuellig admin2","Est. tempo de leitura":"2 minutos"},"schema":{"@context":"https:\/\/schema.org","@graph":[{"@type":"Article","@id":"https:\/\/soldadoadrianojose.com.br\/index.php\/2025\/08\/17\/deputado-adriano-jose-marca-presenca-na-cavalgada-em-homenagem-aos-73-anos-de-cruzeiro-do-oeste\/#article","isPartOf":{"@id":"https:\/\/soldadoadrianojose.com.br\/index.php\/2025\/08\/17\/deputado-adriano-jose-marca-presenca-na-cavalgada-em-homenagem-aos-73-anos-de-cruzeiro-do-oeste\/"},"author":{"name":"Emanuellig admin2","@id":"https:\/\/soldadoadrianojose.com.br\/#\/schema\/person\/cd48425bd7edd36fa5917c88fbe1cec5"},"headline":"Deputado Adriano Jos\u00e9 marca presen\u00e7a na cavalgada em homenagem aos 73 anos de Cruzeiro do Oeste","datePublished":"2025-08-17T17:42:46+00:00","dateModified":"2025-08-18T22:25:30+00:00","mainEntityOfPage":{"@id":"https:\/\/soldadoadrianojose.com.br\/index.php\/2025\/08\/17\/deputado-adriano-jose-marca-presenca-na-cavalgada-em-homenagem-aos-73-anos-de-cruzeiro-do-oeste\/"},"wordCount":192,"commentCount":0,"publisher":{"@id":"https:\/\/soldadoadrianojose.com.br\/#\/schema\/person\/16f8e8defb7a4bd6c6082efcd1bdb6bb"},"image":{"@id":"https:\/\/soldadoadrianojose.com.br\/index.php\/2025\/08\/17\/deputado-adriano-jose-marca-presenca-na-cavalgada-em-homenagem-aos-73-anos-de-cruzeiro-do-oeste\/#primaryimage"},"thumbnailUrl":"https:\/\/soldadoadrianojose.com.br\/wp-content\/uploads\/2025\/08\/IMG-20250817-WA0010.jpg","articleSection":["CRUZEIRO DO OESTE"],"inLanguage":"pt-BR","potentialAction":[{"@type":"CommentAction","name":"Comment","target":["https:\/\/soldadoadrianojose.com.br\/index.php\/2025\/08\/17\/deputado-adriano-jose-marca-presenca-na-cavalgada-em-homenagem-aos-73-anos-de-cruzeiro-do-oeste\/#respond"]}]},{"@type":"WebPage","@id":"https:\/\/soldadoadrianojose.com.br\/index.php\/2025\/08\/17\/deputado-adriano-jose-marca-presenca-na-cavalgada-em-homenagem-aos-73-anos-de-cruzeiro-do-oeste\/","url":"https:\/\/soldadoadrianojose.com.br\/index.php\/2025\/08\/17\/deputado-adriano-jose-marca-presenca-na-cavalgada-em-homenagem-aos-73-anos-de-cruzeiro-do-oeste\/","name":"Deputado Adriano Jos\u00e9 marca presen\u00e7a na cavalgada em homenagem aos 73 anos de Cruzeiro do Oeste - Deputado Adriano Jos\u00e9","isPartOf":{"@id":"https:\/\/soldadoadrianojose.com.br\/#website"},"primaryImageOfPage":{"@id":"https:\/\/soldadoadrianojose.com.br\/index.php\/2025\/08\/17\/deputado-adriano-jose-marca-presenca-na-cavalgada-em-homenagem-aos-73-anos-de-cruzeiro-do-oeste\/#primaryimage"},"image":{"@id":"https:\/\/soldadoadrianojose.com.br\/index.php\/2025\/08\/17\/deputado-adriano-jose-marca-presenca-na-cavalgada-em-homenagem-aos-73-anos-de-cruzeiro-do-oeste\/#primaryimage"},"thumbnailUrl":"https:\/\/soldadoadrianojose.com.br\/wp-content\/uploads\/2025\/08\/IMG-20250817-WA0010.jpg","datePublished":"2025-08-17T17:42:46+00:00","dateModified":"2025-08-18T22:25:30+00:00","breadcrumb":{"@id":"https:\/\/soldadoadrianojose.com.br\/index.php\/2025\/08\/17\/deputado-adriano-jose-marca-presenca-na-cavalgada-em-homenagem-aos-73-anos-de-cruzeiro-do-oeste\/#breadcrumb"},"inLanguage":"pt-BR","potentialAction":[{"@type":"ReadAction","target":["https:\/\/soldadoadrianojose.com.br\/index.php\/2025\/08\/17\/deputado-adriano-jose-marca-presenca-na-cavalgada-em-homenagem-aos-73-anos-de-cruzeiro-do-oeste\/"]}]},{"@type":"ImageObject","inLanguage":"pt-BR","@id":"https:\/\/soldadoadrianojose.com.br\/index.php\/2025\/08\/17\/deputado-adriano-jose-marca-presenca-na-cavalgada-em-homenagem-aos-73-anos-de-cruzeiro-do-oeste\/#primaryimage","url":"https:\/\/soldadoadrianojose.com.br\/wp-content\/uploads\/2025\/08\/IMG-20250817-WA0010.jpg","contentUrl":"https:\/\/soldadoadrianojose.com.br\/wp-content\/uploads\/2025\/08\/IMG-20250817-WA0010.jpg","width":1280,"height":960},{"@type":"BreadcrumbList","@id":"https:\/\/soldadoadrianojose.com.br\/index.php\/2025\/08\/17\/deputado-adriano-jose-marca-presenca-na-cavalgada-em-homenagem-aos-73-anos-de-cruzeiro-do-oeste\/#breadcrumb","itemListElement":[{"@type":"ListItem","position":1,"name":"In\u00edcio","item":"https:\/\/soldadoadrianojose.com.br\/"},{"@type":"ListItem","position":2,"name":"Deputado Adriano Jos\u00e9 marca presen\u00e7a na cavalgada em homenagem aos 73 anos de Cruzeiro do Oeste"}]},{"@type":"WebSite","@id":"https:\/\/soldadoadrianojose.com.br\/#website","url":"https:\/\/soldadoadrianojose.com.br\/","name":"Deputado Adriano Jos\u00e9","description":"Nosso trabalho \u00e9 pelas pessoas","publisher":{"@id":"https:\/\/soldadoadrianojose.com.br\/#\/schema\/person\/16f8e8defb7a4bd6c6082efcd1bdb6bb"},"potentialAction":[{"@type":"SearchAction","target":{"@type":"EntryPoint","urlTemplate":"https:\/\/soldadoadrianojose.com.br\/?s={search_term_string}"},"query-input":{"@type":"PropertyValueSpecification","valueRequired":true,"valueName":"search_term_string"}}],"inLanguage":"pt-BR"},{"@type":["Person","Organization"],"@id":"https:\/\/soldadoadrianojose.com.br\/#\/schema\/person\/16f8e8defb7a4bd6c6082efcd1bdb6bb","name":"soldadoadrianojose","image":{"@type":"ImageObject","inLanguage":"pt-BR","@id":"https:\/\/soldadoadrianojose.com.br\/wp-content\/uploads\/2023\/02\/LOGO_CLEAR-5.png","url":"https:\/\/soldadoadrianojose.com.br\/wp-content\/uploads\/2023\/02\/LOGO_CLEAR-5.png","contentUrl":"https:\/\/soldadoadrianojose.com.br\/wp-content\/uploads\/2023\/02\/LOGO_CLEAR-5.png","width":3508,"height":998,"caption":"soldadoadrianojose"},"logo":{"@id":"https:\/\/soldadoadrianojose.com.br\/wp-content\/uploads\/2023\/02\/LOGO_CLEAR-5.png"},"sameAs":["https:\/\/soldadoadrianojose.com.br"]},{"@type":"Person","@id":"https:\/\/soldadoadrianojose.com.br\/#\/schema\/person\/cd48425bd7edd36fa5917c88fbe1cec5","name":"Emanuellig admin2","image":{"@type":"ImageObject","inLanguage":"pt-BR","@id":"https:\/\/soldadoadrianojose.com.br\/wp-content\/litespeed\/avatar\/235a59a115f40132a17fc909e61bc31d.jpg?ver=1777092356","url":"https:\/\/soldadoadrianojose.com.br\/wp-content\/litespeed\/avatar\/235a59a115f40132a17fc909e61bc31d.jpg?ver=1777092356","contentUrl":"https:\/\/soldadoadrianojose.com.br\/wp-content\/litespeed\/avatar\/235a59a115f40132a17fc909e61bc31d.jpg?ver=1777092356","caption":"Emanuellig admin2"},"url":"https:\/\/soldadoadrianojose.com.br\/index.php\/author\/manu\/"}]}},"jetpack_featured_media_url":"https:\/\/soldadoadrianojose.com.br\/wp-content\/uploads\/2025\/08\/IMG-20250817-WA0010.jpg","_links":{"self":[{"href":"https:\/\/soldadoadrianojose.com.br\/index.php\/wp-json\/wp\/v2\/posts\/3219","targetHints":{"allow":["GET"]}}],"collection":[{"href":"https:\/\/soldadoadrianojose.com.br\/index.php\/wp-json\/wp\/v2\/posts"}],"about":[{"href":"https:\/\/soldadoadrianojose.com.br\/index.php\/wp-json\/wp\/v2\/types\/post"}],"author":[{"embeddable":true,"href":"https:\/\/soldadoadrianojose.com.br\/index.php\/wp-json\/wp\/v2\/users\/3"}],"replies":[{"embeddable":true,"href":"https:\/\/soldadoadrianojose.com.br\/index.php\/wp-json\/wp\/v2\/comments?post=3219"}],"version-history":[{"count":1,"href":"https:\/\/soldadoadrianojose.com.br\/index.php\/wp-json\/wp\/v2\/posts\/3219\/revisions"}],"predecessor-version":[{"id":3221,"href":"https:\/\/soldadoadrianojose.com.br\/index.php\/wp-json\/wp\/v2\/posts\/3219\/revisions\/3221"}],"wp:featuredmedia":[{"embeddable":true,"href":"https:\/\/soldadoadrianojose.com.br\/index.php\/wp-json\/wp\/v2\/media\/3220"}],"wp:attachment":[{"href":"https:\/\/soldadoadrianojose.com.br\/index.php\/wp-json\/wp\/v2\/media?parent=3219"}],"wp:term":[{"taxonomy":"category","embeddable":true,"href":"https:\/\/soldadoadrianojose.com.br\/index.php\/wp-json\/wp\/v2\/categories?post=3219"},{"taxonomy":"post_tag","embeddable":true,"href":"https:\/\/soldadoadrianojose.com.br\/index.php\/wp-json\/wp\/v2\/tags?post=3219"}],"curies":[{"name":"wp","href":"https:\/\/api.w.org\/{rel}","templated":true}]}}