{"id":3252,"date":"2025-08-20T10:05:40","date_gmt":"2025-08-20T13:05:40","guid":{"rendered":"https:\/\/soldadoadrianojose.com.br\/?p=3252"},"modified":"2025-08-20T10:05:43","modified_gmt":"2025-08-20T13:05:43","slug":"deputado-adriano-jose-destaca-reducao-historica-do-ipva-anunciada-por-ratinho-junior","status":"publish","type":"post","link":"https:\/\/soldadoadrianojose.com.br\/index.php\/2025\/08\/20\/deputado-adriano-jose-destaca-reducao-historica-do-ipva-anunciada-por-ratinho-junior\/","title":{"rendered":"Deputado Adriano Jos\u00e9 destaca redu\u00e7\u00e3o hist\u00f3rica do IPVA anunciada por Ratinho Junior"},"content":{"rendered":"\n<p>O governador Carlos Massa Ratinho Junior anunciou nesta quarta-feira (20) que o Paran\u00e1 ter\u00e1, a partir de 2026, a menor al\u00edquota de IPVA do Brasil. O imposto sobre a propriedade de ve\u00edculos automotores ser\u00e1 reduzido em 45%, caindo dos atuais 3,5% para apenas 1,9% do valor do ve\u00edculo.<\/p>\n\n\n\n<p>A medida tem como objetivo diminuir os gastos das fam\u00edlias paranaenses e impulsionar a economia estadual. Segundo o governo, a mudan\u00e7a deve estimular o setor automotivo, refor\u00e7ar a competitividade do Paran\u00e1 em rela\u00e7\u00e3o a outros estados e ampliar o \u00edndice de contribuintes adimplentes.<\/p>\n\n\n\n<p>Para o deputado estadual Adriano Jos\u00e9, a iniciativa representa um marco de justi\u00e7a tribut\u00e1ria. \u201cEssa redu\u00e7\u00e3o vai impactar diretamente no bolso do cidad\u00e3o, garantindo mais poder de compra para as fam\u00edlias e fortalecendo o desenvolvimento do nosso Estado. \u00c9 uma conquista que valoriza o contribuinte paranaense e refor\u00e7a a vis\u00e3o moderna do governador Ratinho Junior para a economia\u201d, afirmou.<\/p>\n\n\n\n<p>Com a nova al\u00edquota de 1,9%, o Paran\u00e1 passa a ser refer\u00eancia nacional em pol\u00edtica fiscal voltada aos propriet\u00e1rios de ve\u00edculos, sendo o \u00fanico estado do pa\u00eds a praticar um \u00edndice t\u00e3o baixo.<\/p>\n\n\n\n<p><\/p>\n","protected":false},"excerpt":{"rendered":"<p>O governador Carlos Massa Ratinho Junior anunciou nesta quarta-feira (20) que o Paran\u00e1 ter\u00e1, a partir de 2026, a menor al\u00edquota de IPVA do Brasil. O imposto sobre a propriedade de ve\u00edculos automotores ser\u00e1 reduzido em 45%, caindo dos atuais 3,5% para apenas 1,9% do valor do ve\u00edculo. A medida tem como objetivo diminuir os [&hellip;]<\/p>\n","protected":false},"author":3,"featured_media":3253,"comment_status":"open","ping_status":"open","sticky":false,"template":"","format":"standard","meta":{"footnotes":""},"categories":[1],"tags":[],"class_list":["post-3252","post","type-post","status-publish","format-standard","has-post-thumbnail","hentry","category-gabinete-sd"],"yoast_head":"<!-- This site is optimized with the Yoast SEO plugin v27.4 - https:\/\/yoast.com\/product\/yoast-seo-wordpress\/ -->\n<title>Deputado Adriano Jos\u00e9 destaca redu\u00e7\u00e3o hist\u00f3rica do IPVA anunciada por Ratinho Junior - Deputado Adriano Jos\u00e9<\/title>\n<meta name=\"robots\" content=\"index, follow, max-snippet:-1, max-image-preview:large, max-video-preview:-1\" \/>\n<link rel=\"canonical\" href=\"https:\/\/soldadoadrianojose.com.br\/index.php\/2025\/08\/20\/deputado-adriano-jose-destaca-reducao-historica-do-ipva-anunciada-por-ratinho-junior\/\" \/>\n<meta property=\"og:locale\" content=\"pt_BR\" \/>\n<meta property=\"og:type\" content=\"article\" \/>\n<meta property=\"og:title\" content=\"Deputado Adriano Jos\u00e9 destaca redu\u00e7\u00e3o hist\u00f3rica do IPVA anunciada por Ratinho Junior - Deputado Adriano Jos\u00e9\" \/>\n<meta property=\"og:description\" content=\"O governador Carlos Massa Ratinho Junior anunciou nesta quarta-feira (20) que o Paran\u00e1 ter\u00e1, a partir de 2026, a menor al\u00edquota de IPVA do Brasil. O imposto sobre a propriedade de ve\u00edculos automotores ser\u00e1 reduzido em 45%, caindo dos atuais 3,5% para apenas 1,9% do valor do ve\u00edculo. A medida tem como objetivo diminuir os [&hellip;]\" \/>\n<meta property=\"og:url\" content=\"https:\/\/soldadoadrianojose.com.br\/index.php\/2025\/08\/20\/deputado-adriano-jose-destaca-reducao-historica-do-ipva-anunciada-por-ratinho-junior\/\" \/>\n<meta property=\"og:site_name\" content=\"Deputado Adriano Jos\u00e9\" \/>\n<meta property=\"article:published_time\" content=\"2025-08-20T13:05:40+00:00\" \/>\n<meta property=\"article:modified_time\" content=\"2025-08-20T13:05:43+00:00\" \/>\n<meta property=\"og:image\" content=\"https:\/\/soldadoadrianojose.com.br\/wp-content\/uploads\/2025\/08\/WhatsApp-Image-2025-08-20-at-09.36.22-1.jpeg\" \/>\n\t<meta property=\"og:image:width\" content=\"1600\" \/>\n\t<meta property=\"og:image:height\" content=\"1200\" \/>\n\t<meta property=\"og:image:type\" content=\"image\/jpeg\" \/>\n<meta name=\"author\" content=\"Emanuellig admin2\" \/>\n<meta name=\"twitter:card\" content=\"summary_large_image\" \/>\n<meta name=\"twitter:label1\" content=\"Escrito por\" \/>\n\t<meta name=\"twitter:data1\" content=\"Emanuellig admin2\" \/>\n\t<meta name=\"twitter:label2\" content=\"Est. tempo de leitura\" \/>\n\t<meta name=\"twitter:data2\" content=\"2 minutos\" \/>\n<script type=\"application\/ld+json\" class=\"yoast-schema-graph\">{\"@context\":\"https:\\\/\\\/schema.org\",\"@graph\":[{\"@type\":\"Article\",\"@id\":\"https:\\\/\\\/soldadoadrianojose.com.br\\\/index.php\\\/2025\\\/08\\\/20\\\/deputado-adriano-jose-destaca-reducao-historica-do-ipva-anunciada-por-ratinho-junior\\\/#article\",\"isPartOf\":{\"@id\":\"https:\\\/\\\/soldadoadrianojose.com.br\\\/index.php\\\/2025\\\/08\\\/20\\\/deputado-adriano-jose-destaca-reducao-historica-do-ipva-anunciada-por-ratinho-junior\\\/\"},\"author\":{\"name\":\"Emanuellig admin2\",\"@id\":\"https:\\\/\\\/soldadoadrianojose.com.br\\\/#\\\/schema\\\/person\\\/cd48425bd7edd36fa5917c88fbe1cec5\"},\"headline\":\"Deputado Adriano Jos\u00e9 destaca redu\u00e7\u00e3o hist\u00f3rica do IPVA anunciada por Ratinho Junior\",\"datePublished\":\"2025-08-20T13:05:40+00:00\",\"dateModified\":\"2025-08-20T13:05:43+00:00\",\"mainEntityOfPage\":{\"@id\":\"https:\\\/\\\/soldadoadrianojose.com.br\\\/index.php\\\/2025\\\/08\\\/20\\\/deputado-adriano-jose-destaca-reducao-historica-do-ipva-anunciada-por-ratinho-junior\\\/\"},\"wordCount\":211,\"commentCount\":0,\"publisher\":{\"@id\":\"https:\\\/\\\/soldadoadrianojose.com.br\\\/#\\\/schema\\\/person\\\/16f8e8defb7a4bd6c6082efcd1bdb6bb\"},\"image\":{\"@id\":\"https:\\\/\\\/soldadoadrianojose.com.br\\\/index.php\\\/2025\\\/08\\\/20\\\/deputado-adriano-jose-destaca-reducao-historica-do-ipva-anunciada-por-ratinho-junior\\\/#primaryimage\"},\"thumbnailUrl\":\"https:\\\/\\\/soldadoadrianojose.com.br\\\/wp-content\\\/uploads\\\/2025\\\/08\\\/WhatsApp-Image-2025-08-20-at-09.36.22-1.jpeg\",\"articleSection\":[\"GABINETE SD\"],\"inLanguage\":\"pt-BR\",\"potentialAction\":[{\"@type\":\"CommentAction\",\"name\":\"Comment\",\"target\":[\"https:\\\/\\\/soldadoadrianojose.com.br\\\/index.php\\\/2025\\\/08\\\/20\\\/deputado-adriano-jose-destaca-reducao-historica-do-ipva-anunciada-por-ratinho-junior\\\/#respond\"]}]},{\"@type\":\"WebPage\",\"@id\":\"https:\\\/\\\/soldadoadrianojose.com.br\\\/index.php\\\/2025\\\/08\\\/20\\\/deputado-adriano-jose-destaca-reducao-historica-do-ipva-anunciada-por-ratinho-junior\\\/\",\"url\":\"https:\\\/\\\/soldadoadrianojose.com.br\\\/index.php\\\/2025\\\/08\\\/20\\\/deputado-adriano-jose-destaca-reducao-historica-do-ipva-anunciada-por-ratinho-junior\\\/\",\"name\":\"Deputado Adriano Jos\u00e9 destaca redu\u00e7\u00e3o hist\u00f3rica do IPVA anunciada por Ratinho Junior - Deputado Adriano Jos\u00e9\",\"isPartOf\":{\"@id\":\"https:\\\/\\\/soldadoadrianojose.com.br\\\/#website\"},\"primaryImageOfPage\":{\"@id\":\"https:\\\/\\\/soldadoadrianojose.com.br\\\/index.php\\\/2025\\\/08\\\/20\\\/deputado-adriano-jose-destaca-reducao-historica-do-ipva-anunciada-por-ratinho-junior\\\/#primaryimage\"},\"image\":{\"@id\":\"https:\\\/\\\/soldadoadrianojose.com.br\\\/index.php\\\/2025\\\/08\\\/20\\\/deputado-adriano-jose-destaca-reducao-historica-do-ipva-anunciada-por-ratinho-junior\\\/#primaryimage\"},\"thumbnailUrl\":\"https:\\\/\\\/soldadoadrianojose.com.br\\\/wp-content\\\/uploads\\\/2025\\\/08\\\/WhatsApp-Image-2025-08-20-at-09.36.22-1.jpeg\",\"datePublished\":\"2025-08-20T13:05:40+00:00\",\"dateModified\":\"2025-08-20T13:05:43+00:00\",\"breadcrumb\":{\"@id\":\"https:\\\/\\\/soldadoadrianojose.com.br\\\/index.php\\\/2025\\\/08\\\/20\\\/deputado-adriano-jose-destaca-reducao-historica-do-ipva-anunciada-por-ratinho-junior\\\/#breadcrumb\"},\"inLanguage\":\"pt-BR\",\"potentialAction\":[{\"@type\":\"ReadAction\",\"target\":[\"https:\\\/\\\/soldadoadrianojose.com.br\\\/index.php\\\/2025\\\/08\\\/20\\\/deputado-adriano-jose-destaca-reducao-historica-do-ipva-anunciada-por-ratinho-junior\\\/\"]}]},{\"@type\":\"ImageObject\",\"inLanguage\":\"pt-BR\",\"@id\":\"https:\\\/\\\/soldadoadrianojose.com.br\\\/index.php\\\/2025\\\/08\\\/20\\\/deputado-adriano-jose-destaca-reducao-historica-do-ipva-anunciada-por-ratinho-junior\\\/#primaryimage\",\"url\":\"https:\\\/\\\/soldadoadrianojose.com.br\\\/wp-content\\\/uploads\\\/2025\\\/08\\\/WhatsApp-Image-2025-08-20-at-09.36.22-1.jpeg\",\"contentUrl\":\"https:\\\/\\\/soldadoadrianojose.com.br\\\/wp-content\\\/uploads\\\/2025\\\/08\\\/WhatsApp-Image-2025-08-20-at-09.36.22-1.jpeg\",\"width\":1600,\"height\":1200},{\"@type\":\"BreadcrumbList\",\"@id\":\"https:\\\/\\\/soldadoadrianojose.com.br\\\/index.php\\\/2025\\\/08\\\/20\\\/deputado-adriano-jose-destaca-reducao-historica-do-ipva-anunciada-por-ratinho-junior\\\/#breadcrumb\",\"itemListElement\":[{\"@type\":\"ListItem\",\"position\":1,\"name\":\"In\u00edcio\",\"item\":\"https:\\\/\\\/soldadoadrianojose.com.br\\\/\"},{\"@type\":\"ListItem\",\"position\":2,\"name\":\"Deputado Adriano Jos\u00e9 destaca redu\u00e7\u00e3o hist\u00f3rica do IPVA anunciada por Ratinho Junior\"}]},{\"@type\":\"WebSite\",\"@id\":\"https:\\\/\\\/soldadoadrianojose.com.br\\\/#website\",\"url\":\"https:\\\/\\\/soldadoadrianojose.com.br\\\/\",\"name\":\"Deputado Adriano Jos\u00e9\",\"description\":\"Nosso trabalho \u00e9 pelas pessoas\",\"publisher\":{\"@id\":\"https:\\\/\\\/soldadoadrianojose.com.br\\\/#\\\/schema\\\/person\\\/16f8e8defb7a4bd6c6082efcd1bdb6bb\"},\"potentialAction\":[{\"@type\":\"SearchAction\",\"target\":{\"@type\":\"EntryPoint\",\"urlTemplate\":\"https:\\\/\\\/soldadoadrianojose.com.br\\\/?s={search_term_string}\"},\"query-input\":{\"@type\":\"PropertyValueSpecification\",\"valueRequired\":true,\"valueName\":\"search_term_string\"}}],\"inLanguage\":\"pt-BR\"},{\"@type\":[\"Person\",\"Organization\"],\"@id\":\"https:\\\/\\\/soldadoadrianojose.com.br\\\/#\\\/schema\\\/person\\\/16f8e8defb7a4bd6c6082efcd1bdb6bb\",\"name\":\"soldadoadrianojose\",\"image\":{\"@type\":\"ImageObject\",\"inLanguage\":\"pt-BR\",\"@id\":\"https:\\\/\\\/soldadoadrianojose.com.br\\\/wp-content\\\/uploads\\\/2023\\\/02\\\/LOGO_CLEAR-5.png\",\"url\":\"https:\\\/\\\/soldadoadrianojose.com.br\\\/wp-content\\\/uploads\\\/2023\\\/02\\\/LOGO_CLEAR-5.png\",\"contentUrl\":\"https:\\\/\\\/soldadoadrianojose.com.br\\\/wp-content\\\/uploads\\\/2023\\\/02\\\/LOGO_CLEAR-5.png\",\"width\":3508,\"height\":998,\"caption\":\"soldadoadrianojose\"},\"logo\":{\"@id\":\"https:\\\/\\\/soldadoadrianojose.com.br\\\/wp-content\\\/uploads\\\/2023\\\/02\\\/LOGO_CLEAR-5.png\"},\"sameAs\":[\"https:\\\/\\\/soldadoadrianojose.com.br\"]},{\"@type\":\"Person\",\"@id\":\"https:\\\/\\\/soldadoadrianojose.com.br\\\/#\\\/schema\\\/person\\\/cd48425bd7edd36fa5917c88fbe1cec5\",\"name\":\"Emanuellig admin2\",\"image\":{\"@type\":\"ImageObject\",\"inLanguage\":\"pt-BR\",\"@id\":\"https:\\\/\\\/soldadoadrianojose.com.br\\\/wp-content\\\/litespeed\\\/avatar\\\/235a59a115f40132a17fc909e61bc31d.jpg?ver=1777092356\",\"url\":\"https:\\\/\\\/soldadoadrianojose.com.br\\\/wp-content\\\/litespeed\\\/avatar\\\/235a59a115f40132a17fc909e61bc31d.jpg?ver=1777092356\",\"contentUrl\":\"https:\\\/\\\/soldadoadrianojose.com.br\\\/wp-content\\\/litespeed\\\/avatar\\\/235a59a115f40132a17fc909e61bc31d.jpg?ver=1777092356\",\"caption\":\"Emanuellig admin2\"},\"url\":\"https:\\\/\\\/soldadoadrianojose.com.br\\\/index.php\\\/author\\\/manu\\\/\"}]}<\/script>\n<!-- \/ Yoast SEO plugin. -->","yoast_head_json":{"title":"Deputado Adriano Jos\u00e9 destaca redu\u00e7\u00e3o hist\u00f3rica do IPVA anunciada por Ratinho Junior - Deputado Adriano Jos\u00e9","robots":{"index":"index","follow":"follow","max-snippet":"max-snippet:-1","max-image-preview":"max-image-preview:large","max-video-preview":"max-video-preview:-1"},"canonical":"https:\/\/soldadoadrianojose.com.br\/index.php\/2025\/08\/20\/deputado-adriano-jose-destaca-reducao-historica-do-ipva-anunciada-por-ratinho-junior\/","og_locale":"pt_BR","og_type":"article","og_title":"Deputado Adriano Jos\u00e9 destaca redu\u00e7\u00e3o hist\u00f3rica do IPVA anunciada por Ratinho Junior - Deputado Adriano Jos\u00e9","og_description":"O governador Carlos Massa Ratinho Junior anunciou nesta quarta-feira (20) que o Paran\u00e1 ter\u00e1, a partir de 2026, a menor al\u00edquota de IPVA do Brasil. O imposto sobre a propriedade de ve\u00edculos automotores ser\u00e1 reduzido em 45%, caindo dos atuais 3,5% para apenas 1,9% do valor do ve\u00edculo. A medida tem como objetivo diminuir os [&hellip;]","og_url":"https:\/\/soldadoadrianojose.com.br\/index.php\/2025\/08\/20\/deputado-adriano-jose-destaca-reducao-historica-do-ipva-anunciada-por-ratinho-junior\/","og_site_name":"Deputado Adriano Jos\u00e9","article_published_time":"2025-08-20T13:05:40+00:00","article_modified_time":"2025-08-20T13:05:43+00:00","og_image":[{"width":1600,"height":1200,"url":"https:\/\/soldadoadrianojose.com.br\/wp-content\/uploads\/2025\/08\/WhatsApp-Image-2025-08-20-at-09.36.22-1.jpeg","type":"image\/jpeg"}],"author":"Emanuellig admin2","twitter_card":"summary_large_image","twitter_misc":{"Escrito por":"Emanuellig admin2","Est. tempo de leitura":"2 minutos"},"schema":{"@context":"https:\/\/schema.org","@graph":[{"@type":"Article","@id":"https:\/\/soldadoadrianojose.com.br\/index.php\/2025\/08\/20\/deputado-adriano-jose-destaca-reducao-historica-do-ipva-anunciada-por-ratinho-junior\/#article","isPartOf":{"@id":"https:\/\/soldadoadrianojose.com.br\/index.php\/2025\/08\/20\/deputado-adriano-jose-destaca-reducao-historica-do-ipva-anunciada-por-ratinho-junior\/"},"author":{"name":"Emanuellig admin2","@id":"https:\/\/soldadoadrianojose.com.br\/#\/schema\/person\/cd48425bd7edd36fa5917c88fbe1cec5"},"headline":"Deputado Adriano Jos\u00e9 destaca redu\u00e7\u00e3o hist\u00f3rica do IPVA anunciada por Ratinho Junior","datePublished":"2025-08-20T13:05:40+00:00","dateModified":"2025-08-20T13:05:43+00:00","mainEntityOfPage":{"@id":"https:\/\/soldadoadrianojose.com.br\/index.php\/2025\/08\/20\/deputado-adriano-jose-destaca-reducao-historica-do-ipva-anunciada-por-ratinho-junior\/"},"wordCount":211,"commentCount":0,"publisher":{"@id":"https:\/\/soldadoadrianojose.com.br\/#\/schema\/person\/16f8e8defb7a4bd6c6082efcd1bdb6bb"},"image":{"@id":"https:\/\/soldadoadrianojose.com.br\/index.php\/2025\/08\/20\/deputado-adriano-jose-destaca-reducao-historica-do-ipva-anunciada-por-ratinho-junior\/#primaryimage"},"thumbnailUrl":"https:\/\/soldadoadrianojose.com.br\/wp-content\/uploads\/2025\/08\/WhatsApp-Image-2025-08-20-at-09.36.22-1.jpeg","articleSection":["GABINETE SD"],"inLanguage":"pt-BR","potentialAction":[{"@type":"CommentAction","name":"Comment","target":["https:\/\/soldadoadrianojose.com.br\/index.php\/2025\/08\/20\/deputado-adriano-jose-destaca-reducao-historica-do-ipva-anunciada-por-ratinho-junior\/#respond"]}]},{"@type":"WebPage","@id":"https:\/\/soldadoadrianojose.com.br\/index.php\/2025\/08\/20\/deputado-adriano-jose-destaca-reducao-historica-do-ipva-anunciada-por-ratinho-junior\/","url":"https:\/\/soldadoadrianojose.com.br\/index.php\/2025\/08\/20\/deputado-adriano-jose-destaca-reducao-historica-do-ipva-anunciada-por-ratinho-junior\/","name":"Deputado Adriano Jos\u00e9 destaca redu\u00e7\u00e3o hist\u00f3rica do IPVA anunciada por Ratinho Junior - Deputado Adriano Jos\u00e9","isPartOf":{"@id":"https:\/\/soldadoadrianojose.com.br\/#website"},"primaryImageOfPage":{"@id":"https:\/\/soldadoadrianojose.com.br\/index.php\/2025\/08\/20\/deputado-adriano-jose-destaca-reducao-historica-do-ipva-anunciada-por-ratinho-junior\/#primaryimage"},"image":{"@id":"https:\/\/soldadoadrianojose.com.br\/index.php\/2025\/08\/20\/deputado-adriano-jose-destaca-reducao-historica-do-ipva-anunciada-por-ratinho-junior\/#primaryimage"},"thumbnailUrl":"https:\/\/soldadoadrianojose.com.br\/wp-content\/uploads\/2025\/08\/WhatsApp-Image-2025-08-20-at-09.36.22-1.jpeg","datePublished":"2025-08-20T13:05:40+00:00","dateModified":"2025-08-20T13:05:43+00:00","breadcrumb":{"@id":"https:\/\/soldadoadrianojose.com.br\/index.php\/2025\/08\/20\/deputado-adriano-jose-destaca-reducao-historica-do-ipva-anunciada-por-ratinho-junior\/#breadcrumb"},"inLanguage":"pt-BR","potentialAction":[{"@type":"ReadAction","target":["https:\/\/soldadoadrianojose.com.br\/index.php\/2025\/08\/20\/deputado-adriano-jose-destaca-reducao-historica-do-ipva-anunciada-por-ratinho-junior\/"]}]},{"@type":"ImageObject","inLanguage":"pt-BR","@id":"https:\/\/soldadoadrianojose.com.br\/index.php\/2025\/08\/20\/deputado-adriano-jose-destaca-reducao-historica-do-ipva-anunciada-por-ratinho-junior\/#primaryimage","url":"https:\/\/soldadoadrianojose.com.br\/wp-content\/uploads\/2025\/08\/WhatsApp-Image-2025-08-20-at-09.36.22-1.jpeg","contentUrl":"https:\/\/soldadoadrianojose.com.br\/wp-content\/uploads\/2025\/08\/WhatsApp-Image-2025-08-20-at-09.36.22-1.jpeg","width":1600,"height":1200},{"@type":"BreadcrumbList","@id":"https:\/\/soldadoadrianojose.com.br\/index.php\/2025\/08\/20\/deputado-adriano-jose-destaca-reducao-historica-do-ipva-anunciada-por-ratinho-junior\/#breadcrumb","itemListElement":[{"@type":"ListItem","position":1,"name":"In\u00edcio","item":"https:\/\/soldadoadrianojose.com.br\/"},{"@type":"ListItem","position":2,"name":"Deputado Adriano Jos\u00e9 destaca redu\u00e7\u00e3o hist\u00f3rica do IPVA anunciada por Ratinho Junior"}]},{"@type":"WebSite","@id":"https:\/\/soldadoadrianojose.com.br\/#website","url":"https:\/\/soldadoadrianojose.com.br\/","name":"Deputado Adriano Jos\u00e9","description":"Nosso trabalho \u00e9 pelas pessoas","publisher":{"@id":"https:\/\/soldadoadrianojose.com.br\/#\/schema\/person\/16f8e8defb7a4bd6c6082efcd1bdb6bb"},"potentialAction":[{"@type":"SearchAction","target":{"@type":"EntryPoint","urlTemplate":"https:\/\/soldadoadrianojose.com.br\/?s={search_term_string}"},"query-input":{"@type":"PropertyValueSpecification","valueRequired":true,"valueName":"search_term_string"}}],"inLanguage":"pt-BR"},{"@type":["Person","Organization"],"@id":"https:\/\/soldadoadrianojose.com.br\/#\/schema\/person\/16f8e8defb7a4bd6c6082efcd1bdb6bb","name":"soldadoadrianojose","image":{"@type":"ImageObject","inLanguage":"pt-BR","@id":"https:\/\/soldadoadrianojose.com.br\/wp-content\/uploads\/2023\/02\/LOGO_CLEAR-5.png","url":"https:\/\/soldadoadrianojose.com.br\/wp-content\/uploads\/2023\/02\/LOGO_CLEAR-5.png","contentUrl":"https:\/\/soldadoadrianojose.com.br\/wp-content\/uploads\/2023\/02\/LOGO_CLEAR-5.png","width":3508,"height":998,"caption":"soldadoadrianojose"},"logo":{"@id":"https:\/\/soldadoadrianojose.com.br\/wp-content\/uploads\/2023\/02\/LOGO_CLEAR-5.png"},"sameAs":["https:\/\/soldadoadrianojose.com.br"]},{"@type":"Person","@id":"https:\/\/soldadoadrianojose.com.br\/#\/schema\/person\/cd48425bd7edd36fa5917c88fbe1cec5","name":"Emanuellig admin2","image":{"@type":"ImageObject","inLanguage":"pt-BR","@id":"https:\/\/soldadoadrianojose.com.br\/wp-content\/litespeed\/avatar\/235a59a115f40132a17fc909e61bc31d.jpg?ver=1777092356","url":"https:\/\/soldadoadrianojose.com.br\/wp-content\/litespeed\/avatar\/235a59a115f40132a17fc909e61bc31d.jpg?ver=1777092356","contentUrl":"https:\/\/soldadoadrianojose.com.br\/wp-content\/litespeed\/avatar\/235a59a115f40132a17fc909e61bc31d.jpg?ver=1777092356","caption":"Emanuellig admin2"},"url":"https:\/\/soldadoadrianojose.com.br\/index.php\/author\/manu\/"}]}},"jetpack_featured_media_url":"https:\/\/soldadoadrianojose.com.br\/wp-content\/uploads\/2025\/08\/WhatsApp-Image-2025-08-20-at-09.36.22-1.jpeg","_links":{"self":[{"href":"https:\/\/soldadoadrianojose.com.br\/index.php\/wp-json\/wp\/v2\/posts\/3252","targetHints":{"allow":["GET"]}}],"collection":[{"href":"https:\/\/soldadoadrianojose.com.br\/index.php\/wp-json\/wp\/v2\/posts"}],"about":[{"href":"https:\/\/soldadoadrianojose.com.br\/index.php\/wp-json\/wp\/v2\/types\/post"}],"author":[{"embeddable":true,"href":"https:\/\/soldadoadrianojose.com.br\/index.php\/wp-json\/wp\/v2\/users\/3"}],"replies":[{"embeddable":true,"href":"https:\/\/soldadoadrianojose.com.br\/index.php\/wp-json\/wp\/v2\/comments?post=3252"}],"version-history":[{"count":1,"href":"https:\/\/soldadoadrianojose.com.br\/index.php\/wp-json\/wp\/v2\/posts\/3252\/revisions"}],"predecessor-version":[{"id":3254,"href":"https:\/\/soldadoadrianojose.com.br\/index.php\/wp-json\/wp\/v2\/posts\/3252\/revisions\/3254"}],"wp:featuredmedia":[{"embeddable":true,"href":"https:\/\/soldadoadrianojose.com.br\/index.php\/wp-json\/wp\/v2\/media\/3253"}],"wp:attachment":[{"href":"https:\/\/soldadoadrianojose.com.br\/index.php\/wp-json\/wp\/v2\/media?parent=3252"}],"wp:term":[{"taxonomy":"category","embeddable":true,"href":"https:\/\/soldadoadrianojose.com.br\/index.php\/wp-json\/wp\/v2\/categories?post=3252"},{"taxonomy":"post_tag","embeddable":true,"href":"https:\/\/soldadoadrianojose.com.br\/index.php\/wp-json\/wp\/v2\/tags?post=3252"}],"curies":[{"name":"wp","href":"https:\/\/api.w.org\/{rel}","templated":true}]}}