{"id":3270,"date":"2025-08-25T12:37:42","date_gmt":"2025-08-25T15:37:42","guid":{"rendered":"https:\/\/soldadoadrianojose.com.br\/?p=3270"},"modified":"2025-08-25T13:34:58","modified_gmt":"2025-08-25T16:34:58","slug":"prefeito-duda-de-atalaia-destaca-conquistas-em-entrevista-com-o-deputado-adriano-jose","status":"publish","type":"post","link":"https:\/\/soldadoadrianojose.com.br\/index.php\/2025\/08\/25\/prefeito-duda-de-atalaia-destaca-conquistas-em-entrevista-com-o-deputado-adriano-jose\/","title":{"rendered":"Prefeito Duda de Atalaia destaca conquistas em entrevista com o deputado Adriano Jos\u00e9"},"content":{"rendered":"\n<p>O prefeito Duda de Atalaia participou do programa Conex\u00e3o a convite do deputado estadual Adriano Jos\u00e9, onde apresentou os avan\u00e7os da sua gest\u00e3o no munic\u00edpio. Entre as principais realiza\u00e7\u00f5es, Duda destacou a entrega de 126 casas populares pelo programa Casa F\u00e1cil Paran\u00e1, em parceria com o governador Ratinho J\u00fanior, e anunciou que outras 49 unidades est\u00e3o em fase de constru\u00e7\u00e3o, totalizando 175 moradias. Proporcionalmente ao n\u00famero de habitantes, Atalaia \u00e9 hoje a cidade que mais entregou casas no Paran\u00e1.<\/p>\n\n\n\n<p>Outro ponto de orgulho para o munic\u00edpio \u00e9 a educa\u00e7\u00e3o com apoio do secret\u00e1rio de educa\u00e7\u00e3o Roni Miranda. Atalaia alcan\u00e7ou um IDEB de 8,2, resultado que garante a melhor coloca\u00e7\u00e3o da Amusep, a terceira melhor do Paran\u00e1 e a 41\u00aa do Brasil. O prefeito tamb\u00e9m ressaltou os investimentos em sa\u00fade, com renova\u00e7\u00e3o da frota, novos pr\u00e9dios e apoio constante da Secretaria de Estado da Sa\u00fade atrav\u00e9s do secret\u00e1rio Beto Preto. \u201c\u00c9 uma satisfa\u00e7\u00e3o poder transformar a vida das pessoas e ver Atalaia sendo refer\u00eancia\u201d, afirmou Duda.<\/p>\n\n\n\n<p>Durante a entrevista, o deputado Adriano Jos\u00e9 elogiou a gest\u00e3o do prefeito e refor\u00e7ou a parceria com o munic\u00edpio. \u201cDuda \u00e9 um prefeito trabalhador, simples, inteligente e apaixonado por Atalaia. Em Curitiba, \u00e9 respeitado por secret\u00e1rios e pelo governador, sempre de portas abertas\u201d, destacou o parlamentar, reafirmando o compromisso de seguir trabalhando junto pela cidade e por toda a regi\u00e3o.<\/p>\n","protected":false},"excerpt":{"rendered":"<p>O prefeito Duda de Atalaia participou do programa Conex\u00e3o a convite do deputado estadual Adriano Jos\u00e9, onde apresentou os avan\u00e7os da sua gest\u00e3o no munic\u00edpio. Entre as principais realiza\u00e7\u00f5es, Duda destacou a entrega de 126 casas populares pelo programa Casa F\u00e1cil Paran\u00e1, em parceria com o governador Ratinho J\u00fanior, e anunciou que outras 49 unidades [&hellip;]<\/p>\n","protected":false},"author":3,"featured_media":0,"comment_status":"open","ping_status":"open","sticky":false,"template":"","format":"standard","meta":{"footnotes":""},"categories":[1,88],"tags":[],"class_list":["post-3270","post","type-post","status-publish","format-standard","hentry","category-gabinete-sd","category-programa-conexao"],"yoast_head":"<!-- This site is optimized with the Yoast SEO plugin v27.4 - https:\/\/yoast.com\/product\/yoast-seo-wordpress\/ -->\n<title>Prefeito Duda de Atalaia destaca conquistas em entrevista com o deputado Adriano Jos\u00e9 - Deputado Adriano Jos\u00e9<\/title>\n<meta name=\"robots\" content=\"index, follow, max-snippet:-1, max-image-preview:large, max-video-preview:-1\" \/>\n<link rel=\"canonical\" href=\"https:\/\/soldadoadrianojose.com.br\/index.php\/2025\/08\/25\/prefeito-duda-de-atalaia-destaca-conquistas-em-entrevista-com-o-deputado-adriano-jose\/\" \/>\n<meta property=\"og:locale\" content=\"pt_BR\" \/>\n<meta property=\"og:type\" content=\"article\" \/>\n<meta property=\"og:title\" content=\"Prefeito Duda de Atalaia destaca conquistas em entrevista com o deputado Adriano Jos\u00e9 - Deputado Adriano Jos\u00e9\" \/>\n<meta property=\"og:description\" content=\"O prefeito Duda de Atalaia participou do programa Conex\u00e3o a convite do deputado estadual Adriano Jos\u00e9, onde apresentou os avan\u00e7os da sua gest\u00e3o no munic\u00edpio. Entre as principais realiza\u00e7\u00f5es, Duda destacou a entrega de 126 casas populares pelo programa Casa F\u00e1cil Paran\u00e1, em parceria com o governador Ratinho J\u00fanior, e anunciou que outras 49 unidades [&hellip;]\" \/>\n<meta property=\"og:url\" content=\"https:\/\/soldadoadrianojose.com.br\/index.php\/2025\/08\/25\/prefeito-duda-de-atalaia-destaca-conquistas-em-entrevista-com-o-deputado-adriano-jose\/\" \/>\n<meta property=\"og:site_name\" content=\"Deputado Adriano Jos\u00e9\" \/>\n<meta property=\"article:published_time\" content=\"2025-08-25T15:37:42+00:00\" \/>\n<meta property=\"article:modified_time\" content=\"2025-08-25T16:34:58+00:00\" \/>\n<meta name=\"author\" content=\"Emanuellig admin2\" \/>\n<meta name=\"twitter:card\" content=\"summary_large_image\" \/>\n<meta name=\"twitter:label1\" content=\"Escrito por\" \/>\n\t<meta name=\"twitter:data1\" content=\"Emanuellig admin2\" \/>\n\t<meta name=\"twitter:label2\" content=\"Est. tempo de leitura\" \/>\n\t<meta name=\"twitter:data2\" content=\"2 minutos\" \/>\n<script type=\"application\/ld+json\" class=\"yoast-schema-graph\">{\"@context\":\"https:\\\/\\\/schema.org\",\"@graph\":[{\"@type\":\"Article\",\"@id\":\"https:\\\/\\\/soldadoadrianojose.com.br\\\/index.php\\\/2025\\\/08\\\/25\\\/prefeito-duda-de-atalaia-destaca-conquistas-em-entrevista-com-o-deputado-adriano-jose\\\/#article\",\"isPartOf\":{\"@id\":\"https:\\\/\\\/soldadoadrianojose.com.br\\\/index.php\\\/2025\\\/08\\\/25\\\/prefeito-duda-de-atalaia-destaca-conquistas-em-entrevista-com-o-deputado-adriano-jose\\\/\"},\"author\":{\"name\":\"Emanuellig admin2\",\"@id\":\"https:\\\/\\\/soldadoadrianojose.com.br\\\/#\\\/schema\\\/person\\\/cd48425bd7edd36fa5917c88fbe1cec5\"},\"headline\":\"Prefeito Duda de Atalaia destaca conquistas em entrevista com o deputado Adriano Jos\u00e9\",\"datePublished\":\"2025-08-25T15:37:42+00:00\",\"dateModified\":\"2025-08-25T16:34:58+00:00\",\"mainEntityOfPage\":{\"@id\":\"https:\\\/\\\/soldadoadrianojose.com.br\\\/index.php\\\/2025\\\/08\\\/25\\\/prefeito-duda-de-atalaia-destaca-conquistas-em-entrevista-com-o-deputado-adriano-jose\\\/\"},\"wordCount\":258,\"commentCount\":0,\"publisher\":{\"@id\":\"https:\\\/\\\/soldadoadrianojose.com.br\\\/#\\\/schema\\\/person\\\/16f8e8defb7a4bd6c6082efcd1bdb6bb\"},\"articleSection\":[\"GABINETE SD\",\"PROGRAMA CONEX\u00c3O\"],\"inLanguage\":\"pt-BR\",\"potentialAction\":[{\"@type\":\"CommentAction\",\"name\":\"Comment\",\"target\":[\"https:\\\/\\\/soldadoadrianojose.com.br\\\/index.php\\\/2025\\\/08\\\/25\\\/prefeito-duda-de-atalaia-destaca-conquistas-em-entrevista-com-o-deputado-adriano-jose\\\/#respond\"]}]},{\"@type\":\"WebPage\",\"@id\":\"https:\\\/\\\/soldadoadrianojose.com.br\\\/index.php\\\/2025\\\/08\\\/25\\\/prefeito-duda-de-atalaia-destaca-conquistas-em-entrevista-com-o-deputado-adriano-jose\\\/\",\"url\":\"https:\\\/\\\/soldadoadrianojose.com.br\\\/index.php\\\/2025\\\/08\\\/25\\\/prefeito-duda-de-atalaia-destaca-conquistas-em-entrevista-com-o-deputado-adriano-jose\\\/\",\"name\":\"Prefeito Duda de Atalaia destaca conquistas em entrevista com o deputado Adriano Jos\u00e9 - Deputado Adriano Jos\u00e9\",\"isPartOf\":{\"@id\":\"https:\\\/\\\/soldadoadrianojose.com.br\\\/#website\"},\"datePublished\":\"2025-08-25T15:37:42+00:00\",\"dateModified\":\"2025-08-25T16:34:58+00:00\",\"breadcrumb\":{\"@id\":\"https:\\\/\\\/soldadoadrianojose.com.br\\\/index.php\\\/2025\\\/08\\\/25\\\/prefeito-duda-de-atalaia-destaca-conquistas-em-entrevista-com-o-deputado-adriano-jose\\\/#breadcrumb\"},\"inLanguage\":\"pt-BR\",\"potentialAction\":[{\"@type\":\"ReadAction\",\"target\":[\"https:\\\/\\\/soldadoadrianojose.com.br\\\/index.php\\\/2025\\\/08\\\/25\\\/prefeito-duda-de-atalaia-destaca-conquistas-em-entrevista-com-o-deputado-adriano-jose\\\/\"]}]},{\"@type\":\"BreadcrumbList\",\"@id\":\"https:\\\/\\\/soldadoadrianojose.com.br\\\/index.php\\\/2025\\\/08\\\/25\\\/prefeito-duda-de-atalaia-destaca-conquistas-em-entrevista-com-o-deputado-adriano-jose\\\/#breadcrumb\",\"itemListElement\":[{\"@type\":\"ListItem\",\"position\":1,\"name\":\"In\u00edcio\",\"item\":\"https:\\\/\\\/soldadoadrianojose.com.br\\\/\"},{\"@type\":\"ListItem\",\"position\":2,\"name\":\"Prefeito Duda de Atalaia destaca conquistas em entrevista com o deputado Adriano Jos\u00e9\"}]},{\"@type\":\"WebSite\",\"@id\":\"https:\\\/\\\/soldadoadrianojose.com.br\\\/#website\",\"url\":\"https:\\\/\\\/soldadoadrianojose.com.br\\\/\",\"name\":\"Deputado Adriano Jos\u00e9\",\"description\":\"Nosso trabalho \u00e9 pelas pessoas\",\"publisher\":{\"@id\":\"https:\\\/\\\/soldadoadrianojose.com.br\\\/#\\\/schema\\\/person\\\/16f8e8defb7a4bd6c6082efcd1bdb6bb\"},\"potentialAction\":[{\"@type\":\"SearchAction\",\"target\":{\"@type\":\"EntryPoint\",\"urlTemplate\":\"https:\\\/\\\/soldadoadrianojose.com.br\\\/?s={search_term_string}\"},\"query-input\":{\"@type\":\"PropertyValueSpecification\",\"valueRequired\":true,\"valueName\":\"search_term_string\"}}],\"inLanguage\":\"pt-BR\"},{\"@type\":[\"Person\",\"Organization\"],\"@id\":\"https:\\\/\\\/soldadoadrianojose.com.br\\\/#\\\/schema\\\/person\\\/16f8e8defb7a4bd6c6082efcd1bdb6bb\",\"name\":\"soldadoadrianojose\",\"image\":{\"@type\":\"ImageObject\",\"inLanguage\":\"pt-BR\",\"@id\":\"https:\\\/\\\/soldadoadrianojose.com.br\\\/wp-content\\\/uploads\\\/2023\\\/02\\\/LOGO_CLEAR-5.png\",\"url\":\"https:\\\/\\\/soldadoadrianojose.com.br\\\/wp-content\\\/uploads\\\/2023\\\/02\\\/LOGO_CLEAR-5.png\",\"contentUrl\":\"https:\\\/\\\/soldadoadrianojose.com.br\\\/wp-content\\\/uploads\\\/2023\\\/02\\\/LOGO_CLEAR-5.png\",\"width\":3508,\"height\":998,\"caption\":\"soldadoadrianojose\"},\"logo\":{\"@id\":\"https:\\\/\\\/soldadoadrianojose.com.br\\\/wp-content\\\/uploads\\\/2023\\\/02\\\/LOGO_CLEAR-5.png\"},\"sameAs\":[\"https:\\\/\\\/soldadoadrianojose.com.br\"]},{\"@type\":\"Person\",\"@id\":\"https:\\\/\\\/soldadoadrianojose.com.br\\\/#\\\/schema\\\/person\\\/cd48425bd7edd36fa5917c88fbe1cec5\",\"name\":\"Emanuellig admin2\",\"image\":{\"@type\":\"ImageObject\",\"inLanguage\":\"pt-BR\",\"@id\":\"https:\\\/\\\/soldadoadrianojose.com.br\\\/wp-content\\\/litespeed\\\/avatar\\\/235a59a115f40132a17fc909e61bc31d.jpg?ver=1777092356\",\"url\":\"https:\\\/\\\/soldadoadrianojose.com.br\\\/wp-content\\\/litespeed\\\/avatar\\\/235a59a115f40132a17fc909e61bc31d.jpg?ver=1777092356\",\"contentUrl\":\"https:\\\/\\\/soldadoadrianojose.com.br\\\/wp-content\\\/litespeed\\\/avatar\\\/235a59a115f40132a17fc909e61bc31d.jpg?ver=1777092356\",\"caption\":\"Emanuellig admin2\"},\"url\":\"https:\\\/\\\/soldadoadrianojose.com.br\\\/index.php\\\/author\\\/manu\\\/\"}]}<\/script>\n<!-- \/ Yoast SEO plugin. -->","yoast_head_json":{"title":"Prefeito Duda de Atalaia destaca conquistas em entrevista com o deputado Adriano Jos\u00e9 - Deputado Adriano Jos\u00e9","robots":{"index":"index","follow":"follow","max-snippet":"max-snippet:-1","max-image-preview":"max-image-preview:large","max-video-preview":"max-video-preview:-1"},"canonical":"https:\/\/soldadoadrianojose.com.br\/index.php\/2025\/08\/25\/prefeito-duda-de-atalaia-destaca-conquistas-em-entrevista-com-o-deputado-adriano-jose\/","og_locale":"pt_BR","og_type":"article","og_title":"Prefeito Duda de Atalaia destaca conquistas em entrevista com o deputado Adriano Jos\u00e9 - Deputado Adriano Jos\u00e9","og_description":"O prefeito Duda de Atalaia participou do programa Conex\u00e3o a convite do deputado estadual Adriano Jos\u00e9, onde apresentou os avan\u00e7os da sua gest\u00e3o no munic\u00edpio. Entre as principais realiza\u00e7\u00f5es, Duda destacou a entrega de 126 casas populares pelo programa Casa F\u00e1cil Paran\u00e1, em parceria com o governador Ratinho J\u00fanior, e anunciou que outras 49 unidades [&hellip;]","og_url":"https:\/\/soldadoadrianojose.com.br\/index.php\/2025\/08\/25\/prefeito-duda-de-atalaia-destaca-conquistas-em-entrevista-com-o-deputado-adriano-jose\/","og_site_name":"Deputado Adriano Jos\u00e9","article_published_time":"2025-08-25T15:37:42+00:00","article_modified_time":"2025-08-25T16:34:58+00:00","author":"Emanuellig admin2","twitter_card":"summary_large_image","twitter_misc":{"Escrito por":"Emanuellig admin2","Est. tempo de leitura":"2 minutos"},"schema":{"@context":"https:\/\/schema.org","@graph":[{"@type":"Article","@id":"https:\/\/soldadoadrianojose.com.br\/index.php\/2025\/08\/25\/prefeito-duda-de-atalaia-destaca-conquistas-em-entrevista-com-o-deputado-adriano-jose\/#article","isPartOf":{"@id":"https:\/\/soldadoadrianojose.com.br\/index.php\/2025\/08\/25\/prefeito-duda-de-atalaia-destaca-conquistas-em-entrevista-com-o-deputado-adriano-jose\/"},"author":{"name":"Emanuellig admin2","@id":"https:\/\/soldadoadrianojose.com.br\/#\/schema\/person\/cd48425bd7edd36fa5917c88fbe1cec5"},"headline":"Prefeito Duda de Atalaia destaca conquistas em entrevista com o deputado Adriano Jos\u00e9","datePublished":"2025-08-25T15:37:42+00:00","dateModified":"2025-08-25T16:34:58+00:00","mainEntityOfPage":{"@id":"https:\/\/soldadoadrianojose.com.br\/index.php\/2025\/08\/25\/prefeito-duda-de-atalaia-destaca-conquistas-em-entrevista-com-o-deputado-adriano-jose\/"},"wordCount":258,"commentCount":0,"publisher":{"@id":"https:\/\/soldadoadrianojose.com.br\/#\/schema\/person\/16f8e8defb7a4bd6c6082efcd1bdb6bb"},"articleSection":["GABINETE SD","PROGRAMA CONEX\u00c3O"],"inLanguage":"pt-BR","potentialAction":[{"@type":"CommentAction","name":"Comment","target":["https:\/\/soldadoadrianojose.com.br\/index.php\/2025\/08\/25\/prefeito-duda-de-atalaia-destaca-conquistas-em-entrevista-com-o-deputado-adriano-jose\/#respond"]}]},{"@type":"WebPage","@id":"https:\/\/soldadoadrianojose.com.br\/index.php\/2025\/08\/25\/prefeito-duda-de-atalaia-destaca-conquistas-em-entrevista-com-o-deputado-adriano-jose\/","url":"https:\/\/soldadoadrianojose.com.br\/index.php\/2025\/08\/25\/prefeito-duda-de-atalaia-destaca-conquistas-em-entrevista-com-o-deputado-adriano-jose\/","name":"Prefeito Duda de Atalaia destaca conquistas em entrevista com o deputado Adriano Jos\u00e9 - Deputado Adriano Jos\u00e9","isPartOf":{"@id":"https:\/\/soldadoadrianojose.com.br\/#website"},"datePublished":"2025-08-25T15:37:42+00:00","dateModified":"2025-08-25T16:34:58+00:00","breadcrumb":{"@id":"https:\/\/soldadoadrianojose.com.br\/index.php\/2025\/08\/25\/prefeito-duda-de-atalaia-destaca-conquistas-em-entrevista-com-o-deputado-adriano-jose\/#breadcrumb"},"inLanguage":"pt-BR","potentialAction":[{"@type":"ReadAction","target":["https:\/\/soldadoadrianojose.com.br\/index.php\/2025\/08\/25\/prefeito-duda-de-atalaia-destaca-conquistas-em-entrevista-com-o-deputado-adriano-jose\/"]}]},{"@type":"BreadcrumbList","@id":"https:\/\/soldadoadrianojose.com.br\/index.php\/2025\/08\/25\/prefeito-duda-de-atalaia-destaca-conquistas-em-entrevista-com-o-deputado-adriano-jose\/#breadcrumb","itemListElement":[{"@type":"ListItem","position":1,"name":"In\u00edcio","item":"https:\/\/soldadoadrianojose.com.br\/"},{"@type":"ListItem","position":2,"name":"Prefeito Duda de Atalaia destaca conquistas em entrevista com o deputado Adriano Jos\u00e9"}]},{"@type":"WebSite","@id":"https:\/\/soldadoadrianojose.com.br\/#website","url":"https:\/\/soldadoadrianojose.com.br\/","name":"Deputado Adriano Jos\u00e9","description":"Nosso trabalho \u00e9 pelas pessoas","publisher":{"@id":"https:\/\/soldadoadrianojose.com.br\/#\/schema\/person\/16f8e8defb7a4bd6c6082efcd1bdb6bb"},"potentialAction":[{"@type":"SearchAction","target":{"@type":"EntryPoint","urlTemplate":"https:\/\/soldadoadrianojose.com.br\/?s={search_term_string}"},"query-input":{"@type":"PropertyValueSpecification","valueRequired":true,"valueName":"search_term_string"}}],"inLanguage":"pt-BR"},{"@type":["Person","Organization"],"@id":"https:\/\/soldadoadrianojose.com.br\/#\/schema\/person\/16f8e8defb7a4bd6c6082efcd1bdb6bb","name":"soldadoadrianojose","image":{"@type":"ImageObject","inLanguage":"pt-BR","@id":"https:\/\/soldadoadrianojose.com.br\/wp-content\/uploads\/2023\/02\/LOGO_CLEAR-5.png","url":"https:\/\/soldadoadrianojose.com.br\/wp-content\/uploads\/2023\/02\/LOGO_CLEAR-5.png","contentUrl":"https:\/\/soldadoadrianojose.com.br\/wp-content\/uploads\/2023\/02\/LOGO_CLEAR-5.png","width":3508,"height":998,"caption":"soldadoadrianojose"},"logo":{"@id":"https:\/\/soldadoadrianojose.com.br\/wp-content\/uploads\/2023\/02\/LOGO_CLEAR-5.png"},"sameAs":["https:\/\/soldadoadrianojose.com.br"]},{"@type":"Person","@id":"https:\/\/soldadoadrianojose.com.br\/#\/schema\/person\/cd48425bd7edd36fa5917c88fbe1cec5","name":"Emanuellig admin2","image":{"@type":"ImageObject","inLanguage":"pt-BR","@id":"https:\/\/soldadoadrianojose.com.br\/wp-content\/litespeed\/avatar\/235a59a115f40132a17fc909e61bc31d.jpg?ver=1777092356","url":"https:\/\/soldadoadrianojose.com.br\/wp-content\/litespeed\/avatar\/235a59a115f40132a17fc909e61bc31d.jpg?ver=1777092356","contentUrl":"https:\/\/soldadoadrianojose.com.br\/wp-content\/litespeed\/avatar\/235a59a115f40132a17fc909e61bc31d.jpg?ver=1777092356","caption":"Emanuellig admin2"},"url":"https:\/\/soldadoadrianojose.com.br\/index.php\/author\/manu\/"}]}},"jetpack_featured_media_url":"","_links":{"self":[{"href":"https:\/\/soldadoadrianojose.com.br\/index.php\/wp-json\/wp\/v2\/posts\/3270","targetHints":{"allow":["GET"]}}],"collection":[{"href":"https:\/\/soldadoadrianojose.com.br\/index.php\/wp-json\/wp\/v2\/posts"}],"about":[{"href":"https:\/\/soldadoadrianojose.com.br\/index.php\/wp-json\/wp\/v2\/types\/post"}],"author":[{"embeddable":true,"href":"https:\/\/soldadoadrianojose.com.br\/index.php\/wp-json\/wp\/v2\/users\/3"}],"replies":[{"embeddable":true,"href":"https:\/\/soldadoadrianojose.com.br\/index.php\/wp-json\/wp\/v2\/comments?post=3270"}],"version-history":[{"count":1,"href":"https:\/\/soldadoadrianojose.com.br\/index.php\/wp-json\/wp\/v2\/posts\/3270\/revisions"}],"predecessor-version":[{"id":3271,"href":"https:\/\/soldadoadrianojose.com.br\/index.php\/wp-json\/wp\/v2\/posts\/3270\/revisions\/3271"}],"wp:attachment":[{"href":"https:\/\/soldadoadrianojose.com.br\/index.php\/wp-json\/wp\/v2\/media?parent=3270"}],"wp:term":[{"taxonomy":"category","embeddable":true,"href":"https:\/\/soldadoadrianojose.com.br\/index.php\/wp-json\/wp\/v2\/categories?post=3270"},{"taxonomy":"post_tag","embeddable":true,"href":"https:\/\/soldadoadrianojose.com.br\/index.php\/wp-json\/wp\/v2\/tags?post=3270"}],"curies":[{"name":"wp","href":"https:\/\/api.w.org\/{rel}","templated":true}]}}