{"id":3273,"date":"2025-08-25T14:35:34","date_gmt":"2025-08-25T17:35:34","guid":{"rendered":"https:\/\/soldadoadrianojose.com.br\/?p=3273"},"modified":"2025-08-25T14:35:34","modified_gmt":"2025-08-25T17:35:34","slug":"programa-conexao-destaca-balada-inclusiva-da-apae-durante-a-semana-nacional-da-pessoa-com-deficiencia-em-sarandi","status":"publish","type":"post","link":"https:\/\/soldadoadrianojose.com.br\/index.php\/2025\/08\/25\/programa-conexao-destaca-balada-inclusiva-da-apae-durante-a-semana-nacional-da-pessoa-com-deficiencia-em-sarandi\/","title":{"rendered":"Programa Conex\u00e3o destaca balada inclusiva da APAE durante a Semana Nacional da Pessoa com Defici\u00eancia em Sarandi"},"content":{"rendered":"\n<p>A Associa\u00e7\u00e3o de Pais e Amigos dos Excepcionais (APAE) de Sarandi realizou a Semana Nacional da Pessoa com Defici\u00eancia Intelectual e M\u00faltipla com uma a\u00e7\u00e3o especial para os alunos. O evento trouxe um momento in\u00e9dito para os participantes: uma \u201cbalada inclusiva\u201d pensada especialmente para jovens acima de 16 anos.<\/p>\n\n\n\n<p>A presidente da institui\u00e7\u00e3o, Agenilda, destacou a import\u00e2ncia da semana, que n\u00e3o tem car\u00e1ter de comemora\u00e7\u00e3o, mas de conscientiza\u00e7\u00e3o.<br>\u201c\u00c9 uma oportunidade de mostrar o trabalho das APAEs, de evidenciar o quanto fazemos a diferen\u00e7a na vida dessas pessoas, de quebrar barreiras do preconceito e levar conscientiza\u00e7\u00e3o para a sociedade, para as fam\u00edlias e para todos\u201d, afirmou.<\/p>\n\n\n\n<p>Segundo a organiza\u00e7\u00e3o, muitos alunos t\u00eam a vida social restrita, frequentando apenas alguns ambientes em companhia da fam\u00edlia. A proposta da balada \u00e9 oferecer um espa\u00e7o de lazer, autonomia e integra\u00e7\u00e3o. \u201cOs pais deixam os filhos na portaria e eles ficam aqui, vivendo uma noite especial, com m\u00fasica, dan\u00e7a e um lanche diferente. \u00c9 uma experi\u00eancia que emociona a todos\u201d, acrescentou.<\/p>\n\n\n\n<p>O evento foi destaque no programa Conex\u00e3o, apresentado pelo deputado Adriano Jos\u00e9 e em parceria com o rep\u00f3rter Rafa, que animou a noite e trouxe ainda a tradicional \u201ccarriola de lanche\u201d de Sarandi, um dos atrativos gastron\u00f4micos mais conhecidos da regi\u00e3o.<\/p>\n\n\n\n<p>A APAE de Sarandi aproveitou para agradecer o apoio de todos os profissionais, colaboradores e parceiros que contribu\u00edram para a realiza\u00e7\u00e3o da atividade. A institui\u00e7\u00e3o tamb\u00e9m enviou um abra\u00e7o especial ao deputado estadual Adriano Jos\u00e9, pelo apoio cont\u00ednuo \u00e0s causas da inclus\u00e3o e acessibilidade.<\/p>\n\n\n\n<p>A Semana Nacional da Pessoa com Defici\u00eancia Intelectual e M\u00faltipla segue com programa\u00e7\u00f5es em todo o pa\u00eds at\u00e9 o dia 28 de agosto, refor\u00e7ando a import\u00e2ncia da inclus\u00e3o social, respeito e valoriza\u00e7\u00e3o da diversidade.<\/p>\n\n\n\n<p><\/p>\n","protected":false},"excerpt":{"rendered":"<p>A Associa\u00e7\u00e3o de Pais e Amigos dos Excepcionais (APAE) de Sarandi realizou a Semana Nacional da Pessoa com Defici\u00eancia Intelectual e M\u00faltipla com uma a\u00e7\u00e3o especial para os alunos. O evento trouxe um momento in\u00e9dito para os participantes: uma \u201cbalada inclusiva\u201d pensada especialmente para jovens acima de 16 anos. A presidente da institui\u00e7\u00e3o, Agenilda, destacou [&hellip;]<\/p>\n","protected":false},"author":3,"featured_media":0,"comment_status":"open","ping_status":"open","sticky":false,"template":"","format":"standard","meta":{"footnotes":""},"categories":[88],"tags":[],"class_list":["post-3273","post","type-post","status-publish","format-standard","hentry","category-programa-conexao"],"yoast_head":"<!-- This site is optimized with the Yoast SEO plugin v27.4 - https:\/\/yoast.com\/product\/yoast-seo-wordpress\/ -->\n<title>Programa Conex\u00e3o destaca balada inclusiva da APAE durante a Semana Nacional da Pessoa com Defici\u00eancia em Sarandi - Deputado Adriano Jos\u00e9<\/title>\n<meta name=\"robots\" content=\"index, follow, max-snippet:-1, max-image-preview:large, max-video-preview:-1\" \/>\n<link rel=\"canonical\" href=\"https:\/\/soldadoadrianojose.com.br\/index.php\/2025\/08\/25\/programa-conexao-destaca-balada-inclusiva-da-apae-durante-a-semana-nacional-da-pessoa-com-deficiencia-em-sarandi\/\" \/>\n<meta property=\"og:locale\" content=\"pt_BR\" \/>\n<meta property=\"og:type\" content=\"article\" \/>\n<meta property=\"og:title\" content=\"Programa Conex\u00e3o destaca balada inclusiva da APAE durante a Semana Nacional da Pessoa com Defici\u00eancia em Sarandi - Deputado Adriano Jos\u00e9\" \/>\n<meta property=\"og:description\" content=\"A Associa\u00e7\u00e3o de Pais e Amigos dos Excepcionais (APAE) de Sarandi realizou a Semana Nacional da Pessoa com Defici\u00eancia Intelectual e M\u00faltipla com uma a\u00e7\u00e3o especial para os alunos. O evento trouxe um momento in\u00e9dito para os participantes: uma \u201cbalada inclusiva\u201d pensada especialmente para jovens acima de 16 anos. A presidente da institui\u00e7\u00e3o, Agenilda, destacou [&hellip;]\" \/>\n<meta property=\"og:url\" content=\"https:\/\/soldadoadrianojose.com.br\/index.php\/2025\/08\/25\/programa-conexao-destaca-balada-inclusiva-da-apae-durante-a-semana-nacional-da-pessoa-com-deficiencia-em-sarandi\/\" \/>\n<meta property=\"og:site_name\" content=\"Deputado Adriano Jos\u00e9\" \/>\n<meta property=\"article:published_time\" content=\"2025-08-25T17:35:34+00:00\" \/>\n<meta name=\"author\" content=\"Emanuellig admin2\" \/>\n<meta name=\"twitter:card\" content=\"summary_large_image\" \/>\n<meta name=\"twitter:label1\" content=\"Escrito por\" \/>\n\t<meta name=\"twitter:data1\" content=\"Emanuellig admin2\" \/>\n\t<meta name=\"twitter:label2\" content=\"Est. tempo de leitura\" \/>\n\t<meta name=\"twitter:data2\" content=\"2 minutos\" \/>\n<script type=\"application\/ld+json\" class=\"yoast-schema-graph\">{\"@context\":\"https:\\\/\\\/schema.org\",\"@graph\":[{\"@type\":\"Article\",\"@id\":\"https:\\\/\\\/soldadoadrianojose.com.br\\\/index.php\\\/2025\\\/08\\\/25\\\/programa-conexao-destaca-balada-inclusiva-da-apae-durante-a-semana-nacional-da-pessoa-com-deficiencia-em-sarandi\\\/#article\",\"isPartOf\":{\"@id\":\"https:\\\/\\\/soldadoadrianojose.com.br\\\/index.php\\\/2025\\\/08\\\/25\\\/programa-conexao-destaca-balada-inclusiva-da-apae-durante-a-semana-nacional-da-pessoa-com-deficiencia-em-sarandi\\\/\"},\"author\":{\"name\":\"Emanuellig admin2\",\"@id\":\"https:\\\/\\\/soldadoadrianojose.com.br\\\/#\\\/schema\\\/person\\\/cd48425bd7edd36fa5917c88fbe1cec5\"},\"headline\":\"Programa Conex\u00e3o destaca balada inclusiva da APAE durante a Semana Nacional da Pessoa com Defici\u00eancia em Sarandi\",\"datePublished\":\"2025-08-25T17:35:34+00:00\",\"mainEntityOfPage\":{\"@id\":\"https:\\\/\\\/soldadoadrianojose.com.br\\\/index.php\\\/2025\\\/08\\\/25\\\/programa-conexao-destaca-balada-inclusiva-da-apae-durante-a-semana-nacional-da-pessoa-com-deficiencia-em-sarandi\\\/\"},\"wordCount\":341,\"commentCount\":0,\"publisher\":{\"@id\":\"https:\\\/\\\/soldadoadrianojose.com.br\\\/#\\\/schema\\\/person\\\/16f8e8defb7a4bd6c6082efcd1bdb6bb\"},\"articleSection\":[\"PROGRAMA CONEX\u00c3O\"],\"inLanguage\":\"pt-BR\",\"potentialAction\":[{\"@type\":\"CommentAction\",\"name\":\"Comment\",\"target\":[\"https:\\\/\\\/soldadoadrianojose.com.br\\\/index.php\\\/2025\\\/08\\\/25\\\/programa-conexao-destaca-balada-inclusiva-da-apae-durante-a-semana-nacional-da-pessoa-com-deficiencia-em-sarandi\\\/#respond\"]}]},{\"@type\":\"WebPage\",\"@id\":\"https:\\\/\\\/soldadoadrianojose.com.br\\\/index.php\\\/2025\\\/08\\\/25\\\/programa-conexao-destaca-balada-inclusiva-da-apae-durante-a-semana-nacional-da-pessoa-com-deficiencia-em-sarandi\\\/\",\"url\":\"https:\\\/\\\/soldadoadrianojose.com.br\\\/index.php\\\/2025\\\/08\\\/25\\\/programa-conexao-destaca-balada-inclusiva-da-apae-durante-a-semana-nacional-da-pessoa-com-deficiencia-em-sarandi\\\/\",\"name\":\"Programa Conex\u00e3o destaca balada inclusiva da APAE durante a Semana Nacional da Pessoa com Defici\u00eancia em Sarandi - Deputado Adriano Jos\u00e9\",\"isPartOf\":{\"@id\":\"https:\\\/\\\/soldadoadrianojose.com.br\\\/#website\"},\"datePublished\":\"2025-08-25T17:35:34+00:00\",\"breadcrumb\":{\"@id\":\"https:\\\/\\\/soldadoadrianojose.com.br\\\/index.php\\\/2025\\\/08\\\/25\\\/programa-conexao-destaca-balada-inclusiva-da-apae-durante-a-semana-nacional-da-pessoa-com-deficiencia-em-sarandi\\\/#breadcrumb\"},\"inLanguage\":\"pt-BR\",\"potentialAction\":[{\"@type\":\"ReadAction\",\"target\":[\"https:\\\/\\\/soldadoadrianojose.com.br\\\/index.php\\\/2025\\\/08\\\/25\\\/programa-conexao-destaca-balada-inclusiva-da-apae-durante-a-semana-nacional-da-pessoa-com-deficiencia-em-sarandi\\\/\"]}]},{\"@type\":\"BreadcrumbList\",\"@id\":\"https:\\\/\\\/soldadoadrianojose.com.br\\\/index.php\\\/2025\\\/08\\\/25\\\/programa-conexao-destaca-balada-inclusiva-da-apae-durante-a-semana-nacional-da-pessoa-com-deficiencia-em-sarandi\\\/#breadcrumb\",\"itemListElement\":[{\"@type\":\"ListItem\",\"position\":1,\"name\":\"In\u00edcio\",\"item\":\"https:\\\/\\\/soldadoadrianojose.com.br\\\/\"},{\"@type\":\"ListItem\",\"position\":2,\"name\":\"Programa Conex\u00e3o destaca balada inclusiva da APAE durante a Semana Nacional da Pessoa com Defici\u00eancia em Sarandi\"}]},{\"@type\":\"WebSite\",\"@id\":\"https:\\\/\\\/soldadoadrianojose.com.br\\\/#website\",\"url\":\"https:\\\/\\\/soldadoadrianojose.com.br\\\/\",\"name\":\"Deputado Adriano Jos\u00e9\",\"description\":\"Nosso trabalho \u00e9 pelas pessoas\",\"publisher\":{\"@id\":\"https:\\\/\\\/soldadoadrianojose.com.br\\\/#\\\/schema\\\/person\\\/16f8e8defb7a4bd6c6082efcd1bdb6bb\"},\"potentialAction\":[{\"@type\":\"SearchAction\",\"target\":{\"@type\":\"EntryPoint\",\"urlTemplate\":\"https:\\\/\\\/soldadoadrianojose.com.br\\\/?s={search_term_string}\"},\"query-input\":{\"@type\":\"PropertyValueSpecification\",\"valueRequired\":true,\"valueName\":\"search_term_string\"}}],\"inLanguage\":\"pt-BR\"},{\"@type\":[\"Person\",\"Organization\"],\"@id\":\"https:\\\/\\\/soldadoadrianojose.com.br\\\/#\\\/schema\\\/person\\\/16f8e8defb7a4bd6c6082efcd1bdb6bb\",\"name\":\"soldadoadrianojose\",\"image\":{\"@type\":\"ImageObject\",\"inLanguage\":\"pt-BR\",\"@id\":\"https:\\\/\\\/soldadoadrianojose.com.br\\\/wp-content\\\/uploads\\\/2023\\\/02\\\/LOGO_CLEAR-5.png\",\"url\":\"https:\\\/\\\/soldadoadrianojose.com.br\\\/wp-content\\\/uploads\\\/2023\\\/02\\\/LOGO_CLEAR-5.png\",\"contentUrl\":\"https:\\\/\\\/soldadoadrianojose.com.br\\\/wp-content\\\/uploads\\\/2023\\\/02\\\/LOGO_CLEAR-5.png\",\"width\":3508,\"height\":998,\"caption\":\"soldadoadrianojose\"},\"logo\":{\"@id\":\"https:\\\/\\\/soldadoadrianojose.com.br\\\/wp-content\\\/uploads\\\/2023\\\/02\\\/LOGO_CLEAR-5.png\"},\"sameAs\":[\"https:\\\/\\\/soldadoadrianojose.com.br\"]},{\"@type\":\"Person\",\"@id\":\"https:\\\/\\\/soldadoadrianojose.com.br\\\/#\\\/schema\\\/person\\\/cd48425bd7edd36fa5917c88fbe1cec5\",\"name\":\"Emanuellig admin2\",\"image\":{\"@type\":\"ImageObject\",\"inLanguage\":\"pt-BR\",\"@id\":\"https:\\\/\\\/soldadoadrianojose.com.br\\\/wp-content\\\/litespeed\\\/avatar\\\/235a59a115f40132a17fc909e61bc31d.jpg?ver=1777092356\",\"url\":\"https:\\\/\\\/soldadoadrianojose.com.br\\\/wp-content\\\/litespeed\\\/avatar\\\/235a59a115f40132a17fc909e61bc31d.jpg?ver=1777092356\",\"contentUrl\":\"https:\\\/\\\/soldadoadrianojose.com.br\\\/wp-content\\\/litespeed\\\/avatar\\\/235a59a115f40132a17fc909e61bc31d.jpg?ver=1777092356\",\"caption\":\"Emanuellig admin2\"},\"url\":\"https:\\\/\\\/soldadoadrianojose.com.br\\\/index.php\\\/author\\\/manu\\\/\"}]}<\/script>\n<!-- \/ Yoast SEO plugin. -->","yoast_head_json":{"title":"Programa Conex\u00e3o destaca balada inclusiva da APAE durante a Semana Nacional da Pessoa com Defici\u00eancia em Sarandi - Deputado Adriano Jos\u00e9","robots":{"index":"index","follow":"follow","max-snippet":"max-snippet:-1","max-image-preview":"max-image-preview:large","max-video-preview":"max-video-preview:-1"},"canonical":"https:\/\/soldadoadrianojose.com.br\/index.php\/2025\/08\/25\/programa-conexao-destaca-balada-inclusiva-da-apae-durante-a-semana-nacional-da-pessoa-com-deficiencia-em-sarandi\/","og_locale":"pt_BR","og_type":"article","og_title":"Programa Conex\u00e3o destaca balada inclusiva da APAE durante a Semana Nacional da Pessoa com Defici\u00eancia em Sarandi - Deputado Adriano Jos\u00e9","og_description":"A Associa\u00e7\u00e3o de Pais e Amigos dos Excepcionais (APAE) de Sarandi realizou a Semana Nacional da Pessoa com Defici\u00eancia Intelectual e M\u00faltipla com uma a\u00e7\u00e3o especial para os alunos. O evento trouxe um momento in\u00e9dito para os participantes: uma \u201cbalada inclusiva\u201d pensada especialmente para jovens acima de 16 anos. A presidente da institui\u00e7\u00e3o, Agenilda, destacou [&hellip;]","og_url":"https:\/\/soldadoadrianojose.com.br\/index.php\/2025\/08\/25\/programa-conexao-destaca-balada-inclusiva-da-apae-durante-a-semana-nacional-da-pessoa-com-deficiencia-em-sarandi\/","og_site_name":"Deputado Adriano Jos\u00e9","article_published_time":"2025-08-25T17:35:34+00:00","author":"Emanuellig admin2","twitter_card":"summary_large_image","twitter_misc":{"Escrito por":"Emanuellig admin2","Est. tempo de leitura":"2 minutos"},"schema":{"@context":"https:\/\/schema.org","@graph":[{"@type":"Article","@id":"https:\/\/soldadoadrianojose.com.br\/index.php\/2025\/08\/25\/programa-conexao-destaca-balada-inclusiva-da-apae-durante-a-semana-nacional-da-pessoa-com-deficiencia-em-sarandi\/#article","isPartOf":{"@id":"https:\/\/soldadoadrianojose.com.br\/index.php\/2025\/08\/25\/programa-conexao-destaca-balada-inclusiva-da-apae-durante-a-semana-nacional-da-pessoa-com-deficiencia-em-sarandi\/"},"author":{"name":"Emanuellig admin2","@id":"https:\/\/soldadoadrianojose.com.br\/#\/schema\/person\/cd48425bd7edd36fa5917c88fbe1cec5"},"headline":"Programa Conex\u00e3o destaca balada inclusiva da APAE durante a Semana Nacional da Pessoa com Defici\u00eancia em Sarandi","datePublished":"2025-08-25T17:35:34+00:00","mainEntityOfPage":{"@id":"https:\/\/soldadoadrianojose.com.br\/index.php\/2025\/08\/25\/programa-conexao-destaca-balada-inclusiva-da-apae-durante-a-semana-nacional-da-pessoa-com-deficiencia-em-sarandi\/"},"wordCount":341,"commentCount":0,"publisher":{"@id":"https:\/\/soldadoadrianojose.com.br\/#\/schema\/person\/16f8e8defb7a4bd6c6082efcd1bdb6bb"},"articleSection":["PROGRAMA CONEX\u00c3O"],"inLanguage":"pt-BR","potentialAction":[{"@type":"CommentAction","name":"Comment","target":["https:\/\/soldadoadrianojose.com.br\/index.php\/2025\/08\/25\/programa-conexao-destaca-balada-inclusiva-da-apae-durante-a-semana-nacional-da-pessoa-com-deficiencia-em-sarandi\/#respond"]}]},{"@type":"WebPage","@id":"https:\/\/soldadoadrianojose.com.br\/index.php\/2025\/08\/25\/programa-conexao-destaca-balada-inclusiva-da-apae-durante-a-semana-nacional-da-pessoa-com-deficiencia-em-sarandi\/","url":"https:\/\/soldadoadrianojose.com.br\/index.php\/2025\/08\/25\/programa-conexao-destaca-balada-inclusiva-da-apae-durante-a-semana-nacional-da-pessoa-com-deficiencia-em-sarandi\/","name":"Programa Conex\u00e3o destaca balada inclusiva da APAE durante a Semana Nacional da Pessoa com Defici\u00eancia em Sarandi - Deputado Adriano Jos\u00e9","isPartOf":{"@id":"https:\/\/soldadoadrianojose.com.br\/#website"},"datePublished":"2025-08-25T17:35:34+00:00","breadcrumb":{"@id":"https:\/\/soldadoadrianojose.com.br\/index.php\/2025\/08\/25\/programa-conexao-destaca-balada-inclusiva-da-apae-durante-a-semana-nacional-da-pessoa-com-deficiencia-em-sarandi\/#breadcrumb"},"inLanguage":"pt-BR","potentialAction":[{"@type":"ReadAction","target":["https:\/\/soldadoadrianojose.com.br\/index.php\/2025\/08\/25\/programa-conexao-destaca-balada-inclusiva-da-apae-durante-a-semana-nacional-da-pessoa-com-deficiencia-em-sarandi\/"]}]},{"@type":"BreadcrumbList","@id":"https:\/\/soldadoadrianojose.com.br\/index.php\/2025\/08\/25\/programa-conexao-destaca-balada-inclusiva-da-apae-durante-a-semana-nacional-da-pessoa-com-deficiencia-em-sarandi\/#breadcrumb","itemListElement":[{"@type":"ListItem","position":1,"name":"In\u00edcio","item":"https:\/\/soldadoadrianojose.com.br\/"},{"@type":"ListItem","position":2,"name":"Programa Conex\u00e3o destaca balada inclusiva da APAE durante a Semana Nacional da Pessoa com Defici\u00eancia em Sarandi"}]},{"@type":"WebSite","@id":"https:\/\/soldadoadrianojose.com.br\/#website","url":"https:\/\/soldadoadrianojose.com.br\/","name":"Deputado Adriano Jos\u00e9","description":"Nosso trabalho \u00e9 pelas pessoas","publisher":{"@id":"https:\/\/soldadoadrianojose.com.br\/#\/schema\/person\/16f8e8defb7a4bd6c6082efcd1bdb6bb"},"potentialAction":[{"@type":"SearchAction","target":{"@type":"EntryPoint","urlTemplate":"https:\/\/soldadoadrianojose.com.br\/?s={search_term_string}"},"query-input":{"@type":"PropertyValueSpecification","valueRequired":true,"valueName":"search_term_string"}}],"inLanguage":"pt-BR"},{"@type":["Person","Organization"],"@id":"https:\/\/soldadoadrianojose.com.br\/#\/schema\/person\/16f8e8defb7a4bd6c6082efcd1bdb6bb","name":"soldadoadrianojose","image":{"@type":"ImageObject","inLanguage":"pt-BR","@id":"https:\/\/soldadoadrianojose.com.br\/wp-content\/uploads\/2023\/02\/LOGO_CLEAR-5.png","url":"https:\/\/soldadoadrianojose.com.br\/wp-content\/uploads\/2023\/02\/LOGO_CLEAR-5.png","contentUrl":"https:\/\/soldadoadrianojose.com.br\/wp-content\/uploads\/2023\/02\/LOGO_CLEAR-5.png","width":3508,"height":998,"caption":"soldadoadrianojose"},"logo":{"@id":"https:\/\/soldadoadrianojose.com.br\/wp-content\/uploads\/2023\/02\/LOGO_CLEAR-5.png"},"sameAs":["https:\/\/soldadoadrianojose.com.br"]},{"@type":"Person","@id":"https:\/\/soldadoadrianojose.com.br\/#\/schema\/person\/cd48425bd7edd36fa5917c88fbe1cec5","name":"Emanuellig admin2","image":{"@type":"ImageObject","inLanguage":"pt-BR","@id":"https:\/\/soldadoadrianojose.com.br\/wp-content\/litespeed\/avatar\/235a59a115f40132a17fc909e61bc31d.jpg?ver=1777092356","url":"https:\/\/soldadoadrianojose.com.br\/wp-content\/litespeed\/avatar\/235a59a115f40132a17fc909e61bc31d.jpg?ver=1777092356","contentUrl":"https:\/\/soldadoadrianojose.com.br\/wp-content\/litespeed\/avatar\/235a59a115f40132a17fc909e61bc31d.jpg?ver=1777092356","caption":"Emanuellig admin2"},"url":"https:\/\/soldadoadrianojose.com.br\/index.php\/author\/manu\/"}]}},"jetpack_featured_media_url":"","_links":{"self":[{"href":"https:\/\/soldadoadrianojose.com.br\/index.php\/wp-json\/wp\/v2\/posts\/3273","targetHints":{"allow":["GET"]}}],"collection":[{"href":"https:\/\/soldadoadrianojose.com.br\/index.php\/wp-json\/wp\/v2\/posts"}],"about":[{"href":"https:\/\/soldadoadrianojose.com.br\/index.php\/wp-json\/wp\/v2\/types\/post"}],"author":[{"embeddable":true,"href":"https:\/\/soldadoadrianojose.com.br\/index.php\/wp-json\/wp\/v2\/users\/3"}],"replies":[{"embeddable":true,"href":"https:\/\/soldadoadrianojose.com.br\/index.php\/wp-json\/wp\/v2\/comments?post=3273"}],"version-history":[{"count":1,"href":"https:\/\/soldadoadrianojose.com.br\/index.php\/wp-json\/wp\/v2\/posts\/3273\/revisions"}],"predecessor-version":[{"id":3274,"href":"https:\/\/soldadoadrianojose.com.br\/index.php\/wp-json\/wp\/v2\/posts\/3273\/revisions\/3274"}],"wp:attachment":[{"href":"https:\/\/soldadoadrianojose.com.br\/index.php\/wp-json\/wp\/v2\/media?parent=3273"}],"wp:term":[{"taxonomy":"category","embeddable":true,"href":"https:\/\/soldadoadrianojose.com.br\/index.php\/wp-json\/wp\/v2\/categories?post=3273"},{"taxonomy":"post_tag","embeddable":true,"href":"https:\/\/soldadoadrianojose.com.br\/index.php\/wp-json\/wp\/v2\/tags?post=3273"}],"curies":[{"name":"wp","href":"https:\/\/api.w.org\/{rel}","templated":true}]}}