{"id":3293,"date":"2025-09-03T11:48:42","date_gmt":"2025-09-03T14:48:42","guid":{"rendered":"https:\/\/soldadoadrianojose.com.br\/?p=3293"},"modified":"2025-09-03T11:48:43","modified_gmt":"2025-09-03T14:48:43","slug":"deputado-adriano-jose-comemora-aprovacao-de-projeto-que-redefine-limites-entre-paicandu-e-maringa","status":"publish","type":"post","link":"https:\/\/soldadoadrianojose.com.br\/index.php\/2025\/09\/03\/deputado-adriano-jose-comemora-aprovacao-de-projeto-que-redefine-limites-entre-paicandu-e-maringa\/","title":{"rendered":"Deputado Adriano Jos\u00e9 comemora aprova\u00e7\u00e3o de projeto que redefine limites entre Pai\u00e7andu e Maring\u00e1"},"content":{"rendered":"\n<p>Uma vit\u00f3ria hist\u00f3rica para a popula\u00e7\u00e3o de Pai\u00e7andu e Maring\u00e1 foi conquistada nesta semana. A Comiss\u00e3o de Constitui\u00e7\u00e3o e Justi\u00e7a (CCJ) da Assembleia Legislativa aprovou, por unanimidade, o Projeto de Lei 400\/2025, de autoria dos deputados Adriano Jos\u00e9, Evandro Ara\u00fajo, e Delegado Jacov\u00f3s, que redefine os limites territoriais entre os dois munic\u00edpios. O Projeto corrige distor\u00e7\u00f5es que se arrastavam por mais de seis d\u00e9cadas.<br><br>O novo tra\u00e7ado resolve situa\u00e7\u00f5es que chegavam a dividir casas e lotes ao meio, garantindo seguran\u00e7a jur\u00eddica e organiza\u00e7\u00e3o urbana. A mudan\u00e7a foi constru\u00edda em consenso com as prefeituras e c\u00e2maras municipais de Pai\u00e7andu e Maring\u00e1, al\u00e9m de ter sido validada tecnicamente pelo Instituto \u00c1gua e Terra, demonstrando a responsabilidade e o di\u00e1logo que nortearam o processo.<\/p>\n\n\n\n<p>Mais de 10 mil moradores do bairro Bela Vista ser\u00e3o diretamente beneficiados com a altera\u00e7\u00e3o, recebendo uma presta\u00e7\u00e3o de servi\u00e7os p\u00fablicos mais eficiente e de qualidade. Para o deputado Adriano Jos\u00e9, a aprova\u00e7\u00e3o \u00e9 motivo de orgulho: \u201c\u00c9 um passo fundamental para dar dignidade a essas fam\u00edlias e corrigir uma injusti\u00e7a hist\u00f3rica que atravessava gera\u00e7\u00f5es\u201d, destacou.<\/p>\n","protected":false},"excerpt":{"rendered":"<p>Uma vit\u00f3ria hist\u00f3rica para a popula\u00e7\u00e3o de Pai\u00e7andu e Maring\u00e1 foi conquistada nesta semana. A Comiss\u00e3o de Constitui\u00e7\u00e3o e Justi\u00e7a (CCJ) da Assembleia Legislativa aprovou, por unanimidade, o Projeto de Lei 400\/2025, de autoria dos deputados Adriano Jos\u00e9, Evandro Ara\u00fajo, e Delegado Jacov\u00f3s, que redefine os limites territoriais entre os dois munic\u00edpios. O Projeto corrige [&hellip;]<\/p>\n","protected":false},"author":3,"featured_media":3294,"comment_status":"open","ping_status":"open","sticky":false,"template":"","format":"standard","meta":{"footnotes":""},"categories":[1],"tags":[],"class_list":["post-3293","post","type-post","status-publish","format-standard","has-post-thumbnail","hentry","category-gabinete-sd"],"yoast_head":"<!-- This site is optimized with the Yoast SEO plugin v27.4 - https:\/\/yoast.com\/product\/yoast-seo-wordpress\/ -->\n<title>Deputado Adriano Jos\u00e9 comemora aprova\u00e7\u00e3o de projeto que redefine limites entre Pai\u00e7andu e Maring\u00e1 - Deputado Adriano Jos\u00e9<\/title>\n<meta name=\"robots\" content=\"index, follow, max-snippet:-1, max-image-preview:large, max-video-preview:-1\" \/>\n<link rel=\"canonical\" href=\"https:\/\/soldadoadrianojose.com.br\/index.php\/2025\/09\/03\/deputado-adriano-jose-comemora-aprovacao-de-projeto-que-redefine-limites-entre-paicandu-e-maringa\/\" \/>\n<meta property=\"og:locale\" content=\"pt_BR\" \/>\n<meta property=\"og:type\" content=\"article\" \/>\n<meta property=\"og:title\" content=\"Deputado Adriano Jos\u00e9 comemora aprova\u00e7\u00e3o de projeto que redefine limites entre Pai\u00e7andu e Maring\u00e1 - Deputado Adriano Jos\u00e9\" \/>\n<meta property=\"og:description\" content=\"Uma vit\u00f3ria hist\u00f3rica para a popula\u00e7\u00e3o de Pai\u00e7andu e Maring\u00e1 foi conquistada nesta semana. A Comiss\u00e3o de Constitui\u00e7\u00e3o e Justi\u00e7a (CCJ) da Assembleia Legislativa aprovou, por unanimidade, o Projeto de Lei 400\/2025, de autoria dos deputados Adriano Jos\u00e9, Evandro Ara\u00fajo, e Delegado Jacov\u00f3s, que redefine os limites territoriais entre os dois munic\u00edpios. O Projeto corrige [&hellip;]\" \/>\n<meta property=\"og:url\" content=\"https:\/\/soldadoadrianojose.com.br\/index.php\/2025\/09\/03\/deputado-adriano-jose-comemora-aprovacao-de-projeto-que-redefine-limites-entre-paicandu-e-maringa\/\" \/>\n<meta property=\"og:site_name\" content=\"Deputado Adriano Jos\u00e9\" \/>\n<meta property=\"article:published_time\" content=\"2025-09-03T14:48:42+00:00\" \/>\n<meta property=\"article:modified_time\" content=\"2025-09-03T14:48:43+00:00\" \/>\n<meta property=\"og:image\" content=\"https:\/\/soldadoadrianojose.com.br\/wp-content\/uploads\/2025\/09\/54716808693_035684a11d_c.jpg\" \/>\n\t<meta property=\"og:image:width\" content=\"799\" \/>\n\t<meta property=\"og:image:height\" content=\"533\" \/>\n\t<meta property=\"og:image:type\" content=\"image\/jpeg\" \/>\n<meta name=\"author\" content=\"Emanuellig admin2\" \/>\n<meta name=\"twitter:card\" content=\"summary_large_image\" \/>\n<meta name=\"twitter:label1\" content=\"Escrito por\" \/>\n\t<meta name=\"twitter:data1\" content=\"Emanuellig admin2\" \/>\n\t<meta name=\"twitter:label2\" content=\"Est. tempo de leitura\" \/>\n\t<meta name=\"twitter:data2\" content=\"2 minutos\" \/>\n<script type=\"application\/ld+json\" class=\"yoast-schema-graph\">{\"@context\":\"https:\\\/\\\/schema.org\",\"@graph\":[{\"@type\":\"Article\",\"@id\":\"https:\\\/\\\/soldadoadrianojose.com.br\\\/index.php\\\/2025\\\/09\\\/03\\\/deputado-adriano-jose-comemora-aprovacao-de-projeto-que-redefine-limites-entre-paicandu-e-maringa\\\/#article\",\"isPartOf\":{\"@id\":\"https:\\\/\\\/soldadoadrianojose.com.br\\\/index.php\\\/2025\\\/09\\\/03\\\/deputado-adriano-jose-comemora-aprovacao-de-projeto-que-redefine-limites-entre-paicandu-e-maringa\\\/\"},\"author\":{\"name\":\"Emanuellig admin2\",\"@id\":\"https:\\\/\\\/soldadoadrianojose.com.br\\\/#\\\/schema\\\/person\\\/cd48425bd7edd36fa5917c88fbe1cec5\"},\"headline\":\"Deputado Adriano Jos\u00e9 comemora aprova\u00e7\u00e3o de projeto que redefine limites entre Pai\u00e7andu e Maring\u00e1\",\"datePublished\":\"2025-09-03T14:48:42+00:00\",\"dateModified\":\"2025-09-03T14:48:43+00:00\",\"mainEntityOfPage\":{\"@id\":\"https:\\\/\\\/soldadoadrianojose.com.br\\\/index.php\\\/2025\\\/09\\\/03\\\/deputado-adriano-jose-comemora-aprovacao-de-projeto-que-redefine-limites-entre-paicandu-e-maringa\\\/\"},\"wordCount\":222,\"commentCount\":0,\"publisher\":{\"@id\":\"https:\\\/\\\/soldadoadrianojose.com.br\\\/#\\\/schema\\\/person\\\/16f8e8defb7a4bd6c6082efcd1bdb6bb\"},\"image\":{\"@id\":\"https:\\\/\\\/soldadoadrianojose.com.br\\\/index.php\\\/2025\\\/09\\\/03\\\/deputado-adriano-jose-comemora-aprovacao-de-projeto-que-redefine-limites-entre-paicandu-e-maringa\\\/#primaryimage\"},\"thumbnailUrl\":\"https:\\\/\\\/soldadoadrianojose.com.br\\\/wp-content\\\/uploads\\\/2025\\\/09\\\/54716808693_035684a11d_c.jpg\",\"articleSection\":[\"GABINETE SD\"],\"inLanguage\":\"pt-BR\",\"potentialAction\":[{\"@type\":\"CommentAction\",\"name\":\"Comment\",\"target\":[\"https:\\\/\\\/soldadoadrianojose.com.br\\\/index.php\\\/2025\\\/09\\\/03\\\/deputado-adriano-jose-comemora-aprovacao-de-projeto-que-redefine-limites-entre-paicandu-e-maringa\\\/#respond\"]}]},{\"@type\":\"WebPage\",\"@id\":\"https:\\\/\\\/soldadoadrianojose.com.br\\\/index.php\\\/2025\\\/09\\\/03\\\/deputado-adriano-jose-comemora-aprovacao-de-projeto-que-redefine-limites-entre-paicandu-e-maringa\\\/\",\"url\":\"https:\\\/\\\/soldadoadrianojose.com.br\\\/index.php\\\/2025\\\/09\\\/03\\\/deputado-adriano-jose-comemora-aprovacao-de-projeto-que-redefine-limites-entre-paicandu-e-maringa\\\/\",\"name\":\"Deputado Adriano Jos\u00e9 comemora aprova\u00e7\u00e3o de projeto que redefine limites entre Pai\u00e7andu e Maring\u00e1 - Deputado Adriano Jos\u00e9\",\"isPartOf\":{\"@id\":\"https:\\\/\\\/soldadoadrianojose.com.br\\\/#website\"},\"primaryImageOfPage\":{\"@id\":\"https:\\\/\\\/soldadoadrianojose.com.br\\\/index.php\\\/2025\\\/09\\\/03\\\/deputado-adriano-jose-comemora-aprovacao-de-projeto-que-redefine-limites-entre-paicandu-e-maringa\\\/#primaryimage\"},\"image\":{\"@id\":\"https:\\\/\\\/soldadoadrianojose.com.br\\\/index.php\\\/2025\\\/09\\\/03\\\/deputado-adriano-jose-comemora-aprovacao-de-projeto-que-redefine-limites-entre-paicandu-e-maringa\\\/#primaryimage\"},\"thumbnailUrl\":\"https:\\\/\\\/soldadoadrianojose.com.br\\\/wp-content\\\/uploads\\\/2025\\\/09\\\/54716808693_035684a11d_c.jpg\",\"datePublished\":\"2025-09-03T14:48:42+00:00\",\"dateModified\":\"2025-09-03T14:48:43+00:00\",\"breadcrumb\":{\"@id\":\"https:\\\/\\\/soldadoadrianojose.com.br\\\/index.php\\\/2025\\\/09\\\/03\\\/deputado-adriano-jose-comemora-aprovacao-de-projeto-que-redefine-limites-entre-paicandu-e-maringa\\\/#breadcrumb\"},\"inLanguage\":\"pt-BR\",\"potentialAction\":[{\"@type\":\"ReadAction\",\"target\":[\"https:\\\/\\\/soldadoadrianojose.com.br\\\/index.php\\\/2025\\\/09\\\/03\\\/deputado-adriano-jose-comemora-aprovacao-de-projeto-que-redefine-limites-entre-paicandu-e-maringa\\\/\"]}]},{\"@type\":\"ImageObject\",\"inLanguage\":\"pt-BR\",\"@id\":\"https:\\\/\\\/soldadoadrianojose.com.br\\\/index.php\\\/2025\\\/09\\\/03\\\/deputado-adriano-jose-comemora-aprovacao-de-projeto-que-redefine-limites-entre-paicandu-e-maringa\\\/#primaryimage\",\"url\":\"https:\\\/\\\/soldadoadrianojose.com.br\\\/wp-content\\\/uploads\\\/2025\\\/09\\\/54716808693_035684a11d_c.jpg\",\"contentUrl\":\"https:\\\/\\\/soldadoadrianojose.com.br\\\/wp-content\\\/uploads\\\/2025\\\/09\\\/54716808693_035684a11d_c.jpg\",\"width\":799,\"height\":533},{\"@type\":\"BreadcrumbList\",\"@id\":\"https:\\\/\\\/soldadoadrianojose.com.br\\\/index.php\\\/2025\\\/09\\\/03\\\/deputado-adriano-jose-comemora-aprovacao-de-projeto-que-redefine-limites-entre-paicandu-e-maringa\\\/#breadcrumb\",\"itemListElement\":[{\"@type\":\"ListItem\",\"position\":1,\"name\":\"In\u00edcio\",\"item\":\"https:\\\/\\\/soldadoadrianojose.com.br\\\/\"},{\"@type\":\"ListItem\",\"position\":2,\"name\":\"Deputado Adriano Jos\u00e9 comemora aprova\u00e7\u00e3o de projeto que redefine limites entre Pai\u00e7andu e Maring\u00e1\"}]},{\"@type\":\"WebSite\",\"@id\":\"https:\\\/\\\/soldadoadrianojose.com.br\\\/#website\",\"url\":\"https:\\\/\\\/soldadoadrianojose.com.br\\\/\",\"name\":\"Deputado Adriano Jos\u00e9\",\"description\":\"Nosso trabalho \u00e9 pelas pessoas\",\"publisher\":{\"@id\":\"https:\\\/\\\/soldadoadrianojose.com.br\\\/#\\\/schema\\\/person\\\/16f8e8defb7a4bd6c6082efcd1bdb6bb\"},\"potentialAction\":[{\"@type\":\"SearchAction\",\"target\":{\"@type\":\"EntryPoint\",\"urlTemplate\":\"https:\\\/\\\/soldadoadrianojose.com.br\\\/?s={search_term_string}\"},\"query-input\":{\"@type\":\"PropertyValueSpecification\",\"valueRequired\":true,\"valueName\":\"search_term_string\"}}],\"inLanguage\":\"pt-BR\"},{\"@type\":[\"Person\",\"Organization\"],\"@id\":\"https:\\\/\\\/soldadoadrianojose.com.br\\\/#\\\/schema\\\/person\\\/16f8e8defb7a4bd6c6082efcd1bdb6bb\",\"name\":\"soldadoadrianojose\",\"image\":{\"@type\":\"ImageObject\",\"inLanguage\":\"pt-BR\",\"@id\":\"https:\\\/\\\/soldadoadrianojose.com.br\\\/wp-content\\\/uploads\\\/2023\\\/02\\\/LOGO_CLEAR-5.png\",\"url\":\"https:\\\/\\\/soldadoadrianojose.com.br\\\/wp-content\\\/uploads\\\/2023\\\/02\\\/LOGO_CLEAR-5.png\",\"contentUrl\":\"https:\\\/\\\/soldadoadrianojose.com.br\\\/wp-content\\\/uploads\\\/2023\\\/02\\\/LOGO_CLEAR-5.png\",\"width\":3508,\"height\":998,\"caption\":\"soldadoadrianojose\"},\"logo\":{\"@id\":\"https:\\\/\\\/soldadoadrianojose.com.br\\\/wp-content\\\/uploads\\\/2023\\\/02\\\/LOGO_CLEAR-5.png\"},\"sameAs\":[\"https:\\\/\\\/soldadoadrianojose.com.br\"]},{\"@type\":\"Person\",\"@id\":\"https:\\\/\\\/soldadoadrianojose.com.br\\\/#\\\/schema\\\/person\\\/cd48425bd7edd36fa5917c88fbe1cec5\",\"name\":\"Emanuellig admin2\",\"image\":{\"@type\":\"ImageObject\",\"inLanguage\":\"pt-BR\",\"@id\":\"https:\\\/\\\/soldadoadrianojose.com.br\\\/wp-content\\\/litespeed\\\/avatar\\\/235a59a115f40132a17fc909e61bc31d.jpg?ver=1777092356\",\"url\":\"https:\\\/\\\/soldadoadrianojose.com.br\\\/wp-content\\\/litespeed\\\/avatar\\\/235a59a115f40132a17fc909e61bc31d.jpg?ver=1777092356\",\"contentUrl\":\"https:\\\/\\\/soldadoadrianojose.com.br\\\/wp-content\\\/litespeed\\\/avatar\\\/235a59a115f40132a17fc909e61bc31d.jpg?ver=1777092356\",\"caption\":\"Emanuellig admin2\"},\"url\":\"https:\\\/\\\/soldadoadrianojose.com.br\\\/index.php\\\/author\\\/manu\\\/\"}]}<\/script>\n<!-- \/ Yoast SEO plugin. -->","yoast_head_json":{"title":"Deputado Adriano Jos\u00e9 comemora aprova\u00e7\u00e3o de projeto que redefine limites entre Pai\u00e7andu e Maring\u00e1 - Deputado Adriano Jos\u00e9","robots":{"index":"index","follow":"follow","max-snippet":"max-snippet:-1","max-image-preview":"max-image-preview:large","max-video-preview":"max-video-preview:-1"},"canonical":"https:\/\/soldadoadrianojose.com.br\/index.php\/2025\/09\/03\/deputado-adriano-jose-comemora-aprovacao-de-projeto-que-redefine-limites-entre-paicandu-e-maringa\/","og_locale":"pt_BR","og_type":"article","og_title":"Deputado Adriano Jos\u00e9 comemora aprova\u00e7\u00e3o de projeto que redefine limites entre Pai\u00e7andu e Maring\u00e1 - Deputado Adriano Jos\u00e9","og_description":"Uma vit\u00f3ria hist\u00f3rica para a popula\u00e7\u00e3o de Pai\u00e7andu e Maring\u00e1 foi conquistada nesta semana. A Comiss\u00e3o de Constitui\u00e7\u00e3o e Justi\u00e7a (CCJ) da Assembleia Legislativa aprovou, por unanimidade, o Projeto de Lei 400\/2025, de autoria dos deputados Adriano Jos\u00e9, Evandro Ara\u00fajo, e Delegado Jacov\u00f3s, que redefine os limites territoriais entre os dois munic\u00edpios. O Projeto corrige [&hellip;]","og_url":"https:\/\/soldadoadrianojose.com.br\/index.php\/2025\/09\/03\/deputado-adriano-jose-comemora-aprovacao-de-projeto-que-redefine-limites-entre-paicandu-e-maringa\/","og_site_name":"Deputado Adriano Jos\u00e9","article_published_time":"2025-09-03T14:48:42+00:00","article_modified_time":"2025-09-03T14:48:43+00:00","og_image":[{"width":799,"height":533,"url":"https:\/\/soldadoadrianojose.com.br\/wp-content\/uploads\/2025\/09\/54716808693_035684a11d_c.jpg","type":"image\/jpeg"}],"author":"Emanuellig admin2","twitter_card":"summary_large_image","twitter_misc":{"Escrito por":"Emanuellig admin2","Est. tempo de leitura":"2 minutos"},"schema":{"@context":"https:\/\/schema.org","@graph":[{"@type":"Article","@id":"https:\/\/soldadoadrianojose.com.br\/index.php\/2025\/09\/03\/deputado-adriano-jose-comemora-aprovacao-de-projeto-que-redefine-limites-entre-paicandu-e-maringa\/#article","isPartOf":{"@id":"https:\/\/soldadoadrianojose.com.br\/index.php\/2025\/09\/03\/deputado-adriano-jose-comemora-aprovacao-de-projeto-que-redefine-limites-entre-paicandu-e-maringa\/"},"author":{"name":"Emanuellig admin2","@id":"https:\/\/soldadoadrianojose.com.br\/#\/schema\/person\/cd48425bd7edd36fa5917c88fbe1cec5"},"headline":"Deputado Adriano Jos\u00e9 comemora aprova\u00e7\u00e3o de projeto que redefine limites entre Pai\u00e7andu e Maring\u00e1","datePublished":"2025-09-03T14:48:42+00:00","dateModified":"2025-09-03T14:48:43+00:00","mainEntityOfPage":{"@id":"https:\/\/soldadoadrianojose.com.br\/index.php\/2025\/09\/03\/deputado-adriano-jose-comemora-aprovacao-de-projeto-que-redefine-limites-entre-paicandu-e-maringa\/"},"wordCount":222,"commentCount":0,"publisher":{"@id":"https:\/\/soldadoadrianojose.com.br\/#\/schema\/person\/16f8e8defb7a4bd6c6082efcd1bdb6bb"},"image":{"@id":"https:\/\/soldadoadrianojose.com.br\/index.php\/2025\/09\/03\/deputado-adriano-jose-comemora-aprovacao-de-projeto-que-redefine-limites-entre-paicandu-e-maringa\/#primaryimage"},"thumbnailUrl":"https:\/\/soldadoadrianojose.com.br\/wp-content\/uploads\/2025\/09\/54716808693_035684a11d_c.jpg","articleSection":["GABINETE SD"],"inLanguage":"pt-BR","potentialAction":[{"@type":"CommentAction","name":"Comment","target":["https:\/\/soldadoadrianojose.com.br\/index.php\/2025\/09\/03\/deputado-adriano-jose-comemora-aprovacao-de-projeto-que-redefine-limites-entre-paicandu-e-maringa\/#respond"]}]},{"@type":"WebPage","@id":"https:\/\/soldadoadrianojose.com.br\/index.php\/2025\/09\/03\/deputado-adriano-jose-comemora-aprovacao-de-projeto-que-redefine-limites-entre-paicandu-e-maringa\/","url":"https:\/\/soldadoadrianojose.com.br\/index.php\/2025\/09\/03\/deputado-adriano-jose-comemora-aprovacao-de-projeto-que-redefine-limites-entre-paicandu-e-maringa\/","name":"Deputado Adriano Jos\u00e9 comemora aprova\u00e7\u00e3o de projeto que redefine limites entre Pai\u00e7andu e Maring\u00e1 - Deputado Adriano Jos\u00e9","isPartOf":{"@id":"https:\/\/soldadoadrianojose.com.br\/#website"},"primaryImageOfPage":{"@id":"https:\/\/soldadoadrianojose.com.br\/index.php\/2025\/09\/03\/deputado-adriano-jose-comemora-aprovacao-de-projeto-que-redefine-limites-entre-paicandu-e-maringa\/#primaryimage"},"image":{"@id":"https:\/\/soldadoadrianojose.com.br\/index.php\/2025\/09\/03\/deputado-adriano-jose-comemora-aprovacao-de-projeto-que-redefine-limites-entre-paicandu-e-maringa\/#primaryimage"},"thumbnailUrl":"https:\/\/soldadoadrianojose.com.br\/wp-content\/uploads\/2025\/09\/54716808693_035684a11d_c.jpg","datePublished":"2025-09-03T14:48:42+00:00","dateModified":"2025-09-03T14:48:43+00:00","breadcrumb":{"@id":"https:\/\/soldadoadrianojose.com.br\/index.php\/2025\/09\/03\/deputado-adriano-jose-comemora-aprovacao-de-projeto-que-redefine-limites-entre-paicandu-e-maringa\/#breadcrumb"},"inLanguage":"pt-BR","potentialAction":[{"@type":"ReadAction","target":["https:\/\/soldadoadrianojose.com.br\/index.php\/2025\/09\/03\/deputado-adriano-jose-comemora-aprovacao-de-projeto-que-redefine-limites-entre-paicandu-e-maringa\/"]}]},{"@type":"ImageObject","inLanguage":"pt-BR","@id":"https:\/\/soldadoadrianojose.com.br\/index.php\/2025\/09\/03\/deputado-adriano-jose-comemora-aprovacao-de-projeto-que-redefine-limites-entre-paicandu-e-maringa\/#primaryimage","url":"https:\/\/soldadoadrianojose.com.br\/wp-content\/uploads\/2025\/09\/54716808693_035684a11d_c.jpg","contentUrl":"https:\/\/soldadoadrianojose.com.br\/wp-content\/uploads\/2025\/09\/54716808693_035684a11d_c.jpg","width":799,"height":533},{"@type":"BreadcrumbList","@id":"https:\/\/soldadoadrianojose.com.br\/index.php\/2025\/09\/03\/deputado-adriano-jose-comemora-aprovacao-de-projeto-que-redefine-limites-entre-paicandu-e-maringa\/#breadcrumb","itemListElement":[{"@type":"ListItem","position":1,"name":"In\u00edcio","item":"https:\/\/soldadoadrianojose.com.br\/"},{"@type":"ListItem","position":2,"name":"Deputado Adriano Jos\u00e9 comemora aprova\u00e7\u00e3o de projeto que redefine limites entre Pai\u00e7andu e Maring\u00e1"}]},{"@type":"WebSite","@id":"https:\/\/soldadoadrianojose.com.br\/#website","url":"https:\/\/soldadoadrianojose.com.br\/","name":"Deputado Adriano Jos\u00e9","description":"Nosso trabalho \u00e9 pelas pessoas","publisher":{"@id":"https:\/\/soldadoadrianojose.com.br\/#\/schema\/person\/16f8e8defb7a4bd6c6082efcd1bdb6bb"},"potentialAction":[{"@type":"SearchAction","target":{"@type":"EntryPoint","urlTemplate":"https:\/\/soldadoadrianojose.com.br\/?s={search_term_string}"},"query-input":{"@type":"PropertyValueSpecification","valueRequired":true,"valueName":"search_term_string"}}],"inLanguage":"pt-BR"},{"@type":["Person","Organization"],"@id":"https:\/\/soldadoadrianojose.com.br\/#\/schema\/person\/16f8e8defb7a4bd6c6082efcd1bdb6bb","name":"soldadoadrianojose","image":{"@type":"ImageObject","inLanguage":"pt-BR","@id":"https:\/\/soldadoadrianojose.com.br\/wp-content\/uploads\/2023\/02\/LOGO_CLEAR-5.png","url":"https:\/\/soldadoadrianojose.com.br\/wp-content\/uploads\/2023\/02\/LOGO_CLEAR-5.png","contentUrl":"https:\/\/soldadoadrianojose.com.br\/wp-content\/uploads\/2023\/02\/LOGO_CLEAR-5.png","width":3508,"height":998,"caption":"soldadoadrianojose"},"logo":{"@id":"https:\/\/soldadoadrianojose.com.br\/wp-content\/uploads\/2023\/02\/LOGO_CLEAR-5.png"},"sameAs":["https:\/\/soldadoadrianojose.com.br"]},{"@type":"Person","@id":"https:\/\/soldadoadrianojose.com.br\/#\/schema\/person\/cd48425bd7edd36fa5917c88fbe1cec5","name":"Emanuellig admin2","image":{"@type":"ImageObject","inLanguage":"pt-BR","@id":"https:\/\/soldadoadrianojose.com.br\/wp-content\/litespeed\/avatar\/235a59a115f40132a17fc909e61bc31d.jpg?ver=1777092356","url":"https:\/\/soldadoadrianojose.com.br\/wp-content\/litespeed\/avatar\/235a59a115f40132a17fc909e61bc31d.jpg?ver=1777092356","contentUrl":"https:\/\/soldadoadrianojose.com.br\/wp-content\/litespeed\/avatar\/235a59a115f40132a17fc909e61bc31d.jpg?ver=1777092356","caption":"Emanuellig admin2"},"url":"https:\/\/soldadoadrianojose.com.br\/index.php\/author\/manu\/"}]}},"jetpack_featured_media_url":"https:\/\/soldadoadrianojose.com.br\/wp-content\/uploads\/2025\/09\/54716808693_035684a11d_c.jpg","_links":{"self":[{"href":"https:\/\/soldadoadrianojose.com.br\/index.php\/wp-json\/wp\/v2\/posts\/3293","targetHints":{"allow":["GET"]}}],"collection":[{"href":"https:\/\/soldadoadrianojose.com.br\/index.php\/wp-json\/wp\/v2\/posts"}],"about":[{"href":"https:\/\/soldadoadrianojose.com.br\/index.php\/wp-json\/wp\/v2\/types\/post"}],"author":[{"embeddable":true,"href":"https:\/\/soldadoadrianojose.com.br\/index.php\/wp-json\/wp\/v2\/users\/3"}],"replies":[{"embeddable":true,"href":"https:\/\/soldadoadrianojose.com.br\/index.php\/wp-json\/wp\/v2\/comments?post=3293"}],"version-history":[{"count":1,"href":"https:\/\/soldadoadrianojose.com.br\/index.php\/wp-json\/wp\/v2\/posts\/3293\/revisions"}],"predecessor-version":[{"id":3295,"href":"https:\/\/soldadoadrianojose.com.br\/index.php\/wp-json\/wp\/v2\/posts\/3293\/revisions\/3295"}],"wp:featuredmedia":[{"embeddable":true,"href":"https:\/\/soldadoadrianojose.com.br\/index.php\/wp-json\/wp\/v2\/media\/3294"}],"wp:attachment":[{"href":"https:\/\/soldadoadrianojose.com.br\/index.php\/wp-json\/wp\/v2\/media?parent=3293"}],"wp:term":[{"taxonomy":"category","embeddable":true,"href":"https:\/\/soldadoadrianojose.com.br\/index.php\/wp-json\/wp\/v2\/categories?post=3293"},{"taxonomy":"post_tag","embeddable":true,"href":"https:\/\/soldadoadrianojose.com.br\/index.php\/wp-json\/wp\/v2\/tags?post=3293"}],"curies":[{"name":"wp","href":"https:\/\/api.w.org\/{rel}","templated":true}]}}