{"id":3322,"date":"2025-09-12T09:23:53","date_gmt":"2025-09-12T12:23:53","guid":{"rendered":"https:\/\/soldadoadrianojose.com.br\/?p=3322"},"modified":"2025-09-12T09:23:53","modified_gmt":"2025-09-12T12:23:53","slug":"deputado-adriano-jose-declara-apoio-ao-ex-presidente-jair-bolsonaro","status":"publish","type":"post","link":"https:\/\/soldadoadrianojose.com.br\/index.php\/2025\/09\/12\/deputado-adriano-jose-declara-apoio-ao-ex-presidente-jair-bolsonaro\/","title":{"rendered":"Deputado Adriano Jos\u00e9 declara apoio ao ex-presidente Jair Bolsonaro"},"content":{"rendered":"\n<p>O deputado estadual Adriano Jos\u00e9 manifestou solidariedade ao ex-presidente Jair Bolsonaro e a sua fam\u00edlia, diante do que classificou como um cen\u00e1rio de persegui\u00e7\u00e3o pol\u00edtica no pa\u00eds. <\/p>\n\n\n\n<p>Para o parlamentar, o Brasil precisa superar o clima de divis\u00e3o e retomar o caminho da uni\u00e3o e do desenvolvimento.<\/p>\n\n\n\n<p>Em suas redes sociais, Adriano Jos\u00e9 destacou que o \u00f3dio \u00e9 capaz de destruir uma na\u00e7\u00e3o e que o pa\u00eds n\u00e3o pode continuar preso a disputas que afastam os brasileiros e prejudicam o futuro. &#8220;O Brasil precisa virar a p\u00e1gina, transformar o \u00f3dio em amor e paz, e o atraso em avan\u00e7o e desenvolvimento&#8221;, afirmou.<\/p>\n\n\n\n<p>Segundo o deputado, somente com respeito e harmonia o pa\u00eds voltar\u00e1 a ser visto como uma na\u00e7\u00e3o forte e admirada.<\/p>\n","protected":false},"excerpt":{"rendered":"<p>O deputado estadual Adriano Jos\u00e9 manifestou solidariedade ao ex-presidente Jair Bolsonaro e a sua fam\u00edlia, diante do que classificou como um cen\u00e1rio de persegui\u00e7\u00e3o pol\u00edtica no pa\u00eds. Para o parlamentar, o Brasil precisa superar o clima de divis\u00e3o e retomar o caminho da uni\u00e3o e do desenvolvimento. Em suas redes sociais, Adriano Jos\u00e9 destacou que [&hellip;]<\/p>\n","protected":false},"author":3,"featured_media":3323,"comment_status":"open","ping_status":"open","sticky":false,"template":"","format":"standard","meta":{"footnotes":""},"categories":[1],"tags":[],"class_list":["post-3322","post","type-post","status-publish","format-standard","has-post-thumbnail","hentry","category-gabinete-sd"],"yoast_head":"<!-- This site is optimized with the Yoast SEO plugin v27.4 - https:\/\/yoast.com\/product\/yoast-seo-wordpress\/ -->\n<title>Deputado Adriano Jos\u00e9 declara apoio ao ex-presidente Jair Bolsonaro - Deputado Adriano Jos\u00e9<\/title>\n<meta name=\"robots\" content=\"index, follow, max-snippet:-1, max-image-preview:large, max-video-preview:-1\" \/>\n<link rel=\"canonical\" href=\"https:\/\/soldadoadrianojose.com.br\/index.php\/2025\/09\/12\/deputado-adriano-jose-declara-apoio-ao-ex-presidente-jair-bolsonaro\/\" \/>\n<meta property=\"og:locale\" content=\"pt_BR\" \/>\n<meta property=\"og:type\" content=\"article\" \/>\n<meta property=\"og:title\" content=\"Deputado Adriano Jos\u00e9 declara apoio ao ex-presidente Jair Bolsonaro - Deputado Adriano Jos\u00e9\" \/>\n<meta property=\"og:description\" content=\"O deputado estadual Adriano Jos\u00e9 manifestou solidariedade ao ex-presidente Jair Bolsonaro e a sua fam\u00edlia, diante do que classificou como um cen\u00e1rio de persegui\u00e7\u00e3o pol\u00edtica no pa\u00eds. Para o parlamentar, o Brasil precisa superar o clima de divis\u00e3o e retomar o caminho da uni\u00e3o e do desenvolvimento. Em suas redes sociais, Adriano Jos\u00e9 destacou que [&hellip;]\" \/>\n<meta property=\"og:url\" content=\"https:\/\/soldadoadrianojose.com.br\/index.php\/2025\/09\/12\/deputado-adriano-jose-declara-apoio-ao-ex-presidente-jair-bolsonaro\/\" \/>\n<meta property=\"og:site_name\" content=\"Deputado Adriano Jos\u00e9\" \/>\n<meta property=\"article:published_time\" content=\"2025-09-12T12:23:53+00:00\" \/>\n<meta property=\"og:image\" content=\"https:\/\/soldadoadrianojose.com.br\/wp-content\/uploads\/2025\/09\/IMG-20250912-WA00181.jpg\" \/>\n\t<meta property=\"og:image:width\" content=\"1055\" \/>\n\t<meta property=\"og:image:height\" content=\"694\" \/>\n\t<meta property=\"og:image:type\" content=\"image\/jpeg\" \/>\n<meta name=\"author\" content=\"Emanuellig admin2\" \/>\n<meta name=\"twitter:card\" content=\"summary_large_image\" \/>\n<meta name=\"twitter:label1\" content=\"Escrito por\" \/>\n\t<meta name=\"twitter:data1\" content=\"Emanuellig admin2\" \/>\n\t<meta name=\"twitter:label2\" content=\"Est. tempo de leitura\" \/>\n\t<meta name=\"twitter:data2\" content=\"1 minuto\" \/>\n<script type=\"application\/ld+json\" class=\"yoast-schema-graph\">{\"@context\":\"https:\\\/\\\/schema.org\",\"@graph\":[{\"@type\":\"Article\",\"@id\":\"https:\\\/\\\/soldadoadrianojose.com.br\\\/index.php\\\/2025\\\/09\\\/12\\\/deputado-adriano-jose-declara-apoio-ao-ex-presidente-jair-bolsonaro\\\/#article\",\"isPartOf\":{\"@id\":\"https:\\\/\\\/soldadoadrianojose.com.br\\\/index.php\\\/2025\\\/09\\\/12\\\/deputado-adriano-jose-declara-apoio-ao-ex-presidente-jair-bolsonaro\\\/\"},\"author\":{\"name\":\"Emanuellig admin2\",\"@id\":\"https:\\\/\\\/soldadoadrianojose.com.br\\\/#\\\/schema\\\/person\\\/cd48425bd7edd36fa5917c88fbe1cec5\"},\"headline\":\"Deputado Adriano Jos\u00e9 declara apoio ao ex-presidente Jair Bolsonaro\",\"datePublished\":\"2025-09-12T12:23:53+00:00\",\"mainEntityOfPage\":{\"@id\":\"https:\\\/\\\/soldadoadrianojose.com.br\\\/index.php\\\/2025\\\/09\\\/12\\\/deputado-adriano-jose-declara-apoio-ao-ex-presidente-jair-bolsonaro\\\/\"},\"wordCount\":144,\"commentCount\":0,\"publisher\":{\"@id\":\"https:\\\/\\\/soldadoadrianojose.com.br\\\/#\\\/schema\\\/person\\\/16f8e8defb7a4bd6c6082efcd1bdb6bb\"},\"image\":{\"@id\":\"https:\\\/\\\/soldadoadrianojose.com.br\\\/index.php\\\/2025\\\/09\\\/12\\\/deputado-adriano-jose-declara-apoio-ao-ex-presidente-jair-bolsonaro\\\/#primaryimage\"},\"thumbnailUrl\":\"https:\\\/\\\/soldadoadrianojose.com.br\\\/wp-content\\\/uploads\\\/2025\\\/09\\\/IMG-20250912-WA00181.jpg\",\"articleSection\":[\"GABINETE SD\"],\"inLanguage\":\"pt-BR\",\"potentialAction\":[{\"@type\":\"CommentAction\",\"name\":\"Comment\",\"target\":[\"https:\\\/\\\/soldadoadrianojose.com.br\\\/index.php\\\/2025\\\/09\\\/12\\\/deputado-adriano-jose-declara-apoio-ao-ex-presidente-jair-bolsonaro\\\/#respond\"]}]},{\"@type\":\"WebPage\",\"@id\":\"https:\\\/\\\/soldadoadrianojose.com.br\\\/index.php\\\/2025\\\/09\\\/12\\\/deputado-adriano-jose-declara-apoio-ao-ex-presidente-jair-bolsonaro\\\/\",\"url\":\"https:\\\/\\\/soldadoadrianojose.com.br\\\/index.php\\\/2025\\\/09\\\/12\\\/deputado-adriano-jose-declara-apoio-ao-ex-presidente-jair-bolsonaro\\\/\",\"name\":\"Deputado Adriano Jos\u00e9 declara apoio ao ex-presidente Jair Bolsonaro - Deputado Adriano Jos\u00e9\",\"isPartOf\":{\"@id\":\"https:\\\/\\\/soldadoadrianojose.com.br\\\/#website\"},\"primaryImageOfPage\":{\"@id\":\"https:\\\/\\\/soldadoadrianojose.com.br\\\/index.php\\\/2025\\\/09\\\/12\\\/deputado-adriano-jose-declara-apoio-ao-ex-presidente-jair-bolsonaro\\\/#primaryimage\"},\"image\":{\"@id\":\"https:\\\/\\\/soldadoadrianojose.com.br\\\/index.php\\\/2025\\\/09\\\/12\\\/deputado-adriano-jose-declara-apoio-ao-ex-presidente-jair-bolsonaro\\\/#primaryimage\"},\"thumbnailUrl\":\"https:\\\/\\\/soldadoadrianojose.com.br\\\/wp-content\\\/uploads\\\/2025\\\/09\\\/IMG-20250912-WA00181.jpg\",\"datePublished\":\"2025-09-12T12:23:53+00:00\",\"breadcrumb\":{\"@id\":\"https:\\\/\\\/soldadoadrianojose.com.br\\\/index.php\\\/2025\\\/09\\\/12\\\/deputado-adriano-jose-declara-apoio-ao-ex-presidente-jair-bolsonaro\\\/#breadcrumb\"},\"inLanguage\":\"pt-BR\",\"potentialAction\":[{\"@type\":\"ReadAction\",\"target\":[\"https:\\\/\\\/soldadoadrianojose.com.br\\\/index.php\\\/2025\\\/09\\\/12\\\/deputado-adriano-jose-declara-apoio-ao-ex-presidente-jair-bolsonaro\\\/\"]}]},{\"@type\":\"ImageObject\",\"inLanguage\":\"pt-BR\",\"@id\":\"https:\\\/\\\/soldadoadrianojose.com.br\\\/index.php\\\/2025\\\/09\\\/12\\\/deputado-adriano-jose-declara-apoio-ao-ex-presidente-jair-bolsonaro\\\/#primaryimage\",\"url\":\"https:\\\/\\\/soldadoadrianojose.com.br\\\/wp-content\\\/uploads\\\/2025\\\/09\\\/IMG-20250912-WA00181.jpg\",\"contentUrl\":\"https:\\\/\\\/soldadoadrianojose.com.br\\\/wp-content\\\/uploads\\\/2025\\\/09\\\/IMG-20250912-WA00181.jpg\",\"width\":1055,\"height\":694},{\"@type\":\"BreadcrumbList\",\"@id\":\"https:\\\/\\\/soldadoadrianojose.com.br\\\/index.php\\\/2025\\\/09\\\/12\\\/deputado-adriano-jose-declara-apoio-ao-ex-presidente-jair-bolsonaro\\\/#breadcrumb\",\"itemListElement\":[{\"@type\":\"ListItem\",\"position\":1,\"name\":\"In\u00edcio\",\"item\":\"https:\\\/\\\/soldadoadrianojose.com.br\\\/\"},{\"@type\":\"ListItem\",\"position\":2,\"name\":\"Deputado Adriano Jos\u00e9 declara apoio ao ex-presidente Jair Bolsonaro\"}]},{\"@type\":\"WebSite\",\"@id\":\"https:\\\/\\\/soldadoadrianojose.com.br\\\/#website\",\"url\":\"https:\\\/\\\/soldadoadrianojose.com.br\\\/\",\"name\":\"Deputado Adriano Jos\u00e9\",\"description\":\"Nosso trabalho \u00e9 pelas pessoas\",\"publisher\":{\"@id\":\"https:\\\/\\\/soldadoadrianojose.com.br\\\/#\\\/schema\\\/person\\\/16f8e8defb7a4bd6c6082efcd1bdb6bb\"},\"potentialAction\":[{\"@type\":\"SearchAction\",\"target\":{\"@type\":\"EntryPoint\",\"urlTemplate\":\"https:\\\/\\\/soldadoadrianojose.com.br\\\/?s={search_term_string}\"},\"query-input\":{\"@type\":\"PropertyValueSpecification\",\"valueRequired\":true,\"valueName\":\"search_term_string\"}}],\"inLanguage\":\"pt-BR\"},{\"@type\":[\"Person\",\"Organization\"],\"@id\":\"https:\\\/\\\/soldadoadrianojose.com.br\\\/#\\\/schema\\\/person\\\/16f8e8defb7a4bd6c6082efcd1bdb6bb\",\"name\":\"soldadoadrianojose\",\"image\":{\"@type\":\"ImageObject\",\"inLanguage\":\"pt-BR\",\"@id\":\"https:\\\/\\\/soldadoadrianojose.com.br\\\/wp-content\\\/uploads\\\/2023\\\/02\\\/LOGO_CLEAR-5.png\",\"url\":\"https:\\\/\\\/soldadoadrianojose.com.br\\\/wp-content\\\/uploads\\\/2023\\\/02\\\/LOGO_CLEAR-5.png\",\"contentUrl\":\"https:\\\/\\\/soldadoadrianojose.com.br\\\/wp-content\\\/uploads\\\/2023\\\/02\\\/LOGO_CLEAR-5.png\",\"width\":3508,\"height\":998,\"caption\":\"soldadoadrianojose\"},\"logo\":{\"@id\":\"https:\\\/\\\/soldadoadrianojose.com.br\\\/wp-content\\\/uploads\\\/2023\\\/02\\\/LOGO_CLEAR-5.png\"},\"sameAs\":[\"https:\\\/\\\/soldadoadrianojose.com.br\"]},{\"@type\":\"Person\",\"@id\":\"https:\\\/\\\/soldadoadrianojose.com.br\\\/#\\\/schema\\\/person\\\/cd48425bd7edd36fa5917c88fbe1cec5\",\"name\":\"Emanuellig admin2\",\"image\":{\"@type\":\"ImageObject\",\"inLanguage\":\"pt-BR\",\"@id\":\"https:\\\/\\\/soldadoadrianojose.com.br\\\/wp-content\\\/litespeed\\\/avatar\\\/235a59a115f40132a17fc909e61bc31d.jpg?ver=1777697657\",\"url\":\"https:\\\/\\\/soldadoadrianojose.com.br\\\/wp-content\\\/litespeed\\\/avatar\\\/235a59a115f40132a17fc909e61bc31d.jpg?ver=1777697657\",\"contentUrl\":\"https:\\\/\\\/soldadoadrianojose.com.br\\\/wp-content\\\/litespeed\\\/avatar\\\/235a59a115f40132a17fc909e61bc31d.jpg?ver=1777697657\",\"caption\":\"Emanuellig admin2\"},\"url\":\"https:\\\/\\\/soldadoadrianojose.com.br\\\/index.php\\\/author\\\/manu\\\/\"}]}<\/script>\n<!-- \/ Yoast SEO plugin. -->","yoast_head_json":{"title":"Deputado Adriano Jos\u00e9 declara apoio ao ex-presidente Jair Bolsonaro - Deputado Adriano Jos\u00e9","robots":{"index":"index","follow":"follow","max-snippet":"max-snippet:-1","max-image-preview":"max-image-preview:large","max-video-preview":"max-video-preview:-1"},"canonical":"https:\/\/soldadoadrianojose.com.br\/index.php\/2025\/09\/12\/deputado-adriano-jose-declara-apoio-ao-ex-presidente-jair-bolsonaro\/","og_locale":"pt_BR","og_type":"article","og_title":"Deputado Adriano Jos\u00e9 declara apoio ao ex-presidente Jair Bolsonaro - Deputado Adriano Jos\u00e9","og_description":"O deputado estadual Adriano Jos\u00e9 manifestou solidariedade ao ex-presidente Jair Bolsonaro e a sua fam\u00edlia, diante do que classificou como um cen\u00e1rio de persegui\u00e7\u00e3o pol\u00edtica no pa\u00eds. Para o parlamentar, o Brasil precisa superar o clima de divis\u00e3o e retomar o caminho da uni\u00e3o e do desenvolvimento. Em suas redes sociais, Adriano Jos\u00e9 destacou que [&hellip;]","og_url":"https:\/\/soldadoadrianojose.com.br\/index.php\/2025\/09\/12\/deputado-adriano-jose-declara-apoio-ao-ex-presidente-jair-bolsonaro\/","og_site_name":"Deputado Adriano Jos\u00e9","article_published_time":"2025-09-12T12:23:53+00:00","og_image":[{"width":1055,"height":694,"url":"https:\/\/soldadoadrianojose.com.br\/wp-content\/uploads\/2025\/09\/IMG-20250912-WA00181.jpg","type":"image\/jpeg"}],"author":"Emanuellig admin2","twitter_card":"summary_large_image","twitter_misc":{"Escrito por":"Emanuellig admin2","Est. tempo de leitura":"1 minuto"},"schema":{"@context":"https:\/\/schema.org","@graph":[{"@type":"Article","@id":"https:\/\/soldadoadrianojose.com.br\/index.php\/2025\/09\/12\/deputado-adriano-jose-declara-apoio-ao-ex-presidente-jair-bolsonaro\/#article","isPartOf":{"@id":"https:\/\/soldadoadrianojose.com.br\/index.php\/2025\/09\/12\/deputado-adriano-jose-declara-apoio-ao-ex-presidente-jair-bolsonaro\/"},"author":{"name":"Emanuellig admin2","@id":"https:\/\/soldadoadrianojose.com.br\/#\/schema\/person\/cd48425bd7edd36fa5917c88fbe1cec5"},"headline":"Deputado Adriano Jos\u00e9 declara apoio ao ex-presidente Jair Bolsonaro","datePublished":"2025-09-12T12:23:53+00:00","mainEntityOfPage":{"@id":"https:\/\/soldadoadrianojose.com.br\/index.php\/2025\/09\/12\/deputado-adriano-jose-declara-apoio-ao-ex-presidente-jair-bolsonaro\/"},"wordCount":144,"commentCount":0,"publisher":{"@id":"https:\/\/soldadoadrianojose.com.br\/#\/schema\/person\/16f8e8defb7a4bd6c6082efcd1bdb6bb"},"image":{"@id":"https:\/\/soldadoadrianojose.com.br\/index.php\/2025\/09\/12\/deputado-adriano-jose-declara-apoio-ao-ex-presidente-jair-bolsonaro\/#primaryimage"},"thumbnailUrl":"https:\/\/soldadoadrianojose.com.br\/wp-content\/uploads\/2025\/09\/IMG-20250912-WA00181.jpg","articleSection":["GABINETE SD"],"inLanguage":"pt-BR","potentialAction":[{"@type":"CommentAction","name":"Comment","target":["https:\/\/soldadoadrianojose.com.br\/index.php\/2025\/09\/12\/deputado-adriano-jose-declara-apoio-ao-ex-presidente-jair-bolsonaro\/#respond"]}]},{"@type":"WebPage","@id":"https:\/\/soldadoadrianojose.com.br\/index.php\/2025\/09\/12\/deputado-adriano-jose-declara-apoio-ao-ex-presidente-jair-bolsonaro\/","url":"https:\/\/soldadoadrianojose.com.br\/index.php\/2025\/09\/12\/deputado-adriano-jose-declara-apoio-ao-ex-presidente-jair-bolsonaro\/","name":"Deputado Adriano Jos\u00e9 declara apoio ao ex-presidente Jair Bolsonaro - Deputado Adriano Jos\u00e9","isPartOf":{"@id":"https:\/\/soldadoadrianojose.com.br\/#website"},"primaryImageOfPage":{"@id":"https:\/\/soldadoadrianojose.com.br\/index.php\/2025\/09\/12\/deputado-adriano-jose-declara-apoio-ao-ex-presidente-jair-bolsonaro\/#primaryimage"},"image":{"@id":"https:\/\/soldadoadrianojose.com.br\/index.php\/2025\/09\/12\/deputado-adriano-jose-declara-apoio-ao-ex-presidente-jair-bolsonaro\/#primaryimage"},"thumbnailUrl":"https:\/\/soldadoadrianojose.com.br\/wp-content\/uploads\/2025\/09\/IMG-20250912-WA00181.jpg","datePublished":"2025-09-12T12:23:53+00:00","breadcrumb":{"@id":"https:\/\/soldadoadrianojose.com.br\/index.php\/2025\/09\/12\/deputado-adriano-jose-declara-apoio-ao-ex-presidente-jair-bolsonaro\/#breadcrumb"},"inLanguage":"pt-BR","potentialAction":[{"@type":"ReadAction","target":["https:\/\/soldadoadrianojose.com.br\/index.php\/2025\/09\/12\/deputado-adriano-jose-declara-apoio-ao-ex-presidente-jair-bolsonaro\/"]}]},{"@type":"ImageObject","inLanguage":"pt-BR","@id":"https:\/\/soldadoadrianojose.com.br\/index.php\/2025\/09\/12\/deputado-adriano-jose-declara-apoio-ao-ex-presidente-jair-bolsonaro\/#primaryimage","url":"https:\/\/soldadoadrianojose.com.br\/wp-content\/uploads\/2025\/09\/IMG-20250912-WA00181.jpg","contentUrl":"https:\/\/soldadoadrianojose.com.br\/wp-content\/uploads\/2025\/09\/IMG-20250912-WA00181.jpg","width":1055,"height":694},{"@type":"BreadcrumbList","@id":"https:\/\/soldadoadrianojose.com.br\/index.php\/2025\/09\/12\/deputado-adriano-jose-declara-apoio-ao-ex-presidente-jair-bolsonaro\/#breadcrumb","itemListElement":[{"@type":"ListItem","position":1,"name":"In\u00edcio","item":"https:\/\/soldadoadrianojose.com.br\/"},{"@type":"ListItem","position":2,"name":"Deputado Adriano Jos\u00e9 declara apoio ao ex-presidente Jair Bolsonaro"}]},{"@type":"WebSite","@id":"https:\/\/soldadoadrianojose.com.br\/#website","url":"https:\/\/soldadoadrianojose.com.br\/","name":"Deputado Adriano Jos\u00e9","description":"Nosso trabalho \u00e9 pelas pessoas","publisher":{"@id":"https:\/\/soldadoadrianojose.com.br\/#\/schema\/person\/16f8e8defb7a4bd6c6082efcd1bdb6bb"},"potentialAction":[{"@type":"SearchAction","target":{"@type":"EntryPoint","urlTemplate":"https:\/\/soldadoadrianojose.com.br\/?s={search_term_string}"},"query-input":{"@type":"PropertyValueSpecification","valueRequired":true,"valueName":"search_term_string"}}],"inLanguage":"pt-BR"},{"@type":["Person","Organization"],"@id":"https:\/\/soldadoadrianojose.com.br\/#\/schema\/person\/16f8e8defb7a4bd6c6082efcd1bdb6bb","name":"soldadoadrianojose","image":{"@type":"ImageObject","inLanguage":"pt-BR","@id":"https:\/\/soldadoadrianojose.com.br\/wp-content\/uploads\/2023\/02\/LOGO_CLEAR-5.png","url":"https:\/\/soldadoadrianojose.com.br\/wp-content\/uploads\/2023\/02\/LOGO_CLEAR-5.png","contentUrl":"https:\/\/soldadoadrianojose.com.br\/wp-content\/uploads\/2023\/02\/LOGO_CLEAR-5.png","width":3508,"height":998,"caption":"soldadoadrianojose"},"logo":{"@id":"https:\/\/soldadoadrianojose.com.br\/wp-content\/uploads\/2023\/02\/LOGO_CLEAR-5.png"},"sameAs":["https:\/\/soldadoadrianojose.com.br"]},{"@type":"Person","@id":"https:\/\/soldadoadrianojose.com.br\/#\/schema\/person\/cd48425bd7edd36fa5917c88fbe1cec5","name":"Emanuellig admin2","image":{"@type":"ImageObject","inLanguage":"pt-BR","@id":"https:\/\/soldadoadrianojose.com.br\/wp-content\/litespeed\/avatar\/235a59a115f40132a17fc909e61bc31d.jpg?ver=1777697657","url":"https:\/\/soldadoadrianojose.com.br\/wp-content\/litespeed\/avatar\/235a59a115f40132a17fc909e61bc31d.jpg?ver=1777697657","contentUrl":"https:\/\/soldadoadrianojose.com.br\/wp-content\/litespeed\/avatar\/235a59a115f40132a17fc909e61bc31d.jpg?ver=1777697657","caption":"Emanuellig admin2"},"url":"https:\/\/soldadoadrianojose.com.br\/index.php\/author\/manu\/"}]}},"jetpack_featured_media_url":"https:\/\/soldadoadrianojose.com.br\/wp-content\/uploads\/2025\/09\/IMG-20250912-WA00181.jpg","_links":{"self":[{"href":"https:\/\/soldadoadrianojose.com.br\/index.php\/wp-json\/wp\/v2\/posts\/3322","targetHints":{"allow":["GET"]}}],"collection":[{"href":"https:\/\/soldadoadrianojose.com.br\/index.php\/wp-json\/wp\/v2\/posts"}],"about":[{"href":"https:\/\/soldadoadrianojose.com.br\/index.php\/wp-json\/wp\/v2\/types\/post"}],"author":[{"embeddable":true,"href":"https:\/\/soldadoadrianojose.com.br\/index.php\/wp-json\/wp\/v2\/users\/3"}],"replies":[{"embeddable":true,"href":"https:\/\/soldadoadrianojose.com.br\/index.php\/wp-json\/wp\/v2\/comments?post=3322"}],"version-history":[{"count":2,"href":"https:\/\/soldadoadrianojose.com.br\/index.php\/wp-json\/wp\/v2\/posts\/3322\/revisions"}],"predecessor-version":[{"id":3325,"href":"https:\/\/soldadoadrianojose.com.br\/index.php\/wp-json\/wp\/v2\/posts\/3322\/revisions\/3325"}],"wp:featuredmedia":[{"embeddable":true,"href":"https:\/\/soldadoadrianojose.com.br\/index.php\/wp-json\/wp\/v2\/media\/3323"}],"wp:attachment":[{"href":"https:\/\/soldadoadrianojose.com.br\/index.php\/wp-json\/wp\/v2\/media?parent=3322"}],"wp:term":[{"taxonomy":"category","embeddable":true,"href":"https:\/\/soldadoadrianojose.com.br\/index.php\/wp-json\/wp\/v2\/categories?post=3322"},{"taxonomy":"post_tag","embeddable":true,"href":"https:\/\/soldadoadrianojose.com.br\/index.php\/wp-json\/wp\/v2\/tags?post=3322"}],"curies":[{"name":"wp","href":"https:\/\/api.w.org\/{rel}","templated":true}]}}