{"id":3326,"date":"2025-09-14T11:41:59","date_gmt":"2025-09-14T14:41:59","guid":{"rendered":"https:\/\/soldadoadrianojose.com.br\/?p=3326"},"modified":"2025-09-14T11:41:59","modified_gmt":"2025-09-14T14:41:59","slug":"nosso-trabalho-nao-para-deputado-adriano-jose-participa-da-caminhada-na-natureza-em-sarandi","status":"publish","type":"post","link":"https:\/\/soldadoadrianojose.com.br\/index.php\/2025\/09\/14\/nosso-trabalho-nao-para-deputado-adriano-jose-participa-da-caminhada-na-natureza-em-sarandi\/","title":{"rendered":"Nosso trabalho n\u00e3o para: Deputado Adriano Jos\u00e9 participa da Caminhada na Natureza em Sarandi"},"content":{"rendered":"\n<p>O domingo em Sarand\u00ed come\u00e7ou com muita energia e contato com a natureza. Logo \u00e0s 7h da manh\u00e3, o deputado estadual Adriano Jos\u00e9 participou da tradicional Caminhada na Natureza, evento organizado pela Prefeitura Municipal de Sarand\u00ed, sob a lideran\u00e7a do prefeito Carlos de Paula e da secret\u00e1ria de Desenvolvimento Econ\u00f4mico, Jana\u00edna Cl\u00e1udia Santoro de Paula. A atividade reuniu fam\u00edlias da cidade e de toda a regi\u00e3o, em um espa\u00e7o aben\u00e7oado por Deus e preparado para promover bem-estar e integra\u00e7\u00e3o comunit\u00e1ria.<\/p>\n\n\n\n<p><br>O deputado Adriano Jos\u00e9 destacou a import\u00e2ncia de iniciativas como essa, que aproximam a popula\u00e7\u00e3o da natureza, incentivam h\u00e1bitos saud\u00e1veis e fortalecem os la\u00e7os familiares. \u201c\u00c9 muito bom come\u00e7ar o domingo caminhando, respirando ar puro e aproveitando um evento que valoriza tanto a sa\u00fade f\u00edsica quanto a conviv\u00eancia social\u201d, afirmou.<\/p>\n\n\n\n<p><br>A Caminhada na Natureza j\u00e1 \u00e9 uma refer\u00eancia em Sarand\u00ed e refor\u00e7a o compromisso da gest\u00e3o municipal em oferecer momentos de lazer e qualidade de vida \u00e0 popula\u00e7\u00e3o. Adriano Jos\u00e9, que apoia e acompanha de perto o desenvolvimento de a\u00e7\u00f5es voltadas para o bem-estar da comunidade, parabenizou os organizadores pela realiza\u00e7\u00e3o de mais uma edi\u00e7\u00e3o de sucesso.<\/p>\n\n\n\n<figure class=\"wp-block-gallery has-nested-images columns-default is-cropped wp-block-gallery-1 is-layout-flex wp-block-gallery-is-layout-flex\">\n<figure class=\"wp-block-image size-large\"><img fetchpriority=\"high\" decoding=\"async\" width=\"1024\" height=\"768\" data-id=\"3329\" src=\"https:\/\/soldadoadrianojose.com.br\/wp-content\/uploads\/2025\/09\/WhatsApp-Image-2025-09-14-at-09.20.38-1024x768.jpeg\" alt=\"\" class=\"wp-image-3329\" srcset=\"https:\/\/soldadoadrianojose.com.br\/wp-content\/uploads\/2025\/09\/WhatsApp-Image-2025-09-14-at-09.20.38-1024x768.jpeg 1024w, https:\/\/soldadoadrianojose.com.br\/wp-content\/uploads\/2025\/09\/WhatsApp-Image-2025-09-14-at-09.20.38-300x225.jpeg 300w, https:\/\/soldadoadrianojose.com.br\/wp-content\/uploads\/2025\/09\/WhatsApp-Image-2025-09-14-at-09.20.38-768x576.jpeg 768w, https:\/\/soldadoadrianojose.com.br\/wp-content\/uploads\/2025\/09\/WhatsApp-Image-2025-09-14-at-09.20.38-1536x1152.jpeg 1536w, https:\/\/soldadoadrianojose.com.br\/wp-content\/uploads\/2025\/09\/WhatsApp-Image-2025-09-14-at-09.20.38.jpeg 1600w\" sizes=\"(max-width: 1024px) 100vw, 1024px\" \/><\/figure>\n\n\n\n<figure class=\"wp-block-image size-large\"><img decoding=\"async\" width=\"1024\" height=\"768\" data-id=\"3332\" src=\"https:\/\/soldadoadrianojose.com.br\/wp-content\/uploads\/2025\/09\/WhatsApp-Image-2025-09-14-at-09.12.12-1-1-1024x768.jpeg\" alt=\"\" class=\"wp-image-3332\" srcset=\"https:\/\/soldadoadrianojose.com.br\/wp-content\/uploads\/2025\/09\/WhatsApp-Image-2025-09-14-at-09.12.12-1-1-1024x768.jpeg 1024w, https:\/\/soldadoadrianojose.com.br\/wp-content\/uploads\/2025\/09\/WhatsApp-Image-2025-09-14-at-09.12.12-1-1-300x225.jpeg 300w, https:\/\/soldadoadrianojose.com.br\/wp-content\/uploads\/2025\/09\/WhatsApp-Image-2025-09-14-at-09.12.12-1-1-768x576.jpeg 768w, https:\/\/soldadoadrianojose.com.br\/wp-content\/uploads\/2025\/09\/WhatsApp-Image-2025-09-14-at-09.12.12-1-1-1536x1152.jpeg 1536w, https:\/\/soldadoadrianojose.com.br\/wp-content\/uploads\/2025\/09\/WhatsApp-Image-2025-09-14-at-09.12.12-1-1.jpeg 1600w\" sizes=\"(max-width: 1024px) 100vw, 1024px\" \/><\/figure>\n\n\n\n<figure class=\"wp-block-image size-large\"><img decoding=\"async\" width=\"1024\" height=\"768\" data-id=\"3330\" src=\"https:\/\/soldadoadrianojose.com.br\/wp-content\/uploads\/2025\/09\/WhatsApp-Image-2025-09-14-at-09.12.02-1024x768.jpeg\" alt=\"\" class=\"wp-image-3330\" srcset=\"https:\/\/soldadoadrianojose.com.br\/wp-content\/uploads\/2025\/09\/WhatsApp-Image-2025-09-14-at-09.12.02-1024x768.jpeg 1024w, https:\/\/soldadoadrianojose.com.br\/wp-content\/uploads\/2025\/09\/WhatsApp-Image-2025-09-14-at-09.12.02-300x225.jpeg 300w, https:\/\/soldadoadrianojose.com.br\/wp-content\/uploads\/2025\/09\/WhatsApp-Image-2025-09-14-at-09.12.02-768x576.jpeg 768w, https:\/\/soldadoadrianojose.com.br\/wp-content\/uploads\/2025\/09\/WhatsApp-Image-2025-09-14-at-09.12.02-1536x1152.jpeg 1536w, https:\/\/soldadoadrianojose.com.br\/wp-content\/uploads\/2025\/09\/WhatsApp-Image-2025-09-14-at-09.12.02.jpeg 1600w\" sizes=\"(max-width: 1024px) 100vw, 1024px\" \/><\/figure>\n\n\n\n<figure class=\"wp-block-image size-large\"><img loading=\"lazy\" decoding=\"async\" width=\"1024\" height=\"768\" data-id=\"3331\" src=\"https:\/\/soldadoadrianojose.com.br\/wp-content\/uploads\/2025\/09\/WhatsApp-Image-2025-09-14-at-09.11.50-1024x768.jpeg\" alt=\"\" class=\"wp-image-3331\" srcset=\"https:\/\/soldadoadrianojose.com.br\/wp-content\/uploads\/2025\/09\/WhatsApp-Image-2025-09-14-at-09.11.50-1024x768.jpeg 1024w, https:\/\/soldadoadrianojose.com.br\/wp-content\/uploads\/2025\/09\/WhatsApp-Image-2025-09-14-at-09.11.50-300x225.jpeg 300w, https:\/\/soldadoadrianojose.com.br\/wp-content\/uploads\/2025\/09\/WhatsApp-Image-2025-09-14-at-09.11.50-768x576.jpeg 768w, https:\/\/soldadoadrianojose.com.br\/wp-content\/uploads\/2025\/09\/WhatsApp-Image-2025-09-14-at-09.11.50-1536x1152.jpeg 1536w, https:\/\/soldadoadrianojose.com.br\/wp-content\/uploads\/2025\/09\/WhatsApp-Image-2025-09-14-at-09.11.50.jpeg 1600w\" sizes=\"(max-width: 1024px) 100vw, 1024px\" \/><\/figure>\n<\/figure>\n\n\n\n<p><\/p>\n","protected":false},"excerpt":{"rendered":"<p>O domingo em Sarand\u00ed come\u00e7ou com muita energia e contato com a natureza. Logo \u00e0s 7h da manh\u00e3, o deputado estadual Adriano Jos\u00e9 participou da tradicional Caminhada na Natureza, evento organizado pela Prefeitura Municipal de Sarand\u00ed, sob a lideran\u00e7a do prefeito Carlos de Paula e da secret\u00e1ria de Desenvolvimento Econ\u00f4mico, Jana\u00edna Cl\u00e1udia Santoro de Paula. [&hellip;]<\/p>\n","protected":false},"author":3,"featured_media":3327,"comment_status":"open","ping_status":"open","sticky":false,"template":"","format":"standard","meta":{"footnotes":""},"categories":[73],"tags":[],"class_list":["post-3326","post","type-post","status-publish","format-standard","has-post-thumbnail","hentry","category-sarandi"],"yoast_head":"<!-- This site is optimized with the Yoast SEO plugin v27.4 - https:\/\/yoast.com\/product\/yoast-seo-wordpress\/ -->\n<title>Nosso trabalho n\u00e3o para: Deputado Adriano Jos\u00e9 participa da Caminhada na Natureza em Sarandi - Deputado Adriano Jos\u00e9<\/title>\n<meta name=\"robots\" content=\"index, follow, max-snippet:-1, max-image-preview:large, max-video-preview:-1\" \/>\n<link rel=\"canonical\" href=\"https:\/\/soldadoadrianojose.com.br\/index.php\/2025\/09\/14\/nosso-trabalho-nao-para-deputado-adriano-jose-participa-da-caminhada-na-natureza-em-sarandi\/\" \/>\n<meta property=\"og:locale\" content=\"pt_BR\" \/>\n<meta property=\"og:type\" content=\"article\" \/>\n<meta property=\"og:title\" content=\"Nosso trabalho n\u00e3o para: Deputado Adriano Jos\u00e9 participa da Caminhada na Natureza em Sarandi - Deputado Adriano Jos\u00e9\" \/>\n<meta property=\"og:description\" content=\"O domingo em Sarand\u00ed come\u00e7ou com muita energia e contato com a natureza. Logo \u00e0s 7h da manh\u00e3, o deputado estadual Adriano Jos\u00e9 participou da tradicional Caminhada na Natureza, evento organizado pela Prefeitura Municipal de Sarand\u00ed, sob a lideran\u00e7a do prefeito Carlos de Paula e da secret\u00e1ria de Desenvolvimento Econ\u00f4mico, Jana\u00edna Cl\u00e1udia Santoro de Paula. [&hellip;]\" \/>\n<meta property=\"og:url\" content=\"https:\/\/soldadoadrianojose.com.br\/index.php\/2025\/09\/14\/nosso-trabalho-nao-para-deputado-adriano-jose-participa-da-caminhada-na-natureza-em-sarandi\/\" \/>\n<meta property=\"og:site_name\" content=\"Deputado Adriano Jos\u00e9\" \/>\n<meta property=\"article:published_time\" content=\"2025-09-14T14:41:59+00:00\" \/>\n<meta property=\"og:image\" content=\"https:\/\/soldadoadrianojose.com.br\/wp-content\/uploads\/2025\/09\/WhatsApp-Image-2025-09-14-at-10.23.10.jpeg\" \/>\n\t<meta property=\"og:image:width\" content=\"1600\" \/>\n\t<meta property=\"og:image:height\" content=\"1200\" \/>\n\t<meta property=\"og:image:type\" content=\"image\/jpeg\" \/>\n<meta name=\"author\" content=\"Emanuellig admin2\" \/>\n<meta name=\"twitter:card\" content=\"summary_large_image\" \/>\n<meta name=\"twitter:label1\" content=\"Escrito por\" \/>\n\t<meta name=\"twitter:data1\" content=\"Emanuellig admin2\" \/>\n\t<meta name=\"twitter:label2\" content=\"Est. tempo de leitura\" \/>\n\t<meta name=\"twitter:data2\" content=\"3 minutos\" \/>\n<script type=\"application\/ld+json\" class=\"yoast-schema-graph\">{\"@context\":\"https:\\\/\\\/schema.org\",\"@graph\":[{\"@type\":\"Article\",\"@id\":\"https:\\\/\\\/soldadoadrianojose.com.br\\\/index.php\\\/2025\\\/09\\\/14\\\/nosso-trabalho-nao-para-deputado-adriano-jose-participa-da-caminhada-na-natureza-em-sarandi\\\/#article\",\"isPartOf\":{\"@id\":\"https:\\\/\\\/soldadoadrianojose.com.br\\\/index.php\\\/2025\\\/09\\\/14\\\/nosso-trabalho-nao-para-deputado-adriano-jose-participa-da-caminhada-na-natureza-em-sarandi\\\/\"},\"author\":{\"name\":\"Emanuellig admin2\",\"@id\":\"https:\\\/\\\/soldadoadrianojose.com.br\\\/#\\\/schema\\\/person\\\/cd48425bd7edd36fa5917c88fbe1cec5\"},\"headline\":\"Nosso trabalho n\u00e3o para: Deputado Adriano Jos\u00e9 participa da Caminhada na Natureza em Sarandi\",\"datePublished\":\"2025-09-14T14:41:59+00:00\",\"mainEntityOfPage\":{\"@id\":\"https:\\\/\\\/soldadoadrianojose.com.br\\\/index.php\\\/2025\\\/09\\\/14\\\/nosso-trabalho-nao-para-deputado-adriano-jose-participa-da-caminhada-na-natureza-em-sarandi\\\/\"},\"wordCount\":227,\"commentCount\":0,\"publisher\":{\"@id\":\"https:\\\/\\\/soldadoadrianojose.com.br\\\/#\\\/schema\\\/person\\\/16f8e8defb7a4bd6c6082efcd1bdb6bb\"},\"image\":{\"@id\":\"https:\\\/\\\/soldadoadrianojose.com.br\\\/index.php\\\/2025\\\/09\\\/14\\\/nosso-trabalho-nao-para-deputado-adriano-jose-participa-da-caminhada-na-natureza-em-sarandi\\\/#primaryimage\"},\"thumbnailUrl\":\"https:\\\/\\\/soldadoadrianojose.com.br\\\/wp-content\\\/uploads\\\/2025\\\/09\\\/WhatsApp-Image-2025-09-14-at-10.23.10.jpeg\",\"articleSection\":[\"SARANDI\"],\"inLanguage\":\"pt-BR\",\"potentialAction\":[{\"@type\":\"CommentAction\",\"name\":\"Comment\",\"target\":[\"https:\\\/\\\/soldadoadrianojose.com.br\\\/index.php\\\/2025\\\/09\\\/14\\\/nosso-trabalho-nao-para-deputado-adriano-jose-participa-da-caminhada-na-natureza-em-sarandi\\\/#respond\"]}]},{\"@type\":\"WebPage\",\"@id\":\"https:\\\/\\\/soldadoadrianojose.com.br\\\/index.php\\\/2025\\\/09\\\/14\\\/nosso-trabalho-nao-para-deputado-adriano-jose-participa-da-caminhada-na-natureza-em-sarandi\\\/\",\"url\":\"https:\\\/\\\/soldadoadrianojose.com.br\\\/index.php\\\/2025\\\/09\\\/14\\\/nosso-trabalho-nao-para-deputado-adriano-jose-participa-da-caminhada-na-natureza-em-sarandi\\\/\",\"name\":\"Nosso trabalho n\u00e3o para: Deputado Adriano Jos\u00e9 participa da Caminhada na Natureza em Sarandi - Deputado Adriano Jos\u00e9\",\"isPartOf\":{\"@id\":\"https:\\\/\\\/soldadoadrianojose.com.br\\\/#website\"},\"primaryImageOfPage\":{\"@id\":\"https:\\\/\\\/soldadoadrianojose.com.br\\\/index.php\\\/2025\\\/09\\\/14\\\/nosso-trabalho-nao-para-deputado-adriano-jose-participa-da-caminhada-na-natureza-em-sarandi\\\/#primaryimage\"},\"image\":{\"@id\":\"https:\\\/\\\/soldadoadrianojose.com.br\\\/index.php\\\/2025\\\/09\\\/14\\\/nosso-trabalho-nao-para-deputado-adriano-jose-participa-da-caminhada-na-natureza-em-sarandi\\\/#primaryimage\"},\"thumbnailUrl\":\"https:\\\/\\\/soldadoadrianojose.com.br\\\/wp-content\\\/uploads\\\/2025\\\/09\\\/WhatsApp-Image-2025-09-14-at-10.23.10.jpeg\",\"datePublished\":\"2025-09-14T14:41:59+00:00\",\"breadcrumb\":{\"@id\":\"https:\\\/\\\/soldadoadrianojose.com.br\\\/index.php\\\/2025\\\/09\\\/14\\\/nosso-trabalho-nao-para-deputado-adriano-jose-participa-da-caminhada-na-natureza-em-sarandi\\\/#breadcrumb\"},\"inLanguage\":\"pt-BR\",\"potentialAction\":[{\"@type\":\"ReadAction\",\"target\":[\"https:\\\/\\\/soldadoadrianojose.com.br\\\/index.php\\\/2025\\\/09\\\/14\\\/nosso-trabalho-nao-para-deputado-adriano-jose-participa-da-caminhada-na-natureza-em-sarandi\\\/\"]}]},{\"@type\":\"ImageObject\",\"inLanguage\":\"pt-BR\",\"@id\":\"https:\\\/\\\/soldadoadrianojose.com.br\\\/index.php\\\/2025\\\/09\\\/14\\\/nosso-trabalho-nao-para-deputado-adriano-jose-participa-da-caminhada-na-natureza-em-sarandi\\\/#primaryimage\",\"url\":\"https:\\\/\\\/soldadoadrianojose.com.br\\\/wp-content\\\/uploads\\\/2025\\\/09\\\/WhatsApp-Image-2025-09-14-at-10.23.10.jpeg\",\"contentUrl\":\"https:\\\/\\\/soldadoadrianojose.com.br\\\/wp-content\\\/uploads\\\/2025\\\/09\\\/WhatsApp-Image-2025-09-14-at-10.23.10.jpeg\",\"width\":1600,\"height\":1200},{\"@type\":\"BreadcrumbList\",\"@id\":\"https:\\\/\\\/soldadoadrianojose.com.br\\\/index.php\\\/2025\\\/09\\\/14\\\/nosso-trabalho-nao-para-deputado-adriano-jose-participa-da-caminhada-na-natureza-em-sarandi\\\/#breadcrumb\",\"itemListElement\":[{\"@type\":\"ListItem\",\"position\":1,\"name\":\"In\u00edcio\",\"item\":\"https:\\\/\\\/soldadoadrianojose.com.br\\\/\"},{\"@type\":\"ListItem\",\"position\":2,\"name\":\"Nosso trabalho n\u00e3o para: Deputado Adriano Jos\u00e9 participa da Caminhada na Natureza em Sarandi\"}]},{\"@type\":\"WebSite\",\"@id\":\"https:\\\/\\\/soldadoadrianojose.com.br\\\/#website\",\"url\":\"https:\\\/\\\/soldadoadrianojose.com.br\\\/\",\"name\":\"Deputado Adriano Jos\u00e9\",\"description\":\"Nosso trabalho \u00e9 pelas pessoas\",\"publisher\":{\"@id\":\"https:\\\/\\\/soldadoadrianojose.com.br\\\/#\\\/schema\\\/person\\\/16f8e8defb7a4bd6c6082efcd1bdb6bb\"},\"potentialAction\":[{\"@type\":\"SearchAction\",\"target\":{\"@type\":\"EntryPoint\",\"urlTemplate\":\"https:\\\/\\\/soldadoadrianojose.com.br\\\/?s={search_term_string}\"},\"query-input\":{\"@type\":\"PropertyValueSpecification\",\"valueRequired\":true,\"valueName\":\"search_term_string\"}}],\"inLanguage\":\"pt-BR\"},{\"@type\":[\"Person\",\"Organization\"],\"@id\":\"https:\\\/\\\/soldadoadrianojose.com.br\\\/#\\\/schema\\\/person\\\/16f8e8defb7a4bd6c6082efcd1bdb6bb\",\"name\":\"soldadoadrianojose\",\"image\":{\"@type\":\"ImageObject\",\"inLanguage\":\"pt-BR\",\"@id\":\"https:\\\/\\\/soldadoadrianojose.com.br\\\/wp-content\\\/uploads\\\/2023\\\/02\\\/LOGO_CLEAR-5.png\",\"url\":\"https:\\\/\\\/soldadoadrianojose.com.br\\\/wp-content\\\/uploads\\\/2023\\\/02\\\/LOGO_CLEAR-5.png\",\"contentUrl\":\"https:\\\/\\\/soldadoadrianojose.com.br\\\/wp-content\\\/uploads\\\/2023\\\/02\\\/LOGO_CLEAR-5.png\",\"width\":3508,\"height\":998,\"caption\":\"soldadoadrianojose\"},\"logo\":{\"@id\":\"https:\\\/\\\/soldadoadrianojose.com.br\\\/wp-content\\\/uploads\\\/2023\\\/02\\\/LOGO_CLEAR-5.png\"},\"sameAs\":[\"https:\\\/\\\/soldadoadrianojose.com.br\"]},{\"@type\":\"Person\",\"@id\":\"https:\\\/\\\/soldadoadrianojose.com.br\\\/#\\\/schema\\\/person\\\/cd48425bd7edd36fa5917c88fbe1cec5\",\"name\":\"Emanuellig admin2\",\"image\":{\"@type\":\"ImageObject\",\"inLanguage\":\"pt-BR\",\"@id\":\"https:\\\/\\\/soldadoadrianojose.com.br\\\/wp-content\\\/litespeed\\\/avatar\\\/235a59a115f40132a17fc909e61bc31d.jpg?ver=1777697657\",\"url\":\"https:\\\/\\\/soldadoadrianojose.com.br\\\/wp-content\\\/litespeed\\\/avatar\\\/235a59a115f40132a17fc909e61bc31d.jpg?ver=1777697657\",\"contentUrl\":\"https:\\\/\\\/soldadoadrianojose.com.br\\\/wp-content\\\/litespeed\\\/avatar\\\/235a59a115f40132a17fc909e61bc31d.jpg?ver=1777697657\",\"caption\":\"Emanuellig admin2\"},\"url\":\"https:\\\/\\\/soldadoadrianojose.com.br\\\/index.php\\\/author\\\/manu\\\/\"}]}<\/script>\n<!-- \/ Yoast SEO plugin. -->","yoast_head_json":{"title":"Nosso trabalho n\u00e3o para: Deputado Adriano Jos\u00e9 participa da Caminhada na Natureza em Sarandi - Deputado Adriano Jos\u00e9","robots":{"index":"index","follow":"follow","max-snippet":"max-snippet:-1","max-image-preview":"max-image-preview:large","max-video-preview":"max-video-preview:-1"},"canonical":"https:\/\/soldadoadrianojose.com.br\/index.php\/2025\/09\/14\/nosso-trabalho-nao-para-deputado-adriano-jose-participa-da-caminhada-na-natureza-em-sarandi\/","og_locale":"pt_BR","og_type":"article","og_title":"Nosso trabalho n\u00e3o para: Deputado Adriano Jos\u00e9 participa da Caminhada na Natureza em Sarandi - Deputado Adriano Jos\u00e9","og_description":"O domingo em Sarand\u00ed come\u00e7ou com muita energia e contato com a natureza. Logo \u00e0s 7h da manh\u00e3, o deputado estadual Adriano Jos\u00e9 participou da tradicional Caminhada na Natureza, evento organizado pela Prefeitura Municipal de Sarand\u00ed, sob a lideran\u00e7a do prefeito Carlos de Paula e da secret\u00e1ria de Desenvolvimento Econ\u00f4mico, Jana\u00edna Cl\u00e1udia Santoro de Paula. [&hellip;]","og_url":"https:\/\/soldadoadrianojose.com.br\/index.php\/2025\/09\/14\/nosso-trabalho-nao-para-deputado-adriano-jose-participa-da-caminhada-na-natureza-em-sarandi\/","og_site_name":"Deputado Adriano Jos\u00e9","article_published_time":"2025-09-14T14:41:59+00:00","og_image":[{"width":1600,"height":1200,"url":"https:\/\/soldadoadrianojose.com.br\/wp-content\/uploads\/2025\/09\/WhatsApp-Image-2025-09-14-at-10.23.10.jpeg","type":"image\/jpeg"}],"author":"Emanuellig admin2","twitter_card":"summary_large_image","twitter_misc":{"Escrito por":"Emanuellig admin2","Est. tempo de leitura":"3 minutos"},"schema":{"@context":"https:\/\/schema.org","@graph":[{"@type":"Article","@id":"https:\/\/soldadoadrianojose.com.br\/index.php\/2025\/09\/14\/nosso-trabalho-nao-para-deputado-adriano-jose-participa-da-caminhada-na-natureza-em-sarandi\/#article","isPartOf":{"@id":"https:\/\/soldadoadrianojose.com.br\/index.php\/2025\/09\/14\/nosso-trabalho-nao-para-deputado-adriano-jose-participa-da-caminhada-na-natureza-em-sarandi\/"},"author":{"name":"Emanuellig admin2","@id":"https:\/\/soldadoadrianojose.com.br\/#\/schema\/person\/cd48425bd7edd36fa5917c88fbe1cec5"},"headline":"Nosso trabalho n\u00e3o para: Deputado Adriano Jos\u00e9 participa da Caminhada na Natureza em Sarandi","datePublished":"2025-09-14T14:41:59+00:00","mainEntityOfPage":{"@id":"https:\/\/soldadoadrianojose.com.br\/index.php\/2025\/09\/14\/nosso-trabalho-nao-para-deputado-adriano-jose-participa-da-caminhada-na-natureza-em-sarandi\/"},"wordCount":227,"commentCount":0,"publisher":{"@id":"https:\/\/soldadoadrianojose.com.br\/#\/schema\/person\/16f8e8defb7a4bd6c6082efcd1bdb6bb"},"image":{"@id":"https:\/\/soldadoadrianojose.com.br\/index.php\/2025\/09\/14\/nosso-trabalho-nao-para-deputado-adriano-jose-participa-da-caminhada-na-natureza-em-sarandi\/#primaryimage"},"thumbnailUrl":"https:\/\/soldadoadrianojose.com.br\/wp-content\/uploads\/2025\/09\/WhatsApp-Image-2025-09-14-at-10.23.10.jpeg","articleSection":["SARANDI"],"inLanguage":"pt-BR","potentialAction":[{"@type":"CommentAction","name":"Comment","target":["https:\/\/soldadoadrianojose.com.br\/index.php\/2025\/09\/14\/nosso-trabalho-nao-para-deputado-adriano-jose-participa-da-caminhada-na-natureza-em-sarandi\/#respond"]}]},{"@type":"WebPage","@id":"https:\/\/soldadoadrianojose.com.br\/index.php\/2025\/09\/14\/nosso-trabalho-nao-para-deputado-adriano-jose-participa-da-caminhada-na-natureza-em-sarandi\/","url":"https:\/\/soldadoadrianojose.com.br\/index.php\/2025\/09\/14\/nosso-trabalho-nao-para-deputado-adriano-jose-participa-da-caminhada-na-natureza-em-sarandi\/","name":"Nosso trabalho n\u00e3o para: Deputado Adriano Jos\u00e9 participa da Caminhada na Natureza em Sarandi - Deputado Adriano Jos\u00e9","isPartOf":{"@id":"https:\/\/soldadoadrianojose.com.br\/#website"},"primaryImageOfPage":{"@id":"https:\/\/soldadoadrianojose.com.br\/index.php\/2025\/09\/14\/nosso-trabalho-nao-para-deputado-adriano-jose-participa-da-caminhada-na-natureza-em-sarandi\/#primaryimage"},"image":{"@id":"https:\/\/soldadoadrianojose.com.br\/index.php\/2025\/09\/14\/nosso-trabalho-nao-para-deputado-adriano-jose-participa-da-caminhada-na-natureza-em-sarandi\/#primaryimage"},"thumbnailUrl":"https:\/\/soldadoadrianojose.com.br\/wp-content\/uploads\/2025\/09\/WhatsApp-Image-2025-09-14-at-10.23.10.jpeg","datePublished":"2025-09-14T14:41:59+00:00","breadcrumb":{"@id":"https:\/\/soldadoadrianojose.com.br\/index.php\/2025\/09\/14\/nosso-trabalho-nao-para-deputado-adriano-jose-participa-da-caminhada-na-natureza-em-sarandi\/#breadcrumb"},"inLanguage":"pt-BR","potentialAction":[{"@type":"ReadAction","target":["https:\/\/soldadoadrianojose.com.br\/index.php\/2025\/09\/14\/nosso-trabalho-nao-para-deputado-adriano-jose-participa-da-caminhada-na-natureza-em-sarandi\/"]}]},{"@type":"ImageObject","inLanguage":"pt-BR","@id":"https:\/\/soldadoadrianojose.com.br\/index.php\/2025\/09\/14\/nosso-trabalho-nao-para-deputado-adriano-jose-participa-da-caminhada-na-natureza-em-sarandi\/#primaryimage","url":"https:\/\/soldadoadrianojose.com.br\/wp-content\/uploads\/2025\/09\/WhatsApp-Image-2025-09-14-at-10.23.10.jpeg","contentUrl":"https:\/\/soldadoadrianojose.com.br\/wp-content\/uploads\/2025\/09\/WhatsApp-Image-2025-09-14-at-10.23.10.jpeg","width":1600,"height":1200},{"@type":"BreadcrumbList","@id":"https:\/\/soldadoadrianojose.com.br\/index.php\/2025\/09\/14\/nosso-trabalho-nao-para-deputado-adriano-jose-participa-da-caminhada-na-natureza-em-sarandi\/#breadcrumb","itemListElement":[{"@type":"ListItem","position":1,"name":"In\u00edcio","item":"https:\/\/soldadoadrianojose.com.br\/"},{"@type":"ListItem","position":2,"name":"Nosso trabalho n\u00e3o para: Deputado Adriano Jos\u00e9 participa da Caminhada na Natureza em Sarandi"}]},{"@type":"WebSite","@id":"https:\/\/soldadoadrianojose.com.br\/#website","url":"https:\/\/soldadoadrianojose.com.br\/","name":"Deputado Adriano Jos\u00e9","description":"Nosso trabalho \u00e9 pelas pessoas","publisher":{"@id":"https:\/\/soldadoadrianojose.com.br\/#\/schema\/person\/16f8e8defb7a4bd6c6082efcd1bdb6bb"},"potentialAction":[{"@type":"SearchAction","target":{"@type":"EntryPoint","urlTemplate":"https:\/\/soldadoadrianojose.com.br\/?s={search_term_string}"},"query-input":{"@type":"PropertyValueSpecification","valueRequired":true,"valueName":"search_term_string"}}],"inLanguage":"pt-BR"},{"@type":["Person","Organization"],"@id":"https:\/\/soldadoadrianojose.com.br\/#\/schema\/person\/16f8e8defb7a4bd6c6082efcd1bdb6bb","name":"soldadoadrianojose","image":{"@type":"ImageObject","inLanguage":"pt-BR","@id":"https:\/\/soldadoadrianojose.com.br\/wp-content\/uploads\/2023\/02\/LOGO_CLEAR-5.png","url":"https:\/\/soldadoadrianojose.com.br\/wp-content\/uploads\/2023\/02\/LOGO_CLEAR-5.png","contentUrl":"https:\/\/soldadoadrianojose.com.br\/wp-content\/uploads\/2023\/02\/LOGO_CLEAR-5.png","width":3508,"height":998,"caption":"soldadoadrianojose"},"logo":{"@id":"https:\/\/soldadoadrianojose.com.br\/wp-content\/uploads\/2023\/02\/LOGO_CLEAR-5.png"},"sameAs":["https:\/\/soldadoadrianojose.com.br"]},{"@type":"Person","@id":"https:\/\/soldadoadrianojose.com.br\/#\/schema\/person\/cd48425bd7edd36fa5917c88fbe1cec5","name":"Emanuellig admin2","image":{"@type":"ImageObject","inLanguage":"pt-BR","@id":"https:\/\/soldadoadrianojose.com.br\/wp-content\/litespeed\/avatar\/235a59a115f40132a17fc909e61bc31d.jpg?ver=1777697657","url":"https:\/\/soldadoadrianojose.com.br\/wp-content\/litespeed\/avatar\/235a59a115f40132a17fc909e61bc31d.jpg?ver=1777697657","contentUrl":"https:\/\/soldadoadrianojose.com.br\/wp-content\/litespeed\/avatar\/235a59a115f40132a17fc909e61bc31d.jpg?ver=1777697657","caption":"Emanuellig admin2"},"url":"https:\/\/soldadoadrianojose.com.br\/index.php\/author\/manu\/"}]}},"jetpack_featured_media_url":"https:\/\/soldadoadrianojose.com.br\/wp-content\/uploads\/2025\/09\/WhatsApp-Image-2025-09-14-at-10.23.10.jpeg","_links":{"self":[{"href":"https:\/\/soldadoadrianojose.com.br\/index.php\/wp-json\/wp\/v2\/posts\/3326","targetHints":{"allow":["GET"]}}],"collection":[{"href":"https:\/\/soldadoadrianojose.com.br\/index.php\/wp-json\/wp\/v2\/posts"}],"about":[{"href":"https:\/\/soldadoadrianojose.com.br\/index.php\/wp-json\/wp\/v2\/types\/post"}],"author":[{"embeddable":true,"href":"https:\/\/soldadoadrianojose.com.br\/index.php\/wp-json\/wp\/v2\/users\/3"}],"replies":[{"embeddable":true,"href":"https:\/\/soldadoadrianojose.com.br\/index.php\/wp-json\/wp\/v2\/comments?post=3326"}],"version-history":[{"count":1,"href":"https:\/\/soldadoadrianojose.com.br\/index.php\/wp-json\/wp\/v2\/posts\/3326\/revisions"}],"predecessor-version":[{"id":3333,"href":"https:\/\/soldadoadrianojose.com.br\/index.php\/wp-json\/wp\/v2\/posts\/3326\/revisions\/3333"}],"wp:featuredmedia":[{"embeddable":true,"href":"https:\/\/soldadoadrianojose.com.br\/index.php\/wp-json\/wp\/v2\/media\/3327"}],"wp:attachment":[{"href":"https:\/\/soldadoadrianojose.com.br\/index.php\/wp-json\/wp\/v2\/media?parent=3326"}],"wp:term":[{"taxonomy":"category","embeddable":true,"href":"https:\/\/soldadoadrianojose.com.br\/index.php\/wp-json\/wp\/v2\/categories?post=3326"},{"taxonomy":"post_tag","embeddable":true,"href":"https:\/\/soldadoadrianojose.com.br\/index.php\/wp-json\/wp\/v2\/tags?post=3326"}],"curies":[{"name":"wp","href":"https:\/\/api.w.org\/{rel}","templated":true}]}}