{"id":3334,"date":"2025-09-16T10:24:21","date_gmt":"2025-09-16T13:24:21","guid":{"rendered":"https:\/\/soldadoadrianojose.com.br\/?p=3334"},"modified":"2025-09-16T10:24:22","modified_gmt":"2025-09-16T13:24:22","slug":"deputado-adriano-jose-conquista-agua-potavel-para-o-4o-pelotao-da-policia-ambiental-apos-22-anos-de-espera","status":"publish","type":"post","link":"https:\/\/soldadoadrianojose.com.br\/index.php\/2025\/09\/16\/deputado-adriano-jose-conquista-agua-potavel-para-o-4o-pelotao-da-policia-ambiental-apos-22-anos-de-espera\/","title":{"rendered":"Deputado Adriano Jos\u00e9 conquista \u00e1gua pot\u00e1vel para o 4\u00ba Pelot\u00e3o da Pol\u00edcia Ambiental ap\u00f3s 22 anos de espera"},"content":{"rendered":"\n<p>Depois de mais de duas d\u00e9cadas de espera, o 4\u00ba Pelot\u00e3o da 1\u00aa Companhia do Batalh\u00e3o de Pol\u00edcia Ambiental de Tijucas do Sul finalmente conquistou acesso ao encanamento e \u00e0 \u00e1gua tratada. A vit\u00f3ria foi anunciada pelo deputado estadual Adriano Jos\u00e9, que trabalhou em parceria com a Prefeitura de Tijucas do Sul e a Sanepar para tornar realidade uma demanda hist\u00f3rica da corpora\u00e7\u00e3o.<br><br>O deputado destacou que essa conquista \u00e9 um marco para a melhoria das condi\u00e7\u00f5es de trabalho dos policiais ambientais, que enfrentavam dificuldades estruturais no dia a dia. \u201c\u00c1gua pot\u00e1vel \u00e9 dignidade, sa\u00fade e qualidade de vida. \u00c9 inadmiss\u00edvel que homens e mulheres que se dedicam \u00e0 preserva\u00e7\u00e3o do meio ambiente tenham esperado tanto tempo por algo t\u00e3o b\u00e1sico. Hoje celebramos uma vit\u00f3ria coletiva\u201d, afirmou Adriano Jos\u00e9.<br><br>A realiza\u00e7\u00e3o s\u00f3 foi poss\u00edvel gra\u00e7as ao empenho do sargento Anderson Aparecido de Oliveira e ao apoio da capit\u00e3 Maria Cec\u00edlia Mar\u00e7al Neumman, que se uniram ao esfor\u00e7o pol\u00edtico para viabilizar a obra. O governador do Paran\u00e1, Ratinho J\u00fanior, tamb\u00e9m foi citado como um dos grandes apoiadores da iniciativa, garantindo o suporte necess\u00e1rio para a execu\u00e7\u00e3o do projeto.<br><br>Com essa conquista, o 4\u00ba Pelot\u00e3o passa a ter melhores condi\u00e7\u00f5es de trabalho e infraestrutura, fortalecendo o servi\u00e7o prestado \u00e0 comunidade e \u00e0 preserva\u00e7\u00e3o ambiental. Para o deputado Adriano Jos\u00e9, este \u00e9 apenas um dos muitos passos em dire\u00e7\u00e3o a um Paran\u00e1 mais justo, estruturado e preparado para cuidar tanto das pessoas quanto da natureza.<\/p>\n\n\n\n<p><\/p>\n","protected":false},"excerpt":{"rendered":"<p>Depois de mais de duas d\u00e9cadas de espera, o 4\u00ba Pelot\u00e3o da 1\u00aa Companhia do Batalh\u00e3o de Pol\u00edcia Ambiental de Tijucas do Sul finalmente conquistou acesso ao encanamento e \u00e0 \u00e1gua tratada. A vit\u00f3ria foi anunciada pelo deputado estadual Adriano Jos\u00e9, que trabalhou em parceria com a Prefeitura de Tijucas do Sul e a Sanepar [&hellip;]<\/p>\n","protected":false},"author":3,"featured_media":3336,"comment_status":"open","ping_status":"open","sticky":false,"template":"","format":"standard","meta":{"footnotes":""},"categories":[1],"tags":[],"class_list":["post-3334","post","type-post","status-publish","format-standard","has-post-thumbnail","hentry","category-gabinete-sd"],"yoast_head":"<!-- This site is optimized with the Yoast SEO plugin v27.4 - https:\/\/yoast.com\/product\/yoast-seo-wordpress\/ -->\n<title>Deputado Adriano Jos\u00e9 conquista \u00e1gua pot\u00e1vel para o 4\u00ba Pelot\u00e3o da Pol\u00edcia Ambiental ap\u00f3s 22 anos de espera - Deputado Adriano Jos\u00e9<\/title>\n<meta name=\"robots\" content=\"index, follow, max-snippet:-1, max-image-preview:large, max-video-preview:-1\" \/>\n<link rel=\"canonical\" href=\"https:\/\/soldadoadrianojose.com.br\/index.php\/2025\/09\/16\/deputado-adriano-jose-conquista-agua-potavel-para-o-4o-pelotao-da-policia-ambiental-apos-22-anos-de-espera\/\" \/>\n<meta property=\"og:locale\" content=\"pt_BR\" \/>\n<meta property=\"og:type\" content=\"article\" \/>\n<meta property=\"og:title\" content=\"Deputado Adriano Jos\u00e9 conquista \u00e1gua pot\u00e1vel para o 4\u00ba Pelot\u00e3o da Pol\u00edcia Ambiental ap\u00f3s 22 anos de espera - Deputado Adriano Jos\u00e9\" \/>\n<meta property=\"og:description\" content=\"Depois de mais de duas d\u00e9cadas de espera, o 4\u00ba Pelot\u00e3o da 1\u00aa Companhia do Batalh\u00e3o de Pol\u00edcia Ambiental de Tijucas do Sul finalmente conquistou acesso ao encanamento e \u00e0 \u00e1gua tratada. A vit\u00f3ria foi anunciada pelo deputado estadual Adriano Jos\u00e9, que trabalhou em parceria com a Prefeitura de Tijucas do Sul e a Sanepar [&hellip;]\" \/>\n<meta property=\"og:url\" content=\"https:\/\/soldadoadrianojose.com.br\/index.php\/2025\/09\/16\/deputado-adriano-jose-conquista-agua-potavel-para-o-4o-pelotao-da-policia-ambiental-apos-22-anos-de-espera\/\" \/>\n<meta property=\"og:site_name\" content=\"Deputado Adriano Jos\u00e9\" \/>\n<meta property=\"article:published_time\" content=\"2025-09-16T13:24:21+00:00\" \/>\n<meta property=\"article:modified_time\" content=\"2025-09-16T13:24:22+00:00\" \/>\n<meta property=\"og:image\" content=\"https:\/\/soldadoadrianojose.com.br\/wp-content\/uploads\/2025\/09\/WhatsApp-Image-2025-09-16-at-10.14.15.jpeg\" \/>\n\t<meta property=\"og:image:width\" content=\"1600\" \/>\n\t<meta property=\"og:image:height\" content=\"1200\" \/>\n\t<meta property=\"og:image:type\" content=\"image\/jpeg\" \/>\n<meta name=\"author\" content=\"Emanuellig admin2\" \/>\n<meta name=\"twitter:card\" content=\"summary_large_image\" \/>\n<meta name=\"twitter:label1\" content=\"Escrito por\" \/>\n\t<meta name=\"twitter:data1\" content=\"Emanuellig admin2\" \/>\n\t<meta name=\"twitter:label2\" content=\"Est. tempo de leitura\" \/>\n\t<meta name=\"twitter:data2\" content=\"2 minutos\" \/>\n<script type=\"application\/ld+json\" class=\"yoast-schema-graph\">{\"@context\":\"https:\\\/\\\/schema.org\",\"@graph\":[{\"@type\":\"Article\",\"@id\":\"https:\\\/\\\/soldadoadrianojose.com.br\\\/index.php\\\/2025\\\/09\\\/16\\\/deputado-adriano-jose-conquista-agua-potavel-para-o-4o-pelotao-da-policia-ambiental-apos-22-anos-de-espera\\\/#article\",\"isPartOf\":{\"@id\":\"https:\\\/\\\/soldadoadrianojose.com.br\\\/index.php\\\/2025\\\/09\\\/16\\\/deputado-adriano-jose-conquista-agua-potavel-para-o-4o-pelotao-da-policia-ambiental-apos-22-anos-de-espera\\\/\"},\"author\":{\"name\":\"Emanuellig admin2\",\"@id\":\"https:\\\/\\\/soldadoadrianojose.com.br\\\/#\\\/schema\\\/person\\\/cd48425bd7edd36fa5917c88fbe1cec5\"},\"headline\":\"Deputado Adriano Jos\u00e9 conquista \u00e1gua pot\u00e1vel para o 4\u00ba Pelot\u00e3o da Pol\u00edcia Ambiental ap\u00f3s 22 anos de espera\",\"datePublished\":\"2025-09-16T13:24:21+00:00\",\"dateModified\":\"2025-09-16T13:24:22+00:00\",\"mainEntityOfPage\":{\"@id\":\"https:\\\/\\\/soldadoadrianojose.com.br\\\/index.php\\\/2025\\\/09\\\/16\\\/deputado-adriano-jose-conquista-agua-potavel-para-o-4o-pelotao-da-policia-ambiental-apos-22-anos-de-espera\\\/\"},\"wordCount\":282,\"commentCount\":0,\"publisher\":{\"@id\":\"https:\\\/\\\/soldadoadrianojose.com.br\\\/#\\\/schema\\\/person\\\/16f8e8defb7a4bd6c6082efcd1bdb6bb\"},\"image\":{\"@id\":\"https:\\\/\\\/soldadoadrianojose.com.br\\\/index.php\\\/2025\\\/09\\\/16\\\/deputado-adriano-jose-conquista-agua-potavel-para-o-4o-pelotao-da-policia-ambiental-apos-22-anos-de-espera\\\/#primaryimage\"},\"thumbnailUrl\":\"https:\\\/\\\/soldadoadrianojose.com.br\\\/wp-content\\\/uploads\\\/2025\\\/09\\\/WhatsApp-Image-2025-09-16-at-10.14.15.jpeg\",\"articleSection\":[\"GABINETE SD\"],\"inLanguage\":\"pt-BR\",\"potentialAction\":[{\"@type\":\"CommentAction\",\"name\":\"Comment\",\"target\":[\"https:\\\/\\\/soldadoadrianojose.com.br\\\/index.php\\\/2025\\\/09\\\/16\\\/deputado-adriano-jose-conquista-agua-potavel-para-o-4o-pelotao-da-policia-ambiental-apos-22-anos-de-espera\\\/#respond\"]}]},{\"@type\":\"WebPage\",\"@id\":\"https:\\\/\\\/soldadoadrianojose.com.br\\\/index.php\\\/2025\\\/09\\\/16\\\/deputado-adriano-jose-conquista-agua-potavel-para-o-4o-pelotao-da-policia-ambiental-apos-22-anos-de-espera\\\/\",\"url\":\"https:\\\/\\\/soldadoadrianojose.com.br\\\/index.php\\\/2025\\\/09\\\/16\\\/deputado-adriano-jose-conquista-agua-potavel-para-o-4o-pelotao-da-policia-ambiental-apos-22-anos-de-espera\\\/\",\"name\":\"Deputado Adriano Jos\u00e9 conquista \u00e1gua pot\u00e1vel para o 4\u00ba Pelot\u00e3o da Pol\u00edcia Ambiental ap\u00f3s 22 anos de espera - Deputado Adriano Jos\u00e9\",\"isPartOf\":{\"@id\":\"https:\\\/\\\/soldadoadrianojose.com.br\\\/#website\"},\"primaryImageOfPage\":{\"@id\":\"https:\\\/\\\/soldadoadrianojose.com.br\\\/index.php\\\/2025\\\/09\\\/16\\\/deputado-adriano-jose-conquista-agua-potavel-para-o-4o-pelotao-da-policia-ambiental-apos-22-anos-de-espera\\\/#primaryimage\"},\"image\":{\"@id\":\"https:\\\/\\\/soldadoadrianojose.com.br\\\/index.php\\\/2025\\\/09\\\/16\\\/deputado-adriano-jose-conquista-agua-potavel-para-o-4o-pelotao-da-policia-ambiental-apos-22-anos-de-espera\\\/#primaryimage\"},\"thumbnailUrl\":\"https:\\\/\\\/soldadoadrianojose.com.br\\\/wp-content\\\/uploads\\\/2025\\\/09\\\/WhatsApp-Image-2025-09-16-at-10.14.15.jpeg\",\"datePublished\":\"2025-09-16T13:24:21+00:00\",\"dateModified\":\"2025-09-16T13:24:22+00:00\",\"breadcrumb\":{\"@id\":\"https:\\\/\\\/soldadoadrianojose.com.br\\\/index.php\\\/2025\\\/09\\\/16\\\/deputado-adriano-jose-conquista-agua-potavel-para-o-4o-pelotao-da-policia-ambiental-apos-22-anos-de-espera\\\/#breadcrumb\"},\"inLanguage\":\"pt-BR\",\"potentialAction\":[{\"@type\":\"ReadAction\",\"target\":[\"https:\\\/\\\/soldadoadrianojose.com.br\\\/index.php\\\/2025\\\/09\\\/16\\\/deputado-adriano-jose-conquista-agua-potavel-para-o-4o-pelotao-da-policia-ambiental-apos-22-anos-de-espera\\\/\"]}]},{\"@type\":\"ImageObject\",\"inLanguage\":\"pt-BR\",\"@id\":\"https:\\\/\\\/soldadoadrianojose.com.br\\\/index.php\\\/2025\\\/09\\\/16\\\/deputado-adriano-jose-conquista-agua-potavel-para-o-4o-pelotao-da-policia-ambiental-apos-22-anos-de-espera\\\/#primaryimage\",\"url\":\"https:\\\/\\\/soldadoadrianojose.com.br\\\/wp-content\\\/uploads\\\/2025\\\/09\\\/WhatsApp-Image-2025-09-16-at-10.14.15.jpeg\",\"contentUrl\":\"https:\\\/\\\/soldadoadrianojose.com.br\\\/wp-content\\\/uploads\\\/2025\\\/09\\\/WhatsApp-Image-2025-09-16-at-10.14.15.jpeg\",\"width\":1600,\"height\":1200},{\"@type\":\"BreadcrumbList\",\"@id\":\"https:\\\/\\\/soldadoadrianojose.com.br\\\/index.php\\\/2025\\\/09\\\/16\\\/deputado-adriano-jose-conquista-agua-potavel-para-o-4o-pelotao-da-policia-ambiental-apos-22-anos-de-espera\\\/#breadcrumb\",\"itemListElement\":[{\"@type\":\"ListItem\",\"position\":1,\"name\":\"In\u00edcio\",\"item\":\"https:\\\/\\\/soldadoadrianojose.com.br\\\/\"},{\"@type\":\"ListItem\",\"position\":2,\"name\":\"Deputado Adriano Jos\u00e9 conquista \u00e1gua pot\u00e1vel para o 4\u00ba Pelot\u00e3o da Pol\u00edcia Ambiental ap\u00f3s 22 anos de espera\"}]},{\"@type\":\"WebSite\",\"@id\":\"https:\\\/\\\/soldadoadrianojose.com.br\\\/#website\",\"url\":\"https:\\\/\\\/soldadoadrianojose.com.br\\\/\",\"name\":\"Deputado Adriano Jos\u00e9\",\"description\":\"Nosso trabalho \u00e9 pelas pessoas\",\"publisher\":{\"@id\":\"https:\\\/\\\/soldadoadrianojose.com.br\\\/#\\\/schema\\\/person\\\/16f8e8defb7a4bd6c6082efcd1bdb6bb\"},\"potentialAction\":[{\"@type\":\"SearchAction\",\"target\":{\"@type\":\"EntryPoint\",\"urlTemplate\":\"https:\\\/\\\/soldadoadrianojose.com.br\\\/?s={search_term_string}\"},\"query-input\":{\"@type\":\"PropertyValueSpecification\",\"valueRequired\":true,\"valueName\":\"search_term_string\"}}],\"inLanguage\":\"pt-BR\"},{\"@type\":[\"Person\",\"Organization\"],\"@id\":\"https:\\\/\\\/soldadoadrianojose.com.br\\\/#\\\/schema\\\/person\\\/16f8e8defb7a4bd6c6082efcd1bdb6bb\",\"name\":\"soldadoadrianojose\",\"image\":{\"@type\":\"ImageObject\",\"inLanguage\":\"pt-BR\",\"@id\":\"https:\\\/\\\/soldadoadrianojose.com.br\\\/wp-content\\\/uploads\\\/2023\\\/02\\\/LOGO_CLEAR-5.png\",\"url\":\"https:\\\/\\\/soldadoadrianojose.com.br\\\/wp-content\\\/uploads\\\/2023\\\/02\\\/LOGO_CLEAR-5.png\",\"contentUrl\":\"https:\\\/\\\/soldadoadrianojose.com.br\\\/wp-content\\\/uploads\\\/2023\\\/02\\\/LOGO_CLEAR-5.png\",\"width\":3508,\"height\":998,\"caption\":\"soldadoadrianojose\"},\"logo\":{\"@id\":\"https:\\\/\\\/soldadoadrianojose.com.br\\\/wp-content\\\/uploads\\\/2023\\\/02\\\/LOGO_CLEAR-5.png\"},\"sameAs\":[\"https:\\\/\\\/soldadoadrianojose.com.br\"]},{\"@type\":\"Person\",\"@id\":\"https:\\\/\\\/soldadoadrianojose.com.br\\\/#\\\/schema\\\/person\\\/cd48425bd7edd36fa5917c88fbe1cec5\",\"name\":\"Emanuellig admin2\",\"image\":{\"@type\":\"ImageObject\",\"inLanguage\":\"pt-BR\",\"@id\":\"https:\\\/\\\/soldadoadrianojose.com.br\\\/wp-content\\\/litespeed\\\/avatar\\\/235a59a115f40132a17fc909e61bc31d.jpg?ver=1777092356\",\"url\":\"https:\\\/\\\/soldadoadrianojose.com.br\\\/wp-content\\\/litespeed\\\/avatar\\\/235a59a115f40132a17fc909e61bc31d.jpg?ver=1777092356\",\"contentUrl\":\"https:\\\/\\\/soldadoadrianojose.com.br\\\/wp-content\\\/litespeed\\\/avatar\\\/235a59a115f40132a17fc909e61bc31d.jpg?ver=1777092356\",\"caption\":\"Emanuellig admin2\"},\"url\":\"https:\\\/\\\/soldadoadrianojose.com.br\\\/index.php\\\/author\\\/manu\\\/\"}]}<\/script>\n<!-- \/ Yoast SEO plugin. -->","yoast_head_json":{"title":"Deputado Adriano Jos\u00e9 conquista \u00e1gua pot\u00e1vel para o 4\u00ba Pelot\u00e3o da Pol\u00edcia Ambiental ap\u00f3s 22 anos de espera - Deputado Adriano Jos\u00e9","robots":{"index":"index","follow":"follow","max-snippet":"max-snippet:-1","max-image-preview":"max-image-preview:large","max-video-preview":"max-video-preview:-1"},"canonical":"https:\/\/soldadoadrianojose.com.br\/index.php\/2025\/09\/16\/deputado-adriano-jose-conquista-agua-potavel-para-o-4o-pelotao-da-policia-ambiental-apos-22-anos-de-espera\/","og_locale":"pt_BR","og_type":"article","og_title":"Deputado Adriano Jos\u00e9 conquista \u00e1gua pot\u00e1vel para o 4\u00ba Pelot\u00e3o da Pol\u00edcia Ambiental ap\u00f3s 22 anos de espera - Deputado Adriano Jos\u00e9","og_description":"Depois de mais de duas d\u00e9cadas de espera, o 4\u00ba Pelot\u00e3o da 1\u00aa Companhia do Batalh\u00e3o de Pol\u00edcia Ambiental de Tijucas do Sul finalmente conquistou acesso ao encanamento e \u00e0 \u00e1gua tratada. A vit\u00f3ria foi anunciada pelo deputado estadual Adriano Jos\u00e9, que trabalhou em parceria com a Prefeitura de Tijucas do Sul e a Sanepar [&hellip;]","og_url":"https:\/\/soldadoadrianojose.com.br\/index.php\/2025\/09\/16\/deputado-adriano-jose-conquista-agua-potavel-para-o-4o-pelotao-da-policia-ambiental-apos-22-anos-de-espera\/","og_site_name":"Deputado Adriano Jos\u00e9","article_published_time":"2025-09-16T13:24:21+00:00","article_modified_time":"2025-09-16T13:24:22+00:00","og_image":[{"width":1600,"height":1200,"url":"https:\/\/soldadoadrianojose.com.br\/wp-content\/uploads\/2025\/09\/WhatsApp-Image-2025-09-16-at-10.14.15.jpeg","type":"image\/jpeg"}],"author":"Emanuellig admin2","twitter_card":"summary_large_image","twitter_misc":{"Escrito por":"Emanuellig admin2","Est. tempo de leitura":"2 minutos"},"schema":{"@context":"https:\/\/schema.org","@graph":[{"@type":"Article","@id":"https:\/\/soldadoadrianojose.com.br\/index.php\/2025\/09\/16\/deputado-adriano-jose-conquista-agua-potavel-para-o-4o-pelotao-da-policia-ambiental-apos-22-anos-de-espera\/#article","isPartOf":{"@id":"https:\/\/soldadoadrianojose.com.br\/index.php\/2025\/09\/16\/deputado-adriano-jose-conquista-agua-potavel-para-o-4o-pelotao-da-policia-ambiental-apos-22-anos-de-espera\/"},"author":{"name":"Emanuellig admin2","@id":"https:\/\/soldadoadrianojose.com.br\/#\/schema\/person\/cd48425bd7edd36fa5917c88fbe1cec5"},"headline":"Deputado Adriano Jos\u00e9 conquista \u00e1gua pot\u00e1vel para o 4\u00ba Pelot\u00e3o da Pol\u00edcia Ambiental ap\u00f3s 22 anos de espera","datePublished":"2025-09-16T13:24:21+00:00","dateModified":"2025-09-16T13:24:22+00:00","mainEntityOfPage":{"@id":"https:\/\/soldadoadrianojose.com.br\/index.php\/2025\/09\/16\/deputado-adriano-jose-conquista-agua-potavel-para-o-4o-pelotao-da-policia-ambiental-apos-22-anos-de-espera\/"},"wordCount":282,"commentCount":0,"publisher":{"@id":"https:\/\/soldadoadrianojose.com.br\/#\/schema\/person\/16f8e8defb7a4bd6c6082efcd1bdb6bb"},"image":{"@id":"https:\/\/soldadoadrianojose.com.br\/index.php\/2025\/09\/16\/deputado-adriano-jose-conquista-agua-potavel-para-o-4o-pelotao-da-policia-ambiental-apos-22-anos-de-espera\/#primaryimage"},"thumbnailUrl":"https:\/\/soldadoadrianojose.com.br\/wp-content\/uploads\/2025\/09\/WhatsApp-Image-2025-09-16-at-10.14.15.jpeg","articleSection":["GABINETE SD"],"inLanguage":"pt-BR","potentialAction":[{"@type":"CommentAction","name":"Comment","target":["https:\/\/soldadoadrianojose.com.br\/index.php\/2025\/09\/16\/deputado-adriano-jose-conquista-agua-potavel-para-o-4o-pelotao-da-policia-ambiental-apos-22-anos-de-espera\/#respond"]}]},{"@type":"WebPage","@id":"https:\/\/soldadoadrianojose.com.br\/index.php\/2025\/09\/16\/deputado-adriano-jose-conquista-agua-potavel-para-o-4o-pelotao-da-policia-ambiental-apos-22-anos-de-espera\/","url":"https:\/\/soldadoadrianojose.com.br\/index.php\/2025\/09\/16\/deputado-adriano-jose-conquista-agua-potavel-para-o-4o-pelotao-da-policia-ambiental-apos-22-anos-de-espera\/","name":"Deputado Adriano Jos\u00e9 conquista \u00e1gua pot\u00e1vel para o 4\u00ba Pelot\u00e3o da Pol\u00edcia Ambiental ap\u00f3s 22 anos de espera - Deputado Adriano Jos\u00e9","isPartOf":{"@id":"https:\/\/soldadoadrianojose.com.br\/#website"},"primaryImageOfPage":{"@id":"https:\/\/soldadoadrianojose.com.br\/index.php\/2025\/09\/16\/deputado-adriano-jose-conquista-agua-potavel-para-o-4o-pelotao-da-policia-ambiental-apos-22-anos-de-espera\/#primaryimage"},"image":{"@id":"https:\/\/soldadoadrianojose.com.br\/index.php\/2025\/09\/16\/deputado-adriano-jose-conquista-agua-potavel-para-o-4o-pelotao-da-policia-ambiental-apos-22-anos-de-espera\/#primaryimage"},"thumbnailUrl":"https:\/\/soldadoadrianojose.com.br\/wp-content\/uploads\/2025\/09\/WhatsApp-Image-2025-09-16-at-10.14.15.jpeg","datePublished":"2025-09-16T13:24:21+00:00","dateModified":"2025-09-16T13:24:22+00:00","breadcrumb":{"@id":"https:\/\/soldadoadrianojose.com.br\/index.php\/2025\/09\/16\/deputado-adriano-jose-conquista-agua-potavel-para-o-4o-pelotao-da-policia-ambiental-apos-22-anos-de-espera\/#breadcrumb"},"inLanguage":"pt-BR","potentialAction":[{"@type":"ReadAction","target":["https:\/\/soldadoadrianojose.com.br\/index.php\/2025\/09\/16\/deputado-adriano-jose-conquista-agua-potavel-para-o-4o-pelotao-da-policia-ambiental-apos-22-anos-de-espera\/"]}]},{"@type":"ImageObject","inLanguage":"pt-BR","@id":"https:\/\/soldadoadrianojose.com.br\/index.php\/2025\/09\/16\/deputado-adriano-jose-conquista-agua-potavel-para-o-4o-pelotao-da-policia-ambiental-apos-22-anos-de-espera\/#primaryimage","url":"https:\/\/soldadoadrianojose.com.br\/wp-content\/uploads\/2025\/09\/WhatsApp-Image-2025-09-16-at-10.14.15.jpeg","contentUrl":"https:\/\/soldadoadrianojose.com.br\/wp-content\/uploads\/2025\/09\/WhatsApp-Image-2025-09-16-at-10.14.15.jpeg","width":1600,"height":1200},{"@type":"BreadcrumbList","@id":"https:\/\/soldadoadrianojose.com.br\/index.php\/2025\/09\/16\/deputado-adriano-jose-conquista-agua-potavel-para-o-4o-pelotao-da-policia-ambiental-apos-22-anos-de-espera\/#breadcrumb","itemListElement":[{"@type":"ListItem","position":1,"name":"In\u00edcio","item":"https:\/\/soldadoadrianojose.com.br\/"},{"@type":"ListItem","position":2,"name":"Deputado Adriano Jos\u00e9 conquista \u00e1gua pot\u00e1vel para o 4\u00ba Pelot\u00e3o da Pol\u00edcia Ambiental ap\u00f3s 22 anos de espera"}]},{"@type":"WebSite","@id":"https:\/\/soldadoadrianojose.com.br\/#website","url":"https:\/\/soldadoadrianojose.com.br\/","name":"Deputado Adriano Jos\u00e9","description":"Nosso trabalho \u00e9 pelas pessoas","publisher":{"@id":"https:\/\/soldadoadrianojose.com.br\/#\/schema\/person\/16f8e8defb7a4bd6c6082efcd1bdb6bb"},"potentialAction":[{"@type":"SearchAction","target":{"@type":"EntryPoint","urlTemplate":"https:\/\/soldadoadrianojose.com.br\/?s={search_term_string}"},"query-input":{"@type":"PropertyValueSpecification","valueRequired":true,"valueName":"search_term_string"}}],"inLanguage":"pt-BR"},{"@type":["Person","Organization"],"@id":"https:\/\/soldadoadrianojose.com.br\/#\/schema\/person\/16f8e8defb7a4bd6c6082efcd1bdb6bb","name":"soldadoadrianojose","image":{"@type":"ImageObject","inLanguage":"pt-BR","@id":"https:\/\/soldadoadrianojose.com.br\/wp-content\/uploads\/2023\/02\/LOGO_CLEAR-5.png","url":"https:\/\/soldadoadrianojose.com.br\/wp-content\/uploads\/2023\/02\/LOGO_CLEAR-5.png","contentUrl":"https:\/\/soldadoadrianojose.com.br\/wp-content\/uploads\/2023\/02\/LOGO_CLEAR-5.png","width":3508,"height":998,"caption":"soldadoadrianojose"},"logo":{"@id":"https:\/\/soldadoadrianojose.com.br\/wp-content\/uploads\/2023\/02\/LOGO_CLEAR-5.png"},"sameAs":["https:\/\/soldadoadrianojose.com.br"]},{"@type":"Person","@id":"https:\/\/soldadoadrianojose.com.br\/#\/schema\/person\/cd48425bd7edd36fa5917c88fbe1cec5","name":"Emanuellig admin2","image":{"@type":"ImageObject","inLanguage":"pt-BR","@id":"https:\/\/soldadoadrianojose.com.br\/wp-content\/litespeed\/avatar\/235a59a115f40132a17fc909e61bc31d.jpg?ver=1777092356","url":"https:\/\/soldadoadrianojose.com.br\/wp-content\/litespeed\/avatar\/235a59a115f40132a17fc909e61bc31d.jpg?ver=1777092356","contentUrl":"https:\/\/soldadoadrianojose.com.br\/wp-content\/litespeed\/avatar\/235a59a115f40132a17fc909e61bc31d.jpg?ver=1777092356","caption":"Emanuellig admin2"},"url":"https:\/\/soldadoadrianojose.com.br\/index.php\/author\/manu\/"}]}},"jetpack_featured_media_url":"https:\/\/soldadoadrianojose.com.br\/wp-content\/uploads\/2025\/09\/WhatsApp-Image-2025-09-16-at-10.14.15.jpeg","_links":{"self":[{"href":"https:\/\/soldadoadrianojose.com.br\/index.php\/wp-json\/wp\/v2\/posts\/3334","targetHints":{"allow":["GET"]}}],"collection":[{"href":"https:\/\/soldadoadrianojose.com.br\/index.php\/wp-json\/wp\/v2\/posts"}],"about":[{"href":"https:\/\/soldadoadrianojose.com.br\/index.php\/wp-json\/wp\/v2\/types\/post"}],"author":[{"embeddable":true,"href":"https:\/\/soldadoadrianojose.com.br\/index.php\/wp-json\/wp\/v2\/users\/3"}],"replies":[{"embeddable":true,"href":"https:\/\/soldadoadrianojose.com.br\/index.php\/wp-json\/wp\/v2\/comments?post=3334"}],"version-history":[{"count":1,"href":"https:\/\/soldadoadrianojose.com.br\/index.php\/wp-json\/wp\/v2\/posts\/3334\/revisions"}],"predecessor-version":[{"id":3337,"href":"https:\/\/soldadoadrianojose.com.br\/index.php\/wp-json\/wp\/v2\/posts\/3334\/revisions\/3337"}],"wp:featuredmedia":[{"embeddable":true,"href":"https:\/\/soldadoadrianojose.com.br\/index.php\/wp-json\/wp\/v2\/media\/3336"}],"wp:attachment":[{"href":"https:\/\/soldadoadrianojose.com.br\/index.php\/wp-json\/wp\/v2\/media?parent=3334"}],"wp:term":[{"taxonomy":"category","embeddable":true,"href":"https:\/\/soldadoadrianojose.com.br\/index.php\/wp-json\/wp\/v2\/categories?post=3334"},{"taxonomy":"post_tag","embeddable":true,"href":"https:\/\/soldadoadrianojose.com.br\/index.php\/wp-json\/wp\/v2\/tags?post=3334"}],"curies":[{"name":"wp","href":"https:\/\/api.w.org\/{rel}","templated":true}]}}