{"id":3357,"date":"2025-09-17T10:58:06","date_gmt":"2025-09-17T13:58:06","guid":{"rendered":"https:\/\/soldadoadrianojose.com.br\/?p=3357"},"modified":"2025-09-17T11:05:19","modified_gmt":"2025-09-17T14:05:19","slug":"deputado-adriano-jose-e-regina-da-ong-decida-viver-se-encontram-em-um-cafe-especial-no-programa-conexao-para-falar-sobre-prevencao-ao-suicidio","status":"publish","type":"post","link":"https:\/\/soldadoadrianojose.com.br\/index.php\/2025\/09\/17\/deputado-adriano-jose-e-regina-da-ong-decida-viver-se-encontram-em-um-cafe-especial-no-programa-conexao-para-falar-sobre-prevencao-ao-suicidio\/","title":{"rendered":"Deputado Adriano Jos\u00e9 e Regina, da ONG Decida Viver, se encontram em um caf\u00e9 especial no programa Conex\u00e3o para falar sobre preven\u00e7\u00e3o ao suic\u00eddio"},"content":{"rendered":"\n<p><br>O m\u00eas de setembro \u00e9 marcado pela campanha Setembro Amarelo, dedicada \u00e0 conscientiza\u00e7\u00e3o sobre a preven\u00e7\u00e3o ao suic\u00eddio. Embora a data tenha se consolidado como s\u00edmbolo de mobiliza\u00e7\u00e3o nacional, especialistas e lideran\u00e7as sociais refor\u00e7am que o debate deve ultrapassar os 30 dias do m\u00eas e se tornar uma pauta cont\u00ednua. O suic\u00eddio, ainda envolto em tabus e sil\u00eancios culturais, cresce como um grave problema de sa\u00fade p\u00fablica, exigindo da sociedade, das fam\u00edlias e do poder p\u00fablico a\u00e7\u00f5es permanentes de preven\u00e7\u00e3o, acolhimento e p\u00f3s-ven\u00e7\u00e3o.<\/p>\n\n\n\n<p>Em Maring\u00e1, a ONG Decida Viver tem se destacado nesse trabalho. Fundada a partir de uma dor pessoal \u2014 a perda de um filho por suic\u00eddio \u2014, a entidade atua h\u00e1 sete anos com o objetivo de oferecer apoio e direcionamento \u00e0s pessoas em sofrimento ps\u00edquico e tamb\u00e9m \u00e0s fam\u00edlias que enfrentam o luto. \u201cN\u00f3s n\u00e3o tratamos ningu\u00e9m, n\u00e3o curamos ningu\u00e9m. Nosso papel \u00e9 ajudar as pessoas a decidirem pela vida, conduzindo-as ao tratamento necess\u00e1rio\u201d, explicou Regina de Paula, presidente da ONG, durante o bate-papo. A organiza\u00e7\u00e3o tamb\u00e9m integra o Comit\u00ea de Preven\u00e7\u00e3o ao Suic\u00eddio da Secretaria Municipal de Sa\u00fade, colaborando na formula\u00e7\u00e3o de pol\u00edticas p\u00fablicas.<\/p>\n\n\n\n<p>Al\u00e9m da preven\u00e7\u00e3o, a p\u00f3s-ven\u00e7\u00e3o \u00e9 um pilar essencial do trabalho da ONG. Trata-se do acompanhamento de fam\u00edlias que perderam entes queridos para o suic\u00eddio, oferecendo acolhimento sem julgamentos e criando espa\u00e7os de escuta. Estudos mostram que cada morte por suic\u00eddio impacta diretamente pelo menos 135 pessoas ao redor da v\u00edtima, ampliando os efeitos do trauma e demandando pol\u00edticas p\u00fablicas espec\u00edficas para atender essas fam\u00edlias. Para muitas delas, o suporte cont\u00ednuo \u00e9 indispens\u00e1vel para enfrentar uma dor que pode marcar toda a vida.<\/p>\n\n\n\n<p>Regina ressalta que a imprensa tem papel decisivo nesse processo, levando informa\u00e7\u00f5es respons\u00e1veis e orienta\u00e7\u00f5es sobre onde buscar ajuda. Em Maring\u00e1, as pessoas podem procurar apoio por meio das redes sociais da ONG Decida Viver (@ongdecidaviver) ou pelo telefone (44) 99826-6632. A mensagem que fica \u00e9 clara: falar sobre suic\u00eddio n\u00e3o incentiva o ato, mas abre caminhos para o acolhimento, a preven\u00e7\u00e3o e a valoriza\u00e7\u00e3o da vida. O Setembro Amarelo precisa ser lembrado de setembro a setembro, como um compromisso coletivo em defesa da vida.<\/p>\n\n\n\n<p>Assista ao bate-papo completo:<\/p>\n\n\n\n<figure class=\"wp-block-embed is-type-video is-provider-youtube wp-block-embed-youtube wp-embed-aspect-16-9 wp-has-aspect-ratio\"><div class=\"wp-block-embed__wrapper\">\n<div  id=\"_ytid_41551\"  width=\"800\" height=\"450\"  data-origwidth=\"800\" data-origheight=\"450\" data-facadesrc=\"https:\/\/www.youtube.com\/embed\/pM9-QIBRrxA?enablejsapi=1&#038;autoplay=0&#038;cc_load_policy=0&#038;cc_lang_pref=&#038;iv_load_policy=1&#038;loop=0&#038;rel=1&#038;fs=1&#038;playsinline=0&#038;autohide=2&#038;theme=dark&#038;color=red&#038;controls=1&#038;disablekb=0&#038;\" class=\"__youtube_prefs__ epyt-facade epyt-is-override  no-lazyload\" data-epautoplay=\"1\" ><img decoding=\"async\" data-spai-excluded=\"true\" class=\"epyt-facade-poster skip-lazy\" loading=\"lazy\"  alt=\"YouTube player\"  src=\"https:\/\/i.ytimg.com\/vi\/pM9-QIBRrxA\/maxresdefault.jpg\"  \/><button class=\"epyt-facade-play\" aria-label=\"Play\"><svg data-no-lazy=\"1\" height=\"100%\" version=\"1.1\" viewBox=\"0 0 68 48\" width=\"100%\"><path class=\"ytp-large-play-button-bg\" d=\"M66.52,7.74c-0.78-2.93-2.49-5.41-5.42-6.19C55.79,.13,34,0,34,0S12.21,.13,6.9,1.55 C3.97,2.33,2.27,4.81,1.48,7.74C0.06,13.05,0,24,0,24s0.06,10.95,1.48,16.26c0.78,2.93,2.49,5.41,5.42,6.19 C12.21,47.87,34,48,34,48s21.79-0.13,27.1-1.55c2.93-0.78,4.64-3.26,5.42-6.19C67.94,34.95,68,24,68,24S67.94,13.05,66.52,7.74z\" fill=\"#f00\"><\/path><path d=\"M 45,24 27,14 27,34\" fill=\"#fff\"><\/path><\/svg><\/button><\/div>\n<\/div><\/figure>\n","protected":false},"excerpt":{"rendered":"<p>O m\u00eas de setembro \u00e9 marcado pela campanha Setembro Amarelo, dedicada \u00e0 conscientiza\u00e7\u00e3o sobre a preven\u00e7\u00e3o ao suic\u00eddio. Embora a data tenha se consolidado como s\u00edmbolo de mobiliza\u00e7\u00e3o nacional, especialistas e lideran\u00e7as sociais refor\u00e7am que o debate deve ultrapassar os 30 dias do m\u00eas e se tornar uma pauta cont\u00ednua. O suic\u00eddio, ainda envolto em [&hellip;]<\/p>\n","protected":false},"author":3,"featured_media":3365,"comment_status":"open","ping_status":"open","sticky":false,"template":"","format":"standard","meta":{"footnotes":""},"categories":[1,88],"tags":[],"class_list":["post-3357","post","type-post","status-publish","format-standard","has-post-thumbnail","hentry","category-gabinete-sd","category-programa-conexao"],"yoast_head":"<!-- This site is optimized with the Yoast SEO plugin v27.4 - https:\/\/yoast.com\/product\/yoast-seo-wordpress\/ -->\n<title>Deputado Adriano Jos\u00e9 e Regina, da ONG Decida Viver, se encontram em um caf\u00e9 especial no programa Conex\u00e3o para falar sobre preven\u00e7\u00e3o ao suic\u00eddio - Deputado Adriano Jos\u00e9<\/title>\n<meta name=\"robots\" content=\"index, follow, max-snippet:-1, max-image-preview:large, max-video-preview:-1\" \/>\n<link rel=\"canonical\" href=\"https:\/\/soldadoadrianojose.com.br\/index.php\/2025\/09\/17\/deputado-adriano-jose-e-regina-da-ong-decida-viver-se-encontram-em-um-cafe-especial-no-programa-conexao-para-falar-sobre-prevencao-ao-suicidio\/\" \/>\n<meta property=\"og:locale\" content=\"pt_BR\" \/>\n<meta property=\"og:type\" content=\"article\" \/>\n<meta property=\"og:title\" content=\"Deputado Adriano Jos\u00e9 e Regina, da ONG Decida Viver, se encontram em um caf\u00e9 especial no programa Conex\u00e3o para falar sobre preven\u00e7\u00e3o ao suic\u00eddio - Deputado Adriano Jos\u00e9\" \/>\n<meta property=\"og:description\" content=\"O m\u00eas de setembro \u00e9 marcado pela campanha Setembro Amarelo, dedicada \u00e0 conscientiza\u00e7\u00e3o sobre a preven\u00e7\u00e3o ao suic\u00eddio. Embora a data tenha se consolidado como s\u00edmbolo de mobiliza\u00e7\u00e3o nacional, especialistas e lideran\u00e7as sociais refor\u00e7am que o debate deve ultrapassar os 30 dias do m\u00eas e se tornar uma pauta cont\u00ednua. O suic\u00eddio, ainda envolto em [&hellip;]\" \/>\n<meta property=\"og:url\" content=\"https:\/\/soldadoadrianojose.com.br\/index.php\/2025\/09\/17\/deputado-adriano-jose-e-regina-da-ong-decida-viver-se-encontram-em-um-cafe-especial-no-programa-conexao-para-falar-sobre-prevencao-ao-suicidio\/\" \/>\n<meta property=\"og:site_name\" content=\"Deputado Adriano Jos\u00e9\" \/>\n<meta property=\"article:published_time\" content=\"2025-09-17T13:58:06+00:00\" \/>\n<meta property=\"article:modified_time\" content=\"2025-09-17T14:05:19+00:00\" \/>\n<meta property=\"og:image\" content=\"https:\/\/soldadoadrianojose.com.br\/wp-content\/uploads\/2025\/09\/regina-paula.jpeg\" \/>\n\t<meta property=\"og:image:width\" content=\"1320\" \/>\n\t<meta property=\"og:image:height\" content=\"744\" \/>\n\t<meta property=\"og:image:type\" content=\"image\/jpeg\" \/>\n<meta name=\"author\" content=\"Emanuellig admin2\" \/>\n<meta name=\"twitter:card\" content=\"summary_large_image\" \/>\n<meta name=\"twitter:label1\" content=\"Escrito por\" \/>\n\t<meta name=\"twitter:data1\" content=\"Emanuellig admin2\" \/>\n\t<meta name=\"twitter:label2\" content=\"Est. tempo de leitura\" \/>\n\t<meta name=\"twitter:data2\" content=\"3 minutos\" \/>\n<script type=\"application\/ld+json\" class=\"yoast-schema-graph\">{\"@context\":\"https:\\\/\\\/schema.org\",\"@graph\":[{\"@type\":\"Article\",\"@id\":\"https:\\\/\\\/soldadoadrianojose.com.br\\\/index.php\\\/2025\\\/09\\\/17\\\/deputado-adriano-jose-e-regina-da-ong-decida-viver-se-encontram-em-um-cafe-especial-no-programa-conexao-para-falar-sobre-prevencao-ao-suicidio\\\/#article\",\"isPartOf\":{\"@id\":\"https:\\\/\\\/soldadoadrianojose.com.br\\\/index.php\\\/2025\\\/09\\\/17\\\/deputado-adriano-jose-e-regina-da-ong-decida-viver-se-encontram-em-um-cafe-especial-no-programa-conexao-para-falar-sobre-prevencao-ao-suicidio\\\/\"},\"author\":{\"name\":\"Emanuellig admin2\",\"@id\":\"https:\\\/\\\/soldadoadrianojose.com.br\\\/#\\\/schema\\\/person\\\/cd48425bd7edd36fa5917c88fbe1cec5\"},\"headline\":\"Deputado Adriano Jos\u00e9 e Regina, da ONG Decida Viver, se encontram em um caf\u00e9 especial no programa Conex\u00e3o para falar sobre preven\u00e7\u00e3o ao suic\u00eddio\",\"datePublished\":\"2025-09-17T13:58:06+00:00\",\"dateModified\":\"2025-09-17T14:05:19+00:00\",\"mainEntityOfPage\":{\"@id\":\"https:\\\/\\\/soldadoadrianojose.com.br\\\/index.php\\\/2025\\\/09\\\/17\\\/deputado-adriano-jose-e-regina-da-ong-decida-viver-se-encontram-em-um-cafe-especial-no-programa-conexao-para-falar-sobre-prevencao-ao-suicidio\\\/\"},\"wordCount\":442,\"commentCount\":0,\"publisher\":{\"@id\":\"https:\\\/\\\/soldadoadrianojose.com.br\\\/#\\\/schema\\\/person\\\/16f8e8defb7a4bd6c6082efcd1bdb6bb\"},\"image\":{\"@id\":\"https:\\\/\\\/soldadoadrianojose.com.br\\\/index.php\\\/2025\\\/09\\\/17\\\/deputado-adriano-jose-e-regina-da-ong-decida-viver-se-encontram-em-um-cafe-especial-no-programa-conexao-para-falar-sobre-prevencao-ao-suicidio\\\/#primaryimage\"},\"thumbnailUrl\":\"https:\\\/\\\/soldadoadrianojose.com.br\\\/wp-content\\\/uploads\\\/2025\\\/09\\\/regina-paula.jpeg\",\"articleSection\":[\"GABINETE SD\",\"PROGRAMA CONEX\u00c3O\"],\"inLanguage\":\"pt-BR\",\"potentialAction\":[{\"@type\":\"CommentAction\",\"name\":\"Comment\",\"target\":[\"https:\\\/\\\/soldadoadrianojose.com.br\\\/index.php\\\/2025\\\/09\\\/17\\\/deputado-adriano-jose-e-regina-da-ong-decida-viver-se-encontram-em-um-cafe-especial-no-programa-conexao-para-falar-sobre-prevencao-ao-suicidio\\\/#respond\"]}]},{\"@type\":\"WebPage\",\"@id\":\"https:\\\/\\\/soldadoadrianojose.com.br\\\/index.php\\\/2025\\\/09\\\/17\\\/deputado-adriano-jose-e-regina-da-ong-decida-viver-se-encontram-em-um-cafe-especial-no-programa-conexao-para-falar-sobre-prevencao-ao-suicidio\\\/\",\"url\":\"https:\\\/\\\/soldadoadrianojose.com.br\\\/index.php\\\/2025\\\/09\\\/17\\\/deputado-adriano-jose-e-regina-da-ong-decida-viver-se-encontram-em-um-cafe-especial-no-programa-conexao-para-falar-sobre-prevencao-ao-suicidio\\\/\",\"name\":\"Deputado Adriano Jos\u00e9 e Regina, da ONG Decida Viver, se encontram em um caf\u00e9 especial no programa Conex\u00e3o para falar sobre preven\u00e7\u00e3o ao suic\u00eddio - Deputado Adriano Jos\u00e9\",\"isPartOf\":{\"@id\":\"https:\\\/\\\/soldadoadrianojose.com.br\\\/#website\"},\"primaryImageOfPage\":{\"@id\":\"https:\\\/\\\/soldadoadrianojose.com.br\\\/index.php\\\/2025\\\/09\\\/17\\\/deputado-adriano-jose-e-regina-da-ong-decida-viver-se-encontram-em-um-cafe-especial-no-programa-conexao-para-falar-sobre-prevencao-ao-suicidio\\\/#primaryimage\"},\"image\":{\"@id\":\"https:\\\/\\\/soldadoadrianojose.com.br\\\/index.php\\\/2025\\\/09\\\/17\\\/deputado-adriano-jose-e-regina-da-ong-decida-viver-se-encontram-em-um-cafe-especial-no-programa-conexao-para-falar-sobre-prevencao-ao-suicidio\\\/#primaryimage\"},\"thumbnailUrl\":\"https:\\\/\\\/soldadoadrianojose.com.br\\\/wp-content\\\/uploads\\\/2025\\\/09\\\/regina-paula.jpeg\",\"datePublished\":\"2025-09-17T13:58:06+00:00\",\"dateModified\":\"2025-09-17T14:05:19+00:00\",\"breadcrumb\":{\"@id\":\"https:\\\/\\\/soldadoadrianojose.com.br\\\/index.php\\\/2025\\\/09\\\/17\\\/deputado-adriano-jose-e-regina-da-ong-decida-viver-se-encontram-em-um-cafe-especial-no-programa-conexao-para-falar-sobre-prevencao-ao-suicidio\\\/#breadcrumb\"},\"inLanguage\":\"pt-BR\",\"potentialAction\":[{\"@type\":\"ReadAction\",\"target\":[\"https:\\\/\\\/soldadoadrianojose.com.br\\\/index.php\\\/2025\\\/09\\\/17\\\/deputado-adriano-jose-e-regina-da-ong-decida-viver-se-encontram-em-um-cafe-especial-no-programa-conexao-para-falar-sobre-prevencao-ao-suicidio\\\/\"]}]},{\"@type\":\"ImageObject\",\"inLanguage\":\"pt-BR\",\"@id\":\"https:\\\/\\\/soldadoadrianojose.com.br\\\/index.php\\\/2025\\\/09\\\/17\\\/deputado-adriano-jose-e-regina-da-ong-decida-viver-se-encontram-em-um-cafe-especial-no-programa-conexao-para-falar-sobre-prevencao-ao-suicidio\\\/#primaryimage\",\"url\":\"https:\\\/\\\/soldadoadrianojose.com.br\\\/wp-content\\\/uploads\\\/2025\\\/09\\\/regina-paula.jpeg\",\"contentUrl\":\"https:\\\/\\\/soldadoadrianojose.com.br\\\/wp-content\\\/uploads\\\/2025\\\/09\\\/regina-paula.jpeg\",\"width\":1320,\"height\":744},{\"@type\":\"BreadcrumbList\",\"@id\":\"https:\\\/\\\/soldadoadrianojose.com.br\\\/index.php\\\/2025\\\/09\\\/17\\\/deputado-adriano-jose-e-regina-da-ong-decida-viver-se-encontram-em-um-cafe-especial-no-programa-conexao-para-falar-sobre-prevencao-ao-suicidio\\\/#breadcrumb\",\"itemListElement\":[{\"@type\":\"ListItem\",\"position\":1,\"name\":\"In\u00edcio\",\"item\":\"https:\\\/\\\/soldadoadrianojose.com.br\\\/\"},{\"@type\":\"ListItem\",\"position\":2,\"name\":\"Deputado Adriano Jos\u00e9 e Regina, da ONG Decida Viver, se encontram em um caf\u00e9 especial no programa Conex\u00e3o para falar sobre preven\u00e7\u00e3o ao suic\u00eddio\"}]},{\"@type\":\"WebSite\",\"@id\":\"https:\\\/\\\/soldadoadrianojose.com.br\\\/#website\",\"url\":\"https:\\\/\\\/soldadoadrianojose.com.br\\\/\",\"name\":\"Deputado Adriano Jos\u00e9\",\"description\":\"Nosso trabalho \u00e9 pelas pessoas\",\"publisher\":{\"@id\":\"https:\\\/\\\/soldadoadrianojose.com.br\\\/#\\\/schema\\\/person\\\/16f8e8defb7a4bd6c6082efcd1bdb6bb\"},\"potentialAction\":[{\"@type\":\"SearchAction\",\"target\":{\"@type\":\"EntryPoint\",\"urlTemplate\":\"https:\\\/\\\/soldadoadrianojose.com.br\\\/?s={search_term_string}\"},\"query-input\":{\"@type\":\"PropertyValueSpecification\",\"valueRequired\":true,\"valueName\":\"search_term_string\"}}],\"inLanguage\":\"pt-BR\"},{\"@type\":[\"Person\",\"Organization\"],\"@id\":\"https:\\\/\\\/soldadoadrianojose.com.br\\\/#\\\/schema\\\/person\\\/16f8e8defb7a4bd6c6082efcd1bdb6bb\",\"name\":\"soldadoadrianojose\",\"image\":{\"@type\":\"ImageObject\",\"inLanguage\":\"pt-BR\",\"@id\":\"https:\\\/\\\/soldadoadrianojose.com.br\\\/wp-content\\\/uploads\\\/2023\\\/02\\\/LOGO_CLEAR-5.png\",\"url\":\"https:\\\/\\\/soldadoadrianojose.com.br\\\/wp-content\\\/uploads\\\/2023\\\/02\\\/LOGO_CLEAR-5.png\",\"contentUrl\":\"https:\\\/\\\/soldadoadrianojose.com.br\\\/wp-content\\\/uploads\\\/2023\\\/02\\\/LOGO_CLEAR-5.png\",\"width\":3508,\"height\":998,\"caption\":\"soldadoadrianojose\"},\"logo\":{\"@id\":\"https:\\\/\\\/soldadoadrianojose.com.br\\\/wp-content\\\/uploads\\\/2023\\\/02\\\/LOGO_CLEAR-5.png\"},\"sameAs\":[\"https:\\\/\\\/soldadoadrianojose.com.br\"]},{\"@type\":\"Person\",\"@id\":\"https:\\\/\\\/soldadoadrianojose.com.br\\\/#\\\/schema\\\/person\\\/cd48425bd7edd36fa5917c88fbe1cec5\",\"name\":\"Emanuellig admin2\",\"image\":{\"@type\":\"ImageObject\",\"inLanguage\":\"pt-BR\",\"@id\":\"https:\\\/\\\/soldadoadrianojose.com.br\\\/wp-content\\\/litespeed\\\/avatar\\\/235a59a115f40132a17fc909e61bc31d.jpg?ver=1777092356\",\"url\":\"https:\\\/\\\/soldadoadrianojose.com.br\\\/wp-content\\\/litespeed\\\/avatar\\\/235a59a115f40132a17fc909e61bc31d.jpg?ver=1777092356\",\"contentUrl\":\"https:\\\/\\\/soldadoadrianojose.com.br\\\/wp-content\\\/litespeed\\\/avatar\\\/235a59a115f40132a17fc909e61bc31d.jpg?ver=1777092356\",\"caption\":\"Emanuellig admin2\"},\"url\":\"https:\\\/\\\/soldadoadrianojose.com.br\\\/index.php\\\/author\\\/manu\\\/\"}]}<\/script>\n<!-- \/ Yoast SEO plugin. -->","yoast_head_json":{"title":"Deputado Adriano Jos\u00e9 e Regina, da ONG Decida Viver, se encontram em um caf\u00e9 especial no programa Conex\u00e3o para falar sobre preven\u00e7\u00e3o ao suic\u00eddio - Deputado Adriano Jos\u00e9","robots":{"index":"index","follow":"follow","max-snippet":"max-snippet:-1","max-image-preview":"max-image-preview:large","max-video-preview":"max-video-preview:-1"},"canonical":"https:\/\/soldadoadrianojose.com.br\/index.php\/2025\/09\/17\/deputado-adriano-jose-e-regina-da-ong-decida-viver-se-encontram-em-um-cafe-especial-no-programa-conexao-para-falar-sobre-prevencao-ao-suicidio\/","og_locale":"pt_BR","og_type":"article","og_title":"Deputado Adriano Jos\u00e9 e Regina, da ONG Decida Viver, se encontram em um caf\u00e9 especial no programa Conex\u00e3o para falar sobre preven\u00e7\u00e3o ao suic\u00eddio - Deputado Adriano Jos\u00e9","og_description":"O m\u00eas de setembro \u00e9 marcado pela campanha Setembro Amarelo, dedicada \u00e0 conscientiza\u00e7\u00e3o sobre a preven\u00e7\u00e3o ao suic\u00eddio. Embora a data tenha se consolidado como s\u00edmbolo de mobiliza\u00e7\u00e3o nacional, especialistas e lideran\u00e7as sociais refor\u00e7am que o debate deve ultrapassar os 30 dias do m\u00eas e se tornar uma pauta cont\u00ednua. O suic\u00eddio, ainda envolto em [&hellip;]","og_url":"https:\/\/soldadoadrianojose.com.br\/index.php\/2025\/09\/17\/deputado-adriano-jose-e-regina-da-ong-decida-viver-se-encontram-em-um-cafe-especial-no-programa-conexao-para-falar-sobre-prevencao-ao-suicidio\/","og_site_name":"Deputado Adriano Jos\u00e9","article_published_time":"2025-09-17T13:58:06+00:00","article_modified_time":"2025-09-17T14:05:19+00:00","og_image":[{"width":1320,"height":744,"url":"https:\/\/soldadoadrianojose.com.br\/wp-content\/uploads\/2025\/09\/regina-paula.jpeg","type":"image\/jpeg"}],"author":"Emanuellig admin2","twitter_card":"summary_large_image","twitter_misc":{"Escrito por":"Emanuellig admin2","Est. tempo de leitura":"3 minutos"},"schema":{"@context":"https:\/\/schema.org","@graph":[{"@type":"Article","@id":"https:\/\/soldadoadrianojose.com.br\/index.php\/2025\/09\/17\/deputado-adriano-jose-e-regina-da-ong-decida-viver-se-encontram-em-um-cafe-especial-no-programa-conexao-para-falar-sobre-prevencao-ao-suicidio\/#article","isPartOf":{"@id":"https:\/\/soldadoadrianojose.com.br\/index.php\/2025\/09\/17\/deputado-adriano-jose-e-regina-da-ong-decida-viver-se-encontram-em-um-cafe-especial-no-programa-conexao-para-falar-sobre-prevencao-ao-suicidio\/"},"author":{"name":"Emanuellig admin2","@id":"https:\/\/soldadoadrianojose.com.br\/#\/schema\/person\/cd48425bd7edd36fa5917c88fbe1cec5"},"headline":"Deputado Adriano Jos\u00e9 e Regina, da ONG Decida Viver, se encontram em um caf\u00e9 especial no programa Conex\u00e3o para falar sobre preven\u00e7\u00e3o ao suic\u00eddio","datePublished":"2025-09-17T13:58:06+00:00","dateModified":"2025-09-17T14:05:19+00:00","mainEntityOfPage":{"@id":"https:\/\/soldadoadrianojose.com.br\/index.php\/2025\/09\/17\/deputado-adriano-jose-e-regina-da-ong-decida-viver-se-encontram-em-um-cafe-especial-no-programa-conexao-para-falar-sobre-prevencao-ao-suicidio\/"},"wordCount":442,"commentCount":0,"publisher":{"@id":"https:\/\/soldadoadrianojose.com.br\/#\/schema\/person\/16f8e8defb7a4bd6c6082efcd1bdb6bb"},"image":{"@id":"https:\/\/soldadoadrianojose.com.br\/index.php\/2025\/09\/17\/deputado-adriano-jose-e-regina-da-ong-decida-viver-se-encontram-em-um-cafe-especial-no-programa-conexao-para-falar-sobre-prevencao-ao-suicidio\/#primaryimage"},"thumbnailUrl":"https:\/\/soldadoadrianojose.com.br\/wp-content\/uploads\/2025\/09\/regina-paula.jpeg","articleSection":["GABINETE SD","PROGRAMA CONEX\u00c3O"],"inLanguage":"pt-BR","potentialAction":[{"@type":"CommentAction","name":"Comment","target":["https:\/\/soldadoadrianojose.com.br\/index.php\/2025\/09\/17\/deputado-adriano-jose-e-regina-da-ong-decida-viver-se-encontram-em-um-cafe-especial-no-programa-conexao-para-falar-sobre-prevencao-ao-suicidio\/#respond"]}]},{"@type":"WebPage","@id":"https:\/\/soldadoadrianojose.com.br\/index.php\/2025\/09\/17\/deputado-adriano-jose-e-regina-da-ong-decida-viver-se-encontram-em-um-cafe-especial-no-programa-conexao-para-falar-sobre-prevencao-ao-suicidio\/","url":"https:\/\/soldadoadrianojose.com.br\/index.php\/2025\/09\/17\/deputado-adriano-jose-e-regina-da-ong-decida-viver-se-encontram-em-um-cafe-especial-no-programa-conexao-para-falar-sobre-prevencao-ao-suicidio\/","name":"Deputado Adriano Jos\u00e9 e Regina, da ONG Decida Viver, se encontram em um caf\u00e9 especial no programa Conex\u00e3o para falar sobre preven\u00e7\u00e3o ao suic\u00eddio - Deputado Adriano Jos\u00e9","isPartOf":{"@id":"https:\/\/soldadoadrianojose.com.br\/#website"},"primaryImageOfPage":{"@id":"https:\/\/soldadoadrianojose.com.br\/index.php\/2025\/09\/17\/deputado-adriano-jose-e-regina-da-ong-decida-viver-se-encontram-em-um-cafe-especial-no-programa-conexao-para-falar-sobre-prevencao-ao-suicidio\/#primaryimage"},"image":{"@id":"https:\/\/soldadoadrianojose.com.br\/index.php\/2025\/09\/17\/deputado-adriano-jose-e-regina-da-ong-decida-viver-se-encontram-em-um-cafe-especial-no-programa-conexao-para-falar-sobre-prevencao-ao-suicidio\/#primaryimage"},"thumbnailUrl":"https:\/\/soldadoadrianojose.com.br\/wp-content\/uploads\/2025\/09\/regina-paula.jpeg","datePublished":"2025-09-17T13:58:06+00:00","dateModified":"2025-09-17T14:05:19+00:00","breadcrumb":{"@id":"https:\/\/soldadoadrianojose.com.br\/index.php\/2025\/09\/17\/deputado-adriano-jose-e-regina-da-ong-decida-viver-se-encontram-em-um-cafe-especial-no-programa-conexao-para-falar-sobre-prevencao-ao-suicidio\/#breadcrumb"},"inLanguage":"pt-BR","potentialAction":[{"@type":"ReadAction","target":["https:\/\/soldadoadrianojose.com.br\/index.php\/2025\/09\/17\/deputado-adriano-jose-e-regina-da-ong-decida-viver-se-encontram-em-um-cafe-especial-no-programa-conexao-para-falar-sobre-prevencao-ao-suicidio\/"]}]},{"@type":"ImageObject","inLanguage":"pt-BR","@id":"https:\/\/soldadoadrianojose.com.br\/index.php\/2025\/09\/17\/deputado-adriano-jose-e-regina-da-ong-decida-viver-se-encontram-em-um-cafe-especial-no-programa-conexao-para-falar-sobre-prevencao-ao-suicidio\/#primaryimage","url":"https:\/\/soldadoadrianojose.com.br\/wp-content\/uploads\/2025\/09\/regina-paula.jpeg","contentUrl":"https:\/\/soldadoadrianojose.com.br\/wp-content\/uploads\/2025\/09\/regina-paula.jpeg","width":1320,"height":744},{"@type":"BreadcrumbList","@id":"https:\/\/soldadoadrianojose.com.br\/index.php\/2025\/09\/17\/deputado-adriano-jose-e-regina-da-ong-decida-viver-se-encontram-em-um-cafe-especial-no-programa-conexao-para-falar-sobre-prevencao-ao-suicidio\/#breadcrumb","itemListElement":[{"@type":"ListItem","position":1,"name":"In\u00edcio","item":"https:\/\/soldadoadrianojose.com.br\/"},{"@type":"ListItem","position":2,"name":"Deputado Adriano Jos\u00e9 e Regina, da ONG Decida Viver, se encontram em um caf\u00e9 especial no programa Conex\u00e3o para falar sobre preven\u00e7\u00e3o ao suic\u00eddio"}]},{"@type":"WebSite","@id":"https:\/\/soldadoadrianojose.com.br\/#website","url":"https:\/\/soldadoadrianojose.com.br\/","name":"Deputado Adriano Jos\u00e9","description":"Nosso trabalho \u00e9 pelas pessoas","publisher":{"@id":"https:\/\/soldadoadrianojose.com.br\/#\/schema\/person\/16f8e8defb7a4bd6c6082efcd1bdb6bb"},"potentialAction":[{"@type":"SearchAction","target":{"@type":"EntryPoint","urlTemplate":"https:\/\/soldadoadrianojose.com.br\/?s={search_term_string}"},"query-input":{"@type":"PropertyValueSpecification","valueRequired":true,"valueName":"search_term_string"}}],"inLanguage":"pt-BR"},{"@type":["Person","Organization"],"@id":"https:\/\/soldadoadrianojose.com.br\/#\/schema\/person\/16f8e8defb7a4bd6c6082efcd1bdb6bb","name":"soldadoadrianojose","image":{"@type":"ImageObject","inLanguage":"pt-BR","@id":"https:\/\/soldadoadrianojose.com.br\/wp-content\/uploads\/2023\/02\/LOGO_CLEAR-5.png","url":"https:\/\/soldadoadrianojose.com.br\/wp-content\/uploads\/2023\/02\/LOGO_CLEAR-5.png","contentUrl":"https:\/\/soldadoadrianojose.com.br\/wp-content\/uploads\/2023\/02\/LOGO_CLEAR-5.png","width":3508,"height":998,"caption":"soldadoadrianojose"},"logo":{"@id":"https:\/\/soldadoadrianojose.com.br\/wp-content\/uploads\/2023\/02\/LOGO_CLEAR-5.png"},"sameAs":["https:\/\/soldadoadrianojose.com.br"]},{"@type":"Person","@id":"https:\/\/soldadoadrianojose.com.br\/#\/schema\/person\/cd48425bd7edd36fa5917c88fbe1cec5","name":"Emanuellig admin2","image":{"@type":"ImageObject","inLanguage":"pt-BR","@id":"https:\/\/soldadoadrianojose.com.br\/wp-content\/litespeed\/avatar\/235a59a115f40132a17fc909e61bc31d.jpg?ver=1777092356","url":"https:\/\/soldadoadrianojose.com.br\/wp-content\/litespeed\/avatar\/235a59a115f40132a17fc909e61bc31d.jpg?ver=1777092356","contentUrl":"https:\/\/soldadoadrianojose.com.br\/wp-content\/litespeed\/avatar\/235a59a115f40132a17fc909e61bc31d.jpg?ver=1777092356","caption":"Emanuellig admin2"},"url":"https:\/\/soldadoadrianojose.com.br\/index.php\/author\/manu\/"}]}},"jetpack_featured_media_url":"https:\/\/soldadoadrianojose.com.br\/wp-content\/uploads\/2025\/09\/regina-paula.jpeg","_links":{"self":[{"href":"https:\/\/soldadoadrianojose.com.br\/index.php\/wp-json\/wp\/v2\/posts\/3357","targetHints":{"allow":["GET"]}}],"collection":[{"href":"https:\/\/soldadoadrianojose.com.br\/index.php\/wp-json\/wp\/v2\/posts"}],"about":[{"href":"https:\/\/soldadoadrianojose.com.br\/index.php\/wp-json\/wp\/v2\/types\/post"}],"author":[{"embeddable":true,"href":"https:\/\/soldadoadrianojose.com.br\/index.php\/wp-json\/wp\/v2\/users\/3"}],"replies":[{"embeddable":true,"href":"https:\/\/soldadoadrianojose.com.br\/index.php\/wp-json\/wp\/v2\/comments?post=3357"}],"version-history":[{"count":1,"href":"https:\/\/soldadoadrianojose.com.br\/index.php\/wp-json\/wp\/v2\/posts\/3357\/revisions"}],"predecessor-version":[{"id":3366,"href":"https:\/\/soldadoadrianojose.com.br\/index.php\/wp-json\/wp\/v2\/posts\/3357\/revisions\/3366"}],"wp:featuredmedia":[{"embeddable":true,"href":"https:\/\/soldadoadrianojose.com.br\/index.php\/wp-json\/wp\/v2\/media\/3365"}],"wp:attachment":[{"href":"https:\/\/soldadoadrianojose.com.br\/index.php\/wp-json\/wp\/v2\/media?parent=3357"}],"wp:term":[{"taxonomy":"category","embeddable":true,"href":"https:\/\/soldadoadrianojose.com.br\/index.php\/wp-json\/wp\/v2\/categories?post=3357"},{"taxonomy":"post_tag","embeddable":true,"href":"https:\/\/soldadoadrianojose.com.br\/index.php\/wp-json\/wp\/v2\/tags?post=3357"}],"curies":[{"name":"wp","href":"https:\/\/api.w.org\/{rel}","templated":true}]}}