{"id":3382,"date":"2025-09-23T17:17:45","date_gmt":"2025-09-23T20:17:45","guid":{"rendered":"https:\/\/soldadoadrianojose.com.br\/?p=3382"},"modified":"2025-09-23T17:17:45","modified_gmt":"2025-09-23T20:17:45","slug":"deputado-adriano-jose-destaca-impacto-da-reducao-do-ipva-no-parana","status":"publish","type":"post","link":"https:\/\/soldadoadrianojose.com.br\/index.php\/2025\/09\/23\/deputado-adriano-jose-destaca-impacto-da-reducao-do-ipva-no-parana\/","title":{"rendered":"Deputado Adriano Jos\u00e9 destaca impacto da redu\u00e7\u00e3o do IPVA no Paran\u00e1"},"content":{"rendered":"\n<p>O governador Carlos Massa Ratinho Junior sancionou nesta ter\u00e7a-feira (23) a lei que reduz a al\u00edquota do Imposto sobre a Propriedade de Ve\u00edculos Automotores (IPVA) de 3,5% para 1,9% no Paran\u00e1. A medida, que passa a valer em 2026, representa uma economia de mais de 45% para os contribuintes e deve beneficiar 3,4 milh\u00f5es de propriet\u00e1rios de ve\u00edculos em todo o Estado. O deputado estadual Adriano Jos\u00e9 destacou a import\u00e2ncia da iniciativa, que, segundo ele, \u201cgarante justi\u00e7a tribut\u00e1ria e mais f\u00f4lego financeiro para as fam\u00edlias paranaenses\u201d.<\/p>\n\n\n\n<p><br>O an\u00fancio da redu\u00e7\u00e3o j\u00e1 vem refletindo no mercado automotivo. Dados do Detran-PR apontam que os 15 maiores munic\u00edpios do Paran\u00e1 registraram aumento expressivo nos emplacamentos logo ap\u00f3s a divulga\u00e7\u00e3o da medida em agosto. S\u00e3o Jos\u00e9 dos Pinhais, na Regi\u00e3o Metropolitana de Curitiba, liderou o ranking com alta de 104,8% no per\u00edodo, seguida por Maring\u00e1 (68,4%) e Campo Largo (53,1%). Para Adriano Jos\u00e9, esse crescimento mostra a confian\u00e7a da popula\u00e7\u00e3o na pol\u00edtica fiscal adotada pelo Governo do Estado.<\/p>\n\n\n\n<p><br>Esse movimento refor\u00e7a a tend\u00eancia de alta nos registros de ve\u00edculos em 2025. Somente entre janeiro e agosto, o Paran\u00e1 contabilizou 233.127 novos emplacamentos, 34% a mais que no mesmo per\u00edodo do ano anterior. O deputado Adriano Jos\u00e9 ressaltou que a medida deve impulsionar ainda mais a economia paranaense: \u201cA redu\u00e7\u00e3o do IPVA n\u00e3o \u00e9 apenas um benef\u00edcio direto ao bolso do cidad\u00e3o, mas tamb\u00e9m um est\u00edmulo \u00e0 ind\u00fastria automotiva, ao com\u00e9rcio e \u00e0 gera\u00e7\u00e3o de empregos no nosso Estado\u201d.<\/p>\n\n\n\n<p><\/p>\n","protected":false},"excerpt":{"rendered":"<p>O governador Carlos Massa Ratinho Junior sancionou nesta ter\u00e7a-feira (23) a lei que reduz a al\u00edquota do Imposto sobre a Propriedade de Ve\u00edculos Automotores (IPVA) de 3,5% para 1,9% no Paran\u00e1. A medida, que passa a valer em 2026, representa uma economia de mais de 45% para os contribuintes e deve beneficiar 3,4 milh\u00f5es de [&hellip;]<\/p>\n","protected":false},"author":3,"featured_media":2615,"comment_status":"open","ping_status":"open","sticky":false,"template":"","format":"standard","meta":{"footnotes":""},"categories":[1],"tags":[],"class_list":["post-3382","post","type-post","status-publish","format-standard","has-post-thumbnail","hentry","category-gabinete-sd"],"yoast_head":"<!-- This site is optimized with the Yoast SEO plugin v27.4 - https:\/\/yoast.com\/product\/yoast-seo-wordpress\/ -->\n<title>Deputado Adriano Jos\u00e9 destaca impacto da redu\u00e7\u00e3o do IPVA no Paran\u00e1 - Deputado Adriano Jos\u00e9<\/title>\n<meta name=\"robots\" content=\"index, follow, max-snippet:-1, max-image-preview:large, max-video-preview:-1\" \/>\n<link rel=\"canonical\" href=\"https:\/\/soldadoadrianojose.com.br\/index.php\/2025\/09\/23\/deputado-adriano-jose-destaca-impacto-da-reducao-do-ipva-no-parana\/\" \/>\n<meta property=\"og:locale\" content=\"pt_BR\" \/>\n<meta property=\"og:type\" content=\"article\" \/>\n<meta property=\"og:title\" content=\"Deputado Adriano Jos\u00e9 destaca impacto da redu\u00e7\u00e3o do IPVA no Paran\u00e1 - Deputado Adriano Jos\u00e9\" \/>\n<meta property=\"og:description\" content=\"O governador Carlos Massa Ratinho Junior sancionou nesta ter\u00e7a-feira (23) a lei que reduz a al\u00edquota do Imposto sobre a Propriedade de Ve\u00edculos Automotores (IPVA) de 3,5% para 1,9% no Paran\u00e1. A medida, que passa a valer em 2026, representa uma economia de mais de 45% para os contribuintes e deve beneficiar 3,4 milh\u00f5es de [&hellip;]\" \/>\n<meta property=\"og:url\" content=\"https:\/\/soldadoadrianojose.com.br\/index.php\/2025\/09\/23\/deputado-adriano-jose-destaca-impacto-da-reducao-do-ipva-no-parana\/\" \/>\n<meta property=\"og:site_name\" content=\"Deputado Adriano Jos\u00e9\" \/>\n<meta property=\"article:published_time\" content=\"2025-09-23T20:17:45+00:00\" \/>\n<meta property=\"og:image\" content=\"https:\/\/soldadoadrianojose.com.br\/wp-content\/uploads\/2024\/12\/baixados.jpg\" \/>\n\t<meta property=\"og:image:width\" content=\"799\" \/>\n\t<meta property=\"og:image:height\" content=\"533\" \/>\n\t<meta property=\"og:image:type\" content=\"image\/jpeg\" \/>\n<meta name=\"author\" content=\"Emanuellig admin2\" \/>\n<meta name=\"twitter:card\" content=\"summary_large_image\" \/>\n<meta name=\"twitter:label1\" content=\"Escrito por\" \/>\n\t<meta name=\"twitter:data1\" content=\"Emanuellig admin2\" \/>\n\t<meta name=\"twitter:label2\" content=\"Est. tempo de leitura\" \/>\n\t<meta name=\"twitter:data2\" content=\"2 minutos\" \/>\n<script type=\"application\/ld+json\" class=\"yoast-schema-graph\">{\"@context\":\"https:\\\/\\\/schema.org\",\"@graph\":[{\"@type\":\"Article\",\"@id\":\"https:\\\/\\\/soldadoadrianojose.com.br\\\/index.php\\\/2025\\\/09\\\/23\\\/deputado-adriano-jose-destaca-impacto-da-reducao-do-ipva-no-parana\\\/#article\",\"isPartOf\":{\"@id\":\"https:\\\/\\\/soldadoadrianojose.com.br\\\/index.php\\\/2025\\\/09\\\/23\\\/deputado-adriano-jose-destaca-impacto-da-reducao-do-ipva-no-parana\\\/\"},\"author\":{\"name\":\"Emanuellig admin2\",\"@id\":\"https:\\\/\\\/soldadoadrianojose.com.br\\\/#\\\/schema\\\/person\\\/cd48425bd7edd36fa5917c88fbe1cec5\"},\"headline\":\"Deputado Adriano Jos\u00e9 destaca impacto da redu\u00e7\u00e3o do IPVA no Paran\u00e1\",\"datePublished\":\"2025-09-23T20:17:45+00:00\",\"mainEntityOfPage\":{\"@id\":\"https:\\\/\\\/soldadoadrianojose.com.br\\\/index.php\\\/2025\\\/09\\\/23\\\/deputado-adriano-jose-destaca-impacto-da-reducao-do-ipva-no-parana\\\/\"},\"wordCount\":275,\"commentCount\":0,\"publisher\":{\"@id\":\"https:\\\/\\\/soldadoadrianojose.com.br\\\/#\\\/schema\\\/person\\\/16f8e8defb7a4bd6c6082efcd1bdb6bb\"},\"image\":{\"@id\":\"https:\\\/\\\/soldadoadrianojose.com.br\\\/index.php\\\/2025\\\/09\\\/23\\\/deputado-adriano-jose-destaca-impacto-da-reducao-do-ipva-no-parana\\\/#primaryimage\"},\"thumbnailUrl\":\"https:\\\/\\\/soldadoadrianojose.com.br\\\/wp-content\\\/uploads\\\/2024\\\/12\\\/baixados.jpg\",\"articleSection\":[\"GABINETE SD\"],\"inLanguage\":\"pt-BR\",\"potentialAction\":[{\"@type\":\"CommentAction\",\"name\":\"Comment\",\"target\":[\"https:\\\/\\\/soldadoadrianojose.com.br\\\/index.php\\\/2025\\\/09\\\/23\\\/deputado-adriano-jose-destaca-impacto-da-reducao-do-ipva-no-parana\\\/#respond\"]}]},{\"@type\":\"WebPage\",\"@id\":\"https:\\\/\\\/soldadoadrianojose.com.br\\\/index.php\\\/2025\\\/09\\\/23\\\/deputado-adriano-jose-destaca-impacto-da-reducao-do-ipva-no-parana\\\/\",\"url\":\"https:\\\/\\\/soldadoadrianojose.com.br\\\/index.php\\\/2025\\\/09\\\/23\\\/deputado-adriano-jose-destaca-impacto-da-reducao-do-ipva-no-parana\\\/\",\"name\":\"Deputado Adriano Jos\u00e9 destaca impacto da redu\u00e7\u00e3o do IPVA no Paran\u00e1 - Deputado Adriano Jos\u00e9\",\"isPartOf\":{\"@id\":\"https:\\\/\\\/soldadoadrianojose.com.br\\\/#website\"},\"primaryImageOfPage\":{\"@id\":\"https:\\\/\\\/soldadoadrianojose.com.br\\\/index.php\\\/2025\\\/09\\\/23\\\/deputado-adriano-jose-destaca-impacto-da-reducao-do-ipva-no-parana\\\/#primaryimage\"},\"image\":{\"@id\":\"https:\\\/\\\/soldadoadrianojose.com.br\\\/index.php\\\/2025\\\/09\\\/23\\\/deputado-adriano-jose-destaca-impacto-da-reducao-do-ipva-no-parana\\\/#primaryimage\"},\"thumbnailUrl\":\"https:\\\/\\\/soldadoadrianojose.com.br\\\/wp-content\\\/uploads\\\/2024\\\/12\\\/baixados.jpg\",\"datePublished\":\"2025-09-23T20:17:45+00:00\",\"breadcrumb\":{\"@id\":\"https:\\\/\\\/soldadoadrianojose.com.br\\\/index.php\\\/2025\\\/09\\\/23\\\/deputado-adriano-jose-destaca-impacto-da-reducao-do-ipva-no-parana\\\/#breadcrumb\"},\"inLanguage\":\"pt-BR\",\"potentialAction\":[{\"@type\":\"ReadAction\",\"target\":[\"https:\\\/\\\/soldadoadrianojose.com.br\\\/index.php\\\/2025\\\/09\\\/23\\\/deputado-adriano-jose-destaca-impacto-da-reducao-do-ipva-no-parana\\\/\"]}]},{\"@type\":\"ImageObject\",\"inLanguage\":\"pt-BR\",\"@id\":\"https:\\\/\\\/soldadoadrianojose.com.br\\\/index.php\\\/2025\\\/09\\\/23\\\/deputado-adriano-jose-destaca-impacto-da-reducao-do-ipva-no-parana\\\/#primaryimage\",\"url\":\"https:\\\/\\\/soldadoadrianojose.com.br\\\/wp-content\\\/uploads\\\/2024\\\/12\\\/baixados.jpg\",\"contentUrl\":\"https:\\\/\\\/soldadoadrianojose.com.br\\\/wp-content\\\/uploads\\\/2024\\\/12\\\/baixados.jpg\",\"width\":799,\"height\":533},{\"@type\":\"BreadcrumbList\",\"@id\":\"https:\\\/\\\/soldadoadrianojose.com.br\\\/index.php\\\/2025\\\/09\\\/23\\\/deputado-adriano-jose-destaca-impacto-da-reducao-do-ipva-no-parana\\\/#breadcrumb\",\"itemListElement\":[{\"@type\":\"ListItem\",\"position\":1,\"name\":\"In\u00edcio\",\"item\":\"https:\\\/\\\/soldadoadrianojose.com.br\\\/\"},{\"@type\":\"ListItem\",\"position\":2,\"name\":\"Deputado Adriano Jos\u00e9 destaca impacto da redu\u00e7\u00e3o do IPVA no Paran\u00e1\"}]},{\"@type\":\"WebSite\",\"@id\":\"https:\\\/\\\/soldadoadrianojose.com.br\\\/#website\",\"url\":\"https:\\\/\\\/soldadoadrianojose.com.br\\\/\",\"name\":\"Deputado Adriano Jos\u00e9\",\"description\":\"Nosso trabalho \u00e9 pelas pessoas\",\"publisher\":{\"@id\":\"https:\\\/\\\/soldadoadrianojose.com.br\\\/#\\\/schema\\\/person\\\/16f8e8defb7a4bd6c6082efcd1bdb6bb\"},\"potentialAction\":[{\"@type\":\"SearchAction\",\"target\":{\"@type\":\"EntryPoint\",\"urlTemplate\":\"https:\\\/\\\/soldadoadrianojose.com.br\\\/?s={search_term_string}\"},\"query-input\":{\"@type\":\"PropertyValueSpecification\",\"valueRequired\":true,\"valueName\":\"search_term_string\"}}],\"inLanguage\":\"pt-BR\"},{\"@type\":[\"Person\",\"Organization\"],\"@id\":\"https:\\\/\\\/soldadoadrianojose.com.br\\\/#\\\/schema\\\/person\\\/16f8e8defb7a4bd6c6082efcd1bdb6bb\",\"name\":\"soldadoadrianojose\",\"image\":{\"@type\":\"ImageObject\",\"inLanguage\":\"pt-BR\",\"@id\":\"https:\\\/\\\/soldadoadrianojose.com.br\\\/wp-content\\\/uploads\\\/2023\\\/02\\\/LOGO_CLEAR-5.png\",\"url\":\"https:\\\/\\\/soldadoadrianojose.com.br\\\/wp-content\\\/uploads\\\/2023\\\/02\\\/LOGO_CLEAR-5.png\",\"contentUrl\":\"https:\\\/\\\/soldadoadrianojose.com.br\\\/wp-content\\\/uploads\\\/2023\\\/02\\\/LOGO_CLEAR-5.png\",\"width\":3508,\"height\":998,\"caption\":\"soldadoadrianojose\"},\"logo\":{\"@id\":\"https:\\\/\\\/soldadoadrianojose.com.br\\\/wp-content\\\/uploads\\\/2023\\\/02\\\/LOGO_CLEAR-5.png\"},\"sameAs\":[\"https:\\\/\\\/soldadoadrianojose.com.br\"]},{\"@type\":\"Person\",\"@id\":\"https:\\\/\\\/soldadoadrianojose.com.br\\\/#\\\/schema\\\/person\\\/cd48425bd7edd36fa5917c88fbe1cec5\",\"name\":\"Emanuellig admin2\",\"image\":{\"@type\":\"ImageObject\",\"inLanguage\":\"pt-BR\",\"@id\":\"https:\\\/\\\/soldadoadrianojose.com.br\\\/wp-content\\\/litespeed\\\/avatar\\\/235a59a115f40132a17fc909e61bc31d.jpg?ver=1777092356\",\"url\":\"https:\\\/\\\/soldadoadrianojose.com.br\\\/wp-content\\\/litespeed\\\/avatar\\\/235a59a115f40132a17fc909e61bc31d.jpg?ver=1777092356\",\"contentUrl\":\"https:\\\/\\\/soldadoadrianojose.com.br\\\/wp-content\\\/litespeed\\\/avatar\\\/235a59a115f40132a17fc909e61bc31d.jpg?ver=1777092356\",\"caption\":\"Emanuellig admin2\"},\"url\":\"https:\\\/\\\/soldadoadrianojose.com.br\\\/index.php\\\/author\\\/manu\\\/\"}]}<\/script>\n<!-- \/ Yoast SEO plugin. -->","yoast_head_json":{"title":"Deputado Adriano Jos\u00e9 destaca impacto da redu\u00e7\u00e3o do IPVA no Paran\u00e1 - Deputado Adriano Jos\u00e9","robots":{"index":"index","follow":"follow","max-snippet":"max-snippet:-1","max-image-preview":"max-image-preview:large","max-video-preview":"max-video-preview:-1"},"canonical":"https:\/\/soldadoadrianojose.com.br\/index.php\/2025\/09\/23\/deputado-adriano-jose-destaca-impacto-da-reducao-do-ipva-no-parana\/","og_locale":"pt_BR","og_type":"article","og_title":"Deputado Adriano Jos\u00e9 destaca impacto da redu\u00e7\u00e3o do IPVA no Paran\u00e1 - Deputado Adriano Jos\u00e9","og_description":"O governador Carlos Massa Ratinho Junior sancionou nesta ter\u00e7a-feira (23) a lei que reduz a al\u00edquota do Imposto sobre a Propriedade de Ve\u00edculos Automotores (IPVA) de 3,5% para 1,9% no Paran\u00e1. A medida, que passa a valer em 2026, representa uma economia de mais de 45% para os contribuintes e deve beneficiar 3,4 milh\u00f5es de [&hellip;]","og_url":"https:\/\/soldadoadrianojose.com.br\/index.php\/2025\/09\/23\/deputado-adriano-jose-destaca-impacto-da-reducao-do-ipva-no-parana\/","og_site_name":"Deputado Adriano Jos\u00e9","article_published_time":"2025-09-23T20:17:45+00:00","og_image":[{"width":799,"height":533,"url":"https:\/\/soldadoadrianojose.com.br\/wp-content\/uploads\/2024\/12\/baixados.jpg","type":"image\/jpeg"}],"author":"Emanuellig admin2","twitter_card":"summary_large_image","twitter_misc":{"Escrito por":"Emanuellig admin2","Est. tempo de leitura":"2 minutos"},"schema":{"@context":"https:\/\/schema.org","@graph":[{"@type":"Article","@id":"https:\/\/soldadoadrianojose.com.br\/index.php\/2025\/09\/23\/deputado-adriano-jose-destaca-impacto-da-reducao-do-ipva-no-parana\/#article","isPartOf":{"@id":"https:\/\/soldadoadrianojose.com.br\/index.php\/2025\/09\/23\/deputado-adriano-jose-destaca-impacto-da-reducao-do-ipva-no-parana\/"},"author":{"name":"Emanuellig admin2","@id":"https:\/\/soldadoadrianojose.com.br\/#\/schema\/person\/cd48425bd7edd36fa5917c88fbe1cec5"},"headline":"Deputado Adriano Jos\u00e9 destaca impacto da redu\u00e7\u00e3o do IPVA no Paran\u00e1","datePublished":"2025-09-23T20:17:45+00:00","mainEntityOfPage":{"@id":"https:\/\/soldadoadrianojose.com.br\/index.php\/2025\/09\/23\/deputado-adriano-jose-destaca-impacto-da-reducao-do-ipva-no-parana\/"},"wordCount":275,"commentCount":0,"publisher":{"@id":"https:\/\/soldadoadrianojose.com.br\/#\/schema\/person\/16f8e8defb7a4bd6c6082efcd1bdb6bb"},"image":{"@id":"https:\/\/soldadoadrianojose.com.br\/index.php\/2025\/09\/23\/deputado-adriano-jose-destaca-impacto-da-reducao-do-ipva-no-parana\/#primaryimage"},"thumbnailUrl":"https:\/\/soldadoadrianojose.com.br\/wp-content\/uploads\/2024\/12\/baixados.jpg","articleSection":["GABINETE SD"],"inLanguage":"pt-BR","potentialAction":[{"@type":"CommentAction","name":"Comment","target":["https:\/\/soldadoadrianojose.com.br\/index.php\/2025\/09\/23\/deputado-adriano-jose-destaca-impacto-da-reducao-do-ipva-no-parana\/#respond"]}]},{"@type":"WebPage","@id":"https:\/\/soldadoadrianojose.com.br\/index.php\/2025\/09\/23\/deputado-adriano-jose-destaca-impacto-da-reducao-do-ipva-no-parana\/","url":"https:\/\/soldadoadrianojose.com.br\/index.php\/2025\/09\/23\/deputado-adriano-jose-destaca-impacto-da-reducao-do-ipva-no-parana\/","name":"Deputado Adriano Jos\u00e9 destaca impacto da redu\u00e7\u00e3o do IPVA no Paran\u00e1 - Deputado Adriano Jos\u00e9","isPartOf":{"@id":"https:\/\/soldadoadrianojose.com.br\/#website"},"primaryImageOfPage":{"@id":"https:\/\/soldadoadrianojose.com.br\/index.php\/2025\/09\/23\/deputado-adriano-jose-destaca-impacto-da-reducao-do-ipva-no-parana\/#primaryimage"},"image":{"@id":"https:\/\/soldadoadrianojose.com.br\/index.php\/2025\/09\/23\/deputado-adriano-jose-destaca-impacto-da-reducao-do-ipva-no-parana\/#primaryimage"},"thumbnailUrl":"https:\/\/soldadoadrianojose.com.br\/wp-content\/uploads\/2024\/12\/baixados.jpg","datePublished":"2025-09-23T20:17:45+00:00","breadcrumb":{"@id":"https:\/\/soldadoadrianojose.com.br\/index.php\/2025\/09\/23\/deputado-adriano-jose-destaca-impacto-da-reducao-do-ipva-no-parana\/#breadcrumb"},"inLanguage":"pt-BR","potentialAction":[{"@type":"ReadAction","target":["https:\/\/soldadoadrianojose.com.br\/index.php\/2025\/09\/23\/deputado-adriano-jose-destaca-impacto-da-reducao-do-ipva-no-parana\/"]}]},{"@type":"ImageObject","inLanguage":"pt-BR","@id":"https:\/\/soldadoadrianojose.com.br\/index.php\/2025\/09\/23\/deputado-adriano-jose-destaca-impacto-da-reducao-do-ipva-no-parana\/#primaryimage","url":"https:\/\/soldadoadrianojose.com.br\/wp-content\/uploads\/2024\/12\/baixados.jpg","contentUrl":"https:\/\/soldadoadrianojose.com.br\/wp-content\/uploads\/2024\/12\/baixados.jpg","width":799,"height":533},{"@type":"BreadcrumbList","@id":"https:\/\/soldadoadrianojose.com.br\/index.php\/2025\/09\/23\/deputado-adriano-jose-destaca-impacto-da-reducao-do-ipva-no-parana\/#breadcrumb","itemListElement":[{"@type":"ListItem","position":1,"name":"In\u00edcio","item":"https:\/\/soldadoadrianojose.com.br\/"},{"@type":"ListItem","position":2,"name":"Deputado Adriano Jos\u00e9 destaca impacto da redu\u00e7\u00e3o do IPVA no Paran\u00e1"}]},{"@type":"WebSite","@id":"https:\/\/soldadoadrianojose.com.br\/#website","url":"https:\/\/soldadoadrianojose.com.br\/","name":"Deputado Adriano Jos\u00e9","description":"Nosso trabalho \u00e9 pelas pessoas","publisher":{"@id":"https:\/\/soldadoadrianojose.com.br\/#\/schema\/person\/16f8e8defb7a4bd6c6082efcd1bdb6bb"},"potentialAction":[{"@type":"SearchAction","target":{"@type":"EntryPoint","urlTemplate":"https:\/\/soldadoadrianojose.com.br\/?s={search_term_string}"},"query-input":{"@type":"PropertyValueSpecification","valueRequired":true,"valueName":"search_term_string"}}],"inLanguage":"pt-BR"},{"@type":["Person","Organization"],"@id":"https:\/\/soldadoadrianojose.com.br\/#\/schema\/person\/16f8e8defb7a4bd6c6082efcd1bdb6bb","name":"soldadoadrianojose","image":{"@type":"ImageObject","inLanguage":"pt-BR","@id":"https:\/\/soldadoadrianojose.com.br\/wp-content\/uploads\/2023\/02\/LOGO_CLEAR-5.png","url":"https:\/\/soldadoadrianojose.com.br\/wp-content\/uploads\/2023\/02\/LOGO_CLEAR-5.png","contentUrl":"https:\/\/soldadoadrianojose.com.br\/wp-content\/uploads\/2023\/02\/LOGO_CLEAR-5.png","width":3508,"height":998,"caption":"soldadoadrianojose"},"logo":{"@id":"https:\/\/soldadoadrianojose.com.br\/wp-content\/uploads\/2023\/02\/LOGO_CLEAR-5.png"},"sameAs":["https:\/\/soldadoadrianojose.com.br"]},{"@type":"Person","@id":"https:\/\/soldadoadrianojose.com.br\/#\/schema\/person\/cd48425bd7edd36fa5917c88fbe1cec5","name":"Emanuellig admin2","image":{"@type":"ImageObject","inLanguage":"pt-BR","@id":"https:\/\/soldadoadrianojose.com.br\/wp-content\/litespeed\/avatar\/235a59a115f40132a17fc909e61bc31d.jpg?ver=1777092356","url":"https:\/\/soldadoadrianojose.com.br\/wp-content\/litespeed\/avatar\/235a59a115f40132a17fc909e61bc31d.jpg?ver=1777092356","contentUrl":"https:\/\/soldadoadrianojose.com.br\/wp-content\/litespeed\/avatar\/235a59a115f40132a17fc909e61bc31d.jpg?ver=1777092356","caption":"Emanuellig admin2"},"url":"https:\/\/soldadoadrianojose.com.br\/index.php\/author\/manu\/"}]}},"jetpack_featured_media_url":"https:\/\/soldadoadrianojose.com.br\/wp-content\/uploads\/2024\/12\/baixados.jpg","_links":{"self":[{"href":"https:\/\/soldadoadrianojose.com.br\/index.php\/wp-json\/wp\/v2\/posts\/3382","targetHints":{"allow":["GET"]}}],"collection":[{"href":"https:\/\/soldadoadrianojose.com.br\/index.php\/wp-json\/wp\/v2\/posts"}],"about":[{"href":"https:\/\/soldadoadrianojose.com.br\/index.php\/wp-json\/wp\/v2\/types\/post"}],"author":[{"embeddable":true,"href":"https:\/\/soldadoadrianojose.com.br\/index.php\/wp-json\/wp\/v2\/users\/3"}],"replies":[{"embeddable":true,"href":"https:\/\/soldadoadrianojose.com.br\/index.php\/wp-json\/wp\/v2\/comments?post=3382"}],"version-history":[{"count":1,"href":"https:\/\/soldadoadrianojose.com.br\/index.php\/wp-json\/wp\/v2\/posts\/3382\/revisions"}],"predecessor-version":[{"id":3383,"href":"https:\/\/soldadoadrianojose.com.br\/index.php\/wp-json\/wp\/v2\/posts\/3382\/revisions\/3383"}],"wp:featuredmedia":[{"embeddable":true,"href":"https:\/\/soldadoadrianojose.com.br\/index.php\/wp-json\/wp\/v2\/media\/2615"}],"wp:attachment":[{"href":"https:\/\/soldadoadrianojose.com.br\/index.php\/wp-json\/wp\/v2\/media?parent=3382"}],"wp:term":[{"taxonomy":"category","embeddable":true,"href":"https:\/\/soldadoadrianojose.com.br\/index.php\/wp-json\/wp\/v2\/categories?post=3382"},{"taxonomy":"post_tag","embeddable":true,"href":"https:\/\/soldadoadrianojose.com.br\/index.php\/wp-json\/wp\/v2\/tags?post=3382"}],"curies":[{"name":"wp","href":"https:\/\/api.w.org\/{rel}","templated":true}]}}