{"id":3386,"date":"2025-09-25T13:05:37","date_gmt":"2025-09-25T16:05:37","guid":{"rendered":"https:\/\/soldadoadrianojose.com.br\/?p=3386"},"modified":"2025-09-25T13:05:38","modified_gmt":"2025-09-25T16:05:38","slug":"deputado-adriano-jose-prestigia-lancamento-da-campanha-natal-show-de-premios-em-maringa","status":"publish","type":"post","link":"https:\/\/soldadoadrianojose.com.br\/index.php\/2025\/09\/25\/deputado-adriano-jose-prestigia-lancamento-da-campanha-natal-show-de-premios-em-maringa\/","title":{"rendered":"Deputado Adriano Jos\u00e9 prestigia lan\u00e7amento da campanha Natal Show de Pr\u00eamios em Maring\u00e1"},"content":{"rendered":"\n<p>Na manh\u00e3 desta quinta-feira (25), o deputado estadual Adriano Jos\u00e9 participou do lan\u00e7amento da campanha Natal Show de Pr\u00eamios, promovida pelo SIVAMAR em parceria com a Associa\u00e7\u00e3o Comercial do Paran\u00e1. O evento tamb\u00e9m contou com a presen\u00e7a do futuro secret\u00e1rio da Secretaria de Acelera\u00e7\u00e3o Econ\u00f4mica e Turismo de Maring\u00e1, Ann\u00edbal Bianchini.<\/p>\n\n\n\n<p><br>De acordo com o presidente do SIVAMAR, empres\u00e1rio Derc\u00edlio Constantino, a edi\u00e7\u00e3o deste ano promete movimentar ainda mais o com\u00e9rcio local, oferecendo diversos pr\u00eamios aos consumidores que comprarem nas lojas participantes. Entre eles, est\u00e3o cinco caminh\u00f5es de pr\u00eamios, cinco Smart TVs de 32 polegadas, duas motonetas Honda Pop, quatro estadias no Hotel SESC Caiob\u00e1 e um autom\u00f3vel Volkswagen Tera.<\/p>\n\n\n\n<p><br>Durante sua fala, o deputado Adriano Jos\u00e9 destacou a relev\u00e2ncia do com\u00e9rcio maringaense e afirmou que a iniciativa \u00e9 uma forma importante de incentivar os consumidores a valorizarem o com\u00e9rcio local, contando com o apoio do Governo do Paran\u00e1.<\/p>\n\n\n\n<p><br>J\u00e1 o futuro secret\u00e1rio Ann\u00edbal Bianchini ressaltou que a parceria entre o SIVAMAR e a Associa\u00e7\u00e3o Comercial do Paran\u00e1 ser\u00e1 fundamental para fortalecer e fomentar a economia de Maring\u00e1, al\u00e9m de criar novas oportunidades para os empres\u00e1rios da cidade.<\/p>\n\n\n\n<figure class=\"wp-block-image size-large\"><img fetchpriority=\"high\" decoding=\"async\" width=\"1024\" height=\"768\" src=\"https:\/\/soldadoadrianojose.com.br\/wp-content\/uploads\/2025\/09\/WhatsApp-Image-2025-09-25-at-12.39.08-1-1024x768.jpeg\" alt=\"\" class=\"wp-image-3390\" srcset=\"https:\/\/soldadoadrianojose.com.br\/wp-content\/uploads\/2025\/09\/WhatsApp-Image-2025-09-25-at-12.39.08-1-1024x768.jpeg 1024w, https:\/\/soldadoadrianojose.com.br\/wp-content\/uploads\/2025\/09\/WhatsApp-Image-2025-09-25-at-12.39.08-1-300x225.jpeg 300w, https:\/\/soldadoadrianojose.com.br\/wp-content\/uploads\/2025\/09\/WhatsApp-Image-2025-09-25-at-12.39.08-1-768x576.jpeg 768w, https:\/\/soldadoadrianojose.com.br\/wp-content\/uploads\/2025\/09\/WhatsApp-Image-2025-09-25-at-12.39.08-1.jpeg 1280w\" sizes=\"(max-width: 1024px) 100vw, 1024px\" \/><\/figure>\n","protected":false},"excerpt":{"rendered":"<p>Na manh\u00e3 desta quinta-feira (25), o deputado estadual Adriano Jos\u00e9 participou do lan\u00e7amento da campanha Natal Show de Pr\u00eamios, promovida pelo SIVAMAR em parceria com a Associa\u00e7\u00e3o Comercial do Paran\u00e1. O evento tamb\u00e9m contou com a presen\u00e7a do futuro secret\u00e1rio da Secretaria de Acelera\u00e7\u00e3o Econ\u00f4mica e Turismo de Maring\u00e1, Ann\u00edbal Bianchini. De acordo com o [&hellip;]<\/p>\n","protected":false},"author":3,"featured_media":3388,"comment_status":"open","ping_status":"open","sticky":false,"template":"","format":"standard","meta":{"footnotes":""},"categories":[1],"tags":[],"class_list":["post-3386","post","type-post","status-publish","format-standard","has-post-thumbnail","hentry","category-gabinete-sd"],"yoast_head":"<!-- This site is optimized with the Yoast SEO plugin v27.4 - https:\/\/yoast.com\/product\/yoast-seo-wordpress\/ -->\n<title>Deputado Adriano Jos\u00e9 prestigia lan\u00e7amento da campanha Natal Show de Pr\u00eamios em Maring\u00e1 - Deputado Adriano Jos\u00e9<\/title>\n<meta name=\"robots\" content=\"index, follow, max-snippet:-1, max-image-preview:large, max-video-preview:-1\" \/>\n<link rel=\"canonical\" href=\"https:\/\/soldadoadrianojose.com.br\/index.php\/2025\/09\/25\/deputado-adriano-jose-prestigia-lancamento-da-campanha-natal-show-de-premios-em-maringa\/\" \/>\n<meta property=\"og:locale\" content=\"pt_BR\" \/>\n<meta property=\"og:type\" content=\"article\" \/>\n<meta property=\"og:title\" content=\"Deputado Adriano Jos\u00e9 prestigia lan\u00e7amento da campanha Natal Show de Pr\u00eamios em Maring\u00e1 - Deputado Adriano Jos\u00e9\" \/>\n<meta property=\"og:description\" content=\"Na manh\u00e3 desta quinta-feira (25), o deputado estadual Adriano Jos\u00e9 participou do lan\u00e7amento da campanha Natal Show de Pr\u00eamios, promovida pelo SIVAMAR em parceria com a Associa\u00e7\u00e3o Comercial do Paran\u00e1. O evento tamb\u00e9m contou com a presen\u00e7a do futuro secret\u00e1rio da Secretaria de Acelera\u00e7\u00e3o Econ\u00f4mica e Turismo de Maring\u00e1, Ann\u00edbal Bianchini. De acordo com o [&hellip;]\" \/>\n<meta property=\"og:url\" content=\"https:\/\/soldadoadrianojose.com.br\/index.php\/2025\/09\/25\/deputado-adriano-jose-prestigia-lancamento-da-campanha-natal-show-de-premios-em-maringa\/\" \/>\n<meta property=\"og:site_name\" content=\"Deputado Adriano Jos\u00e9\" \/>\n<meta property=\"article:published_time\" content=\"2025-09-25T16:05:37+00:00\" \/>\n<meta property=\"article:modified_time\" content=\"2025-09-25T16:05:38+00:00\" \/>\n<meta property=\"og:image\" content=\"https:\/\/soldadoadrianojose.com.br\/wp-content\/uploads\/2025\/09\/WhatsApp-Image-2025-09-25-at-12.39.08.jpeg\" \/>\n\t<meta property=\"og:image:width\" content=\"960\" \/>\n\t<meta property=\"og:image:height\" content=\"1280\" \/>\n\t<meta property=\"og:image:type\" content=\"image\/jpeg\" \/>\n<meta name=\"author\" content=\"Emanuellig admin2\" \/>\n<meta name=\"twitter:card\" content=\"summary_large_image\" \/>\n<meta name=\"twitter:label1\" content=\"Escrito por\" \/>\n\t<meta name=\"twitter:data1\" content=\"Emanuellig admin2\" \/>\n\t<meta name=\"twitter:label2\" content=\"Est. tempo de leitura\" \/>\n\t<meta name=\"twitter:data2\" content=\"2 minutos\" \/>\n<script type=\"application\/ld+json\" class=\"yoast-schema-graph\">{\"@context\":\"https:\\\/\\\/schema.org\",\"@graph\":[{\"@type\":\"Article\",\"@id\":\"https:\\\/\\\/soldadoadrianojose.com.br\\\/index.php\\\/2025\\\/09\\\/25\\\/deputado-adriano-jose-prestigia-lancamento-da-campanha-natal-show-de-premios-em-maringa\\\/#article\",\"isPartOf\":{\"@id\":\"https:\\\/\\\/soldadoadrianojose.com.br\\\/index.php\\\/2025\\\/09\\\/25\\\/deputado-adriano-jose-prestigia-lancamento-da-campanha-natal-show-de-premios-em-maringa\\\/\"},\"author\":{\"name\":\"Emanuellig admin2\",\"@id\":\"https:\\\/\\\/soldadoadrianojose.com.br\\\/#\\\/schema\\\/person\\\/cd48425bd7edd36fa5917c88fbe1cec5\"},\"headline\":\"Deputado Adriano Jos\u00e9 prestigia lan\u00e7amento da campanha Natal Show de Pr\u00eamios em Maring\u00e1\",\"datePublished\":\"2025-09-25T16:05:37+00:00\",\"dateModified\":\"2025-09-25T16:05:38+00:00\",\"mainEntityOfPage\":{\"@id\":\"https:\\\/\\\/soldadoadrianojose.com.br\\\/index.php\\\/2025\\\/09\\\/25\\\/deputado-adriano-jose-prestigia-lancamento-da-campanha-natal-show-de-premios-em-maringa\\\/\"},\"wordCount\":226,\"commentCount\":0,\"publisher\":{\"@id\":\"https:\\\/\\\/soldadoadrianojose.com.br\\\/#\\\/schema\\\/person\\\/16f8e8defb7a4bd6c6082efcd1bdb6bb\"},\"image\":{\"@id\":\"https:\\\/\\\/soldadoadrianojose.com.br\\\/index.php\\\/2025\\\/09\\\/25\\\/deputado-adriano-jose-prestigia-lancamento-da-campanha-natal-show-de-premios-em-maringa\\\/#primaryimage\"},\"thumbnailUrl\":\"https:\\\/\\\/soldadoadrianojose.com.br\\\/wp-content\\\/uploads\\\/2025\\\/09\\\/WhatsApp-Image-2025-09-25-at-12.39.08.jpeg\",\"articleSection\":[\"GABINETE SD\"],\"inLanguage\":\"pt-BR\",\"potentialAction\":[{\"@type\":\"CommentAction\",\"name\":\"Comment\",\"target\":[\"https:\\\/\\\/soldadoadrianojose.com.br\\\/index.php\\\/2025\\\/09\\\/25\\\/deputado-adriano-jose-prestigia-lancamento-da-campanha-natal-show-de-premios-em-maringa\\\/#respond\"]}]},{\"@type\":\"WebPage\",\"@id\":\"https:\\\/\\\/soldadoadrianojose.com.br\\\/index.php\\\/2025\\\/09\\\/25\\\/deputado-adriano-jose-prestigia-lancamento-da-campanha-natal-show-de-premios-em-maringa\\\/\",\"url\":\"https:\\\/\\\/soldadoadrianojose.com.br\\\/index.php\\\/2025\\\/09\\\/25\\\/deputado-adriano-jose-prestigia-lancamento-da-campanha-natal-show-de-premios-em-maringa\\\/\",\"name\":\"Deputado Adriano Jos\u00e9 prestigia lan\u00e7amento da campanha Natal Show de Pr\u00eamios em Maring\u00e1 - Deputado Adriano Jos\u00e9\",\"isPartOf\":{\"@id\":\"https:\\\/\\\/soldadoadrianojose.com.br\\\/#website\"},\"primaryImageOfPage\":{\"@id\":\"https:\\\/\\\/soldadoadrianojose.com.br\\\/index.php\\\/2025\\\/09\\\/25\\\/deputado-adriano-jose-prestigia-lancamento-da-campanha-natal-show-de-premios-em-maringa\\\/#primaryimage\"},\"image\":{\"@id\":\"https:\\\/\\\/soldadoadrianojose.com.br\\\/index.php\\\/2025\\\/09\\\/25\\\/deputado-adriano-jose-prestigia-lancamento-da-campanha-natal-show-de-premios-em-maringa\\\/#primaryimage\"},\"thumbnailUrl\":\"https:\\\/\\\/soldadoadrianojose.com.br\\\/wp-content\\\/uploads\\\/2025\\\/09\\\/WhatsApp-Image-2025-09-25-at-12.39.08.jpeg\",\"datePublished\":\"2025-09-25T16:05:37+00:00\",\"dateModified\":\"2025-09-25T16:05:38+00:00\",\"breadcrumb\":{\"@id\":\"https:\\\/\\\/soldadoadrianojose.com.br\\\/index.php\\\/2025\\\/09\\\/25\\\/deputado-adriano-jose-prestigia-lancamento-da-campanha-natal-show-de-premios-em-maringa\\\/#breadcrumb\"},\"inLanguage\":\"pt-BR\",\"potentialAction\":[{\"@type\":\"ReadAction\",\"target\":[\"https:\\\/\\\/soldadoadrianojose.com.br\\\/index.php\\\/2025\\\/09\\\/25\\\/deputado-adriano-jose-prestigia-lancamento-da-campanha-natal-show-de-premios-em-maringa\\\/\"]}]},{\"@type\":\"ImageObject\",\"inLanguage\":\"pt-BR\",\"@id\":\"https:\\\/\\\/soldadoadrianojose.com.br\\\/index.php\\\/2025\\\/09\\\/25\\\/deputado-adriano-jose-prestigia-lancamento-da-campanha-natal-show-de-premios-em-maringa\\\/#primaryimage\",\"url\":\"https:\\\/\\\/soldadoadrianojose.com.br\\\/wp-content\\\/uploads\\\/2025\\\/09\\\/WhatsApp-Image-2025-09-25-at-12.39.08.jpeg\",\"contentUrl\":\"https:\\\/\\\/soldadoadrianojose.com.br\\\/wp-content\\\/uploads\\\/2025\\\/09\\\/WhatsApp-Image-2025-09-25-at-12.39.08.jpeg\",\"width\":960,\"height\":1280},{\"@type\":\"BreadcrumbList\",\"@id\":\"https:\\\/\\\/soldadoadrianojose.com.br\\\/index.php\\\/2025\\\/09\\\/25\\\/deputado-adriano-jose-prestigia-lancamento-da-campanha-natal-show-de-premios-em-maringa\\\/#breadcrumb\",\"itemListElement\":[{\"@type\":\"ListItem\",\"position\":1,\"name\":\"In\u00edcio\",\"item\":\"https:\\\/\\\/soldadoadrianojose.com.br\\\/\"},{\"@type\":\"ListItem\",\"position\":2,\"name\":\"Deputado Adriano Jos\u00e9 prestigia lan\u00e7amento da campanha Natal Show de Pr\u00eamios em Maring\u00e1\"}]},{\"@type\":\"WebSite\",\"@id\":\"https:\\\/\\\/soldadoadrianojose.com.br\\\/#website\",\"url\":\"https:\\\/\\\/soldadoadrianojose.com.br\\\/\",\"name\":\"Deputado Adriano Jos\u00e9\",\"description\":\"Nosso trabalho \u00e9 pelas pessoas\",\"publisher\":{\"@id\":\"https:\\\/\\\/soldadoadrianojose.com.br\\\/#\\\/schema\\\/person\\\/16f8e8defb7a4bd6c6082efcd1bdb6bb\"},\"potentialAction\":[{\"@type\":\"SearchAction\",\"target\":{\"@type\":\"EntryPoint\",\"urlTemplate\":\"https:\\\/\\\/soldadoadrianojose.com.br\\\/?s={search_term_string}\"},\"query-input\":{\"@type\":\"PropertyValueSpecification\",\"valueRequired\":true,\"valueName\":\"search_term_string\"}}],\"inLanguage\":\"pt-BR\"},{\"@type\":[\"Person\",\"Organization\"],\"@id\":\"https:\\\/\\\/soldadoadrianojose.com.br\\\/#\\\/schema\\\/person\\\/16f8e8defb7a4bd6c6082efcd1bdb6bb\",\"name\":\"soldadoadrianojose\",\"image\":{\"@type\":\"ImageObject\",\"inLanguage\":\"pt-BR\",\"@id\":\"https:\\\/\\\/soldadoadrianojose.com.br\\\/wp-content\\\/uploads\\\/2023\\\/02\\\/LOGO_CLEAR-5.png\",\"url\":\"https:\\\/\\\/soldadoadrianojose.com.br\\\/wp-content\\\/uploads\\\/2023\\\/02\\\/LOGO_CLEAR-5.png\",\"contentUrl\":\"https:\\\/\\\/soldadoadrianojose.com.br\\\/wp-content\\\/uploads\\\/2023\\\/02\\\/LOGO_CLEAR-5.png\",\"width\":3508,\"height\":998,\"caption\":\"soldadoadrianojose\"},\"logo\":{\"@id\":\"https:\\\/\\\/soldadoadrianojose.com.br\\\/wp-content\\\/uploads\\\/2023\\\/02\\\/LOGO_CLEAR-5.png\"},\"sameAs\":[\"https:\\\/\\\/soldadoadrianojose.com.br\"]},{\"@type\":\"Person\",\"@id\":\"https:\\\/\\\/soldadoadrianojose.com.br\\\/#\\\/schema\\\/person\\\/cd48425bd7edd36fa5917c88fbe1cec5\",\"name\":\"Emanuellig admin2\",\"image\":{\"@type\":\"ImageObject\",\"inLanguage\":\"pt-BR\",\"@id\":\"https:\\\/\\\/soldadoadrianojose.com.br\\\/wp-content\\\/litespeed\\\/avatar\\\/235a59a115f40132a17fc909e61bc31d.jpg?ver=1777092356\",\"url\":\"https:\\\/\\\/soldadoadrianojose.com.br\\\/wp-content\\\/litespeed\\\/avatar\\\/235a59a115f40132a17fc909e61bc31d.jpg?ver=1777092356\",\"contentUrl\":\"https:\\\/\\\/soldadoadrianojose.com.br\\\/wp-content\\\/litespeed\\\/avatar\\\/235a59a115f40132a17fc909e61bc31d.jpg?ver=1777092356\",\"caption\":\"Emanuellig admin2\"},\"url\":\"https:\\\/\\\/soldadoadrianojose.com.br\\\/index.php\\\/author\\\/manu\\\/\"}]}<\/script>\n<!-- \/ Yoast SEO plugin. -->","yoast_head_json":{"title":"Deputado Adriano Jos\u00e9 prestigia lan\u00e7amento da campanha Natal Show de Pr\u00eamios em Maring\u00e1 - Deputado Adriano Jos\u00e9","robots":{"index":"index","follow":"follow","max-snippet":"max-snippet:-1","max-image-preview":"max-image-preview:large","max-video-preview":"max-video-preview:-1"},"canonical":"https:\/\/soldadoadrianojose.com.br\/index.php\/2025\/09\/25\/deputado-adriano-jose-prestigia-lancamento-da-campanha-natal-show-de-premios-em-maringa\/","og_locale":"pt_BR","og_type":"article","og_title":"Deputado Adriano Jos\u00e9 prestigia lan\u00e7amento da campanha Natal Show de Pr\u00eamios em Maring\u00e1 - Deputado Adriano Jos\u00e9","og_description":"Na manh\u00e3 desta quinta-feira (25), o deputado estadual Adriano Jos\u00e9 participou do lan\u00e7amento da campanha Natal Show de Pr\u00eamios, promovida pelo SIVAMAR em parceria com a Associa\u00e7\u00e3o Comercial do Paran\u00e1. O evento tamb\u00e9m contou com a presen\u00e7a do futuro secret\u00e1rio da Secretaria de Acelera\u00e7\u00e3o Econ\u00f4mica e Turismo de Maring\u00e1, Ann\u00edbal Bianchini. De acordo com o [&hellip;]","og_url":"https:\/\/soldadoadrianojose.com.br\/index.php\/2025\/09\/25\/deputado-adriano-jose-prestigia-lancamento-da-campanha-natal-show-de-premios-em-maringa\/","og_site_name":"Deputado Adriano Jos\u00e9","article_published_time":"2025-09-25T16:05:37+00:00","article_modified_time":"2025-09-25T16:05:38+00:00","og_image":[{"width":960,"height":1280,"url":"https:\/\/soldadoadrianojose.com.br\/wp-content\/uploads\/2025\/09\/WhatsApp-Image-2025-09-25-at-12.39.08.jpeg","type":"image\/jpeg"}],"author":"Emanuellig admin2","twitter_card":"summary_large_image","twitter_misc":{"Escrito por":"Emanuellig admin2","Est. tempo de leitura":"2 minutos"},"schema":{"@context":"https:\/\/schema.org","@graph":[{"@type":"Article","@id":"https:\/\/soldadoadrianojose.com.br\/index.php\/2025\/09\/25\/deputado-adriano-jose-prestigia-lancamento-da-campanha-natal-show-de-premios-em-maringa\/#article","isPartOf":{"@id":"https:\/\/soldadoadrianojose.com.br\/index.php\/2025\/09\/25\/deputado-adriano-jose-prestigia-lancamento-da-campanha-natal-show-de-premios-em-maringa\/"},"author":{"name":"Emanuellig admin2","@id":"https:\/\/soldadoadrianojose.com.br\/#\/schema\/person\/cd48425bd7edd36fa5917c88fbe1cec5"},"headline":"Deputado Adriano Jos\u00e9 prestigia lan\u00e7amento da campanha Natal Show de Pr\u00eamios em Maring\u00e1","datePublished":"2025-09-25T16:05:37+00:00","dateModified":"2025-09-25T16:05:38+00:00","mainEntityOfPage":{"@id":"https:\/\/soldadoadrianojose.com.br\/index.php\/2025\/09\/25\/deputado-adriano-jose-prestigia-lancamento-da-campanha-natal-show-de-premios-em-maringa\/"},"wordCount":226,"commentCount":0,"publisher":{"@id":"https:\/\/soldadoadrianojose.com.br\/#\/schema\/person\/16f8e8defb7a4bd6c6082efcd1bdb6bb"},"image":{"@id":"https:\/\/soldadoadrianojose.com.br\/index.php\/2025\/09\/25\/deputado-adriano-jose-prestigia-lancamento-da-campanha-natal-show-de-premios-em-maringa\/#primaryimage"},"thumbnailUrl":"https:\/\/soldadoadrianojose.com.br\/wp-content\/uploads\/2025\/09\/WhatsApp-Image-2025-09-25-at-12.39.08.jpeg","articleSection":["GABINETE SD"],"inLanguage":"pt-BR","potentialAction":[{"@type":"CommentAction","name":"Comment","target":["https:\/\/soldadoadrianojose.com.br\/index.php\/2025\/09\/25\/deputado-adriano-jose-prestigia-lancamento-da-campanha-natal-show-de-premios-em-maringa\/#respond"]}]},{"@type":"WebPage","@id":"https:\/\/soldadoadrianojose.com.br\/index.php\/2025\/09\/25\/deputado-adriano-jose-prestigia-lancamento-da-campanha-natal-show-de-premios-em-maringa\/","url":"https:\/\/soldadoadrianojose.com.br\/index.php\/2025\/09\/25\/deputado-adriano-jose-prestigia-lancamento-da-campanha-natal-show-de-premios-em-maringa\/","name":"Deputado Adriano Jos\u00e9 prestigia lan\u00e7amento da campanha Natal Show de Pr\u00eamios em Maring\u00e1 - Deputado Adriano Jos\u00e9","isPartOf":{"@id":"https:\/\/soldadoadrianojose.com.br\/#website"},"primaryImageOfPage":{"@id":"https:\/\/soldadoadrianojose.com.br\/index.php\/2025\/09\/25\/deputado-adriano-jose-prestigia-lancamento-da-campanha-natal-show-de-premios-em-maringa\/#primaryimage"},"image":{"@id":"https:\/\/soldadoadrianojose.com.br\/index.php\/2025\/09\/25\/deputado-adriano-jose-prestigia-lancamento-da-campanha-natal-show-de-premios-em-maringa\/#primaryimage"},"thumbnailUrl":"https:\/\/soldadoadrianojose.com.br\/wp-content\/uploads\/2025\/09\/WhatsApp-Image-2025-09-25-at-12.39.08.jpeg","datePublished":"2025-09-25T16:05:37+00:00","dateModified":"2025-09-25T16:05:38+00:00","breadcrumb":{"@id":"https:\/\/soldadoadrianojose.com.br\/index.php\/2025\/09\/25\/deputado-adriano-jose-prestigia-lancamento-da-campanha-natal-show-de-premios-em-maringa\/#breadcrumb"},"inLanguage":"pt-BR","potentialAction":[{"@type":"ReadAction","target":["https:\/\/soldadoadrianojose.com.br\/index.php\/2025\/09\/25\/deputado-adriano-jose-prestigia-lancamento-da-campanha-natal-show-de-premios-em-maringa\/"]}]},{"@type":"ImageObject","inLanguage":"pt-BR","@id":"https:\/\/soldadoadrianojose.com.br\/index.php\/2025\/09\/25\/deputado-adriano-jose-prestigia-lancamento-da-campanha-natal-show-de-premios-em-maringa\/#primaryimage","url":"https:\/\/soldadoadrianojose.com.br\/wp-content\/uploads\/2025\/09\/WhatsApp-Image-2025-09-25-at-12.39.08.jpeg","contentUrl":"https:\/\/soldadoadrianojose.com.br\/wp-content\/uploads\/2025\/09\/WhatsApp-Image-2025-09-25-at-12.39.08.jpeg","width":960,"height":1280},{"@type":"BreadcrumbList","@id":"https:\/\/soldadoadrianojose.com.br\/index.php\/2025\/09\/25\/deputado-adriano-jose-prestigia-lancamento-da-campanha-natal-show-de-premios-em-maringa\/#breadcrumb","itemListElement":[{"@type":"ListItem","position":1,"name":"In\u00edcio","item":"https:\/\/soldadoadrianojose.com.br\/"},{"@type":"ListItem","position":2,"name":"Deputado Adriano Jos\u00e9 prestigia lan\u00e7amento da campanha Natal Show de Pr\u00eamios em Maring\u00e1"}]},{"@type":"WebSite","@id":"https:\/\/soldadoadrianojose.com.br\/#website","url":"https:\/\/soldadoadrianojose.com.br\/","name":"Deputado Adriano Jos\u00e9","description":"Nosso trabalho \u00e9 pelas pessoas","publisher":{"@id":"https:\/\/soldadoadrianojose.com.br\/#\/schema\/person\/16f8e8defb7a4bd6c6082efcd1bdb6bb"},"potentialAction":[{"@type":"SearchAction","target":{"@type":"EntryPoint","urlTemplate":"https:\/\/soldadoadrianojose.com.br\/?s={search_term_string}"},"query-input":{"@type":"PropertyValueSpecification","valueRequired":true,"valueName":"search_term_string"}}],"inLanguage":"pt-BR"},{"@type":["Person","Organization"],"@id":"https:\/\/soldadoadrianojose.com.br\/#\/schema\/person\/16f8e8defb7a4bd6c6082efcd1bdb6bb","name":"soldadoadrianojose","image":{"@type":"ImageObject","inLanguage":"pt-BR","@id":"https:\/\/soldadoadrianojose.com.br\/wp-content\/uploads\/2023\/02\/LOGO_CLEAR-5.png","url":"https:\/\/soldadoadrianojose.com.br\/wp-content\/uploads\/2023\/02\/LOGO_CLEAR-5.png","contentUrl":"https:\/\/soldadoadrianojose.com.br\/wp-content\/uploads\/2023\/02\/LOGO_CLEAR-5.png","width":3508,"height":998,"caption":"soldadoadrianojose"},"logo":{"@id":"https:\/\/soldadoadrianojose.com.br\/wp-content\/uploads\/2023\/02\/LOGO_CLEAR-5.png"},"sameAs":["https:\/\/soldadoadrianojose.com.br"]},{"@type":"Person","@id":"https:\/\/soldadoadrianojose.com.br\/#\/schema\/person\/cd48425bd7edd36fa5917c88fbe1cec5","name":"Emanuellig admin2","image":{"@type":"ImageObject","inLanguage":"pt-BR","@id":"https:\/\/soldadoadrianojose.com.br\/wp-content\/litespeed\/avatar\/235a59a115f40132a17fc909e61bc31d.jpg?ver=1777092356","url":"https:\/\/soldadoadrianojose.com.br\/wp-content\/litespeed\/avatar\/235a59a115f40132a17fc909e61bc31d.jpg?ver=1777092356","contentUrl":"https:\/\/soldadoadrianojose.com.br\/wp-content\/litespeed\/avatar\/235a59a115f40132a17fc909e61bc31d.jpg?ver=1777092356","caption":"Emanuellig admin2"},"url":"https:\/\/soldadoadrianojose.com.br\/index.php\/author\/manu\/"}]}},"jetpack_featured_media_url":"https:\/\/soldadoadrianojose.com.br\/wp-content\/uploads\/2025\/09\/WhatsApp-Image-2025-09-25-at-12.39.08.jpeg","_links":{"self":[{"href":"https:\/\/soldadoadrianojose.com.br\/index.php\/wp-json\/wp\/v2\/posts\/3386","targetHints":{"allow":["GET"]}}],"collection":[{"href":"https:\/\/soldadoadrianojose.com.br\/index.php\/wp-json\/wp\/v2\/posts"}],"about":[{"href":"https:\/\/soldadoadrianojose.com.br\/index.php\/wp-json\/wp\/v2\/types\/post"}],"author":[{"embeddable":true,"href":"https:\/\/soldadoadrianojose.com.br\/index.php\/wp-json\/wp\/v2\/users\/3"}],"replies":[{"embeddable":true,"href":"https:\/\/soldadoadrianojose.com.br\/index.php\/wp-json\/wp\/v2\/comments?post=3386"}],"version-history":[{"count":1,"href":"https:\/\/soldadoadrianojose.com.br\/index.php\/wp-json\/wp\/v2\/posts\/3386\/revisions"}],"predecessor-version":[{"id":3391,"href":"https:\/\/soldadoadrianojose.com.br\/index.php\/wp-json\/wp\/v2\/posts\/3386\/revisions\/3391"}],"wp:featuredmedia":[{"embeddable":true,"href":"https:\/\/soldadoadrianojose.com.br\/index.php\/wp-json\/wp\/v2\/media\/3388"}],"wp:attachment":[{"href":"https:\/\/soldadoadrianojose.com.br\/index.php\/wp-json\/wp\/v2\/media?parent=3386"}],"wp:term":[{"taxonomy":"category","embeddable":true,"href":"https:\/\/soldadoadrianojose.com.br\/index.php\/wp-json\/wp\/v2\/categories?post=3386"},{"taxonomy":"post_tag","embeddable":true,"href":"https:\/\/soldadoadrianojose.com.br\/index.php\/wp-json\/wp\/v2\/tags?post=3386"}],"curies":[{"name":"wp","href":"https:\/\/api.w.org\/{rel}","templated":true}]}}