{"id":3417,"date":"2025-09-29T10:51:48","date_gmt":"2025-09-29T13:51:48","guid":{"rendered":"https:\/\/soldadoadrianojose.com.br\/?p=3417"},"modified":"2025-09-29T10:51:54","modified_gmt":"2025-09-29T13:51:54","slug":"deputado-adriano-jose-parabeniza-os-172-anos-da-policia-civil-do-parana","status":"publish","type":"post","link":"https:\/\/soldadoadrianojose.com.br\/index.php\/2025\/09\/29\/deputado-adriano-jose-parabeniza-os-172-anos-da-policia-civil-do-parana\/","title":{"rendered":"Deputado Adriano Jos\u00e9 parabeniza os 172 anos da Pol\u00edcia Civil do Paran\u00e1"},"content":{"rendered":"\n<p>A Pol\u00edcia Civil do Paran\u00e1 (PCPR) celebrou, no domingo (28), seus 172 anos de hist\u00f3ria, marcada pela coragem, dedica\u00e7\u00e3o e compromisso com a sociedade. Criada em 1853, por decreto do imperador Dom Pedro II, a institui\u00e7\u00e3o construiu uma trajet\u00f3ria s\u00f3lida de prote\u00e7\u00e3o aos paranaenses, sempre em busca da justi\u00e7a e da cidadania.<br><br>O deputado estadual Adriano Jos\u00e9 destacou a import\u00e2ncia da data e fez quest\u00e3o de parabenizar cada policial civil que, com coragem e profissionalismo, garante a seguran\u00e7a da popula\u00e7\u00e3o. \u201cEssa \u00e9 uma homenagem a homens e mulheres que dedicaram suas vidas \u00e0 prote\u00e7\u00e3o do nosso Estado. Cada conquista da Pol\u00edcia Civil \u00e9 fruto do esfor\u00e7o coletivo de gera\u00e7\u00f5es de servidores que n\u00e3o medem esfor\u00e7os para servir a sociedade\u201d, ressaltou.<br><br>Nos \u00faltimos anos, a PCPR tem ampliado seu alcance, aproximando-se ainda mais da popula\u00e7\u00e3o com iniciativas como o programa PCPR na Comunidade, al\u00e9m de investimentos em moderniza\u00e7\u00e3o e tecnologia. Esse trabalho, segundo o deputado, \u00e9 reconhecido pela sociedade e pelo governo estadual, liderado pelo governador Ratinho Junior, que tem fortalecido as for\u00e7as de seguran\u00e7a em todo o Paran\u00e1.<br><br>Adriano Jos\u00e9 reafirmou ainda que o seu gabinete na Assembleia Legislativa est\u00e1 sempre aberto para receber os policiais civis e atender suas demandas. \u201cSempre lutei pelos policiais civis e seguirei ao lado dessa institui\u00e7\u00e3o essencial, garantindo que suas vozes sejam ouvidas e suas necessidades respeitadas. <br>Parab\u00e9ns, Pol\u00edcia Civil do Paran\u00e1, pelos 172 anos de dedica\u00e7\u00e3o e bravura\u201d, finalizou o parlamentar.<\/p>\n\n\n\n<p><\/p>\n","protected":false},"excerpt":{"rendered":"<p>A Pol\u00edcia Civil do Paran\u00e1 (PCPR) celebrou, no domingo (28), seus 172 anos de hist\u00f3ria, marcada pela coragem, dedica\u00e7\u00e3o e compromisso com a sociedade. Criada em 1853, por decreto do imperador Dom Pedro II, a institui\u00e7\u00e3o construiu uma trajet\u00f3ria s\u00f3lida de prote\u00e7\u00e3o aos paranaenses, sempre em busca da justi\u00e7a e da cidadania. O deputado estadual [&hellip;]<\/p>\n","protected":false},"author":3,"featured_media":3418,"comment_status":"open","ping_status":"open","sticky":false,"template":"","format":"standard","meta":{"footnotes":""},"categories":[1],"tags":[],"class_list":["post-3417","post","type-post","status-publish","format-standard","has-post-thumbnail","hentry","category-gabinete-sd"],"yoast_head":"<!-- This site is optimized with the Yoast SEO plugin v27.4 - https:\/\/yoast.com\/product\/yoast-seo-wordpress\/ -->\n<title>Deputado Adriano Jos\u00e9 parabeniza os 172 anos da Pol\u00edcia Civil do Paran\u00e1 - Deputado Adriano Jos\u00e9<\/title>\n<meta name=\"robots\" content=\"index, follow, max-snippet:-1, max-image-preview:large, max-video-preview:-1\" \/>\n<link rel=\"canonical\" href=\"https:\/\/soldadoadrianojose.com.br\/index.php\/2025\/09\/29\/deputado-adriano-jose-parabeniza-os-172-anos-da-policia-civil-do-parana\/\" \/>\n<meta property=\"og:locale\" content=\"pt_BR\" \/>\n<meta property=\"og:type\" content=\"article\" \/>\n<meta property=\"og:title\" content=\"Deputado Adriano Jos\u00e9 parabeniza os 172 anos da Pol\u00edcia Civil do Paran\u00e1 - Deputado Adriano Jos\u00e9\" \/>\n<meta property=\"og:description\" content=\"A Pol\u00edcia Civil do Paran\u00e1 (PCPR) celebrou, no domingo (28), seus 172 anos de hist\u00f3ria, marcada pela coragem, dedica\u00e7\u00e3o e compromisso com a sociedade. Criada em 1853, por decreto do imperador Dom Pedro II, a institui\u00e7\u00e3o construiu uma trajet\u00f3ria s\u00f3lida de prote\u00e7\u00e3o aos paranaenses, sempre em busca da justi\u00e7a e da cidadania. O deputado estadual [&hellip;]\" \/>\n<meta property=\"og:url\" content=\"https:\/\/soldadoadrianojose.com.br\/index.php\/2025\/09\/29\/deputado-adriano-jose-parabeniza-os-172-anos-da-policia-civil-do-parana\/\" \/>\n<meta property=\"og:site_name\" content=\"Deputado Adriano Jos\u00e9\" \/>\n<meta property=\"article:published_time\" content=\"2025-09-29T13:51:48+00:00\" \/>\n<meta property=\"article:modified_time\" content=\"2025-09-29T13:51:54+00:00\" \/>\n<meta property=\"og:image\" content=\"https:\/\/soldadoadrianojose.com.br\/wp-content\/uploads\/2025\/09\/211022_untitled_7537_1_0_1_2_1.jpg\" \/>\n\t<meta property=\"og:image:width\" content=\"1272\" \/>\n\t<meta property=\"og:image:height\" content=\"846\" \/>\n\t<meta property=\"og:image:type\" content=\"image\/jpeg\" \/>\n<meta name=\"author\" content=\"Emanuellig admin2\" \/>\n<meta name=\"twitter:card\" content=\"summary_large_image\" \/>\n<meta name=\"twitter:label1\" content=\"Escrito por\" \/>\n\t<meta name=\"twitter:data1\" content=\"Emanuellig admin2\" \/>\n\t<meta name=\"twitter:label2\" content=\"Est. tempo de leitura\" \/>\n\t<meta name=\"twitter:data2\" content=\"2 minutos\" \/>\n<script type=\"application\/ld+json\" class=\"yoast-schema-graph\">{\"@context\":\"https:\\\/\\\/schema.org\",\"@graph\":[{\"@type\":\"Article\",\"@id\":\"https:\\\/\\\/soldadoadrianojose.com.br\\\/index.php\\\/2025\\\/09\\\/29\\\/deputado-adriano-jose-parabeniza-os-172-anos-da-policia-civil-do-parana\\\/#article\",\"isPartOf\":{\"@id\":\"https:\\\/\\\/soldadoadrianojose.com.br\\\/index.php\\\/2025\\\/09\\\/29\\\/deputado-adriano-jose-parabeniza-os-172-anos-da-policia-civil-do-parana\\\/\"},\"author\":{\"name\":\"Emanuellig admin2\",\"@id\":\"https:\\\/\\\/soldadoadrianojose.com.br\\\/#\\\/schema\\\/person\\\/cd48425bd7edd36fa5917c88fbe1cec5\"},\"headline\":\"Deputado Adriano Jos\u00e9 parabeniza os 172 anos da Pol\u00edcia Civil do Paran\u00e1\",\"datePublished\":\"2025-09-29T13:51:48+00:00\",\"dateModified\":\"2025-09-29T13:51:54+00:00\",\"mainEntityOfPage\":{\"@id\":\"https:\\\/\\\/soldadoadrianojose.com.br\\\/index.php\\\/2025\\\/09\\\/29\\\/deputado-adriano-jose-parabeniza-os-172-anos-da-policia-civil-do-parana\\\/\"},\"wordCount\":269,\"commentCount\":0,\"publisher\":{\"@id\":\"https:\\\/\\\/soldadoadrianojose.com.br\\\/#\\\/schema\\\/person\\\/16f8e8defb7a4bd6c6082efcd1bdb6bb\"},\"image\":{\"@id\":\"https:\\\/\\\/soldadoadrianojose.com.br\\\/index.php\\\/2025\\\/09\\\/29\\\/deputado-adriano-jose-parabeniza-os-172-anos-da-policia-civil-do-parana\\\/#primaryimage\"},\"thumbnailUrl\":\"https:\\\/\\\/soldadoadrianojose.com.br\\\/wp-content\\\/uploads\\\/2025\\\/09\\\/211022_untitled_7537_1_0_1_2_1.jpg\",\"articleSection\":[\"GABINETE SD\"],\"inLanguage\":\"pt-BR\",\"potentialAction\":[{\"@type\":\"CommentAction\",\"name\":\"Comment\",\"target\":[\"https:\\\/\\\/soldadoadrianojose.com.br\\\/index.php\\\/2025\\\/09\\\/29\\\/deputado-adriano-jose-parabeniza-os-172-anos-da-policia-civil-do-parana\\\/#respond\"]}]},{\"@type\":\"WebPage\",\"@id\":\"https:\\\/\\\/soldadoadrianojose.com.br\\\/index.php\\\/2025\\\/09\\\/29\\\/deputado-adriano-jose-parabeniza-os-172-anos-da-policia-civil-do-parana\\\/\",\"url\":\"https:\\\/\\\/soldadoadrianojose.com.br\\\/index.php\\\/2025\\\/09\\\/29\\\/deputado-adriano-jose-parabeniza-os-172-anos-da-policia-civil-do-parana\\\/\",\"name\":\"Deputado Adriano Jos\u00e9 parabeniza os 172 anos da Pol\u00edcia Civil do Paran\u00e1 - Deputado Adriano Jos\u00e9\",\"isPartOf\":{\"@id\":\"https:\\\/\\\/soldadoadrianojose.com.br\\\/#website\"},\"primaryImageOfPage\":{\"@id\":\"https:\\\/\\\/soldadoadrianojose.com.br\\\/index.php\\\/2025\\\/09\\\/29\\\/deputado-adriano-jose-parabeniza-os-172-anos-da-policia-civil-do-parana\\\/#primaryimage\"},\"image\":{\"@id\":\"https:\\\/\\\/soldadoadrianojose.com.br\\\/index.php\\\/2025\\\/09\\\/29\\\/deputado-adriano-jose-parabeniza-os-172-anos-da-policia-civil-do-parana\\\/#primaryimage\"},\"thumbnailUrl\":\"https:\\\/\\\/soldadoadrianojose.com.br\\\/wp-content\\\/uploads\\\/2025\\\/09\\\/211022_untitled_7537_1_0_1_2_1.jpg\",\"datePublished\":\"2025-09-29T13:51:48+00:00\",\"dateModified\":\"2025-09-29T13:51:54+00:00\",\"breadcrumb\":{\"@id\":\"https:\\\/\\\/soldadoadrianojose.com.br\\\/index.php\\\/2025\\\/09\\\/29\\\/deputado-adriano-jose-parabeniza-os-172-anos-da-policia-civil-do-parana\\\/#breadcrumb\"},\"inLanguage\":\"pt-BR\",\"potentialAction\":[{\"@type\":\"ReadAction\",\"target\":[\"https:\\\/\\\/soldadoadrianojose.com.br\\\/index.php\\\/2025\\\/09\\\/29\\\/deputado-adriano-jose-parabeniza-os-172-anos-da-policia-civil-do-parana\\\/\"]}]},{\"@type\":\"ImageObject\",\"inLanguage\":\"pt-BR\",\"@id\":\"https:\\\/\\\/soldadoadrianojose.com.br\\\/index.php\\\/2025\\\/09\\\/29\\\/deputado-adriano-jose-parabeniza-os-172-anos-da-policia-civil-do-parana\\\/#primaryimage\",\"url\":\"https:\\\/\\\/soldadoadrianojose.com.br\\\/wp-content\\\/uploads\\\/2025\\\/09\\\/211022_untitled_7537_1_0_1_2_1.jpg\",\"contentUrl\":\"https:\\\/\\\/soldadoadrianojose.com.br\\\/wp-content\\\/uploads\\\/2025\\\/09\\\/211022_untitled_7537_1_0_1_2_1.jpg\",\"width\":1272,\"height\":846},{\"@type\":\"BreadcrumbList\",\"@id\":\"https:\\\/\\\/soldadoadrianojose.com.br\\\/index.php\\\/2025\\\/09\\\/29\\\/deputado-adriano-jose-parabeniza-os-172-anos-da-policia-civil-do-parana\\\/#breadcrumb\",\"itemListElement\":[{\"@type\":\"ListItem\",\"position\":1,\"name\":\"In\u00edcio\",\"item\":\"https:\\\/\\\/soldadoadrianojose.com.br\\\/\"},{\"@type\":\"ListItem\",\"position\":2,\"name\":\"Deputado Adriano Jos\u00e9 parabeniza os 172 anos da Pol\u00edcia Civil do Paran\u00e1\"}]},{\"@type\":\"WebSite\",\"@id\":\"https:\\\/\\\/soldadoadrianojose.com.br\\\/#website\",\"url\":\"https:\\\/\\\/soldadoadrianojose.com.br\\\/\",\"name\":\"Deputado Adriano Jos\u00e9\",\"description\":\"Nosso trabalho \u00e9 pelas pessoas\",\"publisher\":{\"@id\":\"https:\\\/\\\/soldadoadrianojose.com.br\\\/#\\\/schema\\\/person\\\/16f8e8defb7a4bd6c6082efcd1bdb6bb\"},\"potentialAction\":[{\"@type\":\"SearchAction\",\"target\":{\"@type\":\"EntryPoint\",\"urlTemplate\":\"https:\\\/\\\/soldadoadrianojose.com.br\\\/?s={search_term_string}\"},\"query-input\":{\"@type\":\"PropertyValueSpecification\",\"valueRequired\":true,\"valueName\":\"search_term_string\"}}],\"inLanguage\":\"pt-BR\"},{\"@type\":[\"Person\",\"Organization\"],\"@id\":\"https:\\\/\\\/soldadoadrianojose.com.br\\\/#\\\/schema\\\/person\\\/16f8e8defb7a4bd6c6082efcd1bdb6bb\",\"name\":\"soldadoadrianojose\",\"image\":{\"@type\":\"ImageObject\",\"inLanguage\":\"pt-BR\",\"@id\":\"https:\\\/\\\/soldadoadrianojose.com.br\\\/wp-content\\\/uploads\\\/2023\\\/02\\\/LOGO_CLEAR-5.png\",\"url\":\"https:\\\/\\\/soldadoadrianojose.com.br\\\/wp-content\\\/uploads\\\/2023\\\/02\\\/LOGO_CLEAR-5.png\",\"contentUrl\":\"https:\\\/\\\/soldadoadrianojose.com.br\\\/wp-content\\\/uploads\\\/2023\\\/02\\\/LOGO_CLEAR-5.png\",\"width\":3508,\"height\":998,\"caption\":\"soldadoadrianojose\"},\"logo\":{\"@id\":\"https:\\\/\\\/soldadoadrianojose.com.br\\\/wp-content\\\/uploads\\\/2023\\\/02\\\/LOGO_CLEAR-5.png\"},\"sameAs\":[\"https:\\\/\\\/soldadoadrianojose.com.br\"]},{\"@type\":\"Person\",\"@id\":\"https:\\\/\\\/soldadoadrianojose.com.br\\\/#\\\/schema\\\/person\\\/cd48425bd7edd36fa5917c88fbe1cec5\",\"name\":\"Emanuellig admin2\",\"image\":{\"@type\":\"ImageObject\",\"inLanguage\":\"pt-BR\",\"@id\":\"https:\\\/\\\/soldadoadrianojose.com.br\\\/wp-content\\\/litespeed\\\/avatar\\\/235a59a115f40132a17fc909e61bc31d.jpg?ver=1777092356\",\"url\":\"https:\\\/\\\/soldadoadrianojose.com.br\\\/wp-content\\\/litespeed\\\/avatar\\\/235a59a115f40132a17fc909e61bc31d.jpg?ver=1777092356\",\"contentUrl\":\"https:\\\/\\\/soldadoadrianojose.com.br\\\/wp-content\\\/litespeed\\\/avatar\\\/235a59a115f40132a17fc909e61bc31d.jpg?ver=1777092356\",\"caption\":\"Emanuellig admin2\"},\"url\":\"https:\\\/\\\/soldadoadrianojose.com.br\\\/index.php\\\/author\\\/manu\\\/\"}]}<\/script>\n<!-- \/ Yoast SEO plugin. -->","yoast_head_json":{"title":"Deputado Adriano Jos\u00e9 parabeniza os 172 anos da Pol\u00edcia Civil do Paran\u00e1 - Deputado Adriano Jos\u00e9","robots":{"index":"index","follow":"follow","max-snippet":"max-snippet:-1","max-image-preview":"max-image-preview:large","max-video-preview":"max-video-preview:-1"},"canonical":"https:\/\/soldadoadrianojose.com.br\/index.php\/2025\/09\/29\/deputado-adriano-jose-parabeniza-os-172-anos-da-policia-civil-do-parana\/","og_locale":"pt_BR","og_type":"article","og_title":"Deputado Adriano Jos\u00e9 parabeniza os 172 anos da Pol\u00edcia Civil do Paran\u00e1 - Deputado Adriano Jos\u00e9","og_description":"A Pol\u00edcia Civil do Paran\u00e1 (PCPR) celebrou, no domingo (28), seus 172 anos de hist\u00f3ria, marcada pela coragem, dedica\u00e7\u00e3o e compromisso com a sociedade. Criada em 1853, por decreto do imperador Dom Pedro II, a institui\u00e7\u00e3o construiu uma trajet\u00f3ria s\u00f3lida de prote\u00e7\u00e3o aos paranaenses, sempre em busca da justi\u00e7a e da cidadania. O deputado estadual [&hellip;]","og_url":"https:\/\/soldadoadrianojose.com.br\/index.php\/2025\/09\/29\/deputado-adriano-jose-parabeniza-os-172-anos-da-policia-civil-do-parana\/","og_site_name":"Deputado Adriano Jos\u00e9","article_published_time":"2025-09-29T13:51:48+00:00","article_modified_time":"2025-09-29T13:51:54+00:00","og_image":[{"width":1272,"height":846,"url":"https:\/\/soldadoadrianojose.com.br\/wp-content\/uploads\/2025\/09\/211022_untitled_7537_1_0_1_2_1.jpg","type":"image\/jpeg"}],"author":"Emanuellig admin2","twitter_card":"summary_large_image","twitter_misc":{"Escrito por":"Emanuellig admin2","Est. tempo de leitura":"2 minutos"},"schema":{"@context":"https:\/\/schema.org","@graph":[{"@type":"Article","@id":"https:\/\/soldadoadrianojose.com.br\/index.php\/2025\/09\/29\/deputado-adriano-jose-parabeniza-os-172-anos-da-policia-civil-do-parana\/#article","isPartOf":{"@id":"https:\/\/soldadoadrianojose.com.br\/index.php\/2025\/09\/29\/deputado-adriano-jose-parabeniza-os-172-anos-da-policia-civil-do-parana\/"},"author":{"name":"Emanuellig admin2","@id":"https:\/\/soldadoadrianojose.com.br\/#\/schema\/person\/cd48425bd7edd36fa5917c88fbe1cec5"},"headline":"Deputado Adriano Jos\u00e9 parabeniza os 172 anos da Pol\u00edcia Civil do Paran\u00e1","datePublished":"2025-09-29T13:51:48+00:00","dateModified":"2025-09-29T13:51:54+00:00","mainEntityOfPage":{"@id":"https:\/\/soldadoadrianojose.com.br\/index.php\/2025\/09\/29\/deputado-adriano-jose-parabeniza-os-172-anos-da-policia-civil-do-parana\/"},"wordCount":269,"commentCount":0,"publisher":{"@id":"https:\/\/soldadoadrianojose.com.br\/#\/schema\/person\/16f8e8defb7a4bd6c6082efcd1bdb6bb"},"image":{"@id":"https:\/\/soldadoadrianojose.com.br\/index.php\/2025\/09\/29\/deputado-adriano-jose-parabeniza-os-172-anos-da-policia-civil-do-parana\/#primaryimage"},"thumbnailUrl":"https:\/\/soldadoadrianojose.com.br\/wp-content\/uploads\/2025\/09\/211022_untitled_7537_1_0_1_2_1.jpg","articleSection":["GABINETE SD"],"inLanguage":"pt-BR","potentialAction":[{"@type":"CommentAction","name":"Comment","target":["https:\/\/soldadoadrianojose.com.br\/index.php\/2025\/09\/29\/deputado-adriano-jose-parabeniza-os-172-anos-da-policia-civil-do-parana\/#respond"]}]},{"@type":"WebPage","@id":"https:\/\/soldadoadrianojose.com.br\/index.php\/2025\/09\/29\/deputado-adriano-jose-parabeniza-os-172-anos-da-policia-civil-do-parana\/","url":"https:\/\/soldadoadrianojose.com.br\/index.php\/2025\/09\/29\/deputado-adriano-jose-parabeniza-os-172-anos-da-policia-civil-do-parana\/","name":"Deputado Adriano Jos\u00e9 parabeniza os 172 anos da Pol\u00edcia Civil do Paran\u00e1 - Deputado Adriano Jos\u00e9","isPartOf":{"@id":"https:\/\/soldadoadrianojose.com.br\/#website"},"primaryImageOfPage":{"@id":"https:\/\/soldadoadrianojose.com.br\/index.php\/2025\/09\/29\/deputado-adriano-jose-parabeniza-os-172-anos-da-policia-civil-do-parana\/#primaryimage"},"image":{"@id":"https:\/\/soldadoadrianojose.com.br\/index.php\/2025\/09\/29\/deputado-adriano-jose-parabeniza-os-172-anos-da-policia-civil-do-parana\/#primaryimage"},"thumbnailUrl":"https:\/\/soldadoadrianojose.com.br\/wp-content\/uploads\/2025\/09\/211022_untitled_7537_1_0_1_2_1.jpg","datePublished":"2025-09-29T13:51:48+00:00","dateModified":"2025-09-29T13:51:54+00:00","breadcrumb":{"@id":"https:\/\/soldadoadrianojose.com.br\/index.php\/2025\/09\/29\/deputado-adriano-jose-parabeniza-os-172-anos-da-policia-civil-do-parana\/#breadcrumb"},"inLanguage":"pt-BR","potentialAction":[{"@type":"ReadAction","target":["https:\/\/soldadoadrianojose.com.br\/index.php\/2025\/09\/29\/deputado-adriano-jose-parabeniza-os-172-anos-da-policia-civil-do-parana\/"]}]},{"@type":"ImageObject","inLanguage":"pt-BR","@id":"https:\/\/soldadoadrianojose.com.br\/index.php\/2025\/09\/29\/deputado-adriano-jose-parabeniza-os-172-anos-da-policia-civil-do-parana\/#primaryimage","url":"https:\/\/soldadoadrianojose.com.br\/wp-content\/uploads\/2025\/09\/211022_untitled_7537_1_0_1_2_1.jpg","contentUrl":"https:\/\/soldadoadrianojose.com.br\/wp-content\/uploads\/2025\/09\/211022_untitled_7537_1_0_1_2_1.jpg","width":1272,"height":846},{"@type":"BreadcrumbList","@id":"https:\/\/soldadoadrianojose.com.br\/index.php\/2025\/09\/29\/deputado-adriano-jose-parabeniza-os-172-anos-da-policia-civil-do-parana\/#breadcrumb","itemListElement":[{"@type":"ListItem","position":1,"name":"In\u00edcio","item":"https:\/\/soldadoadrianojose.com.br\/"},{"@type":"ListItem","position":2,"name":"Deputado Adriano Jos\u00e9 parabeniza os 172 anos da Pol\u00edcia Civil do Paran\u00e1"}]},{"@type":"WebSite","@id":"https:\/\/soldadoadrianojose.com.br\/#website","url":"https:\/\/soldadoadrianojose.com.br\/","name":"Deputado Adriano Jos\u00e9","description":"Nosso trabalho \u00e9 pelas pessoas","publisher":{"@id":"https:\/\/soldadoadrianojose.com.br\/#\/schema\/person\/16f8e8defb7a4bd6c6082efcd1bdb6bb"},"potentialAction":[{"@type":"SearchAction","target":{"@type":"EntryPoint","urlTemplate":"https:\/\/soldadoadrianojose.com.br\/?s={search_term_string}"},"query-input":{"@type":"PropertyValueSpecification","valueRequired":true,"valueName":"search_term_string"}}],"inLanguage":"pt-BR"},{"@type":["Person","Organization"],"@id":"https:\/\/soldadoadrianojose.com.br\/#\/schema\/person\/16f8e8defb7a4bd6c6082efcd1bdb6bb","name":"soldadoadrianojose","image":{"@type":"ImageObject","inLanguage":"pt-BR","@id":"https:\/\/soldadoadrianojose.com.br\/wp-content\/uploads\/2023\/02\/LOGO_CLEAR-5.png","url":"https:\/\/soldadoadrianojose.com.br\/wp-content\/uploads\/2023\/02\/LOGO_CLEAR-5.png","contentUrl":"https:\/\/soldadoadrianojose.com.br\/wp-content\/uploads\/2023\/02\/LOGO_CLEAR-5.png","width":3508,"height":998,"caption":"soldadoadrianojose"},"logo":{"@id":"https:\/\/soldadoadrianojose.com.br\/wp-content\/uploads\/2023\/02\/LOGO_CLEAR-5.png"},"sameAs":["https:\/\/soldadoadrianojose.com.br"]},{"@type":"Person","@id":"https:\/\/soldadoadrianojose.com.br\/#\/schema\/person\/cd48425bd7edd36fa5917c88fbe1cec5","name":"Emanuellig admin2","image":{"@type":"ImageObject","inLanguage":"pt-BR","@id":"https:\/\/soldadoadrianojose.com.br\/wp-content\/litespeed\/avatar\/235a59a115f40132a17fc909e61bc31d.jpg?ver=1777092356","url":"https:\/\/soldadoadrianojose.com.br\/wp-content\/litespeed\/avatar\/235a59a115f40132a17fc909e61bc31d.jpg?ver=1777092356","contentUrl":"https:\/\/soldadoadrianojose.com.br\/wp-content\/litespeed\/avatar\/235a59a115f40132a17fc909e61bc31d.jpg?ver=1777092356","caption":"Emanuellig admin2"},"url":"https:\/\/soldadoadrianojose.com.br\/index.php\/author\/manu\/"}]}},"jetpack_featured_media_url":"https:\/\/soldadoadrianojose.com.br\/wp-content\/uploads\/2025\/09\/211022_untitled_7537_1_0_1_2_1.jpg","_links":{"self":[{"href":"https:\/\/soldadoadrianojose.com.br\/index.php\/wp-json\/wp\/v2\/posts\/3417","targetHints":{"allow":["GET"]}}],"collection":[{"href":"https:\/\/soldadoadrianojose.com.br\/index.php\/wp-json\/wp\/v2\/posts"}],"about":[{"href":"https:\/\/soldadoadrianojose.com.br\/index.php\/wp-json\/wp\/v2\/types\/post"}],"author":[{"embeddable":true,"href":"https:\/\/soldadoadrianojose.com.br\/index.php\/wp-json\/wp\/v2\/users\/3"}],"replies":[{"embeddable":true,"href":"https:\/\/soldadoadrianojose.com.br\/index.php\/wp-json\/wp\/v2\/comments?post=3417"}],"version-history":[{"count":1,"href":"https:\/\/soldadoadrianojose.com.br\/index.php\/wp-json\/wp\/v2\/posts\/3417\/revisions"}],"predecessor-version":[{"id":3419,"href":"https:\/\/soldadoadrianojose.com.br\/index.php\/wp-json\/wp\/v2\/posts\/3417\/revisions\/3419"}],"wp:featuredmedia":[{"embeddable":true,"href":"https:\/\/soldadoadrianojose.com.br\/index.php\/wp-json\/wp\/v2\/media\/3418"}],"wp:attachment":[{"href":"https:\/\/soldadoadrianojose.com.br\/index.php\/wp-json\/wp\/v2\/media?parent=3417"}],"wp:term":[{"taxonomy":"category","embeddable":true,"href":"https:\/\/soldadoadrianojose.com.br\/index.php\/wp-json\/wp\/v2\/categories?post=3417"},{"taxonomy":"post_tag","embeddable":true,"href":"https:\/\/soldadoadrianojose.com.br\/index.php\/wp-json\/wp\/v2\/tags?post=3417"}],"curies":[{"name":"wp","href":"https:\/\/api.w.org\/{rel}","templated":true}]}}