{"id":3442,"date":"2025-09-30T18:00:34","date_gmt":"2025-09-30T21:00:34","guid":{"rendered":"https:\/\/soldadoadrianojose.com.br\/?p=3442"},"modified":"2025-09-30T18:00:35","modified_gmt":"2025-09-30T21:00:35","slug":"delegacia-da-mulher-pode-ser-realidade-no-litoral-do-parana-deputado-adriano-jose-conduz-tratativas","status":"publish","type":"post","link":"https:\/\/soldadoadrianojose.com.br\/index.php\/2025\/09\/30\/delegacia-da-mulher-pode-ser-realidade-no-litoral-do-parana-deputado-adriano-jose-conduz-tratativas\/","title":{"rendered":"Delegacia da Mulher pode ser realidade no Litoral do Paran\u00e1: Deputado Adriano Jos\u00e9 conduz tratativas"},"content":{"rendered":"\n<p>Em um movimento que refor\u00e7a seu compromisso com a prote\u00e7\u00e3o das mulheres paranaenses, o deputado estadual Adriano Jos\u00e9, presidente da Comiss\u00e3o de Seguran\u00e7a P\u00fablica da Assembleia Legislativa do Paran\u00e1, protocolou nesta ter\u00e7a-feira (30) um requerimento solicitando ao governador Ratinho J\u00fanior a instala\u00e7\u00e3o de uma Delegacia de Prote\u00e7\u00e3o \u00e0 Mulher no litoral do Estado.<br><br>A iniciativa atende a um clamor antigo da popula\u00e7\u00e3o e ganhou for\u00e7a ap\u00f3s dados recentes demonstrarem um cen\u00e1rio alarmante. S\u00f3 em Paranagu\u00e1, em 2023, foram registradas 3.247 ocorr\u00eancias de viol\u00eancia dom\u00e9stica e familiar contra a mulher, o que equivale a mais de 22 casos para cada mil habitantes. J\u00e1 em munic\u00edpios como Pontal do Paran\u00e1, Matinhos e Guaratuba, as taxas ultrapassam a m\u00e9dia estadual, revelando a urg\u00eancia da medida.<br><br>O pedido da C\u00e2mara dos Vereadores de Antonina, representada pela vereadora Sandra Balthazar de Souza, destaca que a cria\u00e7\u00e3o de uma unidade especializada no litoral permitir\u00e1 atendimento humanizado, agilidade na concess\u00e3o de medidas protetivas e integra\u00e7\u00e3o com a rede de prote\u00e7\u00e3o local. Al\u00e9m disso, vai reduzir os casos de reincid\u00eancia de crimes contra as mulheres que hoje precisam se deslocar longas dist\u00e2ncias para registrar suas ocorr\u00eancias.<br><br>\u201cNosso dever \u00e9 garantir que toda mulher paranaense tenha acesso r\u00e1pido e digno \u00e0 justi\u00e7a. O litoral, pela sua relev\u00e2ncia populacional e tur\u00edstica, precisa urgentemente de uma estrutura especializada para proteger e acolher as v\u00edtimas de viol\u00eancia\u201d, ressaltou o deputado Adriano Jos\u00e9.<br><br>A proposta apresentada vai ao encontro da Lei Maria da Penha e das diretrizes constitucionais de prote\u00e7\u00e3o \u00e0s mulheres, refor\u00e7ando o protagonismo do Legislativo na constru\u00e7\u00e3o de pol\u00edticas p\u00fablicas de seguran\u00e7a e cidadania.<\/p>\n\n\n\n<p><br>Agora, cabe ao Governo do Estado avaliar e dar encaminhamento ao pedido, que representa um passo fundamental para a amplia\u00e7\u00e3o da rede de enfrentamento \u00e0 viol\u00eancia contra a mulher no Paran\u00e1.<\/p>\n\n\n\n<div data-wp-interactive=\"core\/file\" class=\"wp-block-file\"><object data-wp-bind--hidden=\"!state.hasPdfPreview\" hidden class=\"wp-block-file__embed\" data=\"https:\/\/soldadoadrianojose.com.br\/wp-content\/uploads\/2025\/09\/Processo_24.748.564-3.pdf\" type=\"application\/pdf\" style=\"width:100%;height:600px\" aria-label=\"Incorporado de Processo_24.748.564-3.\"><\/object><a id=\"wp-block-file--media-8d598495-0243-4dab-9ed5-45f57f5dfc8f\" href=\"https:\/\/soldadoadrianojose.com.br\/wp-content\/uploads\/2025\/09\/Processo_24.748.564-3.pdf\">Processo_24.748.564-3<\/a><a href=\"https:\/\/soldadoadrianojose.com.br\/wp-content\/uploads\/2025\/09\/Processo_24.748.564-3.pdf\" class=\"wp-block-file__button wp-element-button\" download aria-describedby=\"wp-block-file--media-8d598495-0243-4dab-9ed5-45f57f5dfc8f\">Baixar<\/a><\/div>\n","protected":false},"excerpt":{"rendered":"<p>Em um movimento que refor\u00e7a seu compromisso com a prote\u00e7\u00e3o das mulheres paranaenses, o deputado estadual Adriano Jos\u00e9, presidente da Comiss\u00e3o de Seguran\u00e7a P\u00fablica da Assembleia Legislativa do Paran\u00e1, protocolou nesta ter\u00e7a-feira (30) um requerimento solicitando ao governador Ratinho J\u00fanior a instala\u00e7\u00e3o de uma Delegacia de Prote\u00e7\u00e3o \u00e0 Mulher no litoral do Estado. A iniciativa [&hellip;]<\/p>\n","protected":false},"author":3,"featured_media":3444,"comment_status":"open","ping_status":"open","sticky":false,"template":"","format":"standard","meta":{"footnotes":""},"categories":[62],"tags":[],"class_list":["post-3442","post","type-post","status-publish","format-standard","has-post-thumbnail","hentry","category-litoral"],"yoast_head":"<!-- This site is optimized with the Yoast SEO plugin v27.4 - https:\/\/yoast.com\/product\/yoast-seo-wordpress\/ -->\n<title>Delegacia da Mulher pode ser realidade no Litoral do Paran\u00e1: Deputado Adriano Jos\u00e9 conduz tratativas - Deputado Adriano Jos\u00e9<\/title>\n<meta name=\"robots\" content=\"index, follow, max-snippet:-1, max-image-preview:large, max-video-preview:-1\" \/>\n<link rel=\"canonical\" href=\"https:\/\/soldadoadrianojose.com.br\/index.php\/2025\/09\/30\/delegacia-da-mulher-pode-ser-realidade-no-litoral-do-parana-deputado-adriano-jose-conduz-tratativas\/\" \/>\n<meta property=\"og:locale\" content=\"pt_BR\" \/>\n<meta property=\"og:type\" content=\"article\" \/>\n<meta property=\"og:title\" content=\"Delegacia da Mulher pode ser realidade no Litoral do Paran\u00e1: Deputado Adriano Jos\u00e9 conduz tratativas - Deputado Adriano Jos\u00e9\" \/>\n<meta property=\"og:description\" content=\"Em um movimento que refor\u00e7a seu compromisso com a prote\u00e7\u00e3o das mulheres paranaenses, o deputado estadual Adriano Jos\u00e9, presidente da Comiss\u00e3o de Seguran\u00e7a P\u00fablica da Assembleia Legislativa do Paran\u00e1, protocolou nesta ter\u00e7a-feira (30) um requerimento solicitando ao governador Ratinho J\u00fanior a instala\u00e7\u00e3o de uma Delegacia de Prote\u00e7\u00e3o \u00e0 Mulher no litoral do Estado. A iniciativa [&hellip;]\" \/>\n<meta property=\"og:url\" content=\"https:\/\/soldadoadrianojose.com.br\/index.php\/2025\/09\/30\/delegacia-da-mulher-pode-ser-realidade-no-litoral-do-parana-deputado-adriano-jose-conduz-tratativas\/\" \/>\n<meta property=\"og:site_name\" content=\"Deputado Adriano Jos\u00e9\" \/>\n<meta property=\"article:published_time\" content=\"2025-09-30T21:00:34+00:00\" \/>\n<meta property=\"article:modified_time\" content=\"2025-09-30T21:00:35+00:00\" \/>\n<meta property=\"og:image\" content=\"https:\/\/soldadoadrianojose.com.br\/wp-content\/uploads\/2025\/09\/klkc.png\" \/>\n\t<meta property=\"og:image:width\" content=\"758\" \/>\n\t<meta property=\"og:image:height\" content=\"512\" \/>\n\t<meta property=\"og:image:type\" content=\"image\/png\" \/>\n<meta name=\"author\" content=\"Emanuellig admin2\" \/>\n<meta name=\"twitter:card\" content=\"summary_large_image\" \/>\n<meta name=\"twitter:label1\" content=\"Escrito por\" \/>\n\t<meta name=\"twitter:data1\" content=\"Emanuellig admin2\" \/>\n\t<meta name=\"twitter:label2\" content=\"Est. tempo de leitura\" \/>\n\t<meta name=\"twitter:data2\" content=\"2 minutos\" \/>\n<script type=\"application\/ld+json\" class=\"yoast-schema-graph\">{\"@context\":\"https:\\\/\\\/schema.org\",\"@graph\":[{\"@type\":\"Article\",\"@id\":\"https:\\\/\\\/soldadoadrianojose.com.br\\\/index.php\\\/2025\\\/09\\\/30\\\/delegacia-da-mulher-pode-ser-realidade-no-litoral-do-parana-deputado-adriano-jose-conduz-tratativas\\\/#article\",\"isPartOf\":{\"@id\":\"https:\\\/\\\/soldadoadrianojose.com.br\\\/index.php\\\/2025\\\/09\\\/30\\\/delegacia-da-mulher-pode-ser-realidade-no-litoral-do-parana-deputado-adriano-jose-conduz-tratativas\\\/\"},\"author\":{\"name\":\"Emanuellig admin2\",\"@id\":\"https:\\\/\\\/soldadoadrianojose.com.br\\\/#\\\/schema\\\/person\\\/cd48425bd7edd36fa5917c88fbe1cec5\"},\"headline\":\"Delegacia da Mulher pode ser realidade no Litoral do Paran\u00e1: Deputado Adriano Jos\u00e9 conduz tratativas\",\"datePublished\":\"2025-09-30T21:00:34+00:00\",\"dateModified\":\"2025-09-30T21:00:35+00:00\",\"mainEntityOfPage\":{\"@id\":\"https:\\\/\\\/soldadoadrianojose.com.br\\\/index.php\\\/2025\\\/09\\\/30\\\/delegacia-da-mulher-pode-ser-realidade-no-litoral-do-parana-deputado-adriano-jose-conduz-tratativas\\\/\"},\"wordCount\":346,\"commentCount\":0,\"publisher\":{\"@id\":\"https:\\\/\\\/soldadoadrianojose.com.br\\\/#\\\/schema\\\/person\\\/16f8e8defb7a4bd6c6082efcd1bdb6bb\"},\"image\":{\"@id\":\"https:\\\/\\\/soldadoadrianojose.com.br\\\/index.php\\\/2025\\\/09\\\/30\\\/delegacia-da-mulher-pode-ser-realidade-no-litoral-do-parana-deputado-adriano-jose-conduz-tratativas\\\/#primaryimage\"},\"thumbnailUrl\":\"https:\\\/\\\/soldadoadrianojose.com.br\\\/wp-content\\\/uploads\\\/2025\\\/09\\\/klkc.png\",\"articleSection\":[\"LITORAL\"],\"inLanguage\":\"pt-BR\",\"potentialAction\":[{\"@type\":\"CommentAction\",\"name\":\"Comment\",\"target\":[\"https:\\\/\\\/soldadoadrianojose.com.br\\\/index.php\\\/2025\\\/09\\\/30\\\/delegacia-da-mulher-pode-ser-realidade-no-litoral-do-parana-deputado-adriano-jose-conduz-tratativas\\\/#respond\"]}]},{\"@type\":\"WebPage\",\"@id\":\"https:\\\/\\\/soldadoadrianojose.com.br\\\/index.php\\\/2025\\\/09\\\/30\\\/delegacia-da-mulher-pode-ser-realidade-no-litoral-do-parana-deputado-adriano-jose-conduz-tratativas\\\/\",\"url\":\"https:\\\/\\\/soldadoadrianojose.com.br\\\/index.php\\\/2025\\\/09\\\/30\\\/delegacia-da-mulher-pode-ser-realidade-no-litoral-do-parana-deputado-adriano-jose-conduz-tratativas\\\/\",\"name\":\"Delegacia da Mulher pode ser realidade no Litoral do Paran\u00e1: Deputado Adriano Jos\u00e9 conduz tratativas - Deputado Adriano Jos\u00e9\",\"isPartOf\":{\"@id\":\"https:\\\/\\\/soldadoadrianojose.com.br\\\/#website\"},\"primaryImageOfPage\":{\"@id\":\"https:\\\/\\\/soldadoadrianojose.com.br\\\/index.php\\\/2025\\\/09\\\/30\\\/delegacia-da-mulher-pode-ser-realidade-no-litoral-do-parana-deputado-adriano-jose-conduz-tratativas\\\/#primaryimage\"},\"image\":{\"@id\":\"https:\\\/\\\/soldadoadrianojose.com.br\\\/index.php\\\/2025\\\/09\\\/30\\\/delegacia-da-mulher-pode-ser-realidade-no-litoral-do-parana-deputado-adriano-jose-conduz-tratativas\\\/#primaryimage\"},\"thumbnailUrl\":\"https:\\\/\\\/soldadoadrianojose.com.br\\\/wp-content\\\/uploads\\\/2025\\\/09\\\/klkc.png\",\"datePublished\":\"2025-09-30T21:00:34+00:00\",\"dateModified\":\"2025-09-30T21:00:35+00:00\",\"breadcrumb\":{\"@id\":\"https:\\\/\\\/soldadoadrianojose.com.br\\\/index.php\\\/2025\\\/09\\\/30\\\/delegacia-da-mulher-pode-ser-realidade-no-litoral-do-parana-deputado-adriano-jose-conduz-tratativas\\\/#breadcrumb\"},\"inLanguage\":\"pt-BR\",\"potentialAction\":[{\"@type\":\"ReadAction\",\"target\":[\"https:\\\/\\\/soldadoadrianojose.com.br\\\/index.php\\\/2025\\\/09\\\/30\\\/delegacia-da-mulher-pode-ser-realidade-no-litoral-do-parana-deputado-adriano-jose-conduz-tratativas\\\/\"]}]},{\"@type\":\"ImageObject\",\"inLanguage\":\"pt-BR\",\"@id\":\"https:\\\/\\\/soldadoadrianojose.com.br\\\/index.php\\\/2025\\\/09\\\/30\\\/delegacia-da-mulher-pode-ser-realidade-no-litoral-do-parana-deputado-adriano-jose-conduz-tratativas\\\/#primaryimage\",\"url\":\"https:\\\/\\\/soldadoadrianojose.com.br\\\/wp-content\\\/uploads\\\/2025\\\/09\\\/klkc.png\",\"contentUrl\":\"https:\\\/\\\/soldadoadrianojose.com.br\\\/wp-content\\\/uploads\\\/2025\\\/09\\\/klkc.png\",\"width\":758,\"height\":512},{\"@type\":\"BreadcrumbList\",\"@id\":\"https:\\\/\\\/soldadoadrianojose.com.br\\\/index.php\\\/2025\\\/09\\\/30\\\/delegacia-da-mulher-pode-ser-realidade-no-litoral-do-parana-deputado-adriano-jose-conduz-tratativas\\\/#breadcrumb\",\"itemListElement\":[{\"@type\":\"ListItem\",\"position\":1,\"name\":\"In\u00edcio\",\"item\":\"https:\\\/\\\/soldadoadrianojose.com.br\\\/\"},{\"@type\":\"ListItem\",\"position\":2,\"name\":\"Delegacia da Mulher pode ser realidade no Litoral do Paran\u00e1: Deputado Adriano Jos\u00e9 conduz tratativas\"}]},{\"@type\":\"WebSite\",\"@id\":\"https:\\\/\\\/soldadoadrianojose.com.br\\\/#website\",\"url\":\"https:\\\/\\\/soldadoadrianojose.com.br\\\/\",\"name\":\"Deputado Adriano Jos\u00e9\",\"description\":\"Nosso trabalho \u00e9 pelas pessoas\",\"publisher\":{\"@id\":\"https:\\\/\\\/soldadoadrianojose.com.br\\\/#\\\/schema\\\/person\\\/16f8e8defb7a4bd6c6082efcd1bdb6bb\"},\"potentialAction\":[{\"@type\":\"SearchAction\",\"target\":{\"@type\":\"EntryPoint\",\"urlTemplate\":\"https:\\\/\\\/soldadoadrianojose.com.br\\\/?s={search_term_string}\"},\"query-input\":{\"@type\":\"PropertyValueSpecification\",\"valueRequired\":true,\"valueName\":\"search_term_string\"}}],\"inLanguage\":\"pt-BR\"},{\"@type\":[\"Person\",\"Organization\"],\"@id\":\"https:\\\/\\\/soldadoadrianojose.com.br\\\/#\\\/schema\\\/person\\\/16f8e8defb7a4bd6c6082efcd1bdb6bb\",\"name\":\"soldadoadrianojose\",\"image\":{\"@type\":\"ImageObject\",\"inLanguage\":\"pt-BR\",\"@id\":\"https:\\\/\\\/soldadoadrianojose.com.br\\\/wp-content\\\/uploads\\\/2023\\\/02\\\/LOGO_CLEAR-5.png\",\"url\":\"https:\\\/\\\/soldadoadrianojose.com.br\\\/wp-content\\\/uploads\\\/2023\\\/02\\\/LOGO_CLEAR-5.png\",\"contentUrl\":\"https:\\\/\\\/soldadoadrianojose.com.br\\\/wp-content\\\/uploads\\\/2023\\\/02\\\/LOGO_CLEAR-5.png\",\"width\":3508,\"height\":998,\"caption\":\"soldadoadrianojose\"},\"logo\":{\"@id\":\"https:\\\/\\\/soldadoadrianojose.com.br\\\/wp-content\\\/uploads\\\/2023\\\/02\\\/LOGO_CLEAR-5.png\"},\"sameAs\":[\"https:\\\/\\\/soldadoadrianojose.com.br\"]},{\"@type\":\"Person\",\"@id\":\"https:\\\/\\\/soldadoadrianojose.com.br\\\/#\\\/schema\\\/person\\\/cd48425bd7edd36fa5917c88fbe1cec5\",\"name\":\"Emanuellig admin2\",\"image\":{\"@type\":\"ImageObject\",\"inLanguage\":\"pt-BR\",\"@id\":\"https:\\\/\\\/soldadoadrianojose.com.br\\\/wp-content\\\/litespeed\\\/avatar\\\/235a59a115f40132a17fc909e61bc31d.jpg?ver=1777092356\",\"url\":\"https:\\\/\\\/soldadoadrianojose.com.br\\\/wp-content\\\/litespeed\\\/avatar\\\/235a59a115f40132a17fc909e61bc31d.jpg?ver=1777092356\",\"contentUrl\":\"https:\\\/\\\/soldadoadrianojose.com.br\\\/wp-content\\\/litespeed\\\/avatar\\\/235a59a115f40132a17fc909e61bc31d.jpg?ver=1777092356\",\"caption\":\"Emanuellig admin2\"},\"url\":\"https:\\\/\\\/soldadoadrianojose.com.br\\\/index.php\\\/author\\\/manu\\\/\"}]}<\/script>\n<!-- \/ Yoast SEO plugin. -->","yoast_head_json":{"title":"Delegacia da Mulher pode ser realidade no Litoral do Paran\u00e1: Deputado Adriano Jos\u00e9 conduz tratativas - Deputado Adriano Jos\u00e9","robots":{"index":"index","follow":"follow","max-snippet":"max-snippet:-1","max-image-preview":"max-image-preview:large","max-video-preview":"max-video-preview:-1"},"canonical":"https:\/\/soldadoadrianojose.com.br\/index.php\/2025\/09\/30\/delegacia-da-mulher-pode-ser-realidade-no-litoral-do-parana-deputado-adriano-jose-conduz-tratativas\/","og_locale":"pt_BR","og_type":"article","og_title":"Delegacia da Mulher pode ser realidade no Litoral do Paran\u00e1: Deputado Adriano Jos\u00e9 conduz tratativas - Deputado Adriano Jos\u00e9","og_description":"Em um movimento que refor\u00e7a seu compromisso com a prote\u00e7\u00e3o das mulheres paranaenses, o deputado estadual Adriano Jos\u00e9, presidente da Comiss\u00e3o de Seguran\u00e7a P\u00fablica da Assembleia Legislativa do Paran\u00e1, protocolou nesta ter\u00e7a-feira (30) um requerimento solicitando ao governador Ratinho J\u00fanior a instala\u00e7\u00e3o de uma Delegacia de Prote\u00e7\u00e3o \u00e0 Mulher no litoral do Estado. A iniciativa [&hellip;]","og_url":"https:\/\/soldadoadrianojose.com.br\/index.php\/2025\/09\/30\/delegacia-da-mulher-pode-ser-realidade-no-litoral-do-parana-deputado-adriano-jose-conduz-tratativas\/","og_site_name":"Deputado Adriano Jos\u00e9","article_published_time":"2025-09-30T21:00:34+00:00","article_modified_time":"2025-09-30T21:00:35+00:00","og_image":[{"width":758,"height":512,"url":"https:\/\/soldadoadrianojose.com.br\/wp-content\/uploads\/2025\/09\/klkc.png","type":"image\/png"}],"author":"Emanuellig admin2","twitter_card":"summary_large_image","twitter_misc":{"Escrito por":"Emanuellig admin2","Est. tempo de leitura":"2 minutos"},"schema":{"@context":"https:\/\/schema.org","@graph":[{"@type":"Article","@id":"https:\/\/soldadoadrianojose.com.br\/index.php\/2025\/09\/30\/delegacia-da-mulher-pode-ser-realidade-no-litoral-do-parana-deputado-adriano-jose-conduz-tratativas\/#article","isPartOf":{"@id":"https:\/\/soldadoadrianojose.com.br\/index.php\/2025\/09\/30\/delegacia-da-mulher-pode-ser-realidade-no-litoral-do-parana-deputado-adriano-jose-conduz-tratativas\/"},"author":{"name":"Emanuellig admin2","@id":"https:\/\/soldadoadrianojose.com.br\/#\/schema\/person\/cd48425bd7edd36fa5917c88fbe1cec5"},"headline":"Delegacia da Mulher pode ser realidade no Litoral do Paran\u00e1: Deputado Adriano Jos\u00e9 conduz tratativas","datePublished":"2025-09-30T21:00:34+00:00","dateModified":"2025-09-30T21:00:35+00:00","mainEntityOfPage":{"@id":"https:\/\/soldadoadrianojose.com.br\/index.php\/2025\/09\/30\/delegacia-da-mulher-pode-ser-realidade-no-litoral-do-parana-deputado-adriano-jose-conduz-tratativas\/"},"wordCount":346,"commentCount":0,"publisher":{"@id":"https:\/\/soldadoadrianojose.com.br\/#\/schema\/person\/16f8e8defb7a4bd6c6082efcd1bdb6bb"},"image":{"@id":"https:\/\/soldadoadrianojose.com.br\/index.php\/2025\/09\/30\/delegacia-da-mulher-pode-ser-realidade-no-litoral-do-parana-deputado-adriano-jose-conduz-tratativas\/#primaryimage"},"thumbnailUrl":"https:\/\/soldadoadrianojose.com.br\/wp-content\/uploads\/2025\/09\/klkc.png","articleSection":["LITORAL"],"inLanguage":"pt-BR","potentialAction":[{"@type":"CommentAction","name":"Comment","target":["https:\/\/soldadoadrianojose.com.br\/index.php\/2025\/09\/30\/delegacia-da-mulher-pode-ser-realidade-no-litoral-do-parana-deputado-adriano-jose-conduz-tratativas\/#respond"]}]},{"@type":"WebPage","@id":"https:\/\/soldadoadrianojose.com.br\/index.php\/2025\/09\/30\/delegacia-da-mulher-pode-ser-realidade-no-litoral-do-parana-deputado-adriano-jose-conduz-tratativas\/","url":"https:\/\/soldadoadrianojose.com.br\/index.php\/2025\/09\/30\/delegacia-da-mulher-pode-ser-realidade-no-litoral-do-parana-deputado-adriano-jose-conduz-tratativas\/","name":"Delegacia da Mulher pode ser realidade no Litoral do Paran\u00e1: Deputado Adriano Jos\u00e9 conduz tratativas - Deputado Adriano Jos\u00e9","isPartOf":{"@id":"https:\/\/soldadoadrianojose.com.br\/#website"},"primaryImageOfPage":{"@id":"https:\/\/soldadoadrianojose.com.br\/index.php\/2025\/09\/30\/delegacia-da-mulher-pode-ser-realidade-no-litoral-do-parana-deputado-adriano-jose-conduz-tratativas\/#primaryimage"},"image":{"@id":"https:\/\/soldadoadrianojose.com.br\/index.php\/2025\/09\/30\/delegacia-da-mulher-pode-ser-realidade-no-litoral-do-parana-deputado-adriano-jose-conduz-tratativas\/#primaryimage"},"thumbnailUrl":"https:\/\/soldadoadrianojose.com.br\/wp-content\/uploads\/2025\/09\/klkc.png","datePublished":"2025-09-30T21:00:34+00:00","dateModified":"2025-09-30T21:00:35+00:00","breadcrumb":{"@id":"https:\/\/soldadoadrianojose.com.br\/index.php\/2025\/09\/30\/delegacia-da-mulher-pode-ser-realidade-no-litoral-do-parana-deputado-adriano-jose-conduz-tratativas\/#breadcrumb"},"inLanguage":"pt-BR","potentialAction":[{"@type":"ReadAction","target":["https:\/\/soldadoadrianojose.com.br\/index.php\/2025\/09\/30\/delegacia-da-mulher-pode-ser-realidade-no-litoral-do-parana-deputado-adriano-jose-conduz-tratativas\/"]}]},{"@type":"ImageObject","inLanguage":"pt-BR","@id":"https:\/\/soldadoadrianojose.com.br\/index.php\/2025\/09\/30\/delegacia-da-mulher-pode-ser-realidade-no-litoral-do-parana-deputado-adriano-jose-conduz-tratativas\/#primaryimage","url":"https:\/\/soldadoadrianojose.com.br\/wp-content\/uploads\/2025\/09\/klkc.png","contentUrl":"https:\/\/soldadoadrianojose.com.br\/wp-content\/uploads\/2025\/09\/klkc.png","width":758,"height":512},{"@type":"BreadcrumbList","@id":"https:\/\/soldadoadrianojose.com.br\/index.php\/2025\/09\/30\/delegacia-da-mulher-pode-ser-realidade-no-litoral-do-parana-deputado-adriano-jose-conduz-tratativas\/#breadcrumb","itemListElement":[{"@type":"ListItem","position":1,"name":"In\u00edcio","item":"https:\/\/soldadoadrianojose.com.br\/"},{"@type":"ListItem","position":2,"name":"Delegacia da Mulher pode ser realidade no Litoral do Paran\u00e1: Deputado Adriano Jos\u00e9 conduz tratativas"}]},{"@type":"WebSite","@id":"https:\/\/soldadoadrianojose.com.br\/#website","url":"https:\/\/soldadoadrianojose.com.br\/","name":"Deputado Adriano Jos\u00e9","description":"Nosso trabalho \u00e9 pelas pessoas","publisher":{"@id":"https:\/\/soldadoadrianojose.com.br\/#\/schema\/person\/16f8e8defb7a4bd6c6082efcd1bdb6bb"},"potentialAction":[{"@type":"SearchAction","target":{"@type":"EntryPoint","urlTemplate":"https:\/\/soldadoadrianojose.com.br\/?s={search_term_string}"},"query-input":{"@type":"PropertyValueSpecification","valueRequired":true,"valueName":"search_term_string"}}],"inLanguage":"pt-BR"},{"@type":["Person","Organization"],"@id":"https:\/\/soldadoadrianojose.com.br\/#\/schema\/person\/16f8e8defb7a4bd6c6082efcd1bdb6bb","name":"soldadoadrianojose","image":{"@type":"ImageObject","inLanguage":"pt-BR","@id":"https:\/\/soldadoadrianojose.com.br\/wp-content\/uploads\/2023\/02\/LOGO_CLEAR-5.png","url":"https:\/\/soldadoadrianojose.com.br\/wp-content\/uploads\/2023\/02\/LOGO_CLEAR-5.png","contentUrl":"https:\/\/soldadoadrianojose.com.br\/wp-content\/uploads\/2023\/02\/LOGO_CLEAR-5.png","width":3508,"height":998,"caption":"soldadoadrianojose"},"logo":{"@id":"https:\/\/soldadoadrianojose.com.br\/wp-content\/uploads\/2023\/02\/LOGO_CLEAR-5.png"},"sameAs":["https:\/\/soldadoadrianojose.com.br"]},{"@type":"Person","@id":"https:\/\/soldadoadrianojose.com.br\/#\/schema\/person\/cd48425bd7edd36fa5917c88fbe1cec5","name":"Emanuellig admin2","image":{"@type":"ImageObject","inLanguage":"pt-BR","@id":"https:\/\/soldadoadrianojose.com.br\/wp-content\/litespeed\/avatar\/235a59a115f40132a17fc909e61bc31d.jpg?ver=1777092356","url":"https:\/\/soldadoadrianojose.com.br\/wp-content\/litespeed\/avatar\/235a59a115f40132a17fc909e61bc31d.jpg?ver=1777092356","contentUrl":"https:\/\/soldadoadrianojose.com.br\/wp-content\/litespeed\/avatar\/235a59a115f40132a17fc909e61bc31d.jpg?ver=1777092356","caption":"Emanuellig admin2"},"url":"https:\/\/soldadoadrianojose.com.br\/index.php\/author\/manu\/"}]}},"jetpack_featured_media_url":"https:\/\/soldadoadrianojose.com.br\/wp-content\/uploads\/2025\/09\/klkc.png","_links":{"self":[{"href":"https:\/\/soldadoadrianojose.com.br\/index.php\/wp-json\/wp\/v2\/posts\/3442","targetHints":{"allow":["GET"]}}],"collection":[{"href":"https:\/\/soldadoadrianojose.com.br\/index.php\/wp-json\/wp\/v2\/posts"}],"about":[{"href":"https:\/\/soldadoadrianojose.com.br\/index.php\/wp-json\/wp\/v2\/types\/post"}],"author":[{"embeddable":true,"href":"https:\/\/soldadoadrianojose.com.br\/index.php\/wp-json\/wp\/v2\/users\/3"}],"replies":[{"embeddable":true,"href":"https:\/\/soldadoadrianojose.com.br\/index.php\/wp-json\/wp\/v2\/comments?post=3442"}],"version-history":[{"count":1,"href":"https:\/\/soldadoadrianojose.com.br\/index.php\/wp-json\/wp\/v2\/posts\/3442\/revisions"}],"predecessor-version":[{"id":3445,"href":"https:\/\/soldadoadrianojose.com.br\/index.php\/wp-json\/wp\/v2\/posts\/3442\/revisions\/3445"}],"wp:featuredmedia":[{"embeddable":true,"href":"https:\/\/soldadoadrianojose.com.br\/index.php\/wp-json\/wp\/v2\/media\/3444"}],"wp:attachment":[{"href":"https:\/\/soldadoadrianojose.com.br\/index.php\/wp-json\/wp\/v2\/media?parent=3442"}],"wp:term":[{"taxonomy":"category","embeddable":true,"href":"https:\/\/soldadoadrianojose.com.br\/index.php\/wp-json\/wp\/v2\/categories?post=3442"},{"taxonomy":"post_tag","embeddable":true,"href":"https:\/\/soldadoadrianojose.com.br\/index.php\/wp-json\/wp\/v2\/tags?post=3442"}],"curies":[{"name":"wp","href":"https:\/\/api.w.org\/{rel}","templated":true}]}}