{"id":3450,"date":"2025-10-02T11:18:56","date_gmt":"2025-10-02T14:18:56","guid":{"rendered":"https:\/\/soldadoadrianojose.com.br\/?p=3450"},"modified":"2025-10-02T11:18:56","modified_gmt":"2025-10-02T14:18:56","slug":"mais-que-uma-cor-uma-causa-adriano-jose-abraca-o-outubro-rosa","status":"publish","type":"post","link":"https:\/\/soldadoadrianojose.com.br\/index.php\/2025\/10\/02\/mais-que-uma-cor-uma-causa-adriano-jose-abraca-o-outubro-rosa\/","title":{"rendered":"Mais que uma cor, uma causa: Adriano Jos\u00e9 abra\u00e7a o Outubro Rosa"},"content":{"rendered":"\n<p>Outubro chegou trazendo consigo mais do que a cor rosa nas ruas, nas empresas e nos lares: trouxe a lembran\u00e7a do cuidado, da preven\u00e7\u00e3o e da solidariedade. O Outubro Rosa \u00e9 um movimento mundial que alerta para a import\u00e2ncia da detec\u00e7\u00e3o precoce do c\u00e2ncer de mama e da sa\u00fade integral da mulher. Muito al\u00e9m das campanhas visuais, ele representa vidas salvas, fam\u00edlias protegidas e hist\u00f3rias reescritas.<\/p>\n\n\n\n<p>Para o deputado estadual Adriano Jos\u00e9, presidente da Comiss\u00e3o de Seguran\u00e7a P\u00fablica da Assembleia Legislativa, essa \u00e9 uma pauta que transcende a pol\u00edtica e toca no cora\u00e7\u00e3o de todos. \u201cFalar de Outubro Rosa \u00e9 falar de vida, \u00e9 valorizar nossas m\u00e3es, esposas, filhas e amigas. O diagn\u00f3stico precoce salva, e precisamos usar nossa voz p\u00fablica para multiplicar essa mensagem\u201d, afirma o parlamentar.<\/p>\n\n\n\n<p>O deputado refor\u00e7a que a conscientiza\u00e7\u00e3o n\u00e3o \u00e9 responsabilidade apenas das mulheres, mas de toda a sociedade. Maridos, irm\u00e3os, filhos e amigos tamb\u00e9m devem estar atentos e apoiar, lembrando que o cuidado compartilhado fortalece e derruba barreiras de preconceito ou medo. \u201cQuando cada um faz sua parte, criamos uma corrente de amor e preven\u00e7\u00e3o que pode transformar realidades\u201d, completa Adriano Jos\u00e9.<\/p>\n\n\n\n<p>Neste Outubro Rosa, a mensagem \u00e9 clara: prevenir \u00e9 um ato de amor. O deputado Adriano Jos\u00e9 se une \u00e0s fam\u00edlias paranaenses nessa campanha de cuidado e acolhimento, reafirmando seu compromisso com pol\u00edticas p\u00fablicas que promovam a sa\u00fade e a vida.<br>Porque quando o rosa ilumina outubro, ele ilumina tamb\u00e9m um futuro de esperan\u00e7a para milhares de mulheres.<\/p>\n","protected":false},"excerpt":{"rendered":"<p>Outubro chegou trazendo consigo mais do que a cor rosa nas ruas, nas empresas e nos lares: trouxe a lembran\u00e7a do cuidado, da preven\u00e7\u00e3o e da solidariedade. O Outubro Rosa \u00e9 um movimento mundial que alerta para a import\u00e2ncia da detec\u00e7\u00e3o precoce do c\u00e2ncer de mama e da sa\u00fade integral da mulher. Muito al\u00e9m das [&hellip;]<\/p>\n","protected":false},"author":3,"featured_media":3451,"comment_status":"open","ping_status":"open","sticky":false,"template":"","format":"standard","meta":{"footnotes":""},"categories":[1],"tags":[],"class_list":["post-3450","post","type-post","status-publish","format-standard","has-post-thumbnail","hentry","category-gabinete-sd"],"yoast_head":"<!-- This site is optimized with the Yoast SEO plugin v27.4 - https:\/\/yoast.com\/product\/yoast-seo-wordpress\/ -->\n<title>Mais que uma cor, uma causa: Adriano Jos\u00e9 abra\u00e7a o Outubro Rosa - Deputado Adriano Jos\u00e9<\/title>\n<meta name=\"robots\" content=\"index, follow, max-snippet:-1, max-image-preview:large, max-video-preview:-1\" \/>\n<link rel=\"canonical\" href=\"https:\/\/soldadoadrianojose.com.br\/index.php\/2025\/10\/02\/mais-que-uma-cor-uma-causa-adriano-jose-abraca-o-outubro-rosa\/\" \/>\n<meta property=\"og:locale\" content=\"pt_BR\" \/>\n<meta property=\"og:type\" content=\"article\" \/>\n<meta property=\"og:title\" content=\"Mais que uma cor, uma causa: Adriano Jos\u00e9 abra\u00e7a o Outubro Rosa - Deputado Adriano Jos\u00e9\" \/>\n<meta property=\"og:description\" content=\"Outubro chegou trazendo consigo mais do que a cor rosa nas ruas, nas empresas e nos lares: trouxe a lembran\u00e7a do cuidado, da preven\u00e7\u00e3o e da solidariedade. O Outubro Rosa \u00e9 um movimento mundial que alerta para a import\u00e2ncia da detec\u00e7\u00e3o precoce do c\u00e2ncer de mama e da sa\u00fade integral da mulher. Muito al\u00e9m das [&hellip;]\" \/>\n<meta property=\"og:url\" content=\"https:\/\/soldadoadrianojose.com.br\/index.php\/2025\/10\/02\/mais-que-uma-cor-uma-causa-adriano-jose-abraca-o-outubro-rosa\/\" \/>\n<meta property=\"og:site_name\" content=\"Deputado Adriano Jos\u00e9\" \/>\n<meta property=\"article:published_time\" content=\"2025-10-02T14:18:56+00:00\" \/>\n<meta property=\"og:image\" content=\"https:\/\/soldadoadrianojose.com.br\/wp-content\/uploads\/2025\/10\/WhatsApp-Image-2025-10-01-at-19.17.37.jpeg\" \/>\n\t<meta property=\"og:image:width\" content=\"563\" \/>\n\t<meta property=\"og:image:height\" content=\"1001\" \/>\n\t<meta property=\"og:image:type\" content=\"image\/jpeg\" \/>\n<meta name=\"author\" content=\"Emanuellig admin2\" \/>\n<meta name=\"twitter:card\" content=\"summary_large_image\" \/>\n<meta name=\"twitter:label1\" content=\"Escrito por\" \/>\n\t<meta name=\"twitter:data1\" content=\"Emanuellig admin2\" \/>\n\t<meta name=\"twitter:label2\" content=\"Est. tempo de leitura\" \/>\n\t<meta name=\"twitter:data2\" content=\"2 minutos\" \/>\n<script type=\"application\/ld+json\" class=\"yoast-schema-graph\">{\"@context\":\"https:\\\/\\\/schema.org\",\"@graph\":[{\"@type\":\"Article\",\"@id\":\"https:\\\/\\\/soldadoadrianojose.com.br\\\/index.php\\\/2025\\\/10\\\/02\\\/mais-que-uma-cor-uma-causa-adriano-jose-abraca-o-outubro-rosa\\\/#article\",\"isPartOf\":{\"@id\":\"https:\\\/\\\/soldadoadrianojose.com.br\\\/index.php\\\/2025\\\/10\\\/02\\\/mais-que-uma-cor-uma-causa-adriano-jose-abraca-o-outubro-rosa\\\/\"},\"author\":{\"name\":\"Emanuellig admin2\",\"@id\":\"https:\\\/\\\/soldadoadrianojose.com.br\\\/#\\\/schema\\\/person\\\/cd48425bd7edd36fa5917c88fbe1cec5\"},\"headline\":\"Mais que uma cor, uma causa: Adriano Jos\u00e9 abra\u00e7a o Outubro Rosa\",\"datePublished\":\"2025-10-02T14:18:56+00:00\",\"mainEntityOfPage\":{\"@id\":\"https:\\\/\\\/soldadoadrianojose.com.br\\\/index.php\\\/2025\\\/10\\\/02\\\/mais-que-uma-cor-uma-causa-adriano-jose-abraca-o-outubro-rosa\\\/\"},\"wordCount\":282,\"commentCount\":0,\"publisher\":{\"@id\":\"https:\\\/\\\/soldadoadrianojose.com.br\\\/#\\\/schema\\\/person\\\/16f8e8defb7a4bd6c6082efcd1bdb6bb\"},\"image\":{\"@id\":\"https:\\\/\\\/soldadoadrianojose.com.br\\\/index.php\\\/2025\\\/10\\\/02\\\/mais-que-uma-cor-uma-causa-adriano-jose-abraca-o-outubro-rosa\\\/#primaryimage\"},\"thumbnailUrl\":\"https:\\\/\\\/soldadoadrianojose.com.br\\\/wp-content\\\/uploads\\\/2025\\\/10\\\/WhatsApp-Image-2025-10-01-at-19.17.37.jpeg\",\"articleSection\":[\"GABINETE SD\"],\"inLanguage\":\"pt-BR\",\"potentialAction\":[{\"@type\":\"CommentAction\",\"name\":\"Comment\",\"target\":[\"https:\\\/\\\/soldadoadrianojose.com.br\\\/index.php\\\/2025\\\/10\\\/02\\\/mais-que-uma-cor-uma-causa-adriano-jose-abraca-o-outubro-rosa\\\/#respond\"]}]},{\"@type\":\"WebPage\",\"@id\":\"https:\\\/\\\/soldadoadrianojose.com.br\\\/index.php\\\/2025\\\/10\\\/02\\\/mais-que-uma-cor-uma-causa-adriano-jose-abraca-o-outubro-rosa\\\/\",\"url\":\"https:\\\/\\\/soldadoadrianojose.com.br\\\/index.php\\\/2025\\\/10\\\/02\\\/mais-que-uma-cor-uma-causa-adriano-jose-abraca-o-outubro-rosa\\\/\",\"name\":\"Mais que uma cor, uma causa: Adriano Jos\u00e9 abra\u00e7a o Outubro Rosa - Deputado Adriano Jos\u00e9\",\"isPartOf\":{\"@id\":\"https:\\\/\\\/soldadoadrianojose.com.br\\\/#website\"},\"primaryImageOfPage\":{\"@id\":\"https:\\\/\\\/soldadoadrianojose.com.br\\\/index.php\\\/2025\\\/10\\\/02\\\/mais-que-uma-cor-uma-causa-adriano-jose-abraca-o-outubro-rosa\\\/#primaryimage\"},\"image\":{\"@id\":\"https:\\\/\\\/soldadoadrianojose.com.br\\\/index.php\\\/2025\\\/10\\\/02\\\/mais-que-uma-cor-uma-causa-adriano-jose-abraca-o-outubro-rosa\\\/#primaryimage\"},\"thumbnailUrl\":\"https:\\\/\\\/soldadoadrianojose.com.br\\\/wp-content\\\/uploads\\\/2025\\\/10\\\/WhatsApp-Image-2025-10-01-at-19.17.37.jpeg\",\"datePublished\":\"2025-10-02T14:18:56+00:00\",\"breadcrumb\":{\"@id\":\"https:\\\/\\\/soldadoadrianojose.com.br\\\/index.php\\\/2025\\\/10\\\/02\\\/mais-que-uma-cor-uma-causa-adriano-jose-abraca-o-outubro-rosa\\\/#breadcrumb\"},\"inLanguage\":\"pt-BR\",\"potentialAction\":[{\"@type\":\"ReadAction\",\"target\":[\"https:\\\/\\\/soldadoadrianojose.com.br\\\/index.php\\\/2025\\\/10\\\/02\\\/mais-que-uma-cor-uma-causa-adriano-jose-abraca-o-outubro-rosa\\\/\"]}]},{\"@type\":\"ImageObject\",\"inLanguage\":\"pt-BR\",\"@id\":\"https:\\\/\\\/soldadoadrianojose.com.br\\\/index.php\\\/2025\\\/10\\\/02\\\/mais-que-uma-cor-uma-causa-adriano-jose-abraca-o-outubro-rosa\\\/#primaryimage\",\"url\":\"https:\\\/\\\/soldadoadrianojose.com.br\\\/wp-content\\\/uploads\\\/2025\\\/10\\\/WhatsApp-Image-2025-10-01-at-19.17.37.jpeg\",\"contentUrl\":\"https:\\\/\\\/soldadoadrianojose.com.br\\\/wp-content\\\/uploads\\\/2025\\\/10\\\/WhatsApp-Image-2025-10-01-at-19.17.37.jpeg\",\"width\":563,\"height\":1001},{\"@type\":\"BreadcrumbList\",\"@id\":\"https:\\\/\\\/soldadoadrianojose.com.br\\\/index.php\\\/2025\\\/10\\\/02\\\/mais-que-uma-cor-uma-causa-adriano-jose-abraca-o-outubro-rosa\\\/#breadcrumb\",\"itemListElement\":[{\"@type\":\"ListItem\",\"position\":1,\"name\":\"In\u00edcio\",\"item\":\"https:\\\/\\\/soldadoadrianojose.com.br\\\/\"},{\"@type\":\"ListItem\",\"position\":2,\"name\":\"Mais que uma cor, uma causa: Adriano Jos\u00e9 abra\u00e7a o Outubro Rosa\"}]},{\"@type\":\"WebSite\",\"@id\":\"https:\\\/\\\/soldadoadrianojose.com.br\\\/#website\",\"url\":\"https:\\\/\\\/soldadoadrianojose.com.br\\\/\",\"name\":\"Deputado Adriano Jos\u00e9\",\"description\":\"Nosso trabalho \u00e9 pelas pessoas\",\"publisher\":{\"@id\":\"https:\\\/\\\/soldadoadrianojose.com.br\\\/#\\\/schema\\\/person\\\/16f8e8defb7a4bd6c6082efcd1bdb6bb\"},\"potentialAction\":[{\"@type\":\"SearchAction\",\"target\":{\"@type\":\"EntryPoint\",\"urlTemplate\":\"https:\\\/\\\/soldadoadrianojose.com.br\\\/?s={search_term_string}\"},\"query-input\":{\"@type\":\"PropertyValueSpecification\",\"valueRequired\":true,\"valueName\":\"search_term_string\"}}],\"inLanguage\":\"pt-BR\"},{\"@type\":[\"Person\",\"Organization\"],\"@id\":\"https:\\\/\\\/soldadoadrianojose.com.br\\\/#\\\/schema\\\/person\\\/16f8e8defb7a4bd6c6082efcd1bdb6bb\",\"name\":\"soldadoadrianojose\",\"image\":{\"@type\":\"ImageObject\",\"inLanguage\":\"pt-BR\",\"@id\":\"https:\\\/\\\/soldadoadrianojose.com.br\\\/wp-content\\\/uploads\\\/2023\\\/02\\\/LOGO_CLEAR-5.png\",\"url\":\"https:\\\/\\\/soldadoadrianojose.com.br\\\/wp-content\\\/uploads\\\/2023\\\/02\\\/LOGO_CLEAR-5.png\",\"contentUrl\":\"https:\\\/\\\/soldadoadrianojose.com.br\\\/wp-content\\\/uploads\\\/2023\\\/02\\\/LOGO_CLEAR-5.png\",\"width\":3508,\"height\":998,\"caption\":\"soldadoadrianojose\"},\"logo\":{\"@id\":\"https:\\\/\\\/soldadoadrianojose.com.br\\\/wp-content\\\/uploads\\\/2023\\\/02\\\/LOGO_CLEAR-5.png\"},\"sameAs\":[\"https:\\\/\\\/soldadoadrianojose.com.br\"]},{\"@type\":\"Person\",\"@id\":\"https:\\\/\\\/soldadoadrianojose.com.br\\\/#\\\/schema\\\/person\\\/cd48425bd7edd36fa5917c88fbe1cec5\",\"name\":\"Emanuellig admin2\",\"image\":{\"@type\":\"ImageObject\",\"inLanguage\":\"pt-BR\",\"@id\":\"https:\\\/\\\/soldadoadrianojose.com.br\\\/wp-content\\\/litespeed\\\/avatar\\\/235a59a115f40132a17fc909e61bc31d.jpg?ver=1777092356\",\"url\":\"https:\\\/\\\/soldadoadrianojose.com.br\\\/wp-content\\\/litespeed\\\/avatar\\\/235a59a115f40132a17fc909e61bc31d.jpg?ver=1777092356\",\"contentUrl\":\"https:\\\/\\\/soldadoadrianojose.com.br\\\/wp-content\\\/litespeed\\\/avatar\\\/235a59a115f40132a17fc909e61bc31d.jpg?ver=1777092356\",\"caption\":\"Emanuellig admin2\"},\"url\":\"https:\\\/\\\/soldadoadrianojose.com.br\\\/index.php\\\/author\\\/manu\\\/\"}]}<\/script>\n<!-- \/ Yoast SEO plugin. -->","yoast_head_json":{"title":"Mais que uma cor, uma causa: Adriano Jos\u00e9 abra\u00e7a o Outubro Rosa - Deputado Adriano Jos\u00e9","robots":{"index":"index","follow":"follow","max-snippet":"max-snippet:-1","max-image-preview":"max-image-preview:large","max-video-preview":"max-video-preview:-1"},"canonical":"https:\/\/soldadoadrianojose.com.br\/index.php\/2025\/10\/02\/mais-que-uma-cor-uma-causa-adriano-jose-abraca-o-outubro-rosa\/","og_locale":"pt_BR","og_type":"article","og_title":"Mais que uma cor, uma causa: Adriano Jos\u00e9 abra\u00e7a o Outubro Rosa - Deputado Adriano Jos\u00e9","og_description":"Outubro chegou trazendo consigo mais do que a cor rosa nas ruas, nas empresas e nos lares: trouxe a lembran\u00e7a do cuidado, da preven\u00e7\u00e3o e da solidariedade. O Outubro Rosa \u00e9 um movimento mundial que alerta para a import\u00e2ncia da detec\u00e7\u00e3o precoce do c\u00e2ncer de mama e da sa\u00fade integral da mulher. Muito al\u00e9m das [&hellip;]","og_url":"https:\/\/soldadoadrianojose.com.br\/index.php\/2025\/10\/02\/mais-que-uma-cor-uma-causa-adriano-jose-abraca-o-outubro-rosa\/","og_site_name":"Deputado Adriano Jos\u00e9","article_published_time":"2025-10-02T14:18:56+00:00","og_image":[{"width":563,"height":1001,"url":"https:\/\/soldadoadrianojose.com.br\/wp-content\/uploads\/2025\/10\/WhatsApp-Image-2025-10-01-at-19.17.37.jpeg","type":"image\/jpeg"}],"author":"Emanuellig admin2","twitter_card":"summary_large_image","twitter_misc":{"Escrito por":"Emanuellig admin2","Est. tempo de leitura":"2 minutos"},"schema":{"@context":"https:\/\/schema.org","@graph":[{"@type":"Article","@id":"https:\/\/soldadoadrianojose.com.br\/index.php\/2025\/10\/02\/mais-que-uma-cor-uma-causa-adriano-jose-abraca-o-outubro-rosa\/#article","isPartOf":{"@id":"https:\/\/soldadoadrianojose.com.br\/index.php\/2025\/10\/02\/mais-que-uma-cor-uma-causa-adriano-jose-abraca-o-outubro-rosa\/"},"author":{"name":"Emanuellig admin2","@id":"https:\/\/soldadoadrianojose.com.br\/#\/schema\/person\/cd48425bd7edd36fa5917c88fbe1cec5"},"headline":"Mais que uma cor, uma causa: Adriano Jos\u00e9 abra\u00e7a o Outubro Rosa","datePublished":"2025-10-02T14:18:56+00:00","mainEntityOfPage":{"@id":"https:\/\/soldadoadrianojose.com.br\/index.php\/2025\/10\/02\/mais-que-uma-cor-uma-causa-adriano-jose-abraca-o-outubro-rosa\/"},"wordCount":282,"commentCount":0,"publisher":{"@id":"https:\/\/soldadoadrianojose.com.br\/#\/schema\/person\/16f8e8defb7a4bd6c6082efcd1bdb6bb"},"image":{"@id":"https:\/\/soldadoadrianojose.com.br\/index.php\/2025\/10\/02\/mais-que-uma-cor-uma-causa-adriano-jose-abraca-o-outubro-rosa\/#primaryimage"},"thumbnailUrl":"https:\/\/soldadoadrianojose.com.br\/wp-content\/uploads\/2025\/10\/WhatsApp-Image-2025-10-01-at-19.17.37.jpeg","articleSection":["GABINETE SD"],"inLanguage":"pt-BR","potentialAction":[{"@type":"CommentAction","name":"Comment","target":["https:\/\/soldadoadrianojose.com.br\/index.php\/2025\/10\/02\/mais-que-uma-cor-uma-causa-adriano-jose-abraca-o-outubro-rosa\/#respond"]}]},{"@type":"WebPage","@id":"https:\/\/soldadoadrianojose.com.br\/index.php\/2025\/10\/02\/mais-que-uma-cor-uma-causa-adriano-jose-abraca-o-outubro-rosa\/","url":"https:\/\/soldadoadrianojose.com.br\/index.php\/2025\/10\/02\/mais-que-uma-cor-uma-causa-adriano-jose-abraca-o-outubro-rosa\/","name":"Mais que uma cor, uma causa: Adriano Jos\u00e9 abra\u00e7a o Outubro Rosa - Deputado Adriano Jos\u00e9","isPartOf":{"@id":"https:\/\/soldadoadrianojose.com.br\/#website"},"primaryImageOfPage":{"@id":"https:\/\/soldadoadrianojose.com.br\/index.php\/2025\/10\/02\/mais-que-uma-cor-uma-causa-adriano-jose-abraca-o-outubro-rosa\/#primaryimage"},"image":{"@id":"https:\/\/soldadoadrianojose.com.br\/index.php\/2025\/10\/02\/mais-que-uma-cor-uma-causa-adriano-jose-abraca-o-outubro-rosa\/#primaryimage"},"thumbnailUrl":"https:\/\/soldadoadrianojose.com.br\/wp-content\/uploads\/2025\/10\/WhatsApp-Image-2025-10-01-at-19.17.37.jpeg","datePublished":"2025-10-02T14:18:56+00:00","breadcrumb":{"@id":"https:\/\/soldadoadrianojose.com.br\/index.php\/2025\/10\/02\/mais-que-uma-cor-uma-causa-adriano-jose-abraca-o-outubro-rosa\/#breadcrumb"},"inLanguage":"pt-BR","potentialAction":[{"@type":"ReadAction","target":["https:\/\/soldadoadrianojose.com.br\/index.php\/2025\/10\/02\/mais-que-uma-cor-uma-causa-adriano-jose-abraca-o-outubro-rosa\/"]}]},{"@type":"ImageObject","inLanguage":"pt-BR","@id":"https:\/\/soldadoadrianojose.com.br\/index.php\/2025\/10\/02\/mais-que-uma-cor-uma-causa-adriano-jose-abraca-o-outubro-rosa\/#primaryimage","url":"https:\/\/soldadoadrianojose.com.br\/wp-content\/uploads\/2025\/10\/WhatsApp-Image-2025-10-01-at-19.17.37.jpeg","contentUrl":"https:\/\/soldadoadrianojose.com.br\/wp-content\/uploads\/2025\/10\/WhatsApp-Image-2025-10-01-at-19.17.37.jpeg","width":563,"height":1001},{"@type":"BreadcrumbList","@id":"https:\/\/soldadoadrianojose.com.br\/index.php\/2025\/10\/02\/mais-que-uma-cor-uma-causa-adriano-jose-abraca-o-outubro-rosa\/#breadcrumb","itemListElement":[{"@type":"ListItem","position":1,"name":"In\u00edcio","item":"https:\/\/soldadoadrianojose.com.br\/"},{"@type":"ListItem","position":2,"name":"Mais que uma cor, uma causa: Adriano Jos\u00e9 abra\u00e7a o Outubro Rosa"}]},{"@type":"WebSite","@id":"https:\/\/soldadoadrianojose.com.br\/#website","url":"https:\/\/soldadoadrianojose.com.br\/","name":"Deputado Adriano Jos\u00e9","description":"Nosso trabalho \u00e9 pelas pessoas","publisher":{"@id":"https:\/\/soldadoadrianojose.com.br\/#\/schema\/person\/16f8e8defb7a4bd6c6082efcd1bdb6bb"},"potentialAction":[{"@type":"SearchAction","target":{"@type":"EntryPoint","urlTemplate":"https:\/\/soldadoadrianojose.com.br\/?s={search_term_string}"},"query-input":{"@type":"PropertyValueSpecification","valueRequired":true,"valueName":"search_term_string"}}],"inLanguage":"pt-BR"},{"@type":["Person","Organization"],"@id":"https:\/\/soldadoadrianojose.com.br\/#\/schema\/person\/16f8e8defb7a4bd6c6082efcd1bdb6bb","name":"soldadoadrianojose","image":{"@type":"ImageObject","inLanguage":"pt-BR","@id":"https:\/\/soldadoadrianojose.com.br\/wp-content\/uploads\/2023\/02\/LOGO_CLEAR-5.png","url":"https:\/\/soldadoadrianojose.com.br\/wp-content\/uploads\/2023\/02\/LOGO_CLEAR-5.png","contentUrl":"https:\/\/soldadoadrianojose.com.br\/wp-content\/uploads\/2023\/02\/LOGO_CLEAR-5.png","width":3508,"height":998,"caption":"soldadoadrianojose"},"logo":{"@id":"https:\/\/soldadoadrianojose.com.br\/wp-content\/uploads\/2023\/02\/LOGO_CLEAR-5.png"},"sameAs":["https:\/\/soldadoadrianojose.com.br"]},{"@type":"Person","@id":"https:\/\/soldadoadrianojose.com.br\/#\/schema\/person\/cd48425bd7edd36fa5917c88fbe1cec5","name":"Emanuellig admin2","image":{"@type":"ImageObject","inLanguage":"pt-BR","@id":"https:\/\/soldadoadrianojose.com.br\/wp-content\/litespeed\/avatar\/235a59a115f40132a17fc909e61bc31d.jpg?ver=1777092356","url":"https:\/\/soldadoadrianojose.com.br\/wp-content\/litespeed\/avatar\/235a59a115f40132a17fc909e61bc31d.jpg?ver=1777092356","contentUrl":"https:\/\/soldadoadrianojose.com.br\/wp-content\/litespeed\/avatar\/235a59a115f40132a17fc909e61bc31d.jpg?ver=1777092356","caption":"Emanuellig admin2"},"url":"https:\/\/soldadoadrianojose.com.br\/index.php\/author\/manu\/"}]}},"jetpack_featured_media_url":"https:\/\/soldadoadrianojose.com.br\/wp-content\/uploads\/2025\/10\/WhatsApp-Image-2025-10-01-at-19.17.37.jpeg","_links":{"self":[{"href":"https:\/\/soldadoadrianojose.com.br\/index.php\/wp-json\/wp\/v2\/posts\/3450","targetHints":{"allow":["GET"]}}],"collection":[{"href":"https:\/\/soldadoadrianojose.com.br\/index.php\/wp-json\/wp\/v2\/posts"}],"about":[{"href":"https:\/\/soldadoadrianojose.com.br\/index.php\/wp-json\/wp\/v2\/types\/post"}],"author":[{"embeddable":true,"href":"https:\/\/soldadoadrianojose.com.br\/index.php\/wp-json\/wp\/v2\/users\/3"}],"replies":[{"embeddable":true,"href":"https:\/\/soldadoadrianojose.com.br\/index.php\/wp-json\/wp\/v2\/comments?post=3450"}],"version-history":[{"count":1,"href":"https:\/\/soldadoadrianojose.com.br\/index.php\/wp-json\/wp\/v2\/posts\/3450\/revisions"}],"predecessor-version":[{"id":3452,"href":"https:\/\/soldadoadrianojose.com.br\/index.php\/wp-json\/wp\/v2\/posts\/3450\/revisions\/3452"}],"wp:featuredmedia":[{"embeddable":true,"href":"https:\/\/soldadoadrianojose.com.br\/index.php\/wp-json\/wp\/v2\/media\/3451"}],"wp:attachment":[{"href":"https:\/\/soldadoadrianojose.com.br\/index.php\/wp-json\/wp\/v2\/media?parent=3450"}],"wp:term":[{"taxonomy":"category","embeddable":true,"href":"https:\/\/soldadoadrianojose.com.br\/index.php\/wp-json\/wp\/v2\/categories?post=3450"},{"taxonomy":"post_tag","embeddable":true,"href":"https:\/\/soldadoadrianojose.com.br\/index.php\/wp-json\/wp\/v2\/tags?post=3450"}],"curies":[{"name":"wp","href":"https:\/\/api.w.org\/{rel}","templated":true}]}}