{"id":3453,"date":"2025-10-02T20:14:08","date_gmt":"2025-10-02T23:14:08","guid":{"rendered":"https:\/\/soldadoadrianojose.com.br\/?p=3453"},"modified":"2025-10-02T20:14:09","modified_gmt":"2025-10-02T23:14:09","slug":"reforco-inedito-na-policia-cientifica-conta-com-apoio-do-deputado-adriano-jose","status":"publish","type":"post","link":"https:\/\/soldadoadrianojose.com.br\/index.php\/2025\/10\/02\/reforco-inedito-na-policia-cientifica-conta-com-apoio-do-deputado-adriano-jose\/","title":{"rendered":"Refor\u00e7o in\u00e9dito na Pol\u00edcia Cient\u00edfica conta com apoio do deputado Adriano Jos\u00e9"},"content":{"rendered":"\n<p>A seguran\u00e7a p\u00fablica do Paran\u00e1 ganhou um marco importante nesta semana. A Pol\u00edcia Cient\u00edfica empossou 158 novos servidores, entre t\u00e9cnicos de per\u00edcia e peritos oficiais, na maior nomea\u00e7\u00e3o da hist\u00f3ria da institui\u00e7\u00e3o. A conquista \u00e9 resultado do trabalho conjunto entre o deputado estadual Adriano Jos\u00e9, presidente da Comiss\u00e3o de Seguran\u00e7a P\u00fablica da Assembleia Legislativa do Paran\u00e1, e o governador Ratinho Junior, que t\u00eam atuado firmemente no fortalecimento das for\u00e7as de seguran\u00e7a do Estado.<br><\/p>\n\n\n\n<p>Os novos profissionais iniciam j\u00e1 nesta sexta-feira (3) o curso de forma\u00e7\u00e3o na Academia de Ci\u00eancias Forenses (ACF), etapa obrigat\u00f3ria para o ingresso na carreira. A prepara\u00e7\u00e3o, com dura\u00e7\u00e3o de cerca de tr\u00eas meses, inclui disciplinas como medicina legal, bal\u00edstica forense e cadeia de cust\u00f3dia. At\u00e9 a conclus\u00e3o da forma\u00e7\u00e3o, os servidores v\u00e3o atuar em atividades administrativas nas unidades regionais, possibilitando maior integra\u00e7\u00e3o com as equipes em atividade.<br><\/p>\n\n\n\n<p>Em 2019, a Pol\u00edcia Cient\u00edfica contava com menos de 300 profissionais em seu quadro. Agora, ap\u00f3s esta nomea\u00e7\u00e3o e as anteriores, o n\u00famero ultrapassa 700 servidores, representando um salto hist\u00f3rico para o setor. O investimento previsto para 2025 \u00e9 de R$ 11,5 milh\u00f5es, com impacto anual estimado em R$ 47,8 milh\u00f5es.<br><\/p>\n\n\n\n<p>Para o deputado Adriano Jos\u00e9, o momento representa mais do que n\u00fameros: \u00e9 um avan\u00e7o estrutural na presta\u00e7\u00e3o de servi\u00e7os \u00e0 popula\u00e7\u00e3o.<br>&#8220;Este \u00e9 um passo decisivo para garantir um Paran\u00e1 mais seguro e moderno. A chegada desses novos profissionais vai ampliar a capacidade de resposta da Pol\u00edcia Cient\u00edfica em todas as regi\u00f5es do Estado, fortalecendo as investiga\u00e7\u00f5es e dando mais agilidade e precis\u00e3o aos trabalhos periciais. \u00c9 uma conquista que refor\u00e7a nosso compromisso com a seguran\u00e7a dos paranaenses&#8221;, destacou.<br><\/p>\n\n\n\n<p>Com o apoio do Governo do Estado e o trabalho firme da Comiss\u00e3o de Seguran\u00e7a P\u00fablica, o Paran\u00e1 segue avan\u00e7ando com investimentos que modernizam e fortalecem suas institui\u00e7\u00f5es.<\/p>\n","protected":false},"excerpt":{"rendered":"<p>A seguran\u00e7a p\u00fablica do Paran\u00e1 ganhou um marco importante nesta semana. A Pol\u00edcia Cient\u00edfica empossou 158 novos servidores, entre t\u00e9cnicos de per\u00edcia e peritos oficiais, na maior nomea\u00e7\u00e3o da hist\u00f3ria da institui\u00e7\u00e3o. A conquista \u00e9 resultado do trabalho conjunto entre o deputado estadual Adriano Jos\u00e9, presidente da Comiss\u00e3o de Seguran\u00e7a P\u00fablica da Assembleia Legislativa do [&hellip;]<\/p>\n","protected":false},"author":3,"featured_media":3474,"comment_status":"open","ping_status":"open","sticky":false,"template":"","format":"standard","meta":{"footnotes":""},"categories":[1],"tags":[],"class_list":["post-3453","post","type-post","status-publish","format-standard","has-post-thumbnail","hentry","category-gabinete-sd"],"yoast_head":"<!-- This site is optimized with the Yoast SEO plugin v27.4 - https:\/\/yoast.com\/product\/yoast-seo-wordpress\/ -->\n<title>Refor\u00e7o in\u00e9dito na Pol\u00edcia Cient\u00edfica conta com apoio do deputado Adriano Jos\u00e9 - Deputado Adriano Jos\u00e9<\/title>\n<meta name=\"robots\" content=\"index, follow, max-snippet:-1, max-image-preview:large, max-video-preview:-1\" \/>\n<link rel=\"canonical\" href=\"https:\/\/soldadoadrianojose.com.br\/index.php\/2025\/10\/02\/reforco-inedito-na-policia-cientifica-conta-com-apoio-do-deputado-adriano-jose\/\" \/>\n<meta property=\"og:locale\" content=\"pt_BR\" \/>\n<meta property=\"og:type\" content=\"article\" \/>\n<meta property=\"og:title\" content=\"Refor\u00e7o in\u00e9dito na Pol\u00edcia Cient\u00edfica conta com apoio do deputado Adriano Jos\u00e9 - Deputado Adriano Jos\u00e9\" \/>\n<meta property=\"og:description\" content=\"A seguran\u00e7a p\u00fablica do Paran\u00e1 ganhou um marco importante nesta semana. A Pol\u00edcia Cient\u00edfica empossou 158 novos servidores, entre t\u00e9cnicos de per\u00edcia e peritos oficiais, na maior nomea\u00e7\u00e3o da hist\u00f3ria da institui\u00e7\u00e3o. A conquista \u00e9 resultado do trabalho conjunto entre o deputado estadual Adriano Jos\u00e9, presidente da Comiss\u00e3o de Seguran\u00e7a P\u00fablica da Assembleia Legislativa do [&hellip;]\" \/>\n<meta property=\"og:url\" content=\"https:\/\/soldadoadrianojose.com.br\/index.php\/2025\/10\/02\/reforco-inedito-na-policia-cientifica-conta-com-apoio-do-deputado-adriano-jose\/\" \/>\n<meta property=\"og:site_name\" content=\"Deputado Adriano Jos\u00e9\" \/>\n<meta property=\"article:published_time\" content=\"2025-10-02T23:14:08+00:00\" \/>\n<meta property=\"article:modified_time\" content=\"2025-10-02T23:14:09+00:00\" \/>\n<meta property=\"og:image\" content=\"https:\/\/soldadoadrianojose.com.br\/wp-content\/uploads\/2025\/10\/60aff94d0466b-img_2638-scaled.jpg\" \/>\n\t<meta property=\"og:image:width\" content=\"2560\" \/>\n\t<meta property=\"og:image:height\" content=\"1707\" \/>\n\t<meta property=\"og:image:type\" content=\"image\/jpeg\" \/>\n<meta name=\"author\" content=\"Emanuellig admin2\" \/>\n<meta name=\"twitter:card\" content=\"summary_large_image\" \/>\n<meta name=\"twitter:label1\" content=\"Escrito por\" \/>\n\t<meta name=\"twitter:data1\" content=\"Emanuellig admin2\" \/>\n\t<meta name=\"twitter:label2\" content=\"Est. tempo de leitura\" \/>\n\t<meta name=\"twitter:data2\" content=\"2 minutos\" \/>\n<script type=\"application\/ld+json\" class=\"yoast-schema-graph\">{\"@context\":\"https:\\\/\\\/schema.org\",\"@graph\":[{\"@type\":\"Article\",\"@id\":\"https:\\\/\\\/soldadoadrianojose.com.br\\\/index.php\\\/2025\\\/10\\\/02\\\/reforco-inedito-na-policia-cientifica-conta-com-apoio-do-deputado-adriano-jose\\\/#article\",\"isPartOf\":{\"@id\":\"https:\\\/\\\/soldadoadrianojose.com.br\\\/index.php\\\/2025\\\/10\\\/02\\\/reforco-inedito-na-policia-cientifica-conta-com-apoio-do-deputado-adriano-jose\\\/\"},\"author\":{\"name\":\"Emanuellig admin2\",\"@id\":\"https:\\\/\\\/soldadoadrianojose.com.br\\\/#\\\/schema\\\/person\\\/cd48425bd7edd36fa5917c88fbe1cec5\"},\"headline\":\"Refor\u00e7o in\u00e9dito na Pol\u00edcia Cient\u00edfica conta com apoio do deputado Adriano Jos\u00e9\",\"datePublished\":\"2025-10-02T23:14:08+00:00\",\"dateModified\":\"2025-10-02T23:14:09+00:00\",\"mainEntityOfPage\":{\"@id\":\"https:\\\/\\\/soldadoadrianojose.com.br\\\/index.php\\\/2025\\\/10\\\/02\\\/reforco-inedito-na-policia-cientifica-conta-com-apoio-do-deputado-adriano-jose\\\/\"},\"wordCount\":354,\"commentCount\":0,\"publisher\":{\"@id\":\"https:\\\/\\\/soldadoadrianojose.com.br\\\/#\\\/schema\\\/person\\\/16f8e8defb7a4bd6c6082efcd1bdb6bb\"},\"image\":{\"@id\":\"https:\\\/\\\/soldadoadrianojose.com.br\\\/index.php\\\/2025\\\/10\\\/02\\\/reforco-inedito-na-policia-cientifica-conta-com-apoio-do-deputado-adriano-jose\\\/#primaryimage\"},\"thumbnailUrl\":\"https:\\\/\\\/soldadoadrianojose.com.br\\\/wp-content\\\/uploads\\\/2025\\\/10\\\/60aff94d0466b-img_2638-scaled.jpg\",\"articleSection\":[\"GABINETE SD\"],\"inLanguage\":\"pt-BR\",\"potentialAction\":[{\"@type\":\"CommentAction\",\"name\":\"Comment\",\"target\":[\"https:\\\/\\\/soldadoadrianojose.com.br\\\/index.php\\\/2025\\\/10\\\/02\\\/reforco-inedito-na-policia-cientifica-conta-com-apoio-do-deputado-adriano-jose\\\/#respond\"]}]},{\"@type\":\"WebPage\",\"@id\":\"https:\\\/\\\/soldadoadrianojose.com.br\\\/index.php\\\/2025\\\/10\\\/02\\\/reforco-inedito-na-policia-cientifica-conta-com-apoio-do-deputado-adriano-jose\\\/\",\"url\":\"https:\\\/\\\/soldadoadrianojose.com.br\\\/index.php\\\/2025\\\/10\\\/02\\\/reforco-inedito-na-policia-cientifica-conta-com-apoio-do-deputado-adriano-jose\\\/\",\"name\":\"Refor\u00e7o in\u00e9dito na Pol\u00edcia Cient\u00edfica conta com apoio do deputado Adriano Jos\u00e9 - Deputado Adriano Jos\u00e9\",\"isPartOf\":{\"@id\":\"https:\\\/\\\/soldadoadrianojose.com.br\\\/#website\"},\"primaryImageOfPage\":{\"@id\":\"https:\\\/\\\/soldadoadrianojose.com.br\\\/index.php\\\/2025\\\/10\\\/02\\\/reforco-inedito-na-policia-cientifica-conta-com-apoio-do-deputado-adriano-jose\\\/#primaryimage\"},\"image\":{\"@id\":\"https:\\\/\\\/soldadoadrianojose.com.br\\\/index.php\\\/2025\\\/10\\\/02\\\/reforco-inedito-na-policia-cientifica-conta-com-apoio-do-deputado-adriano-jose\\\/#primaryimage\"},\"thumbnailUrl\":\"https:\\\/\\\/soldadoadrianojose.com.br\\\/wp-content\\\/uploads\\\/2025\\\/10\\\/60aff94d0466b-img_2638-scaled.jpg\",\"datePublished\":\"2025-10-02T23:14:08+00:00\",\"dateModified\":\"2025-10-02T23:14:09+00:00\",\"breadcrumb\":{\"@id\":\"https:\\\/\\\/soldadoadrianojose.com.br\\\/index.php\\\/2025\\\/10\\\/02\\\/reforco-inedito-na-policia-cientifica-conta-com-apoio-do-deputado-adriano-jose\\\/#breadcrumb\"},\"inLanguage\":\"pt-BR\",\"potentialAction\":[{\"@type\":\"ReadAction\",\"target\":[\"https:\\\/\\\/soldadoadrianojose.com.br\\\/index.php\\\/2025\\\/10\\\/02\\\/reforco-inedito-na-policia-cientifica-conta-com-apoio-do-deputado-adriano-jose\\\/\"]}]},{\"@type\":\"ImageObject\",\"inLanguage\":\"pt-BR\",\"@id\":\"https:\\\/\\\/soldadoadrianojose.com.br\\\/index.php\\\/2025\\\/10\\\/02\\\/reforco-inedito-na-policia-cientifica-conta-com-apoio-do-deputado-adriano-jose\\\/#primaryimage\",\"url\":\"https:\\\/\\\/soldadoadrianojose.com.br\\\/wp-content\\\/uploads\\\/2025\\\/10\\\/60aff94d0466b-img_2638-scaled.jpg\",\"contentUrl\":\"https:\\\/\\\/soldadoadrianojose.com.br\\\/wp-content\\\/uploads\\\/2025\\\/10\\\/60aff94d0466b-img_2638-scaled.jpg\",\"width\":2560,\"height\":1707},{\"@type\":\"BreadcrumbList\",\"@id\":\"https:\\\/\\\/soldadoadrianojose.com.br\\\/index.php\\\/2025\\\/10\\\/02\\\/reforco-inedito-na-policia-cientifica-conta-com-apoio-do-deputado-adriano-jose\\\/#breadcrumb\",\"itemListElement\":[{\"@type\":\"ListItem\",\"position\":1,\"name\":\"In\u00edcio\",\"item\":\"https:\\\/\\\/soldadoadrianojose.com.br\\\/\"},{\"@type\":\"ListItem\",\"position\":2,\"name\":\"Refor\u00e7o in\u00e9dito na Pol\u00edcia Cient\u00edfica conta com apoio do deputado Adriano Jos\u00e9\"}]},{\"@type\":\"WebSite\",\"@id\":\"https:\\\/\\\/soldadoadrianojose.com.br\\\/#website\",\"url\":\"https:\\\/\\\/soldadoadrianojose.com.br\\\/\",\"name\":\"Deputado Adriano Jos\u00e9\",\"description\":\"Nosso trabalho \u00e9 pelas pessoas\",\"publisher\":{\"@id\":\"https:\\\/\\\/soldadoadrianojose.com.br\\\/#\\\/schema\\\/person\\\/16f8e8defb7a4bd6c6082efcd1bdb6bb\"},\"potentialAction\":[{\"@type\":\"SearchAction\",\"target\":{\"@type\":\"EntryPoint\",\"urlTemplate\":\"https:\\\/\\\/soldadoadrianojose.com.br\\\/?s={search_term_string}\"},\"query-input\":{\"@type\":\"PropertyValueSpecification\",\"valueRequired\":true,\"valueName\":\"search_term_string\"}}],\"inLanguage\":\"pt-BR\"},{\"@type\":[\"Person\",\"Organization\"],\"@id\":\"https:\\\/\\\/soldadoadrianojose.com.br\\\/#\\\/schema\\\/person\\\/16f8e8defb7a4bd6c6082efcd1bdb6bb\",\"name\":\"soldadoadrianojose\",\"image\":{\"@type\":\"ImageObject\",\"inLanguage\":\"pt-BR\",\"@id\":\"https:\\\/\\\/soldadoadrianojose.com.br\\\/wp-content\\\/uploads\\\/2023\\\/02\\\/LOGO_CLEAR-5.png\",\"url\":\"https:\\\/\\\/soldadoadrianojose.com.br\\\/wp-content\\\/uploads\\\/2023\\\/02\\\/LOGO_CLEAR-5.png\",\"contentUrl\":\"https:\\\/\\\/soldadoadrianojose.com.br\\\/wp-content\\\/uploads\\\/2023\\\/02\\\/LOGO_CLEAR-5.png\",\"width\":3508,\"height\":998,\"caption\":\"soldadoadrianojose\"},\"logo\":{\"@id\":\"https:\\\/\\\/soldadoadrianojose.com.br\\\/wp-content\\\/uploads\\\/2023\\\/02\\\/LOGO_CLEAR-5.png\"},\"sameAs\":[\"https:\\\/\\\/soldadoadrianojose.com.br\"]},{\"@type\":\"Person\",\"@id\":\"https:\\\/\\\/soldadoadrianojose.com.br\\\/#\\\/schema\\\/person\\\/cd48425bd7edd36fa5917c88fbe1cec5\",\"name\":\"Emanuellig admin2\",\"image\":{\"@type\":\"ImageObject\",\"inLanguage\":\"pt-BR\",\"@id\":\"https:\\\/\\\/soldadoadrianojose.com.br\\\/wp-content\\\/litespeed\\\/avatar\\\/235a59a115f40132a17fc909e61bc31d.jpg?ver=1777092356\",\"url\":\"https:\\\/\\\/soldadoadrianojose.com.br\\\/wp-content\\\/litespeed\\\/avatar\\\/235a59a115f40132a17fc909e61bc31d.jpg?ver=1777092356\",\"contentUrl\":\"https:\\\/\\\/soldadoadrianojose.com.br\\\/wp-content\\\/litespeed\\\/avatar\\\/235a59a115f40132a17fc909e61bc31d.jpg?ver=1777092356\",\"caption\":\"Emanuellig admin2\"},\"url\":\"https:\\\/\\\/soldadoadrianojose.com.br\\\/index.php\\\/author\\\/manu\\\/\"}]}<\/script>\n<!-- \/ Yoast SEO plugin. -->","yoast_head_json":{"title":"Refor\u00e7o in\u00e9dito na Pol\u00edcia Cient\u00edfica conta com apoio do deputado Adriano Jos\u00e9 - Deputado Adriano Jos\u00e9","robots":{"index":"index","follow":"follow","max-snippet":"max-snippet:-1","max-image-preview":"max-image-preview:large","max-video-preview":"max-video-preview:-1"},"canonical":"https:\/\/soldadoadrianojose.com.br\/index.php\/2025\/10\/02\/reforco-inedito-na-policia-cientifica-conta-com-apoio-do-deputado-adriano-jose\/","og_locale":"pt_BR","og_type":"article","og_title":"Refor\u00e7o in\u00e9dito na Pol\u00edcia Cient\u00edfica conta com apoio do deputado Adriano Jos\u00e9 - Deputado Adriano Jos\u00e9","og_description":"A seguran\u00e7a p\u00fablica do Paran\u00e1 ganhou um marco importante nesta semana. A Pol\u00edcia Cient\u00edfica empossou 158 novos servidores, entre t\u00e9cnicos de per\u00edcia e peritos oficiais, na maior nomea\u00e7\u00e3o da hist\u00f3ria da institui\u00e7\u00e3o. A conquista \u00e9 resultado do trabalho conjunto entre o deputado estadual Adriano Jos\u00e9, presidente da Comiss\u00e3o de Seguran\u00e7a P\u00fablica da Assembleia Legislativa do [&hellip;]","og_url":"https:\/\/soldadoadrianojose.com.br\/index.php\/2025\/10\/02\/reforco-inedito-na-policia-cientifica-conta-com-apoio-do-deputado-adriano-jose\/","og_site_name":"Deputado Adriano Jos\u00e9","article_published_time":"2025-10-02T23:14:08+00:00","article_modified_time":"2025-10-02T23:14:09+00:00","og_image":[{"width":2560,"height":1707,"url":"https:\/\/soldadoadrianojose.com.br\/wp-content\/uploads\/2025\/10\/60aff94d0466b-img_2638-scaled.jpg","type":"image\/jpeg"}],"author":"Emanuellig admin2","twitter_card":"summary_large_image","twitter_misc":{"Escrito por":"Emanuellig admin2","Est. tempo de leitura":"2 minutos"},"schema":{"@context":"https:\/\/schema.org","@graph":[{"@type":"Article","@id":"https:\/\/soldadoadrianojose.com.br\/index.php\/2025\/10\/02\/reforco-inedito-na-policia-cientifica-conta-com-apoio-do-deputado-adriano-jose\/#article","isPartOf":{"@id":"https:\/\/soldadoadrianojose.com.br\/index.php\/2025\/10\/02\/reforco-inedito-na-policia-cientifica-conta-com-apoio-do-deputado-adriano-jose\/"},"author":{"name":"Emanuellig admin2","@id":"https:\/\/soldadoadrianojose.com.br\/#\/schema\/person\/cd48425bd7edd36fa5917c88fbe1cec5"},"headline":"Refor\u00e7o in\u00e9dito na Pol\u00edcia Cient\u00edfica conta com apoio do deputado Adriano Jos\u00e9","datePublished":"2025-10-02T23:14:08+00:00","dateModified":"2025-10-02T23:14:09+00:00","mainEntityOfPage":{"@id":"https:\/\/soldadoadrianojose.com.br\/index.php\/2025\/10\/02\/reforco-inedito-na-policia-cientifica-conta-com-apoio-do-deputado-adriano-jose\/"},"wordCount":354,"commentCount":0,"publisher":{"@id":"https:\/\/soldadoadrianojose.com.br\/#\/schema\/person\/16f8e8defb7a4bd6c6082efcd1bdb6bb"},"image":{"@id":"https:\/\/soldadoadrianojose.com.br\/index.php\/2025\/10\/02\/reforco-inedito-na-policia-cientifica-conta-com-apoio-do-deputado-adriano-jose\/#primaryimage"},"thumbnailUrl":"https:\/\/soldadoadrianojose.com.br\/wp-content\/uploads\/2025\/10\/60aff94d0466b-img_2638-scaled.jpg","articleSection":["GABINETE SD"],"inLanguage":"pt-BR","potentialAction":[{"@type":"CommentAction","name":"Comment","target":["https:\/\/soldadoadrianojose.com.br\/index.php\/2025\/10\/02\/reforco-inedito-na-policia-cientifica-conta-com-apoio-do-deputado-adriano-jose\/#respond"]}]},{"@type":"WebPage","@id":"https:\/\/soldadoadrianojose.com.br\/index.php\/2025\/10\/02\/reforco-inedito-na-policia-cientifica-conta-com-apoio-do-deputado-adriano-jose\/","url":"https:\/\/soldadoadrianojose.com.br\/index.php\/2025\/10\/02\/reforco-inedito-na-policia-cientifica-conta-com-apoio-do-deputado-adriano-jose\/","name":"Refor\u00e7o in\u00e9dito na Pol\u00edcia Cient\u00edfica conta com apoio do deputado Adriano Jos\u00e9 - Deputado Adriano Jos\u00e9","isPartOf":{"@id":"https:\/\/soldadoadrianojose.com.br\/#website"},"primaryImageOfPage":{"@id":"https:\/\/soldadoadrianojose.com.br\/index.php\/2025\/10\/02\/reforco-inedito-na-policia-cientifica-conta-com-apoio-do-deputado-adriano-jose\/#primaryimage"},"image":{"@id":"https:\/\/soldadoadrianojose.com.br\/index.php\/2025\/10\/02\/reforco-inedito-na-policia-cientifica-conta-com-apoio-do-deputado-adriano-jose\/#primaryimage"},"thumbnailUrl":"https:\/\/soldadoadrianojose.com.br\/wp-content\/uploads\/2025\/10\/60aff94d0466b-img_2638-scaled.jpg","datePublished":"2025-10-02T23:14:08+00:00","dateModified":"2025-10-02T23:14:09+00:00","breadcrumb":{"@id":"https:\/\/soldadoadrianojose.com.br\/index.php\/2025\/10\/02\/reforco-inedito-na-policia-cientifica-conta-com-apoio-do-deputado-adriano-jose\/#breadcrumb"},"inLanguage":"pt-BR","potentialAction":[{"@type":"ReadAction","target":["https:\/\/soldadoadrianojose.com.br\/index.php\/2025\/10\/02\/reforco-inedito-na-policia-cientifica-conta-com-apoio-do-deputado-adriano-jose\/"]}]},{"@type":"ImageObject","inLanguage":"pt-BR","@id":"https:\/\/soldadoadrianojose.com.br\/index.php\/2025\/10\/02\/reforco-inedito-na-policia-cientifica-conta-com-apoio-do-deputado-adriano-jose\/#primaryimage","url":"https:\/\/soldadoadrianojose.com.br\/wp-content\/uploads\/2025\/10\/60aff94d0466b-img_2638-scaled.jpg","contentUrl":"https:\/\/soldadoadrianojose.com.br\/wp-content\/uploads\/2025\/10\/60aff94d0466b-img_2638-scaled.jpg","width":2560,"height":1707},{"@type":"BreadcrumbList","@id":"https:\/\/soldadoadrianojose.com.br\/index.php\/2025\/10\/02\/reforco-inedito-na-policia-cientifica-conta-com-apoio-do-deputado-adriano-jose\/#breadcrumb","itemListElement":[{"@type":"ListItem","position":1,"name":"In\u00edcio","item":"https:\/\/soldadoadrianojose.com.br\/"},{"@type":"ListItem","position":2,"name":"Refor\u00e7o in\u00e9dito na Pol\u00edcia Cient\u00edfica conta com apoio do deputado Adriano Jos\u00e9"}]},{"@type":"WebSite","@id":"https:\/\/soldadoadrianojose.com.br\/#website","url":"https:\/\/soldadoadrianojose.com.br\/","name":"Deputado Adriano Jos\u00e9","description":"Nosso trabalho \u00e9 pelas pessoas","publisher":{"@id":"https:\/\/soldadoadrianojose.com.br\/#\/schema\/person\/16f8e8defb7a4bd6c6082efcd1bdb6bb"},"potentialAction":[{"@type":"SearchAction","target":{"@type":"EntryPoint","urlTemplate":"https:\/\/soldadoadrianojose.com.br\/?s={search_term_string}"},"query-input":{"@type":"PropertyValueSpecification","valueRequired":true,"valueName":"search_term_string"}}],"inLanguage":"pt-BR"},{"@type":["Person","Organization"],"@id":"https:\/\/soldadoadrianojose.com.br\/#\/schema\/person\/16f8e8defb7a4bd6c6082efcd1bdb6bb","name":"soldadoadrianojose","image":{"@type":"ImageObject","inLanguage":"pt-BR","@id":"https:\/\/soldadoadrianojose.com.br\/wp-content\/uploads\/2023\/02\/LOGO_CLEAR-5.png","url":"https:\/\/soldadoadrianojose.com.br\/wp-content\/uploads\/2023\/02\/LOGO_CLEAR-5.png","contentUrl":"https:\/\/soldadoadrianojose.com.br\/wp-content\/uploads\/2023\/02\/LOGO_CLEAR-5.png","width":3508,"height":998,"caption":"soldadoadrianojose"},"logo":{"@id":"https:\/\/soldadoadrianojose.com.br\/wp-content\/uploads\/2023\/02\/LOGO_CLEAR-5.png"},"sameAs":["https:\/\/soldadoadrianojose.com.br"]},{"@type":"Person","@id":"https:\/\/soldadoadrianojose.com.br\/#\/schema\/person\/cd48425bd7edd36fa5917c88fbe1cec5","name":"Emanuellig admin2","image":{"@type":"ImageObject","inLanguage":"pt-BR","@id":"https:\/\/soldadoadrianojose.com.br\/wp-content\/litespeed\/avatar\/235a59a115f40132a17fc909e61bc31d.jpg?ver=1777092356","url":"https:\/\/soldadoadrianojose.com.br\/wp-content\/litespeed\/avatar\/235a59a115f40132a17fc909e61bc31d.jpg?ver=1777092356","contentUrl":"https:\/\/soldadoadrianojose.com.br\/wp-content\/litespeed\/avatar\/235a59a115f40132a17fc909e61bc31d.jpg?ver=1777092356","caption":"Emanuellig admin2"},"url":"https:\/\/soldadoadrianojose.com.br\/index.php\/author\/manu\/"}]}},"jetpack_featured_media_url":"https:\/\/soldadoadrianojose.com.br\/wp-content\/uploads\/2025\/10\/60aff94d0466b-img_2638-scaled.jpg","_links":{"self":[{"href":"https:\/\/soldadoadrianojose.com.br\/index.php\/wp-json\/wp\/v2\/posts\/3453","targetHints":{"allow":["GET"]}}],"collection":[{"href":"https:\/\/soldadoadrianojose.com.br\/index.php\/wp-json\/wp\/v2\/posts"}],"about":[{"href":"https:\/\/soldadoadrianojose.com.br\/index.php\/wp-json\/wp\/v2\/types\/post"}],"author":[{"embeddable":true,"href":"https:\/\/soldadoadrianojose.com.br\/index.php\/wp-json\/wp\/v2\/users\/3"}],"replies":[{"embeddable":true,"href":"https:\/\/soldadoadrianojose.com.br\/index.php\/wp-json\/wp\/v2\/comments?post=3453"}],"version-history":[{"count":2,"href":"https:\/\/soldadoadrianojose.com.br\/index.php\/wp-json\/wp\/v2\/posts\/3453\/revisions"}],"predecessor-version":[{"id":3475,"href":"https:\/\/soldadoadrianojose.com.br\/index.php\/wp-json\/wp\/v2\/posts\/3453\/revisions\/3475"}],"wp:featuredmedia":[{"embeddable":true,"href":"https:\/\/soldadoadrianojose.com.br\/index.php\/wp-json\/wp\/v2\/media\/3474"}],"wp:attachment":[{"href":"https:\/\/soldadoadrianojose.com.br\/index.php\/wp-json\/wp\/v2\/media?parent=3453"}],"wp:term":[{"taxonomy":"category","embeddable":true,"href":"https:\/\/soldadoadrianojose.com.br\/index.php\/wp-json\/wp\/v2\/categories?post=3453"},{"taxonomy":"post_tag","embeddable":true,"href":"https:\/\/soldadoadrianojose.com.br\/index.php\/wp-json\/wp\/v2\/tags?post=3453"}],"curies":[{"name":"wp","href":"https:\/\/api.w.org\/{rel}","templated":true}]}}