{"id":3456,"date":"2025-10-02T15:02:20","date_gmt":"2025-10-02T18:02:20","guid":{"rendered":"https:\/\/soldadoadrianojose.com.br\/?p=3456"},"modified":"2025-10-02T15:05:55","modified_gmt":"2025-10-02T18:05:55","slug":"residencial-terra-de-santa-cruz-i-deputado-adriano-jose-celebra-entrega-de-336-apartamentos-em-maringa","status":"publish","type":"post","link":"https:\/\/soldadoadrianojose.com.br\/index.php\/2025\/10\/02\/residencial-terra-de-santa-cruz-i-deputado-adriano-jose-celebra-entrega-de-336-apartamentos-em-maringa\/","title":{"rendered":"Residencial Terra de Santa Cruz I: Deputado Adriano Jos\u00e9 celebra entrega de 336 apartamentos em Maring\u00e1"},"content":{"rendered":"\n<p>Nesta quinta-feira (2), Maring\u00e1 ganhou um novo cap\u00edtulo em sua hist\u00f3ria de desenvolvimento e inclus\u00e3o social com a inaugura\u00e7\u00e3o do Residencial Terra de Santa Cruz I, que entregou 336 apartamentos a fam\u00edlias com renda entre tr\u00eas e seis sal\u00e1rios-m\u00ednimos. A a\u00e7\u00e3o \u00e9 fruto do programa Casa F\u00e1cil Paran\u00e1, em parceria com o Prozeis \u2013 Programa Habitacional de Zonas Especiais de Interesse Social, criado durante a gest\u00e3o do deputado Adriano Jos\u00e9 \u00e0 frente da Prefeitura de Maring\u00e1.<br><\/p>\n\n\n\n<p>O projeto \u00e9 resultado da uni\u00e3o entre o Governo do Estado, sob a lideran\u00e7a do governador Ratinho J\u00fanior, e a Companhia de Habita\u00e7\u00e3o do Paran\u00e1 (Cohapar), presidida por Jorge Luiz Lange, em conjunto com a Caixa Econ\u00f4mica Federal e a construtora respons\u00e1vel. A iniciativa reafirma o compromisso do poder p\u00fablico em garantir moradia digna para as fam\u00edlias que mais necessitam, fortalecendo as pol\u00edticas habitacionais e gerando novas oportunidades de vida.<br><\/p>\n\n\n\n<p>Com unidades modernas e planejadas, o Residencial Terra de Santa Cruz I oferece conforto e seguran\u00e7a aos moradores. Cada apartamento possui dois quartos, banheiro, sala e cozinha integrados, al\u00e9m de uma vaga de garagem. O empreendimento tamb\u00e9m conta com infraestrutura completa, \u00e1reas de conviv\u00eancia e localiza\u00e7\u00e3o estrat\u00e9gica, pr\u00f3xima a servi\u00e7os essenciais como escolas, postos de sa\u00fade e com\u00e9rcios.<br><\/p>\n\n\n\n<p>Para o deputado Adriano Jos\u00e9, a entrega representa a realiza\u00e7\u00e3o de um sonho para centenas de fam\u00edlias e a continuidade de um trabalho que nasceu em Maring\u00e1, mas que hoje se expande para todo o Paran\u00e1. \u201cVer essas chaves sendo entregues \u00e9 mais do que um ato administrativo, \u00e9 uma transforma\u00e7\u00e3o real na vida das pessoas. O Prozeis nasceu para garantir dignidade, e hoje, com o apoio do governador Ratinho J\u00fanior e da Cohapar, conseguimos consolidar mais um passo nessa caminhada de esperan\u00e7a e futuro para as fam\u00edlias paranaenses\u201d, destacou.<\/p>\n\n\n\n<p><\/p>\n","protected":false},"excerpt":{"rendered":"<p>Nesta quinta-feira (2), Maring\u00e1 ganhou um novo cap\u00edtulo em sua hist\u00f3ria de desenvolvimento e inclus\u00e3o social com a inaugura\u00e7\u00e3o do Residencial Terra de Santa Cruz I, que entregou 336 apartamentos a fam\u00edlias com renda entre tr\u00eas e seis sal\u00e1rios-m\u00ednimos. A a\u00e7\u00e3o \u00e9 fruto do programa Casa F\u00e1cil Paran\u00e1, em parceria com o Prozeis \u2013 Programa [&hellip;]<\/p>\n","protected":false},"author":3,"featured_media":3460,"comment_status":"open","ping_status":"open","sticky":false,"template":"","format":"standard","meta":{"footnotes":""},"categories":[1],"tags":[],"class_list":["post-3456","post","type-post","status-publish","format-standard","has-post-thumbnail","hentry","category-gabinete-sd"],"yoast_head":"<!-- This site is optimized with the Yoast SEO plugin v27.4 - https:\/\/yoast.com\/product\/yoast-seo-wordpress\/ -->\n<title>Residencial Terra de Santa Cruz I: Deputado Adriano Jos\u00e9 celebra entrega de 336 apartamentos em Maring\u00e1 - Deputado Adriano Jos\u00e9<\/title>\n<meta name=\"robots\" content=\"index, follow, max-snippet:-1, max-image-preview:large, max-video-preview:-1\" \/>\n<link rel=\"canonical\" href=\"https:\/\/soldadoadrianojose.com.br\/index.php\/2025\/10\/02\/residencial-terra-de-santa-cruz-i-deputado-adriano-jose-celebra-entrega-de-336-apartamentos-em-maringa\/\" \/>\n<meta property=\"og:locale\" content=\"pt_BR\" \/>\n<meta property=\"og:type\" content=\"article\" \/>\n<meta property=\"og:title\" content=\"Residencial Terra de Santa Cruz I: Deputado Adriano Jos\u00e9 celebra entrega de 336 apartamentos em Maring\u00e1 - Deputado Adriano Jos\u00e9\" \/>\n<meta property=\"og:description\" content=\"Nesta quinta-feira (2), Maring\u00e1 ganhou um novo cap\u00edtulo em sua hist\u00f3ria de desenvolvimento e inclus\u00e3o social com a inaugura\u00e7\u00e3o do Residencial Terra de Santa Cruz I, que entregou 336 apartamentos a fam\u00edlias com renda entre tr\u00eas e seis sal\u00e1rios-m\u00ednimos. A a\u00e7\u00e3o \u00e9 fruto do programa Casa F\u00e1cil Paran\u00e1, em parceria com o Prozeis \u2013 Programa [&hellip;]\" \/>\n<meta property=\"og:url\" content=\"https:\/\/soldadoadrianojose.com.br\/index.php\/2025\/10\/02\/residencial-terra-de-santa-cruz-i-deputado-adriano-jose-celebra-entrega-de-336-apartamentos-em-maringa\/\" \/>\n<meta property=\"og:site_name\" content=\"Deputado Adriano Jos\u00e9\" \/>\n<meta property=\"article:published_time\" content=\"2025-10-02T18:02:20+00:00\" \/>\n<meta property=\"article:modified_time\" content=\"2025-10-02T18:05:55+00:00\" \/>\n<meta property=\"og:image\" content=\"https:\/\/soldadoadrianojose.com.br\/wp-content\/uploads\/2025\/10\/WhatsApp-Image-2025-10-02-at-15.05.18.jpeg\" \/>\n\t<meta property=\"og:image:width\" content=\"1600\" \/>\n\t<meta property=\"og:image:height\" content=\"1200\" \/>\n\t<meta property=\"og:image:type\" content=\"image\/jpeg\" \/>\n<meta name=\"author\" content=\"Emanuellig admin2\" \/>\n<meta name=\"twitter:card\" content=\"summary_large_image\" \/>\n<meta name=\"twitter:label1\" content=\"Escrito por\" \/>\n\t<meta name=\"twitter:data1\" content=\"Emanuellig admin2\" \/>\n\t<meta name=\"twitter:label2\" content=\"Est. tempo de leitura\" \/>\n\t<meta name=\"twitter:data2\" content=\"2 minutos\" \/>\n<script type=\"application\/ld+json\" class=\"yoast-schema-graph\">{\"@context\":\"https:\\\/\\\/schema.org\",\"@graph\":[{\"@type\":\"Article\",\"@id\":\"https:\\\/\\\/soldadoadrianojose.com.br\\\/index.php\\\/2025\\\/10\\\/02\\\/residencial-terra-de-santa-cruz-i-deputado-adriano-jose-celebra-entrega-de-336-apartamentos-em-maringa\\\/#article\",\"isPartOf\":{\"@id\":\"https:\\\/\\\/soldadoadrianojose.com.br\\\/index.php\\\/2025\\\/10\\\/02\\\/residencial-terra-de-santa-cruz-i-deputado-adriano-jose-celebra-entrega-de-336-apartamentos-em-maringa\\\/\"},\"author\":{\"name\":\"Emanuellig admin2\",\"@id\":\"https:\\\/\\\/soldadoadrianojose.com.br\\\/#\\\/schema\\\/person\\\/cd48425bd7edd36fa5917c88fbe1cec5\"},\"headline\":\"Residencial Terra de Santa Cruz I: Deputado Adriano Jos\u00e9 celebra entrega de 336 apartamentos em Maring\u00e1\",\"datePublished\":\"2025-10-02T18:02:20+00:00\",\"dateModified\":\"2025-10-02T18:05:55+00:00\",\"mainEntityOfPage\":{\"@id\":\"https:\\\/\\\/soldadoadrianojose.com.br\\\/index.php\\\/2025\\\/10\\\/02\\\/residencial-terra-de-santa-cruz-i-deputado-adriano-jose-celebra-entrega-de-336-apartamentos-em-maringa\\\/\"},\"wordCount\":337,\"commentCount\":0,\"publisher\":{\"@id\":\"https:\\\/\\\/soldadoadrianojose.com.br\\\/#\\\/schema\\\/person\\\/16f8e8defb7a4bd6c6082efcd1bdb6bb\"},\"image\":{\"@id\":\"https:\\\/\\\/soldadoadrianojose.com.br\\\/index.php\\\/2025\\\/10\\\/02\\\/residencial-terra-de-santa-cruz-i-deputado-adriano-jose-celebra-entrega-de-336-apartamentos-em-maringa\\\/#primaryimage\"},\"thumbnailUrl\":\"https:\\\/\\\/soldadoadrianojose.com.br\\\/wp-content\\\/uploads\\\/2025\\\/10\\\/WhatsApp-Image-2025-10-02-at-15.05.18.jpeg\",\"articleSection\":[\"GABINETE SD\"],\"inLanguage\":\"pt-BR\",\"potentialAction\":[{\"@type\":\"CommentAction\",\"name\":\"Comment\",\"target\":[\"https:\\\/\\\/soldadoadrianojose.com.br\\\/index.php\\\/2025\\\/10\\\/02\\\/residencial-terra-de-santa-cruz-i-deputado-adriano-jose-celebra-entrega-de-336-apartamentos-em-maringa\\\/#respond\"]}]},{\"@type\":\"WebPage\",\"@id\":\"https:\\\/\\\/soldadoadrianojose.com.br\\\/index.php\\\/2025\\\/10\\\/02\\\/residencial-terra-de-santa-cruz-i-deputado-adriano-jose-celebra-entrega-de-336-apartamentos-em-maringa\\\/\",\"url\":\"https:\\\/\\\/soldadoadrianojose.com.br\\\/index.php\\\/2025\\\/10\\\/02\\\/residencial-terra-de-santa-cruz-i-deputado-adriano-jose-celebra-entrega-de-336-apartamentos-em-maringa\\\/\",\"name\":\"Residencial Terra de Santa Cruz I: Deputado Adriano Jos\u00e9 celebra entrega de 336 apartamentos em Maring\u00e1 - Deputado Adriano Jos\u00e9\",\"isPartOf\":{\"@id\":\"https:\\\/\\\/soldadoadrianojose.com.br\\\/#website\"},\"primaryImageOfPage\":{\"@id\":\"https:\\\/\\\/soldadoadrianojose.com.br\\\/index.php\\\/2025\\\/10\\\/02\\\/residencial-terra-de-santa-cruz-i-deputado-adriano-jose-celebra-entrega-de-336-apartamentos-em-maringa\\\/#primaryimage\"},\"image\":{\"@id\":\"https:\\\/\\\/soldadoadrianojose.com.br\\\/index.php\\\/2025\\\/10\\\/02\\\/residencial-terra-de-santa-cruz-i-deputado-adriano-jose-celebra-entrega-de-336-apartamentos-em-maringa\\\/#primaryimage\"},\"thumbnailUrl\":\"https:\\\/\\\/soldadoadrianojose.com.br\\\/wp-content\\\/uploads\\\/2025\\\/10\\\/WhatsApp-Image-2025-10-02-at-15.05.18.jpeg\",\"datePublished\":\"2025-10-02T18:02:20+00:00\",\"dateModified\":\"2025-10-02T18:05:55+00:00\",\"breadcrumb\":{\"@id\":\"https:\\\/\\\/soldadoadrianojose.com.br\\\/index.php\\\/2025\\\/10\\\/02\\\/residencial-terra-de-santa-cruz-i-deputado-adriano-jose-celebra-entrega-de-336-apartamentos-em-maringa\\\/#breadcrumb\"},\"inLanguage\":\"pt-BR\",\"potentialAction\":[{\"@type\":\"ReadAction\",\"target\":[\"https:\\\/\\\/soldadoadrianojose.com.br\\\/index.php\\\/2025\\\/10\\\/02\\\/residencial-terra-de-santa-cruz-i-deputado-adriano-jose-celebra-entrega-de-336-apartamentos-em-maringa\\\/\"]}]},{\"@type\":\"ImageObject\",\"inLanguage\":\"pt-BR\",\"@id\":\"https:\\\/\\\/soldadoadrianojose.com.br\\\/index.php\\\/2025\\\/10\\\/02\\\/residencial-terra-de-santa-cruz-i-deputado-adriano-jose-celebra-entrega-de-336-apartamentos-em-maringa\\\/#primaryimage\",\"url\":\"https:\\\/\\\/soldadoadrianojose.com.br\\\/wp-content\\\/uploads\\\/2025\\\/10\\\/WhatsApp-Image-2025-10-02-at-15.05.18.jpeg\",\"contentUrl\":\"https:\\\/\\\/soldadoadrianojose.com.br\\\/wp-content\\\/uploads\\\/2025\\\/10\\\/WhatsApp-Image-2025-10-02-at-15.05.18.jpeg\",\"width\":1600,\"height\":1200},{\"@type\":\"BreadcrumbList\",\"@id\":\"https:\\\/\\\/soldadoadrianojose.com.br\\\/index.php\\\/2025\\\/10\\\/02\\\/residencial-terra-de-santa-cruz-i-deputado-adriano-jose-celebra-entrega-de-336-apartamentos-em-maringa\\\/#breadcrumb\",\"itemListElement\":[{\"@type\":\"ListItem\",\"position\":1,\"name\":\"In\u00edcio\",\"item\":\"https:\\\/\\\/soldadoadrianojose.com.br\\\/\"},{\"@type\":\"ListItem\",\"position\":2,\"name\":\"Residencial Terra de Santa Cruz I: Deputado Adriano Jos\u00e9 celebra entrega de 336 apartamentos em Maring\u00e1\"}]},{\"@type\":\"WebSite\",\"@id\":\"https:\\\/\\\/soldadoadrianojose.com.br\\\/#website\",\"url\":\"https:\\\/\\\/soldadoadrianojose.com.br\\\/\",\"name\":\"Deputado Adriano Jos\u00e9\",\"description\":\"Nosso trabalho \u00e9 pelas pessoas\",\"publisher\":{\"@id\":\"https:\\\/\\\/soldadoadrianojose.com.br\\\/#\\\/schema\\\/person\\\/16f8e8defb7a4bd6c6082efcd1bdb6bb\"},\"potentialAction\":[{\"@type\":\"SearchAction\",\"target\":{\"@type\":\"EntryPoint\",\"urlTemplate\":\"https:\\\/\\\/soldadoadrianojose.com.br\\\/?s={search_term_string}\"},\"query-input\":{\"@type\":\"PropertyValueSpecification\",\"valueRequired\":true,\"valueName\":\"search_term_string\"}}],\"inLanguage\":\"pt-BR\"},{\"@type\":[\"Person\",\"Organization\"],\"@id\":\"https:\\\/\\\/soldadoadrianojose.com.br\\\/#\\\/schema\\\/person\\\/16f8e8defb7a4bd6c6082efcd1bdb6bb\",\"name\":\"soldadoadrianojose\",\"image\":{\"@type\":\"ImageObject\",\"inLanguage\":\"pt-BR\",\"@id\":\"https:\\\/\\\/soldadoadrianojose.com.br\\\/wp-content\\\/uploads\\\/2023\\\/02\\\/LOGO_CLEAR-5.png\",\"url\":\"https:\\\/\\\/soldadoadrianojose.com.br\\\/wp-content\\\/uploads\\\/2023\\\/02\\\/LOGO_CLEAR-5.png\",\"contentUrl\":\"https:\\\/\\\/soldadoadrianojose.com.br\\\/wp-content\\\/uploads\\\/2023\\\/02\\\/LOGO_CLEAR-5.png\",\"width\":3508,\"height\":998,\"caption\":\"soldadoadrianojose\"},\"logo\":{\"@id\":\"https:\\\/\\\/soldadoadrianojose.com.br\\\/wp-content\\\/uploads\\\/2023\\\/02\\\/LOGO_CLEAR-5.png\"},\"sameAs\":[\"https:\\\/\\\/soldadoadrianojose.com.br\"]},{\"@type\":\"Person\",\"@id\":\"https:\\\/\\\/soldadoadrianojose.com.br\\\/#\\\/schema\\\/person\\\/cd48425bd7edd36fa5917c88fbe1cec5\",\"name\":\"Emanuellig admin2\",\"image\":{\"@type\":\"ImageObject\",\"inLanguage\":\"pt-BR\",\"@id\":\"https:\\\/\\\/soldadoadrianojose.com.br\\\/wp-content\\\/litespeed\\\/avatar\\\/235a59a115f40132a17fc909e61bc31d.jpg?ver=1777092356\",\"url\":\"https:\\\/\\\/soldadoadrianojose.com.br\\\/wp-content\\\/litespeed\\\/avatar\\\/235a59a115f40132a17fc909e61bc31d.jpg?ver=1777092356\",\"contentUrl\":\"https:\\\/\\\/soldadoadrianojose.com.br\\\/wp-content\\\/litespeed\\\/avatar\\\/235a59a115f40132a17fc909e61bc31d.jpg?ver=1777092356\",\"caption\":\"Emanuellig admin2\"},\"url\":\"https:\\\/\\\/soldadoadrianojose.com.br\\\/index.php\\\/author\\\/manu\\\/\"}]}<\/script>\n<!-- \/ Yoast SEO plugin. -->","yoast_head_json":{"title":"Residencial Terra de Santa Cruz I: Deputado Adriano Jos\u00e9 celebra entrega de 336 apartamentos em Maring\u00e1 - Deputado Adriano Jos\u00e9","robots":{"index":"index","follow":"follow","max-snippet":"max-snippet:-1","max-image-preview":"max-image-preview:large","max-video-preview":"max-video-preview:-1"},"canonical":"https:\/\/soldadoadrianojose.com.br\/index.php\/2025\/10\/02\/residencial-terra-de-santa-cruz-i-deputado-adriano-jose-celebra-entrega-de-336-apartamentos-em-maringa\/","og_locale":"pt_BR","og_type":"article","og_title":"Residencial Terra de Santa Cruz I: Deputado Adriano Jos\u00e9 celebra entrega de 336 apartamentos em Maring\u00e1 - Deputado Adriano Jos\u00e9","og_description":"Nesta quinta-feira (2), Maring\u00e1 ganhou um novo cap\u00edtulo em sua hist\u00f3ria de desenvolvimento e inclus\u00e3o social com a inaugura\u00e7\u00e3o do Residencial Terra de Santa Cruz I, que entregou 336 apartamentos a fam\u00edlias com renda entre tr\u00eas e seis sal\u00e1rios-m\u00ednimos. A a\u00e7\u00e3o \u00e9 fruto do programa Casa F\u00e1cil Paran\u00e1, em parceria com o Prozeis \u2013 Programa [&hellip;]","og_url":"https:\/\/soldadoadrianojose.com.br\/index.php\/2025\/10\/02\/residencial-terra-de-santa-cruz-i-deputado-adriano-jose-celebra-entrega-de-336-apartamentos-em-maringa\/","og_site_name":"Deputado Adriano Jos\u00e9","article_published_time":"2025-10-02T18:02:20+00:00","article_modified_time":"2025-10-02T18:05:55+00:00","og_image":[{"width":1600,"height":1200,"url":"https:\/\/soldadoadrianojose.com.br\/wp-content\/uploads\/2025\/10\/WhatsApp-Image-2025-10-02-at-15.05.18.jpeg","type":"image\/jpeg"}],"author":"Emanuellig admin2","twitter_card":"summary_large_image","twitter_misc":{"Escrito por":"Emanuellig admin2","Est. tempo de leitura":"2 minutos"},"schema":{"@context":"https:\/\/schema.org","@graph":[{"@type":"Article","@id":"https:\/\/soldadoadrianojose.com.br\/index.php\/2025\/10\/02\/residencial-terra-de-santa-cruz-i-deputado-adriano-jose-celebra-entrega-de-336-apartamentos-em-maringa\/#article","isPartOf":{"@id":"https:\/\/soldadoadrianojose.com.br\/index.php\/2025\/10\/02\/residencial-terra-de-santa-cruz-i-deputado-adriano-jose-celebra-entrega-de-336-apartamentos-em-maringa\/"},"author":{"name":"Emanuellig admin2","@id":"https:\/\/soldadoadrianojose.com.br\/#\/schema\/person\/cd48425bd7edd36fa5917c88fbe1cec5"},"headline":"Residencial Terra de Santa Cruz I: Deputado Adriano Jos\u00e9 celebra entrega de 336 apartamentos em Maring\u00e1","datePublished":"2025-10-02T18:02:20+00:00","dateModified":"2025-10-02T18:05:55+00:00","mainEntityOfPage":{"@id":"https:\/\/soldadoadrianojose.com.br\/index.php\/2025\/10\/02\/residencial-terra-de-santa-cruz-i-deputado-adriano-jose-celebra-entrega-de-336-apartamentos-em-maringa\/"},"wordCount":337,"commentCount":0,"publisher":{"@id":"https:\/\/soldadoadrianojose.com.br\/#\/schema\/person\/16f8e8defb7a4bd6c6082efcd1bdb6bb"},"image":{"@id":"https:\/\/soldadoadrianojose.com.br\/index.php\/2025\/10\/02\/residencial-terra-de-santa-cruz-i-deputado-adriano-jose-celebra-entrega-de-336-apartamentos-em-maringa\/#primaryimage"},"thumbnailUrl":"https:\/\/soldadoadrianojose.com.br\/wp-content\/uploads\/2025\/10\/WhatsApp-Image-2025-10-02-at-15.05.18.jpeg","articleSection":["GABINETE SD"],"inLanguage":"pt-BR","potentialAction":[{"@type":"CommentAction","name":"Comment","target":["https:\/\/soldadoadrianojose.com.br\/index.php\/2025\/10\/02\/residencial-terra-de-santa-cruz-i-deputado-adriano-jose-celebra-entrega-de-336-apartamentos-em-maringa\/#respond"]}]},{"@type":"WebPage","@id":"https:\/\/soldadoadrianojose.com.br\/index.php\/2025\/10\/02\/residencial-terra-de-santa-cruz-i-deputado-adriano-jose-celebra-entrega-de-336-apartamentos-em-maringa\/","url":"https:\/\/soldadoadrianojose.com.br\/index.php\/2025\/10\/02\/residencial-terra-de-santa-cruz-i-deputado-adriano-jose-celebra-entrega-de-336-apartamentos-em-maringa\/","name":"Residencial Terra de Santa Cruz I: Deputado Adriano Jos\u00e9 celebra entrega de 336 apartamentos em Maring\u00e1 - Deputado Adriano Jos\u00e9","isPartOf":{"@id":"https:\/\/soldadoadrianojose.com.br\/#website"},"primaryImageOfPage":{"@id":"https:\/\/soldadoadrianojose.com.br\/index.php\/2025\/10\/02\/residencial-terra-de-santa-cruz-i-deputado-adriano-jose-celebra-entrega-de-336-apartamentos-em-maringa\/#primaryimage"},"image":{"@id":"https:\/\/soldadoadrianojose.com.br\/index.php\/2025\/10\/02\/residencial-terra-de-santa-cruz-i-deputado-adriano-jose-celebra-entrega-de-336-apartamentos-em-maringa\/#primaryimage"},"thumbnailUrl":"https:\/\/soldadoadrianojose.com.br\/wp-content\/uploads\/2025\/10\/WhatsApp-Image-2025-10-02-at-15.05.18.jpeg","datePublished":"2025-10-02T18:02:20+00:00","dateModified":"2025-10-02T18:05:55+00:00","breadcrumb":{"@id":"https:\/\/soldadoadrianojose.com.br\/index.php\/2025\/10\/02\/residencial-terra-de-santa-cruz-i-deputado-adriano-jose-celebra-entrega-de-336-apartamentos-em-maringa\/#breadcrumb"},"inLanguage":"pt-BR","potentialAction":[{"@type":"ReadAction","target":["https:\/\/soldadoadrianojose.com.br\/index.php\/2025\/10\/02\/residencial-terra-de-santa-cruz-i-deputado-adriano-jose-celebra-entrega-de-336-apartamentos-em-maringa\/"]}]},{"@type":"ImageObject","inLanguage":"pt-BR","@id":"https:\/\/soldadoadrianojose.com.br\/index.php\/2025\/10\/02\/residencial-terra-de-santa-cruz-i-deputado-adriano-jose-celebra-entrega-de-336-apartamentos-em-maringa\/#primaryimage","url":"https:\/\/soldadoadrianojose.com.br\/wp-content\/uploads\/2025\/10\/WhatsApp-Image-2025-10-02-at-15.05.18.jpeg","contentUrl":"https:\/\/soldadoadrianojose.com.br\/wp-content\/uploads\/2025\/10\/WhatsApp-Image-2025-10-02-at-15.05.18.jpeg","width":1600,"height":1200},{"@type":"BreadcrumbList","@id":"https:\/\/soldadoadrianojose.com.br\/index.php\/2025\/10\/02\/residencial-terra-de-santa-cruz-i-deputado-adriano-jose-celebra-entrega-de-336-apartamentos-em-maringa\/#breadcrumb","itemListElement":[{"@type":"ListItem","position":1,"name":"In\u00edcio","item":"https:\/\/soldadoadrianojose.com.br\/"},{"@type":"ListItem","position":2,"name":"Residencial Terra de Santa Cruz I: Deputado Adriano Jos\u00e9 celebra entrega de 336 apartamentos em Maring\u00e1"}]},{"@type":"WebSite","@id":"https:\/\/soldadoadrianojose.com.br\/#website","url":"https:\/\/soldadoadrianojose.com.br\/","name":"Deputado Adriano Jos\u00e9","description":"Nosso trabalho \u00e9 pelas pessoas","publisher":{"@id":"https:\/\/soldadoadrianojose.com.br\/#\/schema\/person\/16f8e8defb7a4bd6c6082efcd1bdb6bb"},"potentialAction":[{"@type":"SearchAction","target":{"@type":"EntryPoint","urlTemplate":"https:\/\/soldadoadrianojose.com.br\/?s={search_term_string}"},"query-input":{"@type":"PropertyValueSpecification","valueRequired":true,"valueName":"search_term_string"}}],"inLanguage":"pt-BR"},{"@type":["Person","Organization"],"@id":"https:\/\/soldadoadrianojose.com.br\/#\/schema\/person\/16f8e8defb7a4bd6c6082efcd1bdb6bb","name":"soldadoadrianojose","image":{"@type":"ImageObject","inLanguage":"pt-BR","@id":"https:\/\/soldadoadrianojose.com.br\/wp-content\/uploads\/2023\/02\/LOGO_CLEAR-5.png","url":"https:\/\/soldadoadrianojose.com.br\/wp-content\/uploads\/2023\/02\/LOGO_CLEAR-5.png","contentUrl":"https:\/\/soldadoadrianojose.com.br\/wp-content\/uploads\/2023\/02\/LOGO_CLEAR-5.png","width":3508,"height":998,"caption":"soldadoadrianojose"},"logo":{"@id":"https:\/\/soldadoadrianojose.com.br\/wp-content\/uploads\/2023\/02\/LOGO_CLEAR-5.png"},"sameAs":["https:\/\/soldadoadrianojose.com.br"]},{"@type":"Person","@id":"https:\/\/soldadoadrianojose.com.br\/#\/schema\/person\/cd48425bd7edd36fa5917c88fbe1cec5","name":"Emanuellig admin2","image":{"@type":"ImageObject","inLanguage":"pt-BR","@id":"https:\/\/soldadoadrianojose.com.br\/wp-content\/litespeed\/avatar\/235a59a115f40132a17fc909e61bc31d.jpg?ver=1777092356","url":"https:\/\/soldadoadrianojose.com.br\/wp-content\/litespeed\/avatar\/235a59a115f40132a17fc909e61bc31d.jpg?ver=1777092356","contentUrl":"https:\/\/soldadoadrianojose.com.br\/wp-content\/litespeed\/avatar\/235a59a115f40132a17fc909e61bc31d.jpg?ver=1777092356","caption":"Emanuellig admin2"},"url":"https:\/\/soldadoadrianojose.com.br\/index.php\/author\/manu\/"}]}},"jetpack_featured_media_url":"https:\/\/soldadoadrianojose.com.br\/wp-content\/uploads\/2025\/10\/WhatsApp-Image-2025-10-02-at-15.05.18.jpeg","_links":{"self":[{"href":"https:\/\/soldadoadrianojose.com.br\/index.php\/wp-json\/wp\/v2\/posts\/3456","targetHints":{"allow":["GET"]}}],"collection":[{"href":"https:\/\/soldadoadrianojose.com.br\/index.php\/wp-json\/wp\/v2\/posts"}],"about":[{"href":"https:\/\/soldadoadrianojose.com.br\/index.php\/wp-json\/wp\/v2\/types\/post"}],"author":[{"embeddable":true,"href":"https:\/\/soldadoadrianojose.com.br\/index.php\/wp-json\/wp\/v2\/users\/3"}],"replies":[{"embeddable":true,"href":"https:\/\/soldadoadrianojose.com.br\/index.php\/wp-json\/wp\/v2\/comments?post=3456"}],"version-history":[{"count":1,"href":"https:\/\/soldadoadrianojose.com.br\/index.php\/wp-json\/wp\/v2\/posts\/3456\/revisions"}],"predecessor-version":[{"id":3458,"href":"https:\/\/soldadoadrianojose.com.br\/index.php\/wp-json\/wp\/v2\/posts\/3456\/revisions\/3458"}],"wp:featuredmedia":[{"embeddable":true,"href":"https:\/\/soldadoadrianojose.com.br\/index.php\/wp-json\/wp\/v2\/media\/3460"}],"wp:attachment":[{"href":"https:\/\/soldadoadrianojose.com.br\/index.php\/wp-json\/wp\/v2\/media?parent=3456"}],"wp:term":[{"taxonomy":"category","embeddable":true,"href":"https:\/\/soldadoadrianojose.com.br\/index.php\/wp-json\/wp\/v2\/categories?post=3456"},{"taxonomy":"post_tag","embeddable":true,"href":"https:\/\/soldadoadrianojose.com.br\/index.php\/wp-json\/wp\/v2\/tags?post=3456"}],"curies":[{"name":"wp","href":"https:\/\/api.w.org\/{rel}","templated":true}]}}