{"id":3469,"date":"2025-10-02T16:34:20","date_gmt":"2025-10-02T19:34:20","guid":{"rendered":"https:\/\/soldadoadrianojose.com.br\/?p=3469"},"modified":"2025-10-02T16:34:24","modified_gmt":"2025-10-02T19:34:24","slug":"agricultura-de-iguaracu-recebe-reforco-de-r-39-milhoes-com-apoio-do-deputado-adriano-jose","status":"publish","type":"post","link":"https:\/\/soldadoadrianojose.com.br\/index.php\/2025\/10\/02\/agricultura-de-iguaracu-recebe-reforco-de-r-39-milhoes-com-apoio-do-deputado-adriano-jose\/","title":{"rendered":"Agricultura de Iguara\u00e7u recebe refor\u00e7o de R$ 3,9 milh\u00f5es com apoio do deputado Adriano Jos\u00e9"},"content":{"rendered":"\n<p>O munic\u00edpio de Iguara\u00e7u ganhou um importante investimento voltado para o fortalecimento da agricultura local. Com um aporte de R$ 3.917.700,00, os recursos ser\u00e3o destinados \u00e0 aquisi\u00e7\u00e3o de maquin\u00e1rios e \u00e0 melhoria da infraestrutura rural, garantindo maior efici\u00eancia na produ\u00e7\u00e3o e melhor qualidade de vida para os produtores da regi\u00e3o.<\/p>\n\n\n\n<p><br>O aporte foi poss\u00edvel gra\u00e7as \u00e0 articula\u00e7\u00e3o do deputado estadual Adriano Jos\u00e9, em parceria com o governador Ratinho Junior e o secret\u00e1rio da Agricultura e do Abastecimento, M\u00e1rcio Nunes, que t\u00eam apoiado projetos estrat\u00e9gicos para o desenvolvimento do campo paranaense.<\/p>\n\n\n\n<p><br>O prefeito Cl\u00e1udio Berin, junto ao vice-prefeito Elias e aos vereadores Montanha, Duca e a ex-vereadora Juliana Viotto, esteve envolvido na condu\u00e7\u00e3o das a\u00e7\u00f5es que visam otimizar o uso dos recursos, fortalecendo a agricultura familiar e as cadeias produtivas do munic\u00edpio.<\/p>\n\n\n\n<p><br>Com a libera\u00e7\u00e3o desse investimento, Iguara\u00e7u se consolida como refer\u00eancia em gest\u00e3o agr\u00edcola e desenvolvimento rural, reafirmando o compromisso das lideran\u00e7as pol\u00edticas locais e estaduais em oferecer suporte cont\u00ednuo aos agricultores.<\/p>\n","protected":false},"excerpt":{"rendered":"<p>O munic\u00edpio de Iguara\u00e7u ganhou um importante investimento voltado para o fortalecimento da agricultura local. Com um aporte de R$ 3.917.700,00, os recursos ser\u00e3o destinados \u00e0 aquisi\u00e7\u00e3o de maquin\u00e1rios e \u00e0 melhoria da infraestrutura rural, garantindo maior efici\u00eancia na produ\u00e7\u00e3o e melhor qualidade de vida para os produtores da regi\u00e3o. O aporte foi poss\u00edvel gra\u00e7as [&hellip;]<\/p>\n","protected":false},"author":3,"featured_media":3470,"comment_status":"open","ping_status":"open","sticky":false,"template":"","format":"standard","meta":{"footnotes":""},"categories":[1],"tags":[],"class_list":["post-3469","post","type-post","status-publish","format-standard","has-post-thumbnail","hentry","category-gabinete-sd"],"yoast_head":"<!-- This site is optimized with the Yoast SEO plugin v27.4 - https:\/\/yoast.com\/product\/yoast-seo-wordpress\/ -->\n<title>Agricultura de Iguara\u00e7u recebe refor\u00e7o de R$ 3,9 milh\u00f5es com apoio do deputado Adriano Jos\u00e9 - Deputado Adriano Jos\u00e9<\/title>\n<meta name=\"robots\" content=\"index, follow, max-snippet:-1, max-image-preview:large, max-video-preview:-1\" \/>\n<link rel=\"canonical\" href=\"https:\/\/soldadoadrianojose.com.br\/index.php\/2025\/10\/02\/agricultura-de-iguaracu-recebe-reforco-de-r-39-milhoes-com-apoio-do-deputado-adriano-jose\/\" \/>\n<meta property=\"og:locale\" content=\"pt_BR\" \/>\n<meta property=\"og:type\" content=\"article\" \/>\n<meta property=\"og:title\" content=\"Agricultura de Iguara\u00e7u recebe refor\u00e7o de R$ 3,9 milh\u00f5es com apoio do deputado Adriano Jos\u00e9 - Deputado Adriano Jos\u00e9\" \/>\n<meta property=\"og:description\" content=\"O munic\u00edpio de Iguara\u00e7u ganhou um importante investimento voltado para o fortalecimento da agricultura local. Com um aporte de R$ 3.917.700,00, os recursos ser\u00e3o destinados \u00e0 aquisi\u00e7\u00e3o de maquin\u00e1rios e \u00e0 melhoria da infraestrutura rural, garantindo maior efici\u00eancia na produ\u00e7\u00e3o e melhor qualidade de vida para os produtores da regi\u00e3o. O aporte foi poss\u00edvel gra\u00e7as [&hellip;]\" \/>\n<meta property=\"og:url\" content=\"https:\/\/soldadoadrianojose.com.br\/index.php\/2025\/10\/02\/agricultura-de-iguaracu-recebe-reforco-de-r-39-milhoes-com-apoio-do-deputado-adriano-jose\/\" \/>\n<meta property=\"og:site_name\" content=\"Deputado Adriano Jos\u00e9\" \/>\n<meta property=\"article:published_time\" content=\"2025-10-02T19:34:20+00:00\" \/>\n<meta property=\"article:modified_time\" content=\"2025-10-02T19:34:24+00:00\" \/>\n<meta property=\"og:image\" content=\"https:\/\/soldadoadrianojose.com.br\/wp-content\/uploads\/2025\/10\/WhatsApp-Image-2025-10-02-at-14.55.15.jpeg\" \/>\n\t<meta property=\"og:image:width\" content=\"1600\" \/>\n\t<meta property=\"og:image:height\" content=\"1200\" \/>\n\t<meta property=\"og:image:type\" content=\"image\/jpeg\" \/>\n<meta name=\"author\" content=\"Emanuellig admin2\" \/>\n<meta name=\"twitter:card\" content=\"summary_large_image\" \/>\n<meta name=\"twitter:label1\" content=\"Escrito por\" \/>\n\t<meta name=\"twitter:data1\" content=\"Emanuellig admin2\" \/>\n\t<meta name=\"twitter:label2\" content=\"Est. tempo de leitura\" \/>\n\t<meta name=\"twitter:data2\" content=\"2 minutos\" \/>\n<script type=\"application\/ld+json\" class=\"yoast-schema-graph\">{\"@context\":\"https:\\\/\\\/schema.org\",\"@graph\":[{\"@type\":\"Article\",\"@id\":\"https:\\\/\\\/soldadoadrianojose.com.br\\\/index.php\\\/2025\\\/10\\\/02\\\/agricultura-de-iguaracu-recebe-reforco-de-r-39-milhoes-com-apoio-do-deputado-adriano-jose\\\/#article\",\"isPartOf\":{\"@id\":\"https:\\\/\\\/soldadoadrianojose.com.br\\\/index.php\\\/2025\\\/10\\\/02\\\/agricultura-de-iguaracu-recebe-reforco-de-r-39-milhoes-com-apoio-do-deputado-adriano-jose\\\/\"},\"author\":{\"name\":\"Emanuellig admin2\",\"@id\":\"https:\\\/\\\/soldadoadrianojose.com.br\\\/#\\\/schema\\\/person\\\/cd48425bd7edd36fa5917c88fbe1cec5\"},\"headline\":\"Agricultura de Iguara\u00e7u recebe refor\u00e7o de R$ 3,9 milh\u00f5es com apoio do deputado Adriano Jos\u00e9\",\"datePublished\":\"2025-10-02T19:34:20+00:00\",\"dateModified\":\"2025-10-02T19:34:24+00:00\",\"mainEntityOfPage\":{\"@id\":\"https:\\\/\\\/soldadoadrianojose.com.br\\\/index.php\\\/2025\\\/10\\\/02\\\/agricultura-de-iguaracu-recebe-reforco-de-r-39-milhoes-com-apoio-do-deputado-adriano-jose\\\/\"},\"wordCount\":202,\"commentCount\":0,\"publisher\":{\"@id\":\"https:\\\/\\\/soldadoadrianojose.com.br\\\/#\\\/schema\\\/person\\\/16f8e8defb7a4bd6c6082efcd1bdb6bb\"},\"image\":{\"@id\":\"https:\\\/\\\/soldadoadrianojose.com.br\\\/index.php\\\/2025\\\/10\\\/02\\\/agricultura-de-iguaracu-recebe-reforco-de-r-39-milhoes-com-apoio-do-deputado-adriano-jose\\\/#primaryimage\"},\"thumbnailUrl\":\"https:\\\/\\\/soldadoadrianojose.com.br\\\/wp-content\\\/uploads\\\/2025\\\/10\\\/WhatsApp-Image-2025-10-02-at-14.55.15.jpeg\",\"articleSection\":[\"GABINETE SD\"],\"inLanguage\":\"pt-BR\",\"potentialAction\":[{\"@type\":\"CommentAction\",\"name\":\"Comment\",\"target\":[\"https:\\\/\\\/soldadoadrianojose.com.br\\\/index.php\\\/2025\\\/10\\\/02\\\/agricultura-de-iguaracu-recebe-reforco-de-r-39-milhoes-com-apoio-do-deputado-adriano-jose\\\/#respond\"]}]},{\"@type\":\"WebPage\",\"@id\":\"https:\\\/\\\/soldadoadrianojose.com.br\\\/index.php\\\/2025\\\/10\\\/02\\\/agricultura-de-iguaracu-recebe-reforco-de-r-39-milhoes-com-apoio-do-deputado-adriano-jose\\\/\",\"url\":\"https:\\\/\\\/soldadoadrianojose.com.br\\\/index.php\\\/2025\\\/10\\\/02\\\/agricultura-de-iguaracu-recebe-reforco-de-r-39-milhoes-com-apoio-do-deputado-adriano-jose\\\/\",\"name\":\"Agricultura de Iguara\u00e7u recebe refor\u00e7o de R$ 3,9 milh\u00f5es com apoio do deputado Adriano Jos\u00e9 - Deputado Adriano Jos\u00e9\",\"isPartOf\":{\"@id\":\"https:\\\/\\\/soldadoadrianojose.com.br\\\/#website\"},\"primaryImageOfPage\":{\"@id\":\"https:\\\/\\\/soldadoadrianojose.com.br\\\/index.php\\\/2025\\\/10\\\/02\\\/agricultura-de-iguaracu-recebe-reforco-de-r-39-milhoes-com-apoio-do-deputado-adriano-jose\\\/#primaryimage\"},\"image\":{\"@id\":\"https:\\\/\\\/soldadoadrianojose.com.br\\\/index.php\\\/2025\\\/10\\\/02\\\/agricultura-de-iguaracu-recebe-reforco-de-r-39-milhoes-com-apoio-do-deputado-adriano-jose\\\/#primaryimage\"},\"thumbnailUrl\":\"https:\\\/\\\/soldadoadrianojose.com.br\\\/wp-content\\\/uploads\\\/2025\\\/10\\\/WhatsApp-Image-2025-10-02-at-14.55.15.jpeg\",\"datePublished\":\"2025-10-02T19:34:20+00:00\",\"dateModified\":\"2025-10-02T19:34:24+00:00\",\"breadcrumb\":{\"@id\":\"https:\\\/\\\/soldadoadrianojose.com.br\\\/index.php\\\/2025\\\/10\\\/02\\\/agricultura-de-iguaracu-recebe-reforco-de-r-39-milhoes-com-apoio-do-deputado-adriano-jose\\\/#breadcrumb\"},\"inLanguage\":\"pt-BR\",\"potentialAction\":[{\"@type\":\"ReadAction\",\"target\":[\"https:\\\/\\\/soldadoadrianojose.com.br\\\/index.php\\\/2025\\\/10\\\/02\\\/agricultura-de-iguaracu-recebe-reforco-de-r-39-milhoes-com-apoio-do-deputado-adriano-jose\\\/\"]}]},{\"@type\":\"ImageObject\",\"inLanguage\":\"pt-BR\",\"@id\":\"https:\\\/\\\/soldadoadrianojose.com.br\\\/index.php\\\/2025\\\/10\\\/02\\\/agricultura-de-iguaracu-recebe-reforco-de-r-39-milhoes-com-apoio-do-deputado-adriano-jose\\\/#primaryimage\",\"url\":\"https:\\\/\\\/soldadoadrianojose.com.br\\\/wp-content\\\/uploads\\\/2025\\\/10\\\/WhatsApp-Image-2025-10-02-at-14.55.15.jpeg\",\"contentUrl\":\"https:\\\/\\\/soldadoadrianojose.com.br\\\/wp-content\\\/uploads\\\/2025\\\/10\\\/WhatsApp-Image-2025-10-02-at-14.55.15.jpeg\",\"width\":1600,\"height\":1200},{\"@type\":\"BreadcrumbList\",\"@id\":\"https:\\\/\\\/soldadoadrianojose.com.br\\\/index.php\\\/2025\\\/10\\\/02\\\/agricultura-de-iguaracu-recebe-reforco-de-r-39-milhoes-com-apoio-do-deputado-adriano-jose\\\/#breadcrumb\",\"itemListElement\":[{\"@type\":\"ListItem\",\"position\":1,\"name\":\"In\u00edcio\",\"item\":\"https:\\\/\\\/soldadoadrianojose.com.br\\\/\"},{\"@type\":\"ListItem\",\"position\":2,\"name\":\"Agricultura de Iguara\u00e7u recebe refor\u00e7o de R$ 3,9 milh\u00f5es com apoio do deputado Adriano Jos\u00e9\"}]},{\"@type\":\"WebSite\",\"@id\":\"https:\\\/\\\/soldadoadrianojose.com.br\\\/#website\",\"url\":\"https:\\\/\\\/soldadoadrianojose.com.br\\\/\",\"name\":\"Deputado Adriano Jos\u00e9\",\"description\":\"Nosso trabalho \u00e9 pelas pessoas\",\"publisher\":{\"@id\":\"https:\\\/\\\/soldadoadrianojose.com.br\\\/#\\\/schema\\\/person\\\/16f8e8defb7a4bd6c6082efcd1bdb6bb\"},\"potentialAction\":[{\"@type\":\"SearchAction\",\"target\":{\"@type\":\"EntryPoint\",\"urlTemplate\":\"https:\\\/\\\/soldadoadrianojose.com.br\\\/?s={search_term_string}\"},\"query-input\":{\"@type\":\"PropertyValueSpecification\",\"valueRequired\":true,\"valueName\":\"search_term_string\"}}],\"inLanguage\":\"pt-BR\"},{\"@type\":[\"Person\",\"Organization\"],\"@id\":\"https:\\\/\\\/soldadoadrianojose.com.br\\\/#\\\/schema\\\/person\\\/16f8e8defb7a4bd6c6082efcd1bdb6bb\",\"name\":\"soldadoadrianojose\",\"image\":{\"@type\":\"ImageObject\",\"inLanguage\":\"pt-BR\",\"@id\":\"https:\\\/\\\/soldadoadrianojose.com.br\\\/wp-content\\\/uploads\\\/2023\\\/02\\\/LOGO_CLEAR-5.png\",\"url\":\"https:\\\/\\\/soldadoadrianojose.com.br\\\/wp-content\\\/uploads\\\/2023\\\/02\\\/LOGO_CLEAR-5.png\",\"contentUrl\":\"https:\\\/\\\/soldadoadrianojose.com.br\\\/wp-content\\\/uploads\\\/2023\\\/02\\\/LOGO_CLEAR-5.png\",\"width\":3508,\"height\":998,\"caption\":\"soldadoadrianojose\"},\"logo\":{\"@id\":\"https:\\\/\\\/soldadoadrianojose.com.br\\\/wp-content\\\/uploads\\\/2023\\\/02\\\/LOGO_CLEAR-5.png\"},\"sameAs\":[\"https:\\\/\\\/soldadoadrianojose.com.br\"]},{\"@type\":\"Person\",\"@id\":\"https:\\\/\\\/soldadoadrianojose.com.br\\\/#\\\/schema\\\/person\\\/cd48425bd7edd36fa5917c88fbe1cec5\",\"name\":\"Emanuellig admin2\",\"image\":{\"@type\":\"ImageObject\",\"inLanguage\":\"pt-BR\",\"@id\":\"https:\\\/\\\/soldadoadrianojose.com.br\\\/wp-content\\\/litespeed\\\/avatar\\\/235a59a115f40132a17fc909e61bc31d.jpg?ver=1777092356\",\"url\":\"https:\\\/\\\/soldadoadrianojose.com.br\\\/wp-content\\\/litespeed\\\/avatar\\\/235a59a115f40132a17fc909e61bc31d.jpg?ver=1777092356\",\"contentUrl\":\"https:\\\/\\\/soldadoadrianojose.com.br\\\/wp-content\\\/litespeed\\\/avatar\\\/235a59a115f40132a17fc909e61bc31d.jpg?ver=1777092356\",\"caption\":\"Emanuellig admin2\"},\"url\":\"https:\\\/\\\/soldadoadrianojose.com.br\\\/index.php\\\/author\\\/manu\\\/\"}]}<\/script>\n<!-- \/ Yoast SEO plugin. -->","yoast_head_json":{"title":"Agricultura de Iguara\u00e7u recebe refor\u00e7o de R$ 3,9 milh\u00f5es com apoio do deputado Adriano Jos\u00e9 - Deputado Adriano Jos\u00e9","robots":{"index":"index","follow":"follow","max-snippet":"max-snippet:-1","max-image-preview":"max-image-preview:large","max-video-preview":"max-video-preview:-1"},"canonical":"https:\/\/soldadoadrianojose.com.br\/index.php\/2025\/10\/02\/agricultura-de-iguaracu-recebe-reforco-de-r-39-milhoes-com-apoio-do-deputado-adriano-jose\/","og_locale":"pt_BR","og_type":"article","og_title":"Agricultura de Iguara\u00e7u recebe refor\u00e7o de R$ 3,9 milh\u00f5es com apoio do deputado Adriano Jos\u00e9 - Deputado Adriano Jos\u00e9","og_description":"O munic\u00edpio de Iguara\u00e7u ganhou um importante investimento voltado para o fortalecimento da agricultura local. Com um aporte de R$ 3.917.700,00, os recursos ser\u00e3o destinados \u00e0 aquisi\u00e7\u00e3o de maquin\u00e1rios e \u00e0 melhoria da infraestrutura rural, garantindo maior efici\u00eancia na produ\u00e7\u00e3o e melhor qualidade de vida para os produtores da regi\u00e3o. O aporte foi poss\u00edvel gra\u00e7as [&hellip;]","og_url":"https:\/\/soldadoadrianojose.com.br\/index.php\/2025\/10\/02\/agricultura-de-iguaracu-recebe-reforco-de-r-39-milhoes-com-apoio-do-deputado-adriano-jose\/","og_site_name":"Deputado Adriano Jos\u00e9","article_published_time":"2025-10-02T19:34:20+00:00","article_modified_time":"2025-10-02T19:34:24+00:00","og_image":[{"width":1600,"height":1200,"url":"https:\/\/soldadoadrianojose.com.br\/wp-content\/uploads\/2025\/10\/WhatsApp-Image-2025-10-02-at-14.55.15.jpeg","type":"image\/jpeg"}],"author":"Emanuellig admin2","twitter_card":"summary_large_image","twitter_misc":{"Escrito por":"Emanuellig admin2","Est. tempo de leitura":"2 minutos"},"schema":{"@context":"https:\/\/schema.org","@graph":[{"@type":"Article","@id":"https:\/\/soldadoadrianojose.com.br\/index.php\/2025\/10\/02\/agricultura-de-iguaracu-recebe-reforco-de-r-39-milhoes-com-apoio-do-deputado-adriano-jose\/#article","isPartOf":{"@id":"https:\/\/soldadoadrianojose.com.br\/index.php\/2025\/10\/02\/agricultura-de-iguaracu-recebe-reforco-de-r-39-milhoes-com-apoio-do-deputado-adriano-jose\/"},"author":{"name":"Emanuellig admin2","@id":"https:\/\/soldadoadrianojose.com.br\/#\/schema\/person\/cd48425bd7edd36fa5917c88fbe1cec5"},"headline":"Agricultura de Iguara\u00e7u recebe refor\u00e7o de R$ 3,9 milh\u00f5es com apoio do deputado Adriano Jos\u00e9","datePublished":"2025-10-02T19:34:20+00:00","dateModified":"2025-10-02T19:34:24+00:00","mainEntityOfPage":{"@id":"https:\/\/soldadoadrianojose.com.br\/index.php\/2025\/10\/02\/agricultura-de-iguaracu-recebe-reforco-de-r-39-milhoes-com-apoio-do-deputado-adriano-jose\/"},"wordCount":202,"commentCount":0,"publisher":{"@id":"https:\/\/soldadoadrianojose.com.br\/#\/schema\/person\/16f8e8defb7a4bd6c6082efcd1bdb6bb"},"image":{"@id":"https:\/\/soldadoadrianojose.com.br\/index.php\/2025\/10\/02\/agricultura-de-iguaracu-recebe-reforco-de-r-39-milhoes-com-apoio-do-deputado-adriano-jose\/#primaryimage"},"thumbnailUrl":"https:\/\/soldadoadrianojose.com.br\/wp-content\/uploads\/2025\/10\/WhatsApp-Image-2025-10-02-at-14.55.15.jpeg","articleSection":["GABINETE SD"],"inLanguage":"pt-BR","potentialAction":[{"@type":"CommentAction","name":"Comment","target":["https:\/\/soldadoadrianojose.com.br\/index.php\/2025\/10\/02\/agricultura-de-iguaracu-recebe-reforco-de-r-39-milhoes-com-apoio-do-deputado-adriano-jose\/#respond"]}]},{"@type":"WebPage","@id":"https:\/\/soldadoadrianojose.com.br\/index.php\/2025\/10\/02\/agricultura-de-iguaracu-recebe-reforco-de-r-39-milhoes-com-apoio-do-deputado-adriano-jose\/","url":"https:\/\/soldadoadrianojose.com.br\/index.php\/2025\/10\/02\/agricultura-de-iguaracu-recebe-reforco-de-r-39-milhoes-com-apoio-do-deputado-adriano-jose\/","name":"Agricultura de Iguara\u00e7u recebe refor\u00e7o de R$ 3,9 milh\u00f5es com apoio do deputado Adriano Jos\u00e9 - Deputado Adriano Jos\u00e9","isPartOf":{"@id":"https:\/\/soldadoadrianojose.com.br\/#website"},"primaryImageOfPage":{"@id":"https:\/\/soldadoadrianojose.com.br\/index.php\/2025\/10\/02\/agricultura-de-iguaracu-recebe-reforco-de-r-39-milhoes-com-apoio-do-deputado-adriano-jose\/#primaryimage"},"image":{"@id":"https:\/\/soldadoadrianojose.com.br\/index.php\/2025\/10\/02\/agricultura-de-iguaracu-recebe-reforco-de-r-39-milhoes-com-apoio-do-deputado-adriano-jose\/#primaryimage"},"thumbnailUrl":"https:\/\/soldadoadrianojose.com.br\/wp-content\/uploads\/2025\/10\/WhatsApp-Image-2025-10-02-at-14.55.15.jpeg","datePublished":"2025-10-02T19:34:20+00:00","dateModified":"2025-10-02T19:34:24+00:00","breadcrumb":{"@id":"https:\/\/soldadoadrianojose.com.br\/index.php\/2025\/10\/02\/agricultura-de-iguaracu-recebe-reforco-de-r-39-milhoes-com-apoio-do-deputado-adriano-jose\/#breadcrumb"},"inLanguage":"pt-BR","potentialAction":[{"@type":"ReadAction","target":["https:\/\/soldadoadrianojose.com.br\/index.php\/2025\/10\/02\/agricultura-de-iguaracu-recebe-reforco-de-r-39-milhoes-com-apoio-do-deputado-adriano-jose\/"]}]},{"@type":"ImageObject","inLanguage":"pt-BR","@id":"https:\/\/soldadoadrianojose.com.br\/index.php\/2025\/10\/02\/agricultura-de-iguaracu-recebe-reforco-de-r-39-milhoes-com-apoio-do-deputado-adriano-jose\/#primaryimage","url":"https:\/\/soldadoadrianojose.com.br\/wp-content\/uploads\/2025\/10\/WhatsApp-Image-2025-10-02-at-14.55.15.jpeg","contentUrl":"https:\/\/soldadoadrianojose.com.br\/wp-content\/uploads\/2025\/10\/WhatsApp-Image-2025-10-02-at-14.55.15.jpeg","width":1600,"height":1200},{"@type":"BreadcrumbList","@id":"https:\/\/soldadoadrianojose.com.br\/index.php\/2025\/10\/02\/agricultura-de-iguaracu-recebe-reforco-de-r-39-milhoes-com-apoio-do-deputado-adriano-jose\/#breadcrumb","itemListElement":[{"@type":"ListItem","position":1,"name":"In\u00edcio","item":"https:\/\/soldadoadrianojose.com.br\/"},{"@type":"ListItem","position":2,"name":"Agricultura de Iguara\u00e7u recebe refor\u00e7o de R$ 3,9 milh\u00f5es com apoio do deputado Adriano Jos\u00e9"}]},{"@type":"WebSite","@id":"https:\/\/soldadoadrianojose.com.br\/#website","url":"https:\/\/soldadoadrianojose.com.br\/","name":"Deputado Adriano Jos\u00e9","description":"Nosso trabalho \u00e9 pelas pessoas","publisher":{"@id":"https:\/\/soldadoadrianojose.com.br\/#\/schema\/person\/16f8e8defb7a4bd6c6082efcd1bdb6bb"},"potentialAction":[{"@type":"SearchAction","target":{"@type":"EntryPoint","urlTemplate":"https:\/\/soldadoadrianojose.com.br\/?s={search_term_string}"},"query-input":{"@type":"PropertyValueSpecification","valueRequired":true,"valueName":"search_term_string"}}],"inLanguage":"pt-BR"},{"@type":["Person","Organization"],"@id":"https:\/\/soldadoadrianojose.com.br\/#\/schema\/person\/16f8e8defb7a4bd6c6082efcd1bdb6bb","name":"soldadoadrianojose","image":{"@type":"ImageObject","inLanguage":"pt-BR","@id":"https:\/\/soldadoadrianojose.com.br\/wp-content\/uploads\/2023\/02\/LOGO_CLEAR-5.png","url":"https:\/\/soldadoadrianojose.com.br\/wp-content\/uploads\/2023\/02\/LOGO_CLEAR-5.png","contentUrl":"https:\/\/soldadoadrianojose.com.br\/wp-content\/uploads\/2023\/02\/LOGO_CLEAR-5.png","width":3508,"height":998,"caption":"soldadoadrianojose"},"logo":{"@id":"https:\/\/soldadoadrianojose.com.br\/wp-content\/uploads\/2023\/02\/LOGO_CLEAR-5.png"},"sameAs":["https:\/\/soldadoadrianojose.com.br"]},{"@type":"Person","@id":"https:\/\/soldadoadrianojose.com.br\/#\/schema\/person\/cd48425bd7edd36fa5917c88fbe1cec5","name":"Emanuellig admin2","image":{"@type":"ImageObject","inLanguage":"pt-BR","@id":"https:\/\/soldadoadrianojose.com.br\/wp-content\/litespeed\/avatar\/235a59a115f40132a17fc909e61bc31d.jpg?ver=1777092356","url":"https:\/\/soldadoadrianojose.com.br\/wp-content\/litespeed\/avatar\/235a59a115f40132a17fc909e61bc31d.jpg?ver=1777092356","contentUrl":"https:\/\/soldadoadrianojose.com.br\/wp-content\/litespeed\/avatar\/235a59a115f40132a17fc909e61bc31d.jpg?ver=1777092356","caption":"Emanuellig admin2"},"url":"https:\/\/soldadoadrianojose.com.br\/index.php\/author\/manu\/"}]}},"jetpack_featured_media_url":"https:\/\/soldadoadrianojose.com.br\/wp-content\/uploads\/2025\/10\/WhatsApp-Image-2025-10-02-at-14.55.15.jpeg","_links":{"self":[{"href":"https:\/\/soldadoadrianojose.com.br\/index.php\/wp-json\/wp\/v2\/posts\/3469","targetHints":{"allow":["GET"]}}],"collection":[{"href":"https:\/\/soldadoadrianojose.com.br\/index.php\/wp-json\/wp\/v2\/posts"}],"about":[{"href":"https:\/\/soldadoadrianojose.com.br\/index.php\/wp-json\/wp\/v2\/types\/post"}],"author":[{"embeddable":true,"href":"https:\/\/soldadoadrianojose.com.br\/index.php\/wp-json\/wp\/v2\/users\/3"}],"replies":[{"embeddable":true,"href":"https:\/\/soldadoadrianojose.com.br\/index.php\/wp-json\/wp\/v2\/comments?post=3469"}],"version-history":[{"count":1,"href":"https:\/\/soldadoadrianojose.com.br\/index.php\/wp-json\/wp\/v2\/posts\/3469\/revisions"}],"predecessor-version":[{"id":3471,"href":"https:\/\/soldadoadrianojose.com.br\/index.php\/wp-json\/wp\/v2\/posts\/3469\/revisions\/3471"}],"wp:featuredmedia":[{"embeddable":true,"href":"https:\/\/soldadoadrianojose.com.br\/index.php\/wp-json\/wp\/v2\/media\/3470"}],"wp:attachment":[{"href":"https:\/\/soldadoadrianojose.com.br\/index.php\/wp-json\/wp\/v2\/media?parent=3469"}],"wp:term":[{"taxonomy":"category","embeddable":true,"href":"https:\/\/soldadoadrianojose.com.br\/index.php\/wp-json\/wp\/v2\/categories?post=3469"},{"taxonomy":"post_tag","embeddable":true,"href":"https:\/\/soldadoadrianojose.com.br\/index.php\/wp-json\/wp\/v2\/tags?post=3469"}],"curies":[{"name":"wp","href":"https:\/\/api.w.org\/{rel}","templated":true}]}}