{"id":3478,"date":"2025-10-03T17:08:53","date_gmt":"2025-10-03T20:08:53","guid":{"rendered":"https:\/\/soldadoadrianojose.com.br\/?p=3478"},"modified":"2025-10-03T18:23:04","modified_gmt":"2025-10-03T21:23:04","slug":"posse-de-annibal-bianchini-neto-marca-novo-capitulo-em-maringa-com-reconhecimento-do-deputado-adriano-jose","status":"publish","type":"post","link":"https:\/\/soldadoadrianojose.com.br\/index.php\/2025\/10\/03\/posse-de-annibal-bianchini-neto-marca-novo-capitulo-em-maringa-com-reconhecimento-do-deputado-adriano-jose\/","title":{"rendered":"Posse de Ann\u00edbal Bianchini Neto marca novo cap\u00edtulo em Maring\u00e1 com reconhecimento do deputado Adriano Jos\u00e9"},"content":{"rendered":"\n<p>Maring\u00e1 viveu um momento especial com a posse de Ann\u00edbal Bianchini Neto como novo secret\u00e1rio da Acelera\u00e7\u00e3o Econ\u00f4mica e Turismo. A cerim\u00f4nia foi marcada por emo\u00e7\u00e3o e reconhecimento \u00e0 trajet\u00f3ria de sua fam\u00edlia, especialmente de seu av\u00f4, o engenheiro agr\u00f4nomo Ann\u00edbal Bianchini da Rocha, que chegou a Maring\u00e1 em 1952 e deixou um legado que at\u00e9 hoje inspira a cidade.<\/p>\n\n\n\n<p>No discurso de homenagem, o deputado estadual Adriano Jos\u00e9 destacou que o av\u00f4 do novo secret\u00e1rio, conhecido como o \u201cjardineiro de Maring\u00e1\u201d, foi um dos respons\u00e1veis pelo projeto de arboriza\u00e7\u00e3o do munic\u00edpio. Diretor da Cocamar, secret\u00e1rio de Estado da Agricultura e cidad\u00e3o benem\u00e9rito do Paran\u00e1, Ann\u00edbal Bianchini da Rocha sempre defendeu a import\u00e2ncia de preservar a natureza. Sua frase mais lembrada at\u00e9 hoje, \u201cos homens passam, mas as \u00e1rvores ficam\u201d, ecoa como um s\u00edmbolo da sua vis\u00e3o de futuro.<\/p>\n\n\n\n<figure class=\"wp-block-image size-large\"><img fetchpriority=\"high\" decoding=\"async\" width=\"1024\" height=\"768\" src=\"https:\/\/soldadoadrianojose.com.br\/wp-content\/uploads\/2025\/10\/WhatsApp-Image-2025-10-03-at-18.18.15-1-1024x768.jpeg\" alt=\"\" class=\"wp-image-3486\" srcset=\"https:\/\/soldadoadrianojose.com.br\/wp-content\/uploads\/2025\/10\/WhatsApp-Image-2025-10-03-at-18.18.15-1-1024x768.jpeg 1024w, https:\/\/soldadoadrianojose.com.br\/wp-content\/uploads\/2025\/10\/WhatsApp-Image-2025-10-03-at-18.18.15-1-300x225.jpeg 300w, https:\/\/soldadoadrianojose.com.br\/wp-content\/uploads\/2025\/10\/WhatsApp-Image-2025-10-03-at-18.18.15-1-768x576.jpeg 768w, https:\/\/soldadoadrianojose.com.br\/wp-content\/uploads\/2025\/10\/WhatsApp-Image-2025-10-03-at-18.18.15-1-1536x1152.jpeg 1536w, https:\/\/soldadoadrianojose.com.br\/wp-content\/uploads\/2025\/10\/WhatsApp-Image-2025-10-03-at-18.18.15-1.jpeg 1600w\" sizes=\"(max-width: 1024px) 100vw, 1024px\" \/><\/figure>\n\n\n\n<p>O parlamentar ressaltou ainda que a fam\u00edlia Bianchini representa valores s\u00f3lidos, pautados em f\u00e9, princ\u00edpios e amor por Maring\u00e1. \u201cQuando caminhamos pela cidade e vemos uma \u00e1rvore, precisamos lembrar do legado deixado pelo av\u00f4 do secret\u00e1rio, que ajudou a transformar a nossa cidade em um espa\u00e7o de desenvolvimento humano e sustent\u00e1vel\u201d, destacou.<\/p>\n\n\n\n<p>Com base nessas ra\u00edzes, Ann\u00edbal Bianchini Neto assume sua nova miss\u00e3o com a responsabilidade de honrar a hist\u00f3ria e projetar o futuro. Sua trajet\u00f3ria, sustentada em princ\u00edpios de humildade, f\u00e9 e compromisso, refor\u00e7a que Maring\u00e1 segue no caminho do crescimento aliado \u00e0 preserva\u00e7\u00e3o e ao respeito pela sua identidade.<\/p>\n\n\n\n<figure class=\"wp-block-image size-large\"><img decoding=\"async\" width=\"1024\" height=\"768\" src=\"https:\/\/soldadoadrianojose.com.br\/wp-content\/uploads\/2025\/10\/WhatsApp-Image-2025-10-03-at-18.18.15-1024x768.jpeg\" alt=\"\" class=\"wp-image-3487\" srcset=\"https:\/\/soldadoadrianojose.com.br\/wp-content\/uploads\/2025\/10\/WhatsApp-Image-2025-10-03-at-18.18.15-1024x768.jpeg 1024w, https:\/\/soldadoadrianojose.com.br\/wp-content\/uploads\/2025\/10\/WhatsApp-Image-2025-10-03-at-18.18.15-300x225.jpeg 300w, https:\/\/soldadoadrianojose.com.br\/wp-content\/uploads\/2025\/10\/WhatsApp-Image-2025-10-03-at-18.18.15-768x576.jpeg 768w, https:\/\/soldadoadrianojose.com.br\/wp-content\/uploads\/2025\/10\/WhatsApp-Image-2025-10-03-at-18.18.15-1536x1152.jpeg 1536w, https:\/\/soldadoadrianojose.com.br\/wp-content\/uploads\/2025\/10\/WhatsApp-Image-2025-10-03-at-18.18.15.jpeg 1600w\" sizes=\"(max-width: 1024px) 100vw, 1024px\" \/><\/figure>\n","protected":false},"excerpt":{"rendered":"<p>Maring\u00e1 viveu um momento especial com a posse de Ann\u00edbal Bianchini Neto como novo secret\u00e1rio da Acelera\u00e7\u00e3o Econ\u00f4mica e Turismo. A cerim\u00f4nia foi marcada por emo\u00e7\u00e3o e reconhecimento \u00e0 trajet\u00f3ria de sua fam\u00edlia, especialmente de seu av\u00f4, o engenheiro agr\u00f4nomo Ann\u00edbal Bianchini da Rocha, que chegou a Maring\u00e1 em 1952 e deixou um legado que [&hellip;]<\/p>\n","protected":false},"author":3,"featured_media":3480,"comment_status":"open","ping_status":"open","sticky":false,"template":"","format":"standard","meta":{"footnotes":""},"categories":[1],"tags":[],"class_list":["post-3478","post","type-post","status-publish","format-standard","has-post-thumbnail","hentry","category-gabinete-sd"],"yoast_head":"<!-- This site is optimized with the Yoast SEO plugin v27.4 - https:\/\/yoast.com\/product\/yoast-seo-wordpress\/ -->\n<title>Posse de Ann\u00edbal Bianchini Neto marca novo cap\u00edtulo em Maring\u00e1 com reconhecimento do deputado Adriano Jos\u00e9 - Deputado Adriano Jos\u00e9<\/title>\n<meta name=\"robots\" content=\"index, follow, max-snippet:-1, max-image-preview:large, max-video-preview:-1\" \/>\n<link rel=\"canonical\" href=\"https:\/\/soldadoadrianojose.com.br\/index.php\/2025\/10\/03\/posse-de-annibal-bianchini-neto-marca-novo-capitulo-em-maringa-com-reconhecimento-do-deputado-adriano-jose\/\" \/>\n<meta property=\"og:locale\" content=\"pt_BR\" \/>\n<meta property=\"og:type\" content=\"article\" \/>\n<meta property=\"og:title\" content=\"Posse de Ann\u00edbal Bianchini Neto marca novo cap\u00edtulo em Maring\u00e1 com reconhecimento do deputado Adriano Jos\u00e9 - Deputado Adriano Jos\u00e9\" \/>\n<meta property=\"og:description\" content=\"Maring\u00e1 viveu um momento especial com a posse de Ann\u00edbal Bianchini Neto como novo secret\u00e1rio da Acelera\u00e7\u00e3o Econ\u00f4mica e Turismo. A cerim\u00f4nia foi marcada por emo\u00e7\u00e3o e reconhecimento \u00e0 trajet\u00f3ria de sua fam\u00edlia, especialmente de seu av\u00f4, o engenheiro agr\u00f4nomo Ann\u00edbal Bianchini da Rocha, que chegou a Maring\u00e1 em 1952 e deixou um legado que [&hellip;]\" \/>\n<meta property=\"og:url\" content=\"https:\/\/soldadoadrianojose.com.br\/index.php\/2025\/10\/03\/posse-de-annibal-bianchini-neto-marca-novo-capitulo-em-maringa-com-reconhecimento-do-deputado-adriano-jose\/\" \/>\n<meta property=\"og:site_name\" content=\"Deputado Adriano Jos\u00e9\" \/>\n<meta property=\"article:published_time\" content=\"2025-10-03T20:08:53+00:00\" \/>\n<meta property=\"article:modified_time\" content=\"2025-10-03T21:23:04+00:00\" \/>\n<meta property=\"og:image\" content=\"https:\/\/soldadoadrianojose.com.br\/wp-content\/uploads\/2025\/10\/IMG-20251003-WA0012.jpg\" \/>\n\t<meta property=\"og:image:width\" content=\"1600\" \/>\n\t<meta property=\"og:image:height\" content=\"1200\" \/>\n\t<meta property=\"og:image:type\" content=\"image\/jpeg\" \/>\n<meta name=\"author\" content=\"Emanuellig admin2\" \/>\n<meta name=\"twitter:card\" content=\"summary_large_image\" \/>\n<meta name=\"twitter:label1\" content=\"Escrito por\" \/>\n\t<meta name=\"twitter:data1\" content=\"Emanuellig admin2\" \/>\n\t<meta name=\"twitter:label2\" content=\"Est. tempo de leitura\" \/>\n\t<meta name=\"twitter:data2\" content=\"2 minutos\" \/>\n<script type=\"application\/ld+json\" class=\"yoast-schema-graph\">{\"@context\":\"https:\\\/\\\/schema.org\",\"@graph\":[{\"@type\":\"Article\",\"@id\":\"https:\\\/\\\/soldadoadrianojose.com.br\\\/index.php\\\/2025\\\/10\\\/03\\\/posse-de-annibal-bianchini-neto-marca-novo-capitulo-em-maringa-com-reconhecimento-do-deputado-adriano-jose\\\/#article\",\"isPartOf\":{\"@id\":\"https:\\\/\\\/soldadoadrianojose.com.br\\\/index.php\\\/2025\\\/10\\\/03\\\/posse-de-annibal-bianchini-neto-marca-novo-capitulo-em-maringa-com-reconhecimento-do-deputado-adriano-jose\\\/\"},\"author\":{\"name\":\"Emanuellig admin2\",\"@id\":\"https:\\\/\\\/soldadoadrianojose.com.br\\\/#\\\/schema\\\/person\\\/cd48425bd7edd36fa5917c88fbe1cec5\"},\"headline\":\"Posse de Ann\u00edbal Bianchini Neto marca novo cap\u00edtulo em Maring\u00e1 com reconhecimento do deputado Adriano Jos\u00e9\",\"datePublished\":\"2025-10-03T20:08:53+00:00\",\"dateModified\":\"2025-10-03T21:23:04+00:00\",\"mainEntityOfPage\":{\"@id\":\"https:\\\/\\\/soldadoadrianojose.com.br\\\/index.php\\\/2025\\\/10\\\/03\\\/posse-de-annibal-bianchini-neto-marca-novo-capitulo-em-maringa-com-reconhecimento-do-deputado-adriano-jose\\\/\"},\"wordCount\":290,\"commentCount\":0,\"publisher\":{\"@id\":\"https:\\\/\\\/soldadoadrianojose.com.br\\\/#\\\/schema\\\/person\\\/16f8e8defb7a4bd6c6082efcd1bdb6bb\"},\"image\":{\"@id\":\"https:\\\/\\\/soldadoadrianojose.com.br\\\/index.php\\\/2025\\\/10\\\/03\\\/posse-de-annibal-bianchini-neto-marca-novo-capitulo-em-maringa-com-reconhecimento-do-deputado-adriano-jose\\\/#primaryimage\"},\"thumbnailUrl\":\"https:\\\/\\\/soldadoadrianojose.com.br\\\/wp-content\\\/uploads\\\/2025\\\/10\\\/IMG-20251003-WA0012.jpg\",\"articleSection\":[\"GABINETE SD\"],\"inLanguage\":\"pt-BR\",\"potentialAction\":[{\"@type\":\"CommentAction\",\"name\":\"Comment\",\"target\":[\"https:\\\/\\\/soldadoadrianojose.com.br\\\/index.php\\\/2025\\\/10\\\/03\\\/posse-de-annibal-bianchini-neto-marca-novo-capitulo-em-maringa-com-reconhecimento-do-deputado-adriano-jose\\\/#respond\"]}]},{\"@type\":\"WebPage\",\"@id\":\"https:\\\/\\\/soldadoadrianojose.com.br\\\/index.php\\\/2025\\\/10\\\/03\\\/posse-de-annibal-bianchini-neto-marca-novo-capitulo-em-maringa-com-reconhecimento-do-deputado-adriano-jose\\\/\",\"url\":\"https:\\\/\\\/soldadoadrianojose.com.br\\\/index.php\\\/2025\\\/10\\\/03\\\/posse-de-annibal-bianchini-neto-marca-novo-capitulo-em-maringa-com-reconhecimento-do-deputado-adriano-jose\\\/\",\"name\":\"Posse de Ann\u00edbal Bianchini Neto marca novo cap\u00edtulo em Maring\u00e1 com reconhecimento do deputado Adriano Jos\u00e9 - Deputado Adriano Jos\u00e9\",\"isPartOf\":{\"@id\":\"https:\\\/\\\/soldadoadrianojose.com.br\\\/#website\"},\"primaryImageOfPage\":{\"@id\":\"https:\\\/\\\/soldadoadrianojose.com.br\\\/index.php\\\/2025\\\/10\\\/03\\\/posse-de-annibal-bianchini-neto-marca-novo-capitulo-em-maringa-com-reconhecimento-do-deputado-adriano-jose\\\/#primaryimage\"},\"image\":{\"@id\":\"https:\\\/\\\/soldadoadrianojose.com.br\\\/index.php\\\/2025\\\/10\\\/03\\\/posse-de-annibal-bianchini-neto-marca-novo-capitulo-em-maringa-com-reconhecimento-do-deputado-adriano-jose\\\/#primaryimage\"},\"thumbnailUrl\":\"https:\\\/\\\/soldadoadrianojose.com.br\\\/wp-content\\\/uploads\\\/2025\\\/10\\\/IMG-20251003-WA0012.jpg\",\"datePublished\":\"2025-10-03T20:08:53+00:00\",\"dateModified\":\"2025-10-03T21:23:04+00:00\",\"breadcrumb\":{\"@id\":\"https:\\\/\\\/soldadoadrianojose.com.br\\\/index.php\\\/2025\\\/10\\\/03\\\/posse-de-annibal-bianchini-neto-marca-novo-capitulo-em-maringa-com-reconhecimento-do-deputado-adriano-jose\\\/#breadcrumb\"},\"inLanguage\":\"pt-BR\",\"potentialAction\":[{\"@type\":\"ReadAction\",\"target\":[\"https:\\\/\\\/soldadoadrianojose.com.br\\\/index.php\\\/2025\\\/10\\\/03\\\/posse-de-annibal-bianchini-neto-marca-novo-capitulo-em-maringa-com-reconhecimento-do-deputado-adriano-jose\\\/\"]}]},{\"@type\":\"ImageObject\",\"inLanguage\":\"pt-BR\",\"@id\":\"https:\\\/\\\/soldadoadrianojose.com.br\\\/index.php\\\/2025\\\/10\\\/03\\\/posse-de-annibal-bianchini-neto-marca-novo-capitulo-em-maringa-com-reconhecimento-do-deputado-adriano-jose\\\/#primaryimage\",\"url\":\"https:\\\/\\\/soldadoadrianojose.com.br\\\/wp-content\\\/uploads\\\/2025\\\/10\\\/IMG-20251003-WA0012.jpg\",\"contentUrl\":\"https:\\\/\\\/soldadoadrianojose.com.br\\\/wp-content\\\/uploads\\\/2025\\\/10\\\/IMG-20251003-WA0012.jpg\",\"width\":1600,\"height\":1200},{\"@type\":\"BreadcrumbList\",\"@id\":\"https:\\\/\\\/soldadoadrianojose.com.br\\\/index.php\\\/2025\\\/10\\\/03\\\/posse-de-annibal-bianchini-neto-marca-novo-capitulo-em-maringa-com-reconhecimento-do-deputado-adriano-jose\\\/#breadcrumb\",\"itemListElement\":[{\"@type\":\"ListItem\",\"position\":1,\"name\":\"In\u00edcio\",\"item\":\"https:\\\/\\\/soldadoadrianojose.com.br\\\/\"},{\"@type\":\"ListItem\",\"position\":2,\"name\":\"Posse de Ann\u00edbal Bianchini Neto marca novo cap\u00edtulo em Maring\u00e1 com reconhecimento do deputado Adriano Jos\u00e9\"}]},{\"@type\":\"WebSite\",\"@id\":\"https:\\\/\\\/soldadoadrianojose.com.br\\\/#website\",\"url\":\"https:\\\/\\\/soldadoadrianojose.com.br\\\/\",\"name\":\"Deputado Adriano Jos\u00e9\",\"description\":\"Nosso trabalho \u00e9 pelas pessoas\",\"publisher\":{\"@id\":\"https:\\\/\\\/soldadoadrianojose.com.br\\\/#\\\/schema\\\/person\\\/16f8e8defb7a4bd6c6082efcd1bdb6bb\"},\"potentialAction\":[{\"@type\":\"SearchAction\",\"target\":{\"@type\":\"EntryPoint\",\"urlTemplate\":\"https:\\\/\\\/soldadoadrianojose.com.br\\\/?s={search_term_string}\"},\"query-input\":{\"@type\":\"PropertyValueSpecification\",\"valueRequired\":true,\"valueName\":\"search_term_string\"}}],\"inLanguage\":\"pt-BR\"},{\"@type\":[\"Person\",\"Organization\"],\"@id\":\"https:\\\/\\\/soldadoadrianojose.com.br\\\/#\\\/schema\\\/person\\\/16f8e8defb7a4bd6c6082efcd1bdb6bb\",\"name\":\"soldadoadrianojose\",\"image\":{\"@type\":\"ImageObject\",\"inLanguage\":\"pt-BR\",\"@id\":\"https:\\\/\\\/soldadoadrianojose.com.br\\\/wp-content\\\/uploads\\\/2023\\\/02\\\/LOGO_CLEAR-5.png\",\"url\":\"https:\\\/\\\/soldadoadrianojose.com.br\\\/wp-content\\\/uploads\\\/2023\\\/02\\\/LOGO_CLEAR-5.png\",\"contentUrl\":\"https:\\\/\\\/soldadoadrianojose.com.br\\\/wp-content\\\/uploads\\\/2023\\\/02\\\/LOGO_CLEAR-5.png\",\"width\":3508,\"height\":998,\"caption\":\"soldadoadrianojose\"},\"logo\":{\"@id\":\"https:\\\/\\\/soldadoadrianojose.com.br\\\/wp-content\\\/uploads\\\/2023\\\/02\\\/LOGO_CLEAR-5.png\"},\"sameAs\":[\"https:\\\/\\\/soldadoadrianojose.com.br\"]},{\"@type\":\"Person\",\"@id\":\"https:\\\/\\\/soldadoadrianojose.com.br\\\/#\\\/schema\\\/person\\\/cd48425bd7edd36fa5917c88fbe1cec5\",\"name\":\"Emanuellig admin2\",\"image\":{\"@type\":\"ImageObject\",\"inLanguage\":\"pt-BR\",\"@id\":\"https:\\\/\\\/soldadoadrianojose.com.br\\\/wp-content\\\/litespeed\\\/avatar\\\/235a59a115f40132a17fc909e61bc31d.jpg?ver=1777092356\",\"url\":\"https:\\\/\\\/soldadoadrianojose.com.br\\\/wp-content\\\/litespeed\\\/avatar\\\/235a59a115f40132a17fc909e61bc31d.jpg?ver=1777092356\",\"contentUrl\":\"https:\\\/\\\/soldadoadrianojose.com.br\\\/wp-content\\\/litespeed\\\/avatar\\\/235a59a115f40132a17fc909e61bc31d.jpg?ver=1777092356\",\"caption\":\"Emanuellig admin2\"},\"url\":\"https:\\\/\\\/soldadoadrianojose.com.br\\\/index.php\\\/author\\\/manu\\\/\"}]}<\/script>\n<!-- \/ Yoast SEO plugin. -->","yoast_head_json":{"title":"Posse de Ann\u00edbal Bianchini Neto marca novo cap\u00edtulo em Maring\u00e1 com reconhecimento do deputado Adriano Jos\u00e9 - Deputado Adriano Jos\u00e9","robots":{"index":"index","follow":"follow","max-snippet":"max-snippet:-1","max-image-preview":"max-image-preview:large","max-video-preview":"max-video-preview:-1"},"canonical":"https:\/\/soldadoadrianojose.com.br\/index.php\/2025\/10\/03\/posse-de-annibal-bianchini-neto-marca-novo-capitulo-em-maringa-com-reconhecimento-do-deputado-adriano-jose\/","og_locale":"pt_BR","og_type":"article","og_title":"Posse de Ann\u00edbal Bianchini Neto marca novo cap\u00edtulo em Maring\u00e1 com reconhecimento do deputado Adriano Jos\u00e9 - Deputado Adriano Jos\u00e9","og_description":"Maring\u00e1 viveu um momento especial com a posse de Ann\u00edbal Bianchini Neto como novo secret\u00e1rio da Acelera\u00e7\u00e3o Econ\u00f4mica e Turismo. A cerim\u00f4nia foi marcada por emo\u00e7\u00e3o e reconhecimento \u00e0 trajet\u00f3ria de sua fam\u00edlia, especialmente de seu av\u00f4, o engenheiro agr\u00f4nomo Ann\u00edbal Bianchini da Rocha, que chegou a Maring\u00e1 em 1952 e deixou um legado que [&hellip;]","og_url":"https:\/\/soldadoadrianojose.com.br\/index.php\/2025\/10\/03\/posse-de-annibal-bianchini-neto-marca-novo-capitulo-em-maringa-com-reconhecimento-do-deputado-adriano-jose\/","og_site_name":"Deputado Adriano Jos\u00e9","article_published_time":"2025-10-03T20:08:53+00:00","article_modified_time":"2025-10-03T21:23:04+00:00","og_image":[{"width":1600,"height":1200,"url":"https:\/\/soldadoadrianojose.com.br\/wp-content\/uploads\/2025\/10\/IMG-20251003-WA0012.jpg","type":"image\/jpeg"}],"author":"Emanuellig admin2","twitter_card":"summary_large_image","twitter_misc":{"Escrito por":"Emanuellig admin2","Est. tempo de leitura":"2 minutos"},"schema":{"@context":"https:\/\/schema.org","@graph":[{"@type":"Article","@id":"https:\/\/soldadoadrianojose.com.br\/index.php\/2025\/10\/03\/posse-de-annibal-bianchini-neto-marca-novo-capitulo-em-maringa-com-reconhecimento-do-deputado-adriano-jose\/#article","isPartOf":{"@id":"https:\/\/soldadoadrianojose.com.br\/index.php\/2025\/10\/03\/posse-de-annibal-bianchini-neto-marca-novo-capitulo-em-maringa-com-reconhecimento-do-deputado-adriano-jose\/"},"author":{"name":"Emanuellig admin2","@id":"https:\/\/soldadoadrianojose.com.br\/#\/schema\/person\/cd48425bd7edd36fa5917c88fbe1cec5"},"headline":"Posse de Ann\u00edbal Bianchini Neto marca novo cap\u00edtulo em Maring\u00e1 com reconhecimento do deputado Adriano Jos\u00e9","datePublished":"2025-10-03T20:08:53+00:00","dateModified":"2025-10-03T21:23:04+00:00","mainEntityOfPage":{"@id":"https:\/\/soldadoadrianojose.com.br\/index.php\/2025\/10\/03\/posse-de-annibal-bianchini-neto-marca-novo-capitulo-em-maringa-com-reconhecimento-do-deputado-adriano-jose\/"},"wordCount":290,"commentCount":0,"publisher":{"@id":"https:\/\/soldadoadrianojose.com.br\/#\/schema\/person\/16f8e8defb7a4bd6c6082efcd1bdb6bb"},"image":{"@id":"https:\/\/soldadoadrianojose.com.br\/index.php\/2025\/10\/03\/posse-de-annibal-bianchini-neto-marca-novo-capitulo-em-maringa-com-reconhecimento-do-deputado-adriano-jose\/#primaryimage"},"thumbnailUrl":"https:\/\/soldadoadrianojose.com.br\/wp-content\/uploads\/2025\/10\/IMG-20251003-WA0012.jpg","articleSection":["GABINETE SD"],"inLanguage":"pt-BR","potentialAction":[{"@type":"CommentAction","name":"Comment","target":["https:\/\/soldadoadrianojose.com.br\/index.php\/2025\/10\/03\/posse-de-annibal-bianchini-neto-marca-novo-capitulo-em-maringa-com-reconhecimento-do-deputado-adriano-jose\/#respond"]}]},{"@type":"WebPage","@id":"https:\/\/soldadoadrianojose.com.br\/index.php\/2025\/10\/03\/posse-de-annibal-bianchini-neto-marca-novo-capitulo-em-maringa-com-reconhecimento-do-deputado-adriano-jose\/","url":"https:\/\/soldadoadrianojose.com.br\/index.php\/2025\/10\/03\/posse-de-annibal-bianchini-neto-marca-novo-capitulo-em-maringa-com-reconhecimento-do-deputado-adriano-jose\/","name":"Posse de Ann\u00edbal Bianchini Neto marca novo cap\u00edtulo em Maring\u00e1 com reconhecimento do deputado Adriano Jos\u00e9 - Deputado Adriano Jos\u00e9","isPartOf":{"@id":"https:\/\/soldadoadrianojose.com.br\/#website"},"primaryImageOfPage":{"@id":"https:\/\/soldadoadrianojose.com.br\/index.php\/2025\/10\/03\/posse-de-annibal-bianchini-neto-marca-novo-capitulo-em-maringa-com-reconhecimento-do-deputado-adriano-jose\/#primaryimage"},"image":{"@id":"https:\/\/soldadoadrianojose.com.br\/index.php\/2025\/10\/03\/posse-de-annibal-bianchini-neto-marca-novo-capitulo-em-maringa-com-reconhecimento-do-deputado-adriano-jose\/#primaryimage"},"thumbnailUrl":"https:\/\/soldadoadrianojose.com.br\/wp-content\/uploads\/2025\/10\/IMG-20251003-WA0012.jpg","datePublished":"2025-10-03T20:08:53+00:00","dateModified":"2025-10-03T21:23:04+00:00","breadcrumb":{"@id":"https:\/\/soldadoadrianojose.com.br\/index.php\/2025\/10\/03\/posse-de-annibal-bianchini-neto-marca-novo-capitulo-em-maringa-com-reconhecimento-do-deputado-adriano-jose\/#breadcrumb"},"inLanguage":"pt-BR","potentialAction":[{"@type":"ReadAction","target":["https:\/\/soldadoadrianojose.com.br\/index.php\/2025\/10\/03\/posse-de-annibal-bianchini-neto-marca-novo-capitulo-em-maringa-com-reconhecimento-do-deputado-adriano-jose\/"]}]},{"@type":"ImageObject","inLanguage":"pt-BR","@id":"https:\/\/soldadoadrianojose.com.br\/index.php\/2025\/10\/03\/posse-de-annibal-bianchini-neto-marca-novo-capitulo-em-maringa-com-reconhecimento-do-deputado-adriano-jose\/#primaryimage","url":"https:\/\/soldadoadrianojose.com.br\/wp-content\/uploads\/2025\/10\/IMG-20251003-WA0012.jpg","contentUrl":"https:\/\/soldadoadrianojose.com.br\/wp-content\/uploads\/2025\/10\/IMG-20251003-WA0012.jpg","width":1600,"height":1200},{"@type":"BreadcrumbList","@id":"https:\/\/soldadoadrianojose.com.br\/index.php\/2025\/10\/03\/posse-de-annibal-bianchini-neto-marca-novo-capitulo-em-maringa-com-reconhecimento-do-deputado-adriano-jose\/#breadcrumb","itemListElement":[{"@type":"ListItem","position":1,"name":"In\u00edcio","item":"https:\/\/soldadoadrianojose.com.br\/"},{"@type":"ListItem","position":2,"name":"Posse de Ann\u00edbal Bianchini Neto marca novo cap\u00edtulo em Maring\u00e1 com reconhecimento do deputado Adriano Jos\u00e9"}]},{"@type":"WebSite","@id":"https:\/\/soldadoadrianojose.com.br\/#website","url":"https:\/\/soldadoadrianojose.com.br\/","name":"Deputado Adriano Jos\u00e9","description":"Nosso trabalho \u00e9 pelas pessoas","publisher":{"@id":"https:\/\/soldadoadrianojose.com.br\/#\/schema\/person\/16f8e8defb7a4bd6c6082efcd1bdb6bb"},"potentialAction":[{"@type":"SearchAction","target":{"@type":"EntryPoint","urlTemplate":"https:\/\/soldadoadrianojose.com.br\/?s={search_term_string}"},"query-input":{"@type":"PropertyValueSpecification","valueRequired":true,"valueName":"search_term_string"}}],"inLanguage":"pt-BR"},{"@type":["Person","Organization"],"@id":"https:\/\/soldadoadrianojose.com.br\/#\/schema\/person\/16f8e8defb7a4bd6c6082efcd1bdb6bb","name":"soldadoadrianojose","image":{"@type":"ImageObject","inLanguage":"pt-BR","@id":"https:\/\/soldadoadrianojose.com.br\/wp-content\/uploads\/2023\/02\/LOGO_CLEAR-5.png","url":"https:\/\/soldadoadrianojose.com.br\/wp-content\/uploads\/2023\/02\/LOGO_CLEAR-5.png","contentUrl":"https:\/\/soldadoadrianojose.com.br\/wp-content\/uploads\/2023\/02\/LOGO_CLEAR-5.png","width":3508,"height":998,"caption":"soldadoadrianojose"},"logo":{"@id":"https:\/\/soldadoadrianojose.com.br\/wp-content\/uploads\/2023\/02\/LOGO_CLEAR-5.png"},"sameAs":["https:\/\/soldadoadrianojose.com.br"]},{"@type":"Person","@id":"https:\/\/soldadoadrianojose.com.br\/#\/schema\/person\/cd48425bd7edd36fa5917c88fbe1cec5","name":"Emanuellig admin2","image":{"@type":"ImageObject","inLanguage":"pt-BR","@id":"https:\/\/soldadoadrianojose.com.br\/wp-content\/litespeed\/avatar\/235a59a115f40132a17fc909e61bc31d.jpg?ver=1777092356","url":"https:\/\/soldadoadrianojose.com.br\/wp-content\/litespeed\/avatar\/235a59a115f40132a17fc909e61bc31d.jpg?ver=1777092356","contentUrl":"https:\/\/soldadoadrianojose.com.br\/wp-content\/litespeed\/avatar\/235a59a115f40132a17fc909e61bc31d.jpg?ver=1777092356","caption":"Emanuellig admin2"},"url":"https:\/\/soldadoadrianojose.com.br\/index.php\/author\/manu\/"}]}},"jetpack_featured_media_url":"https:\/\/soldadoadrianojose.com.br\/wp-content\/uploads\/2025\/10\/IMG-20251003-WA0012.jpg","_links":{"self":[{"href":"https:\/\/soldadoadrianojose.com.br\/index.php\/wp-json\/wp\/v2\/posts\/3478","targetHints":{"allow":["GET"]}}],"collection":[{"href":"https:\/\/soldadoadrianojose.com.br\/index.php\/wp-json\/wp\/v2\/posts"}],"about":[{"href":"https:\/\/soldadoadrianojose.com.br\/index.php\/wp-json\/wp\/v2\/types\/post"}],"author":[{"embeddable":true,"href":"https:\/\/soldadoadrianojose.com.br\/index.php\/wp-json\/wp\/v2\/users\/3"}],"replies":[{"embeddable":true,"href":"https:\/\/soldadoadrianojose.com.br\/index.php\/wp-json\/wp\/v2\/comments?post=3478"}],"version-history":[{"count":2,"href":"https:\/\/soldadoadrianojose.com.br\/index.php\/wp-json\/wp\/v2\/posts\/3478\/revisions"}],"predecessor-version":[{"id":3488,"href":"https:\/\/soldadoadrianojose.com.br\/index.php\/wp-json\/wp\/v2\/posts\/3478\/revisions\/3488"}],"wp:featuredmedia":[{"embeddable":true,"href":"https:\/\/soldadoadrianojose.com.br\/index.php\/wp-json\/wp\/v2\/media\/3480"}],"wp:attachment":[{"href":"https:\/\/soldadoadrianojose.com.br\/index.php\/wp-json\/wp\/v2\/media?parent=3478"}],"wp:term":[{"taxonomy":"category","embeddable":true,"href":"https:\/\/soldadoadrianojose.com.br\/index.php\/wp-json\/wp\/v2\/categories?post=3478"},{"taxonomy":"post_tag","embeddable":true,"href":"https:\/\/soldadoadrianojose.com.br\/index.php\/wp-json\/wp\/v2\/tags?post=3478"}],"curies":[{"name":"wp","href":"https:\/\/api.w.org\/{rel}","templated":true}]}}