{"id":3483,"date":"2025-10-03T20:26:37","date_gmt":"2025-10-03T23:26:37","guid":{"rendered":"https:\/\/soldadoadrianojose.com.br\/?p=3483"},"modified":"2025-10-03T20:33:25","modified_gmt":"2025-10-03T23:33:25","slug":"mais-mobilidade-na-saude-de-ourizona-com-apoio-do-deputado-adriano-jose","status":"publish","type":"post","link":"https:\/\/soldadoadrianojose.com.br\/index.php\/2025\/10\/03\/mais-mobilidade-na-saude-de-ourizona-com-apoio-do-deputado-adriano-jose\/","title":{"rendered":"Deputado Adriano Jos\u00e9 entrega mais dois ve\u00edculos para melhorar a mobilidade na Sa\u00fade em Ourizona"},"content":{"rendered":"\n<p>Ourizona recebeu um importante refor\u00e7o para a \u00e1rea da sa\u00fade com a entrega de novos ve\u00edculos destinados ao atendimento da popula\u00e7\u00e3o. A conquista inclui uma van para o transporte de pacientes e um ve\u00edculo de apoio, garantindo mais qualidade e agilidade nos servi\u00e7os oferecidos pelo munic\u00edpio.<br><\/p>\n\n\n\n<p>A cerim\u00f4nia contou com a presen\u00e7a do prefeito Janilson, do vice-prefeito Alex Anis e da secret\u00e1ria municipal de Sa\u00fade, Andreia Pires, que celebraram a chegada dos ve\u00edculos como um avan\u00e7o significativo para a comunidade. A iniciativa fortalece a rede de aten\u00e7\u00e3o b\u00e1sica e amplia a capacidade de atendimento das equipes locais.<br><\/p>\n\n\n\n<p>O deputado estadual Adriano Jos\u00e9 participou do ato de entrega e destacou a import\u00e2ncia de investimentos que se traduzem em benef\u00edcios diretos para a popula\u00e7\u00e3o. Segundo ele, cada conquista na \u00e1rea da sa\u00fade representa um cuidado a mais com as fam\u00edlias de Ourizona, refor\u00e7ando o compromisso de levar mais qualidade de vida a todos.<\/p>\n","protected":false},"excerpt":{"rendered":"<p>Ourizona recebeu um importante refor\u00e7o para a \u00e1rea da sa\u00fade com a entrega de novos ve\u00edculos destinados ao atendimento da popula\u00e7\u00e3o. A conquista inclui uma van para o transporte de pacientes e um ve\u00edculo de apoio, garantindo mais qualidade e agilidade nos servi\u00e7os oferecidos pelo munic\u00edpio. A cerim\u00f4nia contou com a presen\u00e7a do prefeito Janilson, [&hellip;]<\/p>\n","protected":false},"author":3,"featured_media":3489,"comment_status":"open","ping_status":"open","sticky":false,"template":"","format":"standard","meta":{"footnotes":""},"categories":[1],"tags":[],"class_list":["post-3483","post","type-post","status-publish","format-standard","has-post-thumbnail","hentry","category-gabinete-sd"],"yoast_head":"<!-- This site is optimized with the Yoast SEO plugin v27.4 - https:\/\/yoast.com\/product\/yoast-seo-wordpress\/ -->\n<title>Deputado Adriano Jos\u00e9 entrega mais dois ve\u00edculos para melhorar a mobilidade na Sa\u00fade em Ourizona - Deputado Adriano Jos\u00e9<\/title>\n<meta name=\"robots\" content=\"index, follow, max-snippet:-1, max-image-preview:large, max-video-preview:-1\" \/>\n<link rel=\"canonical\" href=\"https:\/\/soldadoadrianojose.com.br\/index.php\/2025\/10\/03\/mais-mobilidade-na-saude-de-ourizona-com-apoio-do-deputado-adriano-jose\/\" \/>\n<meta property=\"og:locale\" content=\"pt_BR\" \/>\n<meta property=\"og:type\" content=\"article\" \/>\n<meta property=\"og:title\" content=\"Deputado Adriano Jos\u00e9 entrega mais dois ve\u00edculos para melhorar a mobilidade na Sa\u00fade em Ourizona - Deputado Adriano Jos\u00e9\" \/>\n<meta property=\"og:description\" content=\"Ourizona recebeu um importante refor\u00e7o para a \u00e1rea da sa\u00fade com a entrega de novos ve\u00edculos destinados ao atendimento da popula\u00e7\u00e3o. A conquista inclui uma van para o transporte de pacientes e um ve\u00edculo de apoio, garantindo mais qualidade e agilidade nos servi\u00e7os oferecidos pelo munic\u00edpio. A cerim\u00f4nia contou com a presen\u00e7a do prefeito Janilson, [&hellip;]\" \/>\n<meta property=\"og:url\" content=\"https:\/\/soldadoadrianojose.com.br\/index.php\/2025\/10\/03\/mais-mobilidade-na-saude-de-ourizona-com-apoio-do-deputado-adriano-jose\/\" \/>\n<meta property=\"og:site_name\" content=\"Deputado Adriano Jos\u00e9\" \/>\n<meta property=\"article:published_time\" content=\"2025-10-03T23:26:37+00:00\" \/>\n<meta property=\"article:modified_time\" content=\"2025-10-03T23:33:25+00:00\" \/>\n<meta property=\"og:image\" content=\"https:\/\/soldadoadrianojose.com.br\/wp-content\/uploads\/2025\/10\/WhatsApp-Image-2025-10-03-at-20.25.30.jpeg\" \/>\n\t<meta property=\"og:image:width\" content=\"1600\" \/>\n\t<meta property=\"og:image:height\" content=\"1200\" \/>\n\t<meta property=\"og:image:type\" content=\"image\/jpeg\" \/>\n<meta name=\"author\" content=\"Emanuellig admin2\" \/>\n<meta name=\"twitter:card\" content=\"summary_large_image\" \/>\n<meta name=\"twitter:label1\" content=\"Escrito por\" \/>\n\t<meta name=\"twitter:data1\" content=\"Emanuellig admin2\" \/>\n\t<meta name=\"twitter:label2\" content=\"Est. tempo de leitura\" \/>\n\t<meta name=\"twitter:data2\" content=\"2 minutos\" \/>\n<script type=\"application\/ld+json\" class=\"yoast-schema-graph\">{\"@context\":\"https:\\\/\\\/schema.org\",\"@graph\":[{\"@type\":\"Article\",\"@id\":\"https:\\\/\\\/soldadoadrianojose.com.br\\\/index.php\\\/2025\\\/10\\\/03\\\/mais-mobilidade-na-saude-de-ourizona-com-apoio-do-deputado-adriano-jose\\\/#article\",\"isPartOf\":{\"@id\":\"https:\\\/\\\/soldadoadrianojose.com.br\\\/index.php\\\/2025\\\/10\\\/03\\\/mais-mobilidade-na-saude-de-ourizona-com-apoio-do-deputado-adriano-jose\\\/\"},\"author\":{\"name\":\"Emanuellig admin2\",\"@id\":\"https:\\\/\\\/soldadoadrianojose.com.br\\\/#\\\/schema\\\/person\\\/cd48425bd7edd36fa5917c88fbe1cec5\"},\"headline\":\"Deputado Adriano Jos\u00e9 entrega mais dois ve\u00edculos para melhorar a mobilidade na Sa\u00fade em Ourizona\",\"datePublished\":\"2025-10-03T23:26:37+00:00\",\"dateModified\":\"2025-10-03T23:33:25+00:00\",\"mainEntityOfPage\":{\"@id\":\"https:\\\/\\\/soldadoadrianojose.com.br\\\/index.php\\\/2025\\\/10\\\/03\\\/mais-mobilidade-na-saude-de-ourizona-com-apoio-do-deputado-adriano-jose\\\/\"},\"wordCount\":189,\"commentCount\":0,\"publisher\":{\"@id\":\"https:\\\/\\\/soldadoadrianojose.com.br\\\/#\\\/schema\\\/person\\\/16f8e8defb7a4bd6c6082efcd1bdb6bb\"},\"image\":{\"@id\":\"https:\\\/\\\/soldadoadrianojose.com.br\\\/index.php\\\/2025\\\/10\\\/03\\\/mais-mobilidade-na-saude-de-ourizona-com-apoio-do-deputado-adriano-jose\\\/#primaryimage\"},\"thumbnailUrl\":\"https:\\\/\\\/soldadoadrianojose.com.br\\\/wp-content\\\/uploads\\\/2025\\\/10\\\/WhatsApp-Image-2025-10-03-at-20.25.30.jpeg\",\"articleSection\":[\"GABINETE SD\"],\"inLanguage\":\"pt-BR\",\"potentialAction\":[{\"@type\":\"CommentAction\",\"name\":\"Comment\",\"target\":[\"https:\\\/\\\/soldadoadrianojose.com.br\\\/index.php\\\/2025\\\/10\\\/03\\\/mais-mobilidade-na-saude-de-ourizona-com-apoio-do-deputado-adriano-jose\\\/#respond\"]}]},{\"@type\":\"WebPage\",\"@id\":\"https:\\\/\\\/soldadoadrianojose.com.br\\\/index.php\\\/2025\\\/10\\\/03\\\/mais-mobilidade-na-saude-de-ourizona-com-apoio-do-deputado-adriano-jose\\\/\",\"url\":\"https:\\\/\\\/soldadoadrianojose.com.br\\\/index.php\\\/2025\\\/10\\\/03\\\/mais-mobilidade-na-saude-de-ourizona-com-apoio-do-deputado-adriano-jose\\\/\",\"name\":\"Deputado Adriano Jos\u00e9 entrega mais dois ve\u00edculos para melhorar a mobilidade na Sa\u00fade em Ourizona - Deputado Adriano Jos\u00e9\",\"isPartOf\":{\"@id\":\"https:\\\/\\\/soldadoadrianojose.com.br\\\/#website\"},\"primaryImageOfPage\":{\"@id\":\"https:\\\/\\\/soldadoadrianojose.com.br\\\/index.php\\\/2025\\\/10\\\/03\\\/mais-mobilidade-na-saude-de-ourizona-com-apoio-do-deputado-adriano-jose\\\/#primaryimage\"},\"image\":{\"@id\":\"https:\\\/\\\/soldadoadrianojose.com.br\\\/index.php\\\/2025\\\/10\\\/03\\\/mais-mobilidade-na-saude-de-ourizona-com-apoio-do-deputado-adriano-jose\\\/#primaryimage\"},\"thumbnailUrl\":\"https:\\\/\\\/soldadoadrianojose.com.br\\\/wp-content\\\/uploads\\\/2025\\\/10\\\/WhatsApp-Image-2025-10-03-at-20.25.30.jpeg\",\"datePublished\":\"2025-10-03T23:26:37+00:00\",\"dateModified\":\"2025-10-03T23:33:25+00:00\",\"breadcrumb\":{\"@id\":\"https:\\\/\\\/soldadoadrianojose.com.br\\\/index.php\\\/2025\\\/10\\\/03\\\/mais-mobilidade-na-saude-de-ourizona-com-apoio-do-deputado-adriano-jose\\\/#breadcrumb\"},\"inLanguage\":\"pt-BR\",\"potentialAction\":[{\"@type\":\"ReadAction\",\"target\":[\"https:\\\/\\\/soldadoadrianojose.com.br\\\/index.php\\\/2025\\\/10\\\/03\\\/mais-mobilidade-na-saude-de-ourizona-com-apoio-do-deputado-adriano-jose\\\/\"]}]},{\"@type\":\"ImageObject\",\"inLanguage\":\"pt-BR\",\"@id\":\"https:\\\/\\\/soldadoadrianojose.com.br\\\/index.php\\\/2025\\\/10\\\/03\\\/mais-mobilidade-na-saude-de-ourizona-com-apoio-do-deputado-adriano-jose\\\/#primaryimage\",\"url\":\"https:\\\/\\\/soldadoadrianojose.com.br\\\/wp-content\\\/uploads\\\/2025\\\/10\\\/WhatsApp-Image-2025-10-03-at-20.25.30.jpeg\",\"contentUrl\":\"https:\\\/\\\/soldadoadrianojose.com.br\\\/wp-content\\\/uploads\\\/2025\\\/10\\\/WhatsApp-Image-2025-10-03-at-20.25.30.jpeg\",\"width\":1600,\"height\":1200},{\"@type\":\"BreadcrumbList\",\"@id\":\"https:\\\/\\\/soldadoadrianojose.com.br\\\/index.php\\\/2025\\\/10\\\/03\\\/mais-mobilidade-na-saude-de-ourizona-com-apoio-do-deputado-adriano-jose\\\/#breadcrumb\",\"itemListElement\":[{\"@type\":\"ListItem\",\"position\":1,\"name\":\"In\u00edcio\",\"item\":\"https:\\\/\\\/soldadoadrianojose.com.br\\\/\"},{\"@type\":\"ListItem\",\"position\":2,\"name\":\"Deputado Adriano Jos\u00e9 entrega mais dois ve\u00edculos para melhorar a mobilidade na Sa\u00fade em Ourizona\"}]},{\"@type\":\"WebSite\",\"@id\":\"https:\\\/\\\/soldadoadrianojose.com.br\\\/#website\",\"url\":\"https:\\\/\\\/soldadoadrianojose.com.br\\\/\",\"name\":\"Deputado Adriano Jos\u00e9\",\"description\":\"Nosso trabalho \u00e9 pelas pessoas\",\"publisher\":{\"@id\":\"https:\\\/\\\/soldadoadrianojose.com.br\\\/#\\\/schema\\\/person\\\/16f8e8defb7a4bd6c6082efcd1bdb6bb\"},\"potentialAction\":[{\"@type\":\"SearchAction\",\"target\":{\"@type\":\"EntryPoint\",\"urlTemplate\":\"https:\\\/\\\/soldadoadrianojose.com.br\\\/?s={search_term_string}\"},\"query-input\":{\"@type\":\"PropertyValueSpecification\",\"valueRequired\":true,\"valueName\":\"search_term_string\"}}],\"inLanguage\":\"pt-BR\"},{\"@type\":[\"Person\",\"Organization\"],\"@id\":\"https:\\\/\\\/soldadoadrianojose.com.br\\\/#\\\/schema\\\/person\\\/16f8e8defb7a4bd6c6082efcd1bdb6bb\",\"name\":\"soldadoadrianojose\",\"image\":{\"@type\":\"ImageObject\",\"inLanguage\":\"pt-BR\",\"@id\":\"https:\\\/\\\/soldadoadrianojose.com.br\\\/wp-content\\\/uploads\\\/2023\\\/02\\\/LOGO_CLEAR-5.png\",\"url\":\"https:\\\/\\\/soldadoadrianojose.com.br\\\/wp-content\\\/uploads\\\/2023\\\/02\\\/LOGO_CLEAR-5.png\",\"contentUrl\":\"https:\\\/\\\/soldadoadrianojose.com.br\\\/wp-content\\\/uploads\\\/2023\\\/02\\\/LOGO_CLEAR-5.png\",\"width\":3508,\"height\":998,\"caption\":\"soldadoadrianojose\"},\"logo\":{\"@id\":\"https:\\\/\\\/soldadoadrianojose.com.br\\\/wp-content\\\/uploads\\\/2023\\\/02\\\/LOGO_CLEAR-5.png\"},\"sameAs\":[\"https:\\\/\\\/soldadoadrianojose.com.br\"]},{\"@type\":\"Person\",\"@id\":\"https:\\\/\\\/soldadoadrianojose.com.br\\\/#\\\/schema\\\/person\\\/cd48425bd7edd36fa5917c88fbe1cec5\",\"name\":\"Emanuellig admin2\",\"image\":{\"@type\":\"ImageObject\",\"inLanguage\":\"pt-BR\",\"@id\":\"https:\\\/\\\/soldadoadrianojose.com.br\\\/wp-content\\\/litespeed\\\/avatar\\\/235a59a115f40132a17fc909e61bc31d.jpg?ver=1777092356\",\"url\":\"https:\\\/\\\/soldadoadrianojose.com.br\\\/wp-content\\\/litespeed\\\/avatar\\\/235a59a115f40132a17fc909e61bc31d.jpg?ver=1777092356\",\"contentUrl\":\"https:\\\/\\\/soldadoadrianojose.com.br\\\/wp-content\\\/litespeed\\\/avatar\\\/235a59a115f40132a17fc909e61bc31d.jpg?ver=1777092356\",\"caption\":\"Emanuellig admin2\"},\"url\":\"https:\\\/\\\/soldadoadrianojose.com.br\\\/index.php\\\/author\\\/manu\\\/\"}]}<\/script>\n<!-- \/ Yoast SEO plugin. -->","yoast_head_json":{"title":"Deputado Adriano Jos\u00e9 entrega mais dois ve\u00edculos para melhorar a mobilidade na Sa\u00fade em Ourizona - Deputado Adriano Jos\u00e9","robots":{"index":"index","follow":"follow","max-snippet":"max-snippet:-1","max-image-preview":"max-image-preview:large","max-video-preview":"max-video-preview:-1"},"canonical":"https:\/\/soldadoadrianojose.com.br\/index.php\/2025\/10\/03\/mais-mobilidade-na-saude-de-ourizona-com-apoio-do-deputado-adriano-jose\/","og_locale":"pt_BR","og_type":"article","og_title":"Deputado Adriano Jos\u00e9 entrega mais dois ve\u00edculos para melhorar a mobilidade na Sa\u00fade em Ourizona - Deputado Adriano Jos\u00e9","og_description":"Ourizona recebeu um importante refor\u00e7o para a \u00e1rea da sa\u00fade com a entrega de novos ve\u00edculos destinados ao atendimento da popula\u00e7\u00e3o. A conquista inclui uma van para o transporte de pacientes e um ve\u00edculo de apoio, garantindo mais qualidade e agilidade nos servi\u00e7os oferecidos pelo munic\u00edpio. A cerim\u00f4nia contou com a presen\u00e7a do prefeito Janilson, [&hellip;]","og_url":"https:\/\/soldadoadrianojose.com.br\/index.php\/2025\/10\/03\/mais-mobilidade-na-saude-de-ourizona-com-apoio-do-deputado-adriano-jose\/","og_site_name":"Deputado Adriano Jos\u00e9","article_published_time":"2025-10-03T23:26:37+00:00","article_modified_time":"2025-10-03T23:33:25+00:00","og_image":[{"width":1600,"height":1200,"url":"https:\/\/soldadoadrianojose.com.br\/wp-content\/uploads\/2025\/10\/WhatsApp-Image-2025-10-03-at-20.25.30.jpeg","type":"image\/jpeg"}],"author":"Emanuellig admin2","twitter_card":"summary_large_image","twitter_misc":{"Escrito por":"Emanuellig admin2","Est. tempo de leitura":"2 minutos"},"schema":{"@context":"https:\/\/schema.org","@graph":[{"@type":"Article","@id":"https:\/\/soldadoadrianojose.com.br\/index.php\/2025\/10\/03\/mais-mobilidade-na-saude-de-ourizona-com-apoio-do-deputado-adriano-jose\/#article","isPartOf":{"@id":"https:\/\/soldadoadrianojose.com.br\/index.php\/2025\/10\/03\/mais-mobilidade-na-saude-de-ourizona-com-apoio-do-deputado-adriano-jose\/"},"author":{"name":"Emanuellig admin2","@id":"https:\/\/soldadoadrianojose.com.br\/#\/schema\/person\/cd48425bd7edd36fa5917c88fbe1cec5"},"headline":"Deputado Adriano Jos\u00e9 entrega mais dois ve\u00edculos para melhorar a mobilidade na Sa\u00fade em Ourizona","datePublished":"2025-10-03T23:26:37+00:00","dateModified":"2025-10-03T23:33:25+00:00","mainEntityOfPage":{"@id":"https:\/\/soldadoadrianojose.com.br\/index.php\/2025\/10\/03\/mais-mobilidade-na-saude-de-ourizona-com-apoio-do-deputado-adriano-jose\/"},"wordCount":189,"commentCount":0,"publisher":{"@id":"https:\/\/soldadoadrianojose.com.br\/#\/schema\/person\/16f8e8defb7a4bd6c6082efcd1bdb6bb"},"image":{"@id":"https:\/\/soldadoadrianojose.com.br\/index.php\/2025\/10\/03\/mais-mobilidade-na-saude-de-ourizona-com-apoio-do-deputado-adriano-jose\/#primaryimage"},"thumbnailUrl":"https:\/\/soldadoadrianojose.com.br\/wp-content\/uploads\/2025\/10\/WhatsApp-Image-2025-10-03-at-20.25.30.jpeg","articleSection":["GABINETE SD"],"inLanguage":"pt-BR","potentialAction":[{"@type":"CommentAction","name":"Comment","target":["https:\/\/soldadoadrianojose.com.br\/index.php\/2025\/10\/03\/mais-mobilidade-na-saude-de-ourizona-com-apoio-do-deputado-adriano-jose\/#respond"]}]},{"@type":"WebPage","@id":"https:\/\/soldadoadrianojose.com.br\/index.php\/2025\/10\/03\/mais-mobilidade-na-saude-de-ourizona-com-apoio-do-deputado-adriano-jose\/","url":"https:\/\/soldadoadrianojose.com.br\/index.php\/2025\/10\/03\/mais-mobilidade-na-saude-de-ourizona-com-apoio-do-deputado-adriano-jose\/","name":"Deputado Adriano Jos\u00e9 entrega mais dois ve\u00edculos para melhorar a mobilidade na Sa\u00fade em Ourizona - Deputado Adriano Jos\u00e9","isPartOf":{"@id":"https:\/\/soldadoadrianojose.com.br\/#website"},"primaryImageOfPage":{"@id":"https:\/\/soldadoadrianojose.com.br\/index.php\/2025\/10\/03\/mais-mobilidade-na-saude-de-ourizona-com-apoio-do-deputado-adriano-jose\/#primaryimage"},"image":{"@id":"https:\/\/soldadoadrianojose.com.br\/index.php\/2025\/10\/03\/mais-mobilidade-na-saude-de-ourizona-com-apoio-do-deputado-adriano-jose\/#primaryimage"},"thumbnailUrl":"https:\/\/soldadoadrianojose.com.br\/wp-content\/uploads\/2025\/10\/WhatsApp-Image-2025-10-03-at-20.25.30.jpeg","datePublished":"2025-10-03T23:26:37+00:00","dateModified":"2025-10-03T23:33:25+00:00","breadcrumb":{"@id":"https:\/\/soldadoadrianojose.com.br\/index.php\/2025\/10\/03\/mais-mobilidade-na-saude-de-ourizona-com-apoio-do-deputado-adriano-jose\/#breadcrumb"},"inLanguage":"pt-BR","potentialAction":[{"@type":"ReadAction","target":["https:\/\/soldadoadrianojose.com.br\/index.php\/2025\/10\/03\/mais-mobilidade-na-saude-de-ourizona-com-apoio-do-deputado-adriano-jose\/"]}]},{"@type":"ImageObject","inLanguage":"pt-BR","@id":"https:\/\/soldadoadrianojose.com.br\/index.php\/2025\/10\/03\/mais-mobilidade-na-saude-de-ourizona-com-apoio-do-deputado-adriano-jose\/#primaryimage","url":"https:\/\/soldadoadrianojose.com.br\/wp-content\/uploads\/2025\/10\/WhatsApp-Image-2025-10-03-at-20.25.30.jpeg","contentUrl":"https:\/\/soldadoadrianojose.com.br\/wp-content\/uploads\/2025\/10\/WhatsApp-Image-2025-10-03-at-20.25.30.jpeg","width":1600,"height":1200},{"@type":"BreadcrumbList","@id":"https:\/\/soldadoadrianojose.com.br\/index.php\/2025\/10\/03\/mais-mobilidade-na-saude-de-ourizona-com-apoio-do-deputado-adriano-jose\/#breadcrumb","itemListElement":[{"@type":"ListItem","position":1,"name":"In\u00edcio","item":"https:\/\/soldadoadrianojose.com.br\/"},{"@type":"ListItem","position":2,"name":"Deputado Adriano Jos\u00e9 entrega mais dois ve\u00edculos para melhorar a mobilidade na Sa\u00fade em Ourizona"}]},{"@type":"WebSite","@id":"https:\/\/soldadoadrianojose.com.br\/#website","url":"https:\/\/soldadoadrianojose.com.br\/","name":"Deputado Adriano Jos\u00e9","description":"Nosso trabalho \u00e9 pelas pessoas","publisher":{"@id":"https:\/\/soldadoadrianojose.com.br\/#\/schema\/person\/16f8e8defb7a4bd6c6082efcd1bdb6bb"},"potentialAction":[{"@type":"SearchAction","target":{"@type":"EntryPoint","urlTemplate":"https:\/\/soldadoadrianojose.com.br\/?s={search_term_string}"},"query-input":{"@type":"PropertyValueSpecification","valueRequired":true,"valueName":"search_term_string"}}],"inLanguage":"pt-BR"},{"@type":["Person","Organization"],"@id":"https:\/\/soldadoadrianojose.com.br\/#\/schema\/person\/16f8e8defb7a4bd6c6082efcd1bdb6bb","name":"soldadoadrianojose","image":{"@type":"ImageObject","inLanguage":"pt-BR","@id":"https:\/\/soldadoadrianojose.com.br\/wp-content\/uploads\/2023\/02\/LOGO_CLEAR-5.png","url":"https:\/\/soldadoadrianojose.com.br\/wp-content\/uploads\/2023\/02\/LOGO_CLEAR-5.png","contentUrl":"https:\/\/soldadoadrianojose.com.br\/wp-content\/uploads\/2023\/02\/LOGO_CLEAR-5.png","width":3508,"height":998,"caption":"soldadoadrianojose"},"logo":{"@id":"https:\/\/soldadoadrianojose.com.br\/wp-content\/uploads\/2023\/02\/LOGO_CLEAR-5.png"},"sameAs":["https:\/\/soldadoadrianojose.com.br"]},{"@type":"Person","@id":"https:\/\/soldadoadrianojose.com.br\/#\/schema\/person\/cd48425bd7edd36fa5917c88fbe1cec5","name":"Emanuellig admin2","image":{"@type":"ImageObject","inLanguage":"pt-BR","@id":"https:\/\/soldadoadrianojose.com.br\/wp-content\/litespeed\/avatar\/235a59a115f40132a17fc909e61bc31d.jpg?ver=1777092356","url":"https:\/\/soldadoadrianojose.com.br\/wp-content\/litespeed\/avatar\/235a59a115f40132a17fc909e61bc31d.jpg?ver=1777092356","contentUrl":"https:\/\/soldadoadrianojose.com.br\/wp-content\/litespeed\/avatar\/235a59a115f40132a17fc909e61bc31d.jpg?ver=1777092356","caption":"Emanuellig admin2"},"url":"https:\/\/soldadoadrianojose.com.br\/index.php\/author\/manu\/"}]}},"jetpack_featured_media_url":"https:\/\/soldadoadrianojose.com.br\/wp-content\/uploads\/2025\/10\/WhatsApp-Image-2025-10-03-at-20.25.30.jpeg","_links":{"self":[{"href":"https:\/\/soldadoadrianojose.com.br\/index.php\/wp-json\/wp\/v2\/posts\/3483","targetHints":{"allow":["GET"]}}],"collection":[{"href":"https:\/\/soldadoadrianojose.com.br\/index.php\/wp-json\/wp\/v2\/posts"}],"about":[{"href":"https:\/\/soldadoadrianojose.com.br\/index.php\/wp-json\/wp\/v2\/types\/post"}],"author":[{"embeddable":true,"href":"https:\/\/soldadoadrianojose.com.br\/index.php\/wp-json\/wp\/v2\/users\/3"}],"replies":[{"embeddable":true,"href":"https:\/\/soldadoadrianojose.com.br\/index.php\/wp-json\/wp\/v2\/comments?post=3483"}],"version-history":[{"count":2,"href":"https:\/\/soldadoadrianojose.com.br\/index.php\/wp-json\/wp\/v2\/posts\/3483\/revisions"}],"predecessor-version":[{"id":3491,"href":"https:\/\/soldadoadrianojose.com.br\/index.php\/wp-json\/wp\/v2\/posts\/3483\/revisions\/3491"}],"wp:featuredmedia":[{"embeddable":true,"href":"https:\/\/soldadoadrianojose.com.br\/index.php\/wp-json\/wp\/v2\/media\/3489"}],"wp:attachment":[{"href":"https:\/\/soldadoadrianojose.com.br\/index.php\/wp-json\/wp\/v2\/media?parent=3483"}],"wp:term":[{"taxonomy":"category","embeddable":true,"href":"https:\/\/soldadoadrianojose.com.br\/index.php\/wp-json\/wp\/v2\/categories?post=3483"},{"taxonomy":"post_tag","embeddable":true,"href":"https:\/\/soldadoadrianojose.com.br\/index.php\/wp-json\/wp\/v2\/tags?post=3483"}],"curies":[{"name":"wp","href":"https:\/\/api.w.org\/{rel}","templated":true}]}}