{"id":3496,"date":"2025-10-07T18:08:24","date_gmt":"2025-10-07T21:08:24","guid":{"rendered":"https:\/\/soldadoadrianojose.com.br\/?p=3496"},"modified":"2025-10-07T18:08:24","modified_gmt":"2025-10-07T21:08:24","slug":"trabalho-e-resultados-adriano-jose-destaca-avancos-de-marialva-em-cafe-com-a-prefeita-flavia-cheroni","status":"publish","type":"post","link":"https:\/\/soldadoadrianojose.com.br\/index.php\/2025\/10\/07\/trabalho-e-resultados-adriano-jose-destaca-avancos-de-marialva-em-cafe-com-a-prefeita-flavia-cheroni\/","title":{"rendered":"Trabalho e resultados: Adriano Jos\u00e9 destaca avan\u00e7os de Marialva em caf\u00e9 com a prefeita Fl\u00e1via Cheroni"},"content":{"rendered":"\n<p><br><br>Durante o programa Conex\u00e3o, no \u00faltimo dia 4 de outubro, o deputado Adriano Jos\u00e9 e a prefeita de Marialva, Fl\u00e1via Cheroni, participaram de uma conversa marcada por reconhecimento, gratid\u00e3o e compromisso com o desenvolvimento do munic\u00edpio. O parlamentar destacou o trabalho incans\u00e1vel da prefeita e do vice-prefeito subtenente Wanderlei, elogiando o empenho e a dedica\u00e7\u00e3o da dupla na busca por melhorias para a cidade. \u201cTodas as vezes que encontro a prefeita, ela est\u00e1 trabalhando, participando de encontros e levando as demandas de Marialva aos \u00f3rg\u00e3os do Estado\u201d, afirmou o deputado.<br><br>Professora h\u00e1 30 anos e pedagoga de forma\u00e7\u00e3o, Fl\u00e1via contou que tem vivido uma nova experi\u00eancia \u00e0 frente da administra\u00e7\u00e3o municipal. Segundo ela, cada desafio na pol\u00edtica tem sido uma oportunidade de aprendizado e crescimento. \u201c\u00c9 uma experi\u00eancia que acrescenta sabedoria e nos ensina a cada dia. Tenho gostado muito dessa miss\u00e3o\u201d, destacou.<br><br>Durante a conversa, a prefeita ressaltou o apoio do governador Ratinho J\u00fanior e o olhar municipalista do Governo do Estado, que tem garantido importantes investimentos para Marialva. Entre as conquistas, est\u00e1 o an\u00fancio da implanta\u00e7\u00e3o de uma maternidade no munic\u00edpio, uma demanda antiga da popula\u00e7\u00e3o. \u201cApenas dez cidades do Paran\u00e1 receber\u00e3o maternidades, e uma delas ser\u00e1 Marialva. J\u00e1 iniciamos a parte documental e os laudos do terreno, e logo teremos o in\u00edcio dessa obra com a gra\u00e7a de Deus\u201d, comemorou.<br><br>O deputado Adriano Jos\u00e9 tamb\u00e9m destacou os recursos j\u00e1 liberados para a compra de maquin\u00e1rios agr\u00edcolas, pavimenta\u00e7\u00e3o urbana e pavimenta\u00e7\u00e3o rural, reconhecendo o empenho da prefeita em sair do gabinete e buscar resultados em Curitiba. \u201cAs coisas acontecem quando h\u00e1 trabalho, dedica\u00e7\u00e3o e presen\u00e7a. A prefeita Fl\u00e1via tem feito a li\u00e7\u00e3o de casa e mostrado que, com coragem e compromisso, Marialva segue avan\u00e7ando\u201d, concluiu o parlamentar.<br><br><strong>Assista a entrevista completa:<\/strong><\/p>\n\n\n\n<figure class=\"wp-block-embed is-type-video is-provider-youtube wp-block-embed-youtube wp-embed-aspect-16-9 wp-has-aspect-ratio\"><div class=\"wp-block-embed__wrapper\">\n<div  id=\"_ytid_10664\"  width=\"800\" height=\"450\"  data-origwidth=\"800\" data-origheight=\"450\" data-facadesrc=\"https:\/\/www.youtube.com\/embed\/2LHfnvYThH4?enablejsapi=1&#038;autoplay=0&#038;cc_load_policy=0&#038;cc_lang_pref=&#038;iv_load_policy=1&#038;loop=0&#038;rel=1&#038;fs=1&#038;playsinline=0&#038;autohide=2&#038;theme=dark&#038;color=red&#038;controls=1&#038;disablekb=0&#038;\" class=\"__youtube_prefs__ epyt-facade epyt-is-override  no-lazyload\" data-epautoplay=\"1\" ><img decoding=\"async\" data-spai-excluded=\"true\" class=\"epyt-facade-poster skip-lazy\" loading=\"lazy\"  alt=\"YouTube player\"  src=\"https:\/\/i.ytimg.com\/vi\/2LHfnvYThH4\/maxresdefault.jpg\"  \/><button class=\"epyt-facade-play\" aria-label=\"Play\"><svg data-no-lazy=\"1\" height=\"100%\" version=\"1.1\" viewBox=\"0 0 68 48\" width=\"100%\"><path class=\"ytp-large-play-button-bg\" d=\"M66.52,7.74c-0.78-2.93-2.49-5.41-5.42-6.19C55.79,.13,34,0,34,0S12.21,.13,6.9,1.55 C3.97,2.33,2.27,4.81,1.48,7.74C0.06,13.05,0,24,0,24s0.06,10.95,1.48,16.26c0.78,2.93,2.49,5.41,5.42,6.19 C12.21,47.87,34,48,34,48s21.79-0.13,27.1-1.55c2.93-0.78,4.64-3.26,5.42-6.19C67.94,34.95,68,24,68,24S67.94,13.05,66.52,7.74z\" fill=\"#f00\"><\/path><path d=\"M 45,24 27,14 27,34\" fill=\"#fff\"><\/path><\/svg><\/button><\/div>\n<\/div><\/figure>\n","protected":false},"excerpt":{"rendered":"<p>Durante o programa Conex\u00e3o, no \u00faltimo dia 4 de outubro, o deputado Adriano Jos\u00e9 e a prefeita de Marialva, Fl\u00e1via Cheroni, participaram de uma conversa marcada por reconhecimento, gratid\u00e3o e compromisso com o desenvolvimento do munic\u00edpio. O parlamentar destacou o trabalho incans\u00e1vel da prefeita e do vice-prefeito subtenente Wanderlei, elogiando o empenho e a dedica\u00e7\u00e3o [&hellip;]<\/p>\n","protected":false},"author":3,"featured_media":3505,"comment_status":"open","ping_status":"open","sticky":false,"template":"","format":"standard","meta":{"footnotes":""},"categories":[88],"tags":[],"class_list":["post-3496","post","type-post","status-publish","format-standard","has-post-thumbnail","hentry","category-programa-conexao"],"yoast_head":"<!-- This site is optimized with the Yoast SEO plugin v27.4 - https:\/\/yoast.com\/product\/yoast-seo-wordpress\/ -->\n<title>Trabalho e resultados: Adriano Jos\u00e9 destaca avan\u00e7os de Marialva em caf\u00e9 com a prefeita Fl\u00e1via Cheroni - Deputado Adriano Jos\u00e9<\/title>\n<meta name=\"robots\" content=\"index, follow, max-snippet:-1, max-image-preview:large, max-video-preview:-1\" \/>\n<link rel=\"canonical\" href=\"https:\/\/soldadoadrianojose.com.br\/index.php\/2025\/10\/07\/trabalho-e-resultados-adriano-jose-destaca-avancos-de-marialva-em-cafe-com-a-prefeita-flavia-cheroni\/\" \/>\n<meta property=\"og:locale\" content=\"pt_BR\" \/>\n<meta property=\"og:type\" content=\"article\" \/>\n<meta property=\"og:title\" content=\"Trabalho e resultados: Adriano Jos\u00e9 destaca avan\u00e7os de Marialva em caf\u00e9 com a prefeita Fl\u00e1via Cheroni - Deputado Adriano Jos\u00e9\" \/>\n<meta property=\"og:description\" content=\"Durante o programa Conex\u00e3o, no \u00faltimo dia 4 de outubro, o deputado Adriano Jos\u00e9 e a prefeita de Marialva, Fl\u00e1via Cheroni, participaram de uma conversa marcada por reconhecimento, gratid\u00e3o e compromisso com o desenvolvimento do munic\u00edpio. O parlamentar destacou o trabalho incans\u00e1vel da prefeita e do vice-prefeito subtenente Wanderlei, elogiando o empenho e a dedica\u00e7\u00e3o [&hellip;]\" \/>\n<meta property=\"og:url\" content=\"https:\/\/soldadoadrianojose.com.br\/index.php\/2025\/10\/07\/trabalho-e-resultados-adriano-jose-destaca-avancos-de-marialva-em-cafe-com-a-prefeita-flavia-cheroni\/\" \/>\n<meta property=\"og:site_name\" content=\"Deputado Adriano Jos\u00e9\" \/>\n<meta property=\"article:published_time\" content=\"2025-10-07T21:08:24+00:00\" \/>\n<meta property=\"og:image\" content=\"https:\/\/soldadoadrianojose.com.br\/wp-content\/uploads\/2025\/10\/WhatsApp-Image-2025-10-06-at-14.32.04.jpeg\" \/>\n\t<meta property=\"og:image:width\" content=\"1044\" \/>\n\t<meta property=\"og:image:height\" content=\"573\" \/>\n\t<meta property=\"og:image:type\" content=\"image\/jpeg\" \/>\n<meta name=\"author\" content=\"Emanuellig admin2\" \/>\n<meta name=\"twitter:card\" content=\"summary_large_image\" \/>\n<meta name=\"twitter:label1\" content=\"Escrito por\" \/>\n\t<meta name=\"twitter:data1\" content=\"Emanuellig admin2\" \/>\n\t<meta name=\"twitter:label2\" content=\"Est. tempo de leitura\" \/>\n\t<meta name=\"twitter:data2\" content=\"2 minutos\" \/>\n<script type=\"application\/ld+json\" class=\"yoast-schema-graph\">{\"@context\":\"https:\\\/\\\/schema.org\",\"@graph\":[{\"@type\":\"Article\",\"@id\":\"https:\\\/\\\/soldadoadrianojose.com.br\\\/index.php\\\/2025\\\/10\\\/07\\\/trabalho-e-resultados-adriano-jose-destaca-avancos-de-marialva-em-cafe-com-a-prefeita-flavia-cheroni\\\/#article\",\"isPartOf\":{\"@id\":\"https:\\\/\\\/soldadoadrianojose.com.br\\\/index.php\\\/2025\\\/10\\\/07\\\/trabalho-e-resultados-adriano-jose-destaca-avancos-de-marialva-em-cafe-com-a-prefeita-flavia-cheroni\\\/\"},\"author\":{\"name\":\"Emanuellig admin2\",\"@id\":\"https:\\\/\\\/soldadoadrianojose.com.br\\\/#\\\/schema\\\/person\\\/cd48425bd7edd36fa5917c88fbe1cec5\"},\"headline\":\"Trabalho e resultados: Adriano Jos\u00e9 destaca avan\u00e7os de Marialva em caf\u00e9 com a prefeita Fl\u00e1via Cheroni\",\"datePublished\":\"2025-10-07T21:08:24+00:00\",\"mainEntityOfPage\":{\"@id\":\"https:\\\/\\\/soldadoadrianojose.com.br\\\/index.php\\\/2025\\\/10\\\/07\\\/trabalho-e-resultados-adriano-jose-destaca-avancos-de-marialva-em-cafe-com-a-prefeita-flavia-cheroni\\\/\"},\"wordCount\":346,\"commentCount\":0,\"publisher\":{\"@id\":\"https:\\\/\\\/soldadoadrianojose.com.br\\\/#\\\/schema\\\/person\\\/16f8e8defb7a4bd6c6082efcd1bdb6bb\"},\"image\":{\"@id\":\"https:\\\/\\\/soldadoadrianojose.com.br\\\/index.php\\\/2025\\\/10\\\/07\\\/trabalho-e-resultados-adriano-jose-destaca-avancos-de-marialva-em-cafe-com-a-prefeita-flavia-cheroni\\\/#primaryimage\"},\"thumbnailUrl\":\"https:\\\/\\\/soldadoadrianojose.com.br\\\/wp-content\\\/uploads\\\/2025\\\/10\\\/WhatsApp-Image-2025-10-06-at-14.32.04.jpeg\",\"articleSection\":[\"PROGRAMA CONEX\u00c3O\"],\"inLanguage\":\"pt-BR\",\"potentialAction\":[{\"@type\":\"CommentAction\",\"name\":\"Comment\",\"target\":[\"https:\\\/\\\/soldadoadrianojose.com.br\\\/index.php\\\/2025\\\/10\\\/07\\\/trabalho-e-resultados-adriano-jose-destaca-avancos-de-marialva-em-cafe-com-a-prefeita-flavia-cheroni\\\/#respond\"]}]},{\"@type\":\"WebPage\",\"@id\":\"https:\\\/\\\/soldadoadrianojose.com.br\\\/index.php\\\/2025\\\/10\\\/07\\\/trabalho-e-resultados-adriano-jose-destaca-avancos-de-marialva-em-cafe-com-a-prefeita-flavia-cheroni\\\/\",\"url\":\"https:\\\/\\\/soldadoadrianojose.com.br\\\/index.php\\\/2025\\\/10\\\/07\\\/trabalho-e-resultados-adriano-jose-destaca-avancos-de-marialva-em-cafe-com-a-prefeita-flavia-cheroni\\\/\",\"name\":\"Trabalho e resultados: Adriano Jos\u00e9 destaca avan\u00e7os de Marialva em caf\u00e9 com a prefeita Fl\u00e1via Cheroni - Deputado Adriano Jos\u00e9\",\"isPartOf\":{\"@id\":\"https:\\\/\\\/soldadoadrianojose.com.br\\\/#website\"},\"primaryImageOfPage\":{\"@id\":\"https:\\\/\\\/soldadoadrianojose.com.br\\\/index.php\\\/2025\\\/10\\\/07\\\/trabalho-e-resultados-adriano-jose-destaca-avancos-de-marialva-em-cafe-com-a-prefeita-flavia-cheroni\\\/#primaryimage\"},\"image\":{\"@id\":\"https:\\\/\\\/soldadoadrianojose.com.br\\\/index.php\\\/2025\\\/10\\\/07\\\/trabalho-e-resultados-adriano-jose-destaca-avancos-de-marialva-em-cafe-com-a-prefeita-flavia-cheroni\\\/#primaryimage\"},\"thumbnailUrl\":\"https:\\\/\\\/soldadoadrianojose.com.br\\\/wp-content\\\/uploads\\\/2025\\\/10\\\/WhatsApp-Image-2025-10-06-at-14.32.04.jpeg\",\"datePublished\":\"2025-10-07T21:08:24+00:00\",\"breadcrumb\":{\"@id\":\"https:\\\/\\\/soldadoadrianojose.com.br\\\/index.php\\\/2025\\\/10\\\/07\\\/trabalho-e-resultados-adriano-jose-destaca-avancos-de-marialva-em-cafe-com-a-prefeita-flavia-cheroni\\\/#breadcrumb\"},\"inLanguage\":\"pt-BR\",\"potentialAction\":[{\"@type\":\"ReadAction\",\"target\":[\"https:\\\/\\\/soldadoadrianojose.com.br\\\/index.php\\\/2025\\\/10\\\/07\\\/trabalho-e-resultados-adriano-jose-destaca-avancos-de-marialva-em-cafe-com-a-prefeita-flavia-cheroni\\\/\"]}]},{\"@type\":\"ImageObject\",\"inLanguage\":\"pt-BR\",\"@id\":\"https:\\\/\\\/soldadoadrianojose.com.br\\\/index.php\\\/2025\\\/10\\\/07\\\/trabalho-e-resultados-adriano-jose-destaca-avancos-de-marialva-em-cafe-com-a-prefeita-flavia-cheroni\\\/#primaryimage\",\"url\":\"https:\\\/\\\/soldadoadrianojose.com.br\\\/wp-content\\\/uploads\\\/2025\\\/10\\\/WhatsApp-Image-2025-10-06-at-14.32.04.jpeg\",\"contentUrl\":\"https:\\\/\\\/soldadoadrianojose.com.br\\\/wp-content\\\/uploads\\\/2025\\\/10\\\/WhatsApp-Image-2025-10-06-at-14.32.04.jpeg\",\"width\":1044,\"height\":573},{\"@type\":\"BreadcrumbList\",\"@id\":\"https:\\\/\\\/soldadoadrianojose.com.br\\\/index.php\\\/2025\\\/10\\\/07\\\/trabalho-e-resultados-adriano-jose-destaca-avancos-de-marialva-em-cafe-com-a-prefeita-flavia-cheroni\\\/#breadcrumb\",\"itemListElement\":[{\"@type\":\"ListItem\",\"position\":1,\"name\":\"In\u00edcio\",\"item\":\"https:\\\/\\\/soldadoadrianojose.com.br\\\/\"},{\"@type\":\"ListItem\",\"position\":2,\"name\":\"Trabalho e resultados: Adriano Jos\u00e9 destaca avan\u00e7os de Marialva em caf\u00e9 com a prefeita Fl\u00e1via Cheroni\"}]},{\"@type\":\"WebSite\",\"@id\":\"https:\\\/\\\/soldadoadrianojose.com.br\\\/#website\",\"url\":\"https:\\\/\\\/soldadoadrianojose.com.br\\\/\",\"name\":\"Deputado Adriano Jos\u00e9\",\"description\":\"Nosso trabalho \u00e9 pelas pessoas\",\"publisher\":{\"@id\":\"https:\\\/\\\/soldadoadrianojose.com.br\\\/#\\\/schema\\\/person\\\/16f8e8defb7a4bd6c6082efcd1bdb6bb\"},\"potentialAction\":[{\"@type\":\"SearchAction\",\"target\":{\"@type\":\"EntryPoint\",\"urlTemplate\":\"https:\\\/\\\/soldadoadrianojose.com.br\\\/?s={search_term_string}\"},\"query-input\":{\"@type\":\"PropertyValueSpecification\",\"valueRequired\":true,\"valueName\":\"search_term_string\"}}],\"inLanguage\":\"pt-BR\"},{\"@type\":[\"Person\",\"Organization\"],\"@id\":\"https:\\\/\\\/soldadoadrianojose.com.br\\\/#\\\/schema\\\/person\\\/16f8e8defb7a4bd6c6082efcd1bdb6bb\",\"name\":\"soldadoadrianojose\",\"image\":{\"@type\":\"ImageObject\",\"inLanguage\":\"pt-BR\",\"@id\":\"https:\\\/\\\/soldadoadrianojose.com.br\\\/wp-content\\\/uploads\\\/2023\\\/02\\\/LOGO_CLEAR-5.png\",\"url\":\"https:\\\/\\\/soldadoadrianojose.com.br\\\/wp-content\\\/uploads\\\/2023\\\/02\\\/LOGO_CLEAR-5.png\",\"contentUrl\":\"https:\\\/\\\/soldadoadrianojose.com.br\\\/wp-content\\\/uploads\\\/2023\\\/02\\\/LOGO_CLEAR-5.png\",\"width\":3508,\"height\":998,\"caption\":\"soldadoadrianojose\"},\"logo\":{\"@id\":\"https:\\\/\\\/soldadoadrianojose.com.br\\\/wp-content\\\/uploads\\\/2023\\\/02\\\/LOGO_CLEAR-5.png\"},\"sameAs\":[\"https:\\\/\\\/soldadoadrianojose.com.br\"]},{\"@type\":\"Person\",\"@id\":\"https:\\\/\\\/soldadoadrianojose.com.br\\\/#\\\/schema\\\/person\\\/cd48425bd7edd36fa5917c88fbe1cec5\",\"name\":\"Emanuellig admin2\",\"image\":{\"@type\":\"ImageObject\",\"inLanguage\":\"pt-BR\",\"@id\":\"https:\\\/\\\/soldadoadrianojose.com.br\\\/wp-content\\\/litespeed\\\/avatar\\\/235a59a115f40132a17fc909e61bc31d.jpg?ver=1777092356\",\"url\":\"https:\\\/\\\/soldadoadrianojose.com.br\\\/wp-content\\\/litespeed\\\/avatar\\\/235a59a115f40132a17fc909e61bc31d.jpg?ver=1777092356\",\"contentUrl\":\"https:\\\/\\\/soldadoadrianojose.com.br\\\/wp-content\\\/litespeed\\\/avatar\\\/235a59a115f40132a17fc909e61bc31d.jpg?ver=1777092356\",\"caption\":\"Emanuellig admin2\"},\"url\":\"https:\\\/\\\/soldadoadrianojose.com.br\\\/index.php\\\/author\\\/manu\\\/\"}]}<\/script>\n<!-- \/ Yoast SEO plugin. -->","yoast_head_json":{"title":"Trabalho e resultados: Adriano Jos\u00e9 destaca avan\u00e7os de Marialva em caf\u00e9 com a prefeita Fl\u00e1via Cheroni - Deputado Adriano Jos\u00e9","robots":{"index":"index","follow":"follow","max-snippet":"max-snippet:-1","max-image-preview":"max-image-preview:large","max-video-preview":"max-video-preview:-1"},"canonical":"https:\/\/soldadoadrianojose.com.br\/index.php\/2025\/10\/07\/trabalho-e-resultados-adriano-jose-destaca-avancos-de-marialva-em-cafe-com-a-prefeita-flavia-cheroni\/","og_locale":"pt_BR","og_type":"article","og_title":"Trabalho e resultados: Adriano Jos\u00e9 destaca avan\u00e7os de Marialva em caf\u00e9 com a prefeita Fl\u00e1via Cheroni - Deputado Adriano Jos\u00e9","og_description":"Durante o programa Conex\u00e3o, no \u00faltimo dia 4 de outubro, o deputado Adriano Jos\u00e9 e a prefeita de Marialva, Fl\u00e1via Cheroni, participaram de uma conversa marcada por reconhecimento, gratid\u00e3o e compromisso com o desenvolvimento do munic\u00edpio. O parlamentar destacou o trabalho incans\u00e1vel da prefeita e do vice-prefeito subtenente Wanderlei, elogiando o empenho e a dedica\u00e7\u00e3o [&hellip;]","og_url":"https:\/\/soldadoadrianojose.com.br\/index.php\/2025\/10\/07\/trabalho-e-resultados-adriano-jose-destaca-avancos-de-marialva-em-cafe-com-a-prefeita-flavia-cheroni\/","og_site_name":"Deputado Adriano Jos\u00e9","article_published_time":"2025-10-07T21:08:24+00:00","og_image":[{"width":1044,"height":573,"url":"https:\/\/soldadoadrianojose.com.br\/wp-content\/uploads\/2025\/10\/WhatsApp-Image-2025-10-06-at-14.32.04.jpeg","type":"image\/jpeg"}],"author":"Emanuellig admin2","twitter_card":"summary_large_image","twitter_misc":{"Escrito por":"Emanuellig admin2","Est. tempo de leitura":"2 minutos"},"schema":{"@context":"https:\/\/schema.org","@graph":[{"@type":"Article","@id":"https:\/\/soldadoadrianojose.com.br\/index.php\/2025\/10\/07\/trabalho-e-resultados-adriano-jose-destaca-avancos-de-marialva-em-cafe-com-a-prefeita-flavia-cheroni\/#article","isPartOf":{"@id":"https:\/\/soldadoadrianojose.com.br\/index.php\/2025\/10\/07\/trabalho-e-resultados-adriano-jose-destaca-avancos-de-marialva-em-cafe-com-a-prefeita-flavia-cheroni\/"},"author":{"name":"Emanuellig admin2","@id":"https:\/\/soldadoadrianojose.com.br\/#\/schema\/person\/cd48425bd7edd36fa5917c88fbe1cec5"},"headline":"Trabalho e resultados: Adriano Jos\u00e9 destaca avan\u00e7os de Marialva em caf\u00e9 com a prefeita Fl\u00e1via Cheroni","datePublished":"2025-10-07T21:08:24+00:00","mainEntityOfPage":{"@id":"https:\/\/soldadoadrianojose.com.br\/index.php\/2025\/10\/07\/trabalho-e-resultados-adriano-jose-destaca-avancos-de-marialva-em-cafe-com-a-prefeita-flavia-cheroni\/"},"wordCount":346,"commentCount":0,"publisher":{"@id":"https:\/\/soldadoadrianojose.com.br\/#\/schema\/person\/16f8e8defb7a4bd6c6082efcd1bdb6bb"},"image":{"@id":"https:\/\/soldadoadrianojose.com.br\/index.php\/2025\/10\/07\/trabalho-e-resultados-adriano-jose-destaca-avancos-de-marialva-em-cafe-com-a-prefeita-flavia-cheroni\/#primaryimage"},"thumbnailUrl":"https:\/\/soldadoadrianojose.com.br\/wp-content\/uploads\/2025\/10\/WhatsApp-Image-2025-10-06-at-14.32.04.jpeg","articleSection":["PROGRAMA CONEX\u00c3O"],"inLanguage":"pt-BR","potentialAction":[{"@type":"CommentAction","name":"Comment","target":["https:\/\/soldadoadrianojose.com.br\/index.php\/2025\/10\/07\/trabalho-e-resultados-adriano-jose-destaca-avancos-de-marialva-em-cafe-com-a-prefeita-flavia-cheroni\/#respond"]}]},{"@type":"WebPage","@id":"https:\/\/soldadoadrianojose.com.br\/index.php\/2025\/10\/07\/trabalho-e-resultados-adriano-jose-destaca-avancos-de-marialva-em-cafe-com-a-prefeita-flavia-cheroni\/","url":"https:\/\/soldadoadrianojose.com.br\/index.php\/2025\/10\/07\/trabalho-e-resultados-adriano-jose-destaca-avancos-de-marialva-em-cafe-com-a-prefeita-flavia-cheroni\/","name":"Trabalho e resultados: Adriano Jos\u00e9 destaca avan\u00e7os de Marialva em caf\u00e9 com a prefeita Fl\u00e1via Cheroni - Deputado Adriano Jos\u00e9","isPartOf":{"@id":"https:\/\/soldadoadrianojose.com.br\/#website"},"primaryImageOfPage":{"@id":"https:\/\/soldadoadrianojose.com.br\/index.php\/2025\/10\/07\/trabalho-e-resultados-adriano-jose-destaca-avancos-de-marialva-em-cafe-com-a-prefeita-flavia-cheroni\/#primaryimage"},"image":{"@id":"https:\/\/soldadoadrianojose.com.br\/index.php\/2025\/10\/07\/trabalho-e-resultados-adriano-jose-destaca-avancos-de-marialva-em-cafe-com-a-prefeita-flavia-cheroni\/#primaryimage"},"thumbnailUrl":"https:\/\/soldadoadrianojose.com.br\/wp-content\/uploads\/2025\/10\/WhatsApp-Image-2025-10-06-at-14.32.04.jpeg","datePublished":"2025-10-07T21:08:24+00:00","breadcrumb":{"@id":"https:\/\/soldadoadrianojose.com.br\/index.php\/2025\/10\/07\/trabalho-e-resultados-adriano-jose-destaca-avancos-de-marialva-em-cafe-com-a-prefeita-flavia-cheroni\/#breadcrumb"},"inLanguage":"pt-BR","potentialAction":[{"@type":"ReadAction","target":["https:\/\/soldadoadrianojose.com.br\/index.php\/2025\/10\/07\/trabalho-e-resultados-adriano-jose-destaca-avancos-de-marialva-em-cafe-com-a-prefeita-flavia-cheroni\/"]}]},{"@type":"ImageObject","inLanguage":"pt-BR","@id":"https:\/\/soldadoadrianojose.com.br\/index.php\/2025\/10\/07\/trabalho-e-resultados-adriano-jose-destaca-avancos-de-marialva-em-cafe-com-a-prefeita-flavia-cheroni\/#primaryimage","url":"https:\/\/soldadoadrianojose.com.br\/wp-content\/uploads\/2025\/10\/WhatsApp-Image-2025-10-06-at-14.32.04.jpeg","contentUrl":"https:\/\/soldadoadrianojose.com.br\/wp-content\/uploads\/2025\/10\/WhatsApp-Image-2025-10-06-at-14.32.04.jpeg","width":1044,"height":573},{"@type":"BreadcrumbList","@id":"https:\/\/soldadoadrianojose.com.br\/index.php\/2025\/10\/07\/trabalho-e-resultados-adriano-jose-destaca-avancos-de-marialva-em-cafe-com-a-prefeita-flavia-cheroni\/#breadcrumb","itemListElement":[{"@type":"ListItem","position":1,"name":"In\u00edcio","item":"https:\/\/soldadoadrianojose.com.br\/"},{"@type":"ListItem","position":2,"name":"Trabalho e resultados: Adriano Jos\u00e9 destaca avan\u00e7os de Marialva em caf\u00e9 com a prefeita Fl\u00e1via Cheroni"}]},{"@type":"WebSite","@id":"https:\/\/soldadoadrianojose.com.br\/#website","url":"https:\/\/soldadoadrianojose.com.br\/","name":"Deputado Adriano Jos\u00e9","description":"Nosso trabalho \u00e9 pelas pessoas","publisher":{"@id":"https:\/\/soldadoadrianojose.com.br\/#\/schema\/person\/16f8e8defb7a4bd6c6082efcd1bdb6bb"},"potentialAction":[{"@type":"SearchAction","target":{"@type":"EntryPoint","urlTemplate":"https:\/\/soldadoadrianojose.com.br\/?s={search_term_string}"},"query-input":{"@type":"PropertyValueSpecification","valueRequired":true,"valueName":"search_term_string"}}],"inLanguage":"pt-BR"},{"@type":["Person","Organization"],"@id":"https:\/\/soldadoadrianojose.com.br\/#\/schema\/person\/16f8e8defb7a4bd6c6082efcd1bdb6bb","name":"soldadoadrianojose","image":{"@type":"ImageObject","inLanguage":"pt-BR","@id":"https:\/\/soldadoadrianojose.com.br\/wp-content\/uploads\/2023\/02\/LOGO_CLEAR-5.png","url":"https:\/\/soldadoadrianojose.com.br\/wp-content\/uploads\/2023\/02\/LOGO_CLEAR-5.png","contentUrl":"https:\/\/soldadoadrianojose.com.br\/wp-content\/uploads\/2023\/02\/LOGO_CLEAR-5.png","width":3508,"height":998,"caption":"soldadoadrianojose"},"logo":{"@id":"https:\/\/soldadoadrianojose.com.br\/wp-content\/uploads\/2023\/02\/LOGO_CLEAR-5.png"},"sameAs":["https:\/\/soldadoadrianojose.com.br"]},{"@type":"Person","@id":"https:\/\/soldadoadrianojose.com.br\/#\/schema\/person\/cd48425bd7edd36fa5917c88fbe1cec5","name":"Emanuellig admin2","image":{"@type":"ImageObject","inLanguage":"pt-BR","@id":"https:\/\/soldadoadrianojose.com.br\/wp-content\/litespeed\/avatar\/235a59a115f40132a17fc909e61bc31d.jpg?ver=1777092356","url":"https:\/\/soldadoadrianojose.com.br\/wp-content\/litespeed\/avatar\/235a59a115f40132a17fc909e61bc31d.jpg?ver=1777092356","contentUrl":"https:\/\/soldadoadrianojose.com.br\/wp-content\/litespeed\/avatar\/235a59a115f40132a17fc909e61bc31d.jpg?ver=1777092356","caption":"Emanuellig admin2"},"url":"https:\/\/soldadoadrianojose.com.br\/index.php\/author\/manu\/"}]}},"jetpack_featured_media_url":"https:\/\/soldadoadrianojose.com.br\/wp-content\/uploads\/2025\/10\/WhatsApp-Image-2025-10-06-at-14.32.04.jpeg","_links":{"self":[{"href":"https:\/\/soldadoadrianojose.com.br\/index.php\/wp-json\/wp\/v2\/posts\/3496","targetHints":{"allow":["GET"]}}],"collection":[{"href":"https:\/\/soldadoadrianojose.com.br\/index.php\/wp-json\/wp\/v2\/posts"}],"about":[{"href":"https:\/\/soldadoadrianojose.com.br\/index.php\/wp-json\/wp\/v2\/types\/post"}],"author":[{"embeddable":true,"href":"https:\/\/soldadoadrianojose.com.br\/index.php\/wp-json\/wp\/v2\/users\/3"}],"replies":[{"embeddable":true,"href":"https:\/\/soldadoadrianojose.com.br\/index.php\/wp-json\/wp\/v2\/comments?post=3496"}],"version-history":[{"count":1,"href":"https:\/\/soldadoadrianojose.com.br\/index.php\/wp-json\/wp\/v2\/posts\/3496\/revisions"}],"predecessor-version":[{"id":3497,"href":"https:\/\/soldadoadrianojose.com.br\/index.php\/wp-json\/wp\/v2\/posts\/3496\/revisions\/3497"}],"wp:featuredmedia":[{"embeddable":true,"href":"https:\/\/soldadoadrianojose.com.br\/index.php\/wp-json\/wp\/v2\/media\/3505"}],"wp:attachment":[{"href":"https:\/\/soldadoadrianojose.com.br\/index.php\/wp-json\/wp\/v2\/media?parent=3496"}],"wp:term":[{"taxonomy":"category","embeddable":true,"href":"https:\/\/soldadoadrianojose.com.br\/index.php\/wp-json\/wp\/v2\/categories?post=3496"},{"taxonomy":"post_tag","embeddable":true,"href":"https:\/\/soldadoadrianojose.com.br\/index.php\/wp-json\/wp\/v2\/tags?post=3496"}],"curies":[{"name":"wp","href":"https:\/\/api.w.org\/{rel}","templated":true}]}}