{"id":3509,"date":"2025-10-08T14:48:55","date_gmt":"2025-10-08T17:48:55","guid":{"rendered":"https:\/\/soldadoadrianojose.com.br\/?p=3509"},"modified":"2025-10-08T14:53:53","modified_gmt":"2025-10-08T17:53:53","slug":"heroismo-que-inspira-adriano-jose-enaltece-os-113-anos-do-corpo-de-bombeiros-do-parana-e-a-inauguracao-da-nova-escola-superior-militar","status":"publish","type":"post","link":"https:\/\/soldadoadrianojose.com.br\/index.php\/2025\/10\/08\/heroismo-que-inspira-adriano-jose-enaltece-os-113-anos-do-corpo-de-bombeiros-do-parana-e-a-inauguracao-da-nova-escola-superior-militar\/","title":{"rendered":"Hero\u00edsmo que inspira: Adriano Jos\u00e9 enaltece os 113 anos do Corpo de Bombeiros do Paran\u00e1 e a inaugura\u00e7\u00e3o da nova Escola Superior Militar"},"content":{"rendered":"\n<p>O Corpo de Bombeiros Militar do Paran\u00e1 (CBMPR) celebrou nesta quarta-feira (8) seus 113 anos de funda\u00e7\u00e3o com uma formatura militar e a inaugura\u00e7\u00e3o da Escola Superior de Bombeiro Militar (ESBM), em cerim\u00f4nia realizada na Academia Militar do Guatup\u00ea, em S\u00e3o Jos\u00e9 dos Pinhais. O evento marcou o in\u00edcio de uma programa\u00e7\u00e3o especial que se estender\u00e1 por todo o m\u00eas de outubro, com atividades voltadas \u00e0 comunidade e celebra\u00e7\u00f5es que refor\u00e7am o papel essencial da corpora\u00e7\u00e3o na prote\u00e7\u00e3o da vida e no servi\u00e7o \u00e0 sociedade paranaense.<br><\/p>\n\n\n\n<p>Presidente da Comiss\u00e3o de Seguran\u00e7a P\u00fablica da Assembleia Legislativa do Paran\u00e1, o deputado estadual Adriano Jos\u00e9 destacou a import\u00e2ncia da data e o reconhecimento \u00e0 trajet\u00f3ria da corpora\u00e7\u00e3o. \u201cO Corpo de Bombeiros do Paran\u00e1 \u00e9 s\u00edmbolo de coragem, preparo e dedica\u00e7\u00e3o. Cada bombeiro militar representa o compromisso de salvar vidas e servir com excel\u00eancia. A inaugura\u00e7\u00e3o da Escola Superior \u00e9 mais um passo na consolida\u00e7\u00e3o dessa hist\u00f3ria de hero\u00edsmo e profissionalismo que orgulha todos os paranaenses\u201d, afirmou o parlamentar.<\/p>\n\n\n\n<p>Entre os destaques da programa\u00e7\u00e3o est\u00e3o apresenta\u00e7\u00f5es t\u00e9cnico-profissionais na Boca Maldita, em Curitiba, e uma grande a\u00e7\u00e3o no Parque Barigui, com demonstra\u00e7\u00f5es, atra\u00e7\u00f5es para fam\u00edlias e intera\u00e7\u00e3o direta com bombeiros militares. Al\u00e9m das atividades comemorativas, a inaugura\u00e7\u00e3o da ESBM representa um marco para a corpora\u00e7\u00e3o, pois permitir\u00e1 a forma\u00e7\u00e3o de profissionais ainda mais capacitados, fortalecendo o compromisso com a excel\u00eancia no atendimento \u00e0 popula\u00e7\u00e3o.<br><\/p>\n\n\n\n<p><br><\/p>\n\n\n\n<figure class=\"wp-block-image size-full\"><img decoding=\"async\" src=\"https:\/\/soldadoadrianojose.com.br\/wp-content\/uploads\/2025\/10\/3_incendios_vegetacao-1.png\" alt=\"Foto: CBMPR\" class=\"wp-image-3511\"\/><\/figure>\n\n\n\n<p>Fundado em 1912, o Corpo de Bombeiros do Paran\u00e1 consolidou-se como refer\u00eancia nacional em salvamento e resposta a emerg\u00eancias. Nos \u00faltimos anos, a corpora\u00e7\u00e3o tem ampliado sua estrutura e modernizado seus equipamentos, com destaque para a cria\u00e7\u00e3o da Unidade A\u00e9rea dos Bombeiros, que conta com o helic\u00f3ptero Arcanjo 01, e a incorpora\u00e7\u00e3o de tecnologias como o sonar subaqu\u00e1tico side scan, capaz de gerar imagens 3D de alta fidelidade. Desde 2022, com a conquista da independ\u00eancia administrativa, o CBMPR refor\u00e7a ainda mais sua atua\u00e7\u00e3o aut\u00f4noma e especializada em prol da seguran\u00e7a e bem-estar dos paranaenses.<\/p>\n","protected":false},"excerpt":{"rendered":"<p>Foto: CBMPR<\/p>\n","protected":false},"author":3,"featured_media":3510,"comment_status":"open","ping_status":"open","sticky":false,"template":"","format":"standard","meta":{"footnotes":""},"categories":[1],"tags":[],"class_list":["post-3509","post","type-post","status-publish","format-standard","has-post-thumbnail","hentry","category-gabinete-sd"],"yoast_head":"<!-- This site is optimized with the Yoast SEO plugin v27.4 - https:\/\/yoast.com\/product\/yoast-seo-wordpress\/ -->\n<title>Hero\u00edsmo que inspira: Adriano Jos\u00e9 enaltece os 113 anos do Corpo de Bombeiros do Paran\u00e1 e a inaugura\u00e7\u00e3o da nova Escola Superior Militar - Deputado Adriano Jos\u00e9<\/title>\n<meta name=\"robots\" content=\"index, follow, max-snippet:-1, max-image-preview:large, max-video-preview:-1\" \/>\n<link rel=\"canonical\" href=\"https:\/\/soldadoadrianojose.com.br\/index.php\/2025\/10\/08\/heroismo-que-inspira-adriano-jose-enaltece-os-113-anos-do-corpo-de-bombeiros-do-parana-e-a-inauguracao-da-nova-escola-superior-militar\/\" \/>\n<meta property=\"og:locale\" content=\"pt_BR\" \/>\n<meta property=\"og:type\" content=\"article\" \/>\n<meta property=\"og:title\" content=\"Hero\u00edsmo que inspira: Adriano Jos\u00e9 enaltece os 113 anos do Corpo de Bombeiros do Paran\u00e1 e a inaugura\u00e7\u00e3o da nova Escola Superior Militar - Deputado Adriano Jos\u00e9\" \/>\n<meta property=\"og:description\" content=\"Foto: CBMPR\" \/>\n<meta property=\"og:url\" content=\"https:\/\/soldadoadrianojose.com.br\/index.php\/2025\/10\/08\/heroismo-que-inspira-adriano-jose-enaltece-os-113-anos-do-corpo-de-bombeiros-do-parana-e-a-inauguracao-da-nova-escola-superior-militar\/\" \/>\n<meta property=\"og:site_name\" content=\"Deputado Adriano Jos\u00e9\" \/>\n<meta property=\"article:published_time\" content=\"2025-10-08T17:48:55+00:00\" \/>\n<meta property=\"article:modified_time\" content=\"2025-10-08T17:53:53+00:00\" \/>\n<meta property=\"og:image\" content=\"https:\/\/soldadoadrianojose.com.br\/wp-content\/uploads\/2025\/10\/3_incendios_vegetacao.png\" \/>\n\t<meta property=\"og:image:width\" content=\"1\" \/>\n\t<meta property=\"og:image:height\" content=\"1\" \/>\n\t<meta property=\"og:image:type\" content=\"image\/png\" \/>\n<meta name=\"author\" content=\"Emanuellig admin2\" \/>\n<meta name=\"twitter:card\" content=\"summary_large_image\" \/>\n<meta name=\"twitter:label1\" content=\"Escrito por\" \/>\n\t<meta name=\"twitter:data1\" content=\"Emanuellig admin2\" \/>\n\t<meta name=\"twitter:label2\" content=\"Est. tempo de leitura\" \/>\n\t<meta name=\"twitter:data2\" content=\"3 minutos\" \/>\n<script type=\"application\/ld+json\" class=\"yoast-schema-graph\">{\"@context\":\"https:\\\/\\\/schema.org\",\"@graph\":[{\"@type\":\"Article\",\"@id\":\"https:\\\/\\\/soldadoadrianojose.com.br\\\/index.php\\\/2025\\\/10\\\/08\\\/heroismo-que-inspira-adriano-jose-enaltece-os-113-anos-do-corpo-de-bombeiros-do-parana-e-a-inauguracao-da-nova-escola-superior-militar\\\/#article\",\"isPartOf\":{\"@id\":\"https:\\\/\\\/soldadoadrianojose.com.br\\\/index.php\\\/2025\\\/10\\\/08\\\/heroismo-que-inspira-adriano-jose-enaltece-os-113-anos-do-corpo-de-bombeiros-do-parana-e-a-inauguracao-da-nova-escola-superior-militar\\\/\"},\"author\":{\"name\":\"Emanuellig admin2\",\"@id\":\"https:\\\/\\\/soldadoadrianojose.com.br\\\/#\\\/schema\\\/person\\\/cd48425bd7edd36fa5917c88fbe1cec5\"},\"headline\":\"Hero\u00edsmo que inspira: Adriano Jos\u00e9 enaltece os 113 anos do Corpo de Bombeiros do Paran\u00e1 e a inaugura\u00e7\u00e3o da nova Escola Superior Militar\",\"datePublished\":\"2025-10-08T17:48:55+00:00\",\"dateModified\":\"2025-10-08T17:53:53+00:00\",\"mainEntityOfPage\":{\"@id\":\"https:\\\/\\\/soldadoadrianojose.com.br\\\/index.php\\\/2025\\\/10\\\/08\\\/heroismo-que-inspira-adriano-jose-enaltece-os-113-anos-do-corpo-de-bombeiros-do-parana-e-a-inauguracao-da-nova-escola-superior-militar\\\/\"},\"wordCount\":389,\"commentCount\":0,\"publisher\":{\"@id\":\"https:\\\/\\\/soldadoadrianojose.com.br\\\/#\\\/schema\\\/person\\\/16f8e8defb7a4bd6c6082efcd1bdb6bb\"},\"image\":{\"@id\":\"https:\\\/\\\/soldadoadrianojose.com.br\\\/index.php\\\/2025\\\/10\\\/08\\\/heroismo-que-inspira-adriano-jose-enaltece-os-113-anos-do-corpo-de-bombeiros-do-parana-e-a-inauguracao-da-nova-escola-superior-militar\\\/#primaryimage\"},\"thumbnailUrl\":\"https:\\\/\\\/soldadoadrianojose.com.br\\\/wp-content\\\/uploads\\\/2025\\\/10\\\/3_incendios_vegetacao.png\",\"articleSection\":[\"GABINETE SD\"],\"inLanguage\":\"pt-BR\",\"potentialAction\":[{\"@type\":\"CommentAction\",\"name\":\"Comment\",\"target\":[\"https:\\\/\\\/soldadoadrianojose.com.br\\\/index.php\\\/2025\\\/10\\\/08\\\/heroismo-que-inspira-adriano-jose-enaltece-os-113-anos-do-corpo-de-bombeiros-do-parana-e-a-inauguracao-da-nova-escola-superior-militar\\\/#respond\"]}]},{\"@type\":\"WebPage\",\"@id\":\"https:\\\/\\\/soldadoadrianojose.com.br\\\/index.php\\\/2025\\\/10\\\/08\\\/heroismo-que-inspira-adriano-jose-enaltece-os-113-anos-do-corpo-de-bombeiros-do-parana-e-a-inauguracao-da-nova-escola-superior-militar\\\/\",\"url\":\"https:\\\/\\\/soldadoadrianojose.com.br\\\/index.php\\\/2025\\\/10\\\/08\\\/heroismo-que-inspira-adriano-jose-enaltece-os-113-anos-do-corpo-de-bombeiros-do-parana-e-a-inauguracao-da-nova-escola-superior-militar\\\/\",\"name\":\"Hero\u00edsmo que inspira: Adriano Jos\u00e9 enaltece os 113 anos do Corpo de Bombeiros do Paran\u00e1 e a inaugura\u00e7\u00e3o da nova Escola Superior Militar - Deputado Adriano Jos\u00e9\",\"isPartOf\":{\"@id\":\"https:\\\/\\\/soldadoadrianojose.com.br\\\/#website\"},\"primaryImageOfPage\":{\"@id\":\"https:\\\/\\\/soldadoadrianojose.com.br\\\/index.php\\\/2025\\\/10\\\/08\\\/heroismo-que-inspira-adriano-jose-enaltece-os-113-anos-do-corpo-de-bombeiros-do-parana-e-a-inauguracao-da-nova-escola-superior-militar\\\/#primaryimage\"},\"image\":{\"@id\":\"https:\\\/\\\/soldadoadrianojose.com.br\\\/index.php\\\/2025\\\/10\\\/08\\\/heroismo-que-inspira-adriano-jose-enaltece-os-113-anos-do-corpo-de-bombeiros-do-parana-e-a-inauguracao-da-nova-escola-superior-militar\\\/#primaryimage\"},\"thumbnailUrl\":\"https:\\\/\\\/soldadoadrianojose.com.br\\\/wp-content\\\/uploads\\\/2025\\\/10\\\/3_incendios_vegetacao.png\",\"datePublished\":\"2025-10-08T17:48:55+00:00\",\"dateModified\":\"2025-10-08T17:53:53+00:00\",\"breadcrumb\":{\"@id\":\"https:\\\/\\\/soldadoadrianojose.com.br\\\/index.php\\\/2025\\\/10\\\/08\\\/heroismo-que-inspira-adriano-jose-enaltece-os-113-anos-do-corpo-de-bombeiros-do-parana-e-a-inauguracao-da-nova-escola-superior-militar\\\/#breadcrumb\"},\"inLanguage\":\"pt-BR\",\"potentialAction\":[{\"@type\":\"ReadAction\",\"target\":[\"https:\\\/\\\/soldadoadrianojose.com.br\\\/index.php\\\/2025\\\/10\\\/08\\\/heroismo-que-inspira-adriano-jose-enaltece-os-113-anos-do-corpo-de-bombeiros-do-parana-e-a-inauguracao-da-nova-escola-superior-militar\\\/\"]}]},{\"@type\":\"ImageObject\",\"inLanguage\":\"pt-BR\",\"@id\":\"https:\\\/\\\/soldadoadrianojose.com.br\\\/index.php\\\/2025\\\/10\\\/08\\\/heroismo-que-inspira-adriano-jose-enaltece-os-113-anos-do-corpo-de-bombeiros-do-parana-e-a-inauguracao-da-nova-escola-superior-militar\\\/#primaryimage\",\"url\":\"https:\\\/\\\/soldadoadrianojose.com.br\\\/wp-content\\\/uploads\\\/2025\\\/10\\\/3_incendios_vegetacao.png\",\"contentUrl\":\"https:\\\/\\\/soldadoadrianojose.com.br\\\/wp-content\\\/uploads\\\/2025\\\/10\\\/3_incendios_vegetacao.png\"},{\"@type\":\"BreadcrumbList\",\"@id\":\"https:\\\/\\\/soldadoadrianojose.com.br\\\/index.php\\\/2025\\\/10\\\/08\\\/heroismo-que-inspira-adriano-jose-enaltece-os-113-anos-do-corpo-de-bombeiros-do-parana-e-a-inauguracao-da-nova-escola-superior-militar\\\/#breadcrumb\",\"itemListElement\":[{\"@type\":\"ListItem\",\"position\":1,\"name\":\"In\u00edcio\",\"item\":\"https:\\\/\\\/soldadoadrianojose.com.br\\\/\"},{\"@type\":\"ListItem\",\"position\":2,\"name\":\"Hero\u00edsmo que inspira: Adriano Jos\u00e9 enaltece os 113 anos do Corpo de Bombeiros do Paran\u00e1 e a inaugura\u00e7\u00e3o da nova Escola Superior Militar\"}]},{\"@type\":\"WebSite\",\"@id\":\"https:\\\/\\\/soldadoadrianojose.com.br\\\/#website\",\"url\":\"https:\\\/\\\/soldadoadrianojose.com.br\\\/\",\"name\":\"Deputado Adriano Jos\u00e9\",\"description\":\"Nosso trabalho \u00e9 pelas pessoas\",\"publisher\":{\"@id\":\"https:\\\/\\\/soldadoadrianojose.com.br\\\/#\\\/schema\\\/person\\\/16f8e8defb7a4bd6c6082efcd1bdb6bb\"},\"potentialAction\":[{\"@type\":\"SearchAction\",\"target\":{\"@type\":\"EntryPoint\",\"urlTemplate\":\"https:\\\/\\\/soldadoadrianojose.com.br\\\/?s={search_term_string}\"},\"query-input\":{\"@type\":\"PropertyValueSpecification\",\"valueRequired\":true,\"valueName\":\"search_term_string\"}}],\"inLanguage\":\"pt-BR\"},{\"@type\":[\"Person\",\"Organization\"],\"@id\":\"https:\\\/\\\/soldadoadrianojose.com.br\\\/#\\\/schema\\\/person\\\/16f8e8defb7a4bd6c6082efcd1bdb6bb\",\"name\":\"soldadoadrianojose\",\"image\":{\"@type\":\"ImageObject\",\"inLanguage\":\"pt-BR\",\"@id\":\"https:\\\/\\\/soldadoadrianojose.com.br\\\/wp-content\\\/uploads\\\/2023\\\/02\\\/LOGO_CLEAR-5.png\",\"url\":\"https:\\\/\\\/soldadoadrianojose.com.br\\\/wp-content\\\/uploads\\\/2023\\\/02\\\/LOGO_CLEAR-5.png\",\"contentUrl\":\"https:\\\/\\\/soldadoadrianojose.com.br\\\/wp-content\\\/uploads\\\/2023\\\/02\\\/LOGO_CLEAR-5.png\",\"width\":3508,\"height\":998,\"caption\":\"soldadoadrianojose\"},\"logo\":{\"@id\":\"https:\\\/\\\/soldadoadrianojose.com.br\\\/wp-content\\\/uploads\\\/2023\\\/02\\\/LOGO_CLEAR-5.png\"},\"sameAs\":[\"https:\\\/\\\/soldadoadrianojose.com.br\"]},{\"@type\":\"Person\",\"@id\":\"https:\\\/\\\/soldadoadrianojose.com.br\\\/#\\\/schema\\\/person\\\/cd48425bd7edd36fa5917c88fbe1cec5\",\"name\":\"Emanuellig admin2\",\"image\":{\"@type\":\"ImageObject\",\"inLanguage\":\"pt-BR\",\"@id\":\"https:\\\/\\\/soldadoadrianojose.com.br\\\/wp-content\\\/litespeed\\\/avatar\\\/235a59a115f40132a17fc909e61bc31d.jpg?ver=1777092356\",\"url\":\"https:\\\/\\\/soldadoadrianojose.com.br\\\/wp-content\\\/litespeed\\\/avatar\\\/235a59a115f40132a17fc909e61bc31d.jpg?ver=1777092356\",\"contentUrl\":\"https:\\\/\\\/soldadoadrianojose.com.br\\\/wp-content\\\/litespeed\\\/avatar\\\/235a59a115f40132a17fc909e61bc31d.jpg?ver=1777092356\",\"caption\":\"Emanuellig admin2\"},\"url\":\"https:\\\/\\\/soldadoadrianojose.com.br\\\/index.php\\\/author\\\/manu\\\/\"}]}<\/script>\n<!-- \/ Yoast SEO plugin. -->","yoast_head_json":{"title":"Hero\u00edsmo que inspira: Adriano Jos\u00e9 enaltece os 113 anos do Corpo de Bombeiros do Paran\u00e1 e a inaugura\u00e7\u00e3o da nova Escola Superior Militar - Deputado Adriano Jos\u00e9","robots":{"index":"index","follow":"follow","max-snippet":"max-snippet:-1","max-image-preview":"max-image-preview:large","max-video-preview":"max-video-preview:-1"},"canonical":"https:\/\/soldadoadrianojose.com.br\/index.php\/2025\/10\/08\/heroismo-que-inspira-adriano-jose-enaltece-os-113-anos-do-corpo-de-bombeiros-do-parana-e-a-inauguracao-da-nova-escola-superior-militar\/","og_locale":"pt_BR","og_type":"article","og_title":"Hero\u00edsmo que inspira: Adriano Jos\u00e9 enaltece os 113 anos do Corpo de Bombeiros do Paran\u00e1 e a inaugura\u00e7\u00e3o da nova Escola Superior Militar - Deputado Adriano Jos\u00e9","og_description":"Foto: CBMPR","og_url":"https:\/\/soldadoadrianojose.com.br\/index.php\/2025\/10\/08\/heroismo-que-inspira-adriano-jose-enaltece-os-113-anos-do-corpo-de-bombeiros-do-parana-e-a-inauguracao-da-nova-escola-superior-militar\/","og_site_name":"Deputado Adriano Jos\u00e9","article_published_time":"2025-10-08T17:48:55+00:00","article_modified_time":"2025-10-08T17:53:53+00:00","og_image":[{"url":"https:\/\/soldadoadrianojose.com.br\/wp-content\/uploads\/2025\/10\/3_incendios_vegetacao.png","width":1,"height":1,"type":"image\/png"}],"author":"Emanuellig admin2","twitter_card":"summary_large_image","twitter_misc":{"Escrito por":"Emanuellig admin2","Est. tempo de leitura":"3 minutos"},"schema":{"@context":"https:\/\/schema.org","@graph":[{"@type":"Article","@id":"https:\/\/soldadoadrianojose.com.br\/index.php\/2025\/10\/08\/heroismo-que-inspira-adriano-jose-enaltece-os-113-anos-do-corpo-de-bombeiros-do-parana-e-a-inauguracao-da-nova-escola-superior-militar\/#article","isPartOf":{"@id":"https:\/\/soldadoadrianojose.com.br\/index.php\/2025\/10\/08\/heroismo-que-inspira-adriano-jose-enaltece-os-113-anos-do-corpo-de-bombeiros-do-parana-e-a-inauguracao-da-nova-escola-superior-militar\/"},"author":{"name":"Emanuellig admin2","@id":"https:\/\/soldadoadrianojose.com.br\/#\/schema\/person\/cd48425bd7edd36fa5917c88fbe1cec5"},"headline":"Hero\u00edsmo que inspira: Adriano Jos\u00e9 enaltece os 113 anos do Corpo de Bombeiros do Paran\u00e1 e a inaugura\u00e7\u00e3o da nova Escola Superior Militar","datePublished":"2025-10-08T17:48:55+00:00","dateModified":"2025-10-08T17:53:53+00:00","mainEntityOfPage":{"@id":"https:\/\/soldadoadrianojose.com.br\/index.php\/2025\/10\/08\/heroismo-que-inspira-adriano-jose-enaltece-os-113-anos-do-corpo-de-bombeiros-do-parana-e-a-inauguracao-da-nova-escola-superior-militar\/"},"wordCount":389,"commentCount":0,"publisher":{"@id":"https:\/\/soldadoadrianojose.com.br\/#\/schema\/person\/16f8e8defb7a4bd6c6082efcd1bdb6bb"},"image":{"@id":"https:\/\/soldadoadrianojose.com.br\/index.php\/2025\/10\/08\/heroismo-que-inspira-adriano-jose-enaltece-os-113-anos-do-corpo-de-bombeiros-do-parana-e-a-inauguracao-da-nova-escola-superior-militar\/#primaryimage"},"thumbnailUrl":"https:\/\/soldadoadrianojose.com.br\/wp-content\/uploads\/2025\/10\/3_incendios_vegetacao.png","articleSection":["GABINETE SD"],"inLanguage":"pt-BR","potentialAction":[{"@type":"CommentAction","name":"Comment","target":["https:\/\/soldadoadrianojose.com.br\/index.php\/2025\/10\/08\/heroismo-que-inspira-adriano-jose-enaltece-os-113-anos-do-corpo-de-bombeiros-do-parana-e-a-inauguracao-da-nova-escola-superior-militar\/#respond"]}]},{"@type":"WebPage","@id":"https:\/\/soldadoadrianojose.com.br\/index.php\/2025\/10\/08\/heroismo-que-inspira-adriano-jose-enaltece-os-113-anos-do-corpo-de-bombeiros-do-parana-e-a-inauguracao-da-nova-escola-superior-militar\/","url":"https:\/\/soldadoadrianojose.com.br\/index.php\/2025\/10\/08\/heroismo-que-inspira-adriano-jose-enaltece-os-113-anos-do-corpo-de-bombeiros-do-parana-e-a-inauguracao-da-nova-escola-superior-militar\/","name":"Hero\u00edsmo que inspira: Adriano Jos\u00e9 enaltece os 113 anos do Corpo de Bombeiros do Paran\u00e1 e a inaugura\u00e7\u00e3o da nova Escola Superior Militar - Deputado Adriano Jos\u00e9","isPartOf":{"@id":"https:\/\/soldadoadrianojose.com.br\/#website"},"primaryImageOfPage":{"@id":"https:\/\/soldadoadrianojose.com.br\/index.php\/2025\/10\/08\/heroismo-que-inspira-adriano-jose-enaltece-os-113-anos-do-corpo-de-bombeiros-do-parana-e-a-inauguracao-da-nova-escola-superior-militar\/#primaryimage"},"image":{"@id":"https:\/\/soldadoadrianojose.com.br\/index.php\/2025\/10\/08\/heroismo-que-inspira-adriano-jose-enaltece-os-113-anos-do-corpo-de-bombeiros-do-parana-e-a-inauguracao-da-nova-escola-superior-militar\/#primaryimage"},"thumbnailUrl":"https:\/\/soldadoadrianojose.com.br\/wp-content\/uploads\/2025\/10\/3_incendios_vegetacao.png","datePublished":"2025-10-08T17:48:55+00:00","dateModified":"2025-10-08T17:53:53+00:00","breadcrumb":{"@id":"https:\/\/soldadoadrianojose.com.br\/index.php\/2025\/10\/08\/heroismo-que-inspira-adriano-jose-enaltece-os-113-anos-do-corpo-de-bombeiros-do-parana-e-a-inauguracao-da-nova-escola-superior-militar\/#breadcrumb"},"inLanguage":"pt-BR","potentialAction":[{"@type":"ReadAction","target":["https:\/\/soldadoadrianojose.com.br\/index.php\/2025\/10\/08\/heroismo-que-inspira-adriano-jose-enaltece-os-113-anos-do-corpo-de-bombeiros-do-parana-e-a-inauguracao-da-nova-escola-superior-militar\/"]}]},{"@type":"ImageObject","inLanguage":"pt-BR","@id":"https:\/\/soldadoadrianojose.com.br\/index.php\/2025\/10\/08\/heroismo-que-inspira-adriano-jose-enaltece-os-113-anos-do-corpo-de-bombeiros-do-parana-e-a-inauguracao-da-nova-escola-superior-militar\/#primaryimage","url":"https:\/\/soldadoadrianojose.com.br\/wp-content\/uploads\/2025\/10\/3_incendios_vegetacao.png","contentUrl":"https:\/\/soldadoadrianojose.com.br\/wp-content\/uploads\/2025\/10\/3_incendios_vegetacao.png"},{"@type":"BreadcrumbList","@id":"https:\/\/soldadoadrianojose.com.br\/index.php\/2025\/10\/08\/heroismo-que-inspira-adriano-jose-enaltece-os-113-anos-do-corpo-de-bombeiros-do-parana-e-a-inauguracao-da-nova-escola-superior-militar\/#breadcrumb","itemListElement":[{"@type":"ListItem","position":1,"name":"In\u00edcio","item":"https:\/\/soldadoadrianojose.com.br\/"},{"@type":"ListItem","position":2,"name":"Hero\u00edsmo que inspira: Adriano Jos\u00e9 enaltece os 113 anos do Corpo de Bombeiros do Paran\u00e1 e a inaugura\u00e7\u00e3o da nova Escola Superior Militar"}]},{"@type":"WebSite","@id":"https:\/\/soldadoadrianojose.com.br\/#website","url":"https:\/\/soldadoadrianojose.com.br\/","name":"Deputado Adriano Jos\u00e9","description":"Nosso trabalho \u00e9 pelas pessoas","publisher":{"@id":"https:\/\/soldadoadrianojose.com.br\/#\/schema\/person\/16f8e8defb7a4bd6c6082efcd1bdb6bb"},"potentialAction":[{"@type":"SearchAction","target":{"@type":"EntryPoint","urlTemplate":"https:\/\/soldadoadrianojose.com.br\/?s={search_term_string}"},"query-input":{"@type":"PropertyValueSpecification","valueRequired":true,"valueName":"search_term_string"}}],"inLanguage":"pt-BR"},{"@type":["Person","Organization"],"@id":"https:\/\/soldadoadrianojose.com.br\/#\/schema\/person\/16f8e8defb7a4bd6c6082efcd1bdb6bb","name":"soldadoadrianojose","image":{"@type":"ImageObject","inLanguage":"pt-BR","@id":"https:\/\/soldadoadrianojose.com.br\/wp-content\/uploads\/2023\/02\/LOGO_CLEAR-5.png","url":"https:\/\/soldadoadrianojose.com.br\/wp-content\/uploads\/2023\/02\/LOGO_CLEAR-5.png","contentUrl":"https:\/\/soldadoadrianojose.com.br\/wp-content\/uploads\/2023\/02\/LOGO_CLEAR-5.png","width":3508,"height":998,"caption":"soldadoadrianojose"},"logo":{"@id":"https:\/\/soldadoadrianojose.com.br\/wp-content\/uploads\/2023\/02\/LOGO_CLEAR-5.png"},"sameAs":["https:\/\/soldadoadrianojose.com.br"]},{"@type":"Person","@id":"https:\/\/soldadoadrianojose.com.br\/#\/schema\/person\/cd48425bd7edd36fa5917c88fbe1cec5","name":"Emanuellig admin2","image":{"@type":"ImageObject","inLanguage":"pt-BR","@id":"https:\/\/soldadoadrianojose.com.br\/wp-content\/litespeed\/avatar\/235a59a115f40132a17fc909e61bc31d.jpg?ver=1777092356","url":"https:\/\/soldadoadrianojose.com.br\/wp-content\/litespeed\/avatar\/235a59a115f40132a17fc909e61bc31d.jpg?ver=1777092356","contentUrl":"https:\/\/soldadoadrianojose.com.br\/wp-content\/litespeed\/avatar\/235a59a115f40132a17fc909e61bc31d.jpg?ver=1777092356","caption":"Emanuellig admin2"},"url":"https:\/\/soldadoadrianojose.com.br\/index.php\/author\/manu\/"}]}},"jetpack_featured_media_url":"https:\/\/soldadoadrianojose.com.br\/wp-content\/uploads\/2025\/10\/3_incendios_vegetacao.png","_links":{"self":[{"href":"https:\/\/soldadoadrianojose.com.br\/index.php\/wp-json\/wp\/v2\/posts\/3509","targetHints":{"allow":["GET"]}}],"collection":[{"href":"https:\/\/soldadoadrianojose.com.br\/index.php\/wp-json\/wp\/v2\/posts"}],"about":[{"href":"https:\/\/soldadoadrianojose.com.br\/index.php\/wp-json\/wp\/v2\/types\/post"}],"author":[{"embeddable":true,"href":"https:\/\/soldadoadrianojose.com.br\/index.php\/wp-json\/wp\/v2\/users\/3"}],"replies":[{"embeddable":true,"href":"https:\/\/soldadoadrianojose.com.br\/index.php\/wp-json\/wp\/v2\/comments?post=3509"}],"version-history":[{"count":2,"href":"https:\/\/soldadoadrianojose.com.br\/index.php\/wp-json\/wp\/v2\/posts\/3509\/revisions"}],"predecessor-version":[{"id":3514,"href":"https:\/\/soldadoadrianojose.com.br\/index.php\/wp-json\/wp\/v2\/posts\/3509\/revisions\/3514"}],"wp:featuredmedia":[{"embeddable":true,"href":"https:\/\/soldadoadrianojose.com.br\/index.php\/wp-json\/wp\/v2\/media\/3510"}],"wp:attachment":[{"href":"https:\/\/soldadoadrianojose.com.br\/index.php\/wp-json\/wp\/v2\/media?parent=3509"}],"wp:term":[{"taxonomy":"category","embeddable":true,"href":"https:\/\/soldadoadrianojose.com.br\/index.php\/wp-json\/wp\/v2\/categories?post=3509"},{"taxonomy":"post_tag","embeddable":true,"href":"https:\/\/soldadoadrianojose.com.br\/index.php\/wp-json\/wp\/v2\/tags?post=3509"}],"curies":[{"name":"wp","href":"https:\/\/api.w.org\/{rel}","templated":true}]}}