{"id":3515,"date":"2025-10-09T20:24:16","date_gmt":"2025-10-09T23:24:16","guid":{"rendered":"https:\/\/soldadoadrianojose.com.br\/?p=3515"},"modified":"2025-10-10T08:58:02","modified_gmt":"2025-10-10T11:58:02","slug":"apos-20-anos-monte-carmelo-em-paicandu-tera-asfalto-conquista-e-celebrada-por-adriano-jose","status":"publish","type":"post","link":"https:\/\/soldadoadrianojose.com.br\/index.php\/2025\/10\/09\/apos-20-anos-monte-carmelo-em-paicandu-tera-asfalto-conquista-e-celebrada-por-adriano-jose\/","title":{"rendered":"Ap\u00f3s 20 anos, Monte Carmelo em Pai\u00e7andu ter\u00e1 asfalto: conquista \u00e9 celebrada pelo Deputado Adriano Jos\u00e9"},"content":{"rendered":"\n<p>O sonho das fam\u00edlias que vivem no bairro Monte Carmelo em Pai\u00e7andu, finalmente, come\u00e7a a se tornar realidade. Ap\u00f3s mais de duas d\u00e9cadas de espera, a pavimenta\u00e7\u00e3o das ruas foi confirmada, marcando um novo cap\u00edtulo para a comunidade. O an\u00fancio foi feito durante visita do deputado estadual Adriano Jos\u00e9, que destacou a import\u00e2ncia dessa conquista e o empenho conjunto que tornou o projeto poss\u00edvel.<br><\/p>\n\n\n\n<p>O investimento faz parte do programa Asfalto Novo, Vida Nova, do Governo do Estado, uma iniciativa do governador Ratinho J\u00fanior que vem transformando a infraestrutura urbana em diversos munic\u00edpios. Segundo Adriano Jos\u00e9, o recurso foi assegurado em reuni\u00e3o realizada no in\u00edcio do ano com o prefeito Ismael Batista, reafirmando o compromisso do Estado com a cidade. \u201cEsse \u00e9 um momento hist\u00f3rico, resultado de muito trabalho e perseveran\u00e7a\u201d, destacou o parlamentar.<br><\/p>\n\n\n\n<p>Durante o pronunciamento, Adriano Jos\u00e9, elogiou o empenho do chefe da Casa Civil, Ortega e o secret\u00e1rio das Cidades, Guto Silva, e fez quest\u00e3o de enaltecer o papel decisivo do prefeito Ismael Batista, bem como o apoio da lideran\u00e7a comunit\u00e1ria T\u00e2nia, do sargento Dominguinho, do presidente da C\u00e2mara dos Vereadores, Carlos Itaipu, dos vereadores Wesley da Borracharia e Douglas Enfermeiro, e do chefe de gabinete Tiago C\u00e9falo. \u201cSe tem algu\u00e9m que merece as honras por essa conquista \u00e9 o prefeito Ismael, que acreditou no projeto desde o in\u00edcio e conduziu com responsabilidade cada etapa\u201d, afirmou.<br><\/p>\n\n\n\n<p>O deputado tamb\u00e9m recordou a postura prudente do prefeito, que preferiu aguardar a conclus\u00e3o dos tr\u00e2mites legais antes de anunciar o investimento. \u201cEle me disse que n\u00e3o queria gerar falsas expectativas, e hoje vemos o resultado dessa seriedade. As quest\u00f5es burocr\u00e1ticas foram vencidas, e agora o recurso para a pavimenta\u00e7\u00e3o do Monte Carmelo est\u00e1 garantido. \u00c9 mais uma prova de que o trabalho conjunto, com transpar\u00eancia e dedica\u00e7\u00e3o, traz resultados concretos para a popula\u00e7\u00e3o\u201d, concluiu Adriano Jos\u00e9.<\/p>\n\n\n\n<figure class=\"wp-block-gallery has-nested-images columns-default is-cropped wp-block-gallery-1 is-layout-flex wp-block-gallery-is-layout-flex\">\n<figure class=\"wp-block-image size-large\"><img fetchpriority=\"high\" decoding=\"async\" width=\"1024\" height=\"768\" data-id=\"3524\" src=\"https:\/\/soldadoadrianojose.com.br\/wp-content\/uploads\/2025\/10\/WhatsApp-Image-2025-10-09-at-22.52.46-1-1024x768.jpeg\" alt=\"\" class=\"wp-image-3524\" srcset=\"https:\/\/soldadoadrianojose.com.br\/wp-content\/uploads\/2025\/10\/WhatsApp-Image-2025-10-09-at-22.52.46-1-1024x768.jpeg 1024w, https:\/\/soldadoadrianojose.com.br\/wp-content\/uploads\/2025\/10\/WhatsApp-Image-2025-10-09-at-22.52.46-1-300x225.jpeg 300w, https:\/\/soldadoadrianojose.com.br\/wp-content\/uploads\/2025\/10\/WhatsApp-Image-2025-10-09-at-22.52.46-1-768x576.jpeg 768w, https:\/\/soldadoadrianojose.com.br\/wp-content\/uploads\/2025\/10\/WhatsApp-Image-2025-10-09-at-22.52.46-1.jpeg 1280w\" sizes=\"(max-width: 1024px) 100vw, 1024px\" \/><\/figure>\n\n\n\n<figure class=\"wp-block-image size-large\"><img decoding=\"async\" width=\"1024\" height=\"768\" data-id=\"3525\" src=\"https:\/\/soldadoadrianojose.com.br\/wp-content\/uploads\/2025\/10\/WhatsApp-Image-2025-10-09-at-22.52.46-1024x768.jpeg\" alt=\"\" class=\"wp-image-3525\" srcset=\"https:\/\/soldadoadrianojose.com.br\/wp-content\/uploads\/2025\/10\/WhatsApp-Image-2025-10-09-at-22.52.46-1024x768.jpeg 1024w, https:\/\/soldadoadrianojose.com.br\/wp-content\/uploads\/2025\/10\/WhatsApp-Image-2025-10-09-at-22.52.46-300x225.jpeg 300w, https:\/\/soldadoadrianojose.com.br\/wp-content\/uploads\/2025\/10\/WhatsApp-Image-2025-10-09-at-22.52.46-768x576.jpeg 768w, https:\/\/soldadoadrianojose.com.br\/wp-content\/uploads\/2025\/10\/WhatsApp-Image-2025-10-09-at-22.52.46.jpeg 1280w\" sizes=\"(max-width: 1024px) 100vw, 1024px\" \/><\/figure>\n\n\n\n<figure class=\"wp-block-image size-large\"><img decoding=\"async\" width=\"1024\" height=\"768\" data-id=\"3526\" src=\"https:\/\/soldadoadrianojose.com.br\/wp-content\/uploads\/2025\/10\/WhatsApp-Image-2025-10-09-at-20.05.23-1-1024x768.jpeg\" alt=\"\" class=\"wp-image-3526\" srcset=\"https:\/\/soldadoadrianojose.com.br\/wp-content\/uploads\/2025\/10\/WhatsApp-Image-2025-10-09-at-20.05.23-1-1024x768.jpeg 1024w, https:\/\/soldadoadrianojose.com.br\/wp-content\/uploads\/2025\/10\/WhatsApp-Image-2025-10-09-at-20.05.23-1-300x225.jpeg 300w, https:\/\/soldadoadrianojose.com.br\/wp-content\/uploads\/2025\/10\/WhatsApp-Image-2025-10-09-at-20.05.23-1-768x576.jpeg 768w, https:\/\/soldadoadrianojose.com.br\/wp-content\/uploads\/2025\/10\/WhatsApp-Image-2025-10-09-at-20.05.23-1.jpeg 1280w\" sizes=\"(max-width: 1024px) 100vw, 1024px\" \/><\/figure>\n<\/figure>\n","protected":false},"excerpt":{"rendered":"<p>O sonho das fam\u00edlias que vivem no bairro Monte Carmelo em Pai\u00e7andu, finalmente, come\u00e7a a se tornar realidade. Ap\u00f3s mais de duas d\u00e9cadas de espera, a pavimenta\u00e7\u00e3o das ruas foi confirmada, marcando um novo cap\u00edtulo para a comunidade. O an\u00fancio foi feito durante visita do deputado estadual Adriano Jos\u00e9, que destacou a import\u00e2ncia dessa conquista [&hellip;]<\/p>\n","protected":false},"author":3,"featured_media":3521,"comment_status":"open","ping_status":"open","sticky":false,"template":"","format":"standard","meta":{"footnotes":""},"categories":[1],"tags":[],"class_list":["post-3515","post","type-post","status-publish","format-standard","has-post-thumbnail","hentry","category-gabinete-sd"],"yoast_head":"<!-- This site is optimized with the Yoast SEO plugin v27.4 - https:\/\/yoast.com\/product\/yoast-seo-wordpress\/ -->\n<title>Ap\u00f3s 20 anos, Monte Carmelo em Pai\u00e7andu ter\u00e1 asfalto: conquista \u00e9 celebrada pelo Deputado Adriano Jos\u00e9 - Deputado Adriano Jos\u00e9<\/title>\n<meta name=\"robots\" content=\"index, follow, max-snippet:-1, max-image-preview:large, max-video-preview:-1\" \/>\n<link rel=\"canonical\" href=\"https:\/\/soldadoadrianojose.com.br\/index.php\/2025\/10\/09\/apos-20-anos-monte-carmelo-em-paicandu-tera-asfalto-conquista-e-celebrada-por-adriano-jose\/\" \/>\n<meta property=\"og:locale\" content=\"pt_BR\" \/>\n<meta property=\"og:type\" content=\"article\" \/>\n<meta property=\"og:title\" content=\"Ap\u00f3s 20 anos, Monte Carmelo em Pai\u00e7andu ter\u00e1 asfalto: conquista \u00e9 celebrada pelo Deputado Adriano Jos\u00e9 - Deputado Adriano Jos\u00e9\" \/>\n<meta property=\"og:description\" content=\"O sonho das fam\u00edlias que vivem no bairro Monte Carmelo em Pai\u00e7andu, finalmente, come\u00e7a a se tornar realidade. Ap\u00f3s mais de duas d\u00e9cadas de espera, a pavimenta\u00e7\u00e3o das ruas foi confirmada, marcando um novo cap\u00edtulo para a comunidade. O an\u00fancio foi feito durante visita do deputado estadual Adriano Jos\u00e9, que destacou a import\u00e2ncia dessa conquista [&hellip;]\" \/>\n<meta property=\"og:url\" content=\"https:\/\/soldadoadrianojose.com.br\/index.php\/2025\/10\/09\/apos-20-anos-monte-carmelo-em-paicandu-tera-asfalto-conquista-e-celebrada-por-adriano-jose\/\" \/>\n<meta property=\"og:site_name\" content=\"Deputado Adriano Jos\u00e9\" \/>\n<meta property=\"article:published_time\" content=\"2025-10-09T23:24:16+00:00\" \/>\n<meta property=\"article:modified_time\" content=\"2025-10-10T11:58:02+00:00\" \/>\n<meta property=\"og:image\" content=\"https:\/\/soldadoadrianojose.com.br\/wp-content\/uploads\/2025\/10\/IMG-20251009-WA0065-scaled.jpg\" \/>\n\t<meta property=\"og:image:width\" content=\"2560\" \/>\n\t<meta property=\"og:image:height\" content=\"1920\" \/>\n\t<meta property=\"og:image:type\" content=\"image\/jpeg\" \/>\n<meta name=\"author\" content=\"Emanuellig admin2\" \/>\n<meta name=\"twitter:card\" content=\"summary_large_image\" \/>\n<meta name=\"twitter:label1\" content=\"Escrito por\" \/>\n\t<meta name=\"twitter:data1\" content=\"Emanuellig admin2\" \/>\n\t<meta name=\"twitter:label2\" content=\"Est. tempo de leitura\" \/>\n\t<meta name=\"twitter:data2\" content=\"3 minutos\" \/>\n<script type=\"application\/ld+json\" class=\"yoast-schema-graph\">{\"@context\":\"https:\\\/\\\/schema.org\",\"@graph\":[{\"@type\":\"Article\",\"@id\":\"https:\\\/\\\/soldadoadrianojose.com.br\\\/index.php\\\/2025\\\/10\\\/09\\\/apos-20-anos-monte-carmelo-em-paicandu-tera-asfalto-conquista-e-celebrada-por-adriano-jose\\\/#article\",\"isPartOf\":{\"@id\":\"https:\\\/\\\/soldadoadrianojose.com.br\\\/index.php\\\/2025\\\/10\\\/09\\\/apos-20-anos-monte-carmelo-em-paicandu-tera-asfalto-conquista-e-celebrada-por-adriano-jose\\\/\"},\"author\":{\"name\":\"Emanuellig admin2\",\"@id\":\"https:\\\/\\\/soldadoadrianojose.com.br\\\/#\\\/schema\\\/person\\\/cd48425bd7edd36fa5917c88fbe1cec5\"},\"headline\":\"Ap\u00f3s 20 anos, Monte Carmelo em Pai\u00e7andu ter\u00e1 asfalto: conquista \u00e9 celebrada pelo Deputado Adriano Jos\u00e9\",\"datePublished\":\"2025-10-09T23:24:16+00:00\",\"dateModified\":\"2025-10-10T11:58:02+00:00\",\"mainEntityOfPage\":{\"@id\":\"https:\\\/\\\/soldadoadrianojose.com.br\\\/index.php\\\/2025\\\/10\\\/09\\\/apos-20-anos-monte-carmelo-em-paicandu-tera-asfalto-conquista-e-celebrada-por-adriano-jose\\\/\"},\"wordCount\":354,\"commentCount\":0,\"publisher\":{\"@id\":\"https:\\\/\\\/soldadoadrianojose.com.br\\\/#\\\/schema\\\/person\\\/16f8e8defb7a4bd6c6082efcd1bdb6bb\"},\"image\":{\"@id\":\"https:\\\/\\\/soldadoadrianojose.com.br\\\/index.php\\\/2025\\\/10\\\/09\\\/apos-20-anos-monte-carmelo-em-paicandu-tera-asfalto-conquista-e-celebrada-por-adriano-jose\\\/#primaryimage\"},\"thumbnailUrl\":\"https:\\\/\\\/soldadoadrianojose.com.br\\\/wp-content\\\/uploads\\\/2025\\\/10\\\/IMG-20251009-WA0065-scaled.jpg\",\"articleSection\":[\"GABINETE SD\"],\"inLanguage\":\"pt-BR\",\"potentialAction\":[{\"@type\":\"CommentAction\",\"name\":\"Comment\",\"target\":[\"https:\\\/\\\/soldadoadrianojose.com.br\\\/index.php\\\/2025\\\/10\\\/09\\\/apos-20-anos-monte-carmelo-em-paicandu-tera-asfalto-conquista-e-celebrada-por-adriano-jose\\\/#respond\"]}]},{\"@type\":\"WebPage\",\"@id\":\"https:\\\/\\\/soldadoadrianojose.com.br\\\/index.php\\\/2025\\\/10\\\/09\\\/apos-20-anos-monte-carmelo-em-paicandu-tera-asfalto-conquista-e-celebrada-por-adriano-jose\\\/\",\"url\":\"https:\\\/\\\/soldadoadrianojose.com.br\\\/index.php\\\/2025\\\/10\\\/09\\\/apos-20-anos-monte-carmelo-em-paicandu-tera-asfalto-conquista-e-celebrada-por-adriano-jose\\\/\",\"name\":\"Ap\u00f3s 20 anos, Monte Carmelo em Pai\u00e7andu ter\u00e1 asfalto: conquista \u00e9 celebrada pelo Deputado Adriano Jos\u00e9 - Deputado Adriano Jos\u00e9\",\"isPartOf\":{\"@id\":\"https:\\\/\\\/soldadoadrianojose.com.br\\\/#website\"},\"primaryImageOfPage\":{\"@id\":\"https:\\\/\\\/soldadoadrianojose.com.br\\\/index.php\\\/2025\\\/10\\\/09\\\/apos-20-anos-monte-carmelo-em-paicandu-tera-asfalto-conquista-e-celebrada-por-adriano-jose\\\/#primaryimage\"},\"image\":{\"@id\":\"https:\\\/\\\/soldadoadrianojose.com.br\\\/index.php\\\/2025\\\/10\\\/09\\\/apos-20-anos-monte-carmelo-em-paicandu-tera-asfalto-conquista-e-celebrada-por-adriano-jose\\\/#primaryimage\"},\"thumbnailUrl\":\"https:\\\/\\\/soldadoadrianojose.com.br\\\/wp-content\\\/uploads\\\/2025\\\/10\\\/IMG-20251009-WA0065-scaled.jpg\",\"datePublished\":\"2025-10-09T23:24:16+00:00\",\"dateModified\":\"2025-10-10T11:58:02+00:00\",\"breadcrumb\":{\"@id\":\"https:\\\/\\\/soldadoadrianojose.com.br\\\/index.php\\\/2025\\\/10\\\/09\\\/apos-20-anos-monte-carmelo-em-paicandu-tera-asfalto-conquista-e-celebrada-por-adriano-jose\\\/#breadcrumb\"},\"inLanguage\":\"pt-BR\",\"potentialAction\":[{\"@type\":\"ReadAction\",\"target\":[\"https:\\\/\\\/soldadoadrianojose.com.br\\\/index.php\\\/2025\\\/10\\\/09\\\/apos-20-anos-monte-carmelo-em-paicandu-tera-asfalto-conquista-e-celebrada-por-adriano-jose\\\/\"]}]},{\"@type\":\"ImageObject\",\"inLanguage\":\"pt-BR\",\"@id\":\"https:\\\/\\\/soldadoadrianojose.com.br\\\/index.php\\\/2025\\\/10\\\/09\\\/apos-20-anos-monte-carmelo-em-paicandu-tera-asfalto-conquista-e-celebrada-por-adriano-jose\\\/#primaryimage\",\"url\":\"https:\\\/\\\/soldadoadrianojose.com.br\\\/wp-content\\\/uploads\\\/2025\\\/10\\\/IMG-20251009-WA0065-scaled.jpg\",\"contentUrl\":\"https:\\\/\\\/soldadoadrianojose.com.br\\\/wp-content\\\/uploads\\\/2025\\\/10\\\/IMG-20251009-WA0065-scaled.jpg\",\"width\":2560,\"height\":1920},{\"@type\":\"BreadcrumbList\",\"@id\":\"https:\\\/\\\/soldadoadrianojose.com.br\\\/index.php\\\/2025\\\/10\\\/09\\\/apos-20-anos-monte-carmelo-em-paicandu-tera-asfalto-conquista-e-celebrada-por-adriano-jose\\\/#breadcrumb\",\"itemListElement\":[{\"@type\":\"ListItem\",\"position\":1,\"name\":\"In\u00edcio\",\"item\":\"https:\\\/\\\/soldadoadrianojose.com.br\\\/\"},{\"@type\":\"ListItem\",\"position\":2,\"name\":\"Ap\u00f3s 20 anos, Monte Carmelo em Pai\u00e7andu ter\u00e1 asfalto: conquista \u00e9 celebrada pelo Deputado Adriano Jos\u00e9\"}]},{\"@type\":\"WebSite\",\"@id\":\"https:\\\/\\\/soldadoadrianojose.com.br\\\/#website\",\"url\":\"https:\\\/\\\/soldadoadrianojose.com.br\\\/\",\"name\":\"Deputado Adriano Jos\u00e9\",\"description\":\"Nosso trabalho \u00e9 pelas pessoas\",\"publisher\":{\"@id\":\"https:\\\/\\\/soldadoadrianojose.com.br\\\/#\\\/schema\\\/person\\\/16f8e8defb7a4bd6c6082efcd1bdb6bb\"},\"potentialAction\":[{\"@type\":\"SearchAction\",\"target\":{\"@type\":\"EntryPoint\",\"urlTemplate\":\"https:\\\/\\\/soldadoadrianojose.com.br\\\/?s={search_term_string}\"},\"query-input\":{\"@type\":\"PropertyValueSpecification\",\"valueRequired\":true,\"valueName\":\"search_term_string\"}}],\"inLanguage\":\"pt-BR\"},{\"@type\":[\"Person\",\"Organization\"],\"@id\":\"https:\\\/\\\/soldadoadrianojose.com.br\\\/#\\\/schema\\\/person\\\/16f8e8defb7a4bd6c6082efcd1bdb6bb\",\"name\":\"soldadoadrianojose\",\"image\":{\"@type\":\"ImageObject\",\"inLanguage\":\"pt-BR\",\"@id\":\"https:\\\/\\\/soldadoadrianojose.com.br\\\/wp-content\\\/uploads\\\/2023\\\/02\\\/LOGO_CLEAR-5.png\",\"url\":\"https:\\\/\\\/soldadoadrianojose.com.br\\\/wp-content\\\/uploads\\\/2023\\\/02\\\/LOGO_CLEAR-5.png\",\"contentUrl\":\"https:\\\/\\\/soldadoadrianojose.com.br\\\/wp-content\\\/uploads\\\/2023\\\/02\\\/LOGO_CLEAR-5.png\",\"width\":3508,\"height\":998,\"caption\":\"soldadoadrianojose\"},\"logo\":{\"@id\":\"https:\\\/\\\/soldadoadrianojose.com.br\\\/wp-content\\\/uploads\\\/2023\\\/02\\\/LOGO_CLEAR-5.png\"},\"sameAs\":[\"https:\\\/\\\/soldadoadrianojose.com.br\"]},{\"@type\":\"Person\",\"@id\":\"https:\\\/\\\/soldadoadrianojose.com.br\\\/#\\\/schema\\\/person\\\/cd48425bd7edd36fa5917c88fbe1cec5\",\"name\":\"Emanuellig admin2\",\"image\":{\"@type\":\"ImageObject\",\"inLanguage\":\"pt-BR\",\"@id\":\"https:\\\/\\\/soldadoadrianojose.com.br\\\/wp-content\\\/litespeed\\\/avatar\\\/235a59a115f40132a17fc909e61bc31d.jpg?ver=1777092356\",\"url\":\"https:\\\/\\\/soldadoadrianojose.com.br\\\/wp-content\\\/litespeed\\\/avatar\\\/235a59a115f40132a17fc909e61bc31d.jpg?ver=1777092356\",\"contentUrl\":\"https:\\\/\\\/soldadoadrianojose.com.br\\\/wp-content\\\/litespeed\\\/avatar\\\/235a59a115f40132a17fc909e61bc31d.jpg?ver=1777092356\",\"caption\":\"Emanuellig admin2\"},\"url\":\"https:\\\/\\\/soldadoadrianojose.com.br\\\/index.php\\\/author\\\/manu\\\/\"}]}<\/script>\n<!-- \/ Yoast SEO plugin. -->","yoast_head_json":{"title":"Ap\u00f3s 20 anos, Monte Carmelo em Pai\u00e7andu ter\u00e1 asfalto: conquista \u00e9 celebrada pelo Deputado Adriano Jos\u00e9 - Deputado Adriano Jos\u00e9","robots":{"index":"index","follow":"follow","max-snippet":"max-snippet:-1","max-image-preview":"max-image-preview:large","max-video-preview":"max-video-preview:-1"},"canonical":"https:\/\/soldadoadrianojose.com.br\/index.php\/2025\/10\/09\/apos-20-anos-monte-carmelo-em-paicandu-tera-asfalto-conquista-e-celebrada-por-adriano-jose\/","og_locale":"pt_BR","og_type":"article","og_title":"Ap\u00f3s 20 anos, Monte Carmelo em Pai\u00e7andu ter\u00e1 asfalto: conquista \u00e9 celebrada pelo Deputado Adriano Jos\u00e9 - Deputado Adriano Jos\u00e9","og_description":"O sonho das fam\u00edlias que vivem no bairro Monte Carmelo em Pai\u00e7andu, finalmente, come\u00e7a a se tornar realidade. Ap\u00f3s mais de duas d\u00e9cadas de espera, a pavimenta\u00e7\u00e3o das ruas foi confirmada, marcando um novo cap\u00edtulo para a comunidade. O an\u00fancio foi feito durante visita do deputado estadual Adriano Jos\u00e9, que destacou a import\u00e2ncia dessa conquista [&hellip;]","og_url":"https:\/\/soldadoadrianojose.com.br\/index.php\/2025\/10\/09\/apos-20-anos-monte-carmelo-em-paicandu-tera-asfalto-conquista-e-celebrada-por-adriano-jose\/","og_site_name":"Deputado Adriano Jos\u00e9","article_published_time":"2025-10-09T23:24:16+00:00","article_modified_time":"2025-10-10T11:58:02+00:00","og_image":[{"width":2560,"height":1920,"url":"https:\/\/soldadoadrianojose.com.br\/wp-content\/uploads\/2025\/10\/IMG-20251009-WA0065-scaled.jpg","type":"image\/jpeg"}],"author":"Emanuellig admin2","twitter_card":"summary_large_image","twitter_misc":{"Escrito por":"Emanuellig admin2","Est. tempo de leitura":"3 minutos"},"schema":{"@context":"https:\/\/schema.org","@graph":[{"@type":"Article","@id":"https:\/\/soldadoadrianojose.com.br\/index.php\/2025\/10\/09\/apos-20-anos-monte-carmelo-em-paicandu-tera-asfalto-conquista-e-celebrada-por-adriano-jose\/#article","isPartOf":{"@id":"https:\/\/soldadoadrianojose.com.br\/index.php\/2025\/10\/09\/apos-20-anos-monte-carmelo-em-paicandu-tera-asfalto-conquista-e-celebrada-por-adriano-jose\/"},"author":{"name":"Emanuellig admin2","@id":"https:\/\/soldadoadrianojose.com.br\/#\/schema\/person\/cd48425bd7edd36fa5917c88fbe1cec5"},"headline":"Ap\u00f3s 20 anos, Monte Carmelo em Pai\u00e7andu ter\u00e1 asfalto: conquista \u00e9 celebrada pelo Deputado Adriano Jos\u00e9","datePublished":"2025-10-09T23:24:16+00:00","dateModified":"2025-10-10T11:58:02+00:00","mainEntityOfPage":{"@id":"https:\/\/soldadoadrianojose.com.br\/index.php\/2025\/10\/09\/apos-20-anos-monte-carmelo-em-paicandu-tera-asfalto-conquista-e-celebrada-por-adriano-jose\/"},"wordCount":354,"commentCount":0,"publisher":{"@id":"https:\/\/soldadoadrianojose.com.br\/#\/schema\/person\/16f8e8defb7a4bd6c6082efcd1bdb6bb"},"image":{"@id":"https:\/\/soldadoadrianojose.com.br\/index.php\/2025\/10\/09\/apos-20-anos-monte-carmelo-em-paicandu-tera-asfalto-conquista-e-celebrada-por-adriano-jose\/#primaryimage"},"thumbnailUrl":"https:\/\/soldadoadrianojose.com.br\/wp-content\/uploads\/2025\/10\/IMG-20251009-WA0065-scaled.jpg","articleSection":["GABINETE SD"],"inLanguage":"pt-BR","potentialAction":[{"@type":"CommentAction","name":"Comment","target":["https:\/\/soldadoadrianojose.com.br\/index.php\/2025\/10\/09\/apos-20-anos-monte-carmelo-em-paicandu-tera-asfalto-conquista-e-celebrada-por-adriano-jose\/#respond"]}]},{"@type":"WebPage","@id":"https:\/\/soldadoadrianojose.com.br\/index.php\/2025\/10\/09\/apos-20-anos-monte-carmelo-em-paicandu-tera-asfalto-conquista-e-celebrada-por-adriano-jose\/","url":"https:\/\/soldadoadrianojose.com.br\/index.php\/2025\/10\/09\/apos-20-anos-monte-carmelo-em-paicandu-tera-asfalto-conquista-e-celebrada-por-adriano-jose\/","name":"Ap\u00f3s 20 anos, Monte Carmelo em Pai\u00e7andu ter\u00e1 asfalto: conquista \u00e9 celebrada pelo Deputado Adriano Jos\u00e9 - Deputado Adriano Jos\u00e9","isPartOf":{"@id":"https:\/\/soldadoadrianojose.com.br\/#website"},"primaryImageOfPage":{"@id":"https:\/\/soldadoadrianojose.com.br\/index.php\/2025\/10\/09\/apos-20-anos-monte-carmelo-em-paicandu-tera-asfalto-conquista-e-celebrada-por-adriano-jose\/#primaryimage"},"image":{"@id":"https:\/\/soldadoadrianojose.com.br\/index.php\/2025\/10\/09\/apos-20-anos-monte-carmelo-em-paicandu-tera-asfalto-conquista-e-celebrada-por-adriano-jose\/#primaryimage"},"thumbnailUrl":"https:\/\/soldadoadrianojose.com.br\/wp-content\/uploads\/2025\/10\/IMG-20251009-WA0065-scaled.jpg","datePublished":"2025-10-09T23:24:16+00:00","dateModified":"2025-10-10T11:58:02+00:00","breadcrumb":{"@id":"https:\/\/soldadoadrianojose.com.br\/index.php\/2025\/10\/09\/apos-20-anos-monte-carmelo-em-paicandu-tera-asfalto-conquista-e-celebrada-por-adriano-jose\/#breadcrumb"},"inLanguage":"pt-BR","potentialAction":[{"@type":"ReadAction","target":["https:\/\/soldadoadrianojose.com.br\/index.php\/2025\/10\/09\/apos-20-anos-monte-carmelo-em-paicandu-tera-asfalto-conquista-e-celebrada-por-adriano-jose\/"]}]},{"@type":"ImageObject","inLanguage":"pt-BR","@id":"https:\/\/soldadoadrianojose.com.br\/index.php\/2025\/10\/09\/apos-20-anos-monte-carmelo-em-paicandu-tera-asfalto-conquista-e-celebrada-por-adriano-jose\/#primaryimage","url":"https:\/\/soldadoadrianojose.com.br\/wp-content\/uploads\/2025\/10\/IMG-20251009-WA0065-scaled.jpg","contentUrl":"https:\/\/soldadoadrianojose.com.br\/wp-content\/uploads\/2025\/10\/IMG-20251009-WA0065-scaled.jpg","width":2560,"height":1920},{"@type":"BreadcrumbList","@id":"https:\/\/soldadoadrianojose.com.br\/index.php\/2025\/10\/09\/apos-20-anos-monte-carmelo-em-paicandu-tera-asfalto-conquista-e-celebrada-por-adriano-jose\/#breadcrumb","itemListElement":[{"@type":"ListItem","position":1,"name":"In\u00edcio","item":"https:\/\/soldadoadrianojose.com.br\/"},{"@type":"ListItem","position":2,"name":"Ap\u00f3s 20 anos, Monte Carmelo em Pai\u00e7andu ter\u00e1 asfalto: conquista \u00e9 celebrada pelo Deputado Adriano Jos\u00e9"}]},{"@type":"WebSite","@id":"https:\/\/soldadoadrianojose.com.br\/#website","url":"https:\/\/soldadoadrianojose.com.br\/","name":"Deputado Adriano Jos\u00e9","description":"Nosso trabalho \u00e9 pelas pessoas","publisher":{"@id":"https:\/\/soldadoadrianojose.com.br\/#\/schema\/person\/16f8e8defb7a4bd6c6082efcd1bdb6bb"},"potentialAction":[{"@type":"SearchAction","target":{"@type":"EntryPoint","urlTemplate":"https:\/\/soldadoadrianojose.com.br\/?s={search_term_string}"},"query-input":{"@type":"PropertyValueSpecification","valueRequired":true,"valueName":"search_term_string"}}],"inLanguage":"pt-BR"},{"@type":["Person","Organization"],"@id":"https:\/\/soldadoadrianojose.com.br\/#\/schema\/person\/16f8e8defb7a4bd6c6082efcd1bdb6bb","name":"soldadoadrianojose","image":{"@type":"ImageObject","inLanguage":"pt-BR","@id":"https:\/\/soldadoadrianojose.com.br\/wp-content\/uploads\/2023\/02\/LOGO_CLEAR-5.png","url":"https:\/\/soldadoadrianojose.com.br\/wp-content\/uploads\/2023\/02\/LOGO_CLEAR-5.png","contentUrl":"https:\/\/soldadoadrianojose.com.br\/wp-content\/uploads\/2023\/02\/LOGO_CLEAR-5.png","width":3508,"height":998,"caption":"soldadoadrianojose"},"logo":{"@id":"https:\/\/soldadoadrianojose.com.br\/wp-content\/uploads\/2023\/02\/LOGO_CLEAR-5.png"},"sameAs":["https:\/\/soldadoadrianojose.com.br"]},{"@type":"Person","@id":"https:\/\/soldadoadrianojose.com.br\/#\/schema\/person\/cd48425bd7edd36fa5917c88fbe1cec5","name":"Emanuellig admin2","image":{"@type":"ImageObject","inLanguage":"pt-BR","@id":"https:\/\/soldadoadrianojose.com.br\/wp-content\/litespeed\/avatar\/235a59a115f40132a17fc909e61bc31d.jpg?ver=1777092356","url":"https:\/\/soldadoadrianojose.com.br\/wp-content\/litespeed\/avatar\/235a59a115f40132a17fc909e61bc31d.jpg?ver=1777092356","contentUrl":"https:\/\/soldadoadrianojose.com.br\/wp-content\/litespeed\/avatar\/235a59a115f40132a17fc909e61bc31d.jpg?ver=1777092356","caption":"Emanuellig admin2"},"url":"https:\/\/soldadoadrianojose.com.br\/index.php\/author\/manu\/"}]}},"jetpack_featured_media_url":"https:\/\/soldadoadrianojose.com.br\/wp-content\/uploads\/2025\/10\/IMG-20251009-WA0065-scaled.jpg","_links":{"self":[{"href":"https:\/\/soldadoadrianojose.com.br\/index.php\/wp-json\/wp\/v2\/posts\/3515","targetHints":{"allow":["GET"]}}],"collection":[{"href":"https:\/\/soldadoadrianojose.com.br\/index.php\/wp-json\/wp\/v2\/posts"}],"about":[{"href":"https:\/\/soldadoadrianojose.com.br\/index.php\/wp-json\/wp\/v2\/types\/post"}],"author":[{"embeddable":true,"href":"https:\/\/soldadoadrianojose.com.br\/index.php\/wp-json\/wp\/v2\/users\/3"}],"replies":[{"embeddable":true,"href":"https:\/\/soldadoadrianojose.com.br\/index.php\/wp-json\/wp\/v2\/comments?post=3515"}],"version-history":[{"count":7,"href":"https:\/\/soldadoadrianojose.com.br\/index.php\/wp-json\/wp\/v2\/posts\/3515\/revisions"}],"predecessor-version":[{"id":3529,"href":"https:\/\/soldadoadrianojose.com.br\/index.php\/wp-json\/wp\/v2\/posts\/3515\/revisions\/3529"}],"wp:featuredmedia":[{"embeddable":true,"href":"https:\/\/soldadoadrianojose.com.br\/index.php\/wp-json\/wp\/v2\/media\/3521"}],"wp:attachment":[{"href":"https:\/\/soldadoadrianojose.com.br\/index.php\/wp-json\/wp\/v2\/media?parent=3515"}],"wp:term":[{"taxonomy":"category","embeddable":true,"href":"https:\/\/soldadoadrianojose.com.br\/index.php\/wp-json\/wp\/v2\/categories?post=3515"},{"taxonomy":"post_tag","embeddable":true,"href":"https:\/\/soldadoadrianojose.com.br\/index.php\/wp-json\/wp\/v2\/tags?post=3515"}],"curies":[{"name":"wp","href":"https:\/\/api.w.org\/{rel}","templated":true}]}}