{"id":3532,"date":"2025-10-17T00:29:44","date_gmt":"2025-10-17T03:29:44","guid":{"rendered":"https:\/\/soldadoadrianojose.com.br\/?p=3532"},"modified":"2025-10-17T00:29:46","modified_gmt":"2025-10-17T03:29:46","slug":"amerios-celebra-mais-de-r-322-milhoes-em-investimentos-com-destaque-do-deputado-adriano-jose","status":"publish","type":"post","link":"https:\/\/soldadoadrianojose.com.br\/index.php\/2025\/10\/17\/amerios-celebra-mais-de-r-322-milhoes-em-investimentos-com-destaque-do-deputado-adriano-jose\/","title":{"rendered":"Amerios celebra mais de R$ 322 milh\u00f5es em investimentos com destaque do deputado Adriano Jos\u00e9"},"content":{"rendered":"\n<p>Mais de <strong>R$ 322 milh\u00f5es em investimentos<\/strong> est\u00e3o sendo destinados aos munic\u00edpios que integram a <strong>Amerios<\/strong>, fortalecendo o desenvolvimento do <strong>Noroeste do Paran\u00e1<\/strong>. Os recursos contemplam obras de infraestrutura, pavimenta\u00e7\u00e3o, moderniza\u00e7\u00e3o de espa\u00e7os p\u00fablicos e outras melhorias que v\u00e3o transformar a realidade das comunidades locais.<br><br>O an\u00fancio foi celebrado em <strong>Umuarama<\/strong>, durante encontro que reuniu lideran\u00e7as de toda a regi\u00e3o, como o prefeito <strong>Minoru<\/strong> (Cafezal do Sul), <strong>Everton<\/strong> e o vice-prefeito <strong>Everton<\/strong> (Esperan\u00e7a Nova), <strong>Denilson<\/strong> (Ivat\u00e9), <strong>Ronaldo Tint<\/strong>i e o vice <strong>Arilson Picareta<\/strong> (S\u00e3o Jorge do Patroc\u00ednio), o vice-prefeito <strong>Fernando Santos<\/strong> (Mariluz), <strong>Ronald<\/strong> (Tapira), <strong>Armando Cerci<\/strong> (Cruzeiro do Oeste), <strong>Diego Pergo<\/strong> (Alt\u00f4nia), <strong>Robertinho<\/strong> (Ipor\u00e3) a prefeita <strong>Valdete Cunha<\/strong> (P\u00e9rola), <strong>Giovani<\/strong> e o vice <strong>Jo\u00e3o Pedro<\/strong> (Alto Piquiri), al\u00e9m de <strong>Al\u00edrio Mistura<\/strong> (Francisco Alves).<\/p>\n\n\n\n<p>O deputado estadual <strong>Adriano Jos\u00e9<\/strong> ressaltou a import\u00e2ncia desses investimentos para o crescimento equilibrado da regi\u00e3o e o fortalecimento das gest\u00f5es municipais.<br><br>\u201cEsses mais de R$ 322 milh\u00f5es representam desenvolvimento, qualidade de vida e reconhecimento ao trabalho dos prefeitos e vice-prefeitos da Amerios. \u00c9 resultado de uma gest\u00e3o estadual que acredita na for\u00e7a do interior e do compromisso do governador Ratinho J\u00fanior com o Noroeste paranaense\u201d, destacou o parlamentar.<\/p>\n\n\n\n<p>Com esse novo aporte de recursos, a <strong>Amerios<\/strong> consolida-se como uma das regi\u00f5es que mais recebem investimentos no Paran\u00e1, impulsionando o progresso e o bem-estar das fam\u00edlias que vivem em seus munic\u00edpios.<\/p>\n\n\n\n<figure class=\"wp-block-gallery has-nested-images columns-default is-cropped wp-block-gallery-1 is-layout-flex wp-block-gallery-is-layout-flex\">\n<figure class=\"wp-block-image size-large\"><img fetchpriority=\"high\" decoding=\"async\" width=\"769\" height=\"1024\" data-id=\"3534\" src=\"https:\/\/soldadoadrianojose.com.br\/wp-content\/uploads\/2025\/10\/6-769x1024.jpeg\" alt=\"\" class=\"wp-image-3534\" srcset=\"https:\/\/soldadoadrianojose.com.br\/wp-content\/uploads\/2025\/10\/6-769x1024.jpeg 769w, https:\/\/soldadoadrianojose.com.br\/wp-content\/uploads\/2025\/10\/6-225x300.jpeg 225w, https:\/\/soldadoadrianojose.com.br\/wp-content\/uploads\/2025\/10\/6-768x1022.jpeg 768w, https:\/\/soldadoadrianojose.com.br\/wp-content\/uploads\/2025\/10\/6-1154x1536.jpeg 1154w, https:\/\/soldadoadrianojose.com.br\/wp-content\/uploads\/2025\/10\/6.jpeg 1202w\" sizes=\"(max-width: 769px) 100vw, 769px\" \/><\/figure>\n\n\n\n<figure class=\"wp-block-image size-large\"><img decoding=\"async\" width=\"769\" height=\"1024\" data-id=\"3537\" src=\"https:\/\/soldadoadrianojose.com.br\/wp-content\/uploads\/2025\/10\/5-769x1024.jpeg\" alt=\"\" class=\"wp-image-3537\" srcset=\"https:\/\/soldadoadrianojose.com.br\/wp-content\/uploads\/2025\/10\/5-769x1024.jpeg 769w, https:\/\/soldadoadrianojose.com.br\/wp-content\/uploads\/2025\/10\/5-225x300.jpeg 225w, https:\/\/soldadoadrianojose.com.br\/wp-content\/uploads\/2025\/10\/5-768x1022.jpeg 768w, https:\/\/soldadoadrianojose.com.br\/wp-content\/uploads\/2025\/10\/5-1154x1536.jpeg 1154w, https:\/\/soldadoadrianojose.com.br\/wp-content\/uploads\/2025\/10\/5.jpeg 1202w\" sizes=\"(max-width: 769px) 100vw, 769px\" \/><\/figure>\n\n\n\n<figure class=\"wp-block-image size-large\"><img decoding=\"async\" width=\"1202\" height=\"1600\" data-id=\"3538\" src=\"https:\/\/soldadoadrianojose.com.br\/wp-content\/uploads\/2025\/10\/4-769x1024.jpeg\" alt=\"\" class=\"wp-image-3538\" srcset=\"https:\/\/soldadoadrianojose.com.br\/wp-content\/uploads\/2025\/10\/4-769x1024.jpeg 769w, https:\/\/soldadoadrianojose.com.br\/wp-content\/uploads\/2025\/10\/4-225x300.jpeg 225w, https:\/\/soldadoadrianojose.com.br\/wp-content\/uploads\/2025\/10\/4-768x1022.jpeg 768w, https:\/\/soldadoadrianojose.com.br\/wp-content\/uploads\/2025\/10\/4-1154x1536.jpeg 1154w, https:\/\/soldadoadrianojose.com.br\/wp-content\/uploads\/2025\/10\/4.jpeg 1202w\" sizes=\"(max-width: 1202px) 100vw, 1202px\" \/><\/figure>\n\n\n\n<figure class=\"wp-block-image size-large\"><img loading=\"lazy\" decoding=\"async\" width=\"769\" height=\"1024\" data-id=\"3536\" src=\"https:\/\/soldadoadrianojose.com.br\/wp-content\/uploads\/2025\/10\/3-769x1024.jpeg\" alt=\"\" class=\"wp-image-3536\" srcset=\"https:\/\/soldadoadrianojose.com.br\/wp-content\/uploads\/2025\/10\/3-769x1024.jpeg 769w, https:\/\/soldadoadrianojose.com.br\/wp-content\/uploads\/2025\/10\/3-225x300.jpeg 225w, https:\/\/soldadoadrianojose.com.br\/wp-content\/uploads\/2025\/10\/3-768x1022.jpeg 768w, https:\/\/soldadoadrianojose.com.br\/wp-content\/uploads\/2025\/10\/3-1154x1536.jpeg 1154w, https:\/\/soldadoadrianojose.com.br\/wp-content\/uploads\/2025\/10\/3.jpeg 1202w\" sizes=\"(max-width: 769px) 100vw, 769px\" \/><\/figure>\n\n\n\n<figure class=\"wp-block-image size-large\"><img loading=\"lazy\" decoding=\"async\" width=\"1024\" height=\"768\" data-id=\"3535\" src=\"https:\/\/soldadoadrianojose.com.br\/wp-content\/uploads\/2025\/10\/2-1024x768.jpeg\" alt=\"\" class=\"wp-image-3535\" srcset=\"https:\/\/soldadoadrianojose.com.br\/wp-content\/uploads\/2025\/10\/2-1024x768.jpeg 1024w, https:\/\/soldadoadrianojose.com.br\/wp-content\/uploads\/2025\/10\/2-300x225.jpeg 300w, https:\/\/soldadoadrianojose.com.br\/wp-content\/uploads\/2025\/10\/2-768x576.jpeg 768w, https:\/\/soldadoadrianojose.com.br\/wp-content\/uploads\/2025\/10\/2-1536x1152.jpeg 1536w, https:\/\/soldadoadrianojose.com.br\/wp-content\/uploads\/2025\/10\/2.jpeg 1600w\" sizes=\"(max-width: 1024px) 100vw, 1024px\" \/><\/figure>\n<\/figure>\n","protected":false},"excerpt":{"rendered":"<p>Mais de R$ 322 milh\u00f5es em investimentos est\u00e3o sendo destinados aos munic\u00edpios que integram a Amerios, fortalecendo o desenvolvimento do Noroeste do Paran\u00e1. Os recursos contemplam obras de infraestrutura, pavimenta\u00e7\u00e3o, moderniza\u00e7\u00e3o de espa\u00e7os p\u00fablicos e outras melhorias que v\u00e3o transformar a realidade das comunidades locais. O an\u00fancio foi celebrado em Umuarama, durante encontro que reuniu [&hellip;]<\/p>\n","protected":false},"author":3,"featured_media":3533,"comment_status":"open","ping_status":"open","sticky":false,"template":"","format":"standard","meta":{"footnotes":""},"categories":[1],"tags":[],"class_list":["post-3532","post","type-post","status-publish","format-standard","has-post-thumbnail","hentry","category-gabinete-sd"],"yoast_head":"<!-- This site is optimized with the Yoast SEO plugin v27.4 - https:\/\/yoast.com\/product\/yoast-seo-wordpress\/ -->\n<title>Amerios celebra mais de R$ 322 milh\u00f5es em investimentos com destaque do deputado Adriano Jos\u00e9 - Deputado Adriano Jos\u00e9<\/title>\n<meta name=\"robots\" content=\"index, follow, max-snippet:-1, max-image-preview:large, max-video-preview:-1\" \/>\n<link rel=\"canonical\" href=\"https:\/\/soldadoadrianojose.com.br\/index.php\/2025\/10\/17\/amerios-celebra-mais-de-r-322-milhoes-em-investimentos-com-destaque-do-deputado-adriano-jose\/\" \/>\n<meta property=\"og:locale\" content=\"pt_BR\" \/>\n<meta property=\"og:type\" content=\"article\" \/>\n<meta property=\"og:title\" content=\"Amerios celebra mais de R$ 322 milh\u00f5es em investimentos com destaque do deputado Adriano Jos\u00e9 - Deputado Adriano Jos\u00e9\" \/>\n<meta property=\"og:description\" content=\"Mais de R$ 322 milh\u00f5es em investimentos est\u00e3o sendo destinados aos munic\u00edpios que integram a Amerios, fortalecendo o desenvolvimento do Noroeste do Paran\u00e1. Os recursos contemplam obras de infraestrutura, pavimenta\u00e7\u00e3o, moderniza\u00e7\u00e3o de espa\u00e7os p\u00fablicos e outras melhorias que v\u00e3o transformar a realidade das comunidades locais. O an\u00fancio foi celebrado em Umuarama, durante encontro que reuniu [&hellip;]\" \/>\n<meta property=\"og:url\" content=\"https:\/\/soldadoadrianojose.com.br\/index.php\/2025\/10\/17\/amerios-celebra-mais-de-r-322-milhoes-em-investimentos-com-destaque-do-deputado-adriano-jose\/\" \/>\n<meta property=\"og:site_name\" content=\"Deputado Adriano Jos\u00e9\" \/>\n<meta property=\"article:published_time\" content=\"2025-10-17T03:29:44+00:00\" \/>\n<meta property=\"article:modified_time\" content=\"2025-10-17T03:29:46+00:00\" \/>\n<meta property=\"og:image\" content=\"https:\/\/soldadoadrianojose.com.br\/wp-content\/uploads\/2025\/10\/1.jpeg\" \/>\n\t<meta property=\"og:image:width\" content=\"1202\" \/>\n\t<meta property=\"og:image:height\" content=\"1600\" \/>\n\t<meta property=\"og:image:type\" content=\"image\/jpeg\" \/>\n<meta name=\"author\" content=\"Emanuellig admin2\" \/>\n<meta name=\"twitter:card\" content=\"summary_large_image\" \/>\n<meta name=\"twitter:label1\" content=\"Escrito por\" \/>\n\t<meta name=\"twitter:data1\" content=\"Emanuellig admin2\" \/>\n\t<meta name=\"twitter:label2\" content=\"Est. tempo de leitura\" \/>\n\t<meta name=\"twitter:data2\" content=\"3 minutos\" \/>\n<script type=\"application\/ld+json\" class=\"yoast-schema-graph\">{\"@context\":\"https:\\\/\\\/schema.org\",\"@graph\":[{\"@type\":\"Article\",\"@id\":\"https:\\\/\\\/soldadoadrianojose.com.br\\\/index.php\\\/2025\\\/10\\\/17\\\/amerios-celebra-mais-de-r-322-milhoes-em-investimentos-com-destaque-do-deputado-adriano-jose\\\/#article\",\"isPartOf\":{\"@id\":\"https:\\\/\\\/soldadoadrianojose.com.br\\\/index.php\\\/2025\\\/10\\\/17\\\/amerios-celebra-mais-de-r-322-milhoes-em-investimentos-com-destaque-do-deputado-adriano-jose\\\/\"},\"author\":{\"name\":\"Emanuellig admin2\",\"@id\":\"https:\\\/\\\/soldadoadrianojose.com.br\\\/#\\\/schema\\\/person\\\/cd48425bd7edd36fa5917c88fbe1cec5\"},\"headline\":\"Amerios celebra mais de R$ 322 milh\u00f5es em investimentos com destaque do deputado Adriano Jos\u00e9\",\"datePublished\":\"2025-10-17T03:29:44+00:00\",\"dateModified\":\"2025-10-17T03:29:46+00:00\",\"mainEntityOfPage\":{\"@id\":\"https:\\\/\\\/soldadoadrianojose.com.br\\\/index.php\\\/2025\\\/10\\\/17\\\/amerios-celebra-mais-de-r-322-milhoes-em-investimentos-com-destaque-do-deputado-adriano-jose\\\/\"},\"wordCount\":265,\"commentCount\":0,\"publisher\":{\"@id\":\"https:\\\/\\\/soldadoadrianojose.com.br\\\/#\\\/schema\\\/person\\\/16f8e8defb7a4bd6c6082efcd1bdb6bb\"},\"image\":{\"@id\":\"https:\\\/\\\/soldadoadrianojose.com.br\\\/index.php\\\/2025\\\/10\\\/17\\\/amerios-celebra-mais-de-r-322-milhoes-em-investimentos-com-destaque-do-deputado-adriano-jose\\\/#primaryimage\"},\"thumbnailUrl\":\"https:\\\/\\\/soldadoadrianojose.com.br\\\/wp-content\\\/uploads\\\/2025\\\/10\\\/1.jpeg\",\"articleSection\":[\"GABINETE SD\"],\"inLanguage\":\"pt-BR\",\"potentialAction\":[{\"@type\":\"CommentAction\",\"name\":\"Comment\",\"target\":[\"https:\\\/\\\/soldadoadrianojose.com.br\\\/index.php\\\/2025\\\/10\\\/17\\\/amerios-celebra-mais-de-r-322-milhoes-em-investimentos-com-destaque-do-deputado-adriano-jose\\\/#respond\"]}]},{\"@type\":\"WebPage\",\"@id\":\"https:\\\/\\\/soldadoadrianojose.com.br\\\/index.php\\\/2025\\\/10\\\/17\\\/amerios-celebra-mais-de-r-322-milhoes-em-investimentos-com-destaque-do-deputado-adriano-jose\\\/\",\"url\":\"https:\\\/\\\/soldadoadrianojose.com.br\\\/index.php\\\/2025\\\/10\\\/17\\\/amerios-celebra-mais-de-r-322-milhoes-em-investimentos-com-destaque-do-deputado-adriano-jose\\\/\",\"name\":\"Amerios celebra mais de R$ 322 milh\u00f5es em investimentos com destaque do deputado Adriano Jos\u00e9 - Deputado Adriano Jos\u00e9\",\"isPartOf\":{\"@id\":\"https:\\\/\\\/soldadoadrianojose.com.br\\\/#website\"},\"primaryImageOfPage\":{\"@id\":\"https:\\\/\\\/soldadoadrianojose.com.br\\\/index.php\\\/2025\\\/10\\\/17\\\/amerios-celebra-mais-de-r-322-milhoes-em-investimentos-com-destaque-do-deputado-adriano-jose\\\/#primaryimage\"},\"image\":{\"@id\":\"https:\\\/\\\/soldadoadrianojose.com.br\\\/index.php\\\/2025\\\/10\\\/17\\\/amerios-celebra-mais-de-r-322-milhoes-em-investimentos-com-destaque-do-deputado-adriano-jose\\\/#primaryimage\"},\"thumbnailUrl\":\"https:\\\/\\\/soldadoadrianojose.com.br\\\/wp-content\\\/uploads\\\/2025\\\/10\\\/1.jpeg\",\"datePublished\":\"2025-10-17T03:29:44+00:00\",\"dateModified\":\"2025-10-17T03:29:46+00:00\",\"breadcrumb\":{\"@id\":\"https:\\\/\\\/soldadoadrianojose.com.br\\\/index.php\\\/2025\\\/10\\\/17\\\/amerios-celebra-mais-de-r-322-milhoes-em-investimentos-com-destaque-do-deputado-adriano-jose\\\/#breadcrumb\"},\"inLanguage\":\"pt-BR\",\"potentialAction\":[{\"@type\":\"ReadAction\",\"target\":[\"https:\\\/\\\/soldadoadrianojose.com.br\\\/index.php\\\/2025\\\/10\\\/17\\\/amerios-celebra-mais-de-r-322-milhoes-em-investimentos-com-destaque-do-deputado-adriano-jose\\\/\"]}]},{\"@type\":\"ImageObject\",\"inLanguage\":\"pt-BR\",\"@id\":\"https:\\\/\\\/soldadoadrianojose.com.br\\\/index.php\\\/2025\\\/10\\\/17\\\/amerios-celebra-mais-de-r-322-milhoes-em-investimentos-com-destaque-do-deputado-adriano-jose\\\/#primaryimage\",\"url\":\"https:\\\/\\\/soldadoadrianojose.com.br\\\/wp-content\\\/uploads\\\/2025\\\/10\\\/1.jpeg\",\"contentUrl\":\"https:\\\/\\\/soldadoadrianojose.com.br\\\/wp-content\\\/uploads\\\/2025\\\/10\\\/1.jpeg\",\"width\":1202,\"height\":1600},{\"@type\":\"BreadcrumbList\",\"@id\":\"https:\\\/\\\/soldadoadrianojose.com.br\\\/index.php\\\/2025\\\/10\\\/17\\\/amerios-celebra-mais-de-r-322-milhoes-em-investimentos-com-destaque-do-deputado-adriano-jose\\\/#breadcrumb\",\"itemListElement\":[{\"@type\":\"ListItem\",\"position\":1,\"name\":\"In\u00edcio\",\"item\":\"https:\\\/\\\/soldadoadrianojose.com.br\\\/\"},{\"@type\":\"ListItem\",\"position\":2,\"name\":\"Amerios celebra mais de R$ 322 milh\u00f5es em investimentos com destaque do deputado Adriano Jos\u00e9\"}]},{\"@type\":\"WebSite\",\"@id\":\"https:\\\/\\\/soldadoadrianojose.com.br\\\/#website\",\"url\":\"https:\\\/\\\/soldadoadrianojose.com.br\\\/\",\"name\":\"Deputado Adriano Jos\u00e9\",\"description\":\"Nosso trabalho \u00e9 pelas pessoas\",\"publisher\":{\"@id\":\"https:\\\/\\\/soldadoadrianojose.com.br\\\/#\\\/schema\\\/person\\\/16f8e8defb7a4bd6c6082efcd1bdb6bb\"},\"potentialAction\":[{\"@type\":\"SearchAction\",\"target\":{\"@type\":\"EntryPoint\",\"urlTemplate\":\"https:\\\/\\\/soldadoadrianojose.com.br\\\/?s={search_term_string}\"},\"query-input\":{\"@type\":\"PropertyValueSpecification\",\"valueRequired\":true,\"valueName\":\"search_term_string\"}}],\"inLanguage\":\"pt-BR\"},{\"@type\":[\"Person\",\"Organization\"],\"@id\":\"https:\\\/\\\/soldadoadrianojose.com.br\\\/#\\\/schema\\\/person\\\/16f8e8defb7a4bd6c6082efcd1bdb6bb\",\"name\":\"soldadoadrianojose\",\"image\":{\"@type\":\"ImageObject\",\"inLanguage\":\"pt-BR\",\"@id\":\"https:\\\/\\\/soldadoadrianojose.com.br\\\/wp-content\\\/uploads\\\/2023\\\/02\\\/LOGO_CLEAR-5.png\",\"url\":\"https:\\\/\\\/soldadoadrianojose.com.br\\\/wp-content\\\/uploads\\\/2023\\\/02\\\/LOGO_CLEAR-5.png\",\"contentUrl\":\"https:\\\/\\\/soldadoadrianojose.com.br\\\/wp-content\\\/uploads\\\/2023\\\/02\\\/LOGO_CLEAR-5.png\",\"width\":3508,\"height\":998,\"caption\":\"soldadoadrianojose\"},\"logo\":{\"@id\":\"https:\\\/\\\/soldadoadrianojose.com.br\\\/wp-content\\\/uploads\\\/2023\\\/02\\\/LOGO_CLEAR-5.png\"},\"sameAs\":[\"https:\\\/\\\/soldadoadrianojose.com.br\"]},{\"@type\":\"Person\",\"@id\":\"https:\\\/\\\/soldadoadrianojose.com.br\\\/#\\\/schema\\\/person\\\/cd48425bd7edd36fa5917c88fbe1cec5\",\"name\":\"Emanuellig admin2\",\"image\":{\"@type\":\"ImageObject\",\"inLanguage\":\"pt-BR\",\"@id\":\"https:\\\/\\\/soldadoadrianojose.com.br\\\/wp-content\\\/litespeed\\\/avatar\\\/235a59a115f40132a17fc909e61bc31d.jpg?ver=1777092356\",\"url\":\"https:\\\/\\\/soldadoadrianojose.com.br\\\/wp-content\\\/litespeed\\\/avatar\\\/235a59a115f40132a17fc909e61bc31d.jpg?ver=1777092356\",\"contentUrl\":\"https:\\\/\\\/soldadoadrianojose.com.br\\\/wp-content\\\/litespeed\\\/avatar\\\/235a59a115f40132a17fc909e61bc31d.jpg?ver=1777092356\",\"caption\":\"Emanuellig admin2\"},\"url\":\"https:\\\/\\\/soldadoadrianojose.com.br\\\/index.php\\\/author\\\/manu\\\/\"}]}<\/script>\n<!-- \/ Yoast SEO plugin. -->","yoast_head_json":{"title":"Amerios celebra mais de R$ 322 milh\u00f5es em investimentos com destaque do deputado Adriano Jos\u00e9 - Deputado Adriano Jos\u00e9","robots":{"index":"index","follow":"follow","max-snippet":"max-snippet:-1","max-image-preview":"max-image-preview:large","max-video-preview":"max-video-preview:-1"},"canonical":"https:\/\/soldadoadrianojose.com.br\/index.php\/2025\/10\/17\/amerios-celebra-mais-de-r-322-milhoes-em-investimentos-com-destaque-do-deputado-adriano-jose\/","og_locale":"pt_BR","og_type":"article","og_title":"Amerios celebra mais de R$ 322 milh\u00f5es em investimentos com destaque do deputado Adriano Jos\u00e9 - Deputado Adriano Jos\u00e9","og_description":"Mais de R$ 322 milh\u00f5es em investimentos est\u00e3o sendo destinados aos munic\u00edpios que integram a Amerios, fortalecendo o desenvolvimento do Noroeste do Paran\u00e1. Os recursos contemplam obras de infraestrutura, pavimenta\u00e7\u00e3o, moderniza\u00e7\u00e3o de espa\u00e7os p\u00fablicos e outras melhorias que v\u00e3o transformar a realidade das comunidades locais. O an\u00fancio foi celebrado em Umuarama, durante encontro que reuniu [&hellip;]","og_url":"https:\/\/soldadoadrianojose.com.br\/index.php\/2025\/10\/17\/amerios-celebra-mais-de-r-322-milhoes-em-investimentos-com-destaque-do-deputado-adriano-jose\/","og_site_name":"Deputado Adriano Jos\u00e9","article_published_time":"2025-10-17T03:29:44+00:00","article_modified_time":"2025-10-17T03:29:46+00:00","og_image":[{"width":1202,"height":1600,"url":"https:\/\/soldadoadrianojose.com.br\/wp-content\/uploads\/2025\/10\/1.jpeg","type":"image\/jpeg"}],"author":"Emanuellig admin2","twitter_card":"summary_large_image","twitter_misc":{"Escrito por":"Emanuellig admin2","Est. tempo de leitura":"3 minutos"},"schema":{"@context":"https:\/\/schema.org","@graph":[{"@type":"Article","@id":"https:\/\/soldadoadrianojose.com.br\/index.php\/2025\/10\/17\/amerios-celebra-mais-de-r-322-milhoes-em-investimentos-com-destaque-do-deputado-adriano-jose\/#article","isPartOf":{"@id":"https:\/\/soldadoadrianojose.com.br\/index.php\/2025\/10\/17\/amerios-celebra-mais-de-r-322-milhoes-em-investimentos-com-destaque-do-deputado-adriano-jose\/"},"author":{"name":"Emanuellig admin2","@id":"https:\/\/soldadoadrianojose.com.br\/#\/schema\/person\/cd48425bd7edd36fa5917c88fbe1cec5"},"headline":"Amerios celebra mais de R$ 322 milh\u00f5es em investimentos com destaque do deputado Adriano Jos\u00e9","datePublished":"2025-10-17T03:29:44+00:00","dateModified":"2025-10-17T03:29:46+00:00","mainEntityOfPage":{"@id":"https:\/\/soldadoadrianojose.com.br\/index.php\/2025\/10\/17\/amerios-celebra-mais-de-r-322-milhoes-em-investimentos-com-destaque-do-deputado-adriano-jose\/"},"wordCount":265,"commentCount":0,"publisher":{"@id":"https:\/\/soldadoadrianojose.com.br\/#\/schema\/person\/16f8e8defb7a4bd6c6082efcd1bdb6bb"},"image":{"@id":"https:\/\/soldadoadrianojose.com.br\/index.php\/2025\/10\/17\/amerios-celebra-mais-de-r-322-milhoes-em-investimentos-com-destaque-do-deputado-adriano-jose\/#primaryimage"},"thumbnailUrl":"https:\/\/soldadoadrianojose.com.br\/wp-content\/uploads\/2025\/10\/1.jpeg","articleSection":["GABINETE SD"],"inLanguage":"pt-BR","potentialAction":[{"@type":"CommentAction","name":"Comment","target":["https:\/\/soldadoadrianojose.com.br\/index.php\/2025\/10\/17\/amerios-celebra-mais-de-r-322-milhoes-em-investimentos-com-destaque-do-deputado-adriano-jose\/#respond"]}]},{"@type":"WebPage","@id":"https:\/\/soldadoadrianojose.com.br\/index.php\/2025\/10\/17\/amerios-celebra-mais-de-r-322-milhoes-em-investimentos-com-destaque-do-deputado-adriano-jose\/","url":"https:\/\/soldadoadrianojose.com.br\/index.php\/2025\/10\/17\/amerios-celebra-mais-de-r-322-milhoes-em-investimentos-com-destaque-do-deputado-adriano-jose\/","name":"Amerios celebra mais de R$ 322 milh\u00f5es em investimentos com destaque do deputado Adriano Jos\u00e9 - Deputado Adriano Jos\u00e9","isPartOf":{"@id":"https:\/\/soldadoadrianojose.com.br\/#website"},"primaryImageOfPage":{"@id":"https:\/\/soldadoadrianojose.com.br\/index.php\/2025\/10\/17\/amerios-celebra-mais-de-r-322-milhoes-em-investimentos-com-destaque-do-deputado-adriano-jose\/#primaryimage"},"image":{"@id":"https:\/\/soldadoadrianojose.com.br\/index.php\/2025\/10\/17\/amerios-celebra-mais-de-r-322-milhoes-em-investimentos-com-destaque-do-deputado-adriano-jose\/#primaryimage"},"thumbnailUrl":"https:\/\/soldadoadrianojose.com.br\/wp-content\/uploads\/2025\/10\/1.jpeg","datePublished":"2025-10-17T03:29:44+00:00","dateModified":"2025-10-17T03:29:46+00:00","breadcrumb":{"@id":"https:\/\/soldadoadrianojose.com.br\/index.php\/2025\/10\/17\/amerios-celebra-mais-de-r-322-milhoes-em-investimentos-com-destaque-do-deputado-adriano-jose\/#breadcrumb"},"inLanguage":"pt-BR","potentialAction":[{"@type":"ReadAction","target":["https:\/\/soldadoadrianojose.com.br\/index.php\/2025\/10\/17\/amerios-celebra-mais-de-r-322-milhoes-em-investimentos-com-destaque-do-deputado-adriano-jose\/"]}]},{"@type":"ImageObject","inLanguage":"pt-BR","@id":"https:\/\/soldadoadrianojose.com.br\/index.php\/2025\/10\/17\/amerios-celebra-mais-de-r-322-milhoes-em-investimentos-com-destaque-do-deputado-adriano-jose\/#primaryimage","url":"https:\/\/soldadoadrianojose.com.br\/wp-content\/uploads\/2025\/10\/1.jpeg","contentUrl":"https:\/\/soldadoadrianojose.com.br\/wp-content\/uploads\/2025\/10\/1.jpeg","width":1202,"height":1600},{"@type":"BreadcrumbList","@id":"https:\/\/soldadoadrianojose.com.br\/index.php\/2025\/10\/17\/amerios-celebra-mais-de-r-322-milhoes-em-investimentos-com-destaque-do-deputado-adriano-jose\/#breadcrumb","itemListElement":[{"@type":"ListItem","position":1,"name":"In\u00edcio","item":"https:\/\/soldadoadrianojose.com.br\/"},{"@type":"ListItem","position":2,"name":"Amerios celebra mais de R$ 322 milh\u00f5es em investimentos com destaque do deputado Adriano Jos\u00e9"}]},{"@type":"WebSite","@id":"https:\/\/soldadoadrianojose.com.br\/#website","url":"https:\/\/soldadoadrianojose.com.br\/","name":"Deputado Adriano Jos\u00e9","description":"Nosso trabalho \u00e9 pelas pessoas","publisher":{"@id":"https:\/\/soldadoadrianojose.com.br\/#\/schema\/person\/16f8e8defb7a4bd6c6082efcd1bdb6bb"},"potentialAction":[{"@type":"SearchAction","target":{"@type":"EntryPoint","urlTemplate":"https:\/\/soldadoadrianojose.com.br\/?s={search_term_string}"},"query-input":{"@type":"PropertyValueSpecification","valueRequired":true,"valueName":"search_term_string"}}],"inLanguage":"pt-BR"},{"@type":["Person","Organization"],"@id":"https:\/\/soldadoadrianojose.com.br\/#\/schema\/person\/16f8e8defb7a4bd6c6082efcd1bdb6bb","name":"soldadoadrianojose","image":{"@type":"ImageObject","inLanguage":"pt-BR","@id":"https:\/\/soldadoadrianojose.com.br\/wp-content\/uploads\/2023\/02\/LOGO_CLEAR-5.png","url":"https:\/\/soldadoadrianojose.com.br\/wp-content\/uploads\/2023\/02\/LOGO_CLEAR-5.png","contentUrl":"https:\/\/soldadoadrianojose.com.br\/wp-content\/uploads\/2023\/02\/LOGO_CLEAR-5.png","width":3508,"height":998,"caption":"soldadoadrianojose"},"logo":{"@id":"https:\/\/soldadoadrianojose.com.br\/wp-content\/uploads\/2023\/02\/LOGO_CLEAR-5.png"},"sameAs":["https:\/\/soldadoadrianojose.com.br"]},{"@type":"Person","@id":"https:\/\/soldadoadrianojose.com.br\/#\/schema\/person\/cd48425bd7edd36fa5917c88fbe1cec5","name":"Emanuellig admin2","image":{"@type":"ImageObject","inLanguage":"pt-BR","@id":"https:\/\/soldadoadrianojose.com.br\/wp-content\/litespeed\/avatar\/235a59a115f40132a17fc909e61bc31d.jpg?ver=1777092356","url":"https:\/\/soldadoadrianojose.com.br\/wp-content\/litespeed\/avatar\/235a59a115f40132a17fc909e61bc31d.jpg?ver=1777092356","contentUrl":"https:\/\/soldadoadrianojose.com.br\/wp-content\/litespeed\/avatar\/235a59a115f40132a17fc909e61bc31d.jpg?ver=1777092356","caption":"Emanuellig admin2"},"url":"https:\/\/soldadoadrianojose.com.br\/index.php\/author\/manu\/"}]}},"jetpack_featured_media_url":"https:\/\/soldadoadrianojose.com.br\/wp-content\/uploads\/2025\/10\/1.jpeg","_links":{"self":[{"href":"https:\/\/soldadoadrianojose.com.br\/index.php\/wp-json\/wp\/v2\/posts\/3532","targetHints":{"allow":["GET"]}}],"collection":[{"href":"https:\/\/soldadoadrianojose.com.br\/index.php\/wp-json\/wp\/v2\/posts"}],"about":[{"href":"https:\/\/soldadoadrianojose.com.br\/index.php\/wp-json\/wp\/v2\/types\/post"}],"author":[{"embeddable":true,"href":"https:\/\/soldadoadrianojose.com.br\/index.php\/wp-json\/wp\/v2\/users\/3"}],"replies":[{"embeddable":true,"href":"https:\/\/soldadoadrianojose.com.br\/index.php\/wp-json\/wp\/v2\/comments?post=3532"}],"version-history":[{"count":1,"href":"https:\/\/soldadoadrianojose.com.br\/index.php\/wp-json\/wp\/v2\/posts\/3532\/revisions"}],"predecessor-version":[{"id":3539,"href":"https:\/\/soldadoadrianojose.com.br\/index.php\/wp-json\/wp\/v2\/posts\/3532\/revisions\/3539"}],"wp:featuredmedia":[{"embeddable":true,"href":"https:\/\/soldadoadrianojose.com.br\/index.php\/wp-json\/wp\/v2\/media\/3533"}],"wp:attachment":[{"href":"https:\/\/soldadoadrianojose.com.br\/index.php\/wp-json\/wp\/v2\/media?parent=3532"}],"wp:term":[{"taxonomy":"category","embeddable":true,"href":"https:\/\/soldadoadrianojose.com.br\/index.php\/wp-json\/wp\/v2\/categories?post=3532"},{"taxonomy":"post_tag","embeddable":true,"href":"https:\/\/soldadoadrianojose.com.br\/index.php\/wp-json\/wp\/v2\/tags?post=3532"}],"curies":[{"name":"wp","href":"https:\/\/api.w.org\/{rel}","templated":true}]}}