{"id":3540,"date":"2025-10-19T19:54:08","date_gmt":"2025-10-19T22:54:08","guid":{"rendered":"https:\/\/soldadoadrianojose.com.br\/?p=3540"},"modified":"2025-10-19T19:54:09","modified_gmt":"2025-10-19T22:54:09","slug":"deputado-adriano-jose-participa-da-linda-comemoracao-dos-56-anos-de-marilena","status":"publish","type":"post","link":"https:\/\/soldadoadrianojose.com.br\/index.php\/2025\/10\/19\/deputado-adriano-jose-participa-da-linda-comemoracao-dos-56-anos-de-marilena\/","title":{"rendered":"Deputado Adriano Jos\u00e9 participa da linda comemora\u00e7\u00e3o dos 56 anos de Marilena"},"content":{"rendered":"\n<p>O deputado estadual Adriano Jos\u00e9 participou da emocionante festa em comemora\u00e7\u00e3o aos 56 anos de Marilena, realizada neste fim de semana. O evento reuniu a comunidade local em um clima de alegria, orgulho e gratid\u00e3o pela trajet\u00f3ria de desenvolvimento do munic\u00edpio.<\/p>\n\n\n\n<p><br>Durante a celebra\u00e7\u00e3o, o parlamentar destacou o empenho das lideran\u00e7as locais em promover o crescimento de Marilena e refor\u00e7ou seu compromisso com a cidade. \u201cMarilena \u00e9 uma cidade acolhedora, feita por pessoas trabalhadoras e de f\u00e9. \u00c9 uma alegria ver de perto o resultado do esfor\u00e7o de todos que acreditam no futuro deste munic\u00edpio\u201d, afirmou o deputado.<\/p>\n\n\n\n<p><br>A festa contou com a presen\u00e7a do prefeito Celinho da Mata, do vice-prefeito J\u00fanior da Solar, do ex-prefeito Z\u00e9 do Peixe, do vereador Willian Filomeno e de outras lideran\u00e7as locais, que celebraram juntos mais um cap\u00edtulo da hist\u00f3ria de sucesso de Marilena.<\/p>\n\n\n\n<p><br>Os 56 anos de Marilena foram marcados por uma comemora\u00e7\u00e3o linda e organizada, refletindo o esp\u00edrito de uni\u00e3o e o amor dos marilenenses pela sua cidade.<\/p>\n\n\n\n<figure class=\"wp-block-gallery has-nested-images columns-default is-cropped wp-block-gallery-1 is-layout-flex wp-block-gallery-is-layout-flex\">\n<figure class=\"wp-block-image size-large\"><img fetchpriority=\"high\" decoding=\"async\" width=\"769\" height=\"1024\" data-id=\"3544\" src=\"https:\/\/soldadoadrianojose.com.br\/wp-content\/uploads\/2025\/10\/4.4-769x1024.jpeg\" alt=\"\" class=\"wp-image-3544\" srcset=\"https:\/\/soldadoadrianojose.com.br\/wp-content\/uploads\/2025\/10\/4.4-769x1024.jpeg 769w, https:\/\/soldadoadrianojose.com.br\/wp-content\/uploads\/2025\/10\/4.4-225x300.jpeg 225w, https:\/\/soldadoadrianojose.com.br\/wp-content\/uploads\/2025\/10\/4.4-768x1022.jpeg 768w, https:\/\/soldadoadrianojose.com.br\/wp-content\/uploads\/2025\/10\/4.4-1154x1536.jpeg 1154w, https:\/\/soldadoadrianojose.com.br\/wp-content\/uploads\/2025\/10\/4.4.jpeg 1202w\" sizes=\"(max-width: 769px) 100vw, 769px\" \/><\/figure>\n\n\n\n<figure class=\"wp-block-image size-large\"><img decoding=\"async\" width=\"769\" height=\"1024\" data-id=\"3542\" src=\"https:\/\/soldadoadrianojose.com.br\/wp-content\/uploads\/2025\/10\/3.3-769x1024.jpeg\" alt=\"\" class=\"wp-image-3542\" srcset=\"https:\/\/soldadoadrianojose.com.br\/wp-content\/uploads\/2025\/10\/3.3-769x1024.jpeg 769w, https:\/\/soldadoadrianojose.com.br\/wp-content\/uploads\/2025\/10\/3.3-225x300.jpeg 225w, https:\/\/soldadoadrianojose.com.br\/wp-content\/uploads\/2025\/10\/3.3-768x1022.jpeg 768w, https:\/\/soldadoadrianojose.com.br\/wp-content\/uploads\/2025\/10\/3.3-1154x1536.jpeg 1154w, https:\/\/soldadoadrianojose.com.br\/wp-content\/uploads\/2025\/10\/3.3.jpeg 1202w\" sizes=\"(max-width: 769px) 100vw, 769px\" \/><\/figure>\n\n\n\n<figure class=\"wp-block-image size-large\"><img decoding=\"async\" width=\"769\" height=\"1024\" data-id=\"3545\" src=\"https:\/\/soldadoadrianojose.com.br\/wp-content\/uploads\/2025\/10\/2.2-769x1024.jpeg\" alt=\"\" class=\"wp-image-3545\" srcset=\"https:\/\/soldadoadrianojose.com.br\/wp-content\/uploads\/2025\/10\/2.2-769x1024.jpeg 769w, https:\/\/soldadoadrianojose.com.br\/wp-content\/uploads\/2025\/10\/2.2-225x300.jpeg 225w, https:\/\/soldadoadrianojose.com.br\/wp-content\/uploads\/2025\/10\/2.2-768x1022.jpeg 768w, https:\/\/soldadoadrianojose.com.br\/wp-content\/uploads\/2025\/10\/2.2-1154x1536.jpeg 1154w, https:\/\/soldadoadrianojose.com.br\/wp-content\/uploads\/2025\/10\/2.2.jpeg 1202w\" sizes=\"(max-width: 769px) 100vw, 769px\" \/><\/figure>\n\n\n\n<figure class=\"wp-block-image size-large\"><img loading=\"lazy\" decoding=\"async\" width=\"769\" height=\"1024\" data-id=\"3543\" src=\"https:\/\/soldadoadrianojose.com.br\/wp-content\/uploads\/2025\/10\/1.1-769x1024.jpeg\" alt=\"\" class=\"wp-image-3543\" srcset=\"https:\/\/soldadoadrianojose.com.br\/wp-content\/uploads\/2025\/10\/1.1-769x1024.jpeg 769w, https:\/\/soldadoadrianojose.com.br\/wp-content\/uploads\/2025\/10\/1.1-225x300.jpeg 225w, https:\/\/soldadoadrianojose.com.br\/wp-content\/uploads\/2025\/10\/1.1-768x1022.jpeg 768w, https:\/\/soldadoadrianojose.com.br\/wp-content\/uploads\/2025\/10\/1.1-1154x1536.jpeg 1154w, https:\/\/soldadoadrianojose.com.br\/wp-content\/uploads\/2025\/10\/1.1.jpeg 1202w\" sizes=\"(max-width: 769px) 100vw, 769px\" \/><\/figure>\n<\/figure>\n","protected":false},"excerpt":{"rendered":"<p>O deputado estadual Adriano Jos\u00e9 participou da emocionante festa em comemora\u00e7\u00e3o aos 56 anos de Marilena, realizada neste fim de semana. O evento reuniu a comunidade local em um clima de alegria, orgulho e gratid\u00e3o pela trajet\u00f3ria de desenvolvimento do munic\u00edpio. Durante a celebra\u00e7\u00e3o, o parlamentar destacou o empenho das lideran\u00e7as locais em promover o [&hellip;]<\/p>\n","protected":false},"author":3,"featured_media":3541,"comment_status":"open","ping_status":"open","sticky":false,"template":"","format":"standard","meta":{"footnotes":""},"categories":[1],"tags":[],"class_list":["post-3540","post","type-post","status-publish","format-standard","has-post-thumbnail","hentry","category-gabinete-sd"],"yoast_head":"<!-- This site is optimized with the Yoast SEO plugin v27.4 - https:\/\/yoast.com\/product\/yoast-seo-wordpress\/ -->\n<title>Deputado Adriano Jos\u00e9 participa da linda comemora\u00e7\u00e3o dos 56 anos de Marilena - Deputado Adriano Jos\u00e9<\/title>\n<meta name=\"robots\" content=\"index, follow, max-snippet:-1, max-image-preview:large, max-video-preview:-1\" \/>\n<link rel=\"canonical\" href=\"https:\/\/soldadoadrianojose.com.br\/index.php\/2025\/10\/19\/deputado-adriano-jose-participa-da-linda-comemoracao-dos-56-anos-de-marilena\/\" \/>\n<meta property=\"og:locale\" content=\"pt_BR\" \/>\n<meta property=\"og:type\" content=\"article\" \/>\n<meta property=\"og:title\" content=\"Deputado Adriano Jos\u00e9 participa da linda comemora\u00e7\u00e3o dos 56 anos de Marilena - Deputado Adriano Jos\u00e9\" \/>\n<meta property=\"og:description\" content=\"O deputado estadual Adriano Jos\u00e9 participou da emocionante festa em comemora\u00e7\u00e3o aos 56 anos de Marilena, realizada neste fim de semana. O evento reuniu a comunidade local em um clima de alegria, orgulho e gratid\u00e3o pela trajet\u00f3ria de desenvolvimento do munic\u00edpio. Durante a celebra\u00e7\u00e3o, o parlamentar destacou o empenho das lideran\u00e7as locais em promover o [&hellip;]\" \/>\n<meta property=\"og:url\" content=\"https:\/\/soldadoadrianojose.com.br\/index.php\/2025\/10\/19\/deputado-adriano-jose-participa-da-linda-comemoracao-dos-56-anos-de-marilena\/\" \/>\n<meta property=\"og:site_name\" content=\"Deputado Adriano Jos\u00e9\" \/>\n<meta property=\"article:published_time\" content=\"2025-10-19T22:54:08+00:00\" \/>\n<meta property=\"article:modified_time\" content=\"2025-10-19T22:54:09+00:00\" \/>\n<meta property=\"og:image\" content=\"https:\/\/soldadoadrianojose.com.br\/wp-content\/uploads\/2025\/10\/WhatsApp-Image-2025-10-19-at-13.46.57.jpeg\" \/>\n\t<meta property=\"og:image:width\" content=\"1600\" \/>\n\t<meta property=\"og:image:height\" content=\"1200\" \/>\n\t<meta property=\"og:image:type\" content=\"image\/jpeg\" \/>\n<meta name=\"author\" content=\"Emanuellig admin2\" \/>\n<meta name=\"twitter:card\" content=\"summary_large_image\" \/>\n<meta name=\"twitter:label1\" content=\"Escrito por\" \/>\n\t<meta name=\"twitter:data1\" content=\"Emanuellig admin2\" \/>\n\t<meta name=\"twitter:label2\" content=\"Est. tempo de leitura\" \/>\n\t<meta name=\"twitter:data2\" content=\"2 minutos\" \/>\n<script type=\"application\/ld+json\" class=\"yoast-schema-graph\">{\"@context\":\"https:\\\/\\\/schema.org\",\"@graph\":[{\"@type\":\"Article\",\"@id\":\"https:\\\/\\\/soldadoadrianojose.com.br\\\/index.php\\\/2025\\\/10\\\/19\\\/deputado-adriano-jose-participa-da-linda-comemoracao-dos-56-anos-de-marilena\\\/#article\",\"isPartOf\":{\"@id\":\"https:\\\/\\\/soldadoadrianojose.com.br\\\/index.php\\\/2025\\\/10\\\/19\\\/deputado-adriano-jose-participa-da-linda-comemoracao-dos-56-anos-de-marilena\\\/\"},\"author\":{\"name\":\"Emanuellig admin2\",\"@id\":\"https:\\\/\\\/soldadoadrianojose.com.br\\\/#\\\/schema\\\/person\\\/cd48425bd7edd36fa5917c88fbe1cec5\"},\"headline\":\"Deputado Adriano Jos\u00e9 participa da linda comemora\u00e7\u00e3o dos 56 anos de Marilena\",\"datePublished\":\"2025-10-19T22:54:08+00:00\",\"dateModified\":\"2025-10-19T22:54:09+00:00\",\"mainEntityOfPage\":{\"@id\":\"https:\\\/\\\/soldadoadrianojose.com.br\\\/index.php\\\/2025\\\/10\\\/19\\\/deputado-adriano-jose-participa-da-linda-comemoracao-dos-56-anos-de-marilena\\\/\"},\"wordCount\":191,\"commentCount\":0,\"publisher\":{\"@id\":\"https:\\\/\\\/soldadoadrianojose.com.br\\\/#\\\/schema\\\/person\\\/16f8e8defb7a4bd6c6082efcd1bdb6bb\"},\"image\":{\"@id\":\"https:\\\/\\\/soldadoadrianojose.com.br\\\/index.php\\\/2025\\\/10\\\/19\\\/deputado-adriano-jose-participa-da-linda-comemoracao-dos-56-anos-de-marilena\\\/#primaryimage\"},\"thumbnailUrl\":\"https:\\\/\\\/soldadoadrianojose.com.br\\\/wp-content\\\/uploads\\\/2025\\\/10\\\/WhatsApp-Image-2025-10-19-at-13.46.57.jpeg\",\"articleSection\":[\"GABINETE SD\"],\"inLanguage\":\"pt-BR\",\"potentialAction\":[{\"@type\":\"CommentAction\",\"name\":\"Comment\",\"target\":[\"https:\\\/\\\/soldadoadrianojose.com.br\\\/index.php\\\/2025\\\/10\\\/19\\\/deputado-adriano-jose-participa-da-linda-comemoracao-dos-56-anos-de-marilena\\\/#respond\"]}]},{\"@type\":\"WebPage\",\"@id\":\"https:\\\/\\\/soldadoadrianojose.com.br\\\/index.php\\\/2025\\\/10\\\/19\\\/deputado-adriano-jose-participa-da-linda-comemoracao-dos-56-anos-de-marilena\\\/\",\"url\":\"https:\\\/\\\/soldadoadrianojose.com.br\\\/index.php\\\/2025\\\/10\\\/19\\\/deputado-adriano-jose-participa-da-linda-comemoracao-dos-56-anos-de-marilena\\\/\",\"name\":\"Deputado Adriano Jos\u00e9 participa da linda comemora\u00e7\u00e3o dos 56 anos de Marilena - Deputado Adriano Jos\u00e9\",\"isPartOf\":{\"@id\":\"https:\\\/\\\/soldadoadrianojose.com.br\\\/#website\"},\"primaryImageOfPage\":{\"@id\":\"https:\\\/\\\/soldadoadrianojose.com.br\\\/index.php\\\/2025\\\/10\\\/19\\\/deputado-adriano-jose-participa-da-linda-comemoracao-dos-56-anos-de-marilena\\\/#primaryimage\"},\"image\":{\"@id\":\"https:\\\/\\\/soldadoadrianojose.com.br\\\/index.php\\\/2025\\\/10\\\/19\\\/deputado-adriano-jose-participa-da-linda-comemoracao-dos-56-anos-de-marilena\\\/#primaryimage\"},\"thumbnailUrl\":\"https:\\\/\\\/soldadoadrianojose.com.br\\\/wp-content\\\/uploads\\\/2025\\\/10\\\/WhatsApp-Image-2025-10-19-at-13.46.57.jpeg\",\"datePublished\":\"2025-10-19T22:54:08+00:00\",\"dateModified\":\"2025-10-19T22:54:09+00:00\",\"breadcrumb\":{\"@id\":\"https:\\\/\\\/soldadoadrianojose.com.br\\\/index.php\\\/2025\\\/10\\\/19\\\/deputado-adriano-jose-participa-da-linda-comemoracao-dos-56-anos-de-marilena\\\/#breadcrumb\"},\"inLanguage\":\"pt-BR\",\"potentialAction\":[{\"@type\":\"ReadAction\",\"target\":[\"https:\\\/\\\/soldadoadrianojose.com.br\\\/index.php\\\/2025\\\/10\\\/19\\\/deputado-adriano-jose-participa-da-linda-comemoracao-dos-56-anos-de-marilena\\\/\"]}]},{\"@type\":\"ImageObject\",\"inLanguage\":\"pt-BR\",\"@id\":\"https:\\\/\\\/soldadoadrianojose.com.br\\\/index.php\\\/2025\\\/10\\\/19\\\/deputado-adriano-jose-participa-da-linda-comemoracao-dos-56-anos-de-marilena\\\/#primaryimage\",\"url\":\"https:\\\/\\\/soldadoadrianojose.com.br\\\/wp-content\\\/uploads\\\/2025\\\/10\\\/WhatsApp-Image-2025-10-19-at-13.46.57.jpeg\",\"contentUrl\":\"https:\\\/\\\/soldadoadrianojose.com.br\\\/wp-content\\\/uploads\\\/2025\\\/10\\\/WhatsApp-Image-2025-10-19-at-13.46.57.jpeg\",\"width\":1600,\"height\":1200},{\"@type\":\"BreadcrumbList\",\"@id\":\"https:\\\/\\\/soldadoadrianojose.com.br\\\/index.php\\\/2025\\\/10\\\/19\\\/deputado-adriano-jose-participa-da-linda-comemoracao-dos-56-anos-de-marilena\\\/#breadcrumb\",\"itemListElement\":[{\"@type\":\"ListItem\",\"position\":1,\"name\":\"In\u00edcio\",\"item\":\"https:\\\/\\\/soldadoadrianojose.com.br\\\/\"},{\"@type\":\"ListItem\",\"position\":2,\"name\":\"Deputado Adriano Jos\u00e9 participa da linda comemora\u00e7\u00e3o dos 56 anos de Marilena\"}]},{\"@type\":\"WebSite\",\"@id\":\"https:\\\/\\\/soldadoadrianojose.com.br\\\/#website\",\"url\":\"https:\\\/\\\/soldadoadrianojose.com.br\\\/\",\"name\":\"Deputado Adriano Jos\u00e9\",\"description\":\"Nosso trabalho \u00e9 pelas pessoas\",\"publisher\":{\"@id\":\"https:\\\/\\\/soldadoadrianojose.com.br\\\/#\\\/schema\\\/person\\\/16f8e8defb7a4bd6c6082efcd1bdb6bb\"},\"potentialAction\":[{\"@type\":\"SearchAction\",\"target\":{\"@type\":\"EntryPoint\",\"urlTemplate\":\"https:\\\/\\\/soldadoadrianojose.com.br\\\/?s={search_term_string}\"},\"query-input\":{\"@type\":\"PropertyValueSpecification\",\"valueRequired\":true,\"valueName\":\"search_term_string\"}}],\"inLanguage\":\"pt-BR\"},{\"@type\":[\"Person\",\"Organization\"],\"@id\":\"https:\\\/\\\/soldadoadrianojose.com.br\\\/#\\\/schema\\\/person\\\/16f8e8defb7a4bd6c6082efcd1bdb6bb\",\"name\":\"soldadoadrianojose\",\"image\":{\"@type\":\"ImageObject\",\"inLanguage\":\"pt-BR\",\"@id\":\"https:\\\/\\\/soldadoadrianojose.com.br\\\/wp-content\\\/uploads\\\/2023\\\/02\\\/LOGO_CLEAR-5.png\",\"url\":\"https:\\\/\\\/soldadoadrianojose.com.br\\\/wp-content\\\/uploads\\\/2023\\\/02\\\/LOGO_CLEAR-5.png\",\"contentUrl\":\"https:\\\/\\\/soldadoadrianojose.com.br\\\/wp-content\\\/uploads\\\/2023\\\/02\\\/LOGO_CLEAR-5.png\",\"width\":3508,\"height\":998,\"caption\":\"soldadoadrianojose\"},\"logo\":{\"@id\":\"https:\\\/\\\/soldadoadrianojose.com.br\\\/wp-content\\\/uploads\\\/2023\\\/02\\\/LOGO_CLEAR-5.png\"},\"sameAs\":[\"https:\\\/\\\/soldadoadrianojose.com.br\"]},{\"@type\":\"Person\",\"@id\":\"https:\\\/\\\/soldadoadrianojose.com.br\\\/#\\\/schema\\\/person\\\/cd48425bd7edd36fa5917c88fbe1cec5\",\"name\":\"Emanuellig admin2\",\"image\":{\"@type\":\"ImageObject\",\"inLanguage\":\"pt-BR\",\"@id\":\"https:\\\/\\\/soldadoadrianojose.com.br\\\/wp-content\\\/litespeed\\\/avatar\\\/235a59a115f40132a17fc909e61bc31d.jpg?ver=1777092356\",\"url\":\"https:\\\/\\\/soldadoadrianojose.com.br\\\/wp-content\\\/litespeed\\\/avatar\\\/235a59a115f40132a17fc909e61bc31d.jpg?ver=1777092356\",\"contentUrl\":\"https:\\\/\\\/soldadoadrianojose.com.br\\\/wp-content\\\/litespeed\\\/avatar\\\/235a59a115f40132a17fc909e61bc31d.jpg?ver=1777092356\",\"caption\":\"Emanuellig admin2\"},\"url\":\"https:\\\/\\\/soldadoadrianojose.com.br\\\/index.php\\\/author\\\/manu\\\/\"}]}<\/script>\n<!-- \/ Yoast SEO plugin. -->","yoast_head_json":{"title":"Deputado Adriano Jos\u00e9 participa da linda comemora\u00e7\u00e3o dos 56 anos de Marilena - Deputado Adriano Jos\u00e9","robots":{"index":"index","follow":"follow","max-snippet":"max-snippet:-1","max-image-preview":"max-image-preview:large","max-video-preview":"max-video-preview:-1"},"canonical":"https:\/\/soldadoadrianojose.com.br\/index.php\/2025\/10\/19\/deputado-adriano-jose-participa-da-linda-comemoracao-dos-56-anos-de-marilena\/","og_locale":"pt_BR","og_type":"article","og_title":"Deputado Adriano Jos\u00e9 participa da linda comemora\u00e7\u00e3o dos 56 anos de Marilena - Deputado Adriano Jos\u00e9","og_description":"O deputado estadual Adriano Jos\u00e9 participou da emocionante festa em comemora\u00e7\u00e3o aos 56 anos de Marilena, realizada neste fim de semana. O evento reuniu a comunidade local em um clima de alegria, orgulho e gratid\u00e3o pela trajet\u00f3ria de desenvolvimento do munic\u00edpio. Durante a celebra\u00e7\u00e3o, o parlamentar destacou o empenho das lideran\u00e7as locais em promover o [&hellip;]","og_url":"https:\/\/soldadoadrianojose.com.br\/index.php\/2025\/10\/19\/deputado-adriano-jose-participa-da-linda-comemoracao-dos-56-anos-de-marilena\/","og_site_name":"Deputado Adriano Jos\u00e9","article_published_time":"2025-10-19T22:54:08+00:00","article_modified_time":"2025-10-19T22:54:09+00:00","og_image":[{"width":1600,"height":1200,"url":"https:\/\/soldadoadrianojose.com.br\/wp-content\/uploads\/2025\/10\/WhatsApp-Image-2025-10-19-at-13.46.57.jpeg","type":"image\/jpeg"}],"author":"Emanuellig admin2","twitter_card":"summary_large_image","twitter_misc":{"Escrito por":"Emanuellig admin2","Est. tempo de leitura":"2 minutos"},"schema":{"@context":"https:\/\/schema.org","@graph":[{"@type":"Article","@id":"https:\/\/soldadoadrianojose.com.br\/index.php\/2025\/10\/19\/deputado-adriano-jose-participa-da-linda-comemoracao-dos-56-anos-de-marilena\/#article","isPartOf":{"@id":"https:\/\/soldadoadrianojose.com.br\/index.php\/2025\/10\/19\/deputado-adriano-jose-participa-da-linda-comemoracao-dos-56-anos-de-marilena\/"},"author":{"name":"Emanuellig admin2","@id":"https:\/\/soldadoadrianojose.com.br\/#\/schema\/person\/cd48425bd7edd36fa5917c88fbe1cec5"},"headline":"Deputado Adriano Jos\u00e9 participa da linda comemora\u00e7\u00e3o dos 56 anos de Marilena","datePublished":"2025-10-19T22:54:08+00:00","dateModified":"2025-10-19T22:54:09+00:00","mainEntityOfPage":{"@id":"https:\/\/soldadoadrianojose.com.br\/index.php\/2025\/10\/19\/deputado-adriano-jose-participa-da-linda-comemoracao-dos-56-anos-de-marilena\/"},"wordCount":191,"commentCount":0,"publisher":{"@id":"https:\/\/soldadoadrianojose.com.br\/#\/schema\/person\/16f8e8defb7a4bd6c6082efcd1bdb6bb"},"image":{"@id":"https:\/\/soldadoadrianojose.com.br\/index.php\/2025\/10\/19\/deputado-adriano-jose-participa-da-linda-comemoracao-dos-56-anos-de-marilena\/#primaryimage"},"thumbnailUrl":"https:\/\/soldadoadrianojose.com.br\/wp-content\/uploads\/2025\/10\/WhatsApp-Image-2025-10-19-at-13.46.57.jpeg","articleSection":["GABINETE SD"],"inLanguage":"pt-BR","potentialAction":[{"@type":"CommentAction","name":"Comment","target":["https:\/\/soldadoadrianojose.com.br\/index.php\/2025\/10\/19\/deputado-adriano-jose-participa-da-linda-comemoracao-dos-56-anos-de-marilena\/#respond"]}]},{"@type":"WebPage","@id":"https:\/\/soldadoadrianojose.com.br\/index.php\/2025\/10\/19\/deputado-adriano-jose-participa-da-linda-comemoracao-dos-56-anos-de-marilena\/","url":"https:\/\/soldadoadrianojose.com.br\/index.php\/2025\/10\/19\/deputado-adriano-jose-participa-da-linda-comemoracao-dos-56-anos-de-marilena\/","name":"Deputado Adriano Jos\u00e9 participa da linda comemora\u00e7\u00e3o dos 56 anos de Marilena - Deputado Adriano Jos\u00e9","isPartOf":{"@id":"https:\/\/soldadoadrianojose.com.br\/#website"},"primaryImageOfPage":{"@id":"https:\/\/soldadoadrianojose.com.br\/index.php\/2025\/10\/19\/deputado-adriano-jose-participa-da-linda-comemoracao-dos-56-anos-de-marilena\/#primaryimage"},"image":{"@id":"https:\/\/soldadoadrianojose.com.br\/index.php\/2025\/10\/19\/deputado-adriano-jose-participa-da-linda-comemoracao-dos-56-anos-de-marilena\/#primaryimage"},"thumbnailUrl":"https:\/\/soldadoadrianojose.com.br\/wp-content\/uploads\/2025\/10\/WhatsApp-Image-2025-10-19-at-13.46.57.jpeg","datePublished":"2025-10-19T22:54:08+00:00","dateModified":"2025-10-19T22:54:09+00:00","breadcrumb":{"@id":"https:\/\/soldadoadrianojose.com.br\/index.php\/2025\/10\/19\/deputado-adriano-jose-participa-da-linda-comemoracao-dos-56-anos-de-marilena\/#breadcrumb"},"inLanguage":"pt-BR","potentialAction":[{"@type":"ReadAction","target":["https:\/\/soldadoadrianojose.com.br\/index.php\/2025\/10\/19\/deputado-adriano-jose-participa-da-linda-comemoracao-dos-56-anos-de-marilena\/"]}]},{"@type":"ImageObject","inLanguage":"pt-BR","@id":"https:\/\/soldadoadrianojose.com.br\/index.php\/2025\/10\/19\/deputado-adriano-jose-participa-da-linda-comemoracao-dos-56-anos-de-marilena\/#primaryimage","url":"https:\/\/soldadoadrianojose.com.br\/wp-content\/uploads\/2025\/10\/WhatsApp-Image-2025-10-19-at-13.46.57.jpeg","contentUrl":"https:\/\/soldadoadrianojose.com.br\/wp-content\/uploads\/2025\/10\/WhatsApp-Image-2025-10-19-at-13.46.57.jpeg","width":1600,"height":1200},{"@type":"BreadcrumbList","@id":"https:\/\/soldadoadrianojose.com.br\/index.php\/2025\/10\/19\/deputado-adriano-jose-participa-da-linda-comemoracao-dos-56-anos-de-marilena\/#breadcrumb","itemListElement":[{"@type":"ListItem","position":1,"name":"In\u00edcio","item":"https:\/\/soldadoadrianojose.com.br\/"},{"@type":"ListItem","position":2,"name":"Deputado Adriano Jos\u00e9 participa da linda comemora\u00e7\u00e3o dos 56 anos de Marilena"}]},{"@type":"WebSite","@id":"https:\/\/soldadoadrianojose.com.br\/#website","url":"https:\/\/soldadoadrianojose.com.br\/","name":"Deputado Adriano Jos\u00e9","description":"Nosso trabalho \u00e9 pelas pessoas","publisher":{"@id":"https:\/\/soldadoadrianojose.com.br\/#\/schema\/person\/16f8e8defb7a4bd6c6082efcd1bdb6bb"},"potentialAction":[{"@type":"SearchAction","target":{"@type":"EntryPoint","urlTemplate":"https:\/\/soldadoadrianojose.com.br\/?s={search_term_string}"},"query-input":{"@type":"PropertyValueSpecification","valueRequired":true,"valueName":"search_term_string"}}],"inLanguage":"pt-BR"},{"@type":["Person","Organization"],"@id":"https:\/\/soldadoadrianojose.com.br\/#\/schema\/person\/16f8e8defb7a4bd6c6082efcd1bdb6bb","name":"soldadoadrianojose","image":{"@type":"ImageObject","inLanguage":"pt-BR","@id":"https:\/\/soldadoadrianojose.com.br\/wp-content\/uploads\/2023\/02\/LOGO_CLEAR-5.png","url":"https:\/\/soldadoadrianojose.com.br\/wp-content\/uploads\/2023\/02\/LOGO_CLEAR-5.png","contentUrl":"https:\/\/soldadoadrianojose.com.br\/wp-content\/uploads\/2023\/02\/LOGO_CLEAR-5.png","width":3508,"height":998,"caption":"soldadoadrianojose"},"logo":{"@id":"https:\/\/soldadoadrianojose.com.br\/wp-content\/uploads\/2023\/02\/LOGO_CLEAR-5.png"},"sameAs":["https:\/\/soldadoadrianojose.com.br"]},{"@type":"Person","@id":"https:\/\/soldadoadrianojose.com.br\/#\/schema\/person\/cd48425bd7edd36fa5917c88fbe1cec5","name":"Emanuellig admin2","image":{"@type":"ImageObject","inLanguage":"pt-BR","@id":"https:\/\/soldadoadrianojose.com.br\/wp-content\/litespeed\/avatar\/235a59a115f40132a17fc909e61bc31d.jpg?ver=1777092356","url":"https:\/\/soldadoadrianojose.com.br\/wp-content\/litespeed\/avatar\/235a59a115f40132a17fc909e61bc31d.jpg?ver=1777092356","contentUrl":"https:\/\/soldadoadrianojose.com.br\/wp-content\/litespeed\/avatar\/235a59a115f40132a17fc909e61bc31d.jpg?ver=1777092356","caption":"Emanuellig admin2"},"url":"https:\/\/soldadoadrianojose.com.br\/index.php\/author\/manu\/"}]}},"jetpack_featured_media_url":"https:\/\/soldadoadrianojose.com.br\/wp-content\/uploads\/2025\/10\/WhatsApp-Image-2025-10-19-at-13.46.57.jpeg","_links":{"self":[{"href":"https:\/\/soldadoadrianojose.com.br\/index.php\/wp-json\/wp\/v2\/posts\/3540","targetHints":{"allow":["GET"]}}],"collection":[{"href":"https:\/\/soldadoadrianojose.com.br\/index.php\/wp-json\/wp\/v2\/posts"}],"about":[{"href":"https:\/\/soldadoadrianojose.com.br\/index.php\/wp-json\/wp\/v2\/types\/post"}],"author":[{"embeddable":true,"href":"https:\/\/soldadoadrianojose.com.br\/index.php\/wp-json\/wp\/v2\/users\/3"}],"replies":[{"embeddable":true,"href":"https:\/\/soldadoadrianojose.com.br\/index.php\/wp-json\/wp\/v2\/comments?post=3540"}],"version-history":[{"count":1,"href":"https:\/\/soldadoadrianojose.com.br\/index.php\/wp-json\/wp\/v2\/posts\/3540\/revisions"}],"predecessor-version":[{"id":3546,"href":"https:\/\/soldadoadrianojose.com.br\/index.php\/wp-json\/wp\/v2\/posts\/3540\/revisions\/3546"}],"wp:featuredmedia":[{"embeddable":true,"href":"https:\/\/soldadoadrianojose.com.br\/index.php\/wp-json\/wp\/v2\/media\/3541"}],"wp:attachment":[{"href":"https:\/\/soldadoadrianojose.com.br\/index.php\/wp-json\/wp\/v2\/media?parent=3540"}],"wp:term":[{"taxonomy":"category","embeddable":true,"href":"https:\/\/soldadoadrianojose.com.br\/index.php\/wp-json\/wp\/v2\/categories?post=3540"},{"taxonomy":"post_tag","embeddable":true,"href":"https:\/\/soldadoadrianojose.com.br\/index.php\/wp-json\/wp\/v2\/tags?post=3540"}],"curies":[{"name":"wp","href":"https:\/\/api.w.org\/{rel}","templated":true}]}}