{"id":3548,"date":"2025-10-22T14:32:10","date_gmt":"2025-10-22T17:32:10","guid":{"rendered":"https:\/\/soldadoadrianojose.com.br\/?p=3548"},"modified":"2025-10-22T14:32:42","modified_gmt":"2025-10-22T17:32:42","slug":"prefeita-geny-violatto-destaca-avancos-em-santo-inacio-em-entrevista-com-deputado-adriano-jose-no-programa-conexao","status":"publish","type":"post","link":"https:\/\/soldadoadrianojose.com.br\/index.php\/2025\/10\/22\/prefeita-geny-violatto-destaca-avancos-em-santo-inacio-em-entrevista-com-deputado-adriano-jose-no-programa-conexao\/","title":{"rendered":"Prefeita Geny Violatto destaca avan\u00e7os em Santo In\u00e1cio em entrevista com Deputado Adriano Jos\u00e9 no Programa Conex\u00e3o"},"content":{"rendered":"\n<p>A prefeita de Santo In\u00e1cio, Doutora Geny Violatto, participou de uma entrevista emocionante e repleta de boas not\u00edcias sobre os avan\u00e7os no munic\u00edpio. M\u00e9dica e atualmente em seu segundo mandato, a gestora compartilhou os desafios e as conquistas de uma administra\u00e7\u00e3o que tem transformado a cidade e melhorado a qualidade de vida da popula\u00e7\u00e3o.<\/p>\n\n\n\n<p><br>Logo no in\u00edcio da conversa, a prefeita relembrou os primeiros dias de mandato, marcados pela pandemia, e destacou uma de suas maiores realiza\u00e7\u00f5es: a implanta\u00e7\u00e3o da Unidade de Pronto Atendimento 24 horas, inaugurada no d\u00e9cimo dia de governo. \u201cFoi um momento muito dif\u00edcil, mas conseguimos abrir o 24 horas em plena pandemia. Hoje j\u00e1 contamos com mais tr\u00eas unidades de sa\u00fade al\u00e9m dessa\u201d, explicou.<br><\/p>\n\n\n\n<p>Outro grande avan\u00e7o \u00e9 o projeto da nova unidade mista de sa\u00fade, que integrar\u00e1 o pronto-atendimento com o programa Sa\u00fade da Fam\u00edlia, oferecendo estrutura moderna e atendimento ampliado \u00e0 popula\u00e7\u00e3o.<br><\/p>\n\n\n\n<p>Na \u00e1rea da infraestrutura, Santo In\u00e1cio vive um per\u00edodo de grandes obras. A prefeita citou a pavimenta\u00e7\u00e3o da Rua Boiadeira, um sonho antigo dos moradores, realizada com apoio do governador Ratinho Junior, do programa Asfalto Novo, Vida Nova, que destinou parte dos recursos. \u201cHoje, as fam\u00edlias que vivem ali se sentem realmente parte da cidade\u201d, comemorou.<br><\/p>\n\n\n\n<p>Outros projetos importantes incluem a pavimenta\u00e7\u00e3o da Vila Rural, que j\u00e1 est\u00e1 com metade das vias conclu\u00eddas em bloco sextavado, e o in\u00edcio da licita\u00e7\u00e3o do emiss\u00e1rio, etapa fundamental para a constru\u00e7\u00e3o de 136 novas moradias da Cohapar, 26 casas do programa BID Custo Zero e mais 10 unidades concedidas pelo Governo do Estado. O investimento no emiss\u00e1rio, de R$ 2,3 milh\u00f5es, foi garantido pelo governador Ratinho Junior.<\/p>\n\n\n\n<p><br>Na educa\u00e7\u00e3o, a prefeita tamb\u00e9m vem deixando sua marca. Escolas municipais foram reformadas, os col\u00e9gios estaduais t\u00eam recebido recursos com o apoio do Governo do Estado, e 70 universit\u00e1rios de Santo In\u00e1cio contam atualmente com transporte gratuito para Maring\u00e1, garantindo oportunidades de forma\u00e7\u00e3o e crescimento profissional. \u201cMeu compromisso \u00e9 continuar investindo na vida das pessoas. Tudo o que fazemos \u00e9 pensando na melhoria da qualidade de vida da nossa popula\u00e7\u00e3o e no futuro da nossa cidade\u201d, destacou a prefeita.<\/p>\n\n\n\n<p><br>O deputado estadual Adriano Jos\u00e9 parabenizou a prefeita pela gest\u00e3o exemplar e pelo comprometimento com o desenvolvimento de Santo In\u00e1cio. \u201cA doutora Geny \u00e9 uma gestora de resultados, que trabalha com cora\u00e7\u00e3o e seriedade. O munic\u00edpio \u00e9 exemplo de boa administra\u00e7\u00e3o e de parceria com o Governo do Estado\u201d, afirmou o parlamentar.<\/p>\n\n\n\n<p><br>Com planejamento, dedica\u00e7\u00e3o e parcerias s\u00f3lidas, Santo In\u00e1cio segue avan\u00e7ando sob a lideran\u00e7a da prefeita Doutora Geny \u2014 um trabalho que reflete cuidado com as pessoas, investimento em infraestrutura e compromisso com o futuro.<\/p>\n\n\n\n<p>Acompanhe a entrevista completa:<\/p>\n\n\n\n<figure class=\"wp-block-embed is-type-video is-provider-youtube wp-block-embed-youtube wp-embed-aspect-16-9 wp-has-aspect-ratio\"><div class=\"wp-block-embed__wrapper\">\n<div  id=\"_ytid_45698\"  width=\"800\" height=\"450\"  data-origwidth=\"800\" data-origheight=\"450\" data-facadesrc=\"https:\/\/www.youtube.com\/embed\/2HBcvLvvO9w?enablejsapi=1&#038;autoplay=0&#038;cc_load_policy=0&#038;cc_lang_pref=&#038;iv_load_policy=1&#038;loop=0&#038;rel=1&#038;fs=1&#038;playsinline=0&#038;autohide=2&#038;theme=dark&#038;color=red&#038;controls=1&#038;disablekb=0&#038;\" class=\"__youtube_prefs__ epyt-facade epyt-is-override  no-lazyload\" data-epautoplay=\"1\" ><img decoding=\"async\" data-spai-excluded=\"true\" class=\"epyt-facade-poster skip-lazy\" loading=\"lazy\"  alt=\"YouTube player\"  src=\"https:\/\/i.ytimg.com\/vi\/2HBcvLvvO9w\/maxresdefault.jpg\"  \/><button class=\"epyt-facade-play\" aria-label=\"Play\"><svg data-no-lazy=\"1\" height=\"100%\" version=\"1.1\" viewBox=\"0 0 68 48\" width=\"100%\"><path class=\"ytp-large-play-button-bg\" d=\"M66.52,7.74c-0.78-2.93-2.49-5.41-5.42-6.19C55.79,.13,34,0,34,0S12.21,.13,6.9,1.55 C3.97,2.33,2.27,4.81,1.48,7.74C0.06,13.05,0,24,0,24s0.06,10.95,1.48,16.26c0.78,2.93,2.49,5.41,5.42,6.19 C12.21,47.87,34,48,34,48s21.79-0.13,27.1-1.55c2.93-0.78,4.64-3.26,5.42-6.19C67.94,34.95,68,24,68,24S67.94,13.05,66.52,7.74z\" fill=\"#f00\"><\/path><path d=\"M 45,24 27,14 27,34\" fill=\"#fff\"><\/path><\/svg><\/button><\/div>\n<\/div><\/figure>\n","protected":false},"excerpt":{"rendered":"<p>A prefeita de Santo In\u00e1cio, Doutora Geny Violatto, participou de uma entrevista emocionante e repleta de boas not\u00edcias sobre os avan\u00e7os no munic\u00edpio. M\u00e9dica e atualmente em seu segundo mandato, a gestora compartilhou os desafios e as conquistas de uma administra\u00e7\u00e3o que tem transformado a cidade e melhorado a qualidade de vida da popula\u00e7\u00e3o. Logo [&hellip;]<\/p>\n","protected":false},"author":3,"featured_media":3550,"comment_status":"open","ping_status":"open","sticky":false,"template":"","format":"standard","meta":{"footnotes":""},"categories":[88],"tags":[],"class_list":["post-3548","post","type-post","status-publish","format-standard","has-post-thumbnail","hentry","category-programa-conexao"],"yoast_head":"<!-- This site is optimized with the Yoast SEO plugin v27.4 - https:\/\/yoast.com\/product\/yoast-seo-wordpress\/ -->\n<title>Prefeita Geny Violatto destaca avan\u00e7os em Santo In\u00e1cio em entrevista com Deputado Adriano Jos\u00e9 no Programa Conex\u00e3o - Deputado Adriano Jos\u00e9<\/title>\n<meta name=\"robots\" content=\"index, follow, max-snippet:-1, max-image-preview:large, max-video-preview:-1\" \/>\n<link rel=\"canonical\" href=\"https:\/\/soldadoadrianojose.com.br\/index.php\/2025\/10\/22\/prefeita-geny-violatto-destaca-avancos-em-santo-inacio-em-entrevista-com-deputado-adriano-jose-no-programa-conexao\/\" \/>\n<meta property=\"og:locale\" content=\"pt_BR\" \/>\n<meta property=\"og:type\" content=\"article\" \/>\n<meta property=\"og:title\" content=\"Prefeita Geny Violatto destaca avan\u00e7os em Santo In\u00e1cio em entrevista com Deputado Adriano Jos\u00e9 no Programa Conex\u00e3o - Deputado Adriano Jos\u00e9\" \/>\n<meta property=\"og:description\" content=\"A prefeita de Santo In\u00e1cio, Doutora Geny Violatto, participou de uma entrevista emocionante e repleta de boas not\u00edcias sobre os avan\u00e7os no munic\u00edpio. M\u00e9dica e atualmente em seu segundo mandato, a gestora compartilhou os desafios e as conquistas de uma administra\u00e7\u00e3o que tem transformado a cidade e melhorado a qualidade de vida da popula\u00e7\u00e3o. Logo [&hellip;]\" \/>\n<meta property=\"og:url\" content=\"https:\/\/soldadoadrianojose.com.br\/index.php\/2025\/10\/22\/prefeita-geny-violatto-destaca-avancos-em-santo-inacio-em-entrevista-com-deputado-adriano-jose-no-programa-conexao\/\" \/>\n<meta property=\"og:site_name\" content=\"Deputado Adriano Jos\u00e9\" \/>\n<meta property=\"article:published_time\" content=\"2025-10-22T17:32:10+00:00\" \/>\n<meta property=\"article:modified_time\" content=\"2025-10-22T17:32:42+00:00\" \/>\n<meta property=\"og:image\" content=\"https:\/\/soldadoadrianojose.com.br\/wp-content\/uploads\/2025\/10\/Geny-Violatto.jpeg\" \/>\n\t<meta property=\"og:image:width\" content=\"1064\" \/>\n\t<meta property=\"og:image:height\" content=\"601\" \/>\n\t<meta property=\"og:image:type\" content=\"image\/jpeg\" \/>\n<meta name=\"author\" content=\"Emanuellig admin2\" \/>\n<meta name=\"twitter:card\" content=\"summary_large_image\" \/>\n<meta name=\"twitter:label1\" content=\"Escrito por\" \/>\n\t<meta name=\"twitter:data1\" content=\"Emanuellig admin2\" \/>\n\t<meta name=\"twitter:label2\" content=\"Est. tempo de leitura\" \/>\n\t<meta name=\"twitter:data2\" content=\"3 minutos\" \/>\n<script type=\"application\/ld+json\" class=\"yoast-schema-graph\">{\"@context\":\"https:\\\/\\\/schema.org\",\"@graph\":[{\"@type\":\"Article\",\"@id\":\"https:\\\/\\\/soldadoadrianojose.com.br\\\/index.php\\\/2025\\\/10\\\/22\\\/prefeita-geny-violatto-destaca-avancos-em-santo-inacio-em-entrevista-com-deputado-adriano-jose-no-programa-conexao\\\/#article\",\"isPartOf\":{\"@id\":\"https:\\\/\\\/soldadoadrianojose.com.br\\\/index.php\\\/2025\\\/10\\\/22\\\/prefeita-geny-violatto-destaca-avancos-em-santo-inacio-em-entrevista-com-deputado-adriano-jose-no-programa-conexao\\\/\"},\"author\":{\"name\":\"Emanuellig admin2\",\"@id\":\"https:\\\/\\\/soldadoadrianojose.com.br\\\/#\\\/schema\\\/person\\\/cd48425bd7edd36fa5917c88fbe1cec5\"},\"headline\":\"Prefeita Geny Violatto destaca avan\u00e7os em Santo In\u00e1cio em entrevista com Deputado Adriano Jos\u00e9 no Programa Conex\u00e3o\",\"datePublished\":\"2025-10-22T17:32:10+00:00\",\"dateModified\":\"2025-10-22T17:32:42+00:00\",\"mainEntityOfPage\":{\"@id\":\"https:\\\/\\\/soldadoadrianojose.com.br\\\/index.php\\\/2025\\\/10\\\/22\\\/prefeita-geny-violatto-destaca-avancos-em-santo-inacio-em-entrevista-com-deputado-adriano-jose-no-programa-conexao\\\/\"},\"wordCount\":505,\"commentCount\":0,\"publisher\":{\"@id\":\"https:\\\/\\\/soldadoadrianojose.com.br\\\/#\\\/schema\\\/person\\\/16f8e8defb7a4bd6c6082efcd1bdb6bb\"},\"image\":{\"@id\":\"https:\\\/\\\/soldadoadrianojose.com.br\\\/index.php\\\/2025\\\/10\\\/22\\\/prefeita-geny-violatto-destaca-avancos-em-santo-inacio-em-entrevista-com-deputado-adriano-jose-no-programa-conexao\\\/#primaryimage\"},\"thumbnailUrl\":\"https:\\\/\\\/soldadoadrianojose.com.br\\\/wp-content\\\/uploads\\\/2025\\\/10\\\/Geny-Violatto.jpeg\",\"articleSection\":[\"PROGRAMA CONEX\u00c3O\"],\"inLanguage\":\"pt-BR\",\"potentialAction\":[{\"@type\":\"CommentAction\",\"name\":\"Comment\",\"target\":[\"https:\\\/\\\/soldadoadrianojose.com.br\\\/index.php\\\/2025\\\/10\\\/22\\\/prefeita-geny-violatto-destaca-avancos-em-santo-inacio-em-entrevista-com-deputado-adriano-jose-no-programa-conexao\\\/#respond\"]}]},{\"@type\":\"WebPage\",\"@id\":\"https:\\\/\\\/soldadoadrianojose.com.br\\\/index.php\\\/2025\\\/10\\\/22\\\/prefeita-geny-violatto-destaca-avancos-em-santo-inacio-em-entrevista-com-deputado-adriano-jose-no-programa-conexao\\\/\",\"url\":\"https:\\\/\\\/soldadoadrianojose.com.br\\\/index.php\\\/2025\\\/10\\\/22\\\/prefeita-geny-violatto-destaca-avancos-em-santo-inacio-em-entrevista-com-deputado-adriano-jose-no-programa-conexao\\\/\",\"name\":\"Prefeita Geny Violatto destaca avan\u00e7os em Santo In\u00e1cio em entrevista com Deputado Adriano Jos\u00e9 no Programa Conex\u00e3o - Deputado Adriano Jos\u00e9\",\"isPartOf\":{\"@id\":\"https:\\\/\\\/soldadoadrianojose.com.br\\\/#website\"},\"primaryImageOfPage\":{\"@id\":\"https:\\\/\\\/soldadoadrianojose.com.br\\\/index.php\\\/2025\\\/10\\\/22\\\/prefeita-geny-violatto-destaca-avancos-em-santo-inacio-em-entrevista-com-deputado-adriano-jose-no-programa-conexao\\\/#primaryimage\"},\"image\":{\"@id\":\"https:\\\/\\\/soldadoadrianojose.com.br\\\/index.php\\\/2025\\\/10\\\/22\\\/prefeita-geny-violatto-destaca-avancos-em-santo-inacio-em-entrevista-com-deputado-adriano-jose-no-programa-conexao\\\/#primaryimage\"},\"thumbnailUrl\":\"https:\\\/\\\/soldadoadrianojose.com.br\\\/wp-content\\\/uploads\\\/2025\\\/10\\\/Geny-Violatto.jpeg\",\"datePublished\":\"2025-10-22T17:32:10+00:00\",\"dateModified\":\"2025-10-22T17:32:42+00:00\",\"breadcrumb\":{\"@id\":\"https:\\\/\\\/soldadoadrianojose.com.br\\\/index.php\\\/2025\\\/10\\\/22\\\/prefeita-geny-violatto-destaca-avancos-em-santo-inacio-em-entrevista-com-deputado-adriano-jose-no-programa-conexao\\\/#breadcrumb\"},\"inLanguage\":\"pt-BR\",\"potentialAction\":[{\"@type\":\"ReadAction\",\"target\":[\"https:\\\/\\\/soldadoadrianojose.com.br\\\/index.php\\\/2025\\\/10\\\/22\\\/prefeita-geny-violatto-destaca-avancos-em-santo-inacio-em-entrevista-com-deputado-adriano-jose-no-programa-conexao\\\/\"]}]},{\"@type\":\"ImageObject\",\"inLanguage\":\"pt-BR\",\"@id\":\"https:\\\/\\\/soldadoadrianojose.com.br\\\/index.php\\\/2025\\\/10\\\/22\\\/prefeita-geny-violatto-destaca-avancos-em-santo-inacio-em-entrevista-com-deputado-adriano-jose-no-programa-conexao\\\/#primaryimage\",\"url\":\"https:\\\/\\\/soldadoadrianojose.com.br\\\/wp-content\\\/uploads\\\/2025\\\/10\\\/Geny-Violatto.jpeg\",\"contentUrl\":\"https:\\\/\\\/soldadoadrianojose.com.br\\\/wp-content\\\/uploads\\\/2025\\\/10\\\/Geny-Violatto.jpeg\",\"width\":1064,\"height\":601},{\"@type\":\"BreadcrumbList\",\"@id\":\"https:\\\/\\\/soldadoadrianojose.com.br\\\/index.php\\\/2025\\\/10\\\/22\\\/prefeita-geny-violatto-destaca-avancos-em-santo-inacio-em-entrevista-com-deputado-adriano-jose-no-programa-conexao\\\/#breadcrumb\",\"itemListElement\":[{\"@type\":\"ListItem\",\"position\":1,\"name\":\"In\u00edcio\",\"item\":\"https:\\\/\\\/soldadoadrianojose.com.br\\\/\"},{\"@type\":\"ListItem\",\"position\":2,\"name\":\"Prefeita Geny Violatto destaca avan\u00e7os em Santo In\u00e1cio em entrevista com Deputado Adriano Jos\u00e9 no Programa Conex\u00e3o\"}]},{\"@type\":\"WebSite\",\"@id\":\"https:\\\/\\\/soldadoadrianojose.com.br\\\/#website\",\"url\":\"https:\\\/\\\/soldadoadrianojose.com.br\\\/\",\"name\":\"Deputado Adriano Jos\u00e9\",\"description\":\"Nosso trabalho \u00e9 pelas pessoas\",\"publisher\":{\"@id\":\"https:\\\/\\\/soldadoadrianojose.com.br\\\/#\\\/schema\\\/person\\\/16f8e8defb7a4bd6c6082efcd1bdb6bb\"},\"potentialAction\":[{\"@type\":\"SearchAction\",\"target\":{\"@type\":\"EntryPoint\",\"urlTemplate\":\"https:\\\/\\\/soldadoadrianojose.com.br\\\/?s={search_term_string}\"},\"query-input\":{\"@type\":\"PropertyValueSpecification\",\"valueRequired\":true,\"valueName\":\"search_term_string\"}}],\"inLanguage\":\"pt-BR\"},{\"@type\":[\"Person\",\"Organization\"],\"@id\":\"https:\\\/\\\/soldadoadrianojose.com.br\\\/#\\\/schema\\\/person\\\/16f8e8defb7a4bd6c6082efcd1bdb6bb\",\"name\":\"soldadoadrianojose\",\"image\":{\"@type\":\"ImageObject\",\"inLanguage\":\"pt-BR\",\"@id\":\"https:\\\/\\\/soldadoadrianojose.com.br\\\/wp-content\\\/uploads\\\/2023\\\/02\\\/LOGO_CLEAR-5.png\",\"url\":\"https:\\\/\\\/soldadoadrianojose.com.br\\\/wp-content\\\/uploads\\\/2023\\\/02\\\/LOGO_CLEAR-5.png\",\"contentUrl\":\"https:\\\/\\\/soldadoadrianojose.com.br\\\/wp-content\\\/uploads\\\/2023\\\/02\\\/LOGO_CLEAR-5.png\",\"width\":3508,\"height\":998,\"caption\":\"soldadoadrianojose\"},\"logo\":{\"@id\":\"https:\\\/\\\/soldadoadrianojose.com.br\\\/wp-content\\\/uploads\\\/2023\\\/02\\\/LOGO_CLEAR-5.png\"},\"sameAs\":[\"https:\\\/\\\/soldadoadrianojose.com.br\"]},{\"@type\":\"Person\",\"@id\":\"https:\\\/\\\/soldadoadrianojose.com.br\\\/#\\\/schema\\\/person\\\/cd48425bd7edd36fa5917c88fbe1cec5\",\"name\":\"Emanuellig admin2\",\"image\":{\"@type\":\"ImageObject\",\"inLanguage\":\"pt-BR\",\"@id\":\"https:\\\/\\\/soldadoadrianojose.com.br\\\/wp-content\\\/litespeed\\\/avatar\\\/235a59a115f40132a17fc909e61bc31d.jpg?ver=1777092356\",\"url\":\"https:\\\/\\\/soldadoadrianojose.com.br\\\/wp-content\\\/litespeed\\\/avatar\\\/235a59a115f40132a17fc909e61bc31d.jpg?ver=1777092356\",\"contentUrl\":\"https:\\\/\\\/soldadoadrianojose.com.br\\\/wp-content\\\/litespeed\\\/avatar\\\/235a59a115f40132a17fc909e61bc31d.jpg?ver=1777092356\",\"caption\":\"Emanuellig admin2\"},\"url\":\"https:\\\/\\\/soldadoadrianojose.com.br\\\/index.php\\\/author\\\/manu\\\/\"}]}<\/script>\n<!-- \/ Yoast SEO plugin. -->","yoast_head_json":{"title":"Prefeita Geny Violatto destaca avan\u00e7os em Santo In\u00e1cio em entrevista com Deputado Adriano Jos\u00e9 no Programa Conex\u00e3o - Deputado Adriano Jos\u00e9","robots":{"index":"index","follow":"follow","max-snippet":"max-snippet:-1","max-image-preview":"max-image-preview:large","max-video-preview":"max-video-preview:-1"},"canonical":"https:\/\/soldadoadrianojose.com.br\/index.php\/2025\/10\/22\/prefeita-geny-violatto-destaca-avancos-em-santo-inacio-em-entrevista-com-deputado-adriano-jose-no-programa-conexao\/","og_locale":"pt_BR","og_type":"article","og_title":"Prefeita Geny Violatto destaca avan\u00e7os em Santo In\u00e1cio em entrevista com Deputado Adriano Jos\u00e9 no Programa Conex\u00e3o - Deputado Adriano Jos\u00e9","og_description":"A prefeita de Santo In\u00e1cio, Doutora Geny Violatto, participou de uma entrevista emocionante e repleta de boas not\u00edcias sobre os avan\u00e7os no munic\u00edpio. M\u00e9dica e atualmente em seu segundo mandato, a gestora compartilhou os desafios e as conquistas de uma administra\u00e7\u00e3o que tem transformado a cidade e melhorado a qualidade de vida da popula\u00e7\u00e3o. Logo [&hellip;]","og_url":"https:\/\/soldadoadrianojose.com.br\/index.php\/2025\/10\/22\/prefeita-geny-violatto-destaca-avancos-em-santo-inacio-em-entrevista-com-deputado-adriano-jose-no-programa-conexao\/","og_site_name":"Deputado Adriano Jos\u00e9","article_published_time":"2025-10-22T17:32:10+00:00","article_modified_time":"2025-10-22T17:32:42+00:00","og_image":[{"width":1064,"height":601,"url":"https:\/\/soldadoadrianojose.com.br\/wp-content\/uploads\/2025\/10\/Geny-Violatto.jpeg","type":"image\/jpeg"}],"author":"Emanuellig admin2","twitter_card":"summary_large_image","twitter_misc":{"Escrito por":"Emanuellig admin2","Est. tempo de leitura":"3 minutos"},"schema":{"@context":"https:\/\/schema.org","@graph":[{"@type":"Article","@id":"https:\/\/soldadoadrianojose.com.br\/index.php\/2025\/10\/22\/prefeita-geny-violatto-destaca-avancos-em-santo-inacio-em-entrevista-com-deputado-adriano-jose-no-programa-conexao\/#article","isPartOf":{"@id":"https:\/\/soldadoadrianojose.com.br\/index.php\/2025\/10\/22\/prefeita-geny-violatto-destaca-avancos-em-santo-inacio-em-entrevista-com-deputado-adriano-jose-no-programa-conexao\/"},"author":{"name":"Emanuellig admin2","@id":"https:\/\/soldadoadrianojose.com.br\/#\/schema\/person\/cd48425bd7edd36fa5917c88fbe1cec5"},"headline":"Prefeita Geny Violatto destaca avan\u00e7os em Santo In\u00e1cio em entrevista com Deputado Adriano Jos\u00e9 no Programa Conex\u00e3o","datePublished":"2025-10-22T17:32:10+00:00","dateModified":"2025-10-22T17:32:42+00:00","mainEntityOfPage":{"@id":"https:\/\/soldadoadrianojose.com.br\/index.php\/2025\/10\/22\/prefeita-geny-violatto-destaca-avancos-em-santo-inacio-em-entrevista-com-deputado-adriano-jose-no-programa-conexao\/"},"wordCount":505,"commentCount":0,"publisher":{"@id":"https:\/\/soldadoadrianojose.com.br\/#\/schema\/person\/16f8e8defb7a4bd6c6082efcd1bdb6bb"},"image":{"@id":"https:\/\/soldadoadrianojose.com.br\/index.php\/2025\/10\/22\/prefeita-geny-violatto-destaca-avancos-em-santo-inacio-em-entrevista-com-deputado-adriano-jose-no-programa-conexao\/#primaryimage"},"thumbnailUrl":"https:\/\/soldadoadrianojose.com.br\/wp-content\/uploads\/2025\/10\/Geny-Violatto.jpeg","articleSection":["PROGRAMA CONEX\u00c3O"],"inLanguage":"pt-BR","potentialAction":[{"@type":"CommentAction","name":"Comment","target":["https:\/\/soldadoadrianojose.com.br\/index.php\/2025\/10\/22\/prefeita-geny-violatto-destaca-avancos-em-santo-inacio-em-entrevista-com-deputado-adriano-jose-no-programa-conexao\/#respond"]}]},{"@type":"WebPage","@id":"https:\/\/soldadoadrianojose.com.br\/index.php\/2025\/10\/22\/prefeita-geny-violatto-destaca-avancos-em-santo-inacio-em-entrevista-com-deputado-adriano-jose-no-programa-conexao\/","url":"https:\/\/soldadoadrianojose.com.br\/index.php\/2025\/10\/22\/prefeita-geny-violatto-destaca-avancos-em-santo-inacio-em-entrevista-com-deputado-adriano-jose-no-programa-conexao\/","name":"Prefeita Geny Violatto destaca avan\u00e7os em Santo In\u00e1cio em entrevista com Deputado Adriano Jos\u00e9 no Programa Conex\u00e3o - Deputado Adriano Jos\u00e9","isPartOf":{"@id":"https:\/\/soldadoadrianojose.com.br\/#website"},"primaryImageOfPage":{"@id":"https:\/\/soldadoadrianojose.com.br\/index.php\/2025\/10\/22\/prefeita-geny-violatto-destaca-avancos-em-santo-inacio-em-entrevista-com-deputado-adriano-jose-no-programa-conexao\/#primaryimage"},"image":{"@id":"https:\/\/soldadoadrianojose.com.br\/index.php\/2025\/10\/22\/prefeita-geny-violatto-destaca-avancos-em-santo-inacio-em-entrevista-com-deputado-adriano-jose-no-programa-conexao\/#primaryimage"},"thumbnailUrl":"https:\/\/soldadoadrianojose.com.br\/wp-content\/uploads\/2025\/10\/Geny-Violatto.jpeg","datePublished":"2025-10-22T17:32:10+00:00","dateModified":"2025-10-22T17:32:42+00:00","breadcrumb":{"@id":"https:\/\/soldadoadrianojose.com.br\/index.php\/2025\/10\/22\/prefeita-geny-violatto-destaca-avancos-em-santo-inacio-em-entrevista-com-deputado-adriano-jose-no-programa-conexao\/#breadcrumb"},"inLanguage":"pt-BR","potentialAction":[{"@type":"ReadAction","target":["https:\/\/soldadoadrianojose.com.br\/index.php\/2025\/10\/22\/prefeita-geny-violatto-destaca-avancos-em-santo-inacio-em-entrevista-com-deputado-adriano-jose-no-programa-conexao\/"]}]},{"@type":"ImageObject","inLanguage":"pt-BR","@id":"https:\/\/soldadoadrianojose.com.br\/index.php\/2025\/10\/22\/prefeita-geny-violatto-destaca-avancos-em-santo-inacio-em-entrevista-com-deputado-adriano-jose-no-programa-conexao\/#primaryimage","url":"https:\/\/soldadoadrianojose.com.br\/wp-content\/uploads\/2025\/10\/Geny-Violatto.jpeg","contentUrl":"https:\/\/soldadoadrianojose.com.br\/wp-content\/uploads\/2025\/10\/Geny-Violatto.jpeg","width":1064,"height":601},{"@type":"BreadcrumbList","@id":"https:\/\/soldadoadrianojose.com.br\/index.php\/2025\/10\/22\/prefeita-geny-violatto-destaca-avancos-em-santo-inacio-em-entrevista-com-deputado-adriano-jose-no-programa-conexao\/#breadcrumb","itemListElement":[{"@type":"ListItem","position":1,"name":"In\u00edcio","item":"https:\/\/soldadoadrianojose.com.br\/"},{"@type":"ListItem","position":2,"name":"Prefeita Geny Violatto destaca avan\u00e7os em Santo In\u00e1cio em entrevista com Deputado Adriano Jos\u00e9 no Programa Conex\u00e3o"}]},{"@type":"WebSite","@id":"https:\/\/soldadoadrianojose.com.br\/#website","url":"https:\/\/soldadoadrianojose.com.br\/","name":"Deputado Adriano Jos\u00e9","description":"Nosso trabalho \u00e9 pelas pessoas","publisher":{"@id":"https:\/\/soldadoadrianojose.com.br\/#\/schema\/person\/16f8e8defb7a4bd6c6082efcd1bdb6bb"},"potentialAction":[{"@type":"SearchAction","target":{"@type":"EntryPoint","urlTemplate":"https:\/\/soldadoadrianojose.com.br\/?s={search_term_string}"},"query-input":{"@type":"PropertyValueSpecification","valueRequired":true,"valueName":"search_term_string"}}],"inLanguage":"pt-BR"},{"@type":["Person","Organization"],"@id":"https:\/\/soldadoadrianojose.com.br\/#\/schema\/person\/16f8e8defb7a4bd6c6082efcd1bdb6bb","name":"soldadoadrianojose","image":{"@type":"ImageObject","inLanguage":"pt-BR","@id":"https:\/\/soldadoadrianojose.com.br\/wp-content\/uploads\/2023\/02\/LOGO_CLEAR-5.png","url":"https:\/\/soldadoadrianojose.com.br\/wp-content\/uploads\/2023\/02\/LOGO_CLEAR-5.png","contentUrl":"https:\/\/soldadoadrianojose.com.br\/wp-content\/uploads\/2023\/02\/LOGO_CLEAR-5.png","width":3508,"height":998,"caption":"soldadoadrianojose"},"logo":{"@id":"https:\/\/soldadoadrianojose.com.br\/wp-content\/uploads\/2023\/02\/LOGO_CLEAR-5.png"},"sameAs":["https:\/\/soldadoadrianojose.com.br"]},{"@type":"Person","@id":"https:\/\/soldadoadrianojose.com.br\/#\/schema\/person\/cd48425bd7edd36fa5917c88fbe1cec5","name":"Emanuellig admin2","image":{"@type":"ImageObject","inLanguage":"pt-BR","@id":"https:\/\/soldadoadrianojose.com.br\/wp-content\/litespeed\/avatar\/235a59a115f40132a17fc909e61bc31d.jpg?ver=1777092356","url":"https:\/\/soldadoadrianojose.com.br\/wp-content\/litespeed\/avatar\/235a59a115f40132a17fc909e61bc31d.jpg?ver=1777092356","contentUrl":"https:\/\/soldadoadrianojose.com.br\/wp-content\/litespeed\/avatar\/235a59a115f40132a17fc909e61bc31d.jpg?ver=1777092356","caption":"Emanuellig admin2"},"url":"https:\/\/soldadoadrianojose.com.br\/index.php\/author\/manu\/"}]}},"jetpack_featured_media_url":"https:\/\/soldadoadrianojose.com.br\/wp-content\/uploads\/2025\/10\/Geny-Violatto.jpeg","_links":{"self":[{"href":"https:\/\/soldadoadrianojose.com.br\/index.php\/wp-json\/wp\/v2\/posts\/3548","targetHints":{"allow":["GET"]}}],"collection":[{"href":"https:\/\/soldadoadrianojose.com.br\/index.php\/wp-json\/wp\/v2\/posts"}],"about":[{"href":"https:\/\/soldadoadrianojose.com.br\/index.php\/wp-json\/wp\/v2\/types\/post"}],"author":[{"embeddable":true,"href":"https:\/\/soldadoadrianojose.com.br\/index.php\/wp-json\/wp\/v2\/users\/3"}],"replies":[{"embeddable":true,"href":"https:\/\/soldadoadrianojose.com.br\/index.php\/wp-json\/wp\/v2\/comments?post=3548"}],"version-history":[{"count":2,"href":"https:\/\/soldadoadrianojose.com.br\/index.php\/wp-json\/wp\/v2\/posts\/3548\/revisions"}],"predecessor-version":[{"id":3552,"href":"https:\/\/soldadoadrianojose.com.br\/index.php\/wp-json\/wp\/v2\/posts\/3548\/revisions\/3552"}],"wp:featuredmedia":[{"embeddable":true,"href":"https:\/\/soldadoadrianojose.com.br\/index.php\/wp-json\/wp\/v2\/media\/3550"}],"wp:attachment":[{"href":"https:\/\/soldadoadrianojose.com.br\/index.php\/wp-json\/wp\/v2\/media?parent=3548"}],"wp:term":[{"taxonomy":"category","embeddable":true,"href":"https:\/\/soldadoadrianojose.com.br\/index.php\/wp-json\/wp\/v2\/categories?post=3548"},{"taxonomy":"post_tag","embeddable":true,"href":"https:\/\/soldadoadrianojose.com.br\/index.php\/wp-json\/wp\/v2\/tags?post=3548"}],"curies":[{"name":"wp","href":"https:\/\/api.w.org\/{rel}","templated":true}]}}