{"id":3663,"date":"2025-12-18T14:03:37","date_gmt":"2025-12-18T17:03:37","guid":{"rendered":"https:\/\/soldadoadrianojose.com.br\/?p=3663"},"modified":"2025-12-18T15:01:46","modified_gmt":"2025-12-18T18:01:46","slug":"atuacao-municipalista-e-produtividade-legislativa-marcam-2025-de-adriano-jose-na-assembleia","status":"publish","type":"post","link":"https:\/\/soldadoadrianojose.com.br\/index.php\/2025\/12\/18\/atuacao-municipalista-e-produtividade-legislativa-marcam-2025-de-adriano-jose-na-assembleia\/","title":{"rendered":"Atua\u00e7\u00e3o municipalista e produtividade legislativa marcam 2025 de Adriano Jos\u00e9 na Assembleia"},"content":{"rendered":"<p>O deputado estadual Adriano Jos\u00e9 conclui o ano legislativo de 2025 com um balan\u00e7o marcado por 134 proposi\u00e7\u00f5es protocoladas na Assembleia Legislativa do Paran\u00e1, conforme relat\u00f3rio oficial do per\u00edodo. A atua\u00e7\u00e3o ao longo do ano manteve regularidade e distribui\u00e7\u00e3o tem\u00e1tica, com iniciativas apresentadas de janeiro a dezembro, evidenciando um mandato municipalista, orientado pela rela\u00e7\u00e3o direta com prefeitos, vereadores e demandas estruturais dos munic\u00edpios paranaenses.<\/p>\n<p>Com forte atua\u00e7\u00e3o nas \u00e1reas da educa\u00e7\u00e3o, sendo padrinho dos col\u00e9gios c\u00edvico-militares; da sa\u00fade, com a descentraliza\u00e7\u00e3o do atendimento para o interior; da infraestrutura, com a duplica\u00e7\u00e3o da PR-317, o trevo do Catua\u00ed, os viadutos de Sarandi e Mandaguari e a duplica\u00e7\u00e3o do Contorno Sul de Maring\u00e1; da inclus\u00e3o social, com apoio \u00e0s APAEs e a institui\u00e7\u00f5es voltadas ao espectro autista; da seguran\u00e7a p\u00fablica, com a valoriza\u00e7\u00e3o dos profissionais e investimentos em melhores estruturas, viaturas e armamentos; e da utilidade p\u00fablica, com apoio a ONGs e associa\u00e7\u00f5es.<\/p>\n<p>Na agricultura, destinou recursos para projetos de aquisi\u00e7\u00e3o de maquin\u00e1rios para os munic\u00edpios, no valor de R$ 3.700.000,00 (tr\u00eas milh\u00f5es e setecentos mil reais), al\u00e9m de pavimenta\u00e7\u00e3o de estradas rurais e recursos para pavimenta\u00e7\u00e3o e recapeamento asf\u00e1ltico nos munic\u00edpios.<\/p>\n<p>Adriano Jos\u00e9 apresentou propostas que avan\u00e7aram nas comiss\u00f5es permanentes da Casa e, em alguns casos, seguiram para envio \u00e0 san\u00e7\u00e3o. O trabalho t\u00e9cnico, aliado \u00e0 viv\u00eancia pr\u00e1tica, deu sustenta\u00e7\u00e3o a projetos que dialogam diretamente com as demandas do cotidiano, refor\u00e7ando o papel do Legislativo como agente ativo na constru\u00e7\u00e3o de pol\u00edticas p\u00fablicas mais eficientes e conectadas \u00e0 realidade do Estado.<\/p>\n<p>Os dados tamb\u00e9m demonstram o uso recorrente de instrumentos parlamentares voltados \u00e0 articula\u00e7\u00e3o institucional, como requerimentos direcionados a \u00f3rg\u00e3os do Executivo, participa\u00e7\u00e3o em frentes parlamentares e proposi\u00e7\u00f5es em coautoria. Esse conjunto refor\u00e7a uma atua\u00e7\u00e3o baseada na media\u00e7\u00e3o entre o Parlamento e os munic\u00edpios, com foco na formaliza\u00e7\u00e3o de demandas regionais dentro do rito legislativo estadual.<\/p>\n<p>&nbsp;<\/p>\n<p>Ao encerrar 2025, o balan\u00e7o do deputado Adriano Jos\u00e9 apresenta um perfil parlamentar sustentado por n\u00fameros objetivos, presen\u00e7a institucional cont\u00ednua e atua\u00e7\u00e3o orientada ao fortalecimento dos entes locais. O mandato municipalista se consolida pela convers\u00e3o de demandas municipais em proposi\u00e7\u00f5es formais, compondo uma presta\u00e7\u00e3o de contas baseada em dados, tramita\u00e7\u00e3o efetiva e integra\u00e7\u00e3o entre Assembleia Legislativa e realidades regionais do Paran\u00e1.<\/p>\n","protected":false},"excerpt":{"rendered":"<p>O deputado estadual Adriano Jos\u00e9 conclui o ano legislativo de 2025 com um balan\u00e7o marcado por 134 proposi\u00e7\u00f5es protocoladas na Assembleia Legislativa do Paran\u00e1, conforme relat\u00f3rio oficial do per\u00edodo. A atua\u00e7\u00e3o ao longo do ano manteve regularidade e distribui\u00e7\u00e3o tem\u00e1tica, com iniciativas apresentadas de janeiro a dezembro, evidenciando um mandato municipalista, orientado pela rela\u00e7\u00e3o direta [&hellip;]<\/p>\n","protected":false},"author":3,"featured_media":3377,"comment_status":"open","ping_status":"open","sticky":false,"template":"","format":"standard","meta":{"footnotes":""},"categories":[5],"tags":[],"class_list":["post-3663","post","type-post","status-publish","format-standard","has-post-thumbnail","hentry","category-parana"],"yoast_head":"<!-- This site is optimized with the Yoast SEO plugin v27.4 - https:\/\/yoast.com\/product\/yoast-seo-wordpress\/ -->\n<title>Atua\u00e7\u00e3o municipalista e produtividade legislativa marcam 2025 de Adriano Jos\u00e9 na Assembleia - Deputado Adriano Jos\u00e9<\/title>\n<meta name=\"robots\" content=\"index, follow, max-snippet:-1, max-image-preview:large, max-video-preview:-1\" \/>\n<link rel=\"canonical\" href=\"https:\/\/soldadoadrianojose.com.br\/index.php\/2025\/12\/18\/atuacao-municipalista-e-produtividade-legislativa-marcam-2025-de-adriano-jose-na-assembleia\/\" \/>\n<meta property=\"og:locale\" content=\"pt_BR\" \/>\n<meta property=\"og:type\" content=\"article\" \/>\n<meta property=\"og:title\" content=\"Atua\u00e7\u00e3o municipalista e produtividade legislativa marcam 2025 de Adriano Jos\u00e9 na Assembleia - Deputado Adriano Jos\u00e9\" \/>\n<meta property=\"og:description\" content=\"O deputado estadual Adriano Jos\u00e9 conclui o ano legislativo de 2025 com um balan\u00e7o marcado por 134 proposi\u00e7\u00f5es protocoladas na Assembleia Legislativa do Paran\u00e1, conforme relat\u00f3rio oficial do per\u00edodo. A atua\u00e7\u00e3o ao longo do ano manteve regularidade e distribui\u00e7\u00e3o tem\u00e1tica, com iniciativas apresentadas de janeiro a dezembro, evidenciando um mandato municipalista, orientado pela rela\u00e7\u00e3o direta [&hellip;]\" \/>\n<meta property=\"og:url\" content=\"https:\/\/soldadoadrianojose.com.br\/index.php\/2025\/12\/18\/atuacao-municipalista-e-produtividade-legislativa-marcam-2025-de-adriano-jose-na-assembleia\/\" \/>\n<meta property=\"og:site_name\" content=\"Deputado Adriano Jos\u00e9\" \/>\n<meta property=\"article:published_time\" content=\"2025-12-18T17:03:37+00:00\" \/>\n<meta property=\"article:modified_time\" content=\"2025-12-18T18:01:46+00:00\" \/>\n<meta property=\"og:image\" content=\"https:\/\/soldadoadrianojose.com.br\/wp-content\/uploads\/2025\/09\/WhatsApp-Image-2025-09-19-at-18.50.56.jpeg\" \/>\n\t<meta property=\"og:image:width\" content=\"863\" \/>\n\t<meta property=\"og:image:height\" content=\"485\" \/>\n\t<meta property=\"og:image:type\" content=\"image\/jpeg\" \/>\n<meta name=\"author\" content=\"Emanuellig admin2\" \/>\n<meta name=\"twitter:card\" content=\"summary_large_image\" \/>\n<meta name=\"twitter:label1\" content=\"Escrito por\" \/>\n\t<meta name=\"twitter:data1\" content=\"Emanuellig admin2\" \/>\n\t<meta name=\"twitter:label2\" content=\"Est. tempo de leitura\" \/>\n\t<meta name=\"twitter:data2\" content=\"3 minutos\" \/>\n<script type=\"application\/ld+json\" class=\"yoast-schema-graph\">{\"@context\":\"https:\\\/\\\/schema.org\",\"@graph\":[{\"@type\":\"Article\",\"@id\":\"https:\\\/\\\/soldadoadrianojose.com.br\\\/index.php\\\/2025\\\/12\\\/18\\\/atuacao-municipalista-e-produtividade-legislativa-marcam-2025-de-adriano-jose-na-assembleia\\\/#article\",\"isPartOf\":{\"@id\":\"https:\\\/\\\/soldadoadrianojose.com.br\\\/index.php\\\/2025\\\/12\\\/18\\\/atuacao-municipalista-e-produtividade-legislativa-marcam-2025-de-adriano-jose-na-assembleia\\\/\"},\"author\":{\"name\":\"Emanuellig admin2\",\"@id\":\"https:\\\/\\\/soldadoadrianojose.com.br\\\/#\\\/schema\\\/person\\\/cd48425bd7edd36fa5917c88fbe1cec5\"},\"headline\":\"Atua\u00e7\u00e3o municipalista e produtividade legislativa marcam 2025 de Adriano Jos\u00e9 na Assembleia\",\"datePublished\":\"2025-12-18T17:03:37+00:00\",\"dateModified\":\"2025-12-18T18:01:46+00:00\",\"mainEntityOfPage\":{\"@id\":\"https:\\\/\\\/soldadoadrianojose.com.br\\\/index.php\\\/2025\\\/12\\\/18\\\/atuacao-municipalista-e-produtividade-legislativa-marcam-2025-de-adriano-jose-na-assembleia\\\/\"},\"wordCount\":436,\"commentCount\":0,\"publisher\":{\"@id\":\"https:\\\/\\\/soldadoadrianojose.com.br\\\/#\\\/schema\\\/person\\\/16f8e8defb7a4bd6c6082efcd1bdb6bb\"},\"image\":{\"@id\":\"https:\\\/\\\/soldadoadrianojose.com.br\\\/index.php\\\/2025\\\/12\\\/18\\\/atuacao-municipalista-e-produtividade-legislativa-marcam-2025-de-adriano-jose-na-assembleia\\\/#primaryimage\"},\"thumbnailUrl\":\"https:\\\/\\\/soldadoadrianojose.com.br\\\/wp-content\\\/uploads\\\/2025\\\/09\\\/WhatsApp-Image-2025-09-19-at-18.50.56.jpeg\",\"articleSection\":[\"PARAN\u00c1\"],\"inLanguage\":\"pt-BR\",\"potentialAction\":[{\"@type\":\"CommentAction\",\"name\":\"Comment\",\"target\":[\"https:\\\/\\\/soldadoadrianojose.com.br\\\/index.php\\\/2025\\\/12\\\/18\\\/atuacao-municipalista-e-produtividade-legislativa-marcam-2025-de-adriano-jose-na-assembleia\\\/#respond\"]}]},{\"@type\":\"WebPage\",\"@id\":\"https:\\\/\\\/soldadoadrianojose.com.br\\\/index.php\\\/2025\\\/12\\\/18\\\/atuacao-municipalista-e-produtividade-legislativa-marcam-2025-de-adriano-jose-na-assembleia\\\/\",\"url\":\"https:\\\/\\\/soldadoadrianojose.com.br\\\/index.php\\\/2025\\\/12\\\/18\\\/atuacao-municipalista-e-produtividade-legislativa-marcam-2025-de-adriano-jose-na-assembleia\\\/\",\"name\":\"Atua\u00e7\u00e3o municipalista e produtividade legislativa marcam 2025 de Adriano Jos\u00e9 na Assembleia - Deputado Adriano Jos\u00e9\",\"isPartOf\":{\"@id\":\"https:\\\/\\\/soldadoadrianojose.com.br\\\/#website\"},\"primaryImageOfPage\":{\"@id\":\"https:\\\/\\\/soldadoadrianojose.com.br\\\/index.php\\\/2025\\\/12\\\/18\\\/atuacao-municipalista-e-produtividade-legislativa-marcam-2025-de-adriano-jose-na-assembleia\\\/#primaryimage\"},\"image\":{\"@id\":\"https:\\\/\\\/soldadoadrianojose.com.br\\\/index.php\\\/2025\\\/12\\\/18\\\/atuacao-municipalista-e-produtividade-legislativa-marcam-2025-de-adriano-jose-na-assembleia\\\/#primaryimage\"},\"thumbnailUrl\":\"https:\\\/\\\/soldadoadrianojose.com.br\\\/wp-content\\\/uploads\\\/2025\\\/09\\\/WhatsApp-Image-2025-09-19-at-18.50.56.jpeg\",\"datePublished\":\"2025-12-18T17:03:37+00:00\",\"dateModified\":\"2025-12-18T18:01:46+00:00\",\"breadcrumb\":{\"@id\":\"https:\\\/\\\/soldadoadrianojose.com.br\\\/index.php\\\/2025\\\/12\\\/18\\\/atuacao-municipalista-e-produtividade-legislativa-marcam-2025-de-adriano-jose-na-assembleia\\\/#breadcrumb\"},\"inLanguage\":\"pt-BR\",\"potentialAction\":[{\"@type\":\"ReadAction\",\"target\":[\"https:\\\/\\\/soldadoadrianojose.com.br\\\/index.php\\\/2025\\\/12\\\/18\\\/atuacao-municipalista-e-produtividade-legislativa-marcam-2025-de-adriano-jose-na-assembleia\\\/\"]}]},{\"@type\":\"ImageObject\",\"inLanguage\":\"pt-BR\",\"@id\":\"https:\\\/\\\/soldadoadrianojose.com.br\\\/index.php\\\/2025\\\/12\\\/18\\\/atuacao-municipalista-e-produtividade-legislativa-marcam-2025-de-adriano-jose-na-assembleia\\\/#primaryimage\",\"url\":\"https:\\\/\\\/soldadoadrianojose.com.br\\\/wp-content\\\/uploads\\\/2025\\\/09\\\/WhatsApp-Image-2025-09-19-at-18.50.56.jpeg\",\"contentUrl\":\"https:\\\/\\\/soldadoadrianojose.com.br\\\/wp-content\\\/uploads\\\/2025\\\/09\\\/WhatsApp-Image-2025-09-19-at-18.50.56.jpeg\",\"width\":863,\"height\":485},{\"@type\":\"BreadcrumbList\",\"@id\":\"https:\\\/\\\/soldadoadrianojose.com.br\\\/index.php\\\/2025\\\/12\\\/18\\\/atuacao-municipalista-e-produtividade-legislativa-marcam-2025-de-adriano-jose-na-assembleia\\\/#breadcrumb\",\"itemListElement\":[{\"@type\":\"ListItem\",\"position\":1,\"name\":\"In\u00edcio\",\"item\":\"https:\\\/\\\/soldadoadrianojose.com.br\\\/\"},{\"@type\":\"ListItem\",\"position\":2,\"name\":\"Atua\u00e7\u00e3o municipalista e produtividade legislativa marcam 2025 de Adriano Jos\u00e9 na Assembleia\"}]},{\"@type\":\"WebSite\",\"@id\":\"https:\\\/\\\/soldadoadrianojose.com.br\\\/#website\",\"url\":\"https:\\\/\\\/soldadoadrianojose.com.br\\\/\",\"name\":\"Deputado Adriano Jos\u00e9\",\"description\":\"Nosso trabalho \u00e9 pelas pessoas\",\"publisher\":{\"@id\":\"https:\\\/\\\/soldadoadrianojose.com.br\\\/#\\\/schema\\\/person\\\/16f8e8defb7a4bd6c6082efcd1bdb6bb\"},\"potentialAction\":[{\"@type\":\"SearchAction\",\"target\":{\"@type\":\"EntryPoint\",\"urlTemplate\":\"https:\\\/\\\/soldadoadrianojose.com.br\\\/?s={search_term_string}\"},\"query-input\":{\"@type\":\"PropertyValueSpecification\",\"valueRequired\":true,\"valueName\":\"search_term_string\"}}],\"inLanguage\":\"pt-BR\"},{\"@type\":[\"Person\",\"Organization\"],\"@id\":\"https:\\\/\\\/soldadoadrianojose.com.br\\\/#\\\/schema\\\/person\\\/16f8e8defb7a4bd6c6082efcd1bdb6bb\",\"name\":\"soldadoadrianojose\",\"image\":{\"@type\":\"ImageObject\",\"inLanguage\":\"pt-BR\",\"@id\":\"https:\\\/\\\/soldadoadrianojose.com.br\\\/wp-content\\\/uploads\\\/2023\\\/02\\\/LOGO_CLEAR-5.png\",\"url\":\"https:\\\/\\\/soldadoadrianojose.com.br\\\/wp-content\\\/uploads\\\/2023\\\/02\\\/LOGO_CLEAR-5.png\",\"contentUrl\":\"https:\\\/\\\/soldadoadrianojose.com.br\\\/wp-content\\\/uploads\\\/2023\\\/02\\\/LOGO_CLEAR-5.png\",\"width\":3508,\"height\":998,\"caption\":\"soldadoadrianojose\"},\"logo\":{\"@id\":\"https:\\\/\\\/soldadoadrianojose.com.br\\\/wp-content\\\/uploads\\\/2023\\\/02\\\/LOGO_CLEAR-5.png\"},\"sameAs\":[\"https:\\\/\\\/soldadoadrianojose.com.br\"]},{\"@type\":\"Person\",\"@id\":\"https:\\\/\\\/soldadoadrianojose.com.br\\\/#\\\/schema\\\/person\\\/cd48425bd7edd36fa5917c88fbe1cec5\",\"name\":\"Emanuellig admin2\",\"image\":{\"@type\":\"ImageObject\",\"inLanguage\":\"pt-BR\",\"@id\":\"https:\\\/\\\/soldadoadrianojose.com.br\\\/wp-content\\\/litespeed\\\/avatar\\\/235a59a115f40132a17fc909e61bc31d.jpg?ver=1777092356\",\"url\":\"https:\\\/\\\/soldadoadrianojose.com.br\\\/wp-content\\\/litespeed\\\/avatar\\\/235a59a115f40132a17fc909e61bc31d.jpg?ver=1777092356\",\"contentUrl\":\"https:\\\/\\\/soldadoadrianojose.com.br\\\/wp-content\\\/litespeed\\\/avatar\\\/235a59a115f40132a17fc909e61bc31d.jpg?ver=1777092356\",\"caption\":\"Emanuellig admin2\"},\"url\":\"https:\\\/\\\/soldadoadrianojose.com.br\\\/index.php\\\/author\\\/manu\\\/\"}]}<\/script>\n<!-- \/ Yoast SEO plugin. -->","yoast_head_json":{"title":"Atua\u00e7\u00e3o municipalista e produtividade legislativa marcam 2025 de Adriano Jos\u00e9 na Assembleia - Deputado Adriano Jos\u00e9","robots":{"index":"index","follow":"follow","max-snippet":"max-snippet:-1","max-image-preview":"max-image-preview:large","max-video-preview":"max-video-preview:-1"},"canonical":"https:\/\/soldadoadrianojose.com.br\/index.php\/2025\/12\/18\/atuacao-municipalista-e-produtividade-legislativa-marcam-2025-de-adriano-jose-na-assembleia\/","og_locale":"pt_BR","og_type":"article","og_title":"Atua\u00e7\u00e3o municipalista e produtividade legislativa marcam 2025 de Adriano Jos\u00e9 na Assembleia - Deputado Adriano Jos\u00e9","og_description":"O deputado estadual Adriano Jos\u00e9 conclui o ano legislativo de 2025 com um balan\u00e7o marcado por 134 proposi\u00e7\u00f5es protocoladas na Assembleia Legislativa do Paran\u00e1, conforme relat\u00f3rio oficial do per\u00edodo. A atua\u00e7\u00e3o ao longo do ano manteve regularidade e distribui\u00e7\u00e3o tem\u00e1tica, com iniciativas apresentadas de janeiro a dezembro, evidenciando um mandato municipalista, orientado pela rela\u00e7\u00e3o direta [&hellip;]","og_url":"https:\/\/soldadoadrianojose.com.br\/index.php\/2025\/12\/18\/atuacao-municipalista-e-produtividade-legislativa-marcam-2025-de-adriano-jose-na-assembleia\/","og_site_name":"Deputado Adriano Jos\u00e9","article_published_time":"2025-12-18T17:03:37+00:00","article_modified_time":"2025-12-18T18:01:46+00:00","og_image":[{"width":863,"height":485,"url":"https:\/\/soldadoadrianojose.com.br\/wp-content\/uploads\/2025\/09\/WhatsApp-Image-2025-09-19-at-18.50.56.jpeg","type":"image\/jpeg"}],"author":"Emanuellig admin2","twitter_card":"summary_large_image","twitter_misc":{"Escrito por":"Emanuellig admin2","Est. tempo de leitura":"3 minutos"},"schema":{"@context":"https:\/\/schema.org","@graph":[{"@type":"Article","@id":"https:\/\/soldadoadrianojose.com.br\/index.php\/2025\/12\/18\/atuacao-municipalista-e-produtividade-legislativa-marcam-2025-de-adriano-jose-na-assembleia\/#article","isPartOf":{"@id":"https:\/\/soldadoadrianojose.com.br\/index.php\/2025\/12\/18\/atuacao-municipalista-e-produtividade-legislativa-marcam-2025-de-adriano-jose-na-assembleia\/"},"author":{"name":"Emanuellig admin2","@id":"https:\/\/soldadoadrianojose.com.br\/#\/schema\/person\/cd48425bd7edd36fa5917c88fbe1cec5"},"headline":"Atua\u00e7\u00e3o municipalista e produtividade legislativa marcam 2025 de Adriano Jos\u00e9 na Assembleia","datePublished":"2025-12-18T17:03:37+00:00","dateModified":"2025-12-18T18:01:46+00:00","mainEntityOfPage":{"@id":"https:\/\/soldadoadrianojose.com.br\/index.php\/2025\/12\/18\/atuacao-municipalista-e-produtividade-legislativa-marcam-2025-de-adriano-jose-na-assembleia\/"},"wordCount":436,"commentCount":0,"publisher":{"@id":"https:\/\/soldadoadrianojose.com.br\/#\/schema\/person\/16f8e8defb7a4bd6c6082efcd1bdb6bb"},"image":{"@id":"https:\/\/soldadoadrianojose.com.br\/index.php\/2025\/12\/18\/atuacao-municipalista-e-produtividade-legislativa-marcam-2025-de-adriano-jose-na-assembleia\/#primaryimage"},"thumbnailUrl":"https:\/\/soldadoadrianojose.com.br\/wp-content\/uploads\/2025\/09\/WhatsApp-Image-2025-09-19-at-18.50.56.jpeg","articleSection":["PARAN\u00c1"],"inLanguage":"pt-BR","potentialAction":[{"@type":"CommentAction","name":"Comment","target":["https:\/\/soldadoadrianojose.com.br\/index.php\/2025\/12\/18\/atuacao-municipalista-e-produtividade-legislativa-marcam-2025-de-adriano-jose-na-assembleia\/#respond"]}]},{"@type":"WebPage","@id":"https:\/\/soldadoadrianojose.com.br\/index.php\/2025\/12\/18\/atuacao-municipalista-e-produtividade-legislativa-marcam-2025-de-adriano-jose-na-assembleia\/","url":"https:\/\/soldadoadrianojose.com.br\/index.php\/2025\/12\/18\/atuacao-municipalista-e-produtividade-legislativa-marcam-2025-de-adriano-jose-na-assembleia\/","name":"Atua\u00e7\u00e3o municipalista e produtividade legislativa marcam 2025 de Adriano Jos\u00e9 na Assembleia - Deputado Adriano Jos\u00e9","isPartOf":{"@id":"https:\/\/soldadoadrianojose.com.br\/#website"},"primaryImageOfPage":{"@id":"https:\/\/soldadoadrianojose.com.br\/index.php\/2025\/12\/18\/atuacao-municipalista-e-produtividade-legislativa-marcam-2025-de-adriano-jose-na-assembleia\/#primaryimage"},"image":{"@id":"https:\/\/soldadoadrianojose.com.br\/index.php\/2025\/12\/18\/atuacao-municipalista-e-produtividade-legislativa-marcam-2025-de-adriano-jose-na-assembleia\/#primaryimage"},"thumbnailUrl":"https:\/\/soldadoadrianojose.com.br\/wp-content\/uploads\/2025\/09\/WhatsApp-Image-2025-09-19-at-18.50.56.jpeg","datePublished":"2025-12-18T17:03:37+00:00","dateModified":"2025-12-18T18:01:46+00:00","breadcrumb":{"@id":"https:\/\/soldadoadrianojose.com.br\/index.php\/2025\/12\/18\/atuacao-municipalista-e-produtividade-legislativa-marcam-2025-de-adriano-jose-na-assembleia\/#breadcrumb"},"inLanguage":"pt-BR","potentialAction":[{"@type":"ReadAction","target":["https:\/\/soldadoadrianojose.com.br\/index.php\/2025\/12\/18\/atuacao-municipalista-e-produtividade-legislativa-marcam-2025-de-adriano-jose-na-assembleia\/"]}]},{"@type":"ImageObject","inLanguage":"pt-BR","@id":"https:\/\/soldadoadrianojose.com.br\/index.php\/2025\/12\/18\/atuacao-municipalista-e-produtividade-legislativa-marcam-2025-de-adriano-jose-na-assembleia\/#primaryimage","url":"https:\/\/soldadoadrianojose.com.br\/wp-content\/uploads\/2025\/09\/WhatsApp-Image-2025-09-19-at-18.50.56.jpeg","contentUrl":"https:\/\/soldadoadrianojose.com.br\/wp-content\/uploads\/2025\/09\/WhatsApp-Image-2025-09-19-at-18.50.56.jpeg","width":863,"height":485},{"@type":"BreadcrumbList","@id":"https:\/\/soldadoadrianojose.com.br\/index.php\/2025\/12\/18\/atuacao-municipalista-e-produtividade-legislativa-marcam-2025-de-adriano-jose-na-assembleia\/#breadcrumb","itemListElement":[{"@type":"ListItem","position":1,"name":"In\u00edcio","item":"https:\/\/soldadoadrianojose.com.br\/"},{"@type":"ListItem","position":2,"name":"Atua\u00e7\u00e3o municipalista e produtividade legislativa marcam 2025 de Adriano Jos\u00e9 na Assembleia"}]},{"@type":"WebSite","@id":"https:\/\/soldadoadrianojose.com.br\/#website","url":"https:\/\/soldadoadrianojose.com.br\/","name":"Deputado Adriano Jos\u00e9","description":"Nosso trabalho \u00e9 pelas pessoas","publisher":{"@id":"https:\/\/soldadoadrianojose.com.br\/#\/schema\/person\/16f8e8defb7a4bd6c6082efcd1bdb6bb"},"potentialAction":[{"@type":"SearchAction","target":{"@type":"EntryPoint","urlTemplate":"https:\/\/soldadoadrianojose.com.br\/?s={search_term_string}"},"query-input":{"@type":"PropertyValueSpecification","valueRequired":true,"valueName":"search_term_string"}}],"inLanguage":"pt-BR"},{"@type":["Person","Organization"],"@id":"https:\/\/soldadoadrianojose.com.br\/#\/schema\/person\/16f8e8defb7a4bd6c6082efcd1bdb6bb","name":"soldadoadrianojose","image":{"@type":"ImageObject","inLanguage":"pt-BR","@id":"https:\/\/soldadoadrianojose.com.br\/wp-content\/uploads\/2023\/02\/LOGO_CLEAR-5.png","url":"https:\/\/soldadoadrianojose.com.br\/wp-content\/uploads\/2023\/02\/LOGO_CLEAR-5.png","contentUrl":"https:\/\/soldadoadrianojose.com.br\/wp-content\/uploads\/2023\/02\/LOGO_CLEAR-5.png","width":3508,"height":998,"caption":"soldadoadrianojose"},"logo":{"@id":"https:\/\/soldadoadrianojose.com.br\/wp-content\/uploads\/2023\/02\/LOGO_CLEAR-5.png"},"sameAs":["https:\/\/soldadoadrianojose.com.br"]},{"@type":"Person","@id":"https:\/\/soldadoadrianojose.com.br\/#\/schema\/person\/cd48425bd7edd36fa5917c88fbe1cec5","name":"Emanuellig admin2","image":{"@type":"ImageObject","inLanguage":"pt-BR","@id":"https:\/\/soldadoadrianojose.com.br\/wp-content\/litespeed\/avatar\/235a59a115f40132a17fc909e61bc31d.jpg?ver=1777092356","url":"https:\/\/soldadoadrianojose.com.br\/wp-content\/litespeed\/avatar\/235a59a115f40132a17fc909e61bc31d.jpg?ver=1777092356","contentUrl":"https:\/\/soldadoadrianojose.com.br\/wp-content\/litespeed\/avatar\/235a59a115f40132a17fc909e61bc31d.jpg?ver=1777092356","caption":"Emanuellig admin2"},"url":"https:\/\/soldadoadrianojose.com.br\/index.php\/author\/manu\/"}]}},"jetpack_featured_media_url":"https:\/\/soldadoadrianojose.com.br\/wp-content\/uploads\/2025\/09\/WhatsApp-Image-2025-09-19-at-18.50.56.jpeg","_links":{"self":[{"href":"https:\/\/soldadoadrianojose.com.br\/index.php\/wp-json\/wp\/v2\/posts\/3663","targetHints":{"allow":["GET"]}}],"collection":[{"href":"https:\/\/soldadoadrianojose.com.br\/index.php\/wp-json\/wp\/v2\/posts"}],"about":[{"href":"https:\/\/soldadoadrianojose.com.br\/index.php\/wp-json\/wp\/v2\/types\/post"}],"author":[{"embeddable":true,"href":"https:\/\/soldadoadrianojose.com.br\/index.php\/wp-json\/wp\/v2\/users\/3"}],"replies":[{"embeddable":true,"href":"https:\/\/soldadoadrianojose.com.br\/index.php\/wp-json\/wp\/v2\/comments?post=3663"}],"version-history":[{"count":3,"href":"https:\/\/soldadoadrianojose.com.br\/index.php\/wp-json\/wp\/v2\/posts\/3663\/revisions"}],"predecessor-version":[{"id":3667,"href":"https:\/\/soldadoadrianojose.com.br\/index.php\/wp-json\/wp\/v2\/posts\/3663\/revisions\/3667"}],"wp:featuredmedia":[{"embeddable":true,"href":"https:\/\/soldadoadrianojose.com.br\/index.php\/wp-json\/wp\/v2\/media\/3377"}],"wp:attachment":[{"href":"https:\/\/soldadoadrianojose.com.br\/index.php\/wp-json\/wp\/v2\/media?parent=3663"}],"wp:term":[{"taxonomy":"category","embeddable":true,"href":"https:\/\/soldadoadrianojose.com.br\/index.php\/wp-json\/wp\/v2\/categories?post=3663"},{"taxonomy":"post_tag","embeddable":true,"href":"https:\/\/soldadoadrianojose.com.br\/index.php\/wp-json\/wp\/v2\/tags?post=3663"}],"curies":[{"name":"wp","href":"https:\/\/api.w.org\/{rel}","templated":true}]}}