{"id":3668,"date":"2025-12-23T10:00:23","date_gmt":"2025-12-23T13:00:23","guid":{"rendered":"https:\/\/soldadoadrianojose.com.br\/?p=3668"},"modified":"2025-12-23T10:00:23","modified_gmt":"2025-12-23T13:00:23","slug":"deputado-adriano-jose-impulsiona-novo-capitulo-do-esporte-em-barbosa-ferraz-com-a-arena-meu-campinho","status":"publish","type":"post","link":"https:\/\/soldadoadrianojose.com.br\/index.php\/2025\/12\/23\/deputado-adriano-jose-impulsiona-novo-capitulo-do-esporte-em-barbosa-ferraz-com-a-arena-meu-campinho\/","title":{"rendered":"Deputado Adriano Jos\u00e9 impulsiona novo cap\u00edtulo do esporte em Barbosa Ferraz com a Arena Meu Campinho"},"content":{"rendered":"<p style=\"text-align: left;\">O distrito de Bourb\u00f4nia, no munic\u00edpio de Barbosa Ferraz, viveu um dia hist\u00f3rico com a inaugura\u00e7\u00e3o da Arena Meu Campinho, um espa\u00e7o criado para fortalecer o esporte, o lazer e a conviv\u00eancia comunit\u00e1ria. O deputado estadual Adriano Jos\u00e9 participou da solenidade, que reuniu grande p\u00fablico e transformou a entrega da obra em uma verdadeira celebra\u00e7\u00e3o popular.<\/p>\n<p>Ao lado do prefeito Carlos Cax\u00e3o, da vice-prefeita Lucinete, do presidente da C\u00e2mara Andr\u00e9 de Souza e dos vereadores Fabr\u00edcio de S\u00e1, respons\u00e1vel pelo pedido da Arena, Jos\u00e9 Augusto, Roxinho, Ninho Moretti, Lucas, Luciano e Miltinho, al\u00e9m do secret\u00e1rio de Esporte Marcos Santos, secret\u00e1rios municipais e lideran\u00e7as locais, o evento mostrou a for\u00e7a da uni\u00e3o entre poder p\u00fablico e comunidade. Tamb\u00e9m estiveram presentes Evandro Rosina, presidente da Associa\u00e7\u00e3o de Moradores de Bourb\u00f4nia, e Renan Pavan, presidente da CDL.<\/p>\n<p>Durante a cerim\u00f4nia, Adriano Jos\u00e9 destacou o impacto social do investimento. \u201cQuando entregamos um espa\u00e7o como esse, estamos falando de oportunidades, de cuidado com nossas crian\u00e7as e de um futuro melhor para as fam\u00edlias. O esporte transforma vidas e aproxima a comunidade\u201d, afirmou o deputado.<\/p>\n<p>A inaugura\u00e7\u00e3o foi marcada por forte emo\u00e7\u00e3o com a homenagem a Moacir Pereira, o Seu Lolo, que d\u00e1 nome \u00e0 Arena, eternizando sua hist\u00f3ria e seu v\u00ednculo com Bourb\u00f4nia, com a presen\u00e7a de seus familiares. O evento tamb\u00e9m contou com a entrega de uma mo\u00e7\u00e3o de aplausos ao senhor Luiz dos Anjos, pelo trabalho volunt\u00e1rio realizado no projeto Meninos do Bem, onde ensina futebol e valores \u00e0s crian\u00e7as, refor\u00e7ando o papel do esporte como ferramenta de inclus\u00e3o e cidadania.<\/p>\n","protected":false},"excerpt":{"rendered":"<p>O distrito de Bourb\u00f4nia, no munic\u00edpio de Barbosa Ferraz, viveu um dia hist\u00f3rico com a inaugura\u00e7\u00e3o da Arena Meu Campinho, um espa\u00e7o criado para fortalecer o esporte, o lazer e a conviv\u00eancia comunit\u00e1ria. O deputado estadual Adriano Jos\u00e9 participou da solenidade, que reuniu grande p\u00fablico e transformou a entrega da obra em uma verdadeira celebra\u00e7\u00e3o [&hellip;]<\/p>\n","protected":false},"author":3,"featured_media":3669,"comment_status":"open","ping_status":"open","sticky":false,"template":"","format":"standard","meta":{"footnotes":""},"categories":[1],"tags":[],"class_list":["post-3668","post","type-post","status-publish","format-standard","has-post-thumbnail","hentry","category-gabinete-sd"],"yoast_head":"<!-- This site is optimized with the Yoast SEO plugin v27.4 - https:\/\/yoast.com\/product\/yoast-seo-wordpress\/ -->\n<title>Deputado Adriano Jos\u00e9 impulsiona novo cap\u00edtulo do esporte em Barbosa Ferraz com a Arena Meu Campinho - Deputado Adriano Jos\u00e9<\/title>\n<meta name=\"robots\" content=\"index, follow, max-snippet:-1, max-image-preview:large, max-video-preview:-1\" \/>\n<link rel=\"canonical\" href=\"https:\/\/soldadoadrianojose.com.br\/index.php\/2025\/12\/23\/deputado-adriano-jose-impulsiona-novo-capitulo-do-esporte-em-barbosa-ferraz-com-a-arena-meu-campinho\/\" \/>\n<meta property=\"og:locale\" content=\"pt_BR\" \/>\n<meta property=\"og:type\" content=\"article\" \/>\n<meta property=\"og:title\" content=\"Deputado Adriano Jos\u00e9 impulsiona novo cap\u00edtulo do esporte em Barbosa Ferraz com a Arena Meu Campinho - Deputado Adriano Jos\u00e9\" \/>\n<meta property=\"og:description\" content=\"O distrito de Bourb\u00f4nia, no munic\u00edpio de Barbosa Ferraz, viveu um dia hist\u00f3rico com a inaugura\u00e7\u00e3o da Arena Meu Campinho, um espa\u00e7o criado para fortalecer o esporte, o lazer e a conviv\u00eancia comunit\u00e1ria. O deputado estadual Adriano Jos\u00e9 participou da solenidade, que reuniu grande p\u00fablico e transformou a entrega da obra em uma verdadeira celebra\u00e7\u00e3o [&hellip;]\" \/>\n<meta property=\"og:url\" content=\"https:\/\/soldadoadrianojose.com.br\/index.php\/2025\/12\/23\/deputado-adriano-jose-impulsiona-novo-capitulo-do-esporte-em-barbosa-ferraz-com-a-arena-meu-campinho\/\" \/>\n<meta property=\"og:site_name\" content=\"Deputado Adriano Jos\u00e9\" \/>\n<meta property=\"article:published_time\" content=\"2025-12-23T13:00:23+00:00\" \/>\n<meta property=\"og:image\" content=\"https:\/\/soldadoadrianojose.com.br\/wp-content\/uploads\/2025\/12\/IMG-20251223-WA0031.jpg\" \/>\n\t<meta property=\"og:image:width\" content=\"1600\" \/>\n\t<meta property=\"og:image:height\" content=\"896\" \/>\n\t<meta property=\"og:image:type\" content=\"image\/jpeg\" \/>\n<meta name=\"author\" content=\"Emanuellig admin2\" \/>\n<meta name=\"twitter:card\" content=\"summary_large_image\" \/>\n<meta name=\"twitter:label1\" content=\"Escrito por\" \/>\n\t<meta name=\"twitter:data1\" content=\"Emanuellig admin2\" \/>\n\t<meta name=\"twitter:label2\" content=\"Est. tempo de leitura\" \/>\n\t<meta name=\"twitter:data2\" content=\"2 minutos\" \/>\n<script type=\"application\/ld+json\" class=\"yoast-schema-graph\">{\"@context\":\"https:\\\/\\\/schema.org\",\"@graph\":[{\"@type\":\"Article\",\"@id\":\"https:\\\/\\\/soldadoadrianojose.com.br\\\/index.php\\\/2025\\\/12\\\/23\\\/deputado-adriano-jose-impulsiona-novo-capitulo-do-esporte-em-barbosa-ferraz-com-a-arena-meu-campinho\\\/#article\",\"isPartOf\":{\"@id\":\"https:\\\/\\\/soldadoadrianojose.com.br\\\/index.php\\\/2025\\\/12\\\/23\\\/deputado-adriano-jose-impulsiona-novo-capitulo-do-esporte-em-barbosa-ferraz-com-a-arena-meu-campinho\\\/\"},\"author\":{\"name\":\"Emanuellig admin2\",\"@id\":\"https:\\\/\\\/soldadoadrianojose.com.br\\\/#\\\/schema\\\/person\\\/cd48425bd7edd36fa5917c88fbe1cec5\"},\"headline\":\"Deputado Adriano Jos\u00e9 impulsiona novo cap\u00edtulo do esporte em Barbosa Ferraz com a Arena Meu Campinho\",\"datePublished\":\"2025-12-23T13:00:23+00:00\",\"mainEntityOfPage\":{\"@id\":\"https:\\\/\\\/soldadoadrianojose.com.br\\\/index.php\\\/2025\\\/12\\\/23\\\/deputado-adriano-jose-impulsiona-novo-capitulo-do-esporte-em-barbosa-ferraz-com-a-arena-meu-campinho\\\/\"},\"wordCount\":313,\"commentCount\":0,\"publisher\":{\"@id\":\"https:\\\/\\\/soldadoadrianojose.com.br\\\/#\\\/schema\\\/person\\\/16f8e8defb7a4bd6c6082efcd1bdb6bb\"},\"image\":{\"@id\":\"https:\\\/\\\/soldadoadrianojose.com.br\\\/index.php\\\/2025\\\/12\\\/23\\\/deputado-adriano-jose-impulsiona-novo-capitulo-do-esporte-em-barbosa-ferraz-com-a-arena-meu-campinho\\\/#primaryimage\"},\"thumbnailUrl\":\"https:\\\/\\\/soldadoadrianojose.com.br\\\/wp-content\\\/uploads\\\/2025\\\/12\\\/IMG-20251223-WA0031.jpg\",\"articleSection\":[\"GABINETE SD\"],\"inLanguage\":\"pt-BR\",\"potentialAction\":[{\"@type\":\"CommentAction\",\"name\":\"Comment\",\"target\":[\"https:\\\/\\\/soldadoadrianojose.com.br\\\/index.php\\\/2025\\\/12\\\/23\\\/deputado-adriano-jose-impulsiona-novo-capitulo-do-esporte-em-barbosa-ferraz-com-a-arena-meu-campinho\\\/#respond\"]}]},{\"@type\":\"WebPage\",\"@id\":\"https:\\\/\\\/soldadoadrianojose.com.br\\\/index.php\\\/2025\\\/12\\\/23\\\/deputado-adriano-jose-impulsiona-novo-capitulo-do-esporte-em-barbosa-ferraz-com-a-arena-meu-campinho\\\/\",\"url\":\"https:\\\/\\\/soldadoadrianojose.com.br\\\/index.php\\\/2025\\\/12\\\/23\\\/deputado-adriano-jose-impulsiona-novo-capitulo-do-esporte-em-barbosa-ferraz-com-a-arena-meu-campinho\\\/\",\"name\":\"Deputado Adriano Jos\u00e9 impulsiona novo cap\u00edtulo do esporte em Barbosa Ferraz com a Arena Meu Campinho - Deputado Adriano Jos\u00e9\",\"isPartOf\":{\"@id\":\"https:\\\/\\\/soldadoadrianojose.com.br\\\/#website\"},\"primaryImageOfPage\":{\"@id\":\"https:\\\/\\\/soldadoadrianojose.com.br\\\/index.php\\\/2025\\\/12\\\/23\\\/deputado-adriano-jose-impulsiona-novo-capitulo-do-esporte-em-barbosa-ferraz-com-a-arena-meu-campinho\\\/#primaryimage\"},\"image\":{\"@id\":\"https:\\\/\\\/soldadoadrianojose.com.br\\\/index.php\\\/2025\\\/12\\\/23\\\/deputado-adriano-jose-impulsiona-novo-capitulo-do-esporte-em-barbosa-ferraz-com-a-arena-meu-campinho\\\/#primaryimage\"},\"thumbnailUrl\":\"https:\\\/\\\/soldadoadrianojose.com.br\\\/wp-content\\\/uploads\\\/2025\\\/12\\\/IMG-20251223-WA0031.jpg\",\"datePublished\":\"2025-12-23T13:00:23+00:00\",\"breadcrumb\":{\"@id\":\"https:\\\/\\\/soldadoadrianojose.com.br\\\/index.php\\\/2025\\\/12\\\/23\\\/deputado-adriano-jose-impulsiona-novo-capitulo-do-esporte-em-barbosa-ferraz-com-a-arena-meu-campinho\\\/#breadcrumb\"},\"inLanguage\":\"pt-BR\",\"potentialAction\":[{\"@type\":\"ReadAction\",\"target\":[\"https:\\\/\\\/soldadoadrianojose.com.br\\\/index.php\\\/2025\\\/12\\\/23\\\/deputado-adriano-jose-impulsiona-novo-capitulo-do-esporte-em-barbosa-ferraz-com-a-arena-meu-campinho\\\/\"]}]},{\"@type\":\"ImageObject\",\"inLanguage\":\"pt-BR\",\"@id\":\"https:\\\/\\\/soldadoadrianojose.com.br\\\/index.php\\\/2025\\\/12\\\/23\\\/deputado-adriano-jose-impulsiona-novo-capitulo-do-esporte-em-barbosa-ferraz-com-a-arena-meu-campinho\\\/#primaryimage\",\"url\":\"https:\\\/\\\/soldadoadrianojose.com.br\\\/wp-content\\\/uploads\\\/2025\\\/12\\\/IMG-20251223-WA0031.jpg\",\"contentUrl\":\"https:\\\/\\\/soldadoadrianojose.com.br\\\/wp-content\\\/uploads\\\/2025\\\/12\\\/IMG-20251223-WA0031.jpg\",\"width\":1600,\"height\":896},{\"@type\":\"BreadcrumbList\",\"@id\":\"https:\\\/\\\/soldadoadrianojose.com.br\\\/index.php\\\/2025\\\/12\\\/23\\\/deputado-adriano-jose-impulsiona-novo-capitulo-do-esporte-em-barbosa-ferraz-com-a-arena-meu-campinho\\\/#breadcrumb\",\"itemListElement\":[{\"@type\":\"ListItem\",\"position\":1,\"name\":\"In\u00edcio\",\"item\":\"https:\\\/\\\/soldadoadrianojose.com.br\\\/\"},{\"@type\":\"ListItem\",\"position\":2,\"name\":\"Deputado Adriano Jos\u00e9 impulsiona novo cap\u00edtulo do esporte em Barbosa Ferraz com a Arena Meu Campinho\"}]},{\"@type\":\"WebSite\",\"@id\":\"https:\\\/\\\/soldadoadrianojose.com.br\\\/#website\",\"url\":\"https:\\\/\\\/soldadoadrianojose.com.br\\\/\",\"name\":\"Deputado Adriano Jos\u00e9\",\"description\":\"Nosso trabalho \u00e9 pelas pessoas\",\"publisher\":{\"@id\":\"https:\\\/\\\/soldadoadrianojose.com.br\\\/#\\\/schema\\\/person\\\/16f8e8defb7a4bd6c6082efcd1bdb6bb\"},\"potentialAction\":[{\"@type\":\"SearchAction\",\"target\":{\"@type\":\"EntryPoint\",\"urlTemplate\":\"https:\\\/\\\/soldadoadrianojose.com.br\\\/?s={search_term_string}\"},\"query-input\":{\"@type\":\"PropertyValueSpecification\",\"valueRequired\":true,\"valueName\":\"search_term_string\"}}],\"inLanguage\":\"pt-BR\"},{\"@type\":[\"Person\",\"Organization\"],\"@id\":\"https:\\\/\\\/soldadoadrianojose.com.br\\\/#\\\/schema\\\/person\\\/16f8e8defb7a4bd6c6082efcd1bdb6bb\",\"name\":\"soldadoadrianojose\",\"image\":{\"@type\":\"ImageObject\",\"inLanguage\":\"pt-BR\",\"@id\":\"https:\\\/\\\/soldadoadrianojose.com.br\\\/wp-content\\\/uploads\\\/2023\\\/02\\\/LOGO_CLEAR-5.png\",\"url\":\"https:\\\/\\\/soldadoadrianojose.com.br\\\/wp-content\\\/uploads\\\/2023\\\/02\\\/LOGO_CLEAR-5.png\",\"contentUrl\":\"https:\\\/\\\/soldadoadrianojose.com.br\\\/wp-content\\\/uploads\\\/2023\\\/02\\\/LOGO_CLEAR-5.png\",\"width\":3508,\"height\":998,\"caption\":\"soldadoadrianojose\"},\"logo\":{\"@id\":\"https:\\\/\\\/soldadoadrianojose.com.br\\\/wp-content\\\/uploads\\\/2023\\\/02\\\/LOGO_CLEAR-5.png\"},\"sameAs\":[\"https:\\\/\\\/soldadoadrianojose.com.br\"]},{\"@type\":\"Person\",\"@id\":\"https:\\\/\\\/soldadoadrianojose.com.br\\\/#\\\/schema\\\/person\\\/cd48425bd7edd36fa5917c88fbe1cec5\",\"name\":\"Emanuellig admin2\",\"image\":{\"@type\":\"ImageObject\",\"inLanguage\":\"pt-BR\",\"@id\":\"https:\\\/\\\/soldadoadrianojose.com.br\\\/wp-content\\\/litespeed\\\/avatar\\\/235a59a115f40132a17fc909e61bc31d.jpg?ver=1777092356\",\"url\":\"https:\\\/\\\/soldadoadrianojose.com.br\\\/wp-content\\\/litespeed\\\/avatar\\\/235a59a115f40132a17fc909e61bc31d.jpg?ver=1777092356\",\"contentUrl\":\"https:\\\/\\\/soldadoadrianojose.com.br\\\/wp-content\\\/litespeed\\\/avatar\\\/235a59a115f40132a17fc909e61bc31d.jpg?ver=1777092356\",\"caption\":\"Emanuellig admin2\"},\"url\":\"https:\\\/\\\/soldadoadrianojose.com.br\\\/index.php\\\/author\\\/manu\\\/\"}]}<\/script>\n<!-- \/ Yoast SEO plugin. -->","yoast_head_json":{"title":"Deputado Adriano Jos\u00e9 impulsiona novo cap\u00edtulo do esporte em Barbosa Ferraz com a Arena Meu Campinho - Deputado Adriano Jos\u00e9","robots":{"index":"index","follow":"follow","max-snippet":"max-snippet:-1","max-image-preview":"max-image-preview:large","max-video-preview":"max-video-preview:-1"},"canonical":"https:\/\/soldadoadrianojose.com.br\/index.php\/2025\/12\/23\/deputado-adriano-jose-impulsiona-novo-capitulo-do-esporte-em-barbosa-ferraz-com-a-arena-meu-campinho\/","og_locale":"pt_BR","og_type":"article","og_title":"Deputado Adriano Jos\u00e9 impulsiona novo cap\u00edtulo do esporte em Barbosa Ferraz com a Arena Meu Campinho - Deputado Adriano Jos\u00e9","og_description":"O distrito de Bourb\u00f4nia, no munic\u00edpio de Barbosa Ferraz, viveu um dia hist\u00f3rico com a inaugura\u00e7\u00e3o da Arena Meu Campinho, um espa\u00e7o criado para fortalecer o esporte, o lazer e a conviv\u00eancia comunit\u00e1ria. O deputado estadual Adriano Jos\u00e9 participou da solenidade, que reuniu grande p\u00fablico e transformou a entrega da obra em uma verdadeira celebra\u00e7\u00e3o [&hellip;]","og_url":"https:\/\/soldadoadrianojose.com.br\/index.php\/2025\/12\/23\/deputado-adriano-jose-impulsiona-novo-capitulo-do-esporte-em-barbosa-ferraz-com-a-arena-meu-campinho\/","og_site_name":"Deputado Adriano Jos\u00e9","article_published_time":"2025-12-23T13:00:23+00:00","og_image":[{"width":1600,"height":896,"url":"https:\/\/soldadoadrianojose.com.br\/wp-content\/uploads\/2025\/12\/IMG-20251223-WA0031.jpg","type":"image\/jpeg"}],"author":"Emanuellig admin2","twitter_card":"summary_large_image","twitter_misc":{"Escrito por":"Emanuellig admin2","Est. tempo de leitura":"2 minutos"},"schema":{"@context":"https:\/\/schema.org","@graph":[{"@type":"Article","@id":"https:\/\/soldadoadrianojose.com.br\/index.php\/2025\/12\/23\/deputado-adriano-jose-impulsiona-novo-capitulo-do-esporte-em-barbosa-ferraz-com-a-arena-meu-campinho\/#article","isPartOf":{"@id":"https:\/\/soldadoadrianojose.com.br\/index.php\/2025\/12\/23\/deputado-adriano-jose-impulsiona-novo-capitulo-do-esporte-em-barbosa-ferraz-com-a-arena-meu-campinho\/"},"author":{"name":"Emanuellig admin2","@id":"https:\/\/soldadoadrianojose.com.br\/#\/schema\/person\/cd48425bd7edd36fa5917c88fbe1cec5"},"headline":"Deputado Adriano Jos\u00e9 impulsiona novo cap\u00edtulo do esporte em Barbosa Ferraz com a Arena Meu Campinho","datePublished":"2025-12-23T13:00:23+00:00","mainEntityOfPage":{"@id":"https:\/\/soldadoadrianojose.com.br\/index.php\/2025\/12\/23\/deputado-adriano-jose-impulsiona-novo-capitulo-do-esporte-em-barbosa-ferraz-com-a-arena-meu-campinho\/"},"wordCount":313,"commentCount":0,"publisher":{"@id":"https:\/\/soldadoadrianojose.com.br\/#\/schema\/person\/16f8e8defb7a4bd6c6082efcd1bdb6bb"},"image":{"@id":"https:\/\/soldadoadrianojose.com.br\/index.php\/2025\/12\/23\/deputado-adriano-jose-impulsiona-novo-capitulo-do-esporte-em-barbosa-ferraz-com-a-arena-meu-campinho\/#primaryimage"},"thumbnailUrl":"https:\/\/soldadoadrianojose.com.br\/wp-content\/uploads\/2025\/12\/IMG-20251223-WA0031.jpg","articleSection":["GABINETE SD"],"inLanguage":"pt-BR","potentialAction":[{"@type":"CommentAction","name":"Comment","target":["https:\/\/soldadoadrianojose.com.br\/index.php\/2025\/12\/23\/deputado-adriano-jose-impulsiona-novo-capitulo-do-esporte-em-barbosa-ferraz-com-a-arena-meu-campinho\/#respond"]}]},{"@type":"WebPage","@id":"https:\/\/soldadoadrianojose.com.br\/index.php\/2025\/12\/23\/deputado-adriano-jose-impulsiona-novo-capitulo-do-esporte-em-barbosa-ferraz-com-a-arena-meu-campinho\/","url":"https:\/\/soldadoadrianojose.com.br\/index.php\/2025\/12\/23\/deputado-adriano-jose-impulsiona-novo-capitulo-do-esporte-em-barbosa-ferraz-com-a-arena-meu-campinho\/","name":"Deputado Adriano Jos\u00e9 impulsiona novo cap\u00edtulo do esporte em Barbosa Ferraz com a Arena Meu Campinho - Deputado Adriano Jos\u00e9","isPartOf":{"@id":"https:\/\/soldadoadrianojose.com.br\/#website"},"primaryImageOfPage":{"@id":"https:\/\/soldadoadrianojose.com.br\/index.php\/2025\/12\/23\/deputado-adriano-jose-impulsiona-novo-capitulo-do-esporte-em-barbosa-ferraz-com-a-arena-meu-campinho\/#primaryimage"},"image":{"@id":"https:\/\/soldadoadrianojose.com.br\/index.php\/2025\/12\/23\/deputado-adriano-jose-impulsiona-novo-capitulo-do-esporte-em-barbosa-ferraz-com-a-arena-meu-campinho\/#primaryimage"},"thumbnailUrl":"https:\/\/soldadoadrianojose.com.br\/wp-content\/uploads\/2025\/12\/IMG-20251223-WA0031.jpg","datePublished":"2025-12-23T13:00:23+00:00","breadcrumb":{"@id":"https:\/\/soldadoadrianojose.com.br\/index.php\/2025\/12\/23\/deputado-adriano-jose-impulsiona-novo-capitulo-do-esporte-em-barbosa-ferraz-com-a-arena-meu-campinho\/#breadcrumb"},"inLanguage":"pt-BR","potentialAction":[{"@type":"ReadAction","target":["https:\/\/soldadoadrianojose.com.br\/index.php\/2025\/12\/23\/deputado-adriano-jose-impulsiona-novo-capitulo-do-esporte-em-barbosa-ferraz-com-a-arena-meu-campinho\/"]}]},{"@type":"ImageObject","inLanguage":"pt-BR","@id":"https:\/\/soldadoadrianojose.com.br\/index.php\/2025\/12\/23\/deputado-adriano-jose-impulsiona-novo-capitulo-do-esporte-em-barbosa-ferraz-com-a-arena-meu-campinho\/#primaryimage","url":"https:\/\/soldadoadrianojose.com.br\/wp-content\/uploads\/2025\/12\/IMG-20251223-WA0031.jpg","contentUrl":"https:\/\/soldadoadrianojose.com.br\/wp-content\/uploads\/2025\/12\/IMG-20251223-WA0031.jpg","width":1600,"height":896},{"@type":"BreadcrumbList","@id":"https:\/\/soldadoadrianojose.com.br\/index.php\/2025\/12\/23\/deputado-adriano-jose-impulsiona-novo-capitulo-do-esporte-em-barbosa-ferraz-com-a-arena-meu-campinho\/#breadcrumb","itemListElement":[{"@type":"ListItem","position":1,"name":"In\u00edcio","item":"https:\/\/soldadoadrianojose.com.br\/"},{"@type":"ListItem","position":2,"name":"Deputado Adriano Jos\u00e9 impulsiona novo cap\u00edtulo do esporte em Barbosa Ferraz com a Arena Meu Campinho"}]},{"@type":"WebSite","@id":"https:\/\/soldadoadrianojose.com.br\/#website","url":"https:\/\/soldadoadrianojose.com.br\/","name":"Deputado Adriano Jos\u00e9","description":"Nosso trabalho \u00e9 pelas pessoas","publisher":{"@id":"https:\/\/soldadoadrianojose.com.br\/#\/schema\/person\/16f8e8defb7a4bd6c6082efcd1bdb6bb"},"potentialAction":[{"@type":"SearchAction","target":{"@type":"EntryPoint","urlTemplate":"https:\/\/soldadoadrianojose.com.br\/?s={search_term_string}"},"query-input":{"@type":"PropertyValueSpecification","valueRequired":true,"valueName":"search_term_string"}}],"inLanguage":"pt-BR"},{"@type":["Person","Organization"],"@id":"https:\/\/soldadoadrianojose.com.br\/#\/schema\/person\/16f8e8defb7a4bd6c6082efcd1bdb6bb","name":"soldadoadrianojose","image":{"@type":"ImageObject","inLanguage":"pt-BR","@id":"https:\/\/soldadoadrianojose.com.br\/wp-content\/uploads\/2023\/02\/LOGO_CLEAR-5.png","url":"https:\/\/soldadoadrianojose.com.br\/wp-content\/uploads\/2023\/02\/LOGO_CLEAR-5.png","contentUrl":"https:\/\/soldadoadrianojose.com.br\/wp-content\/uploads\/2023\/02\/LOGO_CLEAR-5.png","width":3508,"height":998,"caption":"soldadoadrianojose"},"logo":{"@id":"https:\/\/soldadoadrianojose.com.br\/wp-content\/uploads\/2023\/02\/LOGO_CLEAR-5.png"},"sameAs":["https:\/\/soldadoadrianojose.com.br"]},{"@type":"Person","@id":"https:\/\/soldadoadrianojose.com.br\/#\/schema\/person\/cd48425bd7edd36fa5917c88fbe1cec5","name":"Emanuellig admin2","image":{"@type":"ImageObject","inLanguage":"pt-BR","@id":"https:\/\/soldadoadrianojose.com.br\/wp-content\/litespeed\/avatar\/235a59a115f40132a17fc909e61bc31d.jpg?ver=1777092356","url":"https:\/\/soldadoadrianojose.com.br\/wp-content\/litespeed\/avatar\/235a59a115f40132a17fc909e61bc31d.jpg?ver=1777092356","contentUrl":"https:\/\/soldadoadrianojose.com.br\/wp-content\/litespeed\/avatar\/235a59a115f40132a17fc909e61bc31d.jpg?ver=1777092356","caption":"Emanuellig admin2"},"url":"https:\/\/soldadoadrianojose.com.br\/index.php\/author\/manu\/"}]}},"jetpack_featured_media_url":"https:\/\/soldadoadrianojose.com.br\/wp-content\/uploads\/2025\/12\/IMG-20251223-WA0031.jpg","_links":{"self":[{"href":"https:\/\/soldadoadrianojose.com.br\/index.php\/wp-json\/wp\/v2\/posts\/3668","targetHints":{"allow":["GET"]}}],"collection":[{"href":"https:\/\/soldadoadrianojose.com.br\/index.php\/wp-json\/wp\/v2\/posts"}],"about":[{"href":"https:\/\/soldadoadrianojose.com.br\/index.php\/wp-json\/wp\/v2\/types\/post"}],"author":[{"embeddable":true,"href":"https:\/\/soldadoadrianojose.com.br\/index.php\/wp-json\/wp\/v2\/users\/3"}],"replies":[{"embeddable":true,"href":"https:\/\/soldadoadrianojose.com.br\/index.php\/wp-json\/wp\/v2\/comments?post=3668"}],"version-history":[{"count":1,"href":"https:\/\/soldadoadrianojose.com.br\/index.php\/wp-json\/wp\/v2\/posts\/3668\/revisions"}],"predecessor-version":[{"id":3670,"href":"https:\/\/soldadoadrianojose.com.br\/index.php\/wp-json\/wp\/v2\/posts\/3668\/revisions\/3670"}],"wp:featuredmedia":[{"embeddable":true,"href":"https:\/\/soldadoadrianojose.com.br\/index.php\/wp-json\/wp\/v2\/media\/3669"}],"wp:attachment":[{"href":"https:\/\/soldadoadrianojose.com.br\/index.php\/wp-json\/wp\/v2\/media?parent=3668"}],"wp:term":[{"taxonomy":"category","embeddable":true,"href":"https:\/\/soldadoadrianojose.com.br\/index.php\/wp-json\/wp\/v2\/categories?post=3668"},{"taxonomy":"post_tag","embeddable":true,"href":"https:\/\/soldadoadrianojose.com.br\/index.php\/wp-json\/wp\/v2\/tags?post=3668"}],"curies":[{"name":"wp","href":"https:\/\/api.w.org\/{rel}","templated":true}]}}