{"id":3678,"date":"2026-01-12T11:31:22","date_gmt":"2026-01-12T14:31:22","guid":{"rendered":"https:\/\/soldadoadrianojose.com.br\/?p=3678"},"modified":"2026-01-12T11:57:21","modified_gmt":"2026-01-12T14:57:21","slug":"educacao-que-avanca-deputado-adriano-jose-participa-da-assinatura-da-ordem-de-servico-para-reforma-de-colegio-em-sao-carlos-do-ivai","status":"publish","type":"post","link":"https:\/\/soldadoadrianojose.com.br\/index.php\/2026\/01\/12\/educacao-que-avanca-deputado-adriano-jose-participa-da-assinatura-da-ordem-de-servico-para-reforma-de-colegio-em-sao-carlos-do-ivai\/","title":{"rendered":"Educa\u00e7\u00e3o que avan\u00e7a: deputado Adriano Jos\u00e9 assina ordem de servi\u00e7o para reforma de col\u00e9gio em S\u00e3o Carlos do Iva\u00ed"},"content":{"rendered":"<p class=\"isSelectedEnd\">O munic\u00edpio de S\u00e3o Carlos do Iva\u00ed deu um passo importante para o fortalecimento da educa\u00e7\u00e3o p\u00fablica com a assinatura da ordem de servi\u00e7o que autoriza o in\u00edcio das obras de reforma do Col\u00e9gio Estadual S\u00e3o Carlos do Iva\u00ed. O investimento \u00e9 de R$ 1.834.066,81, viabilizado pelo Governo do Estado do Paran\u00e1, por meio da Secretaria de Estado da Educa\u00e7\u00e3o (SEED) e da FUNDEPAR.<\/p>\n<p class=\"isSelectedEnd\">A assinatura marca o in\u00edcio de uma obra aguardada pela comunidade escolar e representa mais seguran\u00e7a, conforto e melhores condi\u00e7\u00f5es de ensino para alunos, professores e servidores da institui\u00e7\u00e3o.<\/p>\n<p class=\"isSelectedEnd\">O ato contou com a presen\u00e7a do deputado Adriano Jos\u00e9, do diretor do col\u00e9gio, Hugo Lolli, dos vereadores Kika, Paulo e Moacir, al\u00e9m da coordena\u00e7\u00e3o do N\u00facleo Regional de Educa\u00e7\u00e3o de Paranava\u00ed, representado pela chefe do n\u00facleo, professora Ad\u00e9lia Paix\u00e3o. Tamb\u00e9m participaram\u00a0 Roni Miranda,\u00a0 Secret\u00e1rio de Estado da Educa\u00e7\u00e3o, e a presidente da FUNDEPAR, Eliane Teruel.<\/p>\n<p class=\"isSelectedEnd\">Durante o evento, foi destacado que investir na estrutura f\u00edsica das escolas \u00e9 investir diretamente no futuro da educa\u00e7\u00e3o paranaense. A moderniza\u00e7\u00e3o dos espa\u00e7os escolares contribui para a valoriza\u00e7\u00e3o dos profissionais da educa\u00e7\u00e3o e para a melhoria do processo de aprendizagem dos estudantes.<\/p>\n<p>A reforma do Col\u00e9gio Estadual S\u00e3o Carlos do Iva\u00ed integra um conjunto de a\u00e7\u00f5es do Governo do Estado voltadas \u00e0 melhoria da infraestrutura educacional em todo o Paran\u00e1, reafirmando o compromisso com uma educa\u00e7\u00e3o p\u00fablica de qualidade, segura e digna para todos.<\/p>\n<p>&nbsp;<\/p>\n<p><img fetchpriority=\"high\" decoding=\"async\" class=\"alignnone size-medium wp-image-3681\" src=\"https:\/\/soldadoadrianojose.com.br\/wp-content\/uploads\/2026\/01\/WhatsApp-Image-2026-01-12-at-11.27.45-300x225.jpeg\" alt=\"\" width=\"300\" height=\"225\" srcset=\"https:\/\/soldadoadrianojose.com.br\/wp-content\/uploads\/2026\/01\/WhatsApp-Image-2026-01-12-at-11.27.45-300x225.jpeg 300w, https:\/\/soldadoadrianojose.com.br\/wp-content\/uploads\/2026\/01\/WhatsApp-Image-2026-01-12-at-11.27.45-1024x768.jpeg 1024w, https:\/\/soldadoadrianojose.com.br\/wp-content\/uploads\/2026\/01\/WhatsApp-Image-2026-01-12-at-11.27.45-768x576.jpeg 768w, https:\/\/soldadoadrianojose.com.br\/wp-content\/uploads\/2026\/01\/WhatsApp-Image-2026-01-12-at-11.27.45.jpeg 1280w\" sizes=\"(max-width: 300px) 100vw, 300px\" \/> <img decoding=\"async\" class=\"alignnone size-medium wp-image-3682\" src=\"https:\/\/soldadoadrianojose.com.br\/wp-content\/uploads\/2026\/01\/WhatsApp-Image-2026-01-12-at-11.27.28-1-300x225.jpeg\" alt=\"\" width=\"300\" height=\"225\" srcset=\"https:\/\/soldadoadrianojose.com.br\/wp-content\/uploads\/2026\/01\/WhatsApp-Image-2026-01-12-at-11.27.28-1-300x225.jpeg 300w, https:\/\/soldadoadrianojose.com.br\/wp-content\/uploads\/2026\/01\/WhatsApp-Image-2026-01-12-at-11.27.28-1-1024x768.jpeg 1024w, https:\/\/soldadoadrianojose.com.br\/wp-content\/uploads\/2026\/01\/WhatsApp-Image-2026-01-12-at-11.27.28-1-768x576.jpeg 768w, https:\/\/soldadoadrianojose.com.br\/wp-content\/uploads\/2026\/01\/WhatsApp-Image-2026-01-12-at-11.27.28-1.jpeg 1280w\" sizes=\"(max-width: 300px) 100vw, 300px\" \/> <img decoding=\"async\" class=\"alignnone size-medium wp-image-3683\" src=\"https:\/\/soldadoadrianojose.com.br\/wp-content\/uploads\/2026\/01\/WhatsApp-Image-2026-01-12-at-11.27.18-300x225.jpeg\" alt=\"\" width=\"300\" height=\"225\" srcset=\"https:\/\/soldadoadrianojose.com.br\/wp-content\/uploads\/2026\/01\/WhatsApp-Image-2026-01-12-at-11.27.18-300x225.jpeg 300w, https:\/\/soldadoadrianojose.com.br\/wp-content\/uploads\/2026\/01\/WhatsApp-Image-2026-01-12-at-11.27.18-1024x768.jpeg 1024w, https:\/\/soldadoadrianojose.com.br\/wp-content\/uploads\/2026\/01\/WhatsApp-Image-2026-01-12-at-11.27.18-768x576.jpeg 768w, https:\/\/soldadoadrianojose.com.br\/wp-content\/uploads\/2026\/01\/WhatsApp-Image-2026-01-12-at-11.27.18.jpeg 1280w\" sizes=\"(max-width: 300px) 100vw, 300px\" \/><\/p>\n","protected":false},"excerpt":{"rendered":"<p>O munic\u00edpio de S\u00e3o Carlos do Iva\u00ed deu um passo importante para o fortalecimento da educa\u00e7\u00e3o p\u00fablica com a assinatura da ordem de servi\u00e7o que autoriza o in\u00edcio das obras de reforma do Col\u00e9gio Estadual S\u00e3o Carlos do Iva\u00ed. O investimento \u00e9 de R$ 1.834.066,81, viabilizado pelo Governo do Estado do Paran\u00e1, por meio da [&hellip;]<\/p>\n","protected":false},"author":3,"featured_media":3680,"comment_status":"open","ping_status":"open","sticky":false,"template":"","format":"standard","meta":{"footnotes":""},"categories":[1],"tags":[],"class_list":["post-3678","post","type-post","status-publish","format-standard","has-post-thumbnail","hentry","category-gabinete-sd"],"yoast_head":"<!-- This site is optimized with the Yoast SEO plugin v27.4 - https:\/\/yoast.com\/product\/yoast-seo-wordpress\/ -->\n<title>Educa\u00e7\u00e3o que avan\u00e7a: deputado Adriano Jos\u00e9 assina ordem de servi\u00e7o para reforma de col\u00e9gio em S\u00e3o Carlos do Iva\u00ed - Deputado Adriano Jos\u00e9<\/title>\n<meta name=\"robots\" content=\"index, follow, max-snippet:-1, max-image-preview:large, max-video-preview:-1\" \/>\n<link rel=\"canonical\" href=\"https:\/\/soldadoadrianojose.com.br\/index.php\/2026\/01\/12\/educacao-que-avanca-deputado-adriano-jose-participa-da-assinatura-da-ordem-de-servico-para-reforma-de-colegio-em-sao-carlos-do-ivai\/\" \/>\n<meta property=\"og:locale\" content=\"pt_BR\" \/>\n<meta property=\"og:type\" content=\"article\" \/>\n<meta property=\"og:title\" content=\"Educa\u00e7\u00e3o que avan\u00e7a: deputado Adriano Jos\u00e9 assina ordem de servi\u00e7o para reforma de col\u00e9gio em S\u00e3o Carlos do Iva\u00ed - Deputado Adriano Jos\u00e9\" \/>\n<meta property=\"og:description\" content=\"O munic\u00edpio de S\u00e3o Carlos do Iva\u00ed deu um passo importante para o fortalecimento da educa\u00e7\u00e3o p\u00fablica com a assinatura da ordem de servi\u00e7o que autoriza o in\u00edcio das obras de reforma do Col\u00e9gio Estadual S\u00e3o Carlos do Iva\u00ed. O investimento \u00e9 de R$ 1.834.066,81, viabilizado pelo Governo do Estado do Paran\u00e1, por meio da [&hellip;]\" \/>\n<meta property=\"og:url\" content=\"https:\/\/soldadoadrianojose.com.br\/index.php\/2026\/01\/12\/educacao-que-avanca-deputado-adriano-jose-participa-da-assinatura-da-ordem-de-servico-para-reforma-de-colegio-em-sao-carlos-do-ivai\/\" \/>\n<meta property=\"og:site_name\" content=\"Deputado Adriano Jos\u00e9\" \/>\n<meta property=\"article:published_time\" content=\"2026-01-12T14:31:22+00:00\" \/>\n<meta property=\"article:modified_time\" content=\"2026-01-12T14:57:21+00:00\" \/>\n<meta property=\"og:image\" content=\"https:\/\/soldadoadrianojose.com.br\/wp-content\/uploads\/2026\/01\/WhatsApp-Image-2026-01-12-at-11.27.28.jpeg\" \/>\n\t<meta property=\"og:image:width\" content=\"1280\" \/>\n\t<meta property=\"og:image:height\" content=\"960\" \/>\n\t<meta property=\"og:image:type\" content=\"image\/jpeg\" \/>\n<meta name=\"author\" content=\"Emanuellig admin2\" \/>\n<meta name=\"twitter:card\" content=\"summary_large_image\" \/>\n<meta name=\"twitter:label1\" content=\"Escrito por\" \/>\n\t<meta name=\"twitter:data1\" content=\"Emanuellig admin2\" \/>\n\t<meta name=\"twitter:label2\" content=\"Est. tempo de leitura\" \/>\n\t<meta name=\"twitter:data2\" content=\"3 minutos\" \/>\n<script type=\"application\/ld+json\" class=\"yoast-schema-graph\">{\"@context\":\"https:\\\/\\\/schema.org\",\"@graph\":[{\"@type\":\"Article\",\"@id\":\"https:\\\/\\\/soldadoadrianojose.com.br\\\/index.php\\\/2026\\\/01\\\/12\\\/educacao-que-avanca-deputado-adriano-jose-participa-da-assinatura-da-ordem-de-servico-para-reforma-de-colegio-em-sao-carlos-do-ivai\\\/#article\",\"isPartOf\":{\"@id\":\"https:\\\/\\\/soldadoadrianojose.com.br\\\/index.php\\\/2026\\\/01\\\/12\\\/educacao-que-avanca-deputado-adriano-jose-participa-da-assinatura-da-ordem-de-servico-para-reforma-de-colegio-em-sao-carlos-do-ivai\\\/\"},\"author\":{\"name\":\"Emanuellig admin2\",\"@id\":\"https:\\\/\\\/soldadoadrianojose.com.br\\\/#\\\/schema\\\/person\\\/cd48425bd7edd36fa5917c88fbe1cec5\"},\"headline\":\"Educa\u00e7\u00e3o que avan\u00e7a: deputado Adriano Jos\u00e9 assina ordem de servi\u00e7o para reforma de col\u00e9gio em S\u00e3o Carlos do Iva\u00ed\",\"datePublished\":\"2026-01-12T14:31:22+00:00\",\"dateModified\":\"2026-01-12T14:57:21+00:00\",\"mainEntityOfPage\":{\"@id\":\"https:\\\/\\\/soldadoadrianojose.com.br\\\/index.php\\\/2026\\\/01\\\/12\\\/educacao-que-avanca-deputado-adriano-jose-participa-da-assinatura-da-ordem-de-servico-para-reforma-de-colegio-em-sao-carlos-do-ivai\\\/\"},\"wordCount\":291,\"commentCount\":0,\"publisher\":{\"@id\":\"https:\\\/\\\/soldadoadrianojose.com.br\\\/#\\\/schema\\\/person\\\/16f8e8defb7a4bd6c6082efcd1bdb6bb\"},\"image\":{\"@id\":\"https:\\\/\\\/soldadoadrianojose.com.br\\\/index.php\\\/2026\\\/01\\\/12\\\/educacao-que-avanca-deputado-adriano-jose-participa-da-assinatura-da-ordem-de-servico-para-reforma-de-colegio-em-sao-carlos-do-ivai\\\/#primaryimage\"},\"thumbnailUrl\":\"https:\\\/\\\/soldadoadrianojose.com.br\\\/wp-content\\\/uploads\\\/2026\\\/01\\\/WhatsApp-Image-2026-01-12-at-11.27.28.jpeg\",\"articleSection\":[\"GABINETE SD\"],\"inLanguage\":\"pt-BR\",\"potentialAction\":[{\"@type\":\"CommentAction\",\"name\":\"Comment\",\"target\":[\"https:\\\/\\\/soldadoadrianojose.com.br\\\/index.php\\\/2026\\\/01\\\/12\\\/educacao-que-avanca-deputado-adriano-jose-participa-da-assinatura-da-ordem-de-servico-para-reforma-de-colegio-em-sao-carlos-do-ivai\\\/#respond\"]}]},{\"@type\":\"WebPage\",\"@id\":\"https:\\\/\\\/soldadoadrianojose.com.br\\\/index.php\\\/2026\\\/01\\\/12\\\/educacao-que-avanca-deputado-adriano-jose-participa-da-assinatura-da-ordem-de-servico-para-reforma-de-colegio-em-sao-carlos-do-ivai\\\/\",\"url\":\"https:\\\/\\\/soldadoadrianojose.com.br\\\/index.php\\\/2026\\\/01\\\/12\\\/educacao-que-avanca-deputado-adriano-jose-participa-da-assinatura-da-ordem-de-servico-para-reforma-de-colegio-em-sao-carlos-do-ivai\\\/\",\"name\":\"Educa\u00e7\u00e3o que avan\u00e7a: deputado Adriano Jos\u00e9 assina ordem de servi\u00e7o para reforma de col\u00e9gio em S\u00e3o Carlos do Iva\u00ed - Deputado Adriano Jos\u00e9\",\"isPartOf\":{\"@id\":\"https:\\\/\\\/soldadoadrianojose.com.br\\\/#website\"},\"primaryImageOfPage\":{\"@id\":\"https:\\\/\\\/soldadoadrianojose.com.br\\\/index.php\\\/2026\\\/01\\\/12\\\/educacao-que-avanca-deputado-adriano-jose-participa-da-assinatura-da-ordem-de-servico-para-reforma-de-colegio-em-sao-carlos-do-ivai\\\/#primaryimage\"},\"image\":{\"@id\":\"https:\\\/\\\/soldadoadrianojose.com.br\\\/index.php\\\/2026\\\/01\\\/12\\\/educacao-que-avanca-deputado-adriano-jose-participa-da-assinatura-da-ordem-de-servico-para-reforma-de-colegio-em-sao-carlos-do-ivai\\\/#primaryimage\"},\"thumbnailUrl\":\"https:\\\/\\\/soldadoadrianojose.com.br\\\/wp-content\\\/uploads\\\/2026\\\/01\\\/WhatsApp-Image-2026-01-12-at-11.27.28.jpeg\",\"datePublished\":\"2026-01-12T14:31:22+00:00\",\"dateModified\":\"2026-01-12T14:57:21+00:00\",\"breadcrumb\":{\"@id\":\"https:\\\/\\\/soldadoadrianojose.com.br\\\/index.php\\\/2026\\\/01\\\/12\\\/educacao-que-avanca-deputado-adriano-jose-participa-da-assinatura-da-ordem-de-servico-para-reforma-de-colegio-em-sao-carlos-do-ivai\\\/#breadcrumb\"},\"inLanguage\":\"pt-BR\",\"potentialAction\":[{\"@type\":\"ReadAction\",\"target\":[\"https:\\\/\\\/soldadoadrianojose.com.br\\\/index.php\\\/2026\\\/01\\\/12\\\/educacao-que-avanca-deputado-adriano-jose-participa-da-assinatura-da-ordem-de-servico-para-reforma-de-colegio-em-sao-carlos-do-ivai\\\/\"]}]},{\"@type\":\"ImageObject\",\"inLanguage\":\"pt-BR\",\"@id\":\"https:\\\/\\\/soldadoadrianojose.com.br\\\/index.php\\\/2026\\\/01\\\/12\\\/educacao-que-avanca-deputado-adriano-jose-participa-da-assinatura-da-ordem-de-servico-para-reforma-de-colegio-em-sao-carlos-do-ivai\\\/#primaryimage\",\"url\":\"https:\\\/\\\/soldadoadrianojose.com.br\\\/wp-content\\\/uploads\\\/2026\\\/01\\\/WhatsApp-Image-2026-01-12-at-11.27.28.jpeg\",\"contentUrl\":\"https:\\\/\\\/soldadoadrianojose.com.br\\\/wp-content\\\/uploads\\\/2026\\\/01\\\/WhatsApp-Image-2026-01-12-at-11.27.28.jpeg\",\"width\":1280,\"height\":960},{\"@type\":\"BreadcrumbList\",\"@id\":\"https:\\\/\\\/soldadoadrianojose.com.br\\\/index.php\\\/2026\\\/01\\\/12\\\/educacao-que-avanca-deputado-adriano-jose-participa-da-assinatura-da-ordem-de-servico-para-reforma-de-colegio-em-sao-carlos-do-ivai\\\/#breadcrumb\",\"itemListElement\":[{\"@type\":\"ListItem\",\"position\":1,\"name\":\"In\u00edcio\",\"item\":\"https:\\\/\\\/soldadoadrianojose.com.br\\\/\"},{\"@type\":\"ListItem\",\"position\":2,\"name\":\"Educa\u00e7\u00e3o que avan\u00e7a: deputado Adriano Jos\u00e9 assina ordem de servi\u00e7o para reforma de col\u00e9gio em S\u00e3o Carlos do Iva\u00ed\"}]},{\"@type\":\"WebSite\",\"@id\":\"https:\\\/\\\/soldadoadrianojose.com.br\\\/#website\",\"url\":\"https:\\\/\\\/soldadoadrianojose.com.br\\\/\",\"name\":\"Deputado Adriano Jos\u00e9\",\"description\":\"Nosso trabalho \u00e9 pelas pessoas\",\"publisher\":{\"@id\":\"https:\\\/\\\/soldadoadrianojose.com.br\\\/#\\\/schema\\\/person\\\/16f8e8defb7a4bd6c6082efcd1bdb6bb\"},\"potentialAction\":[{\"@type\":\"SearchAction\",\"target\":{\"@type\":\"EntryPoint\",\"urlTemplate\":\"https:\\\/\\\/soldadoadrianojose.com.br\\\/?s={search_term_string}\"},\"query-input\":{\"@type\":\"PropertyValueSpecification\",\"valueRequired\":true,\"valueName\":\"search_term_string\"}}],\"inLanguage\":\"pt-BR\"},{\"@type\":[\"Person\",\"Organization\"],\"@id\":\"https:\\\/\\\/soldadoadrianojose.com.br\\\/#\\\/schema\\\/person\\\/16f8e8defb7a4bd6c6082efcd1bdb6bb\",\"name\":\"soldadoadrianojose\",\"image\":{\"@type\":\"ImageObject\",\"inLanguage\":\"pt-BR\",\"@id\":\"https:\\\/\\\/soldadoadrianojose.com.br\\\/wp-content\\\/uploads\\\/2023\\\/02\\\/LOGO_CLEAR-5.png\",\"url\":\"https:\\\/\\\/soldadoadrianojose.com.br\\\/wp-content\\\/uploads\\\/2023\\\/02\\\/LOGO_CLEAR-5.png\",\"contentUrl\":\"https:\\\/\\\/soldadoadrianojose.com.br\\\/wp-content\\\/uploads\\\/2023\\\/02\\\/LOGO_CLEAR-5.png\",\"width\":3508,\"height\":998,\"caption\":\"soldadoadrianojose\"},\"logo\":{\"@id\":\"https:\\\/\\\/soldadoadrianojose.com.br\\\/wp-content\\\/uploads\\\/2023\\\/02\\\/LOGO_CLEAR-5.png\"},\"sameAs\":[\"https:\\\/\\\/soldadoadrianojose.com.br\"]},{\"@type\":\"Person\",\"@id\":\"https:\\\/\\\/soldadoadrianojose.com.br\\\/#\\\/schema\\\/person\\\/cd48425bd7edd36fa5917c88fbe1cec5\",\"name\":\"Emanuellig admin2\",\"image\":{\"@type\":\"ImageObject\",\"inLanguage\":\"pt-BR\",\"@id\":\"https:\\\/\\\/soldadoadrianojose.com.br\\\/wp-content\\\/litespeed\\\/avatar\\\/235a59a115f40132a17fc909e61bc31d.jpg?ver=1777092356\",\"url\":\"https:\\\/\\\/soldadoadrianojose.com.br\\\/wp-content\\\/litespeed\\\/avatar\\\/235a59a115f40132a17fc909e61bc31d.jpg?ver=1777092356\",\"contentUrl\":\"https:\\\/\\\/soldadoadrianojose.com.br\\\/wp-content\\\/litespeed\\\/avatar\\\/235a59a115f40132a17fc909e61bc31d.jpg?ver=1777092356\",\"caption\":\"Emanuellig admin2\"},\"url\":\"https:\\\/\\\/soldadoadrianojose.com.br\\\/index.php\\\/author\\\/manu\\\/\"}]}<\/script>\n<!-- \/ Yoast SEO plugin. -->","yoast_head_json":{"title":"Educa\u00e7\u00e3o que avan\u00e7a: deputado Adriano Jos\u00e9 assina ordem de servi\u00e7o para reforma de col\u00e9gio em S\u00e3o Carlos do Iva\u00ed - Deputado Adriano Jos\u00e9","robots":{"index":"index","follow":"follow","max-snippet":"max-snippet:-1","max-image-preview":"max-image-preview:large","max-video-preview":"max-video-preview:-1"},"canonical":"https:\/\/soldadoadrianojose.com.br\/index.php\/2026\/01\/12\/educacao-que-avanca-deputado-adriano-jose-participa-da-assinatura-da-ordem-de-servico-para-reforma-de-colegio-em-sao-carlos-do-ivai\/","og_locale":"pt_BR","og_type":"article","og_title":"Educa\u00e7\u00e3o que avan\u00e7a: deputado Adriano Jos\u00e9 assina ordem de servi\u00e7o para reforma de col\u00e9gio em S\u00e3o Carlos do Iva\u00ed - Deputado Adriano Jos\u00e9","og_description":"O munic\u00edpio de S\u00e3o Carlos do Iva\u00ed deu um passo importante para o fortalecimento da educa\u00e7\u00e3o p\u00fablica com a assinatura da ordem de servi\u00e7o que autoriza o in\u00edcio das obras de reforma do Col\u00e9gio Estadual S\u00e3o Carlos do Iva\u00ed. O investimento \u00e9 de R$ 1.834.066,81, viabilizado pelo Governo do Estado do Paran\u00e1, por meio da [&hellip;]","og_url":"https:\/\/soldadoadrianojose.com.br\/index.php\/2026\/01\/12\/educacao-que-avanca-deputado-adriano-jose-participa-da-assinatura-da-ordem-de-servico-para-reforma-de-colegio-em-sao-carlos-do-ivai\/","og_site_name":"Deputado Adriano Jos\u00e9","article_published_time":"2026-01-12T14:31:22+00:00","article_modified_time":"2026-01-12T14:57:21+00:00","og_image":[{"width":1280,"height":960,"url":"https:\/\/soldadoadrianojose.com.br\/wp-content\/uploads\/2026\/01\/WhatsApp-Image-2026-01-12-at-11.27.28.jpeg","type":"image\/jpeg"}],"author":"Emanuellig admin2","twitter_card":"summary_large_image","twitter_misc":{"Escrito por":"Emanuellig admin2","Est. tempo de leitura":"3 minutos"},"schema":{"@context":"https:\/\/schema.org","@graph":[{"@type":"Article","@id":"https:\/\/soldadoadrianojose.com.br\/index.php\/2026\/01\/12\/educacao-que-avanca-deputado-adriano-jose-participa-da-assinatura-da-ordem-de-servico-para-reforma-de-colegio-em-sao-carlos-do-ivai\/#article","isPartOf":{"@id":"https:\/\/soldadoadrianojose.com.br\/index.php\/2026\/01\/12\/educacao-que-avanca-deputado-adriano-jose-participa-da-assinatura-da-ordem-de-servico-para-reforma-de-colegio-em-sao-carlos-do-ivai\/"},"author":{"name":"Emanuellig admin2","@id":"https:\/\/soldadoadrianojose.com.br\/#\/schema\/person\/cd48425bd7edd36fa5917c88fbe1cec5"},"headline":"Educa\u00e7\u00e3o que avan\u00e7a: deputado Adriano Jos\u00e9 assina ordem de servi\u00e7o para reforma de col\u00e9gio em S\u00e3o Carlos do Iva\u00ed","datePublished":"2026-01-12T14:31:22+00:00","dateModified":"2026-01-12T14:57:21+00:00","mainEntityOfPage":{"@id":"https:\/\/soldadoadrianojose.com.br\/index.php\/2026\/01\/12\/educacao-que-avanca-deputado-adriano-jose-participa-da-assinatura-da-ordem-de-servico-para-reforma-de-colegio-em-sao-carlos-do-ivai\/"},"wordCount":291,"commentCount":0,"publisher":{"@id":"https:\/\/soldadoadrianojose.com.br\/#\/schema\/person\/16f8e8defb7a4bd6c6082efcd1bdb6bb"},"image":{"@id":"https:\/\/soldadoadrianojose.com.br\/index.php\/2026\/01\/12\/educacao-que-avanca-deputado-adriano-jose-participa-da-assinatura-da-ordem-de-servico-para-reforma-de-colegio-em-sao-carlos-do-ivai\/#primaryimage"},"thumbnailUrl":"https:\/\/soldadoadrianojose.com.br\/wp-content\/uploads\/2026\/01\/WhatsApp-Image-2026-01-12-at-11.27.28.jpeg","articleSection":["GABINETE SD"],"inLanguage":"pt-BR","potentialAction":[{"@type":"CommentAction","name":"Comment","target":["https:\/\/soldadoadrianojose.com.br\/index.php\/2026\/01\/12\/educacao-que-avanca-deputado-adriano-jose-participa-da-assinatura-da-ordem-de-servico-para-reforma-de-colegio-em-sao-carlos-do-ivai\/#respond"]}]},{"@type":"WebPage","@id":"https:\/\/soldadoadrianojose.com.br\/index.php\/2026\/01\/12\/educacao-que-avanca-deputado-adriano-jose-participa-da-assinatura-da-ordem-de-servico-para-reforma-de-colegio-em-sao-carlos-do-ivai\/","url":"https:\/\/soldadoadrianojose.com.br\/index.php\/2026\/01\/12\/educacao-que-avanca-deputado-adriano-jose-participa-da-assinatura-da-ordem-de-servico-para-reforma-de-colegio-em-sao-carlos-do-ivai\/","name":"Educa\u00e7\u00e3o que avan\u00e7a: deputado Adriano Jos\u00e9 assina ordem de servi\u00e7o para reforma de col\u00e9gio em S\u00e3o Carlos do Iva\u00ed - Deputado Adriano Jos\u00e9","isPartOf":{"@id":"https:\/\/soldadoadrianojose.com.br\/#website"},"primaryImageOfPage":{"@id":"https:\/\/soldadoadrianojose.com.br\/index.php\/2026\/01\/12\/educacao-que-avanca-deputado-adriano-jose-participa-da-assinatura-da-ordem-de-servico-para-reforma-de-colegio-em-sao-carlos-do-ivai\/#primaryimage"},"image":{"@id":"https:\/\/soldadoadrianojose.com.br\/index.php\/2026\/01\/12\/educacao-que-avanca-deputado-adriano-jose-participa-da-assinatura-da-ordem-de-servico-para-reforma-de-colegio-em-sao-carlos-do-ivai\/#primaryimage"},"thumbnailUrl":"https:\/\/soldadoadrianojose.com.br\/wp-content\/uploads\/2026\/01\/WhatsApp-Image-2026-01-12-at-11.27.28.jpeg","datePublished":"2026-01-12T14:31:22+00:00","dateModified":"2026-01-12T14:57:21+00:00","breadcrumb":{"@id":"https:\/\/soldadoadrianojose.com.br\/index.php\/2026\/01\/12\/educacao-que-avanca-deputado-adriano-jose-participa-da-assinatura-da-ordem-de-servico-para-reforma-de-colegio-em-sao-carlos-do-ivai\/#breadcrumb"},"inLanguage":"pt-BR","potentialAction":[{"@type":"ReadAction","target":["https:\/\/soldadoadrianojose.com.br\/index.php\/2026\/01\/12\/educacao-que-avanca-deputado-adriano-jose-participa-da-assinatura-da-ordem-de-servico-para-reforma-de-colegio-em-sao-carlos-do-ivai\/"]}]},{"@type":"ImageObject","inLanguage":"pt-BR","@id":"https:\/\/soldadoadrianojose.com.br\/index.php\/2026\/01\/12\/educacao-que-avanca-deputado-adriano-jose-participa-da-assinatura-da-ordem-de-servico-para-reforma-de-colegio-em-sao-carlos-do-ivai\/#primaryimage","url":"https:\/\/soldadoadrianojose.com.br\/wp-content\/uploads\/2026\/01\/WhatsApp-Image-2026-01-12-at-11.27.28.jpeg","contentUrl":"https:\/\/soldadoadrianojose.com.br\/wp-content\/uploads\/2026\/01\/WhatsApp-Image-2026-01-12-at-11.27.28.jpeg","width":1280,"height":960},{"@type":"BreadcrumbList","@id":"https:\/\/soldadoadrianojose.com.br\/index.php\/2026\/01\/12\/educacao-que-avanca-deputado-adriano-jose-participa-da-assinatura-da-ordem-de-servico-para-reforma-de-colegio-em-sao-carlos-do-ivai\/#breadcrumb","itemListElement":[{"@type":"ListItem","position":1,"name":"In\u00edcio","item":"https:\/\/soldadoadrianojose.com.br\/"},{"@type":"ListItem","position":2,"name":"Educa\u00e7\u00e3o que avan\u00e7a: deputado Adriano Jos\u00e9 assina ordem de servi\u00e7o para reforma de col\u00e9gio em S\u00e3o Carlos do Iva\u00ed"}]},{"@type":"WebSite","@id":"https:\/\/soldadoadrianojose.com.br\/#website","url":"https:\/\/soldadoadrianojose.com.br\/","name":"Deputado Adriano Jos\u00e9","description":"Nosso trabalho \u00e9 pelas pessoas","publisher":{"@id":"https:\/\/soldadoadrianojose.com.br\/#\/schema\/person\/16f8e8defb7a4bd6c6082efcd1bdb6bb"},"potentialAction":[{"@type":"SearchAction","target":{"@type":"EntryPoint","urlTemplate":"https:\/\/soldadoadrianojose.com.br\/?s={search_term_string}"},"query-input":{"@type":"PropertyValueSpecification","valueRequired":true,"valueName":"search_term_string"}}],"inLanguage":"pt-BR"},{"@type":["Person","Organization"],"@id":"https:\/\/soldadoadrianojose.com.br\/#\/schema\/person\/16f8e8defb7a4bd6c6082efcd1bdb6bb","name":"soldadoadrianojose","image":{"@type":"ImageObject","inLanguage":"pt-BR","@id":"https:\/\/soldadoadrianojose.com.br\/wp-content\/uploads\/2023\/02\/LOGO_CLEAR-5.png","url":"https:\/\/soldadoadrianojose.com.br\/wp-content\/uploads\/2023\/02\/LOGO_CLEAR-5.png","contentUrl":"https:\/\/soldadoadrianojose.com.br\/wp-content\/uploads\/2023\/02\/LOGO_CLEAR-5.png","width":3508,"height":998,"caption":"soldadoadrianojose"},"logo":{"@id":"https:\/\/soldadoadrianojose.com.br\/wp-content\/uploads\/2023\/02\/LOGO_CLEAR-5.png"},"sameAs":["https:\/\/soldadoadrianojose.com.br"]},{"@type":"Person","@id":"https:\/\/soldadoadrianojose.com.br\/#\/schema\/person\/cd48425bd7edd36fa5917c88fbe1cec5","name":"Emanuellig admin2","image":{"@type":"ImageObject","inLanguage":"pt-BR","@id":"https:\/\/soldadoadrianojose.com.br\/wp-content\/litespeed\/avatar\/235a59a115f40132a17fc909e61bc31d.jpg?ver=1777092356","url":"https:\/\/soldadoadrianojose.com.br\/wp-content\/litespeed\/avatar\/235a59a115f40132a17fc909e61bc31d.jpg?ver=1777092356","contentUrl":"https:\/\/soldadoadrianojose.com.br\/wp-content\/litespeed\/avatar\/235a59a115f40132a17fc909e61bc31d.jpg?ver=1777092356","caption":"Emanuellig admin2"},"url":"https:\/\/soldadoadrianojose.com.br\/index.php\/author\/manu\/"}]}},"jetpack_featured_media_url":"https:\/\/soldadoadrianojose.com.br\/wp-content\/uploads\/2026\/01\/WhatsApp-Image-2026-01-12-at-11.27.28.jpeg","_links":{"self":[{"href":"https:\/\/soldadoadrianojose.com.br\/index.php\/wp-json\/wp\/v2\/posts\/3678","targetHints":{"allow":["GET"]}}],"collection":[{"href":"https:\/\/soldadoadrianojose.com.br\/index.php\/wp-json\/wp\/v2\/posts"}],"about":[{"href":"https:\/\/soldadoadrianojose.com.br\/index.php\/wp-json\/wp\/v2\/types\/post"}],"author":[{"embeddable":true,"href":"https:\/\/soldadoadrianojose.com.br\/index.php\/wp-json\/wp\/v2\/users\/3"}],"replies":[{"embeddable":true,"href":"https:\/\/soldadoadrianojose.com.br\/index.php\/wp-json\/wp\/v2\/comments?post=3678"}],"version-history":[{"count":6,"href":"https:\/\/soldadoadrianojose.com.br\/index.php\/wp-json\/wp\/v2\/posts\/3678\/revisions"}],"predecessor-version":[{"id":3690,"href":"https:\/\/soldadoadrianojose.com.br\/index.php\/wp-json\/wp\/v2\/posts\/3678\/revisions\/3690"}],"wp:featuredmedia":[{"embeddable":true,"href":"https:\/\/soldadoadrianojose.com.br\/index.php\/wp-json\/wp\/v2\/media\/3680"}],"wp:attachment":[{"href":"https:\/\/soldadoadrianojose.com.br\/index.php\/wp-json\/wp\/v2\/media?parent=3678"}],"wp:term":[{"taxonomy":"category","embeddable":true,"href":"https:\/\/soldadoadrianojose.com.br\/index.php\/wp-json\/wp\/v2\/categories?post=3678"},{"taxonomy":"post_tag","embeddable":true,"href":"https:\/\/soldadoadrianojose.com.br\/index.php\/wp-json\/wp\/v2\/tags?post=3678"}],"curies":[{"name":"wp","href":"https:\/\/api.w.org\/{rel}","templated":true}]}}