{"id":3708,"date":"2026-01-19T11:09:17","date_gmt":"2026-01-19T14:09:17","guid":{"rendered":"https:\/\/soldadoadrianojose.com.br\/?p=3708"},"modified":"2026-01-19T11:09:17","modified_gmt":"2026-01-19T14:09:17","slug":"colegio-civico-militar-modelo-que-cresce-no-parana-ganha-forca-e-consolida-legado-de-adriano-jose-na-educacao","status":"publish","type":"post","link":"https:\/\/soldadoadrianojose.com.br\/index.php\/2026\/01\/19\/colegio-civico-militar-modelo-que-cresce-no-parana-ganha-forca-e-consolida-legado-de-adriano-jose-na-educacao\/","title":{"rendered":"Col\u00e9gio C\u00edvico-Militar: Modelo que cresce no Paran\u00e1 ganha for\u00e7a e consolida legado de Adriano Jos\u00e9 na educa\u00e7\u00e3o"},"content":{"rendered":"<p>O Paran\u00e1 inicia o ano letivo de 2026 fortalecendo sua posi\u00e7\u00e3o de lideran\u00e7a nacional na educa\u00e7\u00e3o c\u00edvico-militar. Com a entrada de mais 33 col\u00e9gios estaduais no Programa Col\u00e9gios C\u00edvico-Militares (CCM), o Estado passa a contar com 345 institui\u00e7\u00f5es integradas ao modelo, resultado de uma pol\u00edtica educacional que une organiza\u00e7\u00e3o, disciplina e participa\u00e7\u00e3o da comunidade escolar.<\/p>\n<p>Padrinho dos col\u00e9gios c\u00edvico-militares no Paran\u00e1, o deputado estadual Adriano Jos\u00e9 tem atua\u00e7\u00e3o direta na consolida\u00e7\u00e3o e expans\u00e3o do programa. A amplia\u00e7\u00e3o ocorreu ap\u00f3s consultas p\u00fablicas realizadas em novembro de 2025 em 50 escolas da rede estadual, com aprova\u00e7\u00e3o de quase 60% das comunidades escolares envolvidas, demonstrando forte ades\u00e3o ao modelo.<\/p>\n<p>As novas unidades est\u00e3o distribu\u00eddas por diversas regi\u00f5es do Estado, incluindo munic\u00edpios como Curitiba, Paranagu\u00e1, Pontal do Paran\u00e1, Maring\u00e1, Cascavel, Toledo, Guarapuava e Apucarana, ampliando o alcance do programa e garantindo mais oportunidades educacionais.<\/p>\n<p>Para assegurar uma transi\u00e7\u00e3o eficiente, as equipes pedag\u00f3gicas passaram por prepara\u00e7\u00e3o antecipada, com alinhamento das diretrizes do CCM e capacita\u00e7\u00e3o dos gestores escolares. Tamb\u00e9m foi realizada a contrata\u00e7\u00e3o de Militares Estaduais Inativos Volunt\u00e1rios (MEIV), que atuar\u00e3o no apoio \u00e0 rotina e organiza\u00e7\u00e3o das escolas, sem interfer\u00eancia no conte\u00fado pedag\u00f3gico, que segue sob responsabilidade dos professores.<\/p>\n<p>A Secretaria de Estado da Educa\u00e7\u00e3o promoveu forma\u00e7\u00f5es espec\u00edficas para os novos integrantes do programa, abordando fundamentos pedag\u00f3gicos, inclus\u00e3o, preven\u00e7\u00e3o de conflitos e seguran\u00e7a escolar. Nos dias 19 e 20 de janeiro, os MEIV participam de ambienta\u00e7\u00e3o presencial em col\u00e9gios j\u00e1 integrados ao CCM, acompanhados pelos N\u00facleos Regionais de Educa\u00e7\u00e3o.<\/p>\n<p>Implantado em 2021 pelo Governo do Estado, o Programa Col\u00e9gios C\u00edvico-Militares \u00e9 coordenado pela Seed-PR e se consolidou como uma das principais pol\u00edticas educacionais do Paran\u00e1. Para o deputado Adriano Jos\u00e9, a expans\u00e3o reafirma o compromisso com uma educa\u00e7\u00e3o p\u00fablica mais organizada, segura e com participa\u00e7\u00e3o ativa da comunidade.<\/p>\n","protected":false},"excerpt":{"rendered":"<p>O Paran\u00e1 inicia o ano letivo de 2026 fortalecendo sua posi\u00e7\u00e3o de lideran\u00e7a nacional na educa\u00e7\u00e3o c\u00edvico-militar. Com a entrada de mais 33 col\u00e9gios estaduais no Programa Col\u00e9gios C\u00edvico-Militares (CCM), o Estado passa a contar com 345 institui\u00e7\u00f5es integradas ao modelo, resultado de uma pol\u00edtica educacional que une organiza\u00e7\u00e3o, disciplina e participa\u00e7\u00e3o da comunidade escolar. [&hellip;]<\/p>\n","protected":false},"author":3,"featured_media":3709,"comment_status":"open","ping_status":"open","sticky":false,"template":"","format":"standard","meta":{"footnotes":""},"categories":[1],"tags":[],"class_list":["post-3708","post","type-post","status-publish","format-standard","has-post-thumbnail","hentry","category-gabinete-sd"],"yoast_head":"<!-- This site is optimized with the Yoast SEO plugin v27.4 - https:\/\/yoast.com\/product\/yoast-seo-wordpress\/ -->\n<title>Col\u00e9gio C\u00edvico-Militar: Modelo que cresce no Paran\u00e1 ganha for\u00e7a e consolida legado de Adriano Jos\u00e9 na educa\u00e7\u00e3o - Deputado Adriano Jos\u00e9<\/title>\n<meta name=\"robots\" content=\"index, follow, max-snippet:-1, max-image-preview:large, max-video-preview:-1\" \/>\n<link rel=\"canonical\" href=\"https:\/\/soldadoadrianojose.com.br\/index.php\/2026\/01\/19\/colegio-civico-militar-modelo-que-cresce-no-parana-ganha-forca-e-consolida-legado-de-adriano-jose-na-educacao\/\" \/>\n<meta property=\"og:locale\" content=\"pt_BR\" \/>\n<meta property=\"og:type\" content=\"article\" \/>\n<meta property=\"og:title\" content=\"Col\u00e9gio C\u00edvico-Militar: Modelo que cresce no Paran\u00e1 ganha for\u00e7a e consolida legado de Adriano Jos\u00e9 na educa\u00e7\u00e3o - Deputado Adriano Jos\u00e9\" \/>\n<meta property=\"og:description\" content=\"O Paran\u00e1 inicia o ano letivo de 2026 fortalecendo sua posi\u00e7\u00e3o de lideran\u00e7a nacional na educa\u00e7\u00e3o c\u00edvico-militar. Com a entrada de mais 33 col\u00e9gios estaduais no Programa Col\u00e9gios C\u00edvico-Militares (CCM), o Estado passa a contar com 345 institui\u00e7\u00f5es integradas ao modelo, resultado de uma pol\u00edtica educacional que une organiza\u00e7\u00e3o, disciplina e participa\u00e7\u00e3o da comunidade escolar. [&hellip;]\" \/>\n<meta property=\"og:url\" content=\"https:\/\/soldadoadrianojose.com.br\/index.php\/2026\/01\/19\/colegio-civico-militar-modelo-que-cresce-no-parana-ganha-forca-e-consolida-legado-de-adriano-jose-na-educacao\/\" \/>\n<meta property=\"og:site_name\" content=\"Deputado Adriano Jos\u00e9\" \/>\n<meta property=\"article:published_time\" content=\"2026-01-19T14:09:17+00:00\" \/>\n<meta property=\"og:image\" content=\"https:\/\/soldadoadrianojose.com.br\/wp-content\/uploads\/2026\/01\/WhatsApp-Image-2026-01-19-at-11.07.07.jpeg\" \/>\n\t<meta property=\"og:image:width\" content=\"1035\" \/>\n\t<meta property=\"og:image:height\" content=\"685\" \/>\n\t<meta property=\"og:image:type\" content=\"image\/jpeg\" \/>\n<meta name=\"author\" content=\"Emanuellig admin2\" \/>\n<meta name=\"twitter:card\" content=\"summary_large_image\" \/>\n<meta name=\"twitter:label1\" content=\"Escrito por\" \/>\n\t<meta name=\"twitter:data1\" content=\"Emanuellig admin2\" \/>\n\t<meta name=\"twitter:label2\" content=\"Est. tempo de leitura\" \/>\n\t<meta name=\"twitter:data2\" content=\"2 minutos\" \/>\n<script type=\"application\/ld+json\" class=\"yoast-schema-graph\">{\"@context\":\"https:\\\/\\\/schema.org\",\"@graph\":[{\"@type\":\"Article\",\"@id\":\"https:\\\/\\\/soldadoadrianojose.com.br\\\/index.php\\\/2026\\\/01\\\/19\\\/colegio-civico-militar-modelo-que-cresce-no-parana-ganha-forca-e-consolida-legado-de-adriano-jose-na-educacao\\\/#article\",\"isPartOf\":{\"@id\":\"https:\\\/\\\/soldadoadrianojose.com.br\\\/index.php\\\/2026\\\/01\\\/19\\\/colegio-civico-militar-modelo-que-cresce-no-parana-ganha-forca-e-consolida-legado-de-adriano-jose-na-educacao\\\/\"},\"author\":{\"name\":\"Emanuellig admin2\",\"@id\":\"https:\\\/\\\/soldadoadrianojose.com.br\\\/#\\\/schema\\\/person\\\/cd48425bd7edd36fa5917c88fbe1cec5\"},\"headline\":\"Col\u00e9gio C\u00edvico-Militar: Modelo que cresce no Paran\u00e1 ganha for\u00e7a e consolida legado de Adriano Jos\u00e9 na educa\u00e7\u00e3o\",\"datePublished\":\"2026-01-19T14:09:17+00:00\",\"mainEntityOfPage\":{\"@id\":\"https:\\\/\\\/soldadoadrianojose.com.br\\\/index.php\\\/2026\\\/01\\\/19\\\/colegio-civico-militar-modelo-que-cresce-no-parana-ganha-forca-e-consolida-legado-de-adriano-jose-na-educacao\\\/\"},\"wordCount\":359,\"commentCount\":0,\"publisher\":{\"@id\":\"https:\\\/\\\/soldadoadrianojose.com.br\\\/#\\\/schema\\\/person\\\/16f8e8defb7a4bd6c6082efcd1bdb6bb\"},\"image\":{\"@id\":\"https:\\\/\\\/soldadoadrianojose.com.br\\\/index.php\\\/2026\\\/01\\\/19\\\/colegio-civico-militar-modelo-que-cresce-no-parana-ganha-forca-e-consolida-legado-de-adriano-jose-na-educacao\\\/#primaryimage\"},\"thumbnailUrl\":\"https:\\\/\\\/soldadoadrianojose.com.br\\\/wp-content\\\/uploads\\\/2026\\\/01\\\/WhatsApp-Image-2026-01-19-at-11.07.07.jpeg\",\"articleSection\":[\"GABINETE SD\"],\"inLanguage\":\"pt-BR\",\"potentialAction\":[{\"@type\":\"CommentAction\",\"name\":\"Comment\",\"target\":[\"https:\\\/\\\/soldadoadrianojose.com.br\\\/index.php\\\/2026\\\/01\\\/19\\\/colegio-civico-militar-modelo-que-cresce-no-parana-ganha-forca-e-consolida-legado-de-adriano-jose-na-educacao\\\/#respond\"]}]},{\"@type\":\"WebPage\",\"@id\":\"https:\\\/\\\/soldadoadrianojose.com.br\\\/index.php\\\/2026\\\/01\\\/19\\\/colegio-civico-militar-modelo-que-cresce-no-parana-ganha-forca-e-consolida-legado-de-adriano-jose-na-educacao\\\/\",\"url\":\"https:\\\/\\\/soldadoadrianojose.com.br\\\/index.php\\\/2026\\\/01\\\/19\\\/colegio-civico-militar-modelo-que-cresce-no-parana-ganha-forca-e-consolida-legado-de-adriano-jose-na-educacao\\\/\",\"name\":\"Col\u00e9gio C\u00edvico-Militar: Modelo que cresce no Paran\u00e1 ganha for\u00e7a e consolida legado de Adriano Jos\u00e9 na educa\u00e7\u00e3o - Deputado Adriano Jos\u00e9\",\"isPartOf\":{\"@id\":\"https:\\\/\\\/soldadoadrianojose.com.br\\\/#website\"},\"primaryImageOfPage\":{\"@id\":\"https:\\\/\\\/soldadoadrianojose.com.br\\\/index.php\\\/2026\\\/01\\\/19\\\/colegio-civico-militar-modelo-que-cresce-no-parana-ganha-forca-e-consolida-legado-de-adriano-jose-na-educacao\\\/#primaryimage\"},\"image\":{\"@id\":\"https:\\\/\\\/soldadoadrianojose.com.br\\\/index.php\\\/2026\\\/01\\\/19\\\/colegio-civico-militar-modelo-que-cresce-no-parana-ganha-forca-e-consolida-legado-de-adriano-jose-na-educacao\\\/#primaryimage\"},\"thumbnailUrl\":\"https:\\\/\\\/soldadoadrianojose.com.br\\\/wp-content\\\/uploads\\\/2026\\\/01\\\/WhatsApp-Image-2026-01-19-at-11.07.07.jpeg\",\"datePublished\":\"2026-01-19T14:09:17+00:00\",\"breadcrumb\":{\"@id\":\"https:\\\/\\\/soldadoadrianojose.com.br\\\/index.php\\\/2026\\\/01\\\/19\\\/colegio-civico-militar-modelo-que-cresce-no-parana-ganha-forca-e-consolida-legado-de-adriano-jose-na-educacao\\\/#breadcrumb\"},\"inLanguage\":\"pt-BR\",\"potentialAction\":[{\"@type\":\"ReadAction\",\"target\":[\"https:\\\/\\\/soldadoadrianojose.com.br\\\/index.php\\\/2026\\\/01\\\/19\\\/colegio-civico-militar-modelo-que-cresce-no-parana-ganha-forca-e-consolida-legado-de-adriano-jose-na-educacao\\\/\"]}]},{\"@type\":\"ImageObject\",\"inLanguage\":\"pt-BR\",\"@id\":\"https:\\\/\\\/soldadoadrianojose.com.br\\\/index.php\\\/2026\\\/01\\\/19\\\/colegio-civico-militar-modelo-que-cresce-no-parana-ganha-forca-e-consolida-legado-de-adriano-jose-na-educacao\\\/#primaryimage\",\"url\":\"https:\\\/\\\/soldadoadrianojose.com.br\\\/wp-content\\\/uploads\\\/2026\\\/01\\\/WhatsApp-Image-2026-01-19-at-11.07.07.jpeg\",\"contentUrl\":\"https:\\\/\\\/soldadoadrianojose.com.br\\\/wp-content\\\/uploads\\\/2026\\\/01\\\/WhatsApp-Image-2026-01-19-at-11.07.07.jpeg\",\"width\":1035,\"height\":685},{\"@type\":\"BreadcrumbList\",\"@id\":\"https:\\\/\\\/soldadoadrianojose.com.br\\\/index.php\\\/2026\\\/01\\\/19\\\/colegio-civico-militar-modelo-que-cresce-no-parana-ganha-forca-e-consolida-legado-de-adriano-jose-na-educacao\\\/#breadcrumb\",\"itemListElement\":[{\"@type\":\"ListItem\",\"position\":1,\"name\":\"In\u00edcio\",\"item\":\"https:\\\/\\\/soldadoadrianojose.com.br\\\/\"},{\"@type\":\"ListItem\",\"position\":2,\"name\":\"Col\u00e9gio C\u00edvico-Militar: Modelo que cresce no Paran\u00e1 ganha for\u00e7a e consolida legado de Adriano Jos\u00e9 na educa\u00e7\u00e3o\"}]},{\"@type\":\"WebSite\",\"@id\":\"https:\\\/\\\/soldadoadrianojose.com.br\\\/#website\",\"url\":\"https:\\\/\\\/soldadoadrianojose.com.br\\\/\",\"name\":\"Deputado Adriano Jos\u00e9\",\"description\":\"Nosso trabalho \u00e9 pelas pessoas\",\"publisher\":{\"@id\":\"https:\\\/\\\/soldadoadrianojose.com.br\\\/#\\\/schema\\\/person\\\/16f8e8defb7a4bd6c6082efcd1bdb6bb\"},\"potentialAction\":[{\"@type\":\"SearchAction\",\"target\":{\"@type\":\"EntryPoint\",\"urlTemplate\":\"https:\\\/\\\/soldadoadrianojose.com.br\\\/?s={search_term_string}\"},\"query-input\":{\"@type\":\"PropertyValueSpecification\",\"valueRequired\":true,\"valueName\":\"search_term_string\"}}],\"inLanguage\":\"pt-BR\"},{\"@type\":[\"Person\",\"Organization\"],\"@id\":\"https:\\\/\\\/soldadoadrianojose.com.br\\\/#\\\/schema\\\/person\\\/16f8e8defb7a4bd6c6082efcd1bdb6bb\",\"name\":\"soldadoadrianojose\",\"image\":{\"@type\":\"ImageObject\",\"inLanguage\":\"pt-BR\",\"@id\":\"https:\\\/\\\/soldadoadrianojose.com.br\\\/wp-content\\\/uploads\\\/2023\\\/02\\\/LOGO_CLEAR-5.png\",\"url\":\"https:\\\/\\\/soldadoadrianojose.com.br\\\/wp-content\\\/uploads\\\/2023\\\/02\\\/LOGO_CLEAR-5.png\",\"contentUrl\":\"https:\\\/\\\/soldadoadrianojose.com.br\\\/wp-content\\\/uploads\\\/2023\\\/02\\\/LOGO_CLEAR-5.png\",\"width\":3508,\"height\":998,\"caption\":\"soldadoadrianojose\"},\"logo\":{\"@id\":\"https:\\\/\\\/soldadoadrianojose.com.br\\\/wp-content\\\/uploads\\\/2023\\\/02\\\/LOGO_CLEAR-5.png\"},\"sameAs\":[\"https:\\\/\\\/soldadoadrianojose.com.br\"]},{\"@type\":\"Person\",\"@id\":\"https:\\\/\\\/soldadoadrianojose.com.br\\\/#\\\/schema\\\/person\\\/cd48425bd7edd36fa5917c88fbe1cec5\",\"name\":\"Emanuellig admin2\",\"image\":{\"@type\":\"ImageObject\",\"inLanguage\":\"pt-BR\",\"@id\":\"https:\\\/\\\/soldadoadrianojose.com.br\\\/wp-content\\\/litespeed\\\/avatar\\\/235a59a115f40132a17fc909e61bc31d.jpg?ver=1777092356\",\"url\":\"https:\\\/\\\/soldadoadrianojose.com.br\\\/wp-content\\\/litespeed\\\/avatar\\\/235a59a115f40132a17fc909e61bc31d.jpg?ver=1777092356\",\"contentUrl\":\"https:\\\/\\\/soldadoadrianojose.com.br\\\/wp-content\\\/litespeed\\\/avatar\\\/235a59a115f40132a17fc909e61bc31d.jpg?ver=1777092356\",\"caption\":\"Emanuellig admin2\"},\"url\":\"https:\\\/\\\/soldadoadrianojose.com.br\\\/index.php\\\/author\\\/manu\\\/\"}]}<\/script>\n<!-- \/ Yoast SEO plugin. -->","yoast_head_json":{"title":"Col\u00e9gio C\u00edvico-Militar: Modelo que cresce no Paran\u00e1 ganha for\u00e7a e consolida legado de Adriano Jos\u00e9 na educa\u00e7\u00e3o - Deputado Adriano Jos\u00e9","robots":{"index":"index","follow":"follow","max-snippet":"max-snippet:-1","max-image-preview":"max-image-preview:large","max-video-preview":"max-video-preview:-1"},"canonical":"https:\/\/soldadoadrianojose.com.br\/index.php\/2026\/01\/19\/colegio-civico-militar-modelo-que-cresce-no-parana-ganha-forca-e-consolida-legado-de-adriano-jose-na-educacao\/","og_locale":"pt_BR","og_type":"article","og_title":"Col\u00e9gio C\u00edvico-Militar: Modelo que cresce no Paran\u00e1 ganha for\u00e7a e consolida legado de Adriano Jos\u00e9 na educa\u00e7\u00e3o - Deputado Adriano Jos\u00e9","og_description":"O Paran\u00e1 inicia o ano letivo de 2026 fortalecendo sua posi\u00e7\u00e3o de lideran\u00e7a nacional na educa\u00e7\u00e3o c\u00edvico-militar. Com a entrada de mais 33 col\u00e9gios estaduais no Programa Col\u00e9gios C\u00edvico-Militares (CCM), o Estado passa a contar com 345 institui\u00e7\u00f5es integradas ao modelo, resultado de uma pol\u00edtica educacional que une organiza\u00e7\u00e3o, disciplina e participa\u00e7\u00e3o da comunidade escolar. [&hellip;]","og_url":"https:\/\/soldadoadrianojose.com.br\/index.php\/2026\/01\/19\/colegio-civico-militar-modelo-que-cresce-no-parana-ganha-forca-e-consolida-legado-de-adriano-jose-na-educacao\/","og_site_name":"Deputado Adriano Jos\u00e9","article_published_time":"2026-01-19T14:09:17+00:00","og_image":[{"width":1035,"height":685,"url":"https:\/\/soldadoadrianojose.com.br\/wp-content\/uploads\/2026\/01\/WhatsApp-Image-2026-01-19-at-11.07.07.jpeg","type":"image\/jpeg"}],"author":"Emanuellig admin2","twitter_card":"summary_large_image","twitter_misc":{"Escrito por":"Emanuellig admin2","Est. tempo de leitura":"2 minutos"},"schema":{"@context":"https:\/\/schema.org","@graph":[{"@type":"Article","@id":"https:\/\/soldadoadrianojose.com.br\/index.php\/2026\/01\/19\/colegio-civico-militar-modelo-que-cresce-no-parana-ganha-forca-e-consolida-legado-de-adriano-jose-na-educacao\/#article","isPartOf":{"@id":"https:\/\/soldadoadrianojose.com.br\/index.php\/2026\/01\/19\/colegio-civico-militar-modelo-que-cresce-no-parana-ganha-forca-e-consolida-legado-de-adriano-jose-na-educacao\/"},"author":{"name":"Emanuellig admin2","@id":"https:\/\/soldadoadrianojose.com.br\/#\/schema\/person\/cd48425bd7edd36fa5917c88fbe1cec5"},"headline":"Col\u00e9gio C\u00edvico-Militar: Modelo que cresce no Paran\u00e1 ganha for\u00e7a e consolida legado de Adriano Jos\u00e9 na educa\u00e7\u00e3o","datePublished":"2026-01-19T14:09:17+00:00","mainEntityOfPage":{"@id":"https:\/\/soldadoadrianojose.com.br\/index.php\/2026\/01\/19\/colegio-civico-militar-modelo-que-cresce-no-parana-ganha-forca-e-consolida-legado-de-adriano-jose-na-educacao\/"},"wordCount":359,"commentCount":0,"publisher":{"@id":"https:\/\/soldadoadrianojose.com.br\/#\/schema\/person\/16f8e8defb7a4bd6c6082efcd1bdb6bb"},"image":{"@id":"https:\/\/soldadoadrianojose.com.br\/index.php\/2026\/01\/19\/colegio-civico-militar-modelo-que-cresce-no-parana-ganha-forca-e-consolida-legado-de-adriano-jose-na-educacao\/#primaryimage"},"thumbnailUrl":"https:\/\/soldadoadrianojose.com.br\/wp-content\/uploads\/2026\/01\/WhatsApp-Image-2026-01-19-at-11.07.07.jpeg","articleSection":["GABINETE SD"],"inLanguage":"pt-BR","potentialAction":[{"@type":"CommentAction","name":"Comment","target":["https:\/\/soldadoadrianojose.com.br\/index.php\/2026\/01\/19\/colegio-civico-militar-modelo-que-cresce-no-parana-ganha-forca-e-consolida-legado-de-adriano-jose-na-educacao\/#respond"]}]},{"@type":"WebPage","@id":"https:\/\/soldadoadrianojose.com.br\/index.php\/2026\/01\/19\/colegio-civico-militar-modelo-que-cresce-no-parana-ganha-forca-e-consolida-legado-de-adriano-jose-na-educacao\/","url":"https:\/\/soldadoadrianojose.com.br\/index.php\/2026\/01\/19\/colegio-civico-militar-modelo-que-cresce-no-parana-ganha-forca-e-consolida-legado-de-adriano-jose-na-educacao\/","name":"Col\u00e9gio C\u00edvico-Militar: Modelo que cresce no Paran\u00e1 ganha for\u00e7a e consolida legado de Adriano Jos\u00e9 na educa\u00e7\u00e3o - Deputado Adriano Jos\u00e9","isPartOf":{"@id":"https:\/\/soldadoadrianojose.com.br\/#website"},"primaryImageOfPage":{"@id":"https:\/\/soldadoadrianojose.com.br\/index.php\/2026\/01\/19\/colegio-civico-militar-modelo-que-cresce-no-parana-ganha-forca-e-consolida-legado-de-adriano-jose-na-educacao\/#primaryimage"},"image":{"@id":"https:\/\/soldadoadrianojose.com.br\/index.php\/2026\/01\/19\/colegio-civico-militar-modelo-que-cresce-no-parana-ganha-forca-e-consolida-legado-de-adriano-jose-na-educacao\/#primaryimage"},"thumbnailUrl":"https:\/\/soldadoadrianojose.com.br\/wp-content\/uploads\/2026\/01\/WhatsApp-Image-2026-01-19-at-11.07.07.jpeg","datePublished":"2026-01-19T14:09:17+00:00","breadcrumb":{"@id":"https:\/\/soldadoadrianojose.com.br\/index.php\/2026\/01\/19\/colegio-civico-militar-modelo-que-cresce-no-parana-ganha-forca-e-consolida-legado-de-adriano-jose-na-educacao\/#breadcrumb"},"inLanguage":"pt-BR","potentialAction":[{"@type":"ReadAction","target":["https:\/\/soldadoadrianojose.com.br\/index.php\/2026\/01\/19\/colegio-civico-militar-modelo-que-cresce-no-parana-ganha-forca-e-consolida-legado-de-adriano-jose-na-educacao\/"]}]},{"@type":"ImageObject","inLanguage":"pt-BR","@id":"https:\/\/soldadoadrianojose.com.br\/index.php\/2026\/01\/19\/colegio-civico-militar-modelo-que-cresce-no-parana-ganha-forca-e-consolida-legado-de-adriano-jose-na-educacao\/#primaryimage","url":"https:\/\/soldadoadrianojose.com.br\/wp-content\/uploads\/2026\/01\/WhatsApp-Image-2026-01-19-at-11.07.07.jpeg","contentUrl":"https:\/\/soldadoadrianojose.com.br\/wp-content\/uploads\/2026\/01\/WhatsApp-Image-2026-01-19-at-11.07.07.jpeg","width":1035,"height":685},{"@type":"BreadcrumbList","@id":"https:\/\/soldadoadrianojose.com.br\/index.php\/2026\/01\/19\/colegio-civico-militar-modelo-que-cresce-no-parana-ganha-forca-e-consolida-legado-de-adriano-jose-na-educacao\/#breadcrumb","itemListElement":[{"@type":"ListItem","position":1,"name":"In\u00edcio","item":"https:\/\/soldadoadrianojose.com.br\/"},{"@type":"ListItem","position":2,"name":"Col\u00e9gio C\u00edvico-Militar: Modelo que cresce no Paran\u00e1 ganha for\u00e7a e consolida legado de Adriano Jos\u00e9 na educa\u00e7\u00e3o"}]},{"@type":"WebSite","@id":"https:\/\/soldadoadrianojose.com.br\/#website","url":"https:\/\/soldadoadrianojose.com.br\/","name":"Deputado Adriano Jos\u00e9","description":"Nosso trabalho \u00e9 pelas pessoas","publisher":{"@id":"https:\/\/soldadoadrianojose.com.br\/#\/schema\/person\/16f8e8defb7a4bd6c6082efcd1bdb6bb"},"potentialAction":[{"@type":"SearchAction","target":{"@type":"EntryPoint","urlTemplate":"https:\/\/soldadoadrianojose.com.br\/?s={search_term_string}"},"query-input":{"@type":"PropertyValueSpecification","valueRequired":true,"valueName":"search_term_string"}}],"inLanguage":"pt-BR"},{"@type":["Person","Organization"],"@id":"https:\/\/soldadoadrianojose.com.br\/#\/schema\/person\/16f8e8defb7a4bd6c6082efcd1bdb6bb","name":"soldadoadrianojose","image":{"@type":"ImageObject","inLanguage":"pt-BR","@id":"https:\/\/soldadoadrianojose.com.br\/wp-content\/uploads\/2023\/02\/LOGO_CLEAR-5.png","url":"https:\/\/soldadoadrianojose.com.br\/wp-content\/uploads\/2023\/02\/LOGO_CLEAR-5.png","contentUrl":"https:\/\/soldadoadrianojose.com.br\/wp-content\/uploads\/2023\/02\/LOGO_CLEAR-5.png","width":3508,"height":998,"caption":"soldadoadrianojose"},"logo":{"@id":"https:\/\/soldadoadrianojose.com.br\/wp-content\/uploads\/2023\/02\/LOGO_CLEAR-5.png"},"sameAs":["https:\/\/soldadoadrianojose.com.br"]},{"@type":"Person","@id":"https:\/\/soldadoadrianojose.com.br\/#\/schema\/person\/cd48425bd7edd36fa5917c88fbe1cec5","name":"Emanuellig admin2","image":{"@type":"ImageObject","inLanguage":"pt-BR","@id":"https:\/\/soldadoadrianojose.com.br\/wp-content\/litespeed\/avatar\/235a59a115f40132a17fc909e61bc31d.jpg?ver=1777092356","url":"https:\/\/soldadoadrianojose.com.br\/wp-content\/litespeed\/avatar\/235a59a115f40132a17fc909e61bc31d.jpg?ver=1777092356","contentUrl":"https:\/\/soldadoadrianojose.com.br\/wp-content\/litespeed\/avatar\/235a59a115f40132a17fc909e61bc31d.jpg?ver=1777092356","caption":"Emanuellig admin2"},"url":"https:\/\/soldadoadrianojose.com.br\/index.php\/author\/manu\/"}]}},"jetpack_featured_media_url":"https:\/\/soldadoadrianojose.com.br\/wp-content\/uploads\/2026\/01\/WhatsApp-Image-2026-01-19-at-11.07.07.jpeg","_links":{"self":[{"href":"https:\/\/soldadoadrianojose.com.br\/index.php\/wp-json\/wp\/v2\/posts\/3708","targetHints":{"allow":["GET"]}}],"collection":[{"href":"https:\/\/soldadoadrianojose.com.br\/index.php\/wp-json\/wp\/v2\/posts"}],"about":[{"href":"https:\/\/soldadoadrianojose.com.br\/index.php\/wp-json\/wp\/v2\/types\/post"}],"author":[{"embeddable":true,"href":"https:\/\/soldadoadrianojose.com.br\/index.php\/wp-json\/wp\/v2\/users\/3"}],"replies":[{"embeddable":true,"href":"https:\/\/soldadoadrianojose.com.br\/index.php\/wp-json\/wp\/v2\/comments?post=3708"}],"version-history":[{"count":1,"href":"https:\/\/soldadoadrianojose.com.br\/index.php\/wp-json\/wp\/v2\/posts\/3708\/revisions"}],"predecessor-version":[{"id":3710,"href":"https:\/\/soldadoadrianojose.com.br\/index.php\/wp-json\/wp\/v2\/posts\/3708\/revisions\/3710"}],"wp:featuredmedia":[{"embeddable":true,"href":"https:\/\/soldadoadrianojose.com.br\/index.php\/wp-json\/wp\/v2\/media\/3709"}],"wp:attachment":[{"href":"https:\/\/soldadoadrianojose.com.br\/index.php\/wp-json\/wp\/v2\/media?parent=3708"}],"wp:term":[{"taxonomy":"category","embeddable":true,"href":"https:\/\/soldadoadrianojose.com.br\/index.php\/wp-json\/wp\/v2\/categories?post=3708"},{"taxonomy":"post_tag","embeddable":true,"href":"https:\/\/soldadoadrianojose.com.br\/index.php\/wp-json\/wp\/v2\/tags?post=3708"}],"curies":[{"name":"wp","href":"https:\/\/api.w.org\/{rel}","templated":true}]}}