{"id":3719,"date":"2026-01-20T15:36:16","date_gmt":"2026-01-20T18:36:16","guid":{"rendered":"https:\/\/soldadoadrianojose.com.br\/?p=3719"},"modified":"2026-01-20T15:36:16","modified_gmt":"2026-01-20T18:36:16","slug":"reafirmando-defesa-das-apaes-no-parana-adriano-jose-destaca-investimento-historico-de-r-56-milhoes","status":"publish","type":"post","link":"https:\/\/soldadoadrianojose.com.br\/index.php\/2026\/01\/20\/reafirmando-defesa-das-apaes-no-parana-adriano-jose-destaca-investimento-historico-de-r-56-milhoes\/","title":{"rendered":"Reafirmando defesa das APAEs no Paran\u00e1, Adriano Jos\u00e9 destaca investimento hist\u00f3rico de R$ 56 milh\u00f5es"},"content":{"rendered":"<p>O Paran\u00e1 avan\u00e7a na consolida\u00e7\u00e3o de uma pol\u00edtica s\u00f3lida de apoio \u00e0 educa\u00e7\u00e3o especial com um investimento de R$ 56 milh\u00f5es para a constru\u00e7\u00e3o de novas sedes de APAEs em 25 munic\u00edpios. As obras ampliam o atendimento especializado e garantem estruturas pr\u00f3prias, acess\u00edveis e adequadas para pessoas com defici\u00eancia, fortalecendo uma rede que j\u00e1 \u00e9 refer\u00eancia nacional.<\/p>\n<p>Duas unidades j\u00e1 est\u00e3o em funcionamento, em Nova Laranjeiras e Flor da Serra do Sul, enquanto Altamira do Paran\u00e1 e Douradina t\u00eam obras praticamente conclu\u00eddas e devem iniciar as atividades em breve. Outros munic\u00edpios seguem com obras em diferentes est\u00e1gios de execu\u00e7\u00e3o ou com projetos autorizados e em fase de licita\u00e7\u00e3o, alcan\u00e7ando todas as regi\u00f5es do Estado e beneficiando diretamente milhares de fam\u00edlias.<\/p>\n<p>Para o deputado estadual Adriano Jos\u00e9, a expans\u00e3o das APAEs representa mais do que obras f\u00edsicas: \u00e9 a garantia do direito de escolha e de um atendimento compat\u00edvel com as necessidades de cada estudante. \u201cDefender as APAEs \u00e9 defender a dignidade, o respeito \u00e0s diferen\u00e7as e a liberdade das fam\u00edlias decidirem o que \u00e9 melhor para seus filhos. Inclus\u00e3o de verdade se faz com estrutura, profissionais preparados e cuidado individualizado\u201d, afirmou.<\/p>\n<p>A atua\u00e7\u00e3o do parlamentar em defesa das APAEs tamb\u00e9m se d\u00e1 no campo institucional e jur\u00eddico, refor\u00e7ando a legitimidade das escolas especiais como parte essencial do modelo paranaense de inclus\u00e3o. \u201cAs APAEs cumprem um papel fundamental, especialmente onde a rede regular ainda n\u00e3o consegue oferecer suporte completo. Retirar ou enfraquecer esse modelo seria um retrocesso social\u201d, destacou Adriano Jos\u00e9.<\/p>\n<p>Com 350 APAEs em funcionamento e investimentos cont\u00ednuos que ultrapassam R$ 500 milh\u00f5es anuais, o Paran\u00e1 consolida uma pol\u00edtica p\u00fablica que alia inclus\u00e3o, responsabilidade e resultados concretos. \u201cSeguirei atuando para que o Estado continue sendo exemplo, garantindo espa\u00e7os pr\u00f3prios, acess\u00edveis e preparados para quem mais precisa\u201d, concluiu o deputado<\/p>\n","protected":false},"excerpt":{"rendered":"<p>O Paran\u00e1 avan\u00e7a na consolida\u00e7\u00e3o de uma pol\u00edtica s\u00f3lida de apoio \u00e0 educa\u00e7\u00e3o especial com um investimento de R$ 56 milh\u00f5es para a constru\u00e7\u00e3o de novas sedes de APAEs em 25 munic\u00edpios. As obras ampliam o atendimento especializado e garantem estruturas pr\u00f3prias, acess\u00edveis e adequadas para pessoas com defici\u00eancia, fortalecendo uma rede que j\u00e1 \u00e9 [&hellip;]<\/p>\n","protected":false},"author":3,"featured_media":3720,"comment_status":"open","ping_status":"open","sticky":false,"template":"","format":"standard","meta":{"footnotes":""},"categories":[1],"tags":[],"class_list":["post-3719","post","type-post","status-publish","format-standard","has-post-thumbnail","hentry","category-gabinete-sd"],"yoast_head":"<!-- This site is optimized with the Yoast SEO plugin v27.4 - https:\/\/yoast.com\/product\/yoast-seo-wordpress\/ -->\n<title>Reafirmando defesa das APAEs no Paran\u00e1, Adriano Jos\u00e9 destaca investimento hist\u00f3rico de R$ 56 milh\u00f5es - Deputado Adriano Jos\u00e9<\/title>\n<meta name=\"robots\" content=\"index, follow, max-snippet:-1, max-image-preview:large, max-video-preview:-1\" \/>\n<link rel=\"canonical\" href=\"https:\/\/soldadoadrianojose.com.br\/index.php\/2026\/01\/20\/reafirmando-defesa-das-apaes-no-parana-adriano-jose-destaca-investimento-historico-de-r-56-milhoes\/\" \/>\n<meta property=\"og:locale\" content=\"pt_BR\" \/>\n<meta property=\"og:type\" content=\"article\" \/>\n<meta property=\"og:title\" content=\"Reafirmando defesa das APAEs no Paran\u00e1, Adriano Jos\u00e9 destaca investimento hist\u00f3rico de R$ 56 milh\u00f5es - Deputado Adriano Jos\u00e9\" \/>\n<meta property=\"og:description\" content=\"O Paran\u00e1 avan\u00e7a na consolida\u00e7\u00e3o de uma pol\u00edtica s\u00f3lida de apoio \u00e0 educa\u00e7\u00e3o especial com um investimento de R$ 56 milh\u00f5es para a constru\u00e7\u00e3o de novas sedes de APAEs em 25 munic\u00edpios. As obras ampliam o atendimento especializado e garantem estruturas pr\u00f3prias, acess\u00edveis e adequadas para pessoas com defici\u00eancia, fortalecendo uma rede que j\u00e1 \u00e9 [&hellip;]\" \/>\n<meta property=\"og:url\" content=\"https:\/\/soldadoadrianojose.com.br\/index.php\/2026\/01\/20\/reafirmando-defesa-das-apaes-no-parana-adriano-jose-destaca-investimento-historico-de-r-56-milhoes\/\" \/>\n<meta property=\"og:site_name\" content=\"Deputado Adriano Jos\u00e9\" \/>\n<meta property=\"article:published_time\" content=\"2026-01-20T18:36:16+00:00\" \/>\n<meta property=\"og:image\" content=\"https:\/\/soldadoadrianojose.com.br\/wp-content\/uploads\/2026\/01\/apae_pien_foto_rdziura-41-scaled.jpg\" \/>\n\t<meta property=\"og:image:width\" content=\"2560\" \/>\n\t<meta property=\"og:image:height\" content=\"1707\" \/>\n\t<meta property=\"og:image:type\" content=\"image\/jpeg\" \/>\n<meta name=\"author\" content=\"Emanuellig admin2\" \/>\n<meta name=\"twitter:card\" content=\"summary_large_image\" \/>\n<meta name=\"twitter:label1\" content=\"Escrito por\" \/>\n\t<meta name=\"twitter:data1\" content=\"Emanuellig admin2\" \/>\n\t<meta name=\"twitter:label2\" content=\"Est. tempo de leitura\" \/>\n\t<meta name=\"twitter:data2\" content=\"2 minutos\" \/>\n<script type=\"application\/ld+json\" class=\"yoast-schema-graph\">{\"@context\":\"https:\\\/\\\/schema.org\",\"@graph\":[{\"@type\":\"Article\",\"@id\":\"https:\\\/\\\/soldadoadrianojose.com.br\\\/index.php\\\/2026\\\/01\\\/20\\\/reafirmando-defesa-das-apaes-no-parana-adriano-jose-destaca-investimento-historico-de-r-56-milhoes\\\/#article\",\"isPartOf\":{\"@id\":\"https:\\\/\\\/soldadoadrianojose.com.br\\\/index.php\\\/2026\\\/01\\\/20\\\/reafirmando-defesa-das-apaes-no-parana-adriano-jose-destaca-investimento-historico-de-r-56-milhoes\\\/\"},\"author\":{\"name\":\"Emanuellig admin2\",\"@id\":\"https:\\\/\\\/soldadoadrianojose.com.br\\\/#\\\/schema\\\/person\\\/cd48425bd7edd36fa5917c88fbe1cec5\"},\"headline\":\"Reafirmando defesa das APAEs no Paran\u00e1, Adriano Jos\u00e9 destaca investimento hist\u00f3rico de R$ 56 milh\u00f5es\",\"datePublished\":\"2026-01-20T18:36:16+00:00\",\"mainEntityOfPage\":{\"@id\":\"https:\\\/\\\/soldadoadrianojose.com.br\\\/index.php\\\/2026\\\/01\\\/20\\\/reafirmando-defesa-das-apaes-no-parana-adriano-jose-destaca-investimento-historico-de-r-56-milhoes\\\/\"},\"wordCount\":348,\"commentCount\":0,\"publisher\":{\"@id\":\"https:\\\/\\\/soldadoadrianojose.com.br\\\/#\\\/schema\\\/person\\\/16f8e8defb7a4bd6c6082efcd1bdb6bb\"},\"image\":{\"@id\":\"https:\\\/\\\/soldadoadrianojose.com.br\\\/index.php\\\/2026\\\/01\\\/20\\\/reafirmando-defesa-das-apaes-no-parana-adriano-jose-destaca-investimento-historico-de-r-56-milhoes\\\/#primaryimage\"},\"thumbnailUrl\":\"https:\\\/\\\/soldadoadrianojose.com.br\\\/wp-content\\\/uploads\\\/2026\\\/01\\\/apae_pien_foto_rdziura-41-scaled.jpg\",\"articleSection\":[\"GABINETE SD\"],\"inLanguage\":\"pt-BR\",\"potentialAction\":[{\"@type\":\"CommentAction\",\"name\":\"Comment\",\"target\":[\"https:\\\/\\\/soldadoadrianojose.com.br\\\/index.php\\\/2026\\\/01\\\/20\\\/reafirmando-defesa-das-apaes-no-parana-adriano-jose-destaca-investimento-historico-de-r-56-milhoes\\\/#respond\"]}]},{\"@type\":\"WebPage\",\"@id\":\"https:\\\/\\\/soldadoadrianojose.com.br\\\/index.php\\\/2026\\\/01\\\/20\\\/reafirmando-defesa-das-apaes-no-parana-adriano-jose-destaca-investimento-historico-de-r-56-milhoes\\\/\",\"url\":\"https:\\\/\\\/soldadoadrianojose.com.br\\\/index.php\\\/2026\\\/01\\\/20\\\/reafirmando-defesa-das-apaes-no-parana-adriano-jose-destaca-investimento-historico-de-r-56-milhoes\\\/\",\"name\":\"Reafirmando defesa das APAEs no Paran\u00e1, Adriano Jos\u00e9 destaca investimento hist\u00f3rico de R$ 56 milh\u00f5es - Deputado Adriano Jos\u00e9\",\"isPartOf\":{\"@id\":\"https:\\\/\\\/soldadoadrianojose.com.br\\\/#website\"},\"primaryImageOfPage\":{\"@id\":\"https:\\\/\\\/soldadoadrianojose.com.br\\\/index.php\\\/2026\\\/01\\\/20\\\/reafirmando-defesa-das-apaes-no-parana-adriano-jose-destaca-investimento-historico-de-r-56-milhoes\\\/#primaryimage\"},\"image\":{\"@id\":\"https:\\\/\\\/soldadoadrianojose.com.br\\\/index.php\\\/2026\\\/01\\\/20\\\/reafirmando-defesa-das-apaes-no-parana-adriano-jose-destaca-investimento-historico-de-r-56-milhoes\\\/#primaryimage\"},\"thumbnailUrl\":\"https:\\\/\\\/soldadoadrianojose.com.br\\\/wp-content\\\/uploads\\\/2026\\\/01\\\/apae_pien_foto_rdziura-41-scaled.jpg\",\"datePublished\":\"2026-01-20T18:36:16+00:00\",\"breadcrumb\":{\"@id\":\"https:\\\/\\\/soldadoadrianojose.com.br\\\/index.php\\\/2026\\\/01\\\/20\\\/reafirmando-defesa-das-apaes-no-parana-adriano-jose-destaca-investimento-historico-de-r-56-milhoes\\\/#breadcrumb\"},\"inLanguage\":\"pt-BR\",\"potentialAction\":[{\"@type\":\"ReadAction\",\"target\":[\"https:\\\/\\\/soldadoadrianojose.com.br\\\/index.php\\\/2026\\\/01\\\/20\\\/reafirmando-defesa-das-apaes-no-parana-adriano-jose-destaca-investimento-historico-de-r-56-milhoes\\\/\"]}]},{\"@type\":\"ImageObject\",\"inLanguage\":\"pt-BR\",\"@id\":\"https:\\\/\\\/soldadoadrianojose.com.br\\\/index.php\\\/2026\\\/01\\\/20\\\/reafirmando-defesa-das-apaes-no-parana-adriano-jose-destaca-investimento-historico-de-r-56-milhoes\\\/#primaryimage\",\"url\":\"https:\\\/\\\/soldadoadrianojose.com.br\\\/wp-content\\\/uploads\\\/2026\\\/01\\\/apae_pien_foto_rdziura-41-scaled.jpg\",\"contentUrl\":\"https:\\\/\\\/soldadoadrianojose.com.br\\\/wp-content\\\/uploads\\\/2026\\\/01\\\/apae_pien_foto_rdziura-41-scaled.jpg\",\"width\":2560,\"height\":1707,\"caption\":\"Foto: AEN\"},{\"@type\":\"BreadcrumbList\",\"@id\":\"https:\\\/\\\/soldadoadrianojose.com.br\\\/index.php\\\/2026\\\/01\\\/20\\\/reafirmando-defesa-das-apaes-no-parana-adriano-jose-destaca-investimento-historico-de-r-56-milhoes\\\/#breadcrumb\",\"itemListElement\":[{\"@type\":\"ListItem\",\"position\":1,\"name\":\"In\u00edcio\",\"item\":\"https:\\\/\\\/soldadoadrianojose.com.br\\\/\"},{\"@type\":\"ListItem\",\"position\":2,\"name\":\"Reafirmando defesa das APAEs no Paran\u00e1, Adriano Jos\u00e9 destaca investimento hist\u00f3rico de R$ 56 milh\u00f5es\"}]},{\"@type\":\"WebSite\",\"@id\":\"https:\\\/\\\/soldadoadrianojose.com.br\\\/#website\",\"url\":\"https:\\\/\\\/soldadoadrianojose.com.br\\\/\",\"name\":\"Deputado Adriano Jos\u00e9\",\"description\":\"Nosso trabalho \u00e9 pelas pessoas\",\"publisher\":{\"@id\":\"https:\\\/\\\/soldadoadrianojose.com.br\\\/#\\\/schema\\\/person\\\/16f8e8defb7a4bd6c6082efcd1bdb6bb\"},\"potentialAction\":[{\"@type\":\"SearchAction\",\"target\":{\"@type\":\"EntryPoint\",\"urlTemplate\":\"https:\\\/\\\/soldadoadrianojose.com.br\\\/?s={search_term_string}\"},\"query-input\":{\"@type\":\"PropertyValueSpecification\",\"valueRequired\":true,\"valueName\":\"search_term_string\"}}],\"inLanguage\":\"pt-BR\"},{\"@type\":[\"Person\",\"Organization\"],\"@id\":\"https:\\\/\\\/soldadoadrianojose.com.br\\\/#\\\/schema\\\/person\\\/16f8e8defb7a4bd6c6082efcd1bdb6bb\",\"name\":\"soldadoadrianojose\",\"image\":{\"@type\":\"ImageObject\",\"inLanguage\":\"pt-BR\",\"@id\":\"https:\\\/\\\/soldadoadrianojose.com.br\\\/wp-content\\\/uploads\\\/2023\\\/02\\\/LOGO_CLEAR-5.png\",\"url\":\"https:\\\/\\\/soldadoadrianojose.com.br\\\/wp-content\\\/uploads\\\/2023\\\/02\\\/LOGO_CLEAR-5.png\",\"contentUrl\":\"https:\\\/\\\/soldadoadrianojose.com.br\\\/wp-content\\\/uploads\\\/2023\\\/02\\\/LOGO_CLEAR-5.png\",\"width\":3508,\"height\":998,\"caption\":\"soldadoadrianojose\"},\"logo\":{\"@id\":\"https:\\\/\\\/soldadoadrianojose.com.br\\\/wp-content\\\/uploads\\\/2023\\\/02\\\/LOGO_CLEAR-5.png\"},\"sameAs\":[\"https:\\\/\\\/soldadoadrianojose.com.br\"]},{\"@type\":\"Person\",\"@id\":\"https:\\\/\\\/soldadoadrianojose.com.br\\\/#\\\/schema\\\/person\\\/cd48425bd7edd36fa5917c88fbe1cec5\",\"name\":\"Emanuellig admin2\",\"image\":{\"@type\":\"ImageObject\",\"inLanguage\":\"pt-BR\",\"@id\":\"https:\\\/\\\/soldadoadrianojose.com.br\\\/wp-content\\\/litespeed\\\/avatar\\\/235a59a115f40132a17fc909e61bc31d.jpg?ver=1777092356\",\"url\":\"https:\\\/\\\/soldadoadrianojose.com.br\\\/wp-content\\\/litespeed\\\/avatar\\\/235a59a115f40132a17fc909e61bc31d.jpg?ver=1777092356\",\"contentUrl\":\"https:\\\/\\\/soldadoadrianojose.com.br\\\/wp-content\\\/litespeed\\\/avatar\\\/235a59a115f40132a17fc909e61bc31d.jpg?ver=1777092356\",\"caption\":\"Emanuellig admin2\"},\"url\":\"https:\\\/\\\/soldadoadrianojose.com.br\\\/index.php\\\/author\\\/manu\\\/\"}]}<\/script>\n<!-- \/ Yoast SEO plugin. -->","yoast_head_json":{"title":"Reafirmando defesa das APAEs no Paran\u00e1, Adriano Jos\u00e9 destaca investimento hist\u00f3rico de R$ 56 milh\u00f5es - Deputado Adriano Jos\u00e9","robots":{"index":"index","follow":"follow","max-snippet":"max-snippet:-1","max-image-preview":"max-image-preview:large","max-video-preview":"max-video-preview:-1"},"canonical":"https:\/\/soldadoadrianojose.com.br\/index.php\/2026\/01\/20\/reafirmando-defesa-das-apaes-no-parana-adriano-jose-destaca-investimento-historico-de-r-56-milhoes\/","og_locale":"pt_BR","og_type":"article","og_title":"Reafirmando defesa das APAEs no Paran\u00e1, Adriano Jos\u00e9 destaca investimento hist\u00f3rico de R$ 56 milh\u00f5es - Deputado Adriano Jos\u00e9","og_description":"O Paran\u00e1 avan\u00e7a na consolida\u00e7\u00e3o de uma pol\u00edtica s\u00f3lida de apoio \u00e0 educa\u00e7\u00e3o especial com um investimento de R$ 56 milh\u00f5es para a constru\u00e7\u00e3o de novas sedes de APAEs em 25 munic\u00edpios. As obras ampliam o atendimento especializado e garantem estruturas pr\u00f3prias, acess\u00edveis e adequadas para pessoas com defici\u00eancia, fortalecendo uma rede que j\u00e1 \u00e9 [&hellip;]","og_url":"https:\/\/soldadoadrianojose.com.br\/index.php\/2026\/01\/20\/reafirmando-defesa-das-apaes-no-parana-adriano-jose-destaca-investimento-historico-de-r-56-milhoes\/","og_site_name":"Deputado Adriano Jos\u00e9","article_published_time":"2026-01-20T18:36:16+00:00","og_image":[{"width":2560,"height":1707,"url":"https:\/\/soldadoadrianojose.com.br\/wp-content\/uploads\/2026\/01\/apae_pien_foto_rdziura-41-scaled.jpg","type":"image\/jpeg"}],"author":"Emanuellig admin2","twitter_card":"summary_large_image","twitter_misc":{"Escrito por":"Emanuellig admin2","Est. tempo de leitura":"2 minutos"},"schema":{"@context":"https:\/\/schema.org","@graph":[{"@type":"Article","@id":"https:\/\/soldadoadrianojose.com.br\/index.php\/2026\/01\/20\/reafirmando-defesa-das-apaes-no-parana-adriano-jose-destaca-investimento-historico-de-r-56-milhoes\/#article","isPartOf":{"@id":"https:\/\/soldadoadrianojose.com.br\/index.php\/2026\/01\/20\/reafirmando-defesa-das-apaes-no-parana-adriano-jose-destaca-investimento-historico-de-r-56-milhoes\/"},"author":{"name":"Emanuellig admin2","@id":"https:\/\/soldadoadrianojose.com.br\/#\/schema\/person\/cd48425bd7edd36fa5917c88fbe1cec5"},"headline":"Reafirmando defesa das APAEs no Paran\u00e1, Adriano Jos\u00e9 destaca investimento hist\u00f3rico de R$ 56 milh\u00f5es","datePublished":"2026-01-20T18:36:16+00:00","mainEntityOfPage":{"@id":"https:\/\/soldadoadrianojose.com.br\/index.php\/2026\/01\/20\/reafirmando-defesa-das-apaes-no-parana-adriano-jose-destaca-investimento-historico-de-r-56-milhoes\/"},"wordCount":348,"commentCount":0,"publisher":{"@id":"https:\/\/soldadoadrianojose.com.br\/#\/schema\/person\/16f8e8defb7a4bd6c6082efcd1bdb6bb"},"image":{"@id":"https:\/\/soldadoadrianojose.com.br\/index.php\/2026\/01\/20\/reafirmando-defesa-das-apaes-no-parana-adriano-jose-destaca-investimento-historico-de-r-56-milhoes\/#primaryimage"},"thumbnailUrl":"https:\/\/soldadoadrianojose.com.br\/wp-content\/uploads\/2026\/01\/apae_pien_foto_rdziura-41-scaled.jpg","articleSection":["GABINETE SD"],"inLanguage":"pt-BR","potentialAction":[{"@type":"CommentAction","name":"Comment","target":["https:\/\/soldadoadrianojose.com.br\/index.php\/2026\/01\/20\/reafirmando-defesa-das-apaes-no-parana-adriano-jose-destaca-investimento-historico-de-r-56-milhoes\/#respond"]}]},{"@type":"WebPage","@id":"https:\/\/soldadoadrianojose.com.br\/index.php\/2026\/01\/20\/reafirmando-defesa-das-apaes-no-parana-adriano-jose-destaca-investimento-historico-de-r-56-milhoes\/","url":"https:\/\/soldadoadrianojose.com.br\/index.php\/2026\/01\/20\/reafirmando-defesa-das-apaes-no-parana-adriano-jose-destaca-investimento-historico-de-r-56-milhoes\/","name":"Reafirmando defesa das APAEs no Paran\u00e1, Adriano Jos\u00e9 destaca investimento hist\u00f3rico de R$ 56 milh\u00f5es - Deputado Adriano Jos\u00e9","isPartOf":{"@id":"https:\/\/soldadoadrianojose.com.br\/#website"},"primaryImageOfPage":{"@id":"https:\/\/soldadoadrianojose.com.br\/index.php\/2026\/01\/20\/reafirmando-defesa-das-apaes-no-parana-adriano-jose-destaca-investimento-historico-de-r-56-milhoes\/#primaryimage"},"image":{"@id":"https:\/\/soldadoadrianojose.com.br\/index.php\/2026\/01\/20\/reafirmando-defesa-das-apaes-no-parana-adriano-jose-destaca-investimento-historico-de-r-56-milhoes\/#primaryimage"},"thumbnailUrl":"https:\/\/soldadoadrianojose.com.br\/wp-content\/uploads\/2026\/01\/apae_pien_foto_rdziura-41-scaled.jpg","datePublished":"2026-01-20T18:36:16+00:00","breadcrumb":{"@id":"https:\/\/soldadoadrianojose.com.br\/index.php\/2026\/01\/20\/reafirmando-defesa-das-apaes-no-parana-adriano-jose-destaca-investimento-historico-de-r-56-milhoes\/#breadcrumb"},"inLanguage":"pt-BR","potentialAction":[{"@type":"ReadAction","target":["https:\/\/soldadoadrianojose.com.br\/index.php\/2026\/01\/20\/reafirmando-defesa-das-apaes-no-parana-adriano-jose-destaca-investimento-historico-de-r-56-milhoes\/"]}]},{"@type":"ImageObject","inLanguage":"pt-BR","@id":"https:\/\/soldadoadrianojose.com.br\/index.php\/2026\/01\/20\/reafirmando-defesa-das-apaes-no-parana-adriano-jose-destaca-investimento-historico-de-r-56-milhoes\/#primaryimage","url":"https:\/\/soldadoadrianojose.com.br\/wp-content\/uploads\/2026\/01\/apae_pien_foto_rdziura-41-scaled.jpg","contentUrl":"https:\/\/soldadoadrianojose.com.br\/wp-content\/uploads\/2026\/01\/apae_pien_foto_rdziura-41-scaled.jpg","width":2560,"height":1707,"caption":"Foto: AEN"},{"@type":"BreadcrumbList","@id":"https:\/\/soldadoadrianojose.com.br\/index.php\/2026\/01\/20\/reafirmando-defesa-das-apaes-no-parana-adriano-jose-destaca-investimento-historico-de-r-56-milhoes\/#breadcrumb","itemListElement":[{"@type":"ListItem","position":1,"name":"In\u00edcio","item":"https:\/\/soldadoadrianojose.com.br\/"},{"@type":"ListItem","position":2,"name":"Reafirmando defesa das APAEs no Paran\u00e1, Adriano Jos\u00e9 destaca investimento hist\u00f3rico de R$ 56 milh\u00f5es"}]},{"@type":"WebSite","@id":"https:\/\/soldadoadrianojose.com.br\/#website","url":"https:\/\/soldadoadrianojose.com.br\/","name":"Deputado Adriano Jos\u00e9","description":"Nosso trabalho \u00e9 pelas pessoas","publisher":{"@id":"https:\/\/soldadoadrianojose.com.br\/#\/schema\/person\/16f8e8defb7a4bd6c6082efcd1bdb6bb"},"potentialAction":[{"@type":"SearchAction","target":{"@type":"EntryPoint","urlTemplate":"https:\/\/soldadoadrianojose.com.br\/?s={search_term_string}"},"query-input":{"@type":"PropertyValueSpecification","valueRequired":true,"valueName":"search_term_string"}}],"inLanguage":"pt-BR"},{"@type":["Person","Organization"],"@id":"https:\/\/soldadoadrianojose.com.br\/#\/schema\/person\/16f8e8defb7a4bd6c6082efcd1bdb6bb","name":"soldadoadrianojose","image":{"@type":"ImageObject","inLanguage":"pt-BR","@id":"https:\/\/soldadoadrianojose.com.br\/wp-content\/uploads\/2023\/02\/LOGO_CLEAR-5.png","url":"https:\/\/soldadoadrianojose.com.br\/wp-content\/uploads\/2023\/02\/LOGO_CLEAR-5.png","contentUrl":"https:\/\/soldadoadrianojose.com.br\/wp-content\/uploads\/2023\/02\/LOGO_CLEAR-5.png","width":3508,"height":998,"caption":"soldadoadrianojose"},"logo":{"@id":"https:\/\/soldadoadrianojose.com.br\/wp-content\/uploads\/2023\/02\/LOGO_CLEAR-5.png"},"sameAs":["https:\/\/soldadoadrianojose.com.br"]},{"@type":"Person","@id":"https:\/\/soldadoadrianojose.com.br\/#\/schema\/person\/cd48425bd7edd36fa5917c88fbe1cec5","name":"Emanuellig admin2","image":{"@type":"ImageObject","inLanguage":"pt-BR","@id":"https:\/\/soldadoadrianojose.com.br\/wp-content\/litespeed\/avatar\/235a59a115f40132a17fc909e61bc31d.jpg?ver=1777092356","url":"https:\/\/soldadoadrianojose.com.br\/wp-content\/litespeed\/avatar\/235a59a115f40132a17fc909e61bc31d.jpg?ver=1777092356","contentUrl":"https:\/\/soldadoadrianojose.com.br\/wp-content\/litespeed\/avatar\/235a59a115f40132a17fc909e61bc31d.jpg?ver=1777092356","caption":"Emanuellig admin2"},"url":"https:\/\/soldadoadrianojose.com.br\/index.php\/author\/manu\/"}]}},"jetpack_featured_media_url":"https:\/\/soldadoadrianojose.com.br\/wp-content\/uploads\/2026\/01\/apae_pien_foto_rdziura-41-scaled.jpg","_links":{"self":[{"href":"https:\/\/soldadoadrianojose.com.br\/index.php\/wp-json\/wp\/v2\/posts\/3719","targetHints":{"allow":["GET"]}}],"collection":[{"href":"https:\/\/soldadoadrianojose.com.br\/index.php\/wp-json\/wp\/v2\/posts"}],"about":[{"href":"https:\/\/soldadoadrianojose.com.br\/index.php\/wp-json\/wp\/v2\/types\/post"}],"author":[{"embeddable":true,"href":"https:\/\/soldadoadrianojose.com.br\/index.php\/wp-json\/wp\/v2\/users\/3"}],"replies":[{"embeddable":true,"href":"https:\/\/soldadoadrianojose.com.br\/index.php\/wp-json\/wp\/v2\/comments?post=3719"}],"version-history":[{"count":1,"href":"https:\/\/soldadoadrianojose.com.br\/index.php\/wp-json\/wp\/v2\/posts\/3719\/revisions"}],"predecessor-version":[{"id":3723,"href":"https:\/\/soldadoadrianojose.com.br\/index.php\/wp-json\/wp\/v2\/posts\/3719\/revisions\/3723"}],"wp:featuredmedia":[{"embeddable":true,"href":"https:\/\/soldadoadrianojose.com.br\/index.php\/wp-json\/wp\/v2\/media\/3720"}],"wp:attachment":[{"href":"https:\/\/soldadoadrianojose.com.br\/index.php\/wp-json\/wp\/v2\/media?parent=3719"}],"wp:term":[{"taxonomy":"category","embeddable":true,"href":"https:\/\/soldadoadrianojose.com.br\/index.php\/wp-json\/wp\/v2\/categories?post=3719"},{"taxonomy":"post_tag","embeddable":true,"href":"https:\/\/soldadoadrianojose.com.br\/index.php\/wp-json\/wp\/v2\/tags?post=3719"}],"curies":[{"name":"wp","href":"https:\/\/api.w.org\/{rel}","templated":true}]}}